{"id":325283,"date":"2024-05-28T11:22:10","date_gmt":"2024-05-28T10:22:10","guid":{"rendered":"https:\/\/www.itakaescolapios.org\/?p=44788"},"modified":"2025-03-07T18:28:21","modified_gmt":"2025-03-07T17:28:21","slug":"english-sending-primary-school-children-class-vi-and-cm2-from-coscabic-bafia-on-holiday","status":"publish","type":"post","link":"https:\/\/www.itakaescolapios.org\/eu\/2024\/05\/english-sending-primary-school-children-class-vi-and-cm2-from-coscabic-bafia-on-holiday\/","title":{"rendered":"Comienzo de vacaciones de los ni\u00f1os de primaria (Clase VI y CM2) de COSCABIC Bafia"},"content":{"rendered":"<p>Hoy, 30 de mayo de 2024, marca la fecha de salida de vacaciones de los ni\u00f1os de primaria de COSCABIC Bafia. El programa incluy\u00f3 una oraci\u00f3n de apertura, la interpretaci\u00f3n del himno nacional, unas palabras del director, la entrada de la clase graduada (Clase VI y CM2), discursos de los alumnos, el peri\u00f3dico, cuentos, canciones, bailes, la entrega de certificados a los graduados, la oraci\u00f3n final, la entrega de togas y un peque\u00f1o compartir con los ni\u00f1os. A la ceremonia asistieron tambi\u00e9n los padres de los ni\u00f1os, con los que pasamos un rato muy agradable. Ahora se van tres meses de vacaciones.<\/p>\n<p>&nbsp;<!--more--><\/p>\n","protected":false},"excerpt":{"rendered":"<p>Hoy, 30 de mayo de 2024, marca la fecha de salida de vacaciones de los ni\u00f1os de primaria de COSCABIC Bafia. El programa incluy\u00f3 una oraci\u00f3n de apertura, la interpretaci\u00f3n [&hellip;]<\/p>\n","protected":false},"author":15,"featured_media":325850,"comment_status":"closed","ping_status":"closed","sticky":false,"template":"","format":"standard","meta":{"_et_pb_use_builder":"","_et_pb_old_content":"","_et_gb_content_width":"","footnotes":""},"categories":[53,10],"tags":[],"class_list":["post-325283","post","type-post","status-publish","format-standard","has-post-thumbnail","hentry","category-africa-central","category-camerun"],"yoast_head":"<!-- This site is optimized with the Yoast SEO plugin v27.4 - https:\/\/yoast.com\/product\/yoast-seo-wordpress\/ -->\n<title>Comienzo de vacaciones de los ni\u00f1os de primaria (Clase VI y CM2) de COSCABIC Bafia<\/title>\n<meta name=\"description\" content=\"Hoy, 30 de mayo de 2024, marca la fecha de salida de vacaciones de los ni\u00f1os de primaria de COSCABIC Bafia. El programa incluy\u00f3 una oraci\u00f3n de apertura, la interpretaci\u00f3n del himno nacional, unas palabras del director, la entrada de la clase graduada (Clase VI y CM2), discursos de los alumnos, el peri\u00f3dico, cuentos, canciones,&hellip;\" \/>\n<meta name=\"robots\" content=\"index, follow, max-snippet:-1, max-image-preview:large, max-video-preview:-1\" \/>\n<link rel=\"canonical\" href=\"http:\/\/Hoy,%2030%20de%20mayo%20de%202024,%20marca%20la%20fecha%20de%20salida%20de%20vacaciones%20de%20los%20ni\u00f1os%20de%20primaria%20de%20COSCABIC%20Bafia.%20El%20programa%20incluy\u00f3%20una%20oraci\u00f3n%20de%20apertura,%20la%20interpretaci\u00f3n%20del%20himno%20nacional,%20unas%20palabras%20del%20director,%20la%20entrada%20de%20la%20clase%20graduada%20(Clase%20VI%20y%20CM2),%20discursos%20de%20los%20alumnos,%20el%20peri\u00f3dico,%20cuentos,%20canciones,&hellip;\" \/>\n<meta property=\"og:locale\" content=\"en_US\" \/>\n<meta property=\"og:type\" content=\"article\" \/>\n<meta property=\"og:title\" content=\"Comienzo de vacaciones de los ni\u00f1os de primaria (Clase VI y CM2) de COSCABIC Bafia\" \/>\n<meta property=\"og:description\" content=\"Hoy, 30 de mayo de 2024, marca la fecha de salida de vacaciones de los ni\u00f1os de primaria de COSCABIC Bafia. El programa incluy\u00f3 una oraci\u00f3n de apertura, la interpretaci\u00f3n del himno nacional, unas palabras del director, la entrada de la clase graduada (Clase VI y CM2), discursos de los alumnos, el peri\u00f3dico, cuentos, canciones,&hellip;\" \/>\n<meta property=\"og:url\" content=\"https:\/\/www.itakaescolapios.org\/eu\/2024\/05\/english-sending-primary-school-children-class-vi-and-cm2-from-coscabic-bafia-on-holiday\/\" \/>\n<meta property=\"og:site_name\" content=\"Itaka-Escolapios\" \/>\n<meta property=\"article:published_time\" content=\"2024-05-28T10:22:10+00:00\" \/>\n<meta property=\"article:modified_time\" content=\"2025-03-07T17:28:21+00:00\" \/>\n<meta property=\"og:image\" content=\"https:\/\/www.itakaescolapios.org\/wp-content\/uploads\/2024\/05\/WhatsApp-Image-2024-05-30-at-10.42.24-2-1.jpeg\" \/>\n\t<meta property=\"og:image:width\" content=\"1020\" \/>\n\t<meta property=\"og:image:height\" content=\"574\" \/>\n\t<meta property=\"og:image:type\" content=\"image\/jpeg\" \/>\n<meta name=\"author\" content=\"cameroun01\" \/>\n<meta name=\"twitter:card\" content=\"summary_large_image\" \/>\n<meta name=\"twitter:label1\" content=\"Written by\" \/>\n\t<meta name=\"twitter:data1\" content=\"cameroun01\" \/>\n\t<meta name=\"twitter:label2\" content=\"Est. reading time\" \/>\n\t<meta name=\"twitter:data2\" content=\"1 minutua\" \/>\n<script type=\"application\/ld+json\" class=\"yoast-schema-graph\">{\"@context\":\"https:\\\/\\\/schema.org\",\"@graph\":[{\"@type\":\"Article\",\"@id\":\"https:\\\/\\\/www.itakaescolapios.org\\\/eu\\\/2024\\\/05\\\/english-sending-primary-school-children-class-vi-and-cm2-from-coscabic-bafia-on-holiday\\\/#article\",\"isPartOf\":{\"@id\":\"https:\\\/\\\/www.itakaescolapios.org\\\/eu\\\/2024\\\/05\\\/english-sending-primary-school-children-class-vi-and-cm2-from-coscabic-bafia-on-holiday\\\/\"},\"author\":{\"name\":\"cameroun01\",\"@id\":\"https:\\\/\\\/www.itakaescolapios.org\\\/es\\\/#\\\/schema\\\/person\\\/d2844383e29bfdfef69039672ce14eb1\"},\"headline\":\"Comienzo de vacaciones de los ni\u00f1os de primaria (Clase VI y CM2) de COSCABIC Bafia\",\"datePublished\":\"2024-05-28T10:22:10+00:00\",\"dateModified\":\"2025-03-07T17:28:21+00:00\",\"mainEntityOfPage\":{\"@id\":\"https:\\\/\\\/www.itakaescolapios.org\\\/eu\\\/2024\\\/05\\\/english-sending-primary-school-children-class-vi-and-cm2-from-coscabic-bafia-on-holiday\\\/\"},\"wordCount\":126,\"publisher\":{\"@id\":\"https:\\\/\\\/www.itakaescolapios.org\\\/es\\\/#organization\"},\"image\":{\"@id\":\"https:\\\/\\\/www.itakaescolapios.org\\\/eu\\\/2024\\\/05\\\/english-sending-primary-school-children-class-vi-and-cm2-from-coscabic-bafia-on-holiday\\\/#primaryimage\"},\"thumbnailUrl\":\"https:\\\/\\\/www.itakaescolapios.org\\\/wp-content\\\/uploads\\\/2024\\\/05\\\/WhatsApp-Image-2024-05-30-at-10.42.24-2-1.jpeg\",\"articleSection\":[\"Erdialdeko Afrika\",\"Kamerun\"],\"inLanguage\":\"eu\"},{\"@type\":\"WebPage\",\"@id\":\"https:\\\/\\\/www.itakaescolapios.org\\\/eu\\\/2024\\\/05\\\/english-sending-primary-school-children-class-vi-and-cm2-from-coscabic-bafia-on-holiday\\\/\",\"url\":\"https:\\\/\\\/www.itakaescolapios.org\\\/eu\\\/2024\\\/05\\\/english-sending-primary-school-children-class-vi-and-cm2-from-coscabic-bafia-on-holiday\\\/\",\"name\":\"Comienzo de vacaciones de los ni\u00f1os de primaria (Clase VI y CM2) de COSCABIC Bafia - Itaka-Escolapios\",\"isPartOf\":{\"@id\":\"https:\\\/\\\/www.itakaescolapios.org\\\/es\\\/#website\"},\"primaryImageOfPage\":{\"@id\":\"https:\\\/\\\/www.itakaescolapios.org\\\/eu\\\/2024\\\/05\\\/english-sending-primary-school-children-class-vi-and-cm2-from-coscabic-bafia-on-holiday\\\/#primaryimage\"},\"image\":{\"@id\":\"https:\\\/\\\/www.itakaescolapios.org\\\/eu\\\/2024\\\/05\\\/english-sending-primary-school-children-class-vi-and-cm2-from-coscabic-bafia-on-holiday\\\/#primaryimage\"},\"thumbnailUrl\":\"https:\\\/\\\/www.itakaescolapios.org\\\/wp-content\\\/uploads\\\/2024\\\/05\\\/WhatsApp-Image-2024-05-30-at-10.42.24-2-1.jpeg\",\"datePublished\":\"2024-05-28T10:22:10+00:00\",\"dateModified\":\"2025-03-07T17:28:21+00:00\",\"breadcrumb\":{\"@id\":\"https:\\\/\\\/www.itakaescolapios.org\\\/eu\\\/2024\\\/05\\\/english-sending-primary-school-children-class-vi-and-cm2-from-coscabic-bafia-on-holiday\\\/#breadcrumb\"},\"inLanguage\":\"eu\",\"potentialAction\":[{\"@type\":\"ReadAction\",\"target\":[\"https:\\\/\\\/www.itakaescolapios.org\\\/eu\\\/2024\\\/05\\\/english-sending-primary-school-children-class-vi-and-cm2-from-coscabic-bafia-on-holiday\\\/\"]}]},{\"@type\":\"ImageObject\",\"inLanguage\":\"eu\",\"@id\":\"https:\\\/\\\/www.itakaescolapios.org\\\/eu\\\/2024\\\/05\\\/english-sending-primary-school-children-class-vi-and-cm2-from-coscabic-bafia-on-holiday\\\/#primaryimage\",\"url\":\"https:\\\/\\\/www.itakaescolapios.org\\\/wp-content\\\/uploads\\\/2024\\\/05\\\/WhatsApp-Image-2024-05-30-at-10.42.24-2-1.jpeg\",\"contentUrl\":\"https:\\\/\\\/www.itakaescolapios.org\\\/wp-content\\\/uploads\\\/2024\\\/05\\\/WhatsApp-Image-2024-05-30-at-10.42.24-2-1.jpeg\",\"width\":1020,\"height\":574},{\"@type\":\"BreadcrumbList\",\"@id\":\"https:\\\/\\\/www.itakaescolapios.org\\\/eu\\\/2024\\\/05\\\/english-sending-primary-school-children-class-vi-and-cm2-from-coscabic-bafia-on-holiday\\\/#breadcrumb\",\"itemListElement\":[{\"@type\":\"ListItem\",\"position\":1,\"name\":\"Itaka-Escolapios\",\"item\":\"https:\\\/\\\/www.itakaescolapios.org\\\/es\\\/\"},{\"@type\":\"ListItem\",\"position\":2,\"name\":\"Comienzo de vacaciones de los ni\u00f1os de primaria (Clase VI y CM2) de COSCABIC Bafia\"}]},{\"@type\":\"WebSite\",\"@id\":\"https:\\\/\\\/www.itakaescolapios.org\\\/eu\\\/es\\\/#website\",\"url\":\"https:\\\/\\\/www.itakaescolapios.org\\\/eu\\\/es\\\/\",\"name\":\"Itaka-Escolapios\",\"description\":\"Red de Itaka-Escolapios\",\"publisher\":{\"@id\":\"https:\\\/\\\/www.itakaescolapios.org\\\/eu\\\/es\\\/#organization\"},\"potentialAction\":[{\"@type\":\"SearchAction\",\"target\":{\"@type\":\"EntryPoint\",\"urlTemplate\":\"https:\\\/\\\/www.itakaescolapios.org\\\/eu\\\/es\\\/?s={search_term_string}\"},\"query-input\":{\"@type\":\"PropertyValueSpecification\",\"valueRequired\":true,\"valueName\":\"search_term_string\"}}],\"inLanguage\":\"eu\"},{\"@type\":\"Organization\",\"@id\":\"https:\\\/\\\/www.itakaescolapios.org\\\/eu\\\/es\\\/#organization\",\"name\":\"Fundaci\u00f3 Itaka-Escolapios\",\"url\":\"https:\\\/\\\/www.itakaescolapios.org\\\/eu\\\/es\\\/\",\"logo\":{\"@type\":\"ImageObject\",\"inLanguage\":\"eu\",\"@id\":\"https:\\\/\\\/www.itakaescolapios.org\\\/eu\\\/es\\\/#\\\/schema\\\/logo\\\/image\\\/\",\"url\":\"https:\\\/\\\/www.itakaescolapios.org\\\/wp-content\\\/uploads\\\/2024\\\/04\\\/Logo-itakaescolapios-peque.png\",\"contentUrl\":\"https:\\\/\\\/www.itakaescolapios.org\\\/wp-content\\\/uploads\\\/2024\\\/04\\\/Logo-itakaescolapios-peque.png\",\"width\":500,\"height\":199,\"caption\":\"Fundaci\u00f3 Itaka-Escolapios\"},\"image\":{\"@id\":\"https:\\\/\\\/www.itakaescolapios.org\\\/eu\\\/es\\\/#\\\/schema\\\/logo\\\/image\\\/\"}},{\"@type\":\"Person\",\"@id\":\"https:\\\/\\\/www.itakaescolapios.org\\\/es\\\/#\\\/schema\\\/person\\\/d2844383e29bfdfef69039672ce14eb1\",\"name\":\"cameroun01\",\"url\":\"https:\\\/\\\/www.itakaescolapios.org\\\/eu\\\/author\\\/cameroun01\\\/\"}]}<\/script>\n<!-- \/ Yoast SEO plugin. -->","yoast_head_json":{"title":"Comienzo de vacaciones de los ni\u00f1os de primaria (Clase VI y CM2) de COSCABIC Bafia","description":"Hoy, 30 de mayo de 2024, marca la fecha de salida de vacaciones de los ni\u00f1os de primaria de COSCABIC Bafia. El programa incluy\u00f3 una oraci\u00f3n de apertura, la interpretaci\u00f3n del himno nacional, unas palabras del director, la entrada de la clase graduada (Clase VI y CM2), discursos de los alumnos, el peri\u00f3dico, cuentos, canciones,&hellip;","robots":{"index":"index","follow":"follow","max-snippet":"max-snippet:-1","max-image-preview":"max-image-preview:large","max-video-preview":"max-video-preview:-1"},"canonical":"Hoy, 30 de mayo de 2024, marca la fecha de salida de vacaciones de los ni\u00f1os de primaria de COSCABIC Bafia. El programa incluy\u00f3 una oraci\u00f3n de apertura, la interpretaci\u00f3n del himno nacional, unas palabras del director, la entrada de la clase graduada (Clase VI y CM2), discursos de los alumnos, el peri\u00f3dico, cuentos, canciones,&hellip;","og_locale":"en_US","og_type":"article","og_title":"Comienzo de vacaciones de los ni\u00f1os de primaria (Clase VI y CM2) de COSCABIC Bafia","og_description":"Hoy, 30 de mayo de 2024, marca la fecha de salida de vacaciones de los ni\u00f1os de primaria de COSCABIC Bafia. El programa incluy\u00f3 una oraci\u00f3n de apertura, la interpretaci\u00f3n del himno nacional, unas palabras del director, la entrada de la clase graduada (Clase VI y CM2), discursos de los alumnos, el peri\u00f3dico, cuentos, canciones,&hellip;","og_url":"https:\/\/www.itakaescolapios.org\/eu\/2024\/05\/english-sending-primary-school-children-class-vi-and-cm2-from-coscabic-bafia-on-holiday\/","og_site_name":"Itaka-Escolapios","article_published_time":"2024-05-28T10:22:10+00:00","article_modified_time":"2025-03-07T17:28:21+00:00","og_image":[{"width":1020,"height":574,"url":"https:\/\/www.itakaescolapios.org\/wp-content\/uploads\/2024\/05\/WhatsApp-Image-2024-05-30-at-10.42.24-2-1.jpeg","type":"image\/jpeg"}],"author":"cameroun01","twitter_card":"summary_large_image","twitter_misc":{"Written by":"cameroun01","Est. reading time":"1 minutua"},"schema":{"@context":"https:\/\/schema.org","@graph":[{"@type":"Article","@id":"https:\/\/www.itakaescolapios.org\/eu\/2024\/05\/english-sending-primary-school-children-class-vi-and-cm2-from-coscabic-bafia-on-holiday\/#article","isPartOf":{"@id":"https:\/\/www.itakaescolapios.org\/eu\/2024\/05\/english-sending-primary-school-children-class-vi-and-cm2-from-coscabic-bafia-on-holiday\/"},"author":{"name":"cameroun01","@id":"https:\/\/www.itakaescolapios.org\/es\/#\/schema\/person\/d2844383e29bfdfef69039672ce14eb1"},"headline":"Comienzo de vacaciones de los ni\u00f1os de primaria (Clase VI y CM2) de COSCABIC Bafia","datePublished":"2024-05-28T10:22:10+00:00","dateModified":"2025-03-07T17:28:21+00:00","mainEntityOfPage":{"@id":"https:\/\/www.itakaescolapios.org\/eu\/2024\/05\/english-sending-primary-school-children-class-vi-and-cm2-from-coscabic-bafia-on-holiday\/"},"wordCount":126,"publisher":{"@id":"https:\/\/www.itakaescolapios.org\/es\/#organization"},"image":{"@id":"https:\/\/www.itakaescolapios.org\/eu\/2024\/05\/english-sending-primary-school-children-class-vi-and-cm2-from-coscabic-bafia-on-holiday\/#primaryimage"},"thumbnailUrl":"https:\/\/www.itakaescolapios.org\/wp-content\/uploads\/2024\/05\/WhatsApp-Image-2024-05-30-at-10.42.24-2-1.jpeg","articleSection":["Erdialdeko Afrika","Kamerun"],"inLanguage":"eu"},{"@type":"WebPage","@id":"https:\/\/www.itakaescolapios.org\/eu\/2024\/05\/english-sending-primary-school-children-class-vi-and-cm2-from-coscabic-bafia-on-holiday\/","url":"https:\/\/www.itakaescolapios.org\/eu\/2024\/05\/english-sending-primary-school-children-class-vi-and-cm2-from-coscabic-bafia-on-holiday\/","name":"Comienzo de vacaciones de los ni\u00f1os de primaria (Clase VI y CM2) de COSCABIC Bafia - Itaka-Escolapios","isPartOf":{"@id":"https:\/\/www.itakaescolapios.org\/es\/#website"},"primaryImageOfPage":{"@id":"https:\/\/www.itakaescolapios.org\/eu\/2024\/05\/english-sending-primary-school-children-class-vi-and-cm2-from-coscabic-bafia-on-holiday\/#primaryimage"},"image":{"@id":"https:\/\/www.itakaescolapios.org\/eu\/2024\/05\/english-sending-primary-school-children-class-vi-and-cm2-from-coscabic-bafia-on-holiday\/#primaryimage"},"thumbnailUrl":"https:\/\/www.itakaescolapios.org\/wp-content\/uploads\/2024\/05\/WhatsApp-Image-2024-05-30-at-10.42.24-2-1.jpeg","datePublished":"2024-05-28T10:22:10+00:00","dateModified":"2025-03-07T17:28:21+00:00","breadcrumb":{"@id":"https:\/\/www.itakaescolapios.org\/eu\/2024\/05\/english-sending-primary-school-children-class-vi-and-cm2-from-coscabic-bafia-on-holiday\/#breadcrumb"},"inLanguage":"eu","potentialAction":[{"@type":"ReadAction","target":["https:\/\/www.itakaescolapios.org\/eu\/2024\/05\/english-sending-primary-school-children-class-vi-and-cm2-from-coscabic-bafia-on-holiday\/"]}]},{"@type":"ImageObject","inLanguage":"eu","@id":"https:\/\/www.itakaescolapios.org\/eu\/2024\/05\/english-sending-primary-school-children-class-vi-and-cm2-from-coscabic-bafia-on-holiday\/#primaryimage","url":"https:\/\/www.itakaescolapios.org\/wp-content\/uploads\/2024\/05\/WhatsApp-Image-2024-05-30-at-10.42.24-2-1.jpeg","contentUrl":"https:\/\/www.itakaescolapios.org\/wp-content\/uploads\/2024\/05\/WhatsApp-Image-2024-05-30-at-10.42.24-2-1.jpeg","width":1020,"height":574},{"@type":"BreadcrumbList","@id":"https:\/\/www.itakaescolapios.org\/eu\/2024\/05\/english-sending-primary-school-children-class-vi-and-cm2-from-coscabic-bafia-on-holiday\/#breadcrumb","itemListElement":[{"@type":"ListItem","position":1,"name":"Itaka-Escolapios","item":"https:\/\/www.itakaescolapios.org\/es\/"},{"@type":"ListItem","position":2,"name":"Comienzo de vacaciones de los ni\u00f1os de primaria (Clase VI y CM2) de COSCABIC Bafia"}]},{"@type":"WebSite","@id":"https:\/\/www.itakaescolapios.org\/eu\/es\/#website","url":"https:\/\/www.itakaescolapios.org\/eu\/es\/","name":"Itaka-Escolapios","description":"Red de Itaka-Escolapios","publisher":{"@id":"https:\/\/www.itakaescolapios.org\/eu\/es\/#organization"},"potentialAction":[{"@type":"SearchAction","target":{"@type":"EntryPoint","urlTemplate":"https:\/\/www.itakaescolapios.org\/eu\/es\/?s={search_term_string}"},"query-input":{"@type":"PropertyValueSpecification","valueRequired":true,"valueName":"search_term_string"}}],"inLanguage":"eu"},{"@type":"Organization","@id":"https:\/\/www.itakaescolapios.org\/eu\/es\/#organization","name":"Fundaci\u00f3 Itaka-Escolapios","url":"https:\/\/www.itakaescolapios.org\/eu\/es\/","logo":{"@type":"ImageObject","inLanguage":"eu","@id":"https:\/\/www.itakaescolapios.org\/eu\/es\/#\/schema\/logo\/image\/","url":"https:\/\/www.itakaescolapios.org\/wp-content\/uploads\/2024\/04\/Logo-itakaescolapios-peque.png","contentUrl":"https:\/\/www.itakaescolapios.org\/wp-content\/uploads\/2024\/04\/Logo-itakaescolapios-peque.png","width":500,"height":199,"caption":"Fundaci\u00f3 Itaka-Escolapios"},"image":{"@id":"https:\/\/www.itakaescolapios.org\/eu\/es\/#\/schema\/logo\/image\/"}},{"@type":"Person","@id":"https:\/\/www.itakaescolapios.org\/es\/#\/schema\/person\/d2844383e29bfdfef69039672ce14eb1","name":"cameroun01","url":"https:\/\/www.itakaescolapios.org\/eu\/author\/cameroun01\/"}]}},"_links":{"self":[{"href":"https:\/\/www.itakaescolapios.org\/eu\/wp-json\/wp\/v2\/posts\/325283","targetHints":{"allow":["GET"]}}],"collection":[{"href":"https:\/\/www.itakaescolapios.org\/eu\/wp-json\/wp\/v2\/posts"}],"about":[{"href":"https:\/\/www.itakaescolapios.org\/eu\/wp-json\/wp\/v2\/types\/post"}],"author":[{"embeddable":true,"href":"https:\/\/www.itakaescolapios.org\/eu\/wp-json\/wp\/v2\/users\/15"}],"replies":[{"embeddable":true,"href":"https:\/\/www.itakaescolapios.org\/eu\/wp-json\/wp\/v2\/comments?post=325283"}],"version-history":[{"count":2,"href":"https:\/\/www.itakaescolapios.org\/eu\/wp-json\/wp\/v2\/posts\/325283\/revisions"}],"predecessor-version":[{"id":326262,"href":"https:\/\/www.itakaescolapios.org\/eu\/wp-json\/wp\/v2\/posts\/325283\/revisions\/326262"}],"wp:featuredmedia":[{"embeddable":true,"href":"https:\/\/www.itakaescolapios.org\/eu\/wp-json\/wp\/v2\/media\/325850"}],"wp:attachment":[{"href":"https:\/\/www.itakaescolapios.org\/eu\/wp-json\/wp\/v2\/media?parent=325283"}],"wp:term":[{"taxonomy":"category","embeddable":true,"href":"https:\/\/www.itakaescolapios.org\/eu\/wp-json\/wp\/v2\/categories?post=325283"},{"taxonomy":"post_tag","embeddable":true,"href":"https:\/\/www.itakaescolapios.org\/eu\/wp-json\/wp\/v2\/tags?post=325283"}],"curies":[{"name":"wp","href":"https:\/\/api.w.org\/{rel}","templated":true}]}}