{"id":32576,"date":"2021-03-09T09:09:07","date_gmt":"2021-03-09T08:09:07","guid":{"rendered":"https:\/\/www.itakaescolapios.org\/?p=32576"},"modified":"2023-11-28T12:36:04","modified_gmt":"2023-11-28T11:36:04","slug":"comienza-el-iv-consejo-asesor-de-itaka-escolapios","status":"publish","type":"post","link":"https:\/\/www.itakaescolapios.org\/eu\/2021\/03\/comienza-el-iv-consejo-asesor-de-itaka-escolapios\/","title":{"rendered":"Comienza el IV Consejo Asesor de ITAKA-ESCOLAPIOS"},"content":{"rendered":"<p>Este lunes, 8 de marzo, ha comenzado el IV Consejo Asesor de la red Itaka-Escolapios, el m\u00e1ximo \u00f3rgano de representaci\u00f3n de la Orden, Provincias y Fraternidades escolapias participantes en Itaka-Escolapios que se celebra del 8 al 11 de marzo. En esta ocasi\u00f3n, marcado por la situaci\u00f3n de pandemia mundial que ha impedido el encuentro presencial en Guajaca, M\u00e9xico, se celebra por primera vez de forma telem\u00e1tica. Cuenta con la participaci\u00f3n de la Congregaci\u00f3n General, el Consejo de la Fraternidad General, los Provinciales de las Demarcaciones y representantes de las fraternidades que participan en la red, los miembros del Patronato, la Comisi\u00f3n Ejecutiva, as\u00ed como los responsables de los equipos generales y las personas que coordinan el equipo de Itaka-Escolapios en cada demarcaci\u00f3n o pa\u00eds junto con las personas que desde la red las acompa\u00f1an. La modalidad telem\u00e1tica del encuentro ha permitido la invitaci\u00f3n a participar unas cuantas personas m\u00e1s.<\/p>\n<p>Se abri\u00f3 el encuentro con una oraci\u00f3n a cargo del P. Javier Aguirregabiria, presidente de la red, quien dio la bienvenida a todas las personas participantes y present\u00f3 el programa de las cuatro jornadas en las que se desarrollar\u00e1 el Consejo Asesor.<\/p>\n<p>La segunda sesi\u00f3n de la tarde corri\u00f3 a cargo del Padre General, quien dirigi\u00f3 al Consejo Asesor la ponencia \u201cLa Red Itaka\u2013Escolapios en las Escuelas P\u00edas\u201d. El Padre General repas\u00f3 algunos de los dinamismos que se est\u00e1n produciendo en las Escuelas P\u00edas y que har\u00e1n, junto con los desaf\u00edos del momento social y eclesi\u00e1stico que vivimos, que Itaka-Escolapios se configure como un elemento para la participaci\u00f3n en las Escuelas P\u00edas y no solamente como herramienta de obtenci\u00f3n de recursos. Cerr\u00f3 la ponencia inicial de este Consejo Asesor haciendo un recorrido por algunos de los avances conseguidos y de los retos pendientes para el pr\u00f3ximo sexenio, apuntando a la expansi\u00f3n de las Escuelas P\u00edas de la mano de Itaka-Escolapios.<\/p>\n<p>Hubo tambi\u00e9n un rato para unas palabras de los miembros del Consejo de la Fraternidad General, recientemente renovado en la II Asamblea de la Fraternidad General que tuvo lugar la pasada semana, que apuntaron a la contribuci\u00f3n de Itaka-Escolapios al impulso de las fraternidades, del Movimiento Calasanz y abordar los retos de la Escuela P\u00eda y de la sociedad.<\/p>\n<p>Cerr\u00f3 la primera jornada de este IV Consejo Asesor un di\u00e1logo abierto por parte de los participantes a la luz de la ponencia y las primeras intervenciones de este encuentro.<\/p>\n<p>En esta primera jornada tambi\u00e9n pudimos conocer dos experiencias significativas desarrolladas por Itaka-Escolapios: la respuesta en Venezuela a la crisis humanitaria desatada en los \u00faltimos a\u00f1os y los env\u00edos a Bolivia.<\/p>\n<p>Comisi\u00f3n Ejecutiva<\/p>\n<p>&nbsp;<\/p>\n\n\t\t<style type=\"text\/css\">\n\t\t\t#gallery-1 {\n\t\t\t\tmargin: auto;\n\t\t\t}\n\t\t\t#gallery-1 .gallery-item {\n\t\t\t\tfloat: left;\n\t\t\t\tmargin-top: 10px;\n\t\t\t\ttext-align: center;\n\t\t\t\twidth: 33%;\n\t\t\t}\n\t\t\t#gallery-1 img {\n\t\t\t\tborder: 2px solid #cfcfcf;\n\t\t\t}\n\t\t\t#gallery-1 .gallery-caption {\n\t\t\t\tmargin-left: 0;\n\t\t\t}\n\t\t\t\/* see gallery_shortcode() in wp-includes\/media.php *\/\n\t\t<\/style>\n\t\t<div id='gallery-1' class='gallery galleryid-32576 gallery-columns-3 gallery-size-thumbnail'><dl class='gallery-item'>\n\t\t\t<dt class='gallery-icon landscape'>\n\t\t\t\t<a href='https:\/\/www.itakaescolapios.org\/eu\/1-28\/'><img decoding=\"async\" width=\"90\" height=\"90\" src=\"https:\/\/www.itakaescolapios.org\/wp-content\/uploads\/2021\/03\/1-90x90.jpg\" class=\"attachment-thumbnail size-thumbnail\" alt=\"\" \/><\/a>\n\t\t\t<\/dt><\/dl><dl class='gallery-item'>\n\t\t\t<dt class='gallery-icon landscape'>\n\t\t\t\t<a href='https:\/\/www.itakaescolapios.org\/eu\/2-27\/'><img decoding=\"async\" width=\"90\" height=\"90\" src=\"https:\/\/www.itakaescolapios.org\/wp-content\/uploads\/2021\/03\/2-90x90.jpg\" class=\"attachment-thumbnail size-thumbnail\" alt=\"\" \/><\/a>\n\t\t\t<\/dt><\/dl><dl class='gallery-item'>\n\t\t\t<dt class='gallery-icon landscape'>\n\t\t\t\t<a href='https:\/\/www.itakaescolapios.org\/eu\/3-20\/'><img decoding=\"async\" width=\"90\" height=\"90\" src=\"https:\/\/www.itakaescolapios.org\/wp-content\/uploads\/2021\/03\/3-90x90.jpg\" class=\"attachment-thumbnail size-thumbnail\" alt=\"\" \/><\/a>\n\t\t\t<\/dt><\/dl><br style=\"clear: both\" \/><dl class='gallery-item'>\n\t\t\t<dt class='gallery-icon landscape'>\n\t\t\t\t<a href='https:\/\/www.itakaescolapios.org\/eu\/4-23\/'><img decoding=\"async\" width=\"90\" height=\"90\" src=\"https:\/\/www.itakaescolapios.org\/wp-content\/uploads\/2021\/03\/4-90x90.jpg\" class=\"attachment-thumbnail size-thumbnail\" alt=\"\" \/><\/a>\n\t\t\t<\/dt><\/dl><dl class='gallery-item'>\n\t\t\t<dt class='gallery-icon landscape'>\n\t\t\t\t<a href='https:\/\/www.itakaescolapios.org\/eu\/12-6\/'><img decoding=\"async\" width=\"90\" height=\"90\" src=\"https:\/\/www.itakaescolapios.org\/wp-content\/uploads\/2021\/03\/12-90x90.jpg\" class=\"attachment-thumbnail size-thumbnail\" alt=\"\" \/><\/a>\n\t\t\t<\/dt><\/dl><dl class='gallery-item'>\n\t\t\t<dt class='gallery-icon landscape'>\n\t\t\t\t<a href='https:\/\/www.itakaescolapios.org\/eu\/11-7\/'><img decoding=\"async\" width=\"90\" height=\"90\" src=\"https:\/\/www.itakaescolapios.org\/wp-content\/uploads\/2021\/03\/11-90x90.jpg\" class=\"attachment-thumbnail size-thumbnail\" alt=\"\" \/><\/a>\n\t\t\t<\/dt><\/dl><br style=\"clear: both\" \/><dl class='gallery-item'>\n\t\t\t<dt class='gallery-icon landscape'>\n\t\t\t\t<a href='https:\/\/www.itakaescolapios.org\/eu\/8-10\/'><img decoding=\"async\" width=\"90\" height=\"90\" src=\"https:\/\/www.itakaescolapios.org\/wp-content\/uploads\/2021\/03\/8-90x90.jpg\" class=\"attachment-thumbnail size-thumbnail\" alt=\"\" \/><\/a>\n\t\t\t<\/dt><\/dl><dl class='gallery-item'>\n\t\t\t<dt class='gallery-icon landscape'>\n\t\t\t\t<a href='https:\/\/www.itakaescolapios.org\/eu\/10-7\/'><img decoding=\"async\" width=\"90\" height=\"90\" src=\"https:\/\/www.itakaescolapios.org\/wp-content\/uploads\/2021\/03\/10-90x90.jpg\" class=\"attachment-thumbnail size-thumbnail\" alt=\"\" \/><\/a>\n\t\t\t<\/dt><\/dl><dl class='gallery-item'>\n\t\t\t<dt class='gallery-icon landscape'>\n\t\t\t\t<a href='https:\/\/www.itakaescolapios.org\/eu\/9-5\/'><img decoding=\"async\" width=\"90\" height=\"90\" src=\"https:\/\/www.itakaescolapios.org\/wp-content\/uploads\/2021\/03\/9-90x90.jpg\" class=\"attachment-thumbnail size-thumbnail\" alt=\"\" \/><\/a>\n\t\t\t<\/dt><\/dl><br style=\"clear: both\" \/><dl class='gallery-item'>\n\t\t\t<dt class='gallery-icon landscape'>\n\t\t\t\t<a href='https:\/\/www.itakaescolapios.org\/eu\/5-22\/'><img decoding=\"async\" width=\"90\" height=\"90\" src=\"https:\/\/www.itakaescolapios.org\/wp-content\/uploads\/2021\/03\/5-90x90.jpg\" class=\"attachment-thumbnail size-thumbnail\" alt=\"\" \/><\/a>\n\t\t\t<\/dt><\/dl><dl class='gallery-item'>\n\t\t\t<dt class='gallery-icon landscape'>\n\t\t\t\t<a href='https:\/\/www.itakaescolapios.org\/eu\/6-12\/'><img decoding=\"async\" width=\"90\" height=\"90\" src=\"https:\/\/www.itakaescolapios.org\/wp-content\/uploads\/2021\/03\/6-90x90.jpg\" class=\"attachment-thumbnail size-thumbnail\" alt=\"\" \/><\/a>\n\t\t\t<\/dt><\/dl><dl class='gallery-item'>\n\t\t\t<dt class='gallery-icon landscape'>\n\t\t\t\t<a href='https:\/\/www.itakaescolapios.org\/eu\/7-10\/'><img decoding=\"async\" width=\"90\" height=\"90\" src=\"https:\/\/www.itakaescolapios.org\/wp-content\/uploads\/2021\/03\/7-90x90.jpg\" class=\"attachment-thumbnail size-thumbnail\" alt=\"\" \/><\/a>\n\t\t\t<\/dt><\/dl><br style=\"clear: both\" \/>\n\t\t<\/div>\n\n","protected":false},"excerpt":{"rendered":"<p>Este lunes, 8 de marzo, ha comenzado el IV Consejo Asesor de la red Itaka-Escolapios, el m\u00e1ximo \u00f3rgano de representaci\u00f3n de la Orden, Provincias y Fraternidades escolapias participantes en Itaka-Escolapios [&hellip;]<\/p>\n","protected":false},"author":4,"featured_media":32577,"comment_status":"closed","ping_status":"closed","sticky":false,"template":"","format":"standard","meta":{"_et_pb_use_builder":"","_et_pb_old_content":"","_et_gb_content_width":"","footnotes":""},"categories":[30],"tags":[],"class_list":["post-32576","post","type-post","status-publish","format-standard","has-post-thumbnail","hentry","category-itaka-escolapios"],"yoast_head":"<!-- This site is optimized with the Yoast SEO plugin v27.4 - https:\/\/yoast.com\/product\/yoast-seo-wordpress\/ -->\n<title>Comienza el IV Consejo Asesor de ITAKA-ESCOLAPIOS<\/title>\n<meta name=\"description\" content=\"Este lunes, 8 de marzo, ha comenzado el IV Consejo Asesor de la red Itaka-Escolapios, el m\u00e1ximo \u00f3rgano de representaci\u00f3n de la Orden, Provincias y Fraternidades escolapias participantes en Itaka-Escolapios que se celebra del 8 al 11 de marzo. En esta ocasi\u00f3n, marcado por la situaci\u00f3n de pandemia mundial que ha impedido el encuentro presencial&hellip;\" \/>\n<meta name=\"robots\" content=\"index, follow, max-snippet:-1, max-image-preview:large, max-video-preview:-1\" \/>\n<link rel=\"canonical\" href=\"http:\/\/Este%20lunes,%208%20de%20marzo,%20ha%20comenzado%20el%20IV%20Consejo%20Asesor%20de%20la%20red%20Itaka-Escolapios,%20el%20m\u00e1ximo%20\u00f3rgano%20de%20representaci\u00f3n%20de%20la%20Orden,%20Provincias%20y%20Fraternidades%20escolapias%20participantes%20en%20Itaka-Escolapios%20que%20se%20celebra%20del%208%20al%2011%20de%20marzo.%20En%20esta%20ocasi\u00f3n,%20marcado%20por%20la%20situaci\u00f3n%20de%20pandemia%20mundial%20que%20ha%20impedido%20el%20encuentro%20presencial&hellip;\" \/>\n<meta property=\"og:locale\" content=\"en_US\" \/>\n<meta property=\"og:type\" content=\"article\" \/>\n<meta property=\"og:title\" content=\"Comienza el IV Consejo Asesor de ITAKA-ESCOLAPIOS\" \/>\n<meta property=\"og:description\" content=\"Este lunes, 8 de marzo, ha comenzado el IV Consejo Asesor de la red Itaka-Escolapios, el m\u00e1ximo \u00f3rgano de representaci\u00f3n de la Orden, Provincias y Fraternidades escolapias participantes en Itaka-Escolapios que se celebra del 8 al 11 de marzo. En esta ocasi\u00f3n, marcado por la situaci\u00f3n de pandemia mundial que ha impedido el encuentro presencial&hellip;\" \/>\n<meta property=\"og:url\" content=\"https:\/\/www.itakaescolapios.org\/eu\/2021\/03\/comienza-el-iv-consejo-asesor-de-itaka-escolapios\/\" \/>\n<meta property=\"og:site_name\" content=\"Itaka-Escolapios\" \/>\n<meta property=\"article:published_time\" content=\"2021-03-09T08:09:07+00:00\" \/>\n<meta property=\"article:modified_time\" content=\"2023-11-28T11:36:04+00:00\" \/>\n<meta property=\"og:image\" content=\"https:\/\/www.itakaescolapios.org\/wp-content\/uploads\/2021\/03\/1.jpg\" \/>\n\t<meta property=\"og:image:width\" content=\"567\" \/>\n\t<meta property=\"og:image:height\" content=\"319\" \/>\n\t<meta property=\"og:image:type\" content=\"image\/jpeg\" \/>\n<meta name=\"author\" content=\"itaka\" \/>\n<meta name=\"twitter:card\" content=\"summary_large_image\" \/>\n<meta name=\"twitter:label1\" content=\"Written by\" \/>\n\t<meta name=\"twitter:data1\" content=\"itaka\" \/>\n\t<meta name=\"twitter:label2\" content=\"Est. reading time\" \/>\n\t<meta name=\"twitter:data2\" content=\"2 minutua\" \/>\n<script type=\"application\/ld+json\" class=\"yoast-schema-graph\">{\"@context\":\"https:\\\/\\\/schema.org\",\"@graph\":[{\"@type\":\"Article\",\"@id\":\"https:\\\/\\\/www.itakaescolapios.org\\\/eu\\\/2021\\\/03\\\/comienza-el-iv-consejo-asesor-de-itaka-escolapios\\\/#article\",\"isPartOf\":{\"@id\":\"https:\\\/\\\/www.itakaescolapios.org\\\/eu\\\/2021\\\/03\\\/comienza-el-iv-consejo-asesor-de-itaka-escolapios\\\/\"},\"author\":{\"name\":\"itaka\",\"@id\":\"https:\\\/\\\/www.itakaescolapios.org\\\/es\\\/#\\\/schema\\\/person\\\/670123daeb1cc31cae1b106740036ccb\"},\"headline\":\"Comienza el IV Consejo Asesor de ITAKA-ESCOLAPIOS\",\"datePublished\":\"2021-03-09T08:09:07+00:00\",\"dateModified\":\"2023-11-28T11:36:04+00:00\",\"mainEntityOfPage\":{\"@id\":\"https:\\\/\\\/www.itakaescolapios.org\\\/eu\\\/2021\\\/03\\\/comienza-el-iv-consejo-asesor-de-itaka-escolapios\\\/\"},\"wordCount\":476,\"publisher\":{\"@id\":\"https:\\\/\\\/www.itakaescolapios.org\\\/es\\\/#organization\"},\"image\":{\"@id\":\"https:\\\/\\\/www.itakaescolapios.org\\\/eu\\\/2021\\\/03\\\/comienza-el-iv-consejo-asesor-de-itaka-escolapios\\\/#primaryimage\"},\"thumbnailUrl\":\"https:\\\/\\\/www.itakaescolapios.org\\\/wp-content\\\/uploads\\\/2021\\\/03\\\/1.jpg\",\"articleSection\":[\"Itaka Escolapios\"],\"inLanguage\":\"eu\"},{\"@type\":\"WebPage\",\"@id\":\"https:\\\/\\\/www.itakaescolapios.org\\\/eu\\\/2021\\\/03\\\/comienza-el-iv-consejo-asesor-de-itaka-escolapios\\\/\",\"url\":\"https:\\\/\\\/www.itakaescolapios.org\\\/eu\\\/2021\\\/03\\\/comienza-el-iv-consejo-asesor-de-itaka-escolapios\\\/\",\"name\":\"Comienza el IV Consejo Asesor de ITAKA-ESCOLAPIOS - Itaka-Escolapios\",\"isPartOf\":{\"@id\":\"https:\\\/\\\/www.itakaescolapios.org\\\/es\\\/#website\"},\"primaryImageOfPage\":{\"@id\":\"https:\\\/\\\/www.itakaescolapios.org\\\/eu\\\/2021\\\/03\\\/comienza-el-iv-consejo-asesor-de-itaka-escolapios\\\/#primaryimage\"},\"image\":{\"@id\":\"https:\\\/\\\/www.itakaescolapios.org\\\/eu\\\/2021\\\/03\\\/comienza-el-iv-consejo-asesor-de-itaka-escolapios\\\/#primaryimage\"},\"thumbnailUrl\":\"https:\\\/\\\/www.itakaescolapios.org\\\/wp-content\\\/uploads\\\/2021\\\/03\\\/1.jpg\",\"datePublished\":\"2021-03-09T08:09:07+00:00\",\"dateModified\":\"2023-11-28T11:36:04+00:00\",\"breadcrumb\":{\"@id\":\"https:\\\/\\\/www.itakaescolapios.org\\\/eu\\\/2021\\\/03\\\/comienza-el-iv-consejo-asesor-de-itaka-escolapios\\\/#breadcrumb\"},\"inLanguage\":\"eu\",\"potentialAction\":[{\"@type\":\"ReadAction\",\"target\":[\"https:\\\/\\\/www.itakaescolapios.org\\\/eu\\\/2021\\\/03\\\/comienza-el-iv-consejo-asesor-de-itaka-escolapios\\\/\"]}]},{\"@type\":\"ImageObject\",\"inLanguage\":\"eu\",\"@id\":\"https:\\\/\\\/www.itakaescolapios.org\\\/eu\\\/2021\\\/03\\\/comienza-el-iv-consejo-asesor-de-itaka-escolapios\\\/#primaryimage\",\"url\":\"https:\\\/\\\/www.itakaescolapios.org\\\/wp-content\\\/uploads\\\/2021\\\/03\\\/1.jpg\",\"contentUrl\":\"https:\\\/\\\/www.itakaescolapios.org\\\/wp-content\\\/uploads\\\/2021\\\/03\\\/1.jpg\",\"width\":567,\"height\":319},{\"@type\":\"BreadcrumbList\",\"@id\":\"https:\\\/\\\/www.itakaescolapios.org\\\/eu\\\/2021\\\/03\\\/comienza-el-iv-consejo-asesor-de-itaka-escolapios\\\/#breadcrumb\",\"itemListElement\":[{\"@type\":\"ListItem\",\"position\":1,\"name\":\"Itaka-Escolapios\",\"item\":\"https:\\\/\\\/www.itakaescolapios.org\\\/es\\\/\"},{\"@type\":\"ListItem\",\"position\":2,\"name\":\"Comienza el IV Consejo Asesor de ITAKA-ESCOLAPIOS\"}]},{\"@type\":\"WebSite\",\"@id\":\"https:\\\/\\\/www.itakaescolapios.org\\\/eu\\\/es\\\/#website\",\"url\":\"https:\\\/\\\/www.itakaescolapios.org\\\/eu\\\/es\\\/\",\"name\":\"Itaka-Escolapios\",\"description\":\"Red de Itaka-Escolapios\",\"publisher\":{\"@id\":\"https:\\\/\\\/www.itakaescolapios.org\\\/eu\\\/es\\\/#organization\"},\"potentialAction\":[{\"@type\":\"SearchAction\",\"target\":{\"@type\":\"EntryPoint\",\"urlTemplate\":\"https:\\\/\\\/www.itakaescolapios.org\\\/eu\\\/es\\\/?s={search_term_string}\"},\"query-input\":{\"@type\":\"PropertyValueSpecification\",\"valueRequired\":true,\"valueName\":\"search_term_string\"}}],\"inLanguage\":\"eu\"},{\"@type\":\"Organization\",\"@id\":\"https:\\\/\\\/www.itakaescolapios.org\\\/eu\\\/es\\\/#organization\",\"name\":\"Fundaci\u00f3 Itaka-Escolapios\",\"url\":\"https:\\\/\\\/www.itakaescolapios.org\\\/eu\\\/es\\\/\",\"logo\":{\"@type\":\"ImageObject\",\"inLanguage\":\"eu\",\"@id\":\"https:\\\/\\\/www.itakaescolapios.org\\\/eu\\\/es\\\/#\\\/schema\\\/logo\\\/image\\\/\",\"url\":\"https:\\\/\\\/www.itakaescolapios.org\\\/wp-content\\\/uploads\\\/2024\\\/04\\\/Logo-itakaescolapios-peque.png\",\"contentUrl\":\"https:\\\/\\\/www.itakaescolapios.org\\\/wp-content\\\/uploads\\\/2024\\\/04\\\/Logo-itakaescolapios-peque.png\",\"width\":500,\"height\":199,\"caption\":\"Fundaci\u00f3 Itaka-Escolapios\"},\"image\":{\"@id\":\"https:\\\/\\\/www.itakaescolapios.org\\\/eu\\\/es\\\/#\\\/schema\\\/logo\\\/image\\\/\"}},{\"@type\":\"Person\",\"@id\":\"https:\\\/\\\/www.itakaescolapios.org\\\/es\\\/#\\\/schema\\\/person\\\/670123daeb1cc31cae1b106740036ccb\",\"name\":\"itaka\",\"url\":\"https:\\\/\\\/www.itakaescolapios.org\\\/eu\\\/author\\\/itaka\\\/\"}]}<\/script>\n<!-- \/ Yoast SEO plugin. -->","yoast_head_json":{"title":"Comienza el IV Consejo Asesor de ITAKA-ESCOLAPIOS","description":"Este lunes, 8 de marzo, ha comenzado el IV Consejo Asesor de la red Itaka-Escolapios, el m\u00e1ximo \u00f3rgano de representaci\u00f3n de la Orden, Provincias y Fraternidades escolapias participantes en Itaka-Escolapios que se celebra del 8 al 11 de marzo. En esta ocasi\u00f3n, marcado por la situaci\u00f3n de pandemia mundial que ha impedido el encuentro presencial&hellip;","robots":{"index":"index","follow":"follow","max-snippet":"max-snippet:-1","max-image-preview":"max-image-preview:large","max-video-preview":"max-video-preview:-1"},"canonical":"Este lunes, 8 de marzo, ha comenzado el IV Consejo Asesor de la red Itaka-Escolapios, el m\u00e1ximo \u00f3rgano de representaci\u00f3n de la Orden, Provincias y Fraternidades escolapias participantes en Itaka-Escolapios que se celebra del 8 al 11 de marzo. En esta ocasi\u00f3n, marcado por la situaci\u00f3n de pandemia mundial que ha impedido el encuentro presencial&hellip;","og_locale":"en_US","og_type":"article","og_title":"Comienza el IV Consejo Asesor de ITAKA-ESCOLAPIOS","og_description":"Este lunes, 8 de marzo, ha comenzado el IV Consejo Asesor de la red Itaka-Escolapios, el m\u00e1ximo \u00f3rgano de representaci\u00f3n de la Orden, Provincias y Fraternidades escolapias participantes en Itaka-Escolapios que se celebra del 8 al 11 de marzo. En esta ocasi\u00f3n, marcado por la situaci\u00f3n de pandemia mundial que ha impedido el encuentro presencial&hellip;","og_url":"https:\/\/www.itakaescolapios.org\/eu\/2021\/03\/comienza-el-iv-consejo-asesor-de-itaka-escolapios\/","og_site_name":"Itaka-Escolapios","article_published_time":"2021-03-09T08:09:07+00:00","article_modified_time":"2023-11-28T11:36:04+00:00","og_image":[{"width":567,"height":319,"url":"https:\/\/www.itakaescolapios.org\/wp-content\/uploads\/2021\/03\/1.jpg","type":"image\/jpeg"}],"author":"itaka","twitter_card":"summary_large_image","twitter_misc":{"Written by":"itaka","Est. reading time":"2 minutua"},"schema":{"@context":"https:\/\/schema.org","@graph":[{"@type":"Article","@id":"https:\/\/www.itakaescolapios.org\/eu\/2021\/03\/comienza-el-iv-consejo-asesor-de-itaka-escolapios\/#article","isPartOf":{"@id":"https:\/\/www.itakaescolapios.org\/eu\/2021\/03\/comienza-el-iv-consejo-asesor-de-itaka-escolapios\/"},"author":{"name":"itaka","@id":"https:\/\/www.itakaescolapios.org\/es\/#\/schema\/person\/670123daeb1cc31cae1b106740036ccb"},"headline":"Comienza el IV Consejo Asesor de ITAKA-ESCOLAPIOS","datePublished":"2021-03-09T08:09:07+00:00","dateModified":"2023-11-28T11:36:04+00:00","mainEntityOfPage":{"@id":"https:\/\/www.itakaescolapios.org\/eu\/2021\/03\/comienza-el-iv-consejo-asesor-de-itaka-escolapios\/"},"wordCount":476,"publisher":{"@id":"https:\/\/www.itakaescolapios.org\/es\/#organization"},"image":{"@id":"https:\/\/www.itakaescolapios.org\/eu\/2021\/03\/comienza-el-iv-consejo-asesor-de-itaka-escolapios\/#primaryimage"},"thumbnailUrl":"https:\/\/www.itakaescolapios.org\/wp-content\/uploads\/2021\/03\/1.jpg","articleSection":["Itaka Escolapios"],"inLanguage":"eu"},{"@type":"WebPage","@id":"https:\/\/www.itakaescolapios.org\/eu\/2021\/03\/comienza-el-iv-consejo-asesor-de-itaka-escolapios\/","url":"https:\/\/www.itakaescolapios.org\/eu\/2021\/03\/comienza-el-iv-consejo-asesor-de-itaka-escolapios\/","name":"Comienza el IV Consejo Asesor de ITAKA-ESCOLAPIOS - Itaka-Escolapios","isPartOf":{"@id":"https:\/\/www.itakaescolapios.org\/es\/#website"},"primaryImageOfPage":{"@id":"https:\/\/www.itakaescolapios.org\/eu\/2021\/03\/comienza-el-iv-consejo-asesor-de-itaka-escolapios\/#primaryimage"},"image":{"@id":"https:\/\/www.itakaescolapios.org\/eu\/2021\/03\/comienza-el-iv-consejo-asesor-de-itaka-escolapios\/#primaryimage"},"thumbnailUrl":"https:\/\/www.itakaescolapios.org\/wp-content\/uploads\/2021\/03\/1.jpg","datePublished":"2021-03-09T08:09:07+00:00","dateModified":"2023-11-28T11:36:04+00:00","breadcrumb":{"@id":"https:\/\/www.itakaescolapios.org\/eu\/2021\/03\/comienza-el-iv-consejo-asesor-de-itaka-escolapios\/#breadcrumb"},"inLanguage":"eu","potentialAction":[{"@type":"ReadAction","target":["https:\/\/www.itakaescolapios.org\/eu\/2021\/03\/comienza-el-iv-consejo-asesor-de-itaka-escolapios\/"]}]},{"@type":"ImageObject","inLanguage":"eu","@id":"https:\/\/www.itakaescolapios.org\/eu\/2021\/03\/comienza-el-iv-consejo-asesor-de-itaka-escolapios\/#primaryimage","url":"https:\/\/www.itakaescolapios.org\/wp-content\/uploads\/2021\/03\/1.jpg","contentUrl":"https:\/\/www.itakaescolapios.org\/wp-content\/uploads\/2021\/03\/1.jpg","width":567,"height":319},{"@type":"BreadcrumbList","@id":"https:\/\/www.itakaescolapios.org\/eu\/2021\/03\/comienza-el-iv-consejo-asesor-de-itaka-escolapios\/#breadcrumb","itemListElement":[{"@type":"ListItem","position":1,"name":"Itaka-Escolapios","item":"https:\/\/www.itakaescolapios.org\/es\/"},{"@type":"ListItem","position":2,"name":"Comienza el IV Consejo Asesor de ITAKA-ESCOLAPIOS"}]},{"@type":"WebSite","@id":"https:\/\/www.itakaescolapios.org\/eu\/es\/#website","url":"https:\/\/www.itakaescolapios.org\/eu\/es\/","name":"Itaka-Escolapios","description":"Red de Itaka-Escolapios","publisher":{"@id":"https:\/\/www.itakaescolapios.org\/eu\/es\/#organization"},"potentialAction":[{"@type":"SearchAction","target":{"@type":"EntryPoint","urlTemplate":"https:\/\/www.itakaescolapios.org\/eu\/es\/?s={search_term_string}"},"query-input":{"@type":"PropertyValueSpecification","valueRequired":true,"valueName":"search_term_string"}}],"inLanguage":"eu"},{"@type":"Organization","@id":"https:\/\/www.itakaescolapios.org\/eu\/es\/#organization","name":"Fundaci\u00f3 Itaka-Escolapios","url":"https:\/\/www.itakaescolapios.org\/eu\/es\/","logo":{"@type":"ImageObject","inLanguage":"eu","@id":"https:\/\/www.itakaescolapios.org\/eu\/es\/#\/schema\/logo\/image\/","url":"https:\/\/www.itakaescolapios.org\/wp-content\/uploads\/2024\/04\/Logo-itakaescolapios-peque.png","contentUrl":"https:\/\/www.itakaescolapios.org\/wp-content\/uploads\/2024\/04\/Logo-itakaescolapios-peque.png","width":500,"height":199,"caption":"Fundaci\u00f3 Itaka-Escolapios"},"image":{"@id":"https:\/\/www.itakaescolapios.org\/eu\/es\/#\/schema\/logo\/image\/"}},{"@type":"Person","@id":"https:\/\/www.itakaescolapios.org\/es\/#\/schema\/person\/670123daeb1cc31cae1b106740036ccb","name":"itaka","url":"https:\/\/www.itakaescolapios.org\/eu\/author\/itaka\/"}]}},"_links":{"self":[{"href":"https:\/\/www.itakaescolapios.org\/eu\/wp-json\/wp\/v2\/posts\/32576","targetHints":{"allow":["GET"]}}],"collection":[{"href":"https:\/\/www.itakaescolapios.org\/eu\/wp-json\/wp\/v2\/posts"}],"about":[{"href":"https:\/\/www.itakaescolapios.org\/eu\/wp-json\/wp\/v2\/types\/post"}],"author":[{"embeddable":true,"href":"https:\/\/www.itakaescolapios.org\/eu\/wp-json\/wp\/v2\/users\/4"}],"replies":[{"embeddable":true,"href":"https:\/\/www.itakaescolapios.org\/eu\/wp-json\/wp\/v2\/comments?post=32576"}],"version-history":[{"count":3,"href":"https:\/\/www.itakaescolapios.org\/eu\/wp-json\/wp\/v2\/posts\/32576\/revisions"}],"predecessor-version":[{"id":44377,"href":"https:\/\/www.itakaescolapios.org\/eu\/wp-json\/wp\/v2\/posts\/32576\/revisions\/44377"}],"wp:featuredmedia":[{"embeddable":true,"href":"https:\/\/www.itakaescolapios.org\/eu\/wp-json\/wp\/v2\/media\/32577"}],"wp:attachment":[{"href":"https:\/\/www.itakaescolapios.org\/eu\/wp-json\/wp\/v2\/media?parent=32576"}],"wp:term":[{"taxonomy":"category","embeddable":true,"href":"https:\/\/www.itakaescolapios.org\/eu\/wp-json\/wp\/v2\/categories?post=32576"},{"taxonomy":"post_tag","embeddable":true,"href":"https:\/\/www.itakaescolapios.org\/eu\/wp-json\/wp\/v2\/tags?post=32576"}],"curies":[{"name":"wp","href":"https:\/\/api.w.org\/{rel}","templated":true}]}}