{"id":328288,"date":"2025-07-24T12:52:13","date_gmt":"2025-07-24T11:52:13","guid":{"rendered":"https:\/\/www.itakaescolapios.org\/es\/?p=328288"},"modified":"2025-09-29T16:15:50","modified_gmt":"2025-09-29T15:15:50","slug":"campo-de-trabajo-2025-de-valencia-un-voluntariado-muy-especial","status":"publish","type":"post","link":"https:\/\/www.itakaescolapios.org\/eu\/2025\/07\/campo-de-trabajo-2025-de-valencia-un-voluntariado-muy-especial\/","title":{"rendered":"2025eko Valentziako Lan Kanpamentua: Boluntariotza Berezi-Berezia"},"content":{"rendered":"<p>[et_pb_section fb_built=&#8221;1&#8243; make_equal=&#8221;on&#8221; use_custom_gutter=&#8221;on&#8221; gutter_width=&#8221;2&#8243; specialty=&#8221;on&#8221; _builder_version=&#8221;4.24.3&#8243; _module_preset=&#8221;default&#8221; width=&#8221;100%&#8221; max_width=&#8221;100%&#8221; module_alignment=&#8221;center&#8221; inner_width=&#8221;90%&#8221; inner_max_width=&#8221;2222px&#8221; inner_module_alignment=&#8221;center&#8221; custom_margin=&#8221;0px||||false|false&#8221; custom_padding=&#8221;0px||||false|false&#8221; da_disable_devices=&#8221;off|off|off&#8221; global_colors_info=&#8221;{}&#8221; da_is_popup=&#8221;off&#8221; da_exit_intent=&#8221;off&#8221; da_has_close=&#8221;on&#8221; da_alt_close=&#8221;off&#8221; da_dark_close=&#8221;off&#8221; da_not_modal=&#8221;on&#8221; da_is_singular=&#8221;off&#8221; da_with_loader=&#8221;off&#8221; da_has_shadow=&#8221;on&#8221;][et_pb_column type=&#8221;3_4&#8243; specialty_columns=&#8221;3&#8243; _builder_version=&#8221;4.16&#8243; custom_padding=&#8221;|||&#8221; global_colors_info=&#8221;{}&#8221; custom_padding__hover=&#8221;|||&#8221;][et_pb_row_inner custom_padding_last_edited=&#8221;on|phone&#8221; _builder_version=&#8221;4.24.3&#8243; _module_preset=&#8221;default&#8221; module_alignment=&#8221;center&#8221; custom_padding=&#8221;|50px|4px||false|false&#8221; custom_padding_tablet=&#8221;|50px|4px||false|false&#8221; custom_padding_phone=&#8221;|0px|||false|false&#8221; border_color_all=&#8221;gcid-b1ace166-c11d-4c70-a679-55884e9ca298&#8243; border_style_all=&#8221;dotted&#8221; border_width_right=&#8221;3px&#8221; border_color_right=&#8221;gcid-b1ace166-c11d-4c70-a679-55884e9ca298&#8243; border_width_right_tablet=&#8221;3px&#8221; border_width_right_phone=&#8221;0px&#8221; border_width_right_last_edited=&#8221;on|desktop&#8221; collapsed=&#8221;off&#8221; global_colors_info=&#8221;{%22gcid-b1ace166-c11d-4c70-a679-55884e9ca298%22:%91%22border_color_all%22,%22border_color_right%22%93}&#8221;][et_pb_column_inner saved_specialty_column_type=&#8221;3_4&#8243; _builder_version=&#8221;4.24.3&#8243; _module_preset=&#8221;default&#8221; global_colors_info=&#8221;{}&#8221;][et_pb_text admin_label=&#8221;T\u00cdTULO NOTICIA&#8221; _builder_version=&#8221;4.27.4&#8243; _module_preset=&#8221;default&#8221; header_font=&#8221;Titulo Itaka-Escolapios|700|||||||&#8221; header_text_align=&#8221;center&#8221; header_text_color=&#8221;gcid-cca90ba6-297c-4d63-9e2c-8201011ef870&#8243; header_font_size=&#8221;50px&#8221; custom_margin=&#8221;||20px||false|false&#8221; custom_margin_tablet=&#8221;||20px||false|false&#8221; custom_margin_phone=&#8221;||20px||false|false&#8221; custom_margin_last_edited=&#8221;on|desktop&#8221; header_font_size_tablet=&#8221;55px&#8221; header_font_size_phone=&#8221;35px&#8221; header_font_size_last_edited=&#8221;on|phone&#8221; content_en_us=&#8221;<\/p>\n<h1><strong>Valencia Work Camp 2025: A Very Special Volunteering Experience<\/strong><\/h1>\n<p>&#8221; content_fr_fr=&#8221;<\/p>\n<h1><strong>Chantier de Travail 2025 \u00e0 Valence : Un Volontariat Tr\u00e8s Sp\u00e9cial<\/strong><\/h1>\n<p>&#8221; content_eu=&#8221;<\/p>\n<h1><strong>2025eko Valentziako Lan Kanpamentua: Boluntariotza Berezi-Berezia<\/strong><\/h1>\n<p>&#8221; content_ca=&#8221;<\/p>\n<h1><strong>Camp de Treball 2025 de Val\u00e8ncia: Un Voluntariat Molt Especial<\/strong><\/h1>\n<p>&#8221; content_pt_br=&#8221;<\/p>\n<h1><strong>Campo de Trabalho 2025 de Val\u00eancia: Um Voluntariado Muito Especial<\/strong><\/h1>\n<p>&#8221; global_colors_info=&#8221;{%22gcid-cca90ba6-297c-4d63-9e2c-8201011ef870%22:%91%22header_text_color%22%93}&#8221;]<\/p>\n<h1><strong>Campo de Trabajo 2025 de Valencia: Un voluntariado muy especial<\/strong><\/h1>\n<p>[\/et_pb_text][et_pb_text admin_label=&#8221;Fecha noticia no tocar&#8221; _builder_version=&#8221;4.27.4&#8243; _dynamic_attributes=&#8221;content&#8221; _module_preset=&#8221;default&#8221; text_font=&#8221;Titulo Itaka-Escolapios|700|||||||&#8221; text_text_color=&#8221;gcid-cca90ba6-297c-4d63-9e2c-8201011ef870&#8243; text_font_size=&#8221;16px&#8221; text_orientation=&#8221;right&#8221; hover_enabled=&#8221;0&#8243; global_colors_info=&#8221;{%22gcid-cca90ba6-297c-4d63-9e2c-8201011ef870%22:%91%22text_text_color%22%93}&#8221; sticky_enabled=&#8221;0&#8243;]@ET-DC@eyJkeW5hbWljIjp0cnVlLCJjb250ZW50IjoicG9zdF9kYXRlIiwic2V0dGluZ3MiOnsiYmVmb3JlIjoiIiwiYWZ0ZXIiOiIiLCJkYXRlX2Zvcm1hdCI6ImRlZmF1bHQiLCJjdXN0b21fZGF0ZV9mb3JtYXQiOiIifX0=@[\/et_pb_text][\/et_pb_column_inner][\/et_pb_row_inner][et_pb_row_inner _builder_version=&#8221;4.27.4&#8243; _module_preset=&#8221;default&#8221; border_width_right=&#8221;3px&#8221; border_color_right=&#8221;gcid-b1ace166-c11d-4c70-a679-55884e9ca298&#8243; border_style_right=&#8221;dotted&#8221; collapsed=&#8221;off&#8221; global_colors_info=&#8221;{%22gcid-b1ace166-c11d-4c70-a679-55884e9ca298%22:%91%22border_color_right%22%93}&#8221;][et_pb_column_inner saved_specialty_column_type=&#8221;3_4&#8243; _builder_version=&#8221;4.27.4&#8243; _module_preset=&#8221;default&#8221; global_colors_info=&#8221;{}&#8221;][et_pb_text admin_label=&#8221;CUERPO NOTICIA&#8221; _builder_version=&#8221;4.27.4&#8243; _module_preset=&#8221;default&#8221; text_font=&#8221;&#8211;et_global_body_font||||||||&#8221; text_font_size=&#8221;16px&#8221; width=&#8221;100%&#8221; module_alignment=&#8221;center&#8221; custom_padding=&#8221;|60px|||false|false&#8221; hover_enabled=&#8221;0&#8243; text_font_size_tablet=&#8221;16px&#8221; text_font_size_phone=&#8221;16px&#8221; text_font_size_last_edited=&#8221;on|desktop&#8221; content_en_us=&#8221;<\/p>\n<p data-start=%22114%22 data-end=%221915%22>Last Saturday, the volunteer work camp in Valencia came to an end. It brought together 27 young people, accompanied by a team of six coordinators, who collaborated both with three of the childhood and youth projects run by Itaka-Escolapios in Valencia\u2014Amaltea, Llum, and Sa\u00f3\u2014and with various organizations in Catarroja, Torrent, and Paiporta that are helping people affected by the DANA last October.<\/p>\n<p data-start=%22114%22 data-end=%221915%22>These were days of discovery, activities and games, training sessions, living together, and most importantly, serving others\u2014especially young children and those who suffer the most in our communities. Days to look beyond ourselves and see reality with new eyes.<\/p>\n<p data-start=%22114%22 data-end=%221915%22>We just want to say thank you to everyone who made this very special work camp possible: to the coordination team for their availability and nearly 24\/7 work even before the camp started; to the school @San Jos\u00e9 de Calasanz for opening their doors to host this volunteer experience; and to Escola Pia Algemes\u00ed for sharing their firsthand testimony about the day of the DANA and its aftermath; to the Sa\u00f3, Llum, and Amaltea projects and to the organizations \u201cAdopta un mayor,\u201d Estem Association, Volunteer Platform of the Valencian Community, Fundaci\u00f3 Horta Sud, and Red Solidaria Popular for welcoming us and letting us collaborate; to the Third Sector Platform and the Ministry of Social Rights, Consumer Affairs, and Agenda 2030, for their support through the subsidy for the social protection of groups affected by the DANA; and to the people who delivered the training sessions during these weeks.<\/p>\n<p data-start=%22114%22 data-end=%221915%22>And of course, thank you to the volunteers who came from Valencia, Santander, Vitoria, Madrid, Getafe, Soria, Pamplona, and Versailles for their service following in the footsteps of Saint Joseph Calasanz, working with the most vulnerable. We hope it was a wonderful volunteering experience that becomes a way of life in service of others.<\/p>\n<p data-start=%22114%22 data-end=%221915%22>See you soon!<\/p>\n<p>&#8221; content_fr_fr=&#8221;<\/p>\n<p>Samedi dernier s\u2019est termin\u00e9 \u00e0 Valence le chantier de volontariat auquel ont particip\u00e9 27 jeunes, accompagn\u00e9s d\u2019une \u00e9quipe de six coordinateurs et coordinatrices. Ils ont collabor\u00e9 \u00e0 trois projets pour l\u2019enfance et la jeunesse g\u00e9r\u00e9s par Itaka-Escolapios \u00e0 Valence \u2014 Amaltea, Llum et Sa\u00f3 \u2014 ainsi qu\u2019avec diff\u00e9rentes associations de Catarroja, Torrent et Paiporta qui soutiennent les personnes touch\u00e9es par la DANA d\u2019octobre dernier.<\/p>\n<p>Ce furent des journ\u00e9es de d\u00e9couvertes, d\u2019activit\u00e9s et de jeux, de formations, de vie en communaut\u00e9, et surtout, de service aux autres \u2014 aux plus petits et \u00e0 ceux qui souffrent le plus dans notre entourage. Des journ\u00e9es pour d\u00e9passer l\u2019\u00e9gocentrisme et regarder la r\u00e9alit\u00e9 avec un regard renouvel\u00e9.<\/p>\n<p>Nous ne pouvons que remercier toutes les personnes qui ont rendu ce chantier si sp\u00e9cial possible: l\u2019\u00e9quipe de coordination pour leur disponibilit\u00e9 et leur travail presque 24h\/24 d\u00e8s avant le d\u00e9but ; l\u2019\u00e9cole @San Jos\u00e9 de Calasanz pour nous avoir accueillis et permis de vivre cette exp\u00e9rience de volontariat ; l\u2019\u00e9cole Escola Pia Algemes\u00ed pour son t\u00e9moignage de premi\u00e8re main sur la journ\u00e9e de la DANA et ses suites ; les projets Sa\u00f3, Llum et Amaltea et les associations Adopta un mayor, l\u2019association Estem, la Plateforme du Volontariat de la Communaut\u00e9 Valencienne, la Fundaci\u00f3 Horta Sud et la Red Solidaria Popular pour nous avoir accueillis ; \u00e0 la Plateforme du tiers secteur et au minist\u00e8re des Droits sociaux, de la Consommation et de l&#8217;Agenda 2030, pour leur soutien \u00e0 travers la subvention destin\u00e9e \u00e0 la protection sociale des groupes touch\u00e9s par la DANA ; ainsi que les personnes qui ont anim\u00e9 les formations pendant ces semaines.<\/p>\n<p>Et bien s\u00fbr, merci aux volontaires venus de Valence, Santander, Vitoria, Madrid, Getafe, Soria, Pampelune et Versailles pour leur engagement dans les pas de Saint Joseph de Calasanz aupr\u00e8s des plus vuln\u00e9rables. Nous esp\u00e9rons que ce fut une grande exp\u00e9rience de volontariat qui deviendra un mode de vie au service des autres.<\/p>\n<p>\u00c0 tr\u00e8s bient\u00f4t !<\/p>\n<p>&#8221; content_eu=&#8221;<\/p>\n<p>Joan den larunbatean amaitu zen Valentziako boluntariotza kanpamentua, non 27 gaztek parte hartu zuten, sei koordinatzaileekin batera. Valentziako Itaka-Escolapios erakundeak dituen hiru haur eta gazte proiektutan (Amaltea, Llum eta Sa\u00f3) eta urrian izandako DANAk kaltetu zituen pertsonak laguntzen dituzten Catarroja, Torrent eta Paiportako hainbat erakunderekin lankidetzan aritu dira.<\/p>\n<p>Egun hauek izan dira ezagutza garaia, jarduerak eta jolasak, prestakuntzak, elkarbizitza eta, batez ere, besteei, haurrei eta gure inguruko gehien sufritzen dutenei zerbitzatzeko uneak. Gure zilborra baino haratago begiratzeko eta errealitatea begi berriekin ikusteko egunak izan dira.<\/p>\n<p>Eskerrak eman nahi dizkiegu lan-kanpamentu berezi hau posible egin duten guztiei: koordinazio taldeari, hasieratik ia 24 orduz prest egoteagatik; @San Jos\u00e9 de Calasanz ikastetxeari, boluntariotza esperientzia hau bizitzeko ateak irekitzeagatik; Escola Pia Algemes\u00ed ikastetxeari, DANAko eguna eta ondorioei buruzko lehen eskuko testigantza emateagatik; Sa\u00f3, Llum eta Amaltea proiektuei eta Adopta un mayor, Estem elkartea, Comunitat Valencianako Boluntariotzaren Plataforma, Fundaci\u00f3 Horta Sud eta Red Solidaria Popular erakundeei; Hirugarren Sektoreko Plataformari eta Eskubide Sozialen, Kontsumoaren eta 2030 Agendaren Ministerioari, DANAk eragindako kolektiboen gizarte-babeserako dirulaguntzaren bidez emandako laguntzagatik; eta azkenik, arratsaldetan prestakuntza eskaini duten pertsonei.<\/p>\n<p>Eta noski, eskerrik asko Valentzia, Santander, Gasteiz, Madril, Getafe, Soria, Iru\u00f1ea eta Versaillesetik etorritako boluntarioei, San Jose de Calasanz-en pausoetan jarraituz ahulenekin lan egiteagatik. Espero dugu esperientzia hau boluntariotzaren bizimodu bihurtzea.<\/p>\n<p>Laster arte!<\/p>\n<p>&#8221; content_ca=&#8221;<\/p>\n<p data-start=%225512%22 data-end=%227393%22>El passat dissabte va finalitzar a Val\u00e8ncia el camp de voluntariat en qu\u00e8 han participat 27 joves, acompanyats per un equip de sis coordinadors i coordinadores. Han col\u00b7laborat tant en tres dels projectes d\u2019inf\u00e0ncia i joventut que Itaka-Escolapis t\u00e9 a Val\u00e8ncia \u2014Amaltea, Llum i Sa\u00f3\u2014 com amb diferents entitats de Catarroja, Torrent i Paiporta que ajuden a les persones afectades per la DANA d\u2019octubre passat.<\/p>\n<p data-start=%225512%22 data-end=%227393%22>Han sigut dies de descobriment, d\u2019activitats i jocs, de formacions, de conviv\u00e8ncia i sobretot de servei als altres, als m\u00e9s menuts i a qui m\u00e9s pateix al nostre voltant. Dies de mirar m\u00e9s enll\u00e0 del nostre melic i veure la realitat amb ulls nous.<\/p>\n<p data-start=%225512%22 data-end=%227393%22>Nom\u00e9s ens queda donar les gr\u00e0cies a totes les persones que han fet possible aquest camp de treball tan especial: a l\u2019equip de coordinaci\u00f3 per la seua disponibilitat i la seua tasca gaireb\u00e9 24 hores al dia des d\u2019abans de comen\u00e7ar; al col\u00b7legi @San Jos\u00e9 de Calasanz per obrir-nos les portes per a viure all\u00ed aquesta experi\u00e8ncia de voluntariat; i al col\u00b7legi Escola Pia Algemes\u00ed per donar-nos el seu testimoniatge de primera m\u00e0 sobre el dia de la DANA i les seues conseq\u00fc\u00e8ncies; als projectes Sa\u00f3, Llum i Amaltea, i a les entitats Adopta un major, associaci\u00f3 Estem, Plataforma del Voluntariat de la Comunitat Valenciana, Fundaci\u00f3 Horta Sud i Xarxa Solid\u00e0ria Popular per acollir-nos per col\u00b7laborar amb ells; a la Plataforma del Tercer Sector i el Ministeri de Drets Socials, Consum i Agenda 2030, pel seu suport a trav\u00e9s de la subvenci\u00f3 per a la protecci\u00f3 social de col\u00b7lectius afectats per la DANA; i a les persones que han donat les formacions durant aquestes setmanes.<\/p>\n<p data-start=%225512%22 data-end=%227393%22>I per descomptat, gr\u00e0cies als voluntaris i volunt\u00e0ries vinguts de Val\u00e8ncia, Santander, Vit\u00f2ria, Madrid, Getafe, S\u00f2ria, Pamplona i Versalles pel seu servei seguint els passos de Sant Josep de Calassan\u00e7 amb les persones m\u00e9s vulnerables. Esperem que haja sigut una gran experi\u00e8ncia de voluntariat que es convertisca en un estil de vida en favor dels altres.<\/p>\n<p data-start=%225512%22 data-end=%227393%22>Ens veiem prompte!<\/p>\n<p>&#8221; content_pt_br=&#8221;<\/p>\n<p>No \u00faltimo s\u00e1bado terminou em Val\u00eancia o campo de voluntariado que contou com a participa\u00e7\u00e3o de 27 jovens, acompanhados por uma equipe de seis coordenadores e coordenadoras. Eles colaboraram tanto com tr\u00eas projetos de inf\u00e2ncia e juventude que a Itaka-Escol\u00e1pios desenvolve em Val\u00eancia \u2014 Amaltea, Llum e Sa\u00f3 \u2014 quanto com diversas entidades em Catarroja, Torrent e Paiporta que prestam ajuda \u00e0s pessoas afetadas pela DANA de outubro passado.<\/p>\n<p>Foram dias de descobertas, atividades e brincadeiras, forma\u00e7\u00f5es, conviv\u00eancia e, acima de tudo, de servi\u00e7o aos outros, especialmente \u00e0s crian\u00e7as e aos que mais sofrem ao nosso redor. Dias de olhar al\u00e9m de n\u00f3s mesmos e enxergar a realidade com novos olhos.<\/p>\n<p>S\u00f3 nos resta agradecer a todas as pessoas que tornaram poss\u00edvel este campo de trabalho t\u00e3o especial: \u00e0 equipe de coordena\u00e7\u00e3o, pela disponibilidade e dedica\u00e7\u00e3o quase 24 horas por dia desde antes do in\u00edcio; ao col\u00e9gio @San Jos\u00e9 de Calasanz por nos abrir as portas para vivermos essa experi\u00eancia de voluntariado; e ao col\u00e9gio Escola Pia Algemes\u00ed por compartilhar seu testemunho em primeira m\u00e3o sobre o dia da DANA e seus desdobramentos; aos projetos Sa\u00f3, Llum e Amaltea e \u00e0s entidades Adopta un mayor, associa\u00e7\u00e3o Estem, Plataforma do Voluntariado da Comunidade Valenciana, Fundaci\u00f3 Horta Sud e Rede Solid\u00e1ria Popular por nos acolherem para colaborar com elas; \u00e0 Plataforma do Terceiro Setor e ao Minist\u00e9rio dos Direitos Sociais, Consumo e Agenda 2030, pelo apoio concedido atrav\u00e9s da subven\u00e7\u00e3o para a prote\u00e7\u00e3o social dos coletivos afetados pela DANA; e \u00e0s pessoas que ministraram as forma\u00e7\u00f5es durante essas semanas.<\/p>\n<p>E, \u00e9 claro, obrigado aos volunt\u00e1rios e volunt\u00e1rias vindos de Val\u00eancia, Santander, Vit\u00f3ria, Madri, Getafe, S\u00f3ria, Pamplona e Versalhes por seu servi\u00e7o seguindo os passos de S\u00e3o Jos\u00e9 de Calasanz junto aos mais vulner\u00e1veis. Esperamos que tenha sido uma grande experi\u00eancia de voluntariado que se transforme em um estilo de vida a favor dos outros.<\/p>\n<p>Nos vemos em breve!<\/p>\n<p>&#8221; global_colors_info=&#8221;{}&#8221; sticky_enabled=&#8221;0&#8243;]<\/p>\n<p>El pasado s\u00e1bado finaliz\u00f3 en Valencia el campo de voluntariado en el que han participado 27 j\u00f3venes, acompa\u00f1ados por un equipo de seis coordinadores y coordinadoras y que han colaborado tanto en tres de los proyectos de infancia y juventud que Itaka- Escolapios tiene en Valencia, Amaltea, Llum y Sa\u00f3, como con distintas entidades de Catarroja, Torrent y Paiporta que ayudan a las personas afectadas por la DANA del pasado octubre.<\/p>\n<p>Han sido unos d\u00edas de descubrimiento, de actividades y juegos, de formaciones, de convivencia y, sobre todo, de servicio a los dem\u00e1s, a los m\u00e1s peque\u00f1os y peque\u00f1as y a los que m\u00e1s sufren en nuestro entorno. D\u00edas de mirar m\u00e1s all\u00e1 de nuestro ombligo y de mirar la realidad con nuevos ojos.\u00a0<\/p>\n<p>Solo nos queda dar las gracias a todas las personas que han hecho posible este campo de trabajo tan especial: Al equipo de coordinaci\u00f3n por su disponibilidad y su labor casi las 24 horas del d\u00eda ya desde antes de empezar; al colegio @San Jos\u00e9 de Calasanz por abrirnos las puertas para vivir all\u00ed esta experiencia de voluntariado y al colegio Escola Pia Algemes\u00ed por darnos su testimonio de primera mano sobre el d\u00eda de la DANA y posteriores; a los proyectos Sa\u00f3, Llum y Amaltea y a las entidades Adopta un mayor, asociaci\u00f3n Estem, Plataforma del Voluntariado de la Comunitat Valenciana, Fundaci\u00f3 Horta Sud y Red Solidaria Popular por acogernos para colaborar con ellos; a la Plataforma del Tercer Sector y el Ministerio de Derechos Sociales, Consumo y Agenda 2030, por su apoyo a trav\u00e9s de la subvenci\u00f3n para la protecci\u00f3n social de colectivos afectados por la DANA; y a las personas que han dado durante estas semanas las formaciones por las tardes.<\/p>\n<p>Y por supuesto, gracias a los voluntarios y voluntarias venidos de Valencia, Santander, Vitoria, Madrid, Getafe, Soria, Pamplona y Versalles por su servicio siguiendo los pasos de San Jos\u00e9 de Calasanz con las personas m\u00e1s vulnerables. Esperamos que haya sido una gran experiencia de voluntariado que se convierta en un estilo de vida en favor de los dem\u00e1s.<\/p>\n<p>\u00a1Nos vemos pronto!<\/p>\n<p>[\/et_pb_text][\/et_pb_column_inner][\/et_pb_row_inner][et_pb_row_inner admin_label=&#8221;Im\u00e1genes sede&#8221; _builder_version=&#8221;4.27.4&#8243; _module_preset=&#8221;default&#8221; custom_padding=&#8221;20px||||false|false&#8221; border_width_right=&#8221;3px&#8221; border_color_right=&#8221;gcid-b1ace166-c11d-4c70-a679-55884e9ca298&#8243; border_style_right=&#8221;dotted&#8221; border_width_right_tablet=&#8221;3px&#8221; border_width_right_phone=&#8221;0px&#8221; border_width_right_last_edited=&#8221;on|desktop&#8221; collapsed=&#8221;off&#8221; global_colors_info=&#8221;{%22gcid-b1ace166-c11d-4c70-a679-55884e9ca298%22:%91%22border_color_right%22%93}&#8221;][et_pb_column_inner saved_specialty_column_type=&#8221;3_4&#8243; _builder_version=&#8221;4.27.4&#8243; _module_preset=&#8221;default&#8221; global_colors_info=&#8221;{}&#8221;][difl_imagecarousel item_desktop=&#8221;2&#8243; item_tablet=&#8221;1&#8243; loop=&#8221;on&#8221; dots=&#8221;on&#8221; use_lightbox=&#8221;on&#8221; arrow_color=&#8221;gcid-b1ace166-c11d-4c70-a679-55884e9ca298&#8243; dots_color=&#8221;gcid-cca90ba6-297c-4d63-9e2c-8201011ef870&#8243; active_dots_color=&#8221;gcid-b1ace166-c11d-4c70-a679-55884e9ca298&#8243; _builder_version=&#8221;4.27.4&#8243; _module_preset=&#8221;default&#8221; overflow-x=&#8221;hidden&#8221; overflow-y=&#8221;hidden&#8221; custom_margin=&#8221;|60px|||false|false&#8221; custom_margin_tablet=&#8221;|60px|||false|false&#8221; custom_margin_phone=&#8221;|60px|||false|false&#8221; custom_margin_last_edited=&#8221;on|desktop&#8221; hover_enabled=&#8221;0&#8243; custom_css_free_form=&#8221;selector .df_ici_container {margin: 0 auto;}&#8221; global_colors_info=&#8221;{%22gcid-b1ace166-c11d-4c70-a679-55884e9ca298%22:%91%22arrow_color%22,%22active_dots_color%22%93,%22gcid-cca90ba6-297c-4d63-9e2c-8201011ef870%22:%91%22dots_color%22%93}&#8221; sticky_enabled=&#8221;0&#8243;][difl_imagecarouselitem image=&#8221;https:\/\/www.itakaescolapios.org\/wp-content\/uploads\/2025\/07\/WhatsApp-Image-2025-07-18-at-22.24.10.jpeg&#8221; ic_button_button_url_new_window=&#8221;1&#8243; _builder_version=&#8221;4.27.4&#8243; _module_preset=&#8221;default&#8221; global_colors_info=&#8221;{}&#8221;][\/difl_imagecarouselitem][difl_imagecarouselitem image=&#8221;https:\/\/www.itakaescolapios.org\/wp-content\/uploads\/2025\/07\/d789afb2-2342-4957-b5fb-8f3e3baf0feb.jpeg&#8221; ic_button_button_url_new_window=&#8221;1&#8243; _builder_version=&#8221;4.27.4&#8243; _module_preset=&#8221;default&#8221; global_colors_info=&#8221;{}&#8221;][\/difl_imagecarouselitem][difl_imagecarouselitem image=&#8221;https:\/\/www.itakaescolapios.org\/wp-content\/uploads\/2025\/07\/WhatsApp-Image-2025-07-21-at-11.23.09.jpeg&#8221; ic_button_button_url_new_window=&#8221;1&#8243; _builder_version=&#8221;4.27.4&#8243; _module_preset=&#8221;default&#8221; global_colors_info=&#8221;{}&#8221;][\/difl_imagecarouselitem][difl_imagecarouselitem image=&#8221;https:\/\/www.itakaescolapios.org\/wp-content\/uploads\/2025\/07\/WhatsApp-Image-2025-07-18-at-10.45.49-e1753357265644.jpeg&#8221; ic_button_button_url_new_window=&#8221;1&#8243; _builder_version=&#8221;4.27.4&#8243; _module_preset=&#8221;default&#8221; global_colors_info=&#8221;{}&#8221;][\/difl_imagecarouselitem][difl_imagecarouselitem image=&#8221;https:\/\/www.itakaescolapios.org\/wp-content\/uploads\/2025\/07\/WhatsApp-Image-2025-07-21-at-11.43.40.jpeg&#8221; ic_button_button_url_new_window=&#8221;1&#8243; _builder_version=&#8221;4.27.4&#8243; _module_preset=&#8221;default&#8221; global_colors_info=&#8221;{}&#8221;][\/difl_imagecarouselitem][difl_imagecarouselitem image=&#8221;https:\/\/www.itakaescolapios.org\/wp-content\/uploads\/2025\/07\/WhatsApp-Image-2025-07-21-at-11.43.30.jpeg&#8221; ic_button_button_url_new_window=&#8221;1&#8243; _builder_version=&#8221;4.27.4&#8243; _module_preset=&#8221;default&#8221; global_colors_info=&#8221;{}&#8221;][\/difl_imagecarouselitem][difl_imagecarouselitem image=&#8221;https:\/\/www.itakaescolapios.org\/wp-content\/uploads\/2025\/07\/WhatsApp-Image-2025-07-21-at-11.23.09-4-e1753357372108.jpeg&#8221; ic_button_button_url_new_window=&#8221;1&#8243; _builder_version=&#8221;4.27.4&#8243; _module_preset=&#8221;default&#8221; global_colors_info=&#8221;{}&#8221;][\/difl_imagecarouselitem][difl_imagecarouselitem image=&#8221;https:\/\/www.itakaescolapios.org\/wp-content\/uploads\/2025\/07\/WhatsApp-Image-2025-07-18-at-09.29.09.jpeg&#8221; ic_button_button_url_new_window=&#8221;1&#8243; _builder_version=&#8221;4.27.4&#8243; _module_preset=&#8221;default&#8221; global_colors_info=&#8221;{}&#8221;][\/difl_imagecarouselitem][difl_imagecarouselitem image=&#8221;https:\/\/www.itakaescolapios.org\/wp-content\/uploads\/2025\/07\/WhatsApp-Image-2025-07-10-at-16.11.34.jpeg&#8221; ic_button_button_url_new_window=&#8221;1&#8243; _builder_version=&#8221;4.27.4&#8243; _module_preset=&#8221;default&#8221; global_colors_info=&#8221;{}&#8221;][\/difl_imagecarouselitem][difl_imagecarouselitem image=&#8221;https:\/\/www.itakaescolapios.org\/wp-content\/uploads\/2025\/07\/WhatsApp-Image-2025-07-10-at-16.11.34-1.jpeg&#8221; ic_button_button_url_new_window=&#8221;1&#8243; _builder_version=&#8221;4.27.4&#8243; _module_preset=&#8221;default&#8221; global_colors_info=&#8221;{}&#8221;][\/difl_imagecarouselitem][difl_imagecarouselitem image=&#8221;https:\/\/www.itakaescolapios.org\/wp-content\/uploads\/2025\/07\/WhatsApp-Image-2025-07-08-at-19.40.04.jpeg&#8221; ic_button_button_url_new_window=&#8221;1&#8243; _builder_version=&#8221;4.27.4&#8243; _module_preset=&#8221;default&#8221; global_colors_info=&#8221;{}&#8221;][\/difl_imagecarouselitem][difl_imagecarouselitem image=&#8221;https:\/\/www.itakaescolapios.org\/wp-content\/uploads\/2025\/07\/2e43ba9a-730f-4d83-819d-e8606f3928f6.jpeg&#8221; ic_button_button_url_new_window=&#8221;1&#8243; _builder_version=&#8221;4.27.4&#8243; _module_preset=&#8221;default&#8221; global_colors_info=&#8221;{}&#8221;][\/difl_imagecarouselitem][difl_imagecarouselitem image=&#8221;https:\/\/www.itakaescolapios.org\/wp-content\/uploads\/2025\/07\/WhatsApp-Image-2025-07-09-at-10.27.06.jpeg&#8221; ic_button_button_url_new_window=&#8221;1&#8243; _builder_version=&#8221;4.27.4&#8243; _module_preset=&#8221;default&#8221; global_colors_info=&#8221;{}&#8221;][\/difl_imagecarouselitem][difl_imagecarouselitem image=&#8221;https:\/\/www.itakaescolapios.org\/wp-content\/uploads\/2025\/07\/WhatsApp-Image-2025-07-10-at-21.58.36.jpeg&#8221; ic_button_button_url_new_window=&#8221;1&#8243; _builder_version=&#8221;4.27.4&#8243; _module_preset=&#8221;default&#8221; global_colors_info=&#8221;{}&#8221;][\/difl_imagecarouselitem][difl_imagecarouselitem image=&#8221;https:\/\/www.itakaescolapios.org\/wp-content\/uploads\/2025\/07\/WhatsApp-Image-2025-07-07-at-13.39.52.jpeg&#8221; ic_button_button_url_new_window=&#8221;1&#8243; _builder_version=&#8221;4.27.4&#8243; _module_preset=&#8221;default&#8221; global_colors_info=&#8221;{}&#8221;][\/difl_imagecarouselitem][difl_imagecarouselitem image=&#8221;https:\/\/www.itakaescolapios.org\/wp-content\/uploads\/2025\/07\/WhatsApp-Image-2025-07-09-at-10.27.49-e1753357495636.jpeg&#8221; ic_button_button_url_new_window=&#8221;1&#8243; _builder_version=&#8221;4.27.4&#8243; _module_preset=&#8221;default&#8221; global_colors_info=&#8221;{}&#8221;][\/difl_imagecarouselitem][difl_imagecarouselitem image=&#8221;https:\/\/www.itakaescolapios.org\/wp-content\/uploads\/2025\/07\/WhatsApp-Image-2025-07-21-at-11.23.09-1.jpeg&#8221; ic_button_button_url_new_window=&#8221;1&#8243; _builder_version=&#8221;4.27.4&#8243; _module_preset=&#8221;default&#8221; global_colors_info=&#8221;{}&#8221;][\/difl_imagecarouselitem][difl_imagecarouselitem _builder_version=&#8221;4.27.4&#8243; _module_preset=&#8221;default&#8221; title_text=&#8221;LOGO_PTS_PRINCIPAL&#8221; image=&#8221;https:\/\/www.itakaescolapios.org\/wp-content\/uploads\/2025\/07\/LOGO_PTS_PRINCIPAL.png&#8221; hover_enabled=&#8221;0&#8243; sticky_enabled=&#8221;0&#8243;][\/difl_imagecarouselitem][\/difl_imagecarousel][\/et_pb_column_inner][\/et_pb_row_inner][et_pb_row_inner _builder_version=&#8221;4.24.3&#8243; _module_preset=&#8221;default&#8221; custom_padding=&#8221;20px||||false|false&#8221; border_width_right=&#8221;3px&#8221; border_color_right=&#8221;gcid-b1ace166-c11d-4c70-a679-55884e9ca298&#8243; border_style_right=&#8221;dotted&#8221; border_width_right_tablet=&#8221;3px&#8221; border_width_right_phone=&#8221;0px&#8221; border_width_right_last_edited=&#8221;on|desktop&#8221; collapsed=&#8221;on&#8221; global_colors_info=&#8221;{%22gcid-b1ace166-c11d-4c70-a679-55884e9ca298%22:%91%22border_color_right%22%93}&#8221;][et_pb_column_inner saved_specialty_column_type=&#8221;3_4&#8243; _builder_version=&#8221;4.24.3&#8243; _module_preset=&#8221;default&#8221; global_colors_info=&#8221;{}&#8221;][et_pb_text admin_label=&#8221;L\u00ednea divisoria&#8221; _builder_version=&#8221;4.27.4&#8243; _module_preset=&#8221;default&#8221; header_font=&#8221;IBM Plex Sans|700|||||||&#8221; header_text_color=&#8221;gcid-cca90ba6-297c-4d63-9e2c-8201011ef870&#8243; header_font_size=&#8221;40px&#8221; custom_margin=&#8221;|30px|||false|false&#8221; header_font_size_tablet=&#8221;55px&#8221; header_font_size_phone=&#8221;30px&#8221; header_font_size_last_edited=&#8221;on|phone&#8221; border_width_bottom=&#8221;3px&#8221; border_color_bottom=&#8221;gcid-b1ace166-c11d-4c70-a679-55884e9ca298&#8243; border_style_bottom=&#8221;dotted&#8221; global_colors_info=&#8221;{%22gcid-cca90ba6-297c-4d63-9e2c-8201011ef870%22:%91%22header_text_color%22%93,%22gcid-b1ace166-c11d-4c70-a679-55884e9ca298%22:%91%22border_color_bottom%22%93}&#8221;][\/et_pb_text][difl_imagecarousel item_desktop=&#8221;3&#8243; admin_label=&#8221;Campa\u00f1a, educa y voluntariado&#8221; _builder_version=&#8221;4.27.4&#8243; _module_preset=&#8221;default&#8221; width_tablet=&#8221;&#8221; width_phone=&#8221;100%&#8221; width_last_edited=&#8221;on|desktop&#8221; custom_margin=&#8221;|62px|||false|false&#8221; custom_margin_tablet=&#8221;|62px|||false|false&#8221; custom_margin_phone=&#8221;|62px|||false|false&#8221; custom_margin_last_edited=&#8221;on|desktop&#8221; global_module=&#8221;316782&#8243; global_colors_info=&#8221;{}&#8221; custom_margin__hover_enabled=&#8221;off|desktop&#8221; custom_margin__hover=&#8221;|30px|||false|false&#8221;][difl_imagecarouselitem image=&#8221;https:\/\/www.itakaescolapios.org\/wp-content\/uploads\/2025\/02\/BANNERS-CAMPANA-INFERIOR-500500.jpg&#8221; ic_button_button_url_new_window=&#8221;1&#8243; _builder_version=&#8221;4.27.4&#8243; _module_preset=&#8221;default&#8221; link_option_url=&#8221;https:\/\/www.educa.itakaescolapios.org\/campanas\/2024-2025-abriendo-caminos&#8221; image_en_us=&#8221;https:\/\/www.itakaescolapios.org\/wp-content\/uploads\/2025\/02\/BANNERS-CAMPANA-INFERIOR-5005002.jpg&#8221; image_fr_fr=&#8221;https:\/\/www.itakaescolapios.org\/wp-content\/uploads\/2025\/02\/BANNERS-CAMPANA-INFERIOR-5005003.jpg&#8221; image_eu=&#8221;https:\/\/www.itakaescolapios.org\/wp-content\/uploads\/2025\/02\/BANNERS-CAMPANA-INFERIOR-5005006.jpg&#8221; image_ca=&#8221;https:\/\/www.itakaescolapios.org\/wp-content\/uploads\/2025\/02\/BANNERS-CAMPANA-INFERIOR-5005005.jpg&#8221; image_pt_br=&#8221;https:\/\/www.itakaescolapios.org\/wp-content\/uploads\/2025\/02\/BANNERS-CAMPANA-INFERIOR-5005004.jpg&#8221; global_colors_info=&#8221;{}&#8221;][\/difl_imagecarouselitem][difl_imagecarouselitem admin_label=&#8221;Voluntariado&#8221; image=&#8221;https:\/\/www.itakaescolapios.org\/wp-content\/uploads\/2025\/02\/BANNERS-VOLUNTARIADO-INFERIOR-500500.jpg&#8221; ic_button_button_url_new_window=&#8221;1&#8243; _builder_version=&#8221;4.27.4&#8243; _module_preset=&#8221;default&#8221; link_option_url=&#8221;https:\/\/www.itakaescolapios.org\/es\/haz-voluntariado\/&#8221; image_en_us=&#8221;https:\/\/www.itakaescolapios.org\/wp-content\/uploads\/2025\/02\/BANNERS-VOLUNTARIADO-INFERIOR-5005002.jpg&#8221; image_fr_fr=&#8221;https:\/\/www.itakaescolapios.org\/wp-content\/uploads\/2025\/02\/BANNERS-VOLUNTARIADO-INFERIOR-5005003.jpg&#8221; image_eu=&#8221;https:\/\/www.itakaescolapios.org\/wp-content\/uploads\/2025\/02\/BANNERS-VOLUNTARIADO-INFERIOR-5005006.jpg&#8221; image_ca=&#8221;https:\/\/www.itakaescolapios.org\/wp-content\/uploads\/2025\/02\/BANNERS-VOLUNTARIADO-INFERIOR-5005004.jpg&#8221; image_pt_br=&#8221;https:\/\/www.itakaescolapios.org\/wp-content\/uploads\/2025\/02\/BANNERS-VOLUNTARIADO-INFERIOR-5005005.jpg&#8221; global_colors_info=&#8221;{}&#8221;][\/difl_imagecarouselitem][difl_imagecarouselitem image=&#8221;https:\/\/www.itakaescolapios.org\/wp-content\/uploads\/2025\/02\/BANNERS-EDUCA-INFERIOR-500500.jpg&#8221; ic_button_button_url_new_window=&#8221;1&#8243; _builder_version=&#8221;4.27.4&#8243; _module_preset=&#8221;default&#8221; link_option_url=&#8221;https:\/\/www.educa.itakaescolapios.org\/&#8221; image_en_us=&#8221;https:\/\/www.itakaescolapios.org\/wp-content\/uploads\/2025\/02\/BANNERS-EDUCA-INFERIOR-5005002.jpg&#8221; image_fr_fr=&#8221;https:\/\/www.itakaescolapios.org\/wp-content\/uploads\/2025\/02\/BANNERS-EDUCA-INFERIOR-5005003.jpg&#8221; image_eu=&#8221;https:\/\/www.itakaescolapios.org\/wp-content\/uploads\/2025\/02\/BANNERS-EDUCA-INFERIOR-5005006.jpg&#8221; image_ca=&#8221;https:\/\/www.itakaescolapios.org\/wp-content\/uploads\/2025\/02\/BANNERS-EDUCA-INFERIOR-5005005.jpg&#8221; image_pt_br=&#8221;https:\/\/www.itakaescolapios.org\/wp-content\/uploads\/2025\/02\/BANNERS-EDUCA-INFERIOR-5005004.jpg&#8221; global_colors_info=&#8221;{}&#8221;][\/difl_imagecarouselitem][\/difl_imagecarousel][\/et_pb_column_inner][\/et_pb_row_inner][\/et_pb_column][et_pb_column type=&#8221;1_4&#8243; _builder_version=&#8221;4.16&#8243; custom_padding=&#8221;|||&#8221; global_colors_info=&#8221;{}&#8221; custom_padding__hover=&#8221;|||&#8221;][difl_imagecarousel item_desktop=&#8221;1&#8243; item_tablet=&#8221;1&#8243; loop=&#8221;on&#8221; autoplay=&#8221;on&#8221; autospeed=&#8221;3500&#8243; dots=&#8221;on&#8221; dots_color=&#8221;gcid-cca90ba6-297c-4d63-9e2c-8201011ef870&#8243; active_dots_color=&#8221;gcid-b1ace166-c11d-4c70-a679-55884e9ca298&#8243; dots_gap=&#8221;21px&#8221; item_wrapper_padding=&#8221;||15px||false|false&#8221; admin_label=&#8221;Ser miembro y newsletter&#8221; module_class=&#8221;extiendeenlacedeboton&#8221; _builder_version=&#8221;4.27.4&#8243; _module_preset=&#8221;default&#8221; global_module=&#8221;51656&#8243; saved_tabs=&#8221;all&#8221; global_colors_info=&#8221;{%22gcid-cca90ba6-297c-4d63-9e2c-8201011ef870%22:%91%22dots_color%22%93,%22gcid-b1ace166-c11d-4c70-a679-55884e9ca298%22:%91%22active_dots_color%22%93}&#8221;][difl_imagecarouselitem image=&#8221;https:\/\/www.itakaescolapios.org\/wp-content\/uploads\/2025\/02\/banners-500&#215;500-esp.jpg&#8221; ic_button_button_text=&#8221;bot&#8221; ic_button_button_url=&#8221;\/es\/colabora&#8221; ic_button_button_url_new_window=&#8221;1&#8243; _builder_version=&#8221;4.27.4&#8243; _module_preset=&#8221;default&#8221; image_en_us=&#8221;https:\/\/www.itakaescolapios.org\/wp-content\/uploads\/2025\/02\/banners-500&#215;500-eng.jpg&#8221; ic_button_button_text_en_us=&#8221;bot&#8221; image_fr_fr=&#8221;https:\/\/www.itakaescolapios.org\/wp-content\/uploads\/2025\/02\/banners-500&#215;500-fra.jpg&#8221; ic_button_button_text_fr_fr=&#8221;bot&#8221; image_eu=&#8221;https:\/\/www.itakaescolapios.org\/wp-content\/uploads\/2025\/02\/banners-500&#215;500-eusk.jpg&#8221; ic_button_button_text_eu=&#8221;bot&#8221; image_ca=&#8221;https:\/\/www.itakaescolapios.org\/wp-content\/uploads\/2025\/02\/banners-500&#215;500-val.jpg&#8221; ic_button_button_text_ca=&#8221;bot&#8221; image_pt_br=&#8221;https:\/\/www.itakaescolapios.org\/wp-content\/uploads\/2025\/02\/banners-500&#215;500-port.jpg&#8221; ic_button_button_text_pt_br=&#8221;bot&#8221; global_colors_info=&#8221;{}&#8221;][\/difl_imagecarouselitem][difl_imagecarouselitem image=&#8221;https:\/\/www.itakaescolapios.org\/wp-content\/uploads\/2025\/02\/banners-500&#215;500-esp2.png&#8221; ic_button_button_text=&#8221;bot&#8221; ic_button_button_url=&#8221;\/es\/suscribete\/&#8221; ic_button_button_url_new_window=&#8221;1&#8243; _builder_version=&#8221;4.27.4&#8243; _module_preset=&#8221;default&#8221; image_en_us=&#8221;https:\/\/www.itakaescolapios.org\/wp-content\/uploads\/2025\/02\/banners-500&#215;500-eng2.jpg&#8221; ic_button_button_text_en_us=&#8221;bot&#8221; image_fr_fr=&#8221;https:\/\/www.itakaescolapios.org\/wp-content\/uploads\/2025\/02\/banners-500&#215;500-fra2.jpg&#8221; ic_button_button_text_fr_fr=&#8221;bot&#8221; image_eu=&#8221;https:\/\/www.itakaescolapios.org\/wp-content\/uploads\/2025\/02\/banners-500&#215;500-eusk2.jpg&#8221; ic_button_button_text_eu=&#8221;bot&#8221; image_ca=&#8221;https:\/\/www.itakaescolapios.org\/wp-content\/uploads\/2025\/02\/banners-500&#215;500-val2.jpg&#8221; ic_button_button_text_ca=&#8221;bot&#8221; image_pt_br=&#8221;https:\/\/www.itakaescolapios.org\/wp-content\/uploads\/2025\/02\/banners-500&#215;500-port2.jpg&#8221; ic_button_button_text_pt_br=&#8221;bot&#8221; global_colors_info=&#8221;{}&#8221;][\/difl_imagecarouselitem][\/difl_imagecarousel][et_pb_text admin_label=&#8221;Texto %22\u00daltimas noticias%22&#8243; _builder_version=&#8221;4.25.0&#8243; _module_preset=&#8221;default&#8221; header_font=&#8221;IBM Plex Sans|700|||||||&#8221; header_text_color=&#8221;gcid-cca90ba6-297c-4d63-9e2c-8201011ef870&#8243; header_font_size=&#8221;40px&#8221; custom_margin=&#8221;||||false|false&#8221; header_font_size_tablet=&#8221;55px&#8221; header_font_size_phone=&#8221;30px&#8221; header_font_size_last_edited=&#8221;on|phone&#8221; content_en_us=&#8221;<\/p>\n<h1>Last news<\/h1>\n<p>&#8221; content_fr_fr=&#8221;<\/p>\n<h1>Derni\u00e8res nouvelles<\/h1>\n<p>&#8221; content_eu=&#8221;<\/p>\n<h1>Azken berriak<\/h1>\n<p>&#8221; content_ca=&#8221;<\/p>\n<h1>\u00daltimes not\u00edcies<\/h1>\n<p>&#8221; content_pt_br=&#8221;<\/p>\n<h1>\u00daltimas not\u00edcias<\/h1>\n<p>&#8221; border_width_bottom=&#8221;3px&#8221; border_color_bottom=&#8221;gcid-b1ace166-c11d-4c70-a679-55884e9ca298&#8243; border_style_bottom=&#8221;dotted&#8221; global_module=&#8221;50904&#8243; saved_tabs=&#8221;all&#8221; global_colors_info=&#8221;{%22gcid-cca90ba6-297c-4d63-9e2c-8201011ef870%22:%91%22header_text_color%22,%22header_text_color%22%93,%22gcid-b1ace166-c11d-4c70-a679-55884e9ca298%22:%91%22border_color_bottom%22%93}&#8221;]<\/p>\n<h1>\u00daltimas noticias<\/h1>\n<p>[\/et_pb_text][difl_blogcarousel posts_number=&#8221;6&#8243; post_display=&#8221;by_category&#8221; include_categories=&#8221;500,12&#8243; use_image_as_background=&#8221;on&#8221; item_desktop=&#8221;1&#8243; item_tablet=&#8221;1&#8243; loop=&#8221;on&#8221; dots=&#8221;on&#8221; equal_height=&#8221;on&#8221; item_background_bgcolor=&#8221;rgba(175,196,16,0.9)&#8221; arrow_color=&#8221;#FFFFFF&#8221; arrow_background=&#8221;gcid-cca90ba6-297c-4d63-9e2c-8201011ef870&#8243; arrow_circle=&#8221;on&#8221; arrow_prev_icon_use_icon=&#8221;off&#8221; arrow_prev_margin=&#8221;|||-70px|false|false&#8221; arrow_prev_margin_tablet=&#8221;&#8221; arrow_prev_margin_phone=&#8221;|||0px|false|false&#8221; arrow_prev_margin_last_edited=&#8221;on|phone&#8221; arrow_next_margin=&#8221;|-70px|||false|false&#8221; arrow_next_margin_tablet=&#8221;&#8221; arrow_next_margin_phone=&#8221;|0px|||false|false&#8221; arrow_next_margin_last_edited=&#8221;on|phone&#8221; large_active_dot=&#8221;on&#8221; dots_color=&#8221;gcid-cca90ba6-297c-4d63-9e2c-8201011ef870&#8243; active_dots_color=&#8221;gcid-b1ace166-c11d-4c70-a679-55884e9ca298&#8243; wrapper_padding=&#8221;||15px||false|false&#8221; item_wrapper_padding=&#8221;300px||||false|false&#8221; item_padding=&#8221;20px||||false|false&#8221; admin_label=&#8221;AQU\u00cd CAMBIA LA CATEGOR\u00cdA&#8221; _builder_version=&#8221;4.27.4&#8243; _module_preset=&#8221;default&#8221; border_radii_item_outer=&#8221;on|8px|8px|8px|8px&#8221; global_colors_info=&#8221;{%22gcid-b1ace166-c11d-4c70-a679-55884e9ca298%22:%91%22item_background_bgcolor%22,%22active_dots_color%22%93}&#8221;][difl_postitem type=&#8221;title&#8221; element_padding=&#8221;10px|10px||10px|false|true&#8221; _builder_version=&#8221;4.27.4&#8243; _module_preset=&#8221;default&#8221; post_font_style_font=&#8221;Merriweather|900|||||||&#8221; post_font_style_text_color=&#8221;#FFFFFF&#8221; post_font_style_font_size=&#8221;20px&#8221; post_font_style_line_height=&#8221;22px&#8221; background_color=&#8221;RGBA(255,255,255,0)&#8221; background_enable_color=&#8221;on&#8221; text_orientation=&#8221;center&#8221; global_colors_info=&#8221;{}&#8221;][\/difl_postitem][difl_postitem type=&#8221;date&#8221; date_format=&#8221;j-F-Y&#8221; meta_display=&#8221;block&#8221; use_icon=&#8221;on&#8221; font_icon=&#8221;&#xe023;||divi||400&#8243; icon_color=&#8221;#FFFFFF&#8221; element_padding=&#8221;|10px||10px|false|true&#8221; _builder_version=&#8221;4.27.4&#8243; _module_preset=&#8221;default&#8221; post_font_style_font=&#8221;IBM Plex Sans|700|||||||&#8221; post_font_style_text_color=&#8221;#FFFFFF&#8221; post_font_style_font_size=&#8221;12px&#8221; background_color=&#8221;RGBA(255,255,255,0)&#8221; background_enable_color=&#8221;on&#8221; text_orientation=&#8221;right&#8221; global_colors_info=&#8221;{}&#8221;][\/difl_postitem][\/difl_blogcarousel][et_pb_text admin_label=&#8221;Texto %22S\u00edguenos%22&#8243; _builder_version=&#8221;4.27.4&#8243; _module_preset=&#8221;default&#8221; header_font=&#8221;IBM Plex Sans|600|||||||&#8221; header_text_color=&#8221;#FFFFFF&#8221; background_color=&#8221;gcid-cca90ba6-297c-4d63-9e2c-8201011ef870&#8243; custom_margin=&#8221;0px||0px||true|false&#8221; custom_padding=&#8221;20px||||false|false&#8221; content_en_us=&#8221;<\/p>\n<h1 style=%22text-align: center;%22>Follow us<\/h1>\n<p>&#8221; content_fr_fr=&#8221;<\/p>\n<h1 style=%22text-align: center;%22>Suivez-nous sur<\/h1>\n<p>&#8221; content_eu=&#8221;<\/p>\n<h1 style=%22text-align: center;%22>Jarraitu<\/h1>\n<p>&#8221; content_ca=&#8221;<\/p>\n<h1 style=%22text-align: center;%22>Segueix-nos<\/h1>\n<p>&#8221; content_pt_br=&#8221;<\/p>\n<h1 style=%22text-align: center;%22>Siga-nos em<\/h1>\n<p>&#8221; border_radii=&#8221;off||15px||&#8221; global_colors_info=&#8221;{%22gcid-cca90ba6-297c-4d63-9e2c-8201011ef870%22:%91%22background_color%22%93}&#8221;]<\/p>\n<h1 style=\"text-align: center;\">S\u00edguenos<\/h1>\n<p>[\/et_pb_text][et_pb_social_media_follow admin_label=&#8221;REDES SOCIALES SEDE&#8221; module_class=&#8221;redes-portada-sede&#8221; _builder_version=&#8221;4.25.1&#8243; _module_preset=&#8221;default&#8221; background_color=&#8221;gcid-cca90ba6-297c-4d63-9e2c-8201011ef870&#8243; text_orientation=&#8221;center&#8221; custom_margin=&#8221;0px||||false|false&#8221; custom_padding=&#8221;15px||15px||true|false&#8221; custom_css_free_form=&#8221;.redes-portada-sede.et_pb_module {border-bottom-left-radius: 15px !important;}&#8221; border_radii=&#8221;off|15px|15px|15px|15px&#8221; global_colors_info=&#8221;{%22gcid-cca90ba6-297c-4d63-9e2c-8201011ef870%22:%91%22background_color%22%93}&#8221;][et_pb_social_media_follow_network social_network=&#8221;facebook&#8221; icon_color=&#8221;gcid-cca90ba6-297c-4d63-9e2c-8201011ef870&#8243; _builder_version=&#8221;4.24.3&#8243; _module_preset=&#8221;default&#8221; background_color=&#8221;#FFFFFF&#8221; background_enable_color=&#8221;on&#8221; global_colors_info=&#8221;{%22gcid-cca90ba6-297c-4d63-9e2c-8201011ef870%22:%91%22icon_color%22%93}&#8221; follow_button=&#8221;off&#8221; url_new_window=&#8221;on&#8221;]facebook[\/et_pb_social_media_follow_network][et_pb_social_media_follow_network social_network=&#8221;instagram&#8221; icon_color=&#8221;gcid-cca90ba6-297c-4d63-9e2c-8201011ef870&#8243; _builder_version=&#8221;4.24.3&#8243; _module_preset=&#8221;default&#8221; background_color=&#8221;#FFFFFF&#8221; background_enable_color=&#8221;on&#8221; global_colors_info=&#8221;{%22gcid-cca90ba6-297c-4d63-9e2c-8201011ef870%22:%91%22icon_color%22%93}&#8221; follow_button=&#8221;off&#8221; url_new_window=&#8221;on&#8221;]instagram[\/et_pb_social_media_follow_network][et_pb_social_media_follow_network social_network=&#8221;youtube&#8221; icon_color=&#8221;gcid-cca90ba6-297c-4d63-9e2c-8201011ef870&#8243; _builder_version=&#8221;4.24.3&#8243; _module_preset=&#8221;default&#8221; background_color=&#8221;#FFFFFF&#8221; background_enable_color=&#8221;on&#8221; global_colors_info=&#8221;{%22gcid-cca90ba6-297c-4d63-9e2c-8201011ef870%22:%91%22icon_color%22%93}&#8221; follow_button=&#8221;off&#8221; url_new_window=&#8221;on&#8221;]youtube[\/et_pb_social_media_follow_network][\/et_pb_social_media_follow][difl_imagecarousel item_desktop=&#8221;1&#8243; item_tablet=&#8221;1&#8243; loop=&#8221;on&#8221; autoplay=&#8221;on&#8221; autospeed=&#8221;3500&#8243; dots=&#8221;on&#8221; dots_color=&#8221;gcid-cca90ba6-297c-4d63-9e2c-8201011ef870&#8243; active_dots_color=&#8221;gcid-b1ace166-c11d-4c70-a679-55884e9ca298&#8243; item_wrapper_padding=&#8221;||20px||false|false&#8221; admin_label=&#8221;Formaci\u00f3n, hemeroteca y formaci\u00f3n&#8221; module_class=&#8221;extiendeenlacedeboton&#8221; _builder_version=&#8221;4.27.4&#8243; _module_preset=&#8221;default&#8221; module_alignment=&#8221;center&#8221; custom_margin=&#8221;||||false|false&#8221; global_module=&#8221;51721&#8243; saved_tabs=&#8221;all&#8221; global_colors_info=&#8221;{%22gcid-cca90ba6-297c-4d63-9e2c-8201011ef870%22:%91%22dots_color%22%93,%22gcid-b1ace166-c11d-4c70-a679-55884e9ca298%22:%91%22active_dots_color%22%93}&#8221; custom_margin__hover_enabled=&#8221;on|hover&#8221; custom_margin__hover=&#8221;||||false|false&#8221;][difl_imagecarouselitem admin_label=&#8221;Formaci\u00f3n&#8221; image=&#8221;https:\/\/www.itakaescolapios.org\/wp-content\/uploads\/2025\/02\/banners-500&#215;500-esp5.jpg&#8221; ic_button_button_text=&#8221;bot&#8221; ic_button_button_url=&#8221;\/es\/que-hacemos\/formacion\/&#8221; ic_button_button_url_new_window=&#8221;1&#8243; _builder_version=&#8221;4.27.4&#8243; _module_preset=&#8221;default&#8221; image_en_us=&#8221;https:\/\/www.itakaescolapios.org\/wp-content\/uploads\/2025\/02\/banners-500&#215;500-eng5.jpg&#8221; ic_button_button_text_en_us=&#8221;bot&#8221; image_fr_fr=&#8221;https:\/\/www.itakaescolapios.org\/wp-content\/uploads\/2025\/02\/banners-500&#215;500-fra5.jpg&#8221; ic_button_button_text_fr_fr=&#8221;bot&#8221; image_eu=&#8221;https:\/\/www.itakaescolapios.org\/wp-content\/uploads\/2025\/02\/banners-500&#215;500-eusk5.jpg&#8221; ic_button_button_text_eu=&#8221;bot&#8221; image_ca=&#8221;https:\/\/www.itakaescolapios.org\/wp-content\/uploads\/2025\/02\/banners-500&#215;500-val5.jpg&#8221; ic_button_button_text_ca=&#8221;bot&#8221; image_pt_br=&#8221;https:\/\/www.itakaescolapios.org\/wp-content\/uploads\/2025\/02\/banners-500&#215;500-port5.jpg&#8221; ic_button_button_text_pt_br=&#8221;bot&#8221; global_colors_info=&#8221;{}&#8221;][\/difl_imagecarouselitem][difl_imagecarouselitem admin_label=&#8221;Publicaciones&#8221; image=&#8221;https:\/\/www.itakaescolapios.org\/wp-content\/uploads\/2025\/02\/banners-500&#215;500-esp3-1.jpg&#8221; ic_button_button_text=&#8221;bot&#8221; ic_button_button_url=&#8221;\/es\/publicaciones&#8221; ic_button_button_url_new_window=&#8221;1&#8243; _builder_version=&#8221;4.27.4&#8243; _module_preset=&#8221;default&#8221; image_en_us=&#8221;https:\/\/www.itakaescolapios.org\/wp-content\/uploads\/2025\/02\/banners-500&#215;500-eng3.jpg&#8221; ic_button_button_text_en_us=&#8221;bot&#8221; image_fr_fr=&#8221;https:\/\/www.itakaescolapios.org\/wp-content\/uploads\/2025\/02\/banners-500&#215;500-fra3.jpg&#8221; ic_button_button_text_fr_fr=&#8221;bot&#8221; image_eu=&#8221;https:\/\/www.itakaescolapios.org\/wp-content\/uploads\/2025\/02\/banners-500&#215;500-eusk3.jpg&#8221; ic_button_button_text_eu=&#8221;bot&#8221; image_ca=&#8221;https:\/\/www.itakaescolapios.org\/wp-content\/uploads\/2025\/02\/banners-500&#215;500-val3.jpg&#8221; ic_button_button_text_ca=&#8221;bot&#8221; image_pt_br=&#8221;https:\/\/www.itakaescolapios.org\/wp-content\/uploads\/2025\/02\/banners-500&#215;500-port3.jpg&#8221; ic_button_button_text_pt_br=&#8221;bot&#8221; global_colors_info=&#8221;{}&#8221;][\/difl_imagecarouselitem][difl_imagecarouselitem admin_label=&#8221;Hemeroteca&#8221; image=&#8221;https:\/\/www.itakaescolapios.org\/wp-content\/uploads\/2025\/02\/banners-500&#215;500-esp4.jpg&#8221; ic_button_button_text=&#8221;bot&#8221; ic_button_button_url=&#8221;\/es\/noticias\/&#8221; ic_button_button_url_new_window=&#8221;1&#8243; _builder_version=&#8221;4.27.4&#8243; _module_preset=&#8221;default&#8221; image_en_us=&#8221;https:\/\/www.itakaescolapios.org\/wp-content\/uploads\/2025\/02\/banners-500&#215;500-eng4.jpg&#8221; ic_button_button_text_en_us=&#8221;bot&#8221; image_fr_fr=&#8221;https:\/\/www.itakaescolapios.org\/wp-content\/uploads\/2025\/02\/banners-500&#215;500-fra4.jpg&#8221; ic_button_button_text_fr_fr=&#8221;bot&#8221; image_eu=&#8221;https:\/\/www.itakaescolapios.org\/wp-content\/uploads\/2025\/02\/banners-500&#215;500-eusk4.jpg&#8221; ic_button_button_text_eu=&#8221;bot&#8221; image_ca=&#8221;https:\/\/www.itakaescolapios.org\/wp-content\/uploads\/2025\/02\/banners-500&#215;500-val4.jpg&#8221; ic_button_button_text_ca=&#8221;bot&#8221; image_pt_br=&#8221;https:\/\/www.itakaescolapios.org\/wp-content\/uploads\/2025\/02\/banners-500&#215;500-port4.jpg&#8221; ic_button_button_text_pt_br=&#8221;bot&#8221; global_colors_info=&#8221;{}&#8221;][\/difl_imagecarouselitem][\/difl_imagecarousel][\/et_pb_column][\/et_pb_section]<\/p>\n","protected":false},"excerpt":{"rendered":"<p>Joan den larunbatean amaitu zen Valentziako boluntariotza kanpamentua, non 27 gaztek parte hartu zuten, sei koordinatzaileekin batera. Valentziako Itaka-Escolapios erakundeak dituen hiru haur eta gazte proiektutan (Amaltea, Llum eta Sa\u00f3) eta urrian izandako DANAk kaltetu zituen pertsonak laguntzen dituzten Catarroja, Torrent eta Paiportako hainbat erakunderekin lankidetzan aritu dira.<\/p>\n","protected":false},"author":69,"featured_media":328303,"comment_status":"closed","ping_status":"closed","sticky":false,"template":"","format":"standard","meta":{"_et_pb_use_builder":"on","_et_pb_old_content":"","_et_gb_content_width":"","footnotes":""},"categories":[500,12],"tags":[159,668,672,327,357,411,671],"class_list":["post-328288","post","type-post","status-publish","format-standard","has-post-thumbnail","hentry","category-betania","category-valencia","tag-campo-de-trabajo","tag-ct25","tag-dana","tag-infancia","tag-juventud","tag-valencia","tag-voluntariado-campo-de-voluntariado"],"yoast_head":"<!-- This site is optimized with the Yoast SEO plugin v27.4 - https:\/\/yoast.com\/product\/yoast-seo-wordpress\/ -->\n<title>2025eko Valentziako Lan Kanpamentua: Boluntariotza Berezi-Berezia<\/title>\n<meta name=\"description\" content=\"Joan den larunbatean amaitu zen Valentziako boluntariotza kanpamentua, non 27 gaztek parte hartu zuten, sei koordinatzaileekin batera. Valentziako Itaka-Escolapios erakundeak dituen hiru haur eta gazte proiektutan (Amaltea, Llum eta Sa\u00f3) eta urrian izandako DANAk kaltetu zituen pertsonak laguntzen dituzten Catarroja, Torrent eta Paiportako hainbat erakunderekin lankidetzan aritu dira.\" \/>\n<meta name=\"robots\" content=\"index, follow, max-snippet:-1, max-image-preview:large, max-video-preview:-1\" \/>\n<link rel=\"canonical\" href=\"http:\/\/Joan%20den%20larunbatean%20amaitu%20zen%20Valentziako%20boluntariotza%20kanpamentua,%20non%2027%20gaztek%20parte%20hartu%20zuten,%20sei%20koordinatzaileekin%20batera.%20Valentziako%20Itaka-Escolapios%20erakundeak%20dituen%20hiru%20haur%20eta%20gazte%20proiektutan%20(Amaltea,%20Llum%20eta%20Sa\u00f3)%20eta%20urrian%20izandako%20DANAk%20kaltetu%20zituen%20pertsonak%20laguntzen%20dituzten%20Catarroja,%20Torrent%20eta%20Paiportako%20hainbat%20erakunderekin%20lankidetzan%20aritu%20dira.\" \/>\n<meta property=\"og:locale\" content=\"en_US\" \/>\n<meta property=\"og:type\" content=\"article\" \/>\n<meta property=\"og:title\" content=\"2025eko Valentziako Lan Kanpamentua: Boluntariotza Berezi-Berezia\" \/>\n<meta property=\"og:description\" content=\"Joan den larunbatean amaitu zen Valentziako boluntariotza kanpamentua, non 27 gaztek parte hartu zuten, sei koordinatzaileekin batera. Valentziako Itaka-Escolapios erakundeak dituen hiru haur eta gazte proiektutan (Amaltea, Llum eta Sa\u00f3) eta urrian izandako DANAk kaltetu zituen pertsonak laguntzen dituzten Catarroja, Torrent eta Paiportako hainbat erakunderekin lankidetzan aritu dira.\" \/>\n<meta property=\"og:url\" content=\"https:\/\/www.itakaescolapios.org\/eu\/2025\/07\/campo-de-trabajo-2025-de-valencia-un-voluntariado-muy-especial\/\" \/>\n<meta property=\"og:site_name\" content=\"Itaka-Escolapios\" \/>\n<meta property=\"article:published_time\" content=\"2025-07-24T11:52:13+00:00\" \/>\n<meta property=\"article:modified_time\" content=\"2025-09-29T15:15:50+00:00\" \/>\n<meta property=\"og:image\" content=\"https:\/\/www.itakaescolapios.org\/wp-content\/uploads\/2025\/07\/WhatsApp-Image-2025-07-18-at-22.24.10.jpeg\" \/>\n\t<meta property=\"og:image:width\" content=\"1600\" \/>\n\t<meta property=\"og:image:height\" content=\"1200\" \/>\n\t<meta property=\"og:image:type\" content=\"image\/jpeg\" \/>\n<meta name=\"author\" content=\"Paz Su\u00f1er\" \/>\n<meta name=\"twitter:card\" content=\"summary_large_image\" \/>\n<meta name=\"twitter:label1\" content=\"Written by\" \/>\n\t<meta name=\"twitter:data1\" content=\"Paz Su\u00f1er\" \/>\n\t<meta name=\"twitter:label2\" content=\"Est. reading time\" \/>\n\t<meta name=\"twitter:data2\" content=\"8 minutua\" \/>\n<script type=\"application\/ld+json\" class=\"yoast-schema-graph\">{\"@context\":\"https:\\\/\\\/schema.org\",\"@graph\":[{\"@type\":\"Article\",\"@id\":\"https:\\\/\\\/www.itakaescolapios.org\\\/eu\\\/2025\\\/07\\\/campo-de-trabajo-2025-de-valencia-un-voluntariado-muy-especial\\\/#article\",\"isPartOf\":{\"@id\":\"https:\\\/\\\/www.itakaescolapios.org\\\/eu\\\/2025\\\/07\\\/campo-de-trabajo-2025-de-valencia-un-voluntariado-muy-especial\\\/\"},\"author\":{\"name\":\"Paz Su\u00f1er\",\"@id\":\"https:\\\/\\\/www.itakaescolapios.org\\\/es\\\/#\\\/schema\\\/person\\\/b4aee0bb1423368fa9a5439a0985739e\"},\"headline\":\"2025eko Valentziako Lan Kanpamentua: Boluntariotza Berezi-Berezia\",\"datePublished\":\"2025-07-24T11:52:13+00:00\",\"dateModified\":\"2025-09-29T15:15:50+00:00\",\"mainEntityOfPage\":{\"@id\":\"https:\\\/\\\/www.itakaescolapios.org\\\/eu\\\/2025\\\/07\\\/campo-de-trabajo-2025-de-valencia-un-voluntariado-muy-especial\\\/\"},\"wordCount\":5589,\"publisher\":{\"@id\":\"https:\\\/\\\/www.itakaescolapios.org\\\/es\\\/#organization\"},\"image\":{\"@id\":\"https:\\\/\\\/www.itakaescolapios.org\\\/eu\\\/2025\\\/07\\\/campo-de-trabajo-2025-de-valencia-un-voluntariado-muy-especial\\\/#primaryimage\"},\"thumbnailUrl\":\"https:\\\/\\\/www.itakaescolapios.org\\\/wp-content\\\/uploads\\\/2025\\\/07\\\/WhatsApp-Image-2025-07-18-at-22.24.10.jpeg\",\"keywords\":[\"Campo de Trabajo\",\"CT25\",\"dana\",\"Infancia\",\"Juventud\",\"Valencia\",\"voluntariado campo de voluntariado\"],\"articleSection\":[\"Betania\",\"Valencia\"],\"inLanguage\":\"eu\"},{\"@type\":\"WebPage\",\"@id\":\"https:\\\/\\\/www.itakaescolapios.org\\\/eu\\\/2025\\\/07\\\/campo-de-trabajo-2025-de-valencia-un-voluntariado-muy-especial\\\/\",\"url\":\"https:\\\/\\\/www.itakaescolapios.org\\\/eu\\\/2025\\\/07\\\/campo-de-trabajo-2025-de-valencia-un-voluntariado-muy-especial\\\/\",\"name\":\"Campo de Trabajo 2025 de Valencia: Un voluntariado muy especial - Itaka-Escolapios\",\"isPartOf\":{\"@id\":\"https:\\\/\\\/www.itakaescolapios.org\\\/es\\\/#website\"},\"primaryImageOfPage\":{\"@id\":\"https:\\\/\\\/www.itakaescolapios.org\\\/eu\\\/2025\\\/07\\\/campo-de-trabajo-2025-de-valencia-un-voluntariado-muy-especial\\\/#primaryimage\"},\"image\":{\"@id\":\"https:\\\/\\\/www.itakaescolapios.org\\\/eu\\\/2025\\\/07\\\/campo-de-trabajo-2025-de-valencia-un-voluntariado-muy-especial\\\/#primaryimage\"},\"thumbnailUrl\":\"https:\\\/\\\/www.itakaescolapios.org\\\/wp-content\\\/uploads\\\/2025\\\/07\\\/WhatsApp-Image-2025-07-18-at-22.24.10.jpeg\",\"datePublished\":\"2025-07-24T11:52:13+00:00\",\"dateModified\":\"2025-09-29T15:15:50+00:00\",\"breadcrumb\":{\"@id\":\"https:\\\/\\\/www.itakaescolapios.org\\\/eu\\\/2025\\\/07\\\/campo-de-trabajo-2025-de-valencia-un-voluntariado-muy-especial\\\/#breadcrumb\"},\"inLanguage\":\"eu\",\"potentialAction\":[{\"@type\":\"ReadAction\",\"target\":[\"https:\\\/\\\/www.itakaescolapios.org\\\/eu\\\/2025\\\/07\\\/campo-de-trabajo-2025-de-valencia-un-voluntariado-muy-especial\\\/\"]}]},{\"@type\":\"ImageObject\",\"inLanguage\":\"eu\",\"@id\":\"https:\\\/\\\/www.itakaescolapios.org\\\/eu\\\/2025\\\/07\\\/campo-de-trabajo-2025-de-valencia-un-voluntariado-muy-especial\\\/#primaryimage\",\"url\":\"https:\\\/\\\/www.itakaescolapios.org\\\/wp-content\\\/uploads\\\/2025\\\/07\\\/WhatsApp-Image-2025-07-18-at-22.24.10.jpeg\",\"contentUrl\":\"https:\\\/\\\/www.itakaescolapios.org\\\/wp-content\\\/uploads\\\/2025\\\/07\\\/WhatsApp-Image-2025-07-18-at-22.24.10.jpeg\",\"width\":1600,\"height\":1200},{\"@type\":\"BreadcrumbList\",\"@id\":\"https:\\\/\\\/www.itakaescolapios.org\\\/eu\\\/2025\\\/07\\\/campo-de-trabajo-2025-de-valencia-un-voluntariado-muy-especial\\\/#breadcrumb\",\"itemListElement\":[{\"@type\":\"ListItem\",\"position\":1,\"name\":\"Itaka-Escolapios\",\"item\":\"https:\\\/\\\/www.itakaescolapios.org\\\/es\\\/\"},{\"@type\":\"ListItem\",\"position\":2,\"name\":\"2025eko Valentziako Lan Kanpamentua: Boluntariotza Berezi-Berezia\"}]},{\"@type\":\"WebSite\",\"@id\":\"https:\\\/\\\/www.itakaescolapios.org\\\/eu\\\/es\\\/#website\",\"url\":\"https:\\\/\\\/www.itakaescolapios.org\\\/eu\\\/es\\\/\",\"name\":\"Itaka-Escolapios\",\"description\":\"Red de Itaka-Escolapios\",\"publisher\":{\"@id\":\"https:\\\/\\\/www.itakaescolapios.org\\\/eu\\\/es\\\/#organization\"},\"potentialAction\":[{\"@type\":\"SearchAction\",\"target\":{\"@type\":\"EntryPoint\",\"urlTemplate\":\"https:\\\/\\\/www.itakaescolapios.org\\\/eu\\\/es\\\/?s={search_term_string}\"},\"query-input\":{\"@type\":\"PropertyValueSpecification\",\"valueRequired\":true,\"valueName\":\"search_term_string\"}}],\"inLanguage\":\"eu\"},{\"@type\":\"Organization\",\"@id\":\"https:\\\/\\\/www.itakaescolapios.org\\\/eu\\\/es\\\/#organization\",\"name\":\"Fundaci\u00f3 Itaka-Escolapios\",\"url\":\"https:\\\/\\\/www.itakaescolapios.org\\\/eu\\\/es\\\/\",\"logo\":{\"@type\":\"ImageObject\",\"inLanguage\":\"eu\",\"@id\":\"https:\\\/\\\/www.itakaescolapios.org\\\/eu\\\/es\\\/#\\\/schema\\\/logo\\\/image\\\/\",\"url\":\"https:\\\/\\\/www.itakaescolapios.org\\\/wp-content\\\/uploads\\\/2024\\\/04\\\/Logo-itakaescolapios-peque.png\",\"contentUrl\":\"https:\\\/\\\/www.itakaescolapios.org\\\/wp-content\\\/uploads\\\/2024\\\/04\\\/Logo-itakaescolapios-peque.png\",\"width\":500,\"height\":199,\"caption\":\"Fundaci\u00f3 Itaka-Escolapios\"},\"image\":{\"@id\":\"https:\\\/\\\/www.itakaescolapios.org\\\/eu\\\/es\\\/#\\\/schema\\\/logo\\\/image\\\/\"}},{\"@type\":\"Person\",\"@id\":\"https:\\\/\\\/www.itakaescolapios.org\\\/es\\\/#\\\/schema\\\/person\\\/b4aee0bb1423368fa9a5439a0985739e\",\"name\":\"Paz Su\u00f1er\",\"url\":\"https:\\\/\\\/www.itakaescolapios.org\\\/eu\\\/author\\\/pazsuner\\\/\"}]}<\/script>\n<!-- \/ Yoast SEO plugin. -->","yoast_head_json":{"title":"2025eko Valentziako Lan Kanpamentua: Boluntariotza Berezi-Berezia","description":"Joan den larunbatean amaitu zen Valentziako boluntariotza kanpamentua, non 27 gaztek parte hartu zuten, sei koordinatzaileekin batera. Valentziako Itaka-Escolapios erakundeak dituen hiru haur eta gazte proiektutan (Amaltea, Llum eta Sa\u00f3) eta urrian izandako DANAk kaltetu zituen pertsonak laguntzen dituzten Catarroja, Torrent eta Paiportako hainbat erakunderekin lankidetzan aritu dira.","robots":{"index":"index","follow":"follow","max-snippet":"max-snippet:-1","max-image-preview":"max-image-preview:large","max-video-preview":"max-video-preview:-1"},"canonical":"Joan den larunbatean amaitu zen Valentziako boluntariotza kanpamentua, non 27 gaztek parte hartu zuten, sei koordinatzaileekin batera. Valentziako Itaka-Escolapios erakundeak dituen hiru haur eta gazte proiektutan (Amaltea, Llum eta Sa\u00f3) eta urrian izandako DANAk kaltetu zituen pertsonak laguntzen dituzten Catarroja, Torrent eta Paiportako hainbat erakunderekin lankidetzan aritu dira.","og_locale":"en_US","og_type":"article","og_title":"2025eko Valentziako Lan Kanpamentua: Boluntariotza Berezi-Berezia","og_description":"Joan den larunbatean amaitu zen Valentziako boluntariotza kanpamentua, non 27 gaztek parte hartu zuten, sei koordinatzaileekin batera. Valentziako Itaka-Escolapios erakundeak dituen hiru haur eta gazte proiektutan (Amaltea, Llum eta Sa\u00f3) eta urrian izandako DANAk kaltetu zituen pertsonak laguntzen dituzten Catarroja, Torrent eta Paiportako hainbat erakunderekin lankidetzan aritu dira.","og_url":"https:\/\/www.itakaescolapios.org\/eu\/2025\/07\/campo-de-trabajo-2025-de-valencia-un-voluntariado-muy-especial\/","og_site_name":"Itaka-Escolapios","article_published_time":"2025-07-24T11:52:13+00:00","article_modified_time":"2025-09-29T15:15:50+00:00","og_image":[{"width":1600,"height":1200,"url":"https:\/\/www.itakaescolapios.org\/wp-content\/uploads\/2025\/07\/WhatsApp-Image-2025-07-18-at-22.24.10.jpeg","type":"image\/jpeg"}],"author":"Paz Su\u00f1er","twitter_card":"summary_large_image","twitter_misc":{"Written by":"Paz Su\u00f1er","Est. reading time":"8 minutua"},"schema":{"@context":"https:\/\/schema.org","@graph":[{"@type":"Article","@id":"https:\/\/www.itakaescolapios.org\/eu\/2025\/07\/campo-de-trabajo-2025-de-valencia-un-voluntariado-muy-especial\/#article","isPartOf":{"@id":"https:\/\/www.itakaescolapios.org\/eu\/2025\/07\/campo-de-trabajo-2025-de-valencia-un-voluntariado-muy-especial\/"},"author":{"name":"Paz Su\u00f1er","@id":"https:\/\/www.itakaescolapios.org\/es\/#\/schema\/person\/b4aee0bb1423368fa9a5439a0985739e"},"headline":"2025eko Valentziako Lan Kanpamentua: Boluntariotza Berezi-Berezia","datePublished":"2025-07-24T11:52:13+00:00","dateModified":"2025-09-29T15:15:50+00:00","mainEntityOfPage":{"@id":"https:\/\/www.itakaescolapios.org\/eu\/2025\/07\/campo-de-trabajo-2025-de-valencia-un-voluntariado-muy-especial\/"},"wordCount":5589,"publisher":{"@id":"https:\/\/www.itakaescolapios.org\/es\/#organization"},"image":{"@id":"https:\/\/www.itakaescolapios.org\/eu\/2025\/07\/campo-de-trabajo-2025-de-valencia-un-voluntariado-muy-especial\/#primaryimage"},"thumbnailUrl":"https:\/\/www.itakaescolapios.org\/wp-content\/uploads\/2025\/07\/WhatsApp-Image-2025-07-18-at-22.24.10.jpeg","keywords":["Campo de Trabajo","CT25","dana","Infancia","Juventud","Valencia","voluntariado campo de voluntariado"],"articleSection":["Betania","Valencia"],"inLanguage":"eu"},{"@type":"WebPage","@id":"https:\/\/www.itakaescolapios.org\/eu\/2025\/07\/campo-de-trabajo-2025-de-valencia-un-voluntariado-muy-especial\/","url":"https:\/\/www.itakaescolapios.org\/eu\/2025\/07\/campo-de-trabajo-2025-de-valencia-un-voluntariado-muy-especial\/","name":"Campo de Trabajo 2025 de Valencia: Un voluntariado muy especial - Itaka-Escolapios","isPartOf":{"@id":"https:\/\/www.itakaescolapios.org\/es\/#website"},"primaryImageOfPage":{"@id":"https:\/\/www.itakaescolapios.org\/eu\/2025\/07\/campo-de-trabajo-2025-de-valencia-un-voluntariado-muy-especial\/#primaryimage"},"image":{"@id":"https:\/\/www.itakaescolapios.org\/eu\/2025\/07\/campo-de-trabajo-2025-de-valencia-un-voluntariado-muy-especial\/#primaryimage"},"thumbnailUrl":"https:\/\/www.itakaescolapios.org\/wp-content\/uploads\/2025\/07\/WhatsApp-Image-2025-07-18-at-22.24.10.jpeg","datePublished":"2025-07-24T11:52:13+00:00","dateModified":"2025-09-29T15:15:50+00:00","breadcrumb":{"@id":"https:\/\/www.itakaescolapios.org\/eu\/2025\/07\/campo-de-trabajo-2025-de-valencia-un-voluntariado-muy-especial\/#breadcrumb"},"inLanguage":"eu","potentialAction":[{"@type":"ReadAction","target":["https:\/\/www.itakaescolapios.org\/eu\/2025\/07\/campo-de-trabajo-2025-de-valencia-un-voluntariado-muy-especial\/"]}]},{"@type":"ImageObject","inLanguage":"eu","@id":"https:\/\/www.itakaescolapios.org\/eu\/2025\/07\/campo-de-trabajo-2025-de-valencia-un-voluntariado-muy-especial\/#primaryimage","url":"https:\/\/www.itakaescolapios.org\/wp-content\/uploads\/2025\/07\/WhatsApp-Image-2025-07-18-at-22.24.10.jpeg","contentUrl":"https:\/\/www.itakaescolapios.org\/wp-content\/uploads\/2025\/07\/WhatsApp-Image-2025-07-18-at-22.24.10.jpeg","width":1600,"height":1200},{"@type":"BreadcrumbList","@id":"https:\/\/www.itakaescolapios.org\/eu\/2025\/07\/campo-de-trabajo-2025-de-valencia-un-voluntariado-muy-especial\/#breadcrumb","itemListElement":[{"@type":"ListItem","position":1,"name":"Itaka-Escolapios","item":"https:\/\/www.itakaescolapios.org\/es\/"},{"@type":"ListItem","position":2,"name":"2025eko Valentziako Lan Kanpamentua: Boluntariotza Berezi-Berezia"}]},{"@type":"WebSite","@id":"https:\/\/www.itakaescolapios.org\/eu\/es\/#website","url":"https:\/\/www.itakaescolapios.org\/eu\/es\/","name":"Itaka-Escolapios","description":"Red de Itaka-Escolapios","publisher":{"@id":"https:\/\/www.itakaescolapios.org\/eu\/es\/#organization"},"potentialAction":[{"@type":"SearchAction","target":{"@type":"EntryPoint","urlTemplate":"https:\/\/www.itakaescolapios.org\/eu\/es\/?s={search_term_string}"},"query-input":{"@type":"PropertyValueSpecification","valueRequired":true,"valueName":"search_term_string"}}],"inLanguage":"eu"},{"@type":"Organization","@id":"https:\/\/www.itakaescolapios.org\/eu\/es\/#organization","name":"Fundaci\u00f3 Itaka-Escolapios","url":"https:\/\/www.itakaescolapios.org\/eu\/es\/","logo":{"@type":"ImageObject","inLanguage":"eu","@id":"https:\/\/www.itakaescolapios.org\/eu\/es\/#\/schema\/logo\/image\/","url":"https:\/\/www.itakaescolapios.org\/wp-content\/uploads\/2024\/04\/Logo-itakaescolapios-peque.png","contentUrl":"https:\/\/www.itakaescolapios.org\/wp-content\/uploads\/2024\/04\/Logo-itakaescolapios-peque.png","width":500,"height":199,"caption":"Fundaci\u00f3 Itaka-Escolapios"},"image":{"@id":"https:\/\/www.itakaescolapios.org\/eu\/es\/#\/schema\/logo\/image\/"}},{"@type":"Person","@id":"https:\/\/www.itakaescolapios.org\/es\/#\/schema\/person\/b4aee0bb1423368fa9a5439a0985739e","name":"Paz Su\u00f1er","url":"https:\/\/www.itakaescolapios.org\/eu\/author\/pazsuner\/"}]}},"_links":{"self":[{"href":"https:\/\/www.itakaescolapios.org\/eu\/wp-json\/wp\/v2\/posts\/328288","targetHints":{"allow":["GET"]}}],"collection":[{"href":"https:\/\/www.itakaescolapios.org\/eu\/wp-json\/wp\/v2\/posts"}],"about":[{"href":"https:\/\/www.itakaescolapios.org\/eu\/wp-json\/wp\/v2\/types\/post"}],"author":[{"embeddable":true,"href":"https:\/\/www.itakaescolapios.org\/eu\/wp-json\/wp\/v2\/users\/69"}],"replies":[{"embeddable":true,"href":"https:\/\/www.itakaescolapios.org\/eu\/wp-json\/wp\/v2\/comments?post=328288"}],"version-history":[{"count":6,"href":"https:\/\/www.itakaescolapios.org\/eu\/wp-json\/wp\/v2\/posts\/328288\/revisions"}],"predecessor-version":[{"id":328809,"href":"https:\/\/www.itakaescolapios.org\/eu\/wp-json\/wp\/v2\/posts\/328288\/revisions\/328809"}],"wp:featuredmedia":[{"embeddable":true,"href":"https:\/\/www.itakaescolapios.org\/eu\/wp-json\/wp\/v2\/media\/328303"}],"wp:attachment":[{"href":"https:\/\/www.itakaescolapios.org\/eu\/wp-json\/wp\/v2\/media?parent=328288"}],"wp:term":[{"taxonomy":"category","embeddable":true,"href":"https:\/\/www.itakaescolapios.org\/eu\/wp-json\/wp\/v2\/categories?post=328288"},{"taxonomy":"post_tag","embeddable":true,"href":"https:\/\/www.itakaescolapios.org\/eu\/wp-json\/wp\/v2\/tags?post=328288"}],"curies":[{"name":"wp","href":"https:\/\/api.w.org\/{rel}","templated":true}]}}