{"id":330797,"date":"2026-03-04T15:51:04","date_gmt":"2026-03-04T14:51:04","guid":{"rendered":"https:\/\/www.itakaescolapios.org\/?p=330797"},"modified":"2026-03-04T15:51:14","modified_gmt":"2026-03-04T14:51:14","slug":"valorizando-las-raices-a-traves-de-la-lengua-materna-en-kinshasa","status":"publish","type":"post","link":"https:\/\/www.itakaescolapios.org\/eu\/2026\/03\/valorizando-las-raices-a-traves-de-la-lengua-materna-en-kinshasa\/","title":{"rendered":"Sustraiak ama hizkuntzaren bidez balorizatuz Kinshasan"},"content":{"rendered":"<p>[et_pb_section fb_built=&#8221;1&#8243; make_equal=&#8221;on&#8221; use_custom_gutter=&#8221;on&#8221; gutter_width=&#8221;2&#8243; specialty=&#8221;on&#8221; _builder_version=&#8221;4.24.3&#8243; _module_preset=&#8221;default&#8221; width=&#8221;100%&#8221; max_width=&#8221;100%&#8221; module_alignment=&#8221;center&#8221; inner_width=&#8221;90%&#8221; inner_max_width=&#8221;2222px&#8221; inner_module_alignment=&#8221;center&#8221; custom_margin=&#8221;0px||||false|false&#8221; custom_padding=&#8221;0px||||false|false&#8221; da_disable_devices=&#8221;off|off|off&#8221; global_colors_info=&#8221;{}&#8221; theme_builder_area=&#8221;post_content&#8221; da_is_popup=&#8221;off&#8221; da_exit_intent=&#8221;off&#8221; da_has_close=&#8221;on&#8221; da_alt_close=&#8221;off&#8221; da_dark_close=&#8221;off&#8221; da_not_modal=&#8221;on&#8221; da_is_singular=&#8221;off&#8221; da_with_loader=&#8221;off&#8221; da_has_shadow=&#8221;on&#8221;][et_pb_column type=&#8221;3_4&#8243; specialty_columns=&#8221;3&#8243; _builder_version=&#8221;4.16&#8243; custom_padding=&#8221;|||&#8221; global_colors_info=&#8221;{}&#8221; custom_padding__hover=&#8221;|||&#8221; theme_builder_area=&#8221;post_content&#8221;][et_pb_row_inner custom_padding_last_edited=&#8221;on|phone&#8221; _builder_version=&#8221;4.24.3&#8243; _module_preset=&#8221;default&#8221; module_alignment=&#8221;center&#8221; custom_padding=&#8221;|50px|4px||false|false&#8221; custom_padding_tablet=&#8221;|50px|4px||false|false&#8221; custom_padding_phone=&#8221;|0px|||false|false&#8221; border_color_all=&#8221;gcid-b1ace166-c11d-4c70-a679-55884e9ca298&#8243; border_style_all=&#8221;dotted&#8221; border_width_right=&#8221;3px&#8221; border_color_right=&#8221;gcid-b1ace166-c11d-4c70-a679-55884e9ca298&#8243; border_width_right_tablet=&#8221;3px&#8221; border_width_right_phone=&#8221;0px&#8221; border_width_right_last_edited=&#8221;on|desktop&#8221; collapsed=&#8221;off&#8221; global_colors_info=&#8221;{%22gcid-b1ace166-c11d-4c70-a679-55884e9ca298%22:%91%22border_color_all%22,%22border_color_right%22%93}&#8221; theme_builder_area=&#8221;post_content&#8221;][et_pb_column_inner saved_specialty_column_type=&#8221;3_4&#8243; _builder_version=&#8221;4.24.3&#8243; _module_preset=&#8221;default&#8221; global_colors_info=&#8221;{}&#8221; theme_builder_area=&#8221;post_content&#8221;][et_pb_text admin_label=&#8221;T\u00cdTULO NOTICIA&#8221; _builder_version=&#8221;4.27.4&#8243; _module_preset=&#8221;default&#8221; header_font=&#8221;Titulo Itaka-Escolapios|700|||||||&#8221; header_text_align=&#8221;center&#8221; header_text_color=&#8221;gcid-cca90ba6-297c-4d63-9e2c-8201011ef870&#8243; header_font_size=&#8221;50px&#8221; custom_margin=&#8221;||20px||false|false&#8221; custom_margin_tablet=&#8221;||20px||false|false&#8221; custom_margin_phone=&#8221;||20px||false|false&#8221; custom_margin_last_edited=&#8221;on|desktop&#8221; hover_enabled=&#8221;0&#8243; header_font_size_tablet=&#8221;55px&#8221; header_font_size_phone=&#8221;35px&#8221; header_font_size_last_edited=&#8221;on|phone&#8221; content_en_us=&#8221;<\/p>\n<h1><strong>Valuing our roots through the mother tongue in Kinshasa<\/strong><\/h1>\n<h1>\u00a0<\/h1>\n<p>&#8221; content_fr_fr=&#8221;<\/p>\n<h1><strong>Valoriser sa racine par la langue maternelle \u00e0 Kinshasa<\/strong><\/h1>\n<p>&#8221; content_eu=&#8221;<\/p>\n<h1><strong>Sustraiak ama hizkuntzaren bidez balorizatuz Kinshasan<\/strong><\/h1>\n<p>&#8221; content_ca=&#8221;<\/p>\n<h1><strong><br \/>Valorant les arrels a trav\u00e9s de la lengua materna a Kinshasa<\/strong><\/h1>\n<p>&nbsp;<\/p>\n<p>&#8221; content_pt_br=&#8221;<\/p>\n<h1><strong>Valorizar as ra\u00edzes atrav\u00e9s da l\u00edngua materna em Kinshasa<\/strong><\/h1>\n<h1>\u00a0<\/h1>\n<p>&#8221; global_colors_info=&#8221;{%22gcid-cca90ba6-297c-4d63-9e2c-8201011ef870%22:%91%22header_text_color%22%93}&#8221; theme_builder_area=&#8221;post_content&#8221; sticky_enabled=&#8221;0&#8243;]<\/p>\n<h1><strong>Valorizando las ra\u00edces a trav\u00e9s de la lengua materna en Kinshasa<\/strong><\/h1>\n<p>[\/et_pb_text][et_pb_text admin_label=&#8221;Fecha noticia no tocar&#8221; _builder_version=&#8221;4.27.4&#8243; _dynamic_attributes=&#8221;content&#8221; _module_preset=&#8221;default&#8221; text_font=&#8221;Titulo Itaka-Escolapios|700|||||||&#8221; text_text_color=&#8221;gcid-cca90ba6-297c-4d63-9e2c-8201011ef870&#8243; text_font_size=&#8221;16px&#8221; text_orientation=&#8221;right&#8221; global_colors_info=&#8221;{%22gcid-cca90ba6-297c-4d63-9e2c-8201011ef870%22:%91%22text_text_color%22%93}&#8221; theme_builder_area=&#8221;post_content&#8221;]@ET-DC@eyJkeW5hbWljIjp0cnVlLCJjb250ZW50IjoicG9zdF9kYXRlIiwic2V0dGluZ3MiOnsiYmVmb3JlIjoiIiwiYWZ0ZXIiOiIiLCJkYXRlX2Zvcm1hdCI6ImRlZmF1bHQiLCJjdXN0b21fZGF0ZV9mb3JtYXQiOiIifX0=@[\/et_pb_text][\/et_pb_column_inner][\/et_pb_row_inner][et_pb_row_inner _builder_version=&#8221;4.27.4&#8243; _module_preset=&#8221;default&#8221; border_width_right=&#8221;3px&#8221; border_color_right=&#8221;gcid-b1ace166-c11d-4c70-a679-55884e9ca298&#8243; border_style_right=&#8221;dotted&#8221; collapsed=&#8221;off&#8221; global_colors_info=&#8221;{%22gcid-b1ace166-c11d-4c70-a679-55884e9ca298%22:%91%22border_color_right%22%93}&#8221; theme_builder_area=&#8221;post_content&#8221;][et_pb_column_inner saved_specialty_column_type=&#8221;3_4&#8243; _builder_version=&#8221;4.27.4&#8243; _module_preset=&#8221;default&#8221; global_colors_info=&#8221;{}&#8221; theme_builder_area=&#8221;post_content&#8221;][et_pb_text admin_label=&#8221;CUERPO NOTICIA&#8221; _builder_version=&#8221;4.27.4&#8243; _module_preset=&#8221;default&#8221; text_font=&#8221;&#8211;et_global_body_font||||||||&#8221; text_font_size=&#8221;16px&#8221; width=&#8221;100%&#8221; module_alignment=&#8221;center&#8221; custom_padding=&#8221;|60px|||false|false&#8221; hover_enabled=&#8221;0&#8243; text_font_size_tablet=&#8221;16px&#8221; text_font_size_phone=&#8221;16px&#8221; text_font_size_last_edited=&#8221;on|desktop&#8221; content_en_us=&#8221;<\/p>\n<p>To close out \u201cMother Tongue Month,\u201d the educational community at the Saint Joseph Calasanz School Complex in Kinshasa celebrated a particularly meaningful day dedicated to promoting the mother tongue. During the day, students, teaching and administrative staff, and some parents gathered to promote understanding of local and indigenous languages, thereby strengthening social inclusion and respect for intangible heritage.<\/p>\n<p>Several notable activities punctuated this celebration of the mother tongue at the school complex, including traditional storytelling, traditional songs, poems from different cultures, dances, writing workshops, and intercultural games. By celebrating this day, the San Jos\u00e9 Calasanz school complex reaffirmed its commitment to linguistic diversity, multilingual education, and the preservation of cultural heritage.<\/p>\n<p>&#8221; content_fr_fr=&#8221;<\/p>\n<p>Pour cl\u00f4turer le \u2018\u2019mois de la langue maternelle \u2018\u2019, la communaut\u00e9 \u00e9ducative du Complexe Scolaire Saint Joseph Calasanz de Kinshasa a c\u00e9l\u00e9br\u00e9 une journ\u00e9e particuli\u00e8rement significative d\u00e9di\u00e9e \u00e0 la valorisation de la langue maternelle. En effet, au cours de cette journ\u00e9e, les \u00e9l\u00e8ves, le personnel enseignant et administratif et quelques parents se sont rassembl\u00e9s dans le but de valoriser la compr\u00e9hension de langues locales et autochtones, renfor\u00e7ant ainsi l\u2019inclusion sociale et le respect du patrimoine immat\u00e9riel.<\/p>\n<p>Plusieurs activit\u00e9s phares ont marqu\u00e9 cette c\u00e9l\u00e9bration de la langue maternelle au sein dudit Complexe Scolaire : les contes traditionnels, chants traditionnels, des po\u00e8mes issus de diff\u00e9rentes cultures, danses, ateliers d\u2019\u00e9criture et les jeux interculturels. En c\u00e9l\u00e9brant cette journ\u00e9e, le Complexe Scolaire Saint Joseph Calasanz a r\u00e9affirm\u00e9 son engagement en faveur de la diversit\u00e9 linguistique, l\u2019\u00e9ducation multilingue et la pr\u00e9servation du patrimoine culturel.<\/p>\n<p>&#8221; content_eu=&#8221;<\/p>\n<p>\u00abAma-hizkuntzaren hilabeteari\u00bb amaiera emateko, Kinshasako Saint Joseph Calasanz eskola-guneko hezkuntza-komunitateak, larunbata, ama hizkuntzaren balorizazioari buruzko jardunaldi bereziki esanguratsua egin zuen. Jardunaldi horretan, ikasleak, irakasleak, administrariak eta guraso batzuk bildu ziren, tokiko eta indigenen hizkuntzen ulermenari balioa emateko eta, horrela, gizarteratzea eta ondare immaterialaren errespetua indartzeko.<\/p>\n<p>Hainbat jarduera garrantzitsuk markatu zuten ama hizkuntzaren ospakizun hau eskola konplexu honetan: ipuin tradizionalak, kantu tradizionalak, kultura ezberdinetako poemak, dantzak, idazkera tailerrak eta kultura arteko jolasak. Egun honen ospakizunarekin, Saint Joseph Calasanz eskola konplexuak hizkuntza aniztasunarekin, hezkuntza eleanitzarekin eta kultur ondarearen zaintzarekin duen konpromisoa berretsi zuen.<\/p>\n<p>&#8221; content_ca=&#8221;<\/p>\n<p>Per a clausurar el \u00abmes de la llengua materna\u00bb, la comunitat educativa del Complex Escolar Saint Joseph Calasanz de Kinshasa va celebrar una jornada especialment significativa dedicada a la valoritzaci\u00f3 de la llengua materna. Durant aquesta jornada, els alumnes, el personal docent i administratiu i alguns pares es van reunir amb l&#8217;objectiu de valorar la comprensi\u00f3 de les lleng\u00fces locals i ind\u00edgenes, refor\u00e7ant aix\u00ed la inclusi\u00f3 social i el respecte pel patrimoni immaterial.<\/p>\n<p>Diverses activitats destacades van marcar aquesta celebraci\u00f3 de la llengua materna en aquest complex escolar: contes tradicionals, can\u00e7ons tradicionals, poemes de diferents cultures, balls, tallers d&#8217;escriptura i jocs interculturals. Amb la celebraci\u00f3 d&#8217;aquest dia, el complex escolar Saint Joseph Calasanz va reafirmar el seu comprom\u00eds amb la diversitat ling\u00fc\u00edstica, l&#8217;educaci\u00f3 multiling\u00fce i la preservaci\u00f3 del patrimoni cultural.<\/p>\n<p>&#8221; content_pt_br=&#8221;<\/p>\n<p>Para encerrar o \u201cm\u00eas da l\u00edngua materna\u201d, a comunidade educativa do Complexo Escolar Saint Joseph Calasanz de Kinshasa celebrou um dia particularmente significativo dedicado \u00e0 valoriza\u00e7\u00e3o da l\u00edngua materna. Durante esse dia, os alunos, o corpo docente e administrativo e alguns pais se reuniram com o objetivo de valorizar a compreens\u00e3o das l\u00ednguas locais e ind\u00edgenas, refor\u00e7ando assim a inclus\u00e3o social e o respeito ao patrim\u00f4nio imaterial.<\/p>\n<p>V\u00e1rias atividades marcantes pontuaram esta celebra\u00e7\u00e3o da l\u00edngua materna neste complexo escolar: contos tradicionais, can\u00e7\u00f5es tradicionais, poemas de diferentes culturas, dan\u00e7as, oficinas de escrita e jogos interculturais. Ao celebrar este dia, o complexo escolar San Jos\u00e9 Calasanz reafirmou seu compromisso com a diversidade lingu\u00edstica, a educa\u00e7\u00e3o multil\u00edngue e a preserva\u00e7\u00e3o do patrim\u00f4nio cultural.<\/p>\n<p>&#8221; global_colors_info=&#8221;{}&#8221; theme_builder_area=&#8221;post_content&#8221; sticky_enabled=&#8221;0&#8243;]<\/p>\n<p>Para clausurar el \u00abmes de la lengua materna\u00bb, la comunidad educativa del Complejo Escolar Saint Joseph Calasanz de Kinshasa celebr\u00f3 una jornada especialmente significativa dedicada a la valorizaci\u00f3n de la lengua materna. Durante esta jornada, los alumnos, el personal docente y administrativo y algunos padres se reunieron con el objetivo de valorizar la comprensi\u00f3n de las lenguas locales e ind\u00edgenas, reforzando as\u00ed la inclusi\u00f3n social y el respeto por el patrimonio inmaterial.<\/p>\n<p>Varias actividades destacadas marcaron esta celebraci\u00f3n de la lengua materna en dicho complejo escolar: cuentos tradicionales, canciones tradicionales, poemas de diferentes culturas, bailes, talleres de escritura y juegos interculturales. Al celebrar este d\u00eda, el Complejo Escolar San Jos\u00e9 Calasanz reafirm\u00f3 su compromiso con la diversidad ling\u00fc\u00edstica, la educaci\u00f3n multiling\u00fce y la preservaci\u00f3n del patrimonio cultural.<\/p>\n<p>[\/et_pb_text][\/et_pb_column_inner][\/et_pb_row_inner][et_pb_row_inner admin_label=&#8221;Im\u00e1genes sede&#8221; _builder_version=&#8221;4.27.4&#8243; _module_preset=&#8221;default&#8221; custom_padding=&#8221;20px||||false|false&#8221; border_width_right=&#8221;3px&#8221; border_color_right=&#8221;gcid-b1ace166-c11d-4c70-a679-55884e9ca298&#8243; border_style_right=&#8221;dotted&#8221; border_width_right_tablet=&#8221;3px&#8221; border_width_right_phone=&#8221;0px&#8221; border_width_right_last_edited=&#8221;on|desktop&#8221; collapsed=&#8221;off&#8221; global_colors_info=&#8221;{%22gcid-b1ace166-c11d-4c70-a679-55884e9ca298%22:%91%22border_color_right%22%93}&#8221; theme_builder_area=&#8221;post_content&#8221;][et_pb_column_inner saved_specialty_column_type=&#8221;3_4&#8243; _builder_version=&#8221;4.27.4&#8243; _module_preset=&#8221;default&#8221; global_colors_info=&#8221;{}&#8221; theme_builder_area=&#8221;post_content&#8221;][difl_imagecarousel item_desktop=&#8221;2&#8243; item_tablet=&#8221;1&#8243; loop=&#8221;on&#8221; dots=&#8221;on&#8221; use_lightbox=&#8221;on&#8221; arrow_color=&#8221;gcid-b1ace166-c11d-4c70-a679-55884e9ca298&#8243; dots_color=&#8221;gcid-cca90ba6-297c-4d63-9e2c-8201011ef870&#8243; active_dots_color=&#8221;gcid-b1ace166-c11d-4c70-a679-55884e9ca298&#8243; _builder_version=&#8221;4.27.4&#8243; _module_preset=&#8221;default&#8221; overflow-x=&#8221;hidden&#8221; overflow-y=&#8221;hidden&#8221; custom_margin=&#8221;|60px|||false|false&#8221; custom_margin_tablet=&#8221;|60px|||false|false&#8221; custom_margin_phone=&#8221;|60px|||false|false&#8221; custom_margin_last_edited=&#8221;on|desktop&#8221; hover_enabled=&#8221;0&#8243; custom_css_free_form=&#8221;selector .df_ici_container {margin: 0 auto;}&#8221; global_colors_info=&#8221;{%22gcid-b1ace166-c11d-4c70-a679-55884e9ca298%22:%91%22arrow_color%22,%22active_dots_color%22%93,%22gcid-cca90ba6-297c-4d63-9e2c-8201011ef870%22:%91%22dots_color%22%93}&#8221; theme_builder_area=&#8221;post_content&#8221; sticky_enabled=&#8221;0&#8243;][difl_imagecarouselitem _builder_version=&#8221;4.27.4&#8243; _module_preset=&#8221;default&#8221; theme_builder_area=&#8221;post_content&#8221; title_text=&#8221;RD CONGO lengua materna&#8221; image=&#8221;https:\/\/www.itakaescolapios.org\/wp-content\/uploads\/2026\/03\/RD-CONGO-lengua-materna.jpg&#8221; hover_enabled=&#8221;0&#8243; sticky_enabled=&#8221;0&#8243;][\/difl_imagecarouselitem][difl_imagecarouselitem _builder_version=&#8221;4.27.4&#8243; _module_preset=&#8221;default&#8221; theme_builder_area=&#8221;post_content&#8221; title_text=&#8221;RD CONGO lengua materna2&#8243; image=&#8221;https:\/\/www.itakaescolapios.org\/wp-content\/uploads\/2026\/03\/RD-CONGO-lengua-materna2.jpg&#8221; hover_enabled=&#8221;0&#8243; sticky_enabled=&#8221;0&#8243;][\/difl_imagecarouselitem][difl_imagecarouselitem _builder_version=&#8221;4.27.4&#8243; _module_preset=&#8221;default&#8221; theme_builder_area=&#8221;post_content&#8221; title_text=&#8221;RD CONGO lengua materna3&#8243; image=&#8221;https:\/\/www.itakaescolapios.org\/wp-content\/uploads\/2026\/03\/RD-CONGO-lengua-materna3.jpg&#8221; hover_enabled=&#8221;0&#8243; sticky_enabled=&#8221;0&#8243;][\/difl_imagecarouselitem][difl_imagecarouselitem _builder_version=&#8221;4.27.4&#8243; _module_preset=&#8221;default&#8221; theme_builder_area=&#8221;post_content&#8221; title_text=&#8221;RD CONGO lengua materna4&#8243; image=&#8221;https:\/\/www.itakaescolapios.org\/wp-content\/uploads\/2026\/03\/RD-CONGO-lengua-materna4.jpg&#8221; hover_enabled=&#8221;0&#8243; sticky_enabled=&#8221;0&#8243;][\/difl_imagecarouselitem][difl_imagecarouselitem _builder_version=&#8221;4.27.4&#8243; _module_preset=&#8221;default&#8221; theme_builder_area=&#8221;post_content&#8221; title_text=&#8221;RD CONGO lengua materna5&#8243; image=&#8221;https:\/\/www.itakaescolapios.org\/wp-content\/uploads\/2026\/03\/RD-CONGO-lengua-materna5.jpg&#8221; hover_enabled=&#8221;0&#8243; sticky_enabled=&#8221;0&#8243;][\/difl_imagecarouselitem][difl_imagecarouselitem _builder_version=&#8221;4.27.4&#8243; _module_preset=&#8221;default&#8221; theme_builder_area=&#8221;post_content&#8221; title_text=&#8221;RD CONGO lengua materna6&#8243; image=&#8221;https:\/\/www.itakaescolapios.org\/wp-content\/uploads\/2026\/03\/RD-CONGO-lengua-materna6.jpg&#8221; hover_enabled=&#8221;0&#8243; sticky_enabled=&#8221;0&#8243;][\/difl_imagecarouselitem][\/difl_imagecarousel][\/et_pb_column_inner][\/et_pb_row_inner][et_pb_row_inner _builder_version=&#8221;4.24.3&#8243; _module_preset=&#8221;default&#8221; custom_padding=&#8221;20px||||false|false&#8221; border_width_right=&#8221;3px&#8221; border_color_right=&#8221;gcid-b1ace166-c11d-4c70-a679-55884e9ca298&#8243; border_style_right=&#8221;dotted&#8221; border_width_right_tablet=&#8221;3px&#8221; border_width_right_phone=&#8221;0px&#8221; border_width_right_last_edited=&#8221;on|desktop&#8221; collapsed=&#8221;on&#8221; global_colors_info=&#8221;{%22gcid-b1ace166-c11d-4c70-a679-55884e9ca298%22:%91%22border_color_right%22%93}&#8221; theme_builder_area=&#8221;post_content&#8221;][et_pb_column_inner saved_specialty_column_type=&#8221;3_4&#8243; _builder_version=&#8221;4.24.3&#8243; _module_preset=&#8221;default&#8221; global_colors_info=&#8221;{}&#8221; theme_builder_area=&#8221;post_content&#8221;][et_pb_text admin_label=&#8221;L\u00ednea divisoria&#8221; _builder_version=&#8221;4.27.4&#8243; _module_preset=&#8221;default&#8221; header_font=&#8221;IBM Plex Sans|700|||||||&#8221; header_text_color=&#8221;gcid-cca90ba6-297c-4d63-9e2c-8201011ef870&#8243; header_font_size=&#8221;40px&#8221; custom_margin=&#8221;|30px|||false|false&#8221; header_font_size_tablet=&#8221;55px&#8221; header_font_size_phone=&#8221;30px&#8221; header_font_size_last_edited=&#8221;on|phone&#8221; border_width_bottom=&#8221;3px&#8221; border_color_bottom=&#8221;gcid-b1ace166-c11d-4c70-a679-55884e9ca298&#8243; border_style_bottom=&#8221;dotted&#8221; global_colors_info=&#8221;{%22gcid-cca90ba6-297c-4d63-9e2c-8201011ef870%22:%91%22header_text_color%22%93,%22gcid-b1ace166-c11d-4c70-a679-55884e9ca298%22:%91%22border_color_bottom%22%93}&#8221; theme_builder_area=&#8221;post_content&#8221;][\/et_pb_text][difl_imagecarousel item_desktop=&#8221;3&#8243; admin_label=&#8221;Campa\u00f1a, educa y voluntariado&#8221; _builder_version=&#8221;4.27.4&#8243; _module_preset=&#8221;default&#8221; width_tablet=&#8221;&#8221; width_phone=&#8221;100%&#8221; width_last_edited=&#8221;on|desktop&#8221; custom_margin=&#8221;|62px|||false|false&#8221; custom_margin_tablet=&#8221;|62px|||false|false&#8221; custom_margin_phone=&#8221;|62px|||false|false&#8221; custom_margin_last_edited=&#8221;on|desktop&#8221; global_module=&#8221;316782&#8243; global_colors_info=&#8221;{}&#8221; custom_margin__hover_enabled=&#8221;off|desktop&#8221; custom_margin__hover=&#8221;|30px|||false|false&#8221; theme_builder_area=&#8221;post_content&#8221;][difl_imagecarouselitem image=&#8221;https:\/\/www.itakaescolapios.org\/wp-content\/uploads\/2025\/02\/campana-2526.jpg&#8221; ic_button_button_url_new_window=&#8221;1&#8243; _builder_version=&#8221;4.27.4&#8243; _module_preset=&#8221;default&#8221; link_option_url=&#8221;https:\/\/www.educa.itakaescolapios.org\/campanas\/2025-2026-25-anos-extendiendo-raices&#8221; image_en_us=&#8221;https:\/\/www.itakaescolapios.org\/wp-content\/uploads\/2025\/02\/BANNERS-CAMPANA-INFERIOR-5005002.jpg&#8221; image_fr_fr=&#8221;https:\/\/www.itakaescolapios.org\/wp-content\/uploads\/2025\/02\/BANNERS-CAMPANA-INFERIOR-5005003.jpg&#8221; image_eu=&#8221;https:\/\/www.itakaescolapios.org\/wp-content\/uploads\/2025\/02\/BANNERS-CAMPANA-INFERIOR-5005006.jpg&#8221; image_ca=&#8221;https:\/\/www.itakaescolapios.org\/wp-content\/uploads\/2025\/02\/BANNERS-CAMPANA-INFERIOR-5005005.jpg&#8221; image_pt_br=&#8221;https:\/\/www.itakaescolapios.org\/wp-content\/uploads\/2025\/02\/BANNERS-CAMPANA-INFERIOR-5005004.jpg&#8221; global_colors_info=&#8221;{}&#8221; theme_builder_area=&#8221;post_content&#8221;][\/difl_imagecarouselitem][difl_imagecarouselitem admin_label=&#8221;Voluntariado&#8221; image=&#8221;https:\/\/www.itakaescolapios.org\/wp-content\/uploads\/2025\/02\/BANNERS-VOLUNTARIADO-INFERIOR-500500.jpg&#8221; ic_button_button_url_new_window=&#8221;1&#8243; _builder_version=&#8221;4.27.4&#8243; _module_preset=&#8221;default&#8221; link_option_url=&#8221;https:\/\/www.itakaescolapios.org\/es\/haz-voluntariado\/&#8221; image_en_us=&#8221;https:\/\/www.itakaescolapios.org\/wp-content\/uploads\/2025\/02\/BANNERS-VOLUNTARIADO-INFERIOR-5005002.jpg&#8221; image_fr_fr=&#8221;https:\/\/www.itakaescolapios.org\/wp-content\/uploads\/2025\/02\/BANNERS-VOLUNTARIADO-INFERIOR-5005003.jpg&#8221; image_eu=&#8221;https:\/\/www.itakaescolapios.org\/wp-content\/uploads\/2025\/02\/BANNERS-VOLUNTARIADO-INFERIOR-5005006.jpg&#8221; image_ca=&#8221;https:\/\/www.itakaescolapios.org\/wp-content\/uploads\/2025\/02\/BANNERS-VOLUNTARIADO-INFERIOR-5005004.jpg&#8221; image_pt_br=&#8221;https:\/\/www.itakaescolapios.org\/wp-content\/uploads\/2025\/02\/BANNERS-VOLUNTARIADO-INFERIOR-5005005.jpg&#8221; global_colors_info=&#8221;{}&#8221; theme_builder_area=&#8221;post_content&#8221;][\/difl_imagecarouselitem][difl_imagecarouselitem image=&#8221;https:\/\/www.itakaescolapios.org\/wp-content\/uploads\/2025\/02\/BANNERS-EDUCA-INFERIOR-500500.jpg&#8221; ic_button_button_url_new_window=&#8221;1&#8243; _builder_version=&#8221;4.27.4&#8243; _module_preset=&#8221;default&#8221; link_option_url=&#8221;https:\/\/www.educa.itakaescolapios.org\/&#8221; image_en_us=&#8221;https:\/\/www.itakaescolapios.org\/wp-content\/uploads\/2025\/02\/BANNERS-EDUCA-INFERIOR-5005002.jpg&#8221; image_fr_fr=&#8221;https:\/\/www.itakaescolapios.org\/wp-content\/uploads\/2025\/02\/BANNERS-EDUCA-INFERIOR-5005003.jpg&#8221; image_eu=&#8221;https:\/\/www.itakaescolapios.org\/wp-content\/uploads\/2025\/02\/BANNERS-EDUCA-INFERIOR-5005006.jpg&#8221; image_ca=&#8221;https:\/\/www.itakaescolapios.org\/wp-content\/uploads\/2025\/02\/BANNERS-EDUCA-INFERIOR-5005005.jpg&#8221; image_pt_br=&#8221;https:\/\/www.itakaescolapios.org\/wp-content\/uploads\/2025\/02\/BANNERS-EDUCA-INFERIOR-5005004.jpg&#8221; global_colors_info=&#8221;{}&#8221; theme_builder_area=&#8221;post_content&#8221;][\/difl_imagecarouselitem][\/difl_imagecarousel][\/et_pb_column_inner][\/et_pb_row_inner][\/et_pb_column][et_pb_column type=&#8221;1_4&#8243; _builder_version=&#8221;4.16&#8243; custom_padding=&#8221;|||&#8221; global_colors_info=&#8221;{}&#8221; custom_padding__hover=&#8221;|||&#8221; theme_builder_area=&#8221;post_content&#8221;][difl_imagecarousel item_desktop=&#8221;1&#8243; item_tablet=&#8221;1&#8243; loop=&#8221;on&#8221; autoplay=&#8221;on&#8221; autospeed=&#8221;3500&#8243; dots=&#8221;on&#8221; dots_color=&#8221;gcid-cca90ba6-297c-4d63-9e2c-8201011ef870&#8243; active_dots_color=&#8221;gcid-b1ace166-c11d-4c70-a679-55884e9ca298&#8243; dots_gap=&#8221;21px&#8221; item_wrapper_padding=&#8221;||15px||false|false&#8221; admin_label=&#8221;Ser miembro y newsletter&#8221; module_class=&#8221;extiendeenlacedeboton&#8221; _builder_version=&#8221;4.27.4&#8243; _module_preset=&#8221;default&#8221; global_module=&#8221;51656&#8243; saved_tabs=&#8221;all&#8221; locked=&#8221;off&#8221; global_colors_info=&#8221;{%22gcid-cca90ba6-297c-4d63-9e2c-8201011ef870%22:%91%22dots_color%22%93,%22gcid-b1ace166-c11d-4c70-a679-55884e9ca298%22:%91%22active_dots_color%22%93}&#8221; theme_builder_area=&#8221;post_content&#8221;][difl_imagecarouselitem image=&#8221;https:\/\/www.itakaescolapios.org\/wp-content\/uploads\/2025\/02\/banners-500&#215;500-esp.jpg&#8221; ic_button_button_text=&#8221;bot&#8221; ic_button_button_url=&#8221;\/es\/colabora&#8221; ic_button_button_url_new_window=&#8221;1&#8243; _builder_version=&#8221;4.27.4&#8243; _module_preset=&#8221;default&#8221; image_en_us=&#8221;https:\/\/www.itakaescolapios.org\/wp-content\/uploads\/2025\/02\/banners-500&#215;500-eng.jpg&#8221; ic_button_button_text_en_us=&#8221;bot&#8221; image_fr_fr=&#8221;https:\/\/www.itakaescolapios.org\/wp-content\/uploads\/2025\/02\/banners-500&#215;500-fra.jpg&#8221; ic_button_button_text_fr_fr=&#8221;bot&#8221; image_eu=&#8221;https:\/\/www.itakaescolapios.org\/wp-content\/uploads\/2025\/02\/banners-500&#215;500-eusk.jpg&#8221; ic_button_button_text_eu=&#8221;bot&#8221; image_ca=&#8221;https:\/\/www.itakaescolapios.org\/wp-content\/uploads\/2025\/02\/banners-500&#215;500-val.jpg&#8221; ic_button_button_text_ca=&#8221;bot&#8221; image_pt_br=&#8221;https:\/\/www.itakaescolapios.org\/wp-content\/uploads\/2025\/02\/banners-500&#215;500-port.jpg&#8221; ic_button_button_text_pt_br=&#8221;bot&#8221; global_colors_info=&#8221;{}&#8221; theme_builder_area=&#8221;post_content&#8221;][\/difl_imagecarouselitem][difl_imagecarouselitem image=&#8221;https:\/\/www.itakaescolapios.org\/wp-content\/uploads\/2025\/02\/banners-500&#215;500-esp2.png&#8221; ic_button_button_text=&#8221;bot&#8221; ic_button_button_url=&#8221;\/es\/suscribete\/&#8221; ic_button_button_url_new_window=&#8221;1&#8243; _builder_version=&#8221;4.27.4&#8243; _module_preset=&#8221;default&#8221; image_en_us=&#8221;https:\/\/www.itakaescolapios.org\/wp-content\/uploads\/2025\/02\/banners-500&#215;500-eng2.jpg&#8221; ic_button_button_text_en_us=&#8221;bot&#8221; image_fr_fr=&#8221;https:\/\/www.itakaescolapios.org\/wp-content\/uploads\/2025\/02\/banners-500&#215;500-fra2.jpg&#8221; ic_button_button_text_fr_fr=&#8221;bot&#8221; image_eu=&#8221;https:\/\/www.itakaescolapios.org\/wp-content\/uploads\/2025\/02\/banners-500&#215;500-eusk2.jpg&#8221; ic_button_button_text_eu=&#8221;bot&#8221; image_ca=&#8221;https:\/\/www.itakaescolapios.org\/wp-content\/uploads\/2025\/02\/banners-500&#215;500-val2.jpg&#8221; ic_button_button_text_ca=&#8221;bot&#8221; image_pt_br=&#8221;https:\/\/www.itakaescolapios.org\/wp-content\/uploads\/2025\/02\/banners-500&#215;500-port2.jpg&#8221; ic_button_button_text_pt_br=&#8221;bot&#8221; global_colors_info=&#8221;{}&#8221; theme_builder_area=&#8221;post_content&#8221;][\/difl_imagecarouselitem][\/difl_imagecarousel][et_pb_text admin_label=&#8221;Texto %22\u00daltimas noticias%22&#8243; _builder_version=&#8221;4.25.0&#8243; _module_preset=&#8221;default&#8221; header_font=&#8221;IBM Plex Sans|700|||||||&#8221; header_text_color=&#8221;gcid-cca90ba6-297c-4d63-9e2c-8201011ef870&#8243; header_font_size=&#8221;40px&#8221; custom_margin=&#8221;||||false|false&#8221; header_font_size_tablet=&#8221;55px&#8221; header_font_size_phone=&#8221;30px&#8221; header_font_size_last_edited=&#8221;on|phone&#8221; content_en_us=&#8221;<\/p>\n<h1>Last news<\/h1>\n<p>&#8221; content_fr_fr=&#8221;<\/p>\n<h1>Derni\u00e8res nouvelles<\/h1>\n<p>&#8221; content_eu=&#8221;<\/p>\n<h1>Azken berriak<\/h1>\n<p>&#8221; content_ca=&#8221;<\/p>\n<h1>\u00daltimes not\u00edcies<\/h1>\n<p>&#8221; content_pt_br=&#8221;<\/p>\n<h1>\u00daltimas not\u00edcias<\/h1>\n<p>&#8221; border_width_bottom=&#8221;3px&#8221; border_color_bottom=&#8221;gcid-b1ace166-c11d-4c70-a679-55884e9ca298&#8243; border_style_bottom=&#8221;dotted&#8221; global_module=&#8221;50904&#8243; saved_tabs=&#8221;all&#8221; global_colors_info=&#8221;{%22gcid-cca90ba6-297c-4d63-9e2c-8201011ef870%22:%91%22header_text_color%22,%22header_text_color%22%93,%22gcid-b1ace166-c11d-4c70-a679-55884e9ca298%22:%91%22border_color_bottom%22%93}&#8221; theme_builder_area=&#8221;post_content&#8221;]<\/p>\n<h1>\u00daltimas noticias<\/h1>\n<p>[\/et_pb_text][difl_blogcarousel posts_number=&#8221;6&#8243; post_display=&#8221;by_category&#8221; use_image_as_background=&#8221;on&#8221; item_desktop=&#8221;1&#8243; item_tablet=&#8221;1&#8243; loop=&#8221;on&#8221; dots=&#8221;on&#8221; equal_height=&#8221;on&#8221; item_background_bgcolor=&#8221;rgba(175,196,16,0.9)&#8221; arrow_color=&#8221;#FFFFFF&#8221; arrow_background=&#8221;gcid-cca90ba6-297c-4d63-9e2c-8201011ef870&#8243; arrow_circle=&#8221;on&#8221; arrow_prev_icon_use_icon=&#8221;off&#8221; arrow_prev_margin=&#8221;|||-70px|false|false&#8221; arrow_prev_margin_tablet=&#8221;&#8221; arrow_prev_margin_phone=&#8221;|||0px|false|false&#8221; arrow_prev_margin_last_edited=&#8221;on|phone&#8221; arrow_next_margin=&#8221;|-70px|||false|false&#8221; arrow_next_margin_tablet=&#8221;&#8221; arrow_next_margin_phone=&#8221;|0px|||false|false&#8221; arrow_next_margin_last_edited=&#8221;on|phone&#8221; large_active_dot=&#8221;on&#8221; dots_color=&#8221;gcid-cca90ba6-297c-4d63-9e2c-8201011ef870&#8243; active_dots_color=&#8221;gcid-b1ace166-c11d-4c70-a679-55884e9ca298&#8243; wrapper_padding=&#8221;||15px||false|false&#8221; item_wrapper_padding=&#8221;300px||||false|false&#8221; item_padding=&#8221;20px||||false|false&#8221; admin_label=&#8221;AQU\u00cd CAMBIA LA CATEGOR\u00cdA&#8221; _builder_version=&#8221;4.27.4&#8243; _module_preset=&#8221;default&#8221; hover_enabled=&#8221;0&#8243; border_radii_item_outer=&#8221;on|8px|8px|8px|8px&#8221; global_colors_info=&#8221;{%22gcid-b1ace166-c11d-4c70-a679-55884e9ca298%22:%91%22item_background_bgcolor%22,%22active_dots_color%22%93}&#8221; theme_builder_area=&#8221;post_content&#8221; include_categories=&#8221;337&#8243; sticky_enabled=&#8221;0&#8243;][difl_postitem type=&#8221;title&#8221; element_padding=&#8221;10px|10px||10px|false|true&#8221; _builder_version=&#8221;4.27.4&#8243; _module_preset=&#8221;default&#8221; post_font_style_font=&#8221;Merriweather|900|||||||&#8221; post_font_style_text_color=&#8221;#FFFFFF&#8221; post_font_style_font_size=&#8221;20px&#8221; post_font_style_line_height=&#8221;22px&#8221; background_color=&#8221;RGBA(255,255,255,0)&#8221; background_enable_color=&#8221;on&#8221; text_orientation=&#8221;center&#8221; global_colors_info=&#8221;{}&#8221; theme_builder_area=&#8221;post_content&#8221;][\/difl_postitem][difl_postitem type=&#8221;date&#8221; date_format=&#8221;j-F-Y&#8221; meta_display=&#8221;block&#8221; use_icon=&#8221;on&#8221; font_icon=&#8221;&#xe023;||divi||400&#8243; icon_color=&#8221;#FFFFFF&#8221; element_padding=&#8221;|10px||10px|false|true&#8221; _builder_version=&#8221;4.27.4&#8243; _module_preset=&#8221;default&#8221; post_font_style_font=&#8221;IBM Plex Sans|700|||||||&#8221; post_font_style_text_color=&#8221;#FFFFFF&#8221; post_font_style_font_size=&#8221;12px&#8221; background_color=&#8221;RGBA(255,255,255,0)&#8221; background_enable_color=&#8221;on&#8221; text_orientation=&#8221;right&#8221; global_colors_info=&#8221;{}&#8221; theme_builder_area=&#8221;post_content&#8221;][\/difl_postitem][\/difl_blogcarousel][et_pb_text admin_label=&#8221;Texto %22S\u00edguenos%22&#8243; _builder_version=&#8221;4.27.4&#8243; _module_preset=&#8221;default&#8221; header_font=&#8221;IBM Plex Sans|600|||||||&#8221; header_text_color=&#8221;#FFFFFF&#8221; background_color=&#8221;gcid-cca90ba6-297c-4d63-9e2c-8201011ef870&#8243; custom_margin=&#8221;0px||0px||true|false&#8221; custom_padding=&#8221;20px||||false|false&#8221; content_en_us=&#8221;<\/p>\n<h1 style=%22text-align: center;%22>Follow us<\/h1>\n<p>&#8221; content_fr_fr=&#8221;<\/p>\n<h1 style=%22text-align: center;%22>Suivez-nous sur<\/h1>\n<p>&#8221; content_eu=&#8221;<\/p>\n<h1 style=%22text-align: center;%22>Jarraitu<\/h1>\n<p>&#8221; content_ca=&#8221;<\/p>\n<h1 style=%22text-align: center;%22>Segueix-nos<\/h1>\n<p>&#8221; content_pt_br=&#8221;<\/p>\n<h1 style=%22text-align: center;%22>Siga-nos em<\/h1>\n<p>&#8221; border_radii=&#8221;off||15px||&#8221; global_colors_info=&#8221;{%22gcid-cca90ba6-297c-4d63-9e2c-8201011ef870%22:%91%22background_color%22%93}&#8221; theme_builder_area=&#8221;post_content&#8221;]<\/p>\n<h1 style=\"text-align: center;\">S\u00edguenos<\/h1>\n<p>[\/et_pb_text][et_pb_social_media_follow admin_label=&#8221;REDES SOCIALES SEDE&#8221; module_class=&#8221;redes-portada-sede&#8221; _builder_version=&#8221;4.25.1&#8243; _module_preset=&#8221;default&#8221; background_color=&#8221;gcid-cca90ba6-297c-4d63-9e2c-8201011ef870&#8243; text_orientation=&#8221;center&#8221; custom_margin=&#8221;0px||||false|false&#8221; custom_padding=&#8221;15px||15px||true|false&#8221; custom_css_free_form=&#8221;.redes-portada-sede.et_pb_module {border-bottom-left-radius: 15px !important;}&#8221; border_radii=&#8221;off|15px|15px|15px|15px&#8221; global_colors_info=&#8221;{%22gcid-cca90ba6-297c-4d63-9e2c-8201011ef870%22:%91%22background_color%22%93}&#8221; theme_builder_area=&#8221;post_content&#8221;][et_pb_social_media_follow_network social_network=&#8221;facebook&#8221; icon_color=&#8221;gcid-cca90ba6-297c-4d63-9e2c-8201011ef870&#8243; _builder_version=&#8221;4.24.3&#8243; _module_preset=&#8221;default&#8221; background_color=&#8221;#FFFFFF&#8221; background_enable_color=&#8221;on&#8221; global_colors_info=&#8221;{%22gcid-cca90ba6-297c-4d63-9e2c-8201011ef870%22:%91%22icon_color%22%93}&#8221; theme_builder_area=&#8221;post_content&#8221; follow_button=&#8221;off&#8221; url_new_window=&#8221;on&#8221;]facebook[\/et_pb_social_media_follow_network][et_pb_social_media_follow_network social_network=&#8221;instagram&#8221; icon_color=&#8221;gcid-cca90ba6-297c-4d63-9e2c-8201011ef870&#8243; _builder_version=&#8221;4.24.3&#8243; _module_preset=&#8221;default&#8221; background_color=&#8221;#FFFFFF&#8221; background_enable_color=&#8221;on&#8221; global_colors_info=&#8221;{%22gcid-cca90ba6-297c-4d63-9e2c-8201011ef870%22:%91%22icon_color%22%93}&#8221; theme_builder_area=&#8221;post_content&#8221; follow_button=&#8221;off&#8221; url_new_window=&#8221;on&#8221;]instagram[\/et_pb_social_media_follow_network][et_pb_social_media_follow_network social_network=&#8221;youtube&#8221; icon_color=&#8221;gcid-cca90ba6-297c-4d63-9e2c-8201011ef870&#8243; _builder_version=&#8221;4.24.3&#8243; _module_preset=&#8221;default&#8221; background_color=&#8221;#FFFFFF&#8221; background_enable_color=&#8221;on&#8221; global_colors_info=&#8221;{%22gcid-cca90ba6-297c-4d63-9e2c-8201011ef870%22:%91%22icon_color%22%93}&#8221; theme_builder_area=&#8221;post_content&#8221; follow_button=&#8221;off&#8221; url_new_window=&#8221;on&#8221;]youtube[\/et_pb_social_media_follow_network][\/et_pb_social_media_follow][difl_imagecarousel item_desktop=&#8221;1&#8243; item_tablet=&#8221;1&#8243; loop=&#8221;on&#8221; autoplay=&#8221;on&#8221; autospeed=&#8221;3500&#8243; dots=&#8221;on&#8221; dots_color=&#8221;gcid-cca90ba6-297c-4d63-9e2c-8201011ef870&#8243; active_dots_color=&#8221;gcid-b1ace166-c11d-4c70-a679-55884e9ca298&#8243; item_wrapper_padding=&#8221;||20px||false|false&#8221; admin_label=&#8221;Formaci\u00f3n, hemeroteca y formaci\u00f3n&#8221; module_class=&#8221;extiendeenlacedeboton&#8221; _builder_version=&#8221;4.27.4&#8243; _module_preset=&#8221;default&#8221; module_alignment=&#8221;center&#8221; custom_margin=&#8221;||||false|false&#8221; global_module=&#8221;51721&#8243; saved_tabs=&#8221;all&#8221; global_colors_info=&#8221;{%22gcid-cca90ba6-297c-4d63-9e2c-8201011ef870%22:%91%22dots_color%22%93,%22gcid-b1ace166-c11d-4c70-a679-55884e9ca298%22:%91%22active_dots_color%22%93}&#8221; custom_margin__hover_enabled=&#8221;on|hover&#8221; custom_margin__hover=&#8221;||||false|false&#8221; theme_builder_area=&#8221;post_content&#8221;][difl_imagecarouselitem admin_label=&#8221;Formaci\u00f3n&#8221; image=&#8221;https:\/\/www.itakaescolapios.org\/wp-content\/uploads\/2025\/02\/banners-500&#215;500-esp5.jpg&#8221; ic_button_button_text=&#8221;bot&#8221; ic_button_button_url=&#8221;\/es\/que-hacemos\/formacion\/&#8221; ic_button_button_url_new_window=&#8221;1&#8243; _builder_version=&#8221;4.27.4&#8243; _module_preset=&#8221;default&#8221; image_en_us=&#8221;https:\/\/www.itakaescolapios.org\/wp-content\/uploads\/2025\/02\/banners-500&#215;500-eng5.jpg&#8221; ic_button_button_text_en_us=&#8221;bot&#8221; image_fr_fr=&#8221;https:\/\/www.itakaescolapios.org\/wp-content\/uploads\/2025\/02\/banners-500&#215;500-fra5.jpg&#8221; ic_button_button_text_fr_fr=&#8221;bot&#8221; image_eu=&#8221;https:\/\/www.itakaescolapios.org\/wp-content\/uploads\/2025\/02\/banners-500&#215;500-eusk5.jpg&#8221; ic_button_button_text_eu=&#8221;bot&#8221; image_ca=&#8221;https:\/\/www.itakaescolapios.org\/wp-content\/uploads\/2025\/02\/banners-500&#215;500-val5.jpg&#8221; ic_button_button_text_ca=&#8221;bot&#8221; image_pt_br=&#8221;https:\/\/www.itakaescolapios.org\/wp-content\/uploads\/2025\/02\/banners-500&#215;500-port5.jpg&#8221; ic_button_button_text_pt_br=&#8221;bot&#8221; global_colors_info=&#8221;{}&#8221; theme_builder_area=&#8221;post_content&#8221;][\/difl_imagecarouselitem][difl_imagecarouselitem admin_label=&#8221;Publicaciones&#8221; image=&#8221;https:\/\/www.itakaescolapios.org\/wp-content\/uploads\/2025\/02\/banners-500&#215;500-esp3-1.jpg&#8221; ic_button_button_text=&#8221;bot&#8221; ic_button_button_url=&#8221;\/es\/publicaciones&#8221; ic_button_button_url_new_window=&#8221;1&#8243; _builder_version=&#8221;4.27.4&#8243; _module_preset=&#8221;default&#8221; image_en_us=&#8221;https:\/\/www.itakaescolapios.org\/wp-content\/uploads\/2025\/02\/banners-500&#215;500-eng3.jpg&#8221; ic_button_button_text_en_us=&#8221;bot&#8221; image_fr_fr=&#8221;https:\/\/www.itakaescolapios.org\/wp-content\/uploads\/2025\/02\/banners-500&#215;500-fra3.jpg&#8221; ic_button_button_text_fr_fr=&#8221;bot&#8221; image_eu=&#8221;https:\/\/www.itakaescolapios.org\/wp-content\/uploads\/2025\/02\/banners-500&#215;500-eusk3.jpg&#8221; ic_button_button_text_eu=&#8221;bot&#8221; image_ca=&#8221;https:\/\/www.itakaescolapios.org\/wp-content\/uploads\/2025\/02\/banners-500&#215;500-val3.jpg&#8221; ic_button_button_text_ca=&#8221;bot&#8221; image_pt_br=&#8221;https:\/\/www.itakaescolapios.org\/wp-content\/uploads\/2025\/02\/banners-500&#215;500-port3.jpg&#8221; ic_button_button_text_pt_br=&#8221;bot&#8221; global_colors_info=&#8221;{}&#8221; theme_builder_area=&#8221;post_content&#8221;][\/difl_imagecarouselitem][difl_imagecarouselitem admin_label=&#8221;Hemeroteca&#8221; image=&#8221;https:\/\/www.itakaescolapios.org\/wp-content\/uploads\/2025\/02\/banners-500&#215;500-esp4.jpg&#8221; ic_button_button_text=&#8221;bot&#8221; ic_button_button_url=&#8221;\/es\/noticias\/&#8221; ic_button_button_url_new_window=&#8221;1&#8243; _builder_version=&#8221;4.27.4&#8243; _module_preset=&#8221;default&#8221; image_en_us=&#8221;https:\/\/www.itakaescolapios.org\/wp-content\/uploads\/2025\/02\/banners-500&#215;500-eng4.jpg&#8221; ic_button_button_text_en_us=&#8221;bot&#8221; image_fr_fr=&#8221;https:\/\/www.itakaescolapios.org\/wp-content\/uploads\/2025\/02\/banners-500&#215;500-fra4.jpg&#8221; ic_button_button_text_fr_fr=&#8221;bot&#8221; image_eu=&#8221;https:\/\/www.itakaescolapios.org\/wp-content\/uploads\/2025\/02\/banners-500&#215;500-eusk4.jpg&#8221; ic_button_button_text_eu=&#8221;bot&#8221; image_ca=&#8221;https:\/\/www.itakaescolapios.org\/wp-content\/uploads\/2025\/02\/banners-500&#215;500-val4.jpg&#8221; ic_button_button_text_ca=&#8221;bot&#8221; image_pt_br=&#8221;https:\/\/www.itakaescolapios.org\/wp-content\/uploads\/2025\/02\/banners-500&#215;500-port4.jpg&#8221; ic_button_button_text_pt_br=&#8221;bot&#8221; global_colors_info=&#8221;{}&#8221; theme_builder_area=&#8221;post_content&#8221;][\/difl_imagecarouselitem][\/difl_imagecarousel][\/et_pb_column][\/et_pb_section]<\/p>\n","protected":false},"excerpt":{"rendered":"<p>\u00abAma-hizkuntzaren hilabeteari\u00bb amaiera emateko, Kinshasako Saint Joseph Calasanz eskola-guneko hezkuntza-komunitateak larunbata, ama hizkuntzaren balorizazioari buruzko jardunaldi bereziki esanguratsua egin zuen.<\/p>\n","protected":false},"author":69,"featured_media":330800,"comment_status":"closed","ping_status":"closed","sticky":false,"template":"","format":"standard","meta":{"_et_pb_use_builder":"on","_et_pb_old_content":"","_et_gb_content_width":"","footnotes":""},"categories":[337],"tags":[666,726,656,312],"class_list":["post-330797","post","type-post","status-publish","format-standard","has-post-thumbnail","hentry","category-r-d-congo","tag-kinshasa","tag-lengua-materna","tag-rd-congo","tag-red-itaka-escolapios"],"yoast_head":"<!-- This site is optimized with the Yoast SEO plugin v27.4 - https:\/\/yoast.com\/product\/yoast-seo-wordpress\/ -->\n<title>Sustraiak ama hizkuntzaren bidez balorizatuz Kinshasan<\/title>\n<meta name=\"description\" content=\"\u00abAma-hizkuntzaren hilabeteari\u00bb amaiera emateko, Kinshasako Saint Joseph Calasanz eskola-guneko hezkuntza-komunitateak larunbata, ama hizkuntzaren balorizazioari buruzko jardunaldi bereziki esanguratsua egin zuen.\" \/>\n<meta name=\"robots\" content=\"index, follow, max-snippet:-1, max-image-preview:large, max-video-preview:-1\" \/>\n<link rel=\"canonical\" href=\"http:\/\/\u00abAma-hizkuntzaren%20hilabeteari\u00bb%20amaiera%20emateko,%20Kinshasako%20Saint%20Joseph%20Calasanz%20eskola-guneko%20hezkuntza-komunitateak%20larunbata,%20ama%20hizkuntzaren%20balorizazioari%20buruzko%20jardunaldi%20bereziki%20esanguratsua%20egin%20zuen.\" \/>\n<meta property=\"og:locale\" content=\"en_US\" \/>\n<meta property=\"og:type\" content=\"article\" \/>\n<meta property=\"og:title\" content=\"Sustraiak ama hizkuntzaren bidez balorizatuz Kinshasan\" \/>\n<meta property=\"og:description\" content=\"\u00abAma-hizkuntzaren hilabeteari\u00bb amaiera emateko, Kinshasako Saint Joseph Calasanz eskola-guneko hezkuntza-komunitateak larunbata, ama hizkuntzaren balorizazioari buruzko jardunaldi bereziki esanguratsua egin zuen.\" \/>\n<meta property=\"og:url\" content=\"https:\/\/www.itakaescolapios.org\/eu\/2026\/03\/valorizando-las-raices-a-traves-de-la-lengua-materna-en-kinshasa\/\" \/>\n<meta property=\"og:site_name\" content=\"Itaka-Escolapios\" \/>\n<meta property=\"article:published_time\" content=\"2026-03-04T14:51:04+00:00\" \/>\n<meta property=\"article:modified_time\" content=\"2026-03-04T14:51:14+00:00\" \/>\n<meta property=\"og:image\" content=\"https:\/\/www.itakaescolapios.org\/wp-content\/uploads\/2026\/03\/RD-CONGO-lengua-materna.jpg\" \/>\n\t<meta property=\"og:image:width\" content=\"680\" \/>\n\t<meta property=\"og:image:height\" content=\"383\" \/>\n\t<meta property=\"og:image:type\" content=\"image\/jpeg\" \/>\n<meta name=\"author\" content=\"Paz Su\u00f1er\" \/>\n<meta name=\"twitter:card\" content=\"summary_large_image\" \/>\n<meta name=\"twitter:label1\" content=\"Written by\" \/>\n\t<meta name=\"twitter:data1\" content=\"Paz Su\u00f1er\" \/>\n\t<meta name=\"twitter:label2\" content=\"Est. reading time\" \/>\n\t<meta name=\"twitter:data2\" content=\"5 minutua\" \/>\n<script type=\"application\/ld+json\" class=\"yoast-schema-graph\">{\"@context\":\"https:\\\/\\\/schema.org\",\"@graph\":[{\"@type\":\"Article\",\"@id\":\"https:\\\/\\\/www.itakaescolapios.org\\\/eu\\\/2026\\\/03\\\/valorizando-las-raices-a-traves-de-la-lengua-materna-en-kinshasa\\\/#article\",\"isPartOf\":{\"@id\":\"https:\\\/\\\/www.itakaescolapios.org\\\/eu\\\/2026\\\/03\\\/valorizando-las-raices-a-traves-de-la-lengua-materna-en-kinshasa\\\/\"},\"author\":{\"name\":\"Paz Su\u00f1er\",\"@id\":\"https:\\\/\\\/www.itakaescolapios.org\\\/es\\\/#\\\/schema\\\/person\\\/b4aee0bb1423368fa9a5439a0985739e\"},\"headline\":\"Sustraiak ama hizkuntzaren bidez balorizatuz Kinshasan\",\"datePublished\":\"2026-03-04T14:51:04+00:00\",\"dateModified\":\"2026-03-04T14:51:14+00:00\",\"mainEntityOfPage\":{\"@id\":\"https:\\\/\\\/www.itakaescolapios.org\\\/eu\\\/2026\\\/03\\\/valorizando-las-raices-a-traves-de-la-lengua-materna-en-kinshasa\\\/\"},\"wordCount\":4278,\"publisher\":{\"@id\":\"https:\\\/\\\/www.itakaescolapios.org\\\/es\\\/#organization\"},\"image\":{\"@id\":\"https:\\\/\\\/www.itakaescolapios.org\\\/eu\\\/2026\\\/03\\\/valorizando-las-raices-a-traves-de-la-lengua-materna-en-kinshasa\\\/#primaryimage\"},\"thumbnailUrl\":\"https:\\\/\\\/www.itakaescolapios.org\\\/wp-content\\\/uploads\\\/2026\\\/03\\\/RD-CONGO-lengua-materna.jpg\",\"keywords\":[\"kinshasa\",\"Lengua materna\",\"RD Congo\",\"Red Itaka- Escolapios\"],\"articleSection\":[\"R.D. Congo\"],\"inLanguage\":\"eu\"},{\"@type\":\"WebPage\",\"@id\":\"https:\\\/\\\/www.itakaescolapios.org\\\/eu\\\/2026\\\/03\\\/valorizando-las-raices-a-traves-de-la-lengua-materna-en-kinshasa\\\/\",\"url\":\"https:\\\/\\\/www.itakaescolapios.org\\\/eu\\\/2026\\\/03\\\/valorizando-las-raices-a-traves-de-la-lengua-materna-en-kinshasa\\\/\",\"name\":\"Valorizando las ra\u00edces a trav\u00e9s de la lengua materna en Kinshasa - Itaka-Escolapios\",\"isPartOf\":{\"@id\":\"https:\\\/\\\/www.itakaescolapios.org\\\/es\\\/#website\"},\"primaryImageOfPage\":{\"@id\":\"https:\\\/\\\/www.itakaescolapios.org\\\/eu\\\/2026\\\/03\\\/valorizando-las-raices-a-traves-de-la-lengua-materna-en-kinshasa\\\/#primaryimage\"},\"image\":{\"@id\":\"https:\\\/\\\/www.itakaescolapios.org\\\/eu\\\/2026\\\/03\\\/valorizando-las-raices-a-traves-de-la-lengua-materna-en-kinshasa\\\/#primaryimage\"},\"thumbnailUrl\":\"https:\\\/\\\/www.itakaescolapios.org\\\/wp-content\\\/uploads\\\/2026\\\/03\\\/RD-CONGO-lengua-materna.jpg\",\"datePublished\":\"2026-03-04T14:51:04+00:00\",\"dateModified\":\"2026-03-04T14:51:14+00:00\",\"breadcrumb\":{\"@id\":\"https:\\\/\\\/www.itakaescolapios.org\\\/eu\\\/2026\\\/03\\\/valorizando-las-raices-a-traves-de-la-lengua-materna-en-kinshasa\\\/#breadcrumb\"},\"inLanguage\":\"eu\",\"potentialAction\":[{\"@type\":\"ReadAction\",\"target\":[\"https:\\\/\\\/www.itakaescolapios.org\\\/eu\\\/2026\\\/03\\\/valorizando-las-raices-a-traves-de-la-lengua-materna-en-kinshasa\\\/\"]}]},{\"@type\":\"ImageObject\",\"inLanguage\":\"eu\",\"@id\":\"https:\\\/\\\/www.itakaescolapios.org\\\/eu\\\/2026\\\/03\\\/valorizando-las-raices-a-traves-de-la-lengua-materna-en-kinshasa\\\/#primaryimage\",\"url\":\"https:\\\/\\\/www.itakaescolapios.org\\\/wp-content\\\/uploads\\\/2026\\\/03\\\/RD-CONGO-lengua-materna.jpg\",\"contentUrl\":\"https:\\\/\\\/www.itakaescolapios.org\\\/wp-content\\\/uploads\\\/2026\\\/03\\\/RD-CONGO-lengua-materna.jpg\",\"width\":680,\"height\":383},{\"@type\":\"BreadcrumbList\",\"@id\":\"https:\\\/\\\/www.itakaescolapios.org\\\/eu\\\/2026\\\/03\\\/valorizando-las-raices-a-traves-de-la-lengua-materna-en-kinshasa\\\/#breadcrumb\",\"itemListElement\":[{\"@type\":\"ListItem\",\"position\":1,\"name\":\"Itaka-Escolapios\",\"item\":\"https:\\\/\\\/www.itakaescolapios.org\\\/es\\\/\"},{\"@type\":\"ListItem\",\"position\":2,\"name\":\"Sustraiak ama hizkuntzaren bidez balorizatuz Kinshasan\"}]},{\"@type\":\"WebSite\",\"@id\":\"https:\\\/\\\/www.itakaescolapios.org\\\/eu\\\/es\\\/#website\",\"url\":\"https:\\\/\\\/www.itakaescolapios.org\\\/eu\\\/es\\\/\",\"name\":\"Itaka-Escolapios\",\"description\":\"Red de Itaka-Escolapios\",\"publisher\":{\"@id\":\"https:\\\/\\\/www.itakaescolapios.org\\\/eu\\\/es\\\/#organization\"},\"potentialAction\":[{\"@type\":\"SearchAction\",\"target\":{\"@type\":\"EntryPoint\",\"urlTemplate\":\"https:\\\/\\\/www.itakaescolapios.org\\\/eu\\\/es\\\/?s={search_term_string}\"},\"query-input\":{\"@type\":\"PropertyValueSpecification\",\"valueRequired\":true,\"valueName\":\"search_term_string\"}}],\"inLanguage\":\"eu\"},{\"@type\":\"Organization\",\"@id\":\"https:\\\/\\\/www.itakaescolapios.org\\\/eu\\\/es\\\/#organization\",\"name\":\"Fundaci\u00f3 Itaka-Escolapios\",\"url\":\"https:\\\/\\\/www.itakaescolapios.org\\\/eu\\\/es\\\/\",\"logo\":{\"@type\":\"ImageObject\",\"inLanguage\":\"eu\",\"@id\":\"https:\\\/\\\/www.itakaescolapios.org\\\/eu\\\/es\\\/#\\\/schema\\\/logo\\\/image\\\/\",\"url\":\"https:\\\/\\\/www.itakaescolapios.org\\\/wp-content\\\/uploads\\\/2024\\\/04\\\/Logo-itakaescolapios-peque.png\",\"contentUrl\":\"https:\\\/\\\/www.itakaescolapios.org\\\/wp-content\\\/uploads\\\/2024\\\/04\\\/Logo-itakaescolapios-peque.png\",\"width\":500,\"height\":199,\"caption\":\"Fundaci\u00f3 Itaka-Escolapios\"},\"image\":{\"@id\":\"https:\\\/\\\/www.itakaescolapios.org\\\/eu\\\/es\\\/#\\\/schema\\\/logo\\\/image\\\/\"}},{\"@type\":\"Person\",\"@id\":\"https:\\\/\\\/www.itakaescolapios.org\\\/es\\\/#\\\/schema\\\/person\\\/b4aee0bb1423368fa9a5439a0985739e\",\"name\":\"Paz Su\u00f1er\",\"url\":\"https:\\\/\\\/www.itakaescolapios.org\\\/eu\\\/author\\\/pazsuner\\\/\"}]}<\/script>\n<!-- \/ Yoast SEO plugin. -->","yoast_head_json":{"title":"Sustraiak ama hizkuntzaren bidez balorizatuz Kinshasan","description":"\u00abAma-hizkuntzaren hilabeteari\u00bb amaiera emateko, Kinshasako Saint Joseph Calasanz eskola-guneko hezkuntza-komunitateak larunbata, ama hizkuntzaren balorizazioari buruzko jardunaldi bereziki esanguratsua egin zuen.","robots":{"index":"index","follow":"follow","max-snippet":"max-snippet:-1","max-image-preview":"max-image-preview:large","max-video-preview":"max-video-preview:-1"},"canonical":"\u00abAma-hizkuntzaren hilabeteari\u00bb amaiera emateko, Kinshasako Saint Joseph Calasanz eskola-guneko hezkuntza-komunitateak larunbata, ama hizkuntzaren balorizazioari buruzko jardunaldi bereziki esanguratsua egin zuen.","og_locale":"en_US","og_type":"article","og_title":"Sustraiak ama hizkuntzaren bidez balorizatuz Kinshasan","og_description":"\u00abAma-hizkuntzaren hilabeteari\u00bb amaiera emateko, Kinshasako Saint Joseph Calasanz eskola-guneko hezkuntza-komunitateak larunbata, ama hizkuntzaren balorizazioari buruzko jardunaldi bereziki esanguratsua egin zuen.","og_url":"https:\/\/www.itakaescolapios.org\/eu\/2026\/03\/valorizando-las-raices-a-traves-de-la-lengua-materna-en-kinshasa\/","og_site_name":"Itaka-Escolapios","article_published_time":"2026-03-04T14:51:04+00:00","article_modified_time":"2026-03-04T14:51:14+00:00","og_image":[{"width":680,"height":383,"url":"https:\/\/www.itakaescolapios.org\/wp-content\/uploads\/2026\/03\/RD-CONGO-lengua-materna.jpg","type":"image\/jpeg"}],"author":"Paz Su\u00f1er","twitter_card":"summary_large_image","twitter_misc":{"Written by":"Paz Su\u00f1er","Est. reading time":"5 minutua"},"schema":{"@context":"https:\/\/schema.org","@graph":[{"@type":"Article","@id":"https:\/\/www.itakaescolapios.org\/eu\/2026\/03\/valorizando-las-raices-a-traves-de-la-lengua-materna-en-kinshasa\/#article","isPartOf":{"@id":"https:\/\/www.itakaescolapios.org\/eu\/2026\/03\/valorizando-las-raices-a-traves-de-la-lengua-materna-en-kinshasa\/"},"author":{"name":"Paz Su\u00f1er","@id":"https:\/\/www.itakaescolapios.org\/es\/#\/schema\/person\/b4aee0bb1423368fa9a5439a0985739e"},"headline":"Sustraiak ama hizkuntzaren bidez balorizatuz Kinshasan","datePublished":"2026-03-04T14:51:04+00:00","dateModified":"2026-03-04T14:51:14+00:00","mainEntityOfPage":{"@id":"https:\/\/www.itakaescolapios.org\/eu\/2026\/03\/valorizando-las-raices-a-traves-de-la-lengua-materna-en-kinshasa\/"},"wordCount":4278,"publisher":{"@id":"https:\/\/www.itakaescolapios.org\/es\/#organization"},"image":{"@id":"https:\/\/www.itakaescolapios.org\/eu\/2026\/03\/valorizando-las-raices-a-traves-de-la-lengua-materna-en-kinshasa\/#primaryimage"},"thumbnailUrl":"https:\/\/www.itakaescolapios.org\/wp-content\/uploads\/2026\/03\/RD-CONGO-lengua-materna.jpg","keywords":["kinshasa","Lengua materna","RD Congo","Red Itaka- Escolapios"],"articleSection":["R.D. Congo"],"inLanguage":"eu"},{"@type":"WebPage","@id":"https:\/\/www.itakaescolapios.org\/eu\/2026\/03\/valorizando-las-raices-a-traves-de-la-lengua-materna-en-kinshasa\/","url":"https:\/\/www.itakaescolapios.org\/eu\/2026\/03\/valorizando-las-raices-a-traves-de-la-lengua-materna-en-kinshasa\/","name":"Valorizando las ra\u00edces a trav\u00e9s de la lengua materna en Kinshasa - Itaka-Escolapios","isPartOf":{"@id":"https:\/\/www.itakaescolapios.org\/es\/#website"},"primaryImageOfPage":{"@id":"https:\/\/www.itakaescolapios.org\/eu\/2026\/03\/valorizando-las-raices-a-traves-de-la-lengua-materna-en-kinshasa\/#primaryimage"},"image":{"@id":"https:\/\/www.itakaescolapios.org\/eu\/2026\/03\/valorizando-las-raices-a-traves-de-la-lengua-materna-en-kinshasa\/#primaryimage"},"thumbnailUrl":"https:\/\/www.itakaescolapios.org\/wp-content\/uploads\/2026\/03\/RD-CONGO-lengua-materna.jpg","datePublished":"2026-03-04T14:51:04+00:00","dateModified":"2026-03-04T14:51:14+00:00","breadcrumb":{"@id":"https:\/\/www.itakaescolapios.org\/eu\/2026\/03\/valorizando-las-raices-a-traves-de-la-lengua-materna-en-kinshasa\/#breadcrumb"},"inLanguage":"eu","potentialAction":[{"@type":"ReadAction","target":["https:\/\/www.itakaescolapios.org\/eu\/2026\/03\/valorizando-las-raices-a-traves-de-la-lengua-materna-en-kinshasa\/"]}]},{"@type":"ImageObject","inLanguage":"eu","@id":"https:\/\/www.itakaescolapios.org\/eu\/2026\/03\/valorizando-las-raices-a-traves-de-la-lengua-materna-en-kinshasa\/#primaryimage","url":"https:\/\/www.itakaescolapios.org\/wp-content\/uploads\/2026\/03\/RD-CONGO-lengua-materna.jpg","contentUrl":"https:\/\/www.itakaescolapios.org\/wp-content\/uploads\/2026\/03\/RD-CONGO-lengua-materna.jpg","width":680,"height":383},{"@type":"BreadcrumbList","@id":"https:\/\/www.itakaescolapios.org\/eu\/2026\/03\/valorizando-las-raices-a-traves-de-la-lengua-materna-en-kinshasa\/#breadcrumb","itemListElement":[{"@type":"ListItem","position":1,"name":"Itaka-Escolapios","item":"https:\/\/www.itakaescolapios.org\/es\/"},{"@type":"ListItem","position":2,"name":"Sustraiak ama hizkuntzaren bidez balorizatuz Kinshasan"}]},{"@type":"WebSite","@id":"https:\/\/www.itakaescolapios.org\/eu\/es\/#website","url":"https:\/\/www.itakaescolapios.org\/eu\/es\/","name":"Itaka-Escolapios","description":"Red de Itaka-Escolapios","publisher":{"@id":"https:\/\/www.itakaescolapios.org\/eu\/es\/#organization"},"potentialAction":[{"@type":"SearchAction","target":{"@type":"EntryPoint","urlTemplate":"https:\/\/www.itakaescolapios.org\/eu\/es\/?s={search_term_string}"},"query-input":{"@type":"PropertyValueSpecification","valueRequired":true,"valueName":"search_term_string"}}],"inLanguage":"eu"},{"@type":"Organization","@id":"https:\/\/www.itakaescolapios.org\/eu\/es\/#organization","name":"Fundaci\u00f3 Itaka-Escolapios","url":"https:\/\/www.itakaescolapios.org\/eu\/es\/","logo":{"@type":"ImageObject","inLanguage":"eu","@id":"https:\/\/www.itakaescolapios.org\/eu\/es\/#\/schema\/logo\/image\/","url":"https:\/\/www.itakaescolapios.org\/wp-content\/uploads\/2024\/04\/Logo-itakaescolapios-peque.png","contentUrl":"https:\/\/www.itakaescolapios.org\/wp-content\/uploads\/2024\/04\/Logo-itakaescolapios-peque.png","width":500,"height":199,"caption":"Fundaci\u00f3 Itaka-Escolapios"},"image":{"@id":"https:\/\/www.itakaescolapios.org\/eu\/es\/#\/schema\/logo\/image\/"}},{"@type":"Person","@id":"https:\/\/www.itakaescolapios.org\/es\/#\/schema\/person\/b4aee0bb1423368fa9a5439a0985739e","name":"Paz Su\u00f1er","url":"https:\/\/www.itakaescolapios.org\/eu\/author\/pazsuner\/"}]}},"_links":{"self":[{"href":"https:\/\/www.itakaescolapios.org\/eu\/wp-json\/wp\/v2\/posts\/330797","targetHints":{"allow":["GET"]}}],"collection":[{"href":"https:\/\/www.itakaescolapios.org\/eu\/wp-json\/wp\/v2\/posts"}],"about":[{"href":"https:\/\/www.itakaescolapios.org\/eu\/wp-json\/wp\/v2\/types\/post"}],"author":[{"embeddable":true,"href":"https:\/\/www.itakaescolapios.org\/eu\/wp-json\/wp\/v2\/users\/69"}],"replies":[{"embeddable":true,"href":"https:\/\/www.itakaescolapios.org\/eu\/wp-json\/wp\/v2\/comments?post=330797"}],"version-history":[{"count":5,"href":"https:\/\/www.itakaescolapios.org\/eu\/wp-json\/wp\/v2\/posts\/330797\/revisions"}],"predecessor-version":[{"id":330809,"href":"https:\/\/www.itakaescolapios.org\/eu\/wp-json\/wp\/v2\/posts\/330797\/revisions\/330809"}],"wp:featuredmedia":[{"embeddable":true,"href":"https:\/\/www.itakaescolapios.org\/eu\/wp-json\/wp\/v2\/media\/330800"}],"wp:attachment":[{"href":"https:\/\/www.itakaescolapios.org\/eu\/wp-json\/wp\/v2\/media?parent=330797"}],"wp:term":[{"taxonomy":"category","embeddable":true,"href":"https:\/\/www.itakaescolapios.org\/eu\/wp-json\/wp\/v2\/categories?post=330797"},{"taxonomy":"post_tag","embeddable":true,"href":"https:\/\/www.itakaescolapios.org\/eu\/wp-json\/wp\/v2\/tags?post=330797"}],"curies":[{"name":"wp","href":"https:\/\/api.w.org\/{rel}","templated":true}]}}