{"id":36262,"date":"2022-03-07T15:45:59","date_gmt":"2022-03-07T14:45:59","guid":{"rendered":"https:\/\/www.itakaescolapios.org\/?p=36262"},"modified":"2023-11-28T12:35:49","modified_gmt":"2023-11-28T11:35:49","slug":"visita-del-superior-provincial-a-la-delegacion-de-guinea-ecuatorial","status":"publish","type":"post","link":"https:\/\/www.itakaescolapios.org\/eu\/2022\/03\/visita-del-superior-provincial-a-la-delegacion-de-guinea-ecuatorial\/","title":{"rendered":"VISITA DEL SUPERIOR PROVINCIAL A LA DELEGACI\u00d3N DE GUINEA ECUATORIAL."},"content":{"rendered":"<div id=\"tw-container\" class=\"\" data-cp=\"1\" data-is-ver=\"false\" data-nnttsvi=\"1\" data-sm=\"1\" data-sugg-time=\"500\" data-sugg-url=\"https:\/\/clients1.google.com\/complete\/search\" data-uilc=\"fr\">\n<div id=\"tw-ob\" class=\"tw-src-ltr\">\n<div class=\"oSioSc\">\n<div id=\"tw-target\">\n<div id=\"kAz1tf\" class=\"g9WsWb\">\n<div id=\"tw-target-text-container\" class=\"tw-ta-container F0azHf tw-nfl\">\n<p class=\"tw-data-text tw-text-large tw-ta\" dir=\"ltr\" style=\"text-align: left\" data-placeholder=\"Traduction\"><span class=\"Y2IQFc\" lang=\"es\">Para animar a los hermanos ya nuestros colaboradores en las diferentes misiones de Ebibeyin, Bata, Akurenam y Akonibe ( <\/span><span class=\"Y2IQFc\" lang=\"es\">GUINEA ECUATORIAL), se realiz\u00f3 una visita del superior provincial a estas diferentes comunidades. Fue tambi\u00e9n un momento para actualizar a los hermanos en el esp\u00edritu del Cap\u00edtulo General que acaba de concluir y permitirles entrar en la nueva visi\u00f3n de la Orden que est\u00e1 bien definida en los documentos capitulares: La centralidad de Jesucristo en nuestra vida. ; El escolapio que necesitamos; Un ministerio insustituible y la construcci\u00f3n de las Escuelas P\u00edas. La visita fue hermosa con una comunidad acogedora, intercambiamos con los hermanos y los dem\u00e1s miembros de las comunidades presentes.<\/span><\/p>\n<p>&nbsp;<\/p>\n<p><img decoding=\"async\" class=\"size-full wp-image-36264 aligncenter\" src=\"https:\/\/www.itakaescolapios.org\/wp-content\/uploads\/2022\/03\/IMG-20220305-WA0044.jpg\" alt=\"\" width=\"1000\" height=\"450\" srcset=\"https:\/\/www.itakaescolapios.org\/wp-content\/uploads\/2022\/03\/IMG-20220305-WA0044.jpg 1000w, https:\/\/www.itakaescolapios.org\/wp-content\/uploads\/2022\/03\/IMG-20220305-WA0044-300x135.jpg 300w, https:\/\/www.itakaescolapios.org\/wp-content\/uploads\/2022\/03\/IMG-20220305-WA0044-768x346.jpg 768w, https:\/\/www.itakaescolapios.org\/wp-content\/uploads\/2022\/03\/IMG-20220305-WA0044-250x113.jpg 250w\" sizes=\"(max-width: 1000px) 100vw, 1000px\" \/><\/p>\n<p><img decoding=\"async\" class=\"size-full wp-image-36266 aligncenter\" src=\"https:\/\/www.itakaescolapios.org\/wp-content\/uploads\/2022\/03\/IMG-20220305-WA0043.jpg\" alt=\"\" width=\"994\" height=\"768\" srcset=\"https:\/\/www.itakaescolapios.org\/wp-content\/uploads\/2022\/03\/IMG-20220305-WA0043.jpg 994w, https:\/\/www.itakaescolapios.org\/wp-content\/uploads\/2022\/03\/IMG-20220305-WA0043-300x232.jpg 300w, https:\/\/www.itakaescolapios.org\/wp-content\/uploads\/2022\/03\/IMG-20220305-WA0043-768x593.jpg 768w, https:\/\/www.itakaescolapios.org\/wp-content\/uploads\/2022\/03\/IMG-20220305-WA0043-250x193.jpg 250w\" sizes=\"(max-width: 994px) 100vw, 994px\" \/><\/p>\n<p><img decoding=\"async\" class=\"size-full wp-image-36269 aligncenter\" src=\"https:\/\/www.itakaescolapios.org\/wp-content\/uploads\/2022\/03\/IMG-20220306-WA0017.jpg\" alt=\"\" width=\"1000\" height=\"450\" srcset=\"https:\/\/www.itakaescolapios.org\/wp-content\/uploads\/2022\/03\/IMG-20220306-WA0017.jpg 1000w, https:\/\/www.itakaescolapios.org\/wp-content\/uploads\/2022\/03\/IMG-20220306-WA0017-300x135.jpg 300w, https:\/\/www.itakaescolapios.org\/wp-content\/uploads\/2022\/03\/IMG-20220306-WA0017-768x346.jpg 768w, https:\/\/www.itakaescolapios.org\/wp-content\/uploads\/2022\/03\/IMG-20220306-WA0017-250x113.jpg 250w\" sizes=\"(max-width: 1000px) 100vw, 1000px\" \/><\/p>\n<p><img decoding=\"async\" class=\"size-full wp-image-36267 aligncenter\" src=\"https:\/\/www.itakaescolapios.org\/wp-content\/uploads\/2022\/03\/IMG-20220305-WA0046.jpg\" alt=\"\" width=\"1000\" height=\"450\" srcset=\"https:\/\/www.itakaescolapios.org\/wp-content\/uploads\/2022\/03\/IMG-20220305-WA0046.jpg 1000w, https:\/\/www.itakaescolapios.org\/wp-content\/uploads\/2022\/03\/IMG-20220305-WA0046-300x135.jpg 300w, https:\/\/www.itakaescolapios.org\/wp-content\/uploads\/2022\/03\/IMG-20220305-WA0046-768x346.jpg 768w, https:\/\/www.itakaescolapios.org\/wp-content\/uploads\/2022\/03\/IMG-20220305-WA0046-250x113.jpg 250w\" sizes=\"(max-width: 1000px) 100vw, 1000px\" \/><\/p>\n<\/div>\n<\/div>\n<\/div>\n<\/div>\n<\/div>\n<\/div>\n<p><!--more--><\/p>\n","protected":false},"excerpt":{"rendered":"<p>Para animar a los hermanos ya nuestros colaboradores en las diferentes misiones de Ebibeyin, Bata, Akurenam y Akonibe ( GUINEA ECUATORIAL), se realiz\u00f3 una visita del superior provincial a estas [&hellip;]<\/p>\n","protected":false},"author":15,"featured_media":36265,"comment_status":"closed","ping_status":"closed","sticky":false,"template":"","format":"standard","meta":{"_et_pb_use_builder":"","_et_pb_old_content":"","_et_gb_content_width":"","footnotes":""},"categories":[53,533],"tags":[],"class_list":["post-36262","post","type-post","status-publish","format-standard","has-post-thumbnail","hentry","category-africa-central","category-guinea"],"yoast_head":"<!-- This site is optimized with the Yoast SEO plugin v27.4 - https:\/\/yoast.com\/product\/yoast-seo-wordpress\/ -->\n<title>VISITA DEL SUPERIOR PROVINCIAL A LA DELEGACI\u00d3N DE GUINEA ECUATORIAL.<\/title>\n<meta name=\"description\" content=\"Para animar a los hermanos ya nuestros colaboradores en las diferentes misiones de Ebibeyin, Bata, Akurenam y Akonibe ( GUINEA ECUATORIAL), se realiz\u00f3 una visita del superior provincial a estas diferentes comunidades. Fue tambi\u00e9n un momento para actualizar a los hermanos en el esp\u00edritu del Cap\u00edtulo General que acaba de concluir y permitirles entrar en&hellip;\" \/>\n<meta name=\"robots\" content=\"index, follow, max-snippet:-1, max-image-preview:large, max-video-preview:-1\" \/>\n<link rel=\"canonical\" href=\"http:\/\/Para%20animar%20a%20los%20hermanos%20ya%20nuestros%20colaboradores%20en%20las%20diferentes%20misiones%20de%20Ebibeyin,%20Bata,%20Akurenam%20y%20Akonibe%20(%20GUINEA%20ECUATORIAL),%20se%20realiz\u00f3%20una%20visita%20del%20superior%20provincial%20a%20estas%20diferentes%20comunidades.%20Fue%20tambi\u00e9n%20un%20momento%20para%20actualizar%20a%20los%20hermanos%20en%20el%20esp\u00edritu%20del%20Cap\u00edtulo%20General%20que%20acaba%20de%20concluir%20y%20permitirles%20entrar%20en&hellip;\" \/>\n<meta property=\"og:locale\" content=\"en_US\" \/>\n<meta property=\"og:type\" content=\"article\" \/>\n<meta property=\"og:title\" content=\"VISITA DEL SUPERIOR PROVINCIAL A LA DELEGACI\u00d3N DE GUINEA ECUATORIAL.\" \/>\n<meta property=\"og:description\" content=\"Para animar a los hermanos ya nuestros colaboradores en las diferentes misiones de Ebibeyin, Bata, Akurenam y Akonibe ( GUINEA ECUATORIAL), se realiz\u00f3 una visita del superior provincial a estas diferentes comunidades. Fue tambi\u00e9n un momento para actualizar a los hermanos en el esp\u00edritu del Cap\u00edtulo General que acaba de concluir y permitirles entrar en&hellip;\" \/>\n<meta property=\"og:url\" content=\"https:\/\/www.itakaescolapios.org\/eu\/2022\/03\/visita-del-superior-provincial-a-la-delegacion-de-guinea-ecuatorial\/\" \/>\n<meta property=\"og:site_name\" content=\"Itaka-Escolapios\" \/>\n<meta property=\"article:published_time\" content=\"2022-03-07T14:45:59+00:00\" \/>\n<meta property=\"article:modified_time\" content=\"2023-11-28T11:35:49+00:00\" \/>\n<meta property=\"og:image\" content=\"https:\/\/www.itakaescolapios.org\/wp-content\/uploads\/2022\/03\/IMG-20220306-WA0020.jpg\" \/>\n\t<meta property=\"og:image:width\" content=\"1000\" \/>\n\t<meta property=\"og:image:height\" content=\"450\" \/>\n\t<meta property=\"og:image:type\" content=\"image\/jpeg\" \/>\n<meta name=\"author\" content=\"cameroun01\" \/>\n<meta name=\"twitter:card\" content=\"summary_large_image\" \/>\n<meta name=\"twitter:label1\" content=\"Written by\" \/>\n\t<meta name=\"twitter:data1\" content=\"cameroun01\" \/>\n\t<meta name=\"twitter:label2\" content=\"Est. reading time\" \/>\n\t<meta name=\"twitter:data2\" content=\"1 minutua\" \/>\n<script type=\"application\/ld+json\" class=\"yoast-schema-graph\">{\"@context\":\"https:\\\/\\\/schema.org\",\"@graph\":[{\"@type\":\"Article\",\"@id\":\"https:\\\/\\\/www.itakaescolapios.org\\\/eu\\\/2022\\\/03\\\/visita-del-superior-provincial-a-la-delegacion-de-guinea-ecuatorial\\\/#article\",\"isPartOf\":{\"@id\":\"https:\\\/\\\/www.itakaescolapios.org\\\/eu\\\/2022\\\/03\\\/visita-del-superior-provincial-a-la-delegacion-de-guinea-ecuatorial\\\/\"},\"author\":{\"name\":\"cameroun01\",\"@id\":\"https:\\\/\\\/www.itakaescolapios.org\\\/es\\\/#\\\/schema\\\/person\\\/d2844383e29bfdfef69039672ce14eb1\"},\"headline\":\"VISITA DEL SUPERIOR PROVINCIAL A LA DELEGACI\u00d3N DE GUINEA ECUATORIAL.\",\"datePublished\":\"2022-03-07T14:45:59+00:00\",\"dateModified\":\"2023-11-28T11:35:49+00:00\",\"mainEntityOfPage\":{\"@id\":\"https:\\\/\\\/www.itakaescolapios.org\\\/eu\\\/2022\\\/03\\\/visita-del-superior-provincial-a-la-delegacion-de-guinea-ecuatorial\\\/\"},\"wordCount\":128,\"publisher\":{\"@id\":\"https:\\\/\\\/www.itakaescolapios.org\\\/es\\\/#organization\"},\"image\":{\"@id\":\"https:\\\/\\\/www.itakaescolapios.org\\\/eu\\\/2022\\\/03\\\/visita-del-superior-provincial-a-la-delegacion-de-guinea-ecuatorial\\\/#primaryimage\"},\"thumbnailUrl\":\"https:\\\/\\\/www.itakaescolapios.org\\\/wp-content\\\/uploads\\\/2022\\\/03\\\/IMG-20220306-WA0020.jpg\",\"articleSection\":[\"Erdialdeko Afrika\",\"Guinea\"],\"inLanguage\":\"eu\"},{\"@type\":\"WebPage\",\"@id\":\"https:\\\/\\\/www.itakaescolapios.org\\\/eu\\\/2022\\\/03\\\/visita-del-superior-provincial-a-la-delegacion-de-guinea-ecuatorial\\\/\",\"url\":\"https:\\\/\\\/www.itakaescolapios.org\\\/eu\\\/2022\\\/03\\\/visita-del-superior-provincial-a-la-delegacion-de-guinea-ecuatorial\\\/\",\"name\":\"VISITA DEL SUPERIOR PROVINCIAL A LA DELEGACI\u00d3N DE GUINEA ECUATORIAL. - Itaka-Escolapios\",\"isPartOf\":{\"@id\":\"https:\\\/\\\/www.itakaescolapios.org\\\/es\\\/#website\"},\"primaryImageOfPage\":{\"@id\":\"https:\\\/\\\/www.itakaescolapios.org\\\/eu\\\/2022\\\/03\\\/visita-del-superior-provincial-a-la-delegacion-de-guinea-ecuatorial\\\/#primaryimage\"},\"image\":{\"@id\":\"https:\\\/\\\/www.itakaescolapios.org\\\/eu\\\/2022\\\/03\\\/visita-del-superior-provincial-a-la-delegacion-de-guinea-ecuatorial\\\/#primaryimage\"},\"thumbnailUrl\":\"https:\\\/\\\/www.itakaescolapios.org\\\/wp-content\\\/uploads\\\/2022\\\/03\\\/IMG-20220306-WA0020.jpg\",\"datePublished\":\"2022-03-07T14:45:59+00:00\",\"dateModified\":\"2023-11-28T11:35:49+00:00\",\"breadcrumb\":{\"@id\":\"https:\\\/\\\/www.itakaescolapios.org\\\/eu\\\/2022\\\/03\\\/visita-del-superior-provincial-a-la-delegacion-de-guinea-ecuatorial\\\/#breadcrumb\"},\"inLanguage\":\"eu\",\"potentialAction\":[{\"@type\":\"ReadAction\",\"target\":[\"https:\\\/\\\/www.itakaescolapios.org\\\/eu\\\/2022\\\/03\\\/visita-del-superior-provincial-a-la-delegacion-de-guinea-ecuatorial\\\/\"]}]},{\"@type\":\"ImageObject\",\"inLanguage\":\"eu\",\"@id\":\"https:\\\/\\\/www.itakaescolapios.org\\\/eu\\\/2022\\\/03\\\/visita-del-superior-provincial-a-la-delegacion-de-guinea-ecuatorial\\\/#primaryimage\",\"url\":\"https:\\\/\\\/www.itakaescolapios.org\\\/wp-content\\\/uploads\\\/2022\\\/03\\\/IMG-20220306-WA0020.jpg\",\"contentUrl\":\"https:\\\/\\\/www.itakaescolapios.org\\\/wp-content\\\/uploads\\\/2022\\\/03\\\/IMG-20220306-WA0020.jpg\",\"width\":1000,\"height\":450},{\"@type\":\"BreadcrumbList\",\"@id\":\"https:\\\/\\\/www.itakaescolapios.org\\\/eu\\\/2022\\\/03\\\/visita-del-superior-provincial-a-la-delegacion-de-guinea-ecuatorial\\\/#breadcrumb\",\"itemListElement\":[{\"@type\":\"ListItem\",\"position\":1,\"name\":\"Itaka-Escolapios\",\"item\":\"https:\\\/\\\/www.itakaescolapios.org\\\/es\\\/\"},{\"@type\":\"ListItem\",\"position\":2,\"name\":\"VISITA DEL SUPERIOR PROVINCIAL A LA DELEGACI\u00d3N DE GUINEA ECUATORIAL.\"}]},{\"@type\":\"WebSite\",\"@id\":\"https:\\\/\\\/www.itakaescolapios.org\\\/eu\\\/es\\\/#website\",\"url\":\"https:\\\/\\\/www.itakaescolapios.org\\\/eu\\\/es\\\/\",\"name\":\"Itaka-Escolapios\",\"description\":\"Red de Itaka-Escolapios\",\"publisher\":{\"@id\":\"https:\\\/\\\/www.itakaescolapios.org\\\/eu\\\/es\\\/#organization\"},\"potentialAction\":[{\"@type\":\"SearchAction\",\"target\":{\"@type\":\"EntryPoint\",\"urlTemplate\":\"https:\\\/\\\/www.itakaescolapios.org\\\/eu\\\/es\\\/?s={search_term_string}\"},\"query-input\":{\"@type\":\"PropertyValueSpecification\",\"valueRequired\":true,\"valueName\":\"search_term_string\"}}],\"inLanguage\":\"eu\"},{\"@type\":\"Organization\",\"@id\":\"https:\\\/\\\/www.itakaescolapios.org\\\/eu\\\/es\\\/#organization\",\"name\":\"Fundaci\u00f3 Itaka-Escolapios\",\"url\":\"https:\\\/\\\/www.itakaescolapios.org\\\/eu\\\/es\\\/\",\"logo\":{\"@type\":\"ImageObject\",\"inLanguage\":\"eu\",\"@id\":\"https:\\\/\\\/www.itakaescolapios.org\\\/eu\\\/es\\\/#\\\/schema\\\/logo\\\/image\\\/\",\"url\":\"https:\\\/\\\/www.itakaescolapios.org\\\/wp-content\\\/uploads\\\/2024\\\/04\\\/Logo-itakaescolapios-peque.png\",\"contentUrl\":\"https:\\\/\\\/www.itakaescolapios.org\\\/wp-content\\\/uploads\\\/2024\\\/04\\\/Logo-itakaescolapios-peque.png\",\"width\":500,\"height\":199,\"caption\":\"Fundaci\u00f3 Itaka-Escolapios\"},\"image\":{\"@id\":\"https:\\\/\\\/www.itakaescolapios.org\\\/eu\\\/es\\\/#\\\/schema\\\/logo\\\/image\\\/\"}},{\"@type\":\"Person\",\"@id\":\"https:\\\/\\\/www.itakaescolapios.org\\\/es\\\/#\\\/schema\\\/person\\\/d2844383e29bfdfef69039672ce14eb1\",\"name\":\"cameroun01\",\"url\":\"https:\\\/\\\/www.itakaescolapios.org\\\/eu\\\/author\\\/cameroun01\\\/\"}]}<\/script>\n<!-- \/ Yoast SEO plugin. -->","yoast_head_json":{"title":"VISITA DEL SUPERIOR PROVINCIAL A LA DELEGACI\u00d3N DE GUINEA ECUATORIAL.","description":"Para animar a los hermanos ya nuestros colaboradores en las diferentes misiones de Ebibeyin, Bata, Akurenam y Akonibe ( GUINEA ECUATORIAL), se realiz\u00f3 una visita del superior provincial a estas diferentes comunidades. Fue tambi\u00e9n un momento para actualizar a los hermanos en el esp\u00edritu del Cap\u00edtulo General que acaba de concluir y permitirles entrar en&hellip;","robots":{"index":"index","follow":"follow","max-snippet":"max-snippet:-1","max-image-preview":"max-image-preview:large","max-video-preview":"max-video-preview:-1"},"canonical":"Para animar a los hermanos ya nuestros colaboradores en las diferentes misiones de Ebibeyin, Bata, Akurenam y Akonibe ( GUINEA ECUATORIAL), se realiz\u00f3 una visita del superior provincial a estas diferentes comunidades. Fue tambi\u00e9n un momento para actualizar a los hermanos en el esp\u00edritu del Cap\u00edtulo General que acaba de concluir y permitirles entrar en&hellip;","og_locale":"en_US","og_type":"article","og_title":"VISITA DEL SUPERIOR PROVINCIAL A LA DELEGACI\u00d3N DE GUINEA ECUATORIAL.","og_description":"Para animar a los hermanos ya nuestros colaboradores en las diferentes misiones de Ebibeyin, Bata, Akurenam y Akonibe ( GUINEA ECUATORIAL), se realiz\u00f3 una visita del superior provincial a estas diferentes comunidades. Fue tambi\u00e9n un momento para actualizar a los hermanos en el esp\u00edritu del Cap\u00edtulo General que acaba de concluir y permitirles entrar en&hellip;","og_url":"https:\/\/www.itakaescolapios.org\/eu\/2022\/03\/visita-del-superior-provincial-a-la-delegacion-de-guinea-ecuatorial\/","og_site_name":"Itaka-Escolapios","article_published_time":"2022-03-07T14:45:59+00:00","article_modified_time":"2023-11-28T11:35:49+00:00","og_image":[{"width":1000,"height":450,"url":"https:\/\/www.itakaescolapios.org\/wp-content\/uploads\/2022\/03\/IMG-20220306-WA0020.jpg","type":"image\/jpeg"}],"author":"cameroun01","twitter_card":"summary_large_image","twitter_misc":{"Written by":"cameroun01","Est. reading time":"1 minutua"},"schema":{"@context":"https:\/\/schema.org","@graph":[{"@type":"Article","@id":"https:\/\/www.itakaescolapios.org\/eu\/2022\/03\/visita-del-superior-provincial-a-la-delegacion-de-guinea-ecuatorial\/#article","isPartOf":{"@id":"https:\/\/www.itakaescolapios.org\/eu\/2022\/03\/visita-del-superior-provincial-a-la-delegacion-de-guinea-ecuatorial\/"},"author":{"name":"cameroun01","@id":"https:\/\/www.itakaescolapios.org\/es\/#\/schema\/person\/d2844383e29bfdfef69039672ce14eb1"},"headline":"VISITA DEL SUPERIOR PROVINCIAL A LA DELEGACI\u00d3N DE GUINEA ECUATORIAL.","datePublished":"2022-03-07T14:45:59+00:00","dateModified":"2023-11-28T11:35:49+00:00","mainEntityOfPage":{"@id":"https:\/\/www.itakaescolapios.org\/eu\/2022\/03\/visita-del-superior-provincial-a-la-delegacion-de-guinea-ecuatorial\/"},"wordCount":128,"publisher":{"@id":"https:\/\/www.itakaescolapios.org\/es\/#organization"},"image":{"@id":"https:\/\/www.itakaescolapios.org\/eu\/2022\/03\/visita-del-superior-provincial-a-la-delegacion-de-guinea-ecuatorial\/#primaryimage"},"thumbnailUrl":"https:\/\/www.itakaescolapios.org\/wp-content\/uploads\/2022\/03\/IMG-20220306-WA0020.jpg","articleSection":["Erdialdeko Afrika","Guinea"],"inLanguage":"eu"},{"@type":"WebPage","@id":"https:\/\/www.itakaescolapios.org\/eu\/2022\/03\/visita-del-superior-provincial-a-la-delegacion-de-guinea-ecuatorial\/","url":"https:\/\/www.itakaescolapios.org\/eu\/2022\/03\/visita-del-superior-provincial-a-la-delegacion-de-guinea-ecuatorial\/","name":"VISITA DEL SUPERIOR PROVINCIAL A LA DELEGACI\u00d3N DE GUINEA ECUATORIAL. - Itaka-Escolapios","isPartOf":{"@id":"https:\/\/www.itakaescolapios.org\/es\/#website"},"primaryImageOfPage":{"@id":"https:\/\/www.itakaescolapios.org\/eu\/2022\/03\/visita-del-superior-provincial-a-la-delegacion-de-guinea-ecuatorial\/#primaryimage"},"image":{"@id":"https:\/\/www.itakaescolapios.org\/eu\/2022\/03\/visita-del-superior-provincial-a-la-delegacion-de-guinea-ecuatorial\/#primaryimage"},"thumbnailUrl":"https:\/\/www.itakaescolapios.org\/wp-content\/uploads\/2022\/03\/IMG-20220306-WA0020.jpg","datePublished":"2022-03-07T14:45:59+00:00","dateModified":"2023-11-28T11:35:49+00:00","breadcrumb":{"@id":"https:\/\/www.itakaescolapios.org\/eu\/2022\/03\/visita-del-superior-provincial-a-la-delegacion-de-guinea-ecuatorial\/#breadcrumb"},"inLanguage":"eu","potentialAction":[{"@type":"ReadAction","target":["https:\/\/www.itakaescolapios.org\/eu\/2022\/03\/visita-del-superior-provincial-a-la-delegacion-de-guinea-ecuatorial\/"]}]},{"@type":"ImageObject","inLanguage":"eu","@id":"https:\/\/www.itakaescolapios.org\/eu\/2022\/03\/visita-del-superior-provincial-a-la-delegacion-de-guinea-ecuatorial\/#primaryimage","url":"https:\/\/www.itakaescolapios.org\/wp-content\/uploads\/2022\/03\/IMG-20220306-WA0020.jpg","contentUrl":"https:\/\/www.itakaescolapios.org\/wp-content\/uploads\/2022\/03\/IMG-20220306-WA0020.jpg","width":1000,"height":450},{"@type":"BreadcrumbList","@id":"https:\/\/www.itakaescolapios.org\/eu\/2022\/03\/visita-del-superior-provincial-a-la-delegacion-de-guinea-ecuatorial\/#breadcrumb","itemListElement":[{"@type":"ListItem","position":1,"name":"Itaka-Escolapios","item":"https:\/\/www.itakaescolapios.org\/es\/"},{"@type":"ListItem","position":2,"name":"VISITA DEL SUPERIOR PROVINCIAL A LA DELEGACI\u00d3N DE GUINEA ECUATORIAL."}]},{"@type":"WebSite","@id":"https:\/\/www.itakaescolapios.org\/eu\/es\/#website","url":"https:\/\/www.itakaescolapios.org\/eu\/es\/","name":"Itaka-Escolapios","description":"Red de Itaka-Escolapios","publisher":{"@id":"https:\/\/www.itakaescolapios.org\/eu\/es\/#organization"},"potentialAction":[{"@type":"SearchAction","target":{"@type":"EntryPoint","urlTemplate":"https:\/\/www.itakaescolapios.org\/eu\/es\/?s={search_term_string}"},"query-input":{"@type":"PropertyValueSpecification","valueRequired":true,"valueName":"search_term_string"}}],"inLanguage":"eu"},{"@type":"Organization","@id":"https:\/\/www.itakaescolapios.org\/eu\/es\/#organization","name":"Fundaci\u00f3 Itaka-Escolapios","url":"https:\/\/www.itakaescolapios.org\/eu\/es\/","logo":{"@type":"ImageObject","inLanguage":"eu","@id":"https:\/\/www.itakaescolapios.org\/eu\/es\/#\/schema\/logo\/image\/","url":"https:\/\/www.itakaescolapios.org\/wp-content\/uploads\/2024\/04\/Logo-itakaescolapios-peque.png","contentUrl":"https:\/\/www.itakaescolapios.org\/wp-content\/uploads\/2024\/04\/Logo-itakaescolapios-peque.png","width":500,"height":199,"caption":"Fundaci\u00f3 Itaka-Escolapios"},"image":{"@id":"https:\/\/www.itakaescolapios.org\/eu\/es\/#\/schema\/logo\/image\/"}},{"@type":"Person","@id":"https:\/\/www.itakaescolapios.org\/es\/#\/schema\/person\/d2844383e29bfdfef69039672ce14eb1","name":"cameroun01","url":"https:\/\/www.itakaescolapios.org\/eu\/author\/cameroun01\/"}]}},"_links":{"self":[{"href":"https:\/\/www.itakaescolapios.org\/eu\/wp-json\/wp\/v2\/posts\/36262","targetHints":{"allow":["GET"]}}],"collection":[{"href":"https:\/\/www.itakaescolapios.org\/eu\/wp-json\/wp\/v2\/posts"}],"about":[{"href":"https:\/\/www.itakaescolapios.org\/eu\/wp-json\/wp\/v2\/types\/post"}],"author":[{"embeddable":true,"href":"https:\/\/www.itakaescolapios.org\/eu\/wp-json\/wp\/v2\/users\/15"}],"replies":[{"embeddable":true,"href":"https:\/\/www.itakaescolapios.org\/eu\/wp-json\/wp\/v2\/comments?post=36262"}],"version-history":[{"count":6,"href":"https:\/\/www.itakaescolapios.org\/eu\/wp-json\/wp\/v2\/posts\/36262\/revisions"}],"predecessor-version":[{"id":44021,"href":"https:\/\/www.itakaescolapios.org\/eu\/wp-json\/wp\/v2\/posts\/36262\/revisions\/44021"}],"wp:featuredmedia":[{"embeddable":true,"href":"https:\/\/www.itakaescolapios.org\/eu\/wp-json\/wp\/v2\/media\/36265"}],"wp:attachment":[{"href":"https:\/\/www.itakaescolapios.org\/eu\/wp-json\/wp\/v2\/media?parent=36262"}],"wp:term":[{"taxonomy":"category","embeddable":true,"href":"https:\/\/www.itakaescolapios.org\/eu\/wp-json\/wp\/v2\/categories?post=36262"},{"taxonomy":"post_tag","embeddable":true,"href":"https:\/\/www.itakaescolapios.org\/eu\/wp-json\/wp\/v2\/tags?post=36262"}],"curies":[{"name":"wp","href":"https:\/\/api.w.org\/{rel}","templated":true}]}}