{"id":36309,"date":"2022-03-09T10:01:06","date_gmt":"2022-03-09T09:01:06","guid":{"rendered":"https:\/\/www.itakaescolapios.org\/?p=36309"},"modified":"2023-11-28T12:35:49","modified_gmt":"2023-11-28T11:35:49","slug":"9m-aniversario-y-dia-del-voluntariado-en-itaka-escolapios-2","status":"publish","type":"post","link":"https:\/\/www.itakaescolapios.org\/eu\/2022\/03\/9m-aniversario-y-dia-del-voluntariado-en-itaka-escolapios-2\/","title":{"rendered":"9M ANIVERSARIO Y D\u00cdA DEL VOLUNTARIADO EN ITAKA-ESCOLAPIOS"},"content":{"rendered":"<p>Cada 9 de marzo celebramos el aniversario de Itaka -Escolapios, y tambi\u00e9n esta fecha ha sido elegida, para agradecer y celebrar con las personas voluntarias.<\/p>\n<p>Ellas son el coraz\u00f3n de nuestra entidad, comparten su tiempo, ilusi\u00f3n y cari\u00f1o impulsando cada d\u00eda los proyectos de Itaka Escolapios, poniendo toda su dedicaci\u00f3n a transformar la sociedad. Es por ello, por lo que hoy queremos proclamar un grande y cari\u00f1oso \u00a1GRACIAS!<\/p>\n<p>&nbsp;<\/p>\n<p>\n\t\t<style type=\"text\/css\">\n\t\t\t#gallery-1 {\n\t\t\t\tmargin: auto;\n\t\t\t}\n\t\t\t#gallery-1 .gallery-item {\n\t\t\t\tfloat: left;\n\t\t\t\tmargin-top: 10px;\n\t\t\t\ttext-align: center;\n\t\t\t\twidth: 33%;\n\t\t\t}\n\t\t\t#gallery-1 img {\n\t\t\t\tborder: 2px solid #cfcfcf;\n\t\t\t}\n\t\t\t#gallery-1 .gallery-caption {\n\t\t\t\tmargin-left: 0;\n\t\t\t}\n\t\t\t\/* see gallery_shortcode() in wp-includes\/media.php *\/\n\t\t<\/style>\n\t\t<div id='gallery-1' class='gallery galleryid-36309 gallery-columns-3 gallery-size-thumbnail'><dl class='gallery-item'>\n\t\t\t<dt class='gallery-icon landscape'>\n\t\t\t\t<a href='https:\/\/www.itakaescolapios.org\/eu\/2022\/03\/9m-aniversario-y-dia-del-voluntariado-en-itaka-escolapios-2\/div-itaka-2022-banner-esp\/'><img decoding=\"async\" width=\"90\" height=\"90\" src=\"https:\/\/www.itakaescolapios.org\/wp-content\/uploads\/2022\/03\/div-ITAKA-2022-banner-esp-90x90.jpg\" class=\"attachment-thumbnail size-thumbnail\" alt=\"\" \/><\/a>\n\t\t\t<\/dt><\/dl><dl class='gallery-item'>\n\t\t\t<dt class='gallery-icon landscape'>\n\t\t\t\t<a href='https:\/\/www.itakaescolapios.org\/eu\/2022\/03\/9m-aniversario-y-dia-del-voluntariado-en-itaka-escolapios-2\/div-itaka-2022-banner-port\/'><img decoding=\"async\" width=\"90\" height=\"90\" src=\"https:\/\/www.itakaescolapios.org\/wp-content\/uploads\/2022\/03\/div-ITAKA-2022-banner-port-90x90.jpg\" class=\"attachment-thumbnail size-thumbnail\" alt=\"\" \/><\/a>\n\t\t\t<\/dt><\/dl><dl class='gallery-item'>\n\t\t\t<dt class='gallery-icon landscape'>\n\t\t\t\t<a href='https:\/\/www.itakaescolapios.org\/eu\/2022\/03\/9m-aniversario-y-dia-del-voluntariado-en-itaka-escolapios-2\/div-itaka-2022-banner-ing\/'><img decoding=\"async\" width=\"90\" height=\"90\" src=\"https:\/\/www.itakaescolapios.org\/wp-content\/uploads\/2022\/03\/div-ITAKA-2022-banner-ing-90x90.jpg\" class=\"attachment-thumbnail size-thumbnail\" alt=\"\" \/><\/a>\n\t\t\t<\/dt><\/dl><br style=\"clear: both\" \/><dl class='gallery-item'>\n\t\t\t<dt class='gallery-icon landscape'>\n\t\t\t\t<a href='https:\/\/www.itakaescolapios.org\/eu\/2022\/03\/9m-aniversario-y-dia-del-voluntariado-en-itaka-escolapios-2\/div-itaka-2022-banner-fra\/'><img decoding=\"async\" width=\"90\" height=\"90\" src=\"https:\/\/www.itakaescolapios.org\/wp-content\/uploads\/2022\/03\/div-ITAKA-2022-banner-fra-90x90.jpg\" class=\"attachment-thumbnail size-thumbnail\" alt=\"\" \/><\/a>\n\t\t\t<\/dt><\/dl>\n\t\t\t<br style='clear: both' \/>\n\t\t<\/div>\n<!--more--><\/p>\n","protected":false},"excerpt":{"rendered":"<p>Cada 9 de marzo celebramos el aniversario de Itaka -Escolapios, y tambi\u00e9n esta fecha ha sido elegida, para agradecer y celebrar con las personas voluntarias. Ellas son el coraz\u00f3n de [&hellip;]<\/p>\n","protected":false},"author":4,"featured_media":36313,"comment_status":"closed","ping_status":"closed","sticky":false,"template":"","format":"standard","meta":{"_et_pb_use_builder":"","_et_pb_old_content":"","_et_gb_content_width":"","footnotes":""},"categories":[30],"tags":[],"class_list":["post-36309","post","type-post","status-publish","format-standard","has-post-thumbnail","hentry","category-itaka-escolapios"],"yoast_head":"<!-- This site is optimized with the Yoast SEO plugin v27.4 - https:\/\/yoast.com\/product\/yoast-seo-wordpress\/ -->\n<title>9M ANIVERSARIO Y D\u00cdA DEL VOLUNTARIADO EN ITAKA-ESCOLAPIOS<\/title>\n<meta name=\"description\" content=\"Cada 9 de marzo celebramos el aniversario de Itaka -Escolapios, y tambi\u00e9n esta fecha ha sido elegida, para agradecer y celebrar con las personas voluntarias. Ellas son el coraz\u00f3n de nuestra entidad, comparten su tiempo, ilusi\u00f3n y cari\u00f1o impulsando cada d\u00eda los proyectos de Itaka Escolapios, poniendo toda su dedicaci\u00f3n a transformar la sociedad. Es&hellip;\" \/>\n<meta name=\"robots\" content=\"index, follow, max-snippet:-1, max-image-preview:large, max-video-preview:-1\" \/>\n<link rel=\"canonical\" href=\"http:\/\/Cada%209%20de%20marzo%20celebramos%20el%20aniversario%20de%20Itaka%20-Escolapios,%20y%20tambi\u00e9n%20esta%20fecha%20ha%20sido%20elegida,%20para%20agradecer%20y%20celebrar%20con%20las%20personas%20voluntarias.%20Ellas%20son%20el%20coraz\u00f3n%20de%20nuestra%20entidad,%20comparten%20su%20tiempo,%20ilusi\u00f3n%20y%20cari\u00f1o%20impulsando%20cada%20d\u00eda%20los%20proyectos%20de%20Itaka%20Escolapios,%20poniendo%20toda%20su%20dedicaci\u00f3n%20a%20transformar%20la%20sociedad.%20Es&hellip;\" \/>\n<meta property=\"og:locale\" content=\"en_US\" \/>\n<meta property=\"og:type\" content=\"article\" \/>\n<meta property=\"og:title\" content=\"9M ANIVERSARIO Y D\u00cdA DEL VOLUNTARIADO EN ITAKA-ESCOLAPIOS\" \/>\n<meta property=\"og:description\" content=\"Cada 9 de marzo celebramos el aniversario de Itaka -Escolapios, y tambi\u00e9n esta fecha ha sido elegida, para agradecer y celebrar con las personas voluntarias. Ellas son el coraz\u00f3n de nuestra entidad, comparten su tiempo, ilusi\u00f3n y cari\u00f1o impulsando cada d\u00eda los proyectos de Itaka Escolapios, poniendo toda su dedicaci\u00f3n a transformar la sociedad. Es&hellip;\" \/>\n<meta property=\"og:url\" content=\"https:\/\/www.itakaescolapios.org\/eu\/2022\/03\/9m-aniversario-y-dia-del-voluntariado-en-itaka-escolapios-2\/\" \/>\n<meta property=\"og:site_name\" content=\"Itaka-Escolapios\" \/>\n<meta property=\"article:published_time\" content=\"2022-03-09T09:01:06+00:00\" \/>\n<meta property=\"article:modified_time\" content=\"2023-11-28T11:35:49+00:00\" \/>\n<meta property=\"og:image\" content=\"https:\/\/www.itakaescolapios.org\/wp-content\/uploads\/2022\/03\/div-ITAKA-2022-banner-esp-scaled.jpg\" \/>\n\t<meta property=\"og:image:width\" content=\"2000\" \/>\n\t<meta property=\"og:image:height\" content=\"741\" \/>\n\t<meta property=\"og:image:type\" content=\"image\/jpeg\" \/>\n<meta name=\"author\" content=\"itaka\" \/>\n<meta name=\"twitter:card\" content=\"summary_large_image\" \/>\n<meta name=\"twitter:label1\" content=\"Written by\" \/>\n\t<meta name=\"twitter:data1\" content=\"itaka\" \/>\n<script type=\"application\/ld+json\" class=\"yoast-schema-graph\">{\"@context\":\"https:\\\/\\\/schema.org\",\"@graph\":[{\"@type\":\"Article\",\"@id\":\"https:\\\/\\\/www.itakaescolapios.org\\\/eu\\\/2022\\\/03\\\/9m-aniversario-y-dia-del-voluntariado-en-itaka-escolapios-2\\\/#article\",\"isPartOf\":{\"@id\":\"https:\\\/\\\/www.itakaescolapios.org\\\/eu\\\/2022\\\/03\\\/9m-aniversario-y-dia-del-voluntariado-en-itaka-escolapios-2\\\/\"},\"author\":{\"name\":\"itaka\",\"@id\":\"https:\\\/\\\/www.itakaescolapios.org\\\/es\\\/#\\\/schema\\\/person\\\/670123daeb1cc31cae1b106740036ccb\"},\"headline\":\"9M ANIVERSARIO Y D\u00cdA DEL VOLUNTARIADO EN ITAKA-ESCOLAPIOS\",\"datePublished\":\"2022-03-09T09:01:06+00:00\",\"dateModified\":\"2023-11-28T11:35:49+00:00\",\"mainEntityOfPage\":{\"@id\":\"https:\\\/\\\/www.itakaescolapios.org\\\/eu\\\/2022\\\/03\\\/9m-aniversario-y-dia-del-voluntariado-en-itaka-escolapios-2\\\/\"},\"wordCount\":86,\"publisher\":{\"@id\":\"https:\\\/\\\/www.itakaescolapios.org\\\/es\\\/#organization\"},\"image\":{\"@id\":\"https:\\\/\\\/www.itakaescolapios.org\\\/eu\\\/2022\\\/03\\\/9m-aniversario-y-dia-del-voluntariado-en-itaka-escolapios-2\\\/#primaryimage\"},\"thumbnailUrl\":\"https:\\\/\\\/www.itakaescolapios.org\\\/wp-content\\\/uploads\\\/2022\\\/03\\\/div-ITAKA-2022-banner-esp-scaled.jpg\",\"articleSection\":[\"Itaka Escolapios\"],\"inLanguage\":\"eu\"},{\"@type\":\"WebPage\",\"@id\":\"https:\\\/\\\/www.itakaescolapios.org\\\/eu\\\/2022\\\/03\\\/9m-aniversario-y-dia-del-voluntariado-en-itaka-escolapios-2\\\/\",\"url\":\"https:\\\/\\\/www.itakaescolapios.org\\\/eu\\\/2022\\\/03\\\/9m-aniversario-y-dia-del-voluntariado-en-itaka-escolapios-2\\\/\",\"name\":\"9M ANIVERSARIO Y D\u00cdA DEL VOLUNTARIADO EN ITAKA-ESCOLAPIOS - Itaka-Escolapios\",\"isPartOf\":{\"@id\":\"https:\\\/\\\/www.itakaescolapios.org\\\/es\\\/#website\"},\"primaryImageOfPage\":{\"@id\":\"https:\\\/\\\/www.itakaescolapios.org\\\/eu\\\/2022\\\/03\\\/9m-aniversario-y-dia-del-voluntariado-en-itaka-escolapios-2\\\/#primaryimage\"},\"image\":{\"@id\":\"https:\\\/\\\/www.itakaescolapios.org\\\/eu\\\/2022\\\/03\\\/9m-aniversario-y-dia-del-voluntariado-en-itaka-escolapios-2\\\/#primaryimage\"},\"thumbnailUrl\":\"https:\\\/\\\/www.itakaescolapios.org\\\/wp-content\\\/uploads\\\/2022\\\/03\\\/div-ITAKA-2022-banner-esp-scaled.jpg\",\"datePublished\":\"2022-03-09T09:01:06+00:00\",\"dateModified\":\"2023-11-28T11:35:49+00:00\",\"breadcrumb\":{\"@id\":\"https:\\\/\\\/www.itakaescolapios.org\\\/eu\\\/2022\\\/03\\\/9m-aniversario-y-dia-del-voluntariado-en-itaka-escolapios-2\\\/#breadcrumb\"},\"inLanguage\":\"eu\",\"potentialAction\":[{\"@type\":\"ReadAction\",\"target\":[\"https:\\\/\\\/www.itakaescolapios.org\\\/eu\\\/2022\\\/03\\\/9m-aniversario-y-dia-del-voluntariado-en-itaka-escolapios-2\\\/\"]}]},{\"@type\":\"ImageObject\",\"inLanguage\":\"eu\",\"@id\":\"https:\\\/\\\/www.itakaescolapios.org\\\/eu\\\/2022\\\/03\\\/9m-aniversario-y-dia-del-voluntariado-en-itaka-escolapios-2\\\/#primaryimage\",\"url\":\"https:\\\/\\\/www.itakaescolapios.org\\\/wp-content\\\/uploads\\\/2022\\\/03\\\/div-ITAKA-2022-banner-esp-scaled.jpg\",\"contentUrl\":\"https:\\\/\\\/www.itakaescolapios.org\\\/wp-content\\\/uploads\\\/2022\\\/03\\\/div-ITAKA-2022-banner-esp-scaled.jpg\",\"width\":2000,\"height\":741},{\"@type\":\"BreadcrumbList\",\"@id\":\"https:\\\/\\\/www.itakaescolapios.org\\\/eu\\\/2022\\\/03\\\/9m-aniversario-y-dia-del-voluntariado-en-itaka-escolapios-2\\\/#breadcrumb\",\"itemListElement\":[{\"@type\":\"ListItem\",\"position\":1,\"name\":\"Itaka-Escolapios\",\"item\":\"https:\\\/\\\/www.itakaescolapios.org\\\/es\\\/\"},{\"@type\":\"ListItem\",\"position\":2,\"name\":\"9M ANIVERSARIO Y D\u00cdA DEL VOLUNTARIADO EN ITAKA-ESCOLAPIOS\"}]},{\"@type\":\"WebSite\",\"@id\":\"https:\\\/\\\/www.itakaescolapios.org\\\/eu\\\/es\\\/#website\",\"url\":\"https:\\\/\\\/www.itakaescolapios.org\\\/eu\\\/es\\\/\",\"name\":\"Itaka-Escolapios\",\"description\":\"Red de Itaka-Escolapios\",\"publisher\":{\"@id\":\"https:\\\/\\\/www.itakaescolapios.org\\\/eu\\\/es\\\/#organization\"},\"potentialAction\":[{\"@type\":\"SearchAction\",\"target\":{\"@type\":\"EntryPoint\",\"urlTemplate\":\"https:\\\/\\\/www.itakaescolapios.org\\\/eu\\\/es\\\/?s={search_term_string}\"},\"query-input\":{\"@type\":\"PropertyValueSpecification\",\"valueRequired\":true,\"valueName\":\"search_term_string\"}}],\"inLanguage\":\"eu\"},{\"@type\":\"Organization\",\"@id\":\"https:\\\/\\\/www.itakaescolapios.org\\\/eu\\\/es\\\/#organization\",\"name\":\"Fundaci\u00f3 Itaka-Escolapios\",\"url\":\"https:\\\/\\\/www.itakaescolapios.org\\\/eu\\\/es\\\/\",\"logo\":{\"@type\":\"ImageObject\",\"inLanguage\":\"eu\",\"@id\":\"https:\\\/\\\/www.itakaescolapios.org\\\/eu\\\/es\\\/#\\\/schema\\\/logo\\\/image\\\/\",\"url\":\"https:\\\/\\\/www.itakaescolapios.org\\\/wp-content\\\/uploads\\\/2024\\\/04\\\/Logo-itakaescolapios-peque.png\",\"contentUrl\":\"https:\\\/\\\/www.itakaescolapios.org\\\/wp-content\\\/uploads\\\/2024\\\/04\\\/Logo-itakaescolapios-peque.png\",\"width\":500,\"height\":199,\"caption\":\"Fundaci\u00f3 Itaka-Escolapios\"},\"image\":{\"@id\":\"https:\\\/\\\/www.itakaescolapios.org\\\/eu\\\/es\\\/#\\\/schema\\\/logo\\\/image\\\/\"}},{\"@type\":\"Person\",\"@id\":\"https:\\\/\\\/www.itakaescolapios.org\\\/es\\\/#\\\/schema\\\/person\\\/670123daeb1cc31cae1b106740036ccb\",\"name\":\"itaka\",\"url\":\"https:\\\/\\\/www.itakaescolapios.org\\\/eu\\\/author\\\/itaka\\\/\"}]}<\/script>\n<!-- \/ Yoast SEO plugin. -->","yoast_head_json":{"title":"9M ANIVERSARIO Y D\u00cdA DEL VOLUNTARIADO EN ITAKA-ESCOLAPIOS","description":"Cada 9 de marzo celebramos el aniversario de Itaka -Escolapios, y tambi\u00e9n esta fecha ha sido elegida, para agradecer y celebrar con las personas voluntarias. Ellas son el coraz\u00f3n de nuestra entidad, comparten su tiempo, ilusi\u00f3n y cari\u00f1o impulsando cada d\u00eda los proyectos de Itaka Escolapios, poniendo toda su dedicaci\u00f3n a transformar la sociedad. Es&hellip;","robots":{"index":"index","follow":"follow","max-snippet":"max-snippet:-1","max-image-preview":"max-image-preview:large","max-video-preview":"max-video-preview:-1"},"canonical":"Cada 9 de marzo celebramos el aniversario de Itaka -Escolapios, y tambi\u00e9n esta fecha ha sido elegida, para agradecer y celebrar con las personas voluntarias. Ellas son el coraz\u00f3n de nuestra entidad, comparten su tiempo, ilusi\u00f3n y cari\u00f1o impulsando cada d\u00eda los proyectos de Itaka Escolapios, poniendo toda su dedicaci\u00f3n a transformar la sociedad. Es&hellip;","og_locale":"en_US","og_type":"article","og_title":"9M ANIVERSARIO Y D\u00cdA DEL VOLUNTARIADO EN ITAKA-ESCOLAPIOS","og_description":"Cada 9 de marzo celebramos el aniversario de Itaka -Escolapios, y tambi\u00e9n esta fecha ha sido elegida, para agradecer y celebrar con las personas voluntarias. Ellas son el coraz\u00f3n de nuestra entidad, comparten su tiempo, ilusi\u00f3n y cari\u00f1o impulsando cada d\u00eda los proyectos de Itaka Escolapios, poniendo toda su dedicaci\u00f3n a transformar la sociedad. Es&hellip;","og_url":"https:\/\/www.itakaescolapios.org\/eu\/2022\/03\/9m-aniversario-y-dia-del-voluntariado-en-itaka-escolapios-2\/","og_site_name":"Itaka-Escolapios","article_published_time":"2022-03-09T09:01:06+00:00","article_modified_time":"2023-11-28T11:35:49+00:00","og_image":[{"width":2000,"height":741,"url":"https:\/\/www.itakaescolapios.org\/wp-content\/uploads\/2022\/03\/div-ITAKA-2022-banner-esp-scaled.jpg","type":"image\/jpeg"}],"author":"itaka","twitter_card":"summary_large_image","twitter_misc":{"Written by":"itaka"},"schema":{"@context":"https:\/\/schema.org","@graph":[{"@type":"Article","@id":"https:\/\/www.itakaescolapios.org\/eu\/2022\/03\/9m-aniversario-y-dia-del-voluntariado-en-itaka-escolapios-2\/#article","isPartOf":{"@id":"https:\/\/www.itakaescolapios.org\/eu\/2022\/03\/9m-aniversario-y-dia-del-voluntariado-en-itaka-escolapios-2\/"},"author":{"name":"itaka","@id":"https:\/\/www.itakaescolapios.org\/es\/#\/schema\/person\/670123daeb1cc31cae1b106740036ccb"},"headline":"9M ANIVERSARIO Y D\u00cdA DEL VOLUNTARIADO EN ITAKA-ESCOLAPIOS","datePublished":"2022-03-09T09:01:06+00:00","dateModified":"2023-11-28T11:35:49+00:00","mainEntityOfPage":{"@id":"https:\/\/www.itakaescolapios.org\/eu\/2022\/03\/9m-aniversario-y-dia-del-voluntariado-en-itaka-escolapios-2\/"},"wordCount":86,"publisher":{"@id":"https:\/\/www.itakaescolapios.org\/es\/#organization"},"image":{"@id":"https:\/\/www.itakaescolapios.org\/eu\/2022\/03\/9m-aniversario-y-dia-del-voluntariado-en-itaka-escolapios-2\/#primaryimage"},"thumbnailUrl":"https:\/\/www.itakaescolapios.org\/wp-content\/uploads\/2022\/03\/div-ITAKA-2022-banner-esp-scaled.jpg","articleSection":["Itaka Escolapios"],"inLanguage":"eu"},{"@type":"WebPage","@id":"https:\/\/www.itakaescolapios.org\/eu\/2022\/03\/9m-aniversario-y-dia-del-voluntariado-en-itaka-escolapios-2\/","url":"https:\/\/www.itakaescolapios.org\/eu\/2022\/03\/9m-aniversario-y-dia-del-voluntariado-en-itaka-escolapios-2\/","name":"9M ANIVERSARIO Y D\u00cdA DEL VOLUNTARIADO EN ITAKA-ESCOLAPIOS - Itaka-Escolapios","isPartOf":{"@id":"https:\/\/www.itakaescolapios.org\/es\/#website"},"primaryImageOfPage":{"@id":"https:\/\/www.itakaescolapios.org\/eu\/2022\/03\/9m-aniversario-y-dia-del-voluntariado-en-itaka-escolapios-2\/#primaryimage"},"image":{"@id":"https:\/\/www.itakaescolapios.org\/eu\/2022\/03\/9m-aniversario-y-dia-del-voluntariado-en-itaka-escolapios-2\/#primaryimage"},"thumbnailUrl":"https:\/\/www.itakaescolapios.org\/wp-content\/uploads\/2022\/03\/div-ITAKA-2022-banner-esp-scaled.jpg","datePublished":"2022-03-09T09:01:06+00:00","dateModified":"2023-11-28T11:35:49+00:00","breadcrumb":{"@id":"https:\/\/www.itakaescolapios.org\/eu\/2022\/03\/9m-aniversario-y-dia-del-voluntariado-en-itaka-escolapios-2\/#breadcrumb"},"inLanguage":"eu","potentialAction":[{"@type":"ReadAction","target":["https:\/\/www.itakaescolapios.org\/eu\/2022\/03\/9m-aniversario-y-dia-del-voluntariado-en-itaka-escolapios-2\/"]}]},{"@type":"ImageObject","inLanguage":"eu","@id":"https:\/\/www.itakaescolapios.org\/eu\/2022\/03\/9m-aniversario-y-dia-del-voluntariado-en-itaka-escolapios-2\/#primaryimage","url":"https:\/\/www.itakaescolapios.org\/wp-content\/uploads\/2022\/03\/div-ITAKA-2022-banner-esp-scaled.jpg","contentUrl":"https:\/\/www.itakaescolapios.org\/wp-content\/uploads\/2022\/03\/div-ITAKA-2022-banner-esp-scaled.jpg","width":2000,"height":741},{"@type":"BreadcrumbList","@id":"https:\/\/www.itakaescolapios.org\/eu\/2022\/03\/9m-aniversario-y-dia-del-voluntariado-en-itaka-escolapios-2\/#breadcrumb","itemListElement":[{"@type":"ListItem","position":1,"name":"Itaka-Escolapios","item":"https:\/\/www.itakaescolapios.org\/es\/"},{"@type":"ListItem","position":2,"name":"9M ANIVERSARIO Y D\u00cdA DEL VOLUNTARIADO EN ITAKA-ESCOLAPIOS"}]},{"@type":"WebSite","@id":"https:\/\/www.itakaescolapios.org\/eu\/es\/#website","url":"https:\/\/www.itakaescolapios.org\/eu\/es\/","name":"Itaka-Escolapios","description":"Red de Itaka-Escolapios","publisher":{"@id":"https:\/\/www.itakaescolapios.org\/eu\/es\/#organization"},"potentialAction":[{"@type":"SearchAction","target":{"@type":"EntryPoint","urlTemplate":"https:\/\/www.itakaescolapios.org\/eu\/es\/?s={search_term_string}"},"query-input":{"@type":"PropertyValueSpecification","valueRequired":true,"valueName":"search_term_string"}}],"inLanguage":"eu"},{"@type":"Organization","@id":"https:\/\/www.itakaescolapios.org\/eu\/es\/#organization","name":"Fundaci\u00f3 Itaka-Escolapios","url":"https:\/\/www.itakaescolapios.org\/eu\/es\/","logo":{"@type":"ImageObject","inLanguage":"eu","@id":"https:\/\/www.itakaescolapios.org\/eu\/es\/#\/schema\/logo\/image\/","url":"https:\/\/www.itakaescolapios.org\/wp-content\/uploads\/2024\/04\/Logo-itakaescolapios-peque.png","contentUrl":"https:\/\/www.itakaescolapios.org\/wp-content\/uploads\/2024\/04\/Logo-itakaescolapios-peque.png","width":500,"height":199,"caption":"Fundaci\u00f3 Itaka-Escolapios"},"image":{"@id":"https:\/\/www.itakaescolapios.org\/eu\/es\/#\/schema\/logo\/image\/"}},{"@type":"Person","@id":"https:\/\/www.itakaescolapios.org\/es\/#\/schema\/person\/670123daeb1cc31cae1b106740036ccb","name":"itaka","url":"https:\/\/www.itakaescolapios.org\/eu\/author\/itaka\/"}]}},"_links":{"self":[{"href":"https:\/\/www.itakaescolapios.org\/eu\/wp-json\/wp\/v2\/posts\/36309","targetHints":{"allow":["GET"]}}],"collection":[{"href":"https:\/\/www.itakaescolapios.org\/eu\/wp-json\/wp\/v2\/posts"}],"about":[{"href":"https:\/\/www.itakaescolapios.org\/eu\/wp-json\/wp\/v2\/types\/post"}],"author":[{"embeddable":true,"href":"https:\/\/www.itakaescolapios.org\/eu\/wp-json\/wp\/v2\/users\/4"}],"replies":[{"embeddable":true,"href":"https:\/\/www.itakaescolapios.org\/eu\/wp-json\/wp\/v2\/comments?post=36309"}],"version-history":[{"count":3,"href":"https:\/\/www.itakaescolapios.org\/eu\/wp-json\/wp\/v2\/posts\/36309\/revisions"}],"predecessor-version":[{"id":44014,"href":"https:\/\/www.itakaescolapios.org\/eu\/wp-json\/wp\/v2\/posts\/36309\/revisions\/44014"}],"wp:featuredmedia":[{"embeddable":true,"href":"https:\/\/www.itakaescolapios.org\/eu\/wp-json\/wp\/v2\/media\/36313"}],"wp:attachment":[{"href":"https:\/\/www.itakaescolapios.org\/eu\/wp-json\/wp\/v2\/media?parent=36309"}],"wp:term":[{"taxonomy":"category","embeddable":true,"href":"https:\/\/www.itakaescolapios.org\/eu\/wp-json\/wp\/v2\/categories?post=36309"},{"taxonomy":"post_tag","embeddable":true,"href":"https:\/\/www.itakaescolapios.org\/eu\/wp-json\/wp\/v2\/tags?post=36309"}],"curies":[{"name":"wp","href":"https:\/\/api.w.org\/{rel}","templated":true}]}}