{"id":36933,"date":"2022-06-06T09:03:03","date_gmt":"2022-06-06T08:03:03","guid":{"rendered":"https:\/\/www.itakaescolapios.org\/?p=36933"},"modified":"2023-11-28T12:35:45","modified_gmt":"2023-11-28T11:35:45","slug":"interkulturaldi-2022","status":"publish","type":"post","link":"https:\/\/www.itakaescolapios.org\/eu\/2022\/06\/interkulturaldi-2022\/","title":{"rendered":"INTERKULTURALDI 2022"},"content":{"rendered":"<div class=\"cxmmr5t8 oygrvhab hcukyx3x c1et5uql o9v6fnle ii04i59q\">\n<div dir=\"auto\">El s\u00e1bado celebramos esta fiesta intercultural. Una oportunidad de encuentro, de compartir, de divertirse y de reconocer el valor de la diversidad de culturas, creencias, edades, habilidades\u2026 entre todas las personas que formamos parte de la Presencia Escolapia de Bilbao.<\/div>\n<div dir=\"auto\"><\/div>\n<\/div>\n<div class=\"cxmmr5t8 oygrvhab hcukyx3x c1et5uql o9v6fnle ii04i59q\">\n<div dir=\"auto\">Un d\u00eda lleno de actividades desde la ma\u00f1ana hasta la noche; encuentro interreligioso, juegos, talleres, comida popular, baile, eucarist\u00eda, verbena\u2026<\/div>\n<div dir=\"auto\"><\/div>\n<\/div>\n<div class=\"cxmmr5t8 oygrvhab hcukyx3x c1et5uql o9v6fnle ii04i59q\">\n<div dir=\"auto\">Gracias a todas las personas que participasteis y a todas las que lo hab\u00e9is hecho posible.<\/div>\n<\/div>\n<div dir=\"auto\"><\/div>\n<div dir=\"auto\">Os dejamos un video resumen del encuentro:<\/div>\n<div dir=\"auto\"><\/div>\n<div dir=\"auto\"><\/div>\n<div dir=\"auto\"><\/div>\n<p><iframe loading=\"lazy\" width=\"560\" height=\"315\" src=\"https:\/\/www.youtube.com\/embed\/FgVyw4Tx09U\" title=\"YouTube video player\" frameborder=\"0\" allow=\"accelerometer; autoplay; clipboard-write; encrypted-media; gyroscope; picture-in-picture\" allowfullscreen><\/iframe><\/p>\n","protected":false},"excerpt":{"rendered":"<p>El s\u00e1bado celebramos esta fiesta intercultural. Una oportunidad de encuentro, de compartir, de divertirse y de reconocer el valor de la diversidad de culturas, creencias, edades, habilidades\u2026 entre todas las [&hellip;]<\/p>\n","protected":false},"author":4,"featured_media":36934,"comment_status":"closed","ping_status":"closed","sticky":false,"template":"","format":"standard","meta":{"_et_pb_use_builder":"","_et_pb_old_content":"","_et_gb_content_width":"","footnotes":""},"categories":[9],"tags":[],"class_list":["post-36933","post","type-post","status-publish","format-standard","has-post-thumbnail","hentry","category-bilbao"],"yoast_head":"<!-- This site is optimized with the Yoast SEO plugin v27.4 - https:\/\/yoast.com\/product\/yoast-seo-wordpress\/ -->\n<title>INTERKULTURALDI 2022<\/title>\n<meta name=\"description\" content=\"El s\u00e1bado celebramos esta fiesta intercultural. Una oportunidad de encuentro, de compartir, de divertirse y de reconocer el valor de la diversidad de culturas, creencias, edades, habilidades\u2026 entre todas las personas que formamos parte de la Presencia Escolapia de Bilbao. Un d\u00eda lleno de actividades desde la ma\u00f1ana hasta la noche; encuentro interreligioso, juegos, talleres,&hellip;\" \/>\n<meta name=\"robots\" content=\"index, follow, max-snippet:-1, max-image-preview:large, max-video-preview:-1\" \/>\n<link rel=\"canonical\" href=\"http:\/\/El%20s\u00e1bado%20celebramos%20esta%20fiesta%20intercultural.%20Una%20oportunidad%20de%20encuentro,%20de%20compartir,%20de%20divertirse%20y%20de%20reconocer%20el%20valor%20de%20la%20diversidad%20de%20culturas,%20creencias,%20edades,%20habilidades\u2026%20entre%20todas%20las%20personas%20que%20formamos%20parte%20de%20la%20Presencia%20Escolapia%20de%20Bilbao.%20Un%20d\u00eda%20lleno%20de%20actividades%20desde%20la%20ma\u00f1ana%20hasta%20la%20noche;%20encuentro%20interreligioso,%20juegos,%20talleres,&hellip;\" \/>\n<meta property=\"og:locale\" content=\"en_US\" \/>\n<meta property=\"og:type\" content=\"article\" \/>\n<meta property=\"og:title\" content=\"INTERKULTURALDI 2022\" \/>\n<meta property=\"og:description\" content=\"El s\u00e1bado celebramos esta fiesta intercultural. Una oportunidad de encuentro, de compartir, de divertirse y de reconocer el valor de la diversidad de culturas, creencias, edades, habilidades\u2026 entre todas las personas que formamos parte de la Presencia Escolapia de Bilbao. Un d\u00eda lleno de actividades desde la ma\u00f1ana hasta la noche; encuentro interreligioso, juegos, talleres,&hellip;\" \/>\n<meta property=\"og:url\" content=\"https:\/\/www.itakaescolapios.org\/eu\/2022\/06\/interkulturaldi-2022\/\" \/>\n<meta property=\"og:site_name\" content=\"Itaka-Escolapios\" \/>\n<meta property=\"article:published_time\" content=\"2022-06-06T08:03:03+00:00\" \/>\n<meta property=\"article:modified_time\" content=\"2023-11-28T11:35:45+00:00\" \/>\n<meta property=\"og:image\" content=\"https:\/\/www.itakaescolapios.org\/wp-content\/uploads\/2022\/06\/CORTINA.jpg\" \/>\n\t<meta property=\"og:image:width\" content=\"1280\" \/>\n\t<meta property=\"og:image:height\" content=\"720\" \/>\n\t<meta property=\"og:image:type\" content=\"image\/jpeg\" \/>\n<meta name=\"author\" content=\"itaka\" \/>\n<meta name=\"twitter:card\" content=\"summary_large_image\" \/>\n<meta name=\"twitter:label1\" content=\"Written by\" \/>\n\t<meta name=\"twitter:data1\" content=\"itaka\" \/>\n<script type=\"application\/ld+json\" class=\"yoast-schema-graph\">{\"@context\":\"https:\\\/\\\/schema.org\",\"@graph\":[{\"@type\":\"Article\",\"@id\":\"https:\\\/\\\/www.itakaescolapios.org\\\/eu\\\/2022\\\/06\\\/interkulturaldi-2022\\\/#article\",\"isPartOf\":{\"@id\":\"https:\\\/\\\/www.itakaescolapios.org\\\/eu\\\/2022\\\/06\\\/interkulturaldi-2022\\\/\"},\"author\":{\"name\":\"itaka\",\"@id\":\"https:\\\/\\\/www.itakaescolapios.org\\\/es\\\/#\\\/schema\\\/person\\\/670123daeb1cc31cae1b106740036ccb\"},\"headline\":\"INTERKULTURALDI 2022\",\"datePublished\":\"2022-06-06T08:03:03+00:00\",\"dateModified\":\"2023-11-28T11:35:45+00:00\",\"mainEntityOfPage\":{\"@id\":\"https:\\\/\\\/www.itakaescolapios.org\\\/eu\\\/2022\\\/06\\\/interkulturaldi-2022\\\/\"},\"wordCount\":89,\"publisher\":{\"@id\":\"https:\\\/\\\/www.itakaescolapios.org\\\/es\\\/#organization\"},\"image\":{\"@id\":\"https:\\\/\\\/www.itakaescolapios.org\\\/eu\\\/2022\\\/06\\\/interkulturaldi-2022\\\/#primaryimage\"},\"thumbnailUrl\":\"https:\\\/\\\/www.itakaescolapios.org\\\/wp-content\\\/uploads\\\/2022\\\/06\\\/CORTINA.jpg\",\"articleSection\":[\"Bilbo\"],\"inLanguage\":\"eu\"},{\"@type\":\"WebPage\",\"@id\":\"https:\\\/\\\/www.itakaescolapios.org\\\/eu\\\/2022\\\/06\\\/interkulturaldi-2022\\\/\",\"url\":\"https:\\\/\\\/www.itakaescolapios.org\\\/eu\\\/2022\\\/06\\\/interkulturaldi-2022\\\/\",\"name\":\"INTERKULTURALDI 2022 - Itaka-Escolapios\",\"isPartOf\":{\"@id\":\"https:\\\/\\\/www.itakaescolapios.org\\\/es\\\/#website\"},\"primaryImageOfPage\":{\"@id\":\"https:\\\/\\\/www.itakaescolapios.org\\\/eu\\\/2022\\\/06\\\/interkulturaldi-2022\\\/#primaryimage\"},\"image\":{\"@id\":\"https:\\\/\\\/www.itakaescolapios.org\\\/eu\\\/2022\\\/06\\\/interkulturaldi-2022\\\/#primaryimage\"},\"thumbnailUrl\":\"https:\\\/\\\/www.itakaescolapios.org\\\/wp-content\\\/uploads\\\/2022\\\/06\\\/CORTINA.jpg\",\"datePublished\":\"2022-06-06T08:03:03+00:00\",\"dateModified\":\"2023-11-28T11:35:45+00:00\",\"breadcrumb\":{\"@id\":\"https:\\\/\\\/www.itakaescolapios.org\\\/eu\\\/2022\\\/06\\\/interkulturaldi-2022\\\/#breadcrumb\"},\"inLanguage\":\"eu\",\"potentialAction\":[{\"@type\":\"ReadAction\",\"target\":[\"https:\\\/\\\/www.itakaescolapios.org\\\/eu\\\/2022\\\/06\\\/interkulturaldi-2022\\\/\"]}]},{\"@type\":\"ImageObject\",\"inLanguage\":\"eu\",\"@id\":\"https:\\\/\\\/www.itakaescolapios.org\\\/eu\\\/2022\\\/06\\\/interkulturaldi-2022\\\/#primaryimage\",\"url\":\"https:\\\/\\\/www.itakaescolapios.org\\\/wp-content\\\/uploads\\\/2022\\\/06\\\/CORTINA.jpg\",\"contentUrl\":\"https:\\\/\\\/www.itakaescolapios.org\\\/wp-content\\\/uploads\\\/2022\\\/06\\\/CORTINA.jpg\",\"width\":1280,\"height\":720},{\"@type\":\"BreadcrumbList\",\"@id\":\"https:\\\/\\\/www.itakaescolapios.org\\\/eu\\\/2022\\\/06\\\/interkulturaldi-2022\\\/#breadcrumb\",\"itemListElement\":[{\"@type\":\"ListItem\",\"position\":1,\"name\":\"Itaka-Escolapios\",\"item\":\"https:\\\/\\\/www.itakaescolapios.org\\\/es\\\/\"},{\"@type\":\"ListItem\",\"position\":2,\"name\":\"INTERKULTURALDI 2022\"}]},{\"@type\":\"WebSite\",\"@id\":\"https:\\\/\\\/www.itakaescolapios.org\\\/eu\\\/es\\\/#website\",\"url\":\"https:\\\/\\\/www.itakaescolapios.org\\\/eu\\\/es\\\/\",\"name\":\"Itaka-Escolapios\",\"description\":\"Red de Itaka-Escolapios\",\"publisher\":{\"@id\":\"https:\\\/\\\/www.itakaescolapios.org\\\/eu\\\/es\\\/#organization\"},\"potentialAction\":[{\"@type\":\"SearchAction\",\"target\":{\"@type\":\"EntryPoint\",\"urlTemplate\":\"https:\\\/\\\/www.itakaescolapios.org\\\/eu\\\/es\\\/?s={search_term_string}\"},\"query-input\":{\"@type\":\"PropertyValueSpecification\",\"valueRequired\":true,\"valueName\":\"search_term_string\"}}],\"inLanguage\":\"eu\"},{\"@type\":\"Organization\",\"@id\":\"https:\\\/\\\/www.itakaescolapios.org\\\/eu\\\/es\\\/#organization\",\"name\":\"Fundaci\u00f3 Itaka-Escolapios\",\"url\":\"https:\\\/\\\/www.itakaescolapios.org\\\/eu\\\/es\\\/\",\"logo\":{\"@type\":\"ImageObject\",\"inLanguage\":\"eu\",\"@id\":\"https:\\\/\\\/www.itakaescolapios.org\\\/eu\\\/es\\\/#\\\/schema\\\/logo\\\/image\\\/\",\"url\":\"https:\\\/\\\/www.itakaescolapios.org\\\/wp-content\\\/uploads\\\/2024\\\/04\\\/Logo-itakaescolapios-peque.png\",\"contentUrl\":\"https:\\\/\\\/www.itakaescolapios.org\\\/wp-content\\\/uploads\\\/2024\\\/04\\\/Logo-itakaescolapios-peque.png\",\"width\":500,\"height\":199,\"caption\":\"Fundaci\u00f3 Itaka-Escolapios\"},\"image\":{\"@id\":\"https:\\\/\\\/www.itakaescolapios.org\\\/eu\\\/es\\\/#\\\/schema\\\/logo\\\/image\\\/\"}},{\"@type\":\"Person\",\"@id\":\"https:\\\/\\\/www.itakaescolapios.org\\\/es\\\/#\\\/schema\\\/person\\\/670123daeb1cc31cae1b106740036ccb\",\"name\":\"itaka\",\"url\":\"https:\\\/\\\/www.itakaescolapios.org\\\/eu\\\/author\\\/itaka\\\/\"}]}<\/script>\n<!-- \/ Yoast SEO plugin. -->","yoast_head_json":{"title":"INTERKULTURALDI 2022","description":"El s\u00e1bado celebramos esta fiesta intercultural. Una oportunidad de encuentro, de compartir, de divertirse y de reconocer el valor de la diversidad de culturas, creencias, edades, habilidades\u2026 entre todas las personas que formamos parte de la Presencia Escolapia de Bilbao. Un d\u00eda lleno de actividades desde la ma\u00f1ana hasta la noche; encuentro interreligioso, juegos, talleres,&hellip;","robots":{"index":"index","follow":"follow","max-snippet":"max-snippet:-1","max-image-preview":"max-image-preview:large","max-video-preview":"max-video-preview:-1"},"canonical":"El s\u00e1bado celebramos esta fiesta intercultural. Una oportunidad de encuentro, de compartir, de divertirse y de reconocer el valor de la diversidad de culturas, creencias, edades, habilidades\u2026 entre todas las personas que formamos parte de la Presencia Escolapia de Bilbao. Un d\u00eda lleno de actividades desde la ma\u00f1ana hasta la noche; encuentro interreligioso, juegos, talleres,&hellip;","og_locale":"en_US","og_type":"article","og_title":"INTERKULTURALDI 2022","og_description":"El s\u00e1bado celebramos esta fiesta intercultural. Una oportunidad de encuentro, de compartir, de divertirse y de reconocer el valor de la diversidad de culturas, creencias, edades, habilidades\u2026 entre todas las personas que formamos parte de la Presencia Escolapia de Bilbao. Un d\u00eda lleno de actividades desde la ma\u00f1ana hasta la noche; encuentro interreligioso, juegos, talleres,&hellip;","og_url":"https:\/\/www.itakaescolapios.org\/eu\/2022\/06\/interkulturaldi-2022\/","og_site_name":"Itaka-Escolapios","article_published_time":"2022-06-06T08:03:03+00:00","article_modified_time":"2023-11-28T11:35:45+00:00","og_image":[{"width":1280,"height":720,"url":"https:\/\/www.itakaescolapios.org\/wp-content\/uploads\/2022\/06\/CORTINA.jpg","type":"image\/jpeg"}],"author":"itaka","twitter_card":"summary_large_image","twitter_misc":{"Written by":"itaka"},"schema":{"@context":"https:\/\/schema.org","@graph":[{"@type":"Article","@id":"https:\/\/www.itakaescolapios.org\/eu\/2022\/06\/interkulturaldi-2022\/#article","isPartOf":{"@id":"https:\/\/www.itakaescolapios.org\/eu\/2022\/06\/interkulturaldi-2022\/"},"author":{"name":"itaka","@id":"https:\/\/www.itakaescolapios.org\/es\/#\/schema\/person\/670123daeb1cc31cae1b106740036ccb"},"headline":"INTERKULTURALDI 2022","datePublished":"2022-06-06T08:03:03+00:00","dateModified":"2023-11-28T11:35:45+00:00","mainEntityOfPage":{"@id":"https:\/\/www.itakaescolapios.org\/eu\/2022\/06\/interkulturaldi-2022\/"},"wordCount":89,"publisher":{"@id":"https:\/\/www.itakaescolapios.org\/es\/#organization"},"image":{"@id":"https:\/\/www.itakaescolapios.org\/eu\/2022\/06\/interkulturaldi-2022\/#primaryimage"},"thumbnailUrl":"https:\/\/www.itakaescolapios.org\/wp-content\/uploads\/2022\/06\/CORTINA.jpg","articleSection":["Bilbo"],"inLanguage":"eu"},{"@type":"WebPage","@id":"https:\/\/www.itakaescolapios.org\/eu\/2022\/06\/interkulturaldi-2022\/","url":"https:\/\/www.itakaescolapios.org\/eu\/2022\/06\/interkulturaldi-2022\/","name":"INTERKULTURALDI 2022 - Itaka-Escolapios","isPartOf":{"@id":"https:\/\/www.itakaescolapios.org\/es\/#website"},"primaryImageOfPage":{"@id":"https:\/\/www.itakaescolapios.org\/eu\/2022\/06\/interkulturaldi-2022\/#primaryimage"},"image":{"@id":"https:\/\/www.itakaescolapios.org\/eu\/2022\/06\/interkulturaldi-2022\/#primaryimage"},"thumbnailUrl":"https:\/\/www.itakaescolapios.org\/wp-content\/uploads\/2022\/06\/CORTINA.jpg","datePublished":"2022-06-06T08:03:03+00:00","dateModified":"2023-11-28T11:35:45+00:00","breadcrumb":{"@id":"https:\/\/www.itakaescolapios.org\/eu\/2022\/06\/interkulturaldi-2022\/#breadcrumb"},"inLanguage":"eu","potentialAction":[{"@type":"ReadAction","target":["https:\/\/www.itakaescolapios.org\/eu\/2022\/06\/interkulturaldi-2022\/"]}]},{"@type":"ImageObject","inLanguage":"eu","@id":"https:\/\/www.itakaescolapios.org\/eu\/2022\/06\/interkulturaldi-2022\/#primaryimage","url":"https:\/\/www.itakaescolapios.org\/wp-content\/uploads\/2022\/06\/CORTINA.jpg","contentUrl":"https:\/\/www.itakaescolapios.org\/wp-content\/uploads\/2022\/06\/CORTINA.jpg","width":1280,"height":720},{"@type":"BreadcrumbList","@id":"https:\/\/www.itakaescolapios.org\/eu\/2022\/06\/interkulturaldi-2022\/#breadcrumb","itemListElement":[{"@type":"ListItem","position":1,"name":"Itaka-Escolapios","item":"https:\/\/www.itakaescolapios.org\/es\/"},{"@type":"ListItem","position":2,"name":"INTERKULTURALDI 2022"}]},{"@type":"WebSite","@id":"https:\/\/www.itakaescolapios.org\/eu\/es\/#website","url":"https:\/\/www.itakaescolapios.org\/eu\/es\/","name":"Itaka-Escolapios","description":"Red de Itaka-Escolapios","publisher":{"@id":"https:\/\/www.itakaescolapios.org\/eu\/es\/#organization"},"potentialAction":[{"@type":"SearchAction","target":{"@type":"EntryPoint","urlTemplate":"https:\/\/www.itakaescolapios.org\/eu\/es\/?s={search_term_string}"},"query-input":{"@type":"PropertyValueSpecification","valueRequired":true,"valueName":"search_term_string"}}],"inLanguage":"eu"},{"@type":"Organization","@id":"https:\/\/www.itakaescolapios.org\/eu\/es\/#organization","name":"Fundaci\u00f3 Itaka-Escolapios","url":"https:\/\/www.itakaescolapios.org\/eu\/es\/","logo":{"@type":"ImageObject","inLanguage":"eu","@id":"https:\/\/www.itakaescolapios.org\/eu\/es\/#\/schema\/logo\/image\/","url":"https:\/\/www.itakaescolapios.org\/wp-content\/uploads\/2024\/04\/Logo-itakaescolapios-peque.png","contentUrl":"https:\/\/www.itakaescolapios.org\/wp-content\/uploads\/2024\/04\/Logo-itakaescolapios-peque.png","width":500,"height":199,"caption":"Fundaci\u00f3 Itaka-Escolapios"},"image":{"@id":"https:\/\/www.itakaescolapios.org\/eu\/es\/#\/schema\/logo\/image\/"}},{"@type":"Person","@id":"https:\/\/www.itakaescolapios.org\/es\/#\/schema\/person\/670123daeb1cc31cae1b106740036ccb","name":"itaka","url":"https:\/\/www.itakaescolapios.org\/eu\/author\/itaka\/"}]}},"_links":{"self":[{"href":"https:\/\/www.itakaescolapios.org\/eu\/wp-json\/wp\/v2\/posts\/36933","targetHints":{"allow":["GET"]}}],"collection":[{"href":"https:\/\/www.itakaescolapios.org\/eu\/wp-json\/wp\/v2\/posts"}],"about":[{"href":"https:\/\/www.itakaescolapios.org\/eu\/wp-json\/wp\/v2\/types\/post"}],"author":[{"embeddable":true,"href":"https:\/\/www.itakaescolapios.org\/eu\/wp-json\/wp\/v2\/users\/4"}],"replies":[{"embeddable":true,"href":"https:\/\/www.itakaescolapios.org\/eu\/wp-json\/wp\/v2\/comments?post=36933"}],"version-history":[{"count":3,"href":"https:\/\/www.itakaescolapios.org\/eu\/wp-json\/wp\/v2\/posts\/36933\/revisions"}],"predecessor-version":[{"id":43911,"href":"https:\/\/www.itakaescolapios.org\/eu\/wp-json\/wp\/v2\/posts\/36933\/revisions\/43911"}],"wp:featuredmedia":[{"embeddable":true,"href":"https:\/\/www.itakaescolapios.org\/eu\/wp-json\/wp\/v2\/media\/36934"}],"wp:attachment":[{"href":"https:\/\/www.itakaescolapios.org\/eu\/wp-json\/wp\/v2\/media?parent=36933"}],"wp:term":[{"taxonomy":"category","embeddable":true,"href":"https:\/\/www.itakaescolapios.org\/eu\/wp-json\/wp\/v2\/categories?post=36933"},{"taxonomy":"post_tag","embeddable":true,"href":"https:\/\/www.itakaescolapios.org\/eu\/wp-json\/wp\/v2\/tags?post=36933"}],"curies":[{"name":"wp","href":"https:\/\/api.w.org\/{rel}","templated":true}]}}