{"id":36949,"date":"2022-06-09T14:47:21","date_gmt":"2022-06-09T13:47:21","guid":{"rendered":"https:\/\/www.itakaescolapios.org\/?p=36949"},"modified":"2023-11-28T12:35:45","modified_gmt":"2023-11-28T11:35:45","slug":"francais-cloture-de-lannee-academique-2021-2022-pour-le-corps-enseignant-de-bamendjou-cameroun","status":"publish","type":"post","link":"https:\/\/www.itakaescolapios.org\/eu\/2022\/06\/francais-cloture-de-lannee-academique-2021-2022-pour-le-corps-enseignant-de-bamendjou-cameroun\/","title":{"rendered":""},"content":{"rendered":"<p>[:fr]Ce Jeudi 09 juin 2022 a eu lieu au \u00e0 Bamendjou (Cameroun), la cl\u00f4ture des activit\u00e9s de l\u2019ann\u00e9e acad\u00e9mique 2021-2022 pour les enseignants. Tout a d\u00e9but\u00e9 avec une messe de cl\u00f4ture, suivi d\u2019un repas d\u2019ensemble et la remise des primes aux enseignants qui se sont d\u00e9marqu\u00e9s par leur t\u00e9nacit\u00e9 et leur dynamisme au travail au courant de l\u2019ann\u00e9e pass\u00e9e. L\u2019ann\u00e9e \u00e9tait pleine d\u2019\u00e9motions et nous avons rem\u00e9mor\u00e9s ces \u00e9motions au tour au repas de fin. Rendez-vous l\u2019ann\u00e9e prochaine pour une nouvelle ann\u00e9e scolaire pleine de joie, d\u2019amour de paix et surtout de partage de connaissances.<\/p>\n<p><img decoding=\"async\" class=\"size-full wp-image-3026 aligncenter\" src=\"https:\/\/piaristesafriquecentrale.org\/wp-content\/uploads\/2022\/06\/IMG-20220609-WA0046.jpg\" alt=\"\" width=\"1080\" height=\"810\" \/><\/p>\n<p><img decoding=\"async\" class=\"size-full wp-image-3027 aligncenter\" src=\"https:\/\/piaristesafriquecentrale.org\/wp-content\/uploads\/2022\/06\/IMG-20220609-WA0053.jpg\" alt=\"\" width=\"1080\" height=\"810\" \/>[:]<\/p>\n","protected":false},"excerpt":{"rendered":"<p>[:fr]Ce Jeudi 09 juin 2022 a eu lieu au \u00e0 Bamendjou (Cameroun), la cl\u00f4ture des activit\u00e9s de l\u2019ann\u00e9e acad\u00e9mique 2021-2022 pour les enseignants. Tout a d\u00e9but\u00e9 avec une messe de [&hellip;]<\/p>\n","protected":false},"author":15,"featured_media":36950,"comment_status":"closed","ping_status":"closed","sticky":false,"template":"","format":"standard","meta":{"_et_pb_use_builder":"","_et_pb_old_content":"","_et_gb_content_width":"","footnotes":""},"categories":[53,10],"tags":[],"class_list":["post-36949","post","type-post","status-publish","format-standard","has-post-thumbnail","hentry","category-africa-central","category-camerun"],"yoast_head":"<!-- This site is optimized with the Yoast SEO plugin v27.4 - https:\/\/yoast.com\/product\/yoast-seo-wordpress\/ -->\n<title>- Itaka-Escolapios<\/title>\n<meta name=\"description\" content=\"[:fr]Ce Jeudi 09 juin 2022 a eu lieu au \u00e0 Bamendjou (Cameroun), la cl\u00f4ture des activit\u00e9s de l\u2019ann\u00e9e acad\u00e9mique 2021-2022 pour les enseignants. Tout a d\u00e9but\u00e9 avec une messe de cl\u00f4ture, suivi d\u2019un repas d\u2019ensemble et la remise des primes aux enseignants qui se sont d\u00e9marqu\u00e9s par leur t\u00e9nacit\u00e9 et leur dynamisme au travail au&hellip;\" \/>\n<meta name=\"robots\" content=\"index, follow, max-snippet:-1, max-image-preview:large, max-video-preview:-1\" \/>\n<link rel=\"canonical\" href=\"\" \/>\n<meta property=\"og:locale\" content=\"en_US\" \/>\n<meta property=\"og:type\" content=\"article\" \/>\n<meta property=\"og:title\" content=\"- Itaka-Escolapios\" \/>\n<meta property=\"og:description\" content=\"[:fr]Ce Jeudi 09 juin 2022 a eu lieu au \u00e0 Bamendjou (Cameroun), la cl\u00f4ture des activit\u00e9s de l\u2019ann\u00e9e acad\u00e9mique 2021-2022 pour les enseignants. Tout a d\u00e9but\u00e9 avec une messe de cl\u00f4ture, suivi d\u2019un repas d\u2019ensemble et la remise des primes aux enseignants qui se sont d\u00e9marqu\u00e9s par leur t\u00e9nacit\u00e9 et leur dynamisme au travail au&hellip;\" \/>\n<meta property=\"og:url\" content=\"https:\/\/www.itakaescolapios.org\/eu\/2022\/06\/francais-cloture-de-lannee-academique-2021-2022-pour-le-corps-enseignant-de-bamendjou-cameroun\/\" \/>\n<meta property=\"og:site_name\" content=\"Itaka-Escolapios\" \/>\n<meta property=\"article:published_time\" content=\"2022-06-09T13:47:21+00:00\" \/>\n<meta property=\"article:modified_time\" content=\"2023-11-28T11:35:45+00:00\" \/>\n<meta property=\"og:image\" content=\"https:\/\/www.itakaescolapios.org\/wp-content\/uploads\/2022\/06\/IMG-20220609-WA0055.jpg\" \/>\n\t<meta property=\"og:image:width\" content=\"1080\" \/>\n\t<meta property=\"og:image:height\" content=\"810\" \/>\n\t<meta property=\"og:image:type\" content=\"image\/jpeg\" \/>\n<meta name=\"author\" content=\"cameroun01\" \/>\n<meta name=\"twitter:card\" content=\"summary_large_image\" \/>\n<meta name=\"twitter:label1\" content=\"Written by\" \/>\n\t<meta name=\"twitter:data1\" content=\"cameroun01\" \/>\n\t<meta name=\"twitter:label2\" content=\"Est. reading time\" \/>\n\t<meta name=\"twitter:data2\" content=\"1 minutua\" \/>\n<script type=\"application\/ld+json\" class=\"yoast-schema-graph\">{\"@context\":\"https:\\\/\\\/schema.org\",\"@graph\":[{\"@type\":\"Article\",\"@id\":\"https:\\\/\\\/www.itakaescolapios.org\\\/eu\\\/2022\\\/06\\\/francais-cloture-de-lannee-academique-2021-2022-pour-le-corps-enseignant-de-bamendjou-cameroun\\\/#article\",\"isPartOf\":{\"@id\":\"https:\\\/\\\/www.itakaescolapios.org\\\/eu\\\/2022\\\/06\\\/francais-cloture-de-lannee-academique-2021-2022-pour-le-corps-enseignant-de-bamendjou-cameroun\\\/\"},\"author\":{\"name\":\"cameroun01\",\"@id\":\"https:\\\/\\\/www.itakaescolapios.org\\\/es\\\/#\\\/schema\\\/person\\\/d2844383e29bfdfef69039672ce14eb1\"},\"headline\":\"No title\",\"datePublished\":\"2022-06-09T13:47:21+00:00\",\"dateModified\":\"2023-11-28T11:35:45+00:00\",\"mainEntityOfPage\":{\"@id\":\"https:\\\/\\\/www.itakaescolapios.org\\\/eu\\\/2022\\\/06\\\/francais-cloture-de-lannee-academique-2021-2022-pour-le-corps-enseignant-de-bamendjou-cameroun\\\/\"},\"wordCount\":117,\"publisher\":{\"@id\":\"https:\\\/\\\/www.itakaescolapios.org\\\/es\\\/#organization\"},\"image\":{\"@id\":\"https:\\\/\\\/www.itakaescolapios.org\\\/eu\\\/2022\\\/06\\\/francais-cloture-de-lannee-academique-2021-2022-pour-le-corps-enseignant-de-bamendjou-cameroun\\\/#primaryimage\"},\"thumbnailUrl\":\"https:\\\/\\\/www.itakaescolapios.org\\\/wp-content\\\/uploads\\\/2022\\\/06\\\/IMG-20220609-WA0055.jpg\",\"articleSection\":[\"Erdialdeko Afrika\",\"Kamerun\"],\"inLanguage\":\"eu\"},{\"@type\":\"WebPage\",\"@id\":\"https:\\\/\\\/www.itakaescolapios.org\\\/eu\\\/2022\\\/06\\\/francais-cloture-de-lannee-academique-2021-2022-pour-le-corps-enseignant-de-bamendjou-cameroun\\\/\",\"url\":\"https:\\\/\\\/www.itakaescolapios.org\\\/eu\\\/2022\\\/06\\\/francais-cloture-de-lannee-academique-2021-2022-pour-le-corps-enseignant-de-bamendjou-cameroun\\\/\",\"name\":\"- Itaka-Escolapios\",\"isPartOf\":{\"@id\":\"https:\\\/\\\/www.itakaescolapios.org\\\/es\\\/#website\"},\"primaryImageOfPage\":{\"@id\":\"https:\\\/\\\/www.itakaescolapios.org\\\/eu\\\/2022\\\/06\\\/francais-cloture-de-lannee-academique-2021-2022-pour-le-corps-enseignant-de-bamendjou-cameroun\\\/#primaryimage\"},\"image\":{\"@id\":\"https:\\\/\\\/www.itakaescolapios.org\\\/eu\\\/2022\\\/06\\\/francais-cloture-de-lannee-academique-2021-2022-pour-le-corps-enseignant-de-bamendjou-cameroun\\\/#primaryimage\"},\"thumbnailUrl\":\"https:\\\/\\\/www.itakaescolapios.org\\\/wp-content\\\/uploads\\\/2022\\\/06\\\/IMG-20220609-WA0055.jpg\",\"datePublished\":\"2022-06-09T13:47:21+00:00\",\"dateModified\":\"2023-11-28T11:35:45+00:00\",\"inLanguage\":\"eu\",\"potentialAction\":[{\"@type\":\"ReadAction\",\"target\":[\"https:\\\/\\\/www.itakaescolapios.org\\\/eu\\\/2022\\\/06\\\/francais-cloture-de-lannee-academique-2021-2022-pour-le-corps-enseignant-de-bamendjou-cameroun\\\/\"]}]},{\"@type\":\"ImageObject\",\"inLanguage\":\"eu\",\"@id\":\"https:\\\/\\\/www.itakaescolapios.org\\\/eu\\\/2022\\\/06\\\/francais-cloture-de-lannee-academique-2021-2022-pour-le-corps-enseignant-de-bamendjou-cameroun\\\/#primaryimage\",\"url\":\"https:\\\/\\\/www.itakaescolapios.org\\\/wp-content\\\/uploads\\\/2022\\\/06\\\/IMG-20220609-WA0055.jpg\",\"contentUrl\":\"https:\\\/\\\/www.itakaescolapios.org\\\/wp-content\\\/uploads\\\/2022\\\/06\\\/IMG-20220609-WA0055.jpg\",\"width\":1080,\"height\":810},{\"@type\":\"WebSite\",\"@id\":\"https:\\\/\\\/www.itakaescolapios.org\\\/eu\\\/es\\\/#website\",\"url\":\"https:\\\/\\\/www.itakaescolapios.org\\\/eu\\\/es\\\/\",\"name\":\"Itaka-Escolapios\",\"description\":\"Red de Itaka-Escolapios\",\"publisher\":{\"@id\":\"https:\\\/\\\/www.itakaescolapios.org\\\/eu\\\/es\\\/#organization\"},\"potentialAction\":[{\"@type\":\"SearchAction\",\"target\":{\"@type\":\"EntryPoint\",\"urlTemplate\":\"https:\\\/\\\/www.itakaescolapios.org\\\/eu\\\/es\\\/?s={search_term_string}\"},\"query-input\":{\"@type\":\"PropertyValueSpecification\",\"valueRequired\":true,\"valueName\":\"search_term_string\"}}],\"inLanguage\":\"eu\"},{\"@type\":\"Organization\",\"@id\":\"https:\\\/\\\/www.itakaescolapios.org\\\/eu\\\/es\\\/#organization\",\"name\":\"Fundaci\u00f3 Itaka-Escolapios\",\"url\":\"https:\\\/\\\/www.itakaescolapios.org\\\/eu\\\/es\\\/\",\"logo\":{\"@type\":\"ImageObject\",\"inLanguage\":\"eu\",\"@id\":\"https:\\\/\\\/www.itakaescolapios.org\\\/eu\\\/es\\\/#\\\/schema\\\/logo\\\/image\\\/\",\"url\":\"https:\\\/\\\/www.itakaescolapios.org\\\/wp-content\\\/uploads\\\/2024\\\/04\\\/Logo-itakaescolapios-peque.png\",\"contentUrl\":\"https:\\\/\\\/www.itakaescolapios.org\\\/wp-content\\\/uploads\\\/2024\\\/04\\\/Logo-itakaescolapios-peque.png\",\"width\":500,\"height\":199,\"caption\":\"Fundaci\u00f3 Itaka-Escolapios\"},\"image\":{\"@id\":\"https:\\\/\\\/www.itakaescolapios.org\\\/eu\\\/es\\\/#\\\/schema\\\/logo\\\/image\\\/\"}},{\"@type\":\"Person\",\"@id\":\"https:\\\/\\\/www.itakaescolapios.org\\\/es\\\/#\\\/schema\\\/person\\\/d2844383e29bfdfef69039672ce14eb1\",\"name\":\"cameroun01\",\"url\":\"https:\\\/\\\/www.itakaescolapios.org\\\/eu\\\/author\\\/cameroun01\\\/\"}]}<\/script>\n<!-- \/ Yoast SEO plugin. -->","yoast_head_json":{"title":"- Itaka-Escolapios","description":"[:fr]Ce Jeudi 09 juin 2022 a eu lieu au \u00e0 Bamendjou (Cameroun), la cl\u00f4ture des activit\u00e9s de l\u2019ann\u00e9e acad\u00e9mique 2021-2022 pour les enseignants. Tout a d\u00e9but\u00e9 avec une messe de cl\u00f4ture, suivi d\u2019un repas d\u2019ensemble et la remise des primes aux enseignants qui se sont d\u00e9marqu\u00e9s par leur t\u00e9nacit\u00e9 et leur dynamisme au travail au&hellip;","robots":{"index":"index","follow":"follow","max-snippet":"max-snippet:-1","max-image-preview":"max-image-preview:large","max-video-preview":"max-video-preview:-1"},"canonical":"[:fr]Ce Jeudi 09 juin 2022 a eu lieu au \u00e0 Bamendjou (Cameroun), la cl\u00f4ture des activit\u00e9s de l\u2019ann\u00e9e acad\u00e9mique 2021-2022 pour les enseignants. Tout a d\u00e9but\u00e9 avec une messe de cl\u00f4ture, suivi d\u2019un repas d\u2019ensemble et la remise des primes aux enseignants qui se sont d\u00e9marqu\u00e9s par leur t\u00e9nacit\u00e9 et leur dynamisme au travail au&hellip;","og_locale":"en_US","og_type":"article","og_title":"- Itaka-Escolapios","og_description":"[:fr]Ce Jeudi 09 juin 2022 a eu lieu au \u00e0 Bamendjou (Cameroun), la cl\u00f4ture des activit\u00e9s de l\u2019ann\u00e9e acad\u00e9mique 2021-2022 pour les enseignants. Tout a d\u00e9but\u00e9 avec une messe de cl\u00f4ture, suivi d\u2019un repas d\u2019ensemble et la remise des primes aux enseignants qui se sont d\u00e9marqu\u00e9s par leur t\u00e9nacit\u00e9 et leur dynamisme au travail au&hellip;","og_url":"https:\/\/www.itakaescolapios.org\/eu\/2022\/06\/francais-cloture-de-lannee-academique-2021-2022-pour-le-corps-enseignant-de-bamendjou-cameroun\/","og_site_name":"Itaka-Escolapios","article_published_time":"2022-06-09T13:47:21+00:00","article_modified_time":"2023-11-28T11:35:45+00:00","og_image":[{"width":1080,"height":810,"url":"https:\/\/www.itakaescolapios.org\/wp-content\/uploads\/2022\/06\/IMG-20220609-WA0055.jpg","type":"image\/jpeg"}],"author":"cameroun01","twitter_card":"summary_large_image","twitter_misc":{"Written by":"cameroun01","Est. reading time":"1 minutua"},"schema":{"@context":"https:\/\/schema.org","@graph":[{"@type":"Article","@id":"https:\/\/www.itakaescolapios.org\/eu\/2022\/06\/francais-cloture-de-lannee-academique-2021-2022-pour-le-corps-enseignant-de-bamendjou-cameroun\/#article","isPartOf":{"@id":"https:\/\/www.itakaescolapios.org\/eu\/2022\/06\/francais-cloture-de-lannee-academique-2021-2022-pour-le-corps-enseignant-de-bamendjou-cameroun\/"},"author":{"name":"cameroun01","@id":"https:\/\/www.itakaescolapios.org\/es\/#\/schema\/person\/d2844383e29bfdfef69039672ce14eb1"},"headline":"No title","datePublished":"2022-06-09T13:47:21+00:00","dateModified":"2023-11-28T11:35:45+00:00","mainEntityOfPage":{"@id":"https:\/\/www.itakaescolapios.org\/eu\/2022\/06\/francais-cloture-de-lannee-academique-2021-2022-pour-le-corps-enseignant-de-bamendjou-cameroun\/"},"wordCount":117,"publisher":{"@id":"https:\/\/www.itakaescolapios.org\/es\/#organization"},"image":{"@id":"https:\/\/www.itakaescolapios.org\/eu\/2022\/06\/francais-cloture-de-lannee-academique-2021-2022-pour-le-corps-enseignant-de-bamendjou-cameroun\/#primaryimage"},"thumbnailUrl":"https:\/\/www.itakaescolapios.org\/wp-content\/uploads\/2022\/06\/IMG-20220609-WA0055.jpg","articleSection":["Erdialdeko Afrika","Kamerun"],"inLanguage":"eu"},{"@type":"WebPage","@id":"https:\/\/www.itakaescolapios.org\/eu\/2022\/06\/francais-cloture-de-lannee-academique-2021-2022-pour-le-corps-enseignant-de-bamendjou-cameroun\/","url":"https:\/\/www.itakaescolapios.org\/eu\/2022\/06\/francais-cloture-de-lannee-academique-2021-2022-pour-le-corps-enseignant-de-bamendjou-cameroun\/","name":"- Itaka-Escolapios","isPartOf":{"@id":"https:\/\/www.itakaescolapios.org\/es\/#website"},"primaryImageOfPage":{"@id":"https:\/\/www.itakaescolapios.org\/eu\/2022\/06\/francais-cloture-de-lannee-academique-2021-2022-pour-le-corps-enseignant-de-bamendjou-cameroun\/#primaryimage"},"image":{"@id":"https:\/\/www.itakaescolapios.org\/eu\/2022\/06\/francais-cloture-de-lannee-academique-2021-2022-pour-le-corps-enseignant-de-bamendjou-cameroun\/#primaryimage"},"thumbnailUrl":"https:\/\/www.itakaescolapios.org\/wp-content\/uploads\/2022\/06\/IMG-20220609-WA0055.jpg","datePublished":"2022-06-09T13:47:21+00:00","dateModified":"2023-11-28T11:35:45+00:00","inLanguage":"eu","potentialAction":[{"@type":"ReadAction","target":["https:\/\/www.itakaescolapios.org\/eu\/2022\/06\/francais-cloture-de-lannee-academique-2021-2022-pour-le-corps-enseignant-de-bamendjou-cameroun\/"]}]},{"@type":"ImageObject","inLanguage":"eu","@id":"https:\/\/www.itakaescolapios.org\/eu\/2022\/06\/francais-cloture-de-lannee-academique-2021-2022-pour-le-corps-enseignant-de-bamendjou-cameroun\/#primaryimage","url":"https:\/\/www.itakaescolapios.org\/wp-content\/uploads\/2022\/06\/IMG-20220609-WA0055.jpg","contentUrl":"https:\/\/www.itakaescolapios.org\/wp-content\/uploads\/2022\/06\/IMG-20220609-WA0055.jpg","width":1080,"height":810},{"@type":"WebSite","@id":"https:\/\/www.itakaescolapios.org\/eu\/es\/#website","url":"https:\/\/www.itakaescolapios.org\/eu\/es\/","name":"Itaka-Escolapios","description":"Red de Itaka-Escolapios","publisher":{"@id":"https:\/\/www.itakaescolapios.org\/eu\/es\/#organization"},"potentialAction":[{"@type":"SearchAction","target":{"@type":"EntryPoint","urlTemplate":"https:\/\/www.itakaescolapios.org\/eu\/es\/?s={search_term_string}"},"query-input":{"@type":"PropertyValueSpecification","valueRequired":true,"valueName":"search_term_string"}}],"inLanguage":"eu"},{"@type":"Organization","@id":"https:\/\/www.itakaescolapios.org\/eu\/es\/#organization","name":"Fundaci\u00f3 Itaka-Escolapios","url":"https:\/\/www.itakaescolapios.org\/eu\/es\/","logo":{"@type":"ImageObject","inLanguage":"eu","@id":"https:\/\/www.itakaescolapios.org\/eu\/es\/#\/schema\/logo\/image\/","url":"https:\/\/www.itakaescolapios.org\/wp-content\/uploads\/2024\/04\/Logo-itakaescolapios-peque.png","contentUrl":"https:\/\/www.itakaescolapios.org\/wp-content\/uploads\/2024\/04\/Logo-itakaescolapios-peque.png","width":500,"height":199,"caption":"Fundaci\u00f3 Itaka-Escolapios"},"image":{"@id":"https:\/\/www.itakaescolapios.org\/eu\/es\/#\/schema\/logo\/image\/"}},{"@type":"Person","@id":"https:\/\/www.itakaescolapios.org\/es\/#\/schema\/person\/d2844383e29bfdfef69039672ce14eb1","name":"cameroun01","url":"https:\/\/www.itakaescolapios.org\/eu\/author\/cameroun01\/"}]}},"_links":{"self":[{"href":"https:\/\/www.itakaescolapios.org\/eu\/wp-json\/wp\/v2\/posts\/36949","targetHints":{"allow":["GET"]}}],"collection":[{"href":"https:\/\/www.itakaescolapios.org\/eu\/wp-json\/wp\/v2\/posts"}],"about":[{"href":"https:\/\/www.itakaescolapios.org\/eu\/wp-json\/wp\/v2\/types\/post"}],"author":[{"embeddable":true,"href":"https:\/\/www.itakaescolapios.org\/eu\/wp-json\/wp\/v2\/users\/15"}],"replies":[{"embeddable":true,"href":"https:\/\/www.itakaescolapios.org\/eu\/wp-json\/wp\/v2\/comments?post=36949"}],"version-history":[{"count":4,"href":"https:\/\/www.itakaescolapios.org\/eu\/wp-json\/wp\/v2\/posts\/36949\/revisions"}],"predecessor-version":[{"id":43906,"href":"https:\/\/www.itakaescolapios.org\/eu\/wp-json\/wp\/v2\/posts\/36949\/revisions\/43906"}],"wp:featuredmedia":[{"embeddable":true,"href":"https:\/\/www.itakaescolapios.org\/eu\/wp-json\/wp\/v2\/media\/36950"}],"wp:attachment":[{"href":"https:\/\/www.itakaescolapios.org\/eu\/wp-json\/wp\/v2\/media?parent=36949"}],"wp:term":[{"taxonomy":"category","embeddable":true,"href":"https:\/\/www.itakaescolapios.org\/eu\/wp-json\/wp\/v2\/categories?post=36949"},{"taxonomy":"post_tag","embeddable":true,"href":"https:\/\/www.itakaescolapios.org\/eu\/wp-json\/wp\/v2\/tags?post=36949"}],"curies":[{"name":"wp","href":"https:\/\/api.w.org\/{rel}","templated":true}]}}