{"id":37187,"date":"2022-07-15T16:12:09","date_gmt":"2022-07-15T15:12:09","guid":{"rendered":"https:\/\/www.itakaescolapios.org\/?p=37187"},"modified":"2023-11-28T12:35:43","modified_gmt":"2023-11-28T11:35:43","slug":"francais-colonie-des-vacances-2022-a-yaounde","status":"publish","type":"post","link":"https:\/\/www.itakaescolapios.org\/eu\/2022\/07\/francais-colonie-des-vacances-2022-a-yaounde\/","title":{"rendered":""},"content":{"rendered":"<p>[:fr]Sur l\u2019\u00e9tendue du territoire camerounais, les colonies sont en cours. La Paroisse Saint du Bapt\u00eame de J\u00e9sus et Saint Ambroise de la cit\u00e9 verte Yaound\u00e9 re\u00e7oit la colonie des vacances cette ann\u00e9e avec les enfants \u00e2g\u00e9s de 3 \u00e0 18 ans. Au programme Ateliers (Pots de fleurs, peinture, confection des drapeaux, dessin et autres), animations, d\u00e9couverte de la ville, \u00e9lections pr\u00e9sidentielles de la colonie de Yaound\u00e9 et bien d\u2019autres. Les enfants ici sont class\u00e9s en famille\u00a0: nous notons ici la famille des patients (les enfants), la famille des entrepreneurs (les pr\u00e9adolescents) et la famille des disciples du Christ (les adolescents).<\/p>\n<p>Nous avons enregistr\u00e9 au jour d\u2019aujourd\u2019hui plus de 67 enfants et plusieurs moniteurs. Avec pour th\u00e8me annuel \u00a0\u00bb pr\u00e8s de toi, pr\u00e8s de Calasanz, pr\u00e8s du Christ pour un monde meilleur\u00a0\u00bb le vivre ensemble, l\u2019amour et la charit\u00e9 sont les points phares de cette colonie.<\/p>\n<p><img decoding=\"async\" class=\"size-full wp-image-37188 aligncenter\" src=\"https:\/\/www.itakaescolapios.org\/wp-content\/uploads\/2022\/07\/WhatsApp-Image-2022-07-11-at-09.08.23-1.jpeg\" alt=\"\" width=\"1080\" height=\"607\" srcset=\"https:\/\/www.itakaescolapios.org\/wp-content\/uploads\/2022\/07\/WhatsApp-Image-2022-07-11-at-09.08.23-1.jpeg 1080w, https:\/\/www.itakaescolapios.org\/wp-content\/uploads\/2022\/07\/WhatsApp-Image-2022-07-11-at-09.08.23-1-300x169.jpeg 300w, https:\/\/www.itakaescolapios.org\/wp-content\/uploads\/2022\/07\/WhatsApp-Image-2022-07-11-at-09.08.23-1-1024x576.jpeg 1024w, https:\/\/www.itakaescolapios.org\/wp-content\/uploads\/2022\/07\/WhatsApp-Image-2022-07-11-at-09.08.23-1-768x432.jpeg 768w, https:\/\/www.itakaescolapios.org\/wp-content\/uploads\/2022\/07\/WhatsApp-Image-2022-07-11-at-09.08.23-1-250x141.jpeg 250w\" sizes=\"(max-width: 1080px) 100vw, 1080px\" \/><\/p>\n<p><img decoding=\"async\" class=\"size-full wp-image-37189 aligncenter\" src=\"https:\/\/www.itakaescolapios.org\/wp-content\/uploads\/2022\/07\/WhatsApp-Image-2022-07-11-at-10.06.37.jpeg\" alt=\"\" width=\"1080\" height=\"607\" srcset=\"https:\/\/www.itakaescolapios.org\/wp-content\/uploads\/2022\/07\/WhatsApp-Image-2022-07-11-at-10.06.37.jpeg 1080w, https:\/\/www.itakaescolapios.org\/wp-content\/uploads\/2022\/07\/WhatsApp-Image-2022-07-11-at-10.06.37-300x169.jpeg 300w, https:\/\/www.itakaescolapios.org\/wp-content\/uploads\/2022\/07\/WhatsApp-Image-2022-07-11-at-10.06.37-1024x576.jpeg 1024w, https:\/\/www.itakaescolapios.org\/wp-content\/uploads\/2022\/07\/WhatsApp-Image-2022-07-11-at-10.06.37-768x432.jpeg 768w, https:\/\/www.itakaescolapios.org\/wp-content\/uploads\/2022\/07\/WhatsApp-Image-2022-07-11-at-10.06.37-250x141.jpeg 250w\" sizes=\"(max-width: 1080px) 100vw, 1080px\" \/><\/p>\n<p><img decoding=\"async\" class=\"size-full wp-image-37190 aligncenter\" src=\"https:\/\/www.itakaescolapios.org\/wp-content\/uploads\/2022\/07\/WhatsApp-Image-2022-07-11-at-10.12.15-2.jpeg\" alt=\"\" width=\"1080\" height=\"607\" srcset=\"https:\/\/www.itakaescolapios.org\/wp-content\/uploads\/2022\/07\/WhatsApp-Image-2022-07-11-at-10.12.15-2.jpeg 1080w, https:\/\/www.itakaescolapios.org\/wp-content\/uploads\/2022\/07\/WhatsApp-Image-2022-07-11-at-10.12.15-2-300x169.jpeg 300w, https:\/\/www.itakaescolapios.org\/wp-content\/uploads\/2022\/07\/WhatsApp-Image-2022-07-11-at-10.12.15-2-1024x576.jpeg 1024w, https:\/\/www.itakaescolapios.org\/wp-content\/uploads\/2022\/07\/WhatsApp-Image-2022-07-11-at-10.12.15-2-768x432.jpeg 768w, https:\/\/www.itakaescolapios.org\/wp-content\/uploads\/2022\/07\/WhatsApp-Image-2022-07-11-at-10.12.15-2-250x141.jpeg 250w\" sizes=\"(max-width: 1080px) 100vw, 1080px\" \/><\/p>\n<p><img decoding=\"async\" class=\"size-full wp-image-37191 aligncenter\" src=\"https:\/\/www.itakaescolapios.org\/wp-content\/uploads\/2022\/07\/WhatsApp-Image-2022-07-12-at-16.20.45.jpeg\" alt=\"\" width=\"1080\" height=\"810\" srcset=\"https:\/\/www.itakaescolapios.org\/wp-content\/uploads\/2022\/07\/WhatsApp-Image-2022-07-12-at-16.20.45.jpeg 1080w, https:\/\/www.itakaescolapios.org\/wp-content\/uploads\/2022\/07\/WhatsApp-Image-2022-07-12-at-16.20.45-300x225.jpeg 300w, https:\/\/www.itakaescolapios.org\/wp-content\/uploads\/2022\/07\/WhatsApp-Image-2022-07-12-at-16.20.45-1024x768.jpeg 1024w, https:\/\/www.itakaescolapios.org\/wp-content\/uploads\/2022\/07\/WhatsApp-Image-2022-07-12-at-16.20.45-768x576.jpeg 768w, https:\/\/www.itakaescolapios.org\/wp-content\/uploads\/2022\/07\/WhatsApp-Image-2022-07-12-at-16.20.45-250x188.jpeg 250w, https:\/\/www.itakaescolapios.org\/wp-content\/uploads\/2022\/07\/WhatsApp-Image-2022-07-12-at-16.20.45-510x382.jpeg 510w\" sizes=\"(max-width: 1080px) 100vw, 1080px\" \/><\/p>\n<p><img decoding=\"async\" class=\"size-full wp-image-37193 aligncenter\" src=\"https:\/\/www.itakaescolapios.org\/wp-content\/uploads\/2022\/07\/WhatsApp-Image-2022-07-11-at-09.08.23.jpeg\" alt=\"\" width=\"1080\" height=\"607\" srcset=\"https:\/\/www.itakaescolapios.org\/wp-content\/uploads\/2022\/07\/WhatsApp-Image-2022-07-11-at-09.08.23.jpeg 1080w, https:\/\/www.itakaescolapios.org\/wp-content\/uploads\/2022\/07\/WhatsApp-Image-2022-07-11-at-09.08.23-300x169.jpeg 300w, https:\/\/www.itakaescolapios.org\/wp-content\/uploads\/2022\/07\/WhatsApp-Image-2022-07-11-at-09.08.23-1024x576.jpeg 1024w, https:\/\/www.itakaescolapios.org\/wp-content\/uploads\/2022\/07\/WhatsApp-Image-2022-07-11-at-09.08.23-768x432.jpeg 768w, https:\/\/www.itakaescolapios.org\/wp-content\/uploads\/2022\/07\/WhatsApp-Image-2022-07-11-at-09.08.23-250x141.jpeg 250w\" sizes=\"(max-width: 1080px) 100vw, 1080px\" \/>[:]<\/p>\n","protected":false},"excerpt":{"rendered":"<p>[:fr]Sur l\u2019\u00e9tendue du territoire camerounais, les colonies sont en cours. La Paroisse Saint du Bapt\u00eame de J\u00e9sus et Saint Ambroise de la cit\u00e9 verte Yaound\u00e9 re\u00e7oit la colonie des vacances [&hellip;]<\/p>\n","protected":false},"author":15,"featured_media":37192,"comment_status":"closed","ping_status":"closed","sticky":false,"template":"","format":"standard","meta":{"_et_pb_use_builder":"","_et_pb_old_content":"","_et_gb_content_width":"","footnotes":""},"categories":[53,10],"tags":[],"class_list":["post-37187","post","type-post","status-publish","format-standard","has-post-thumbnail","hentry","category-africa-central","category-camerun"],"yoast_head":"<!-- This site is optimized with the Yoast SEO plugin v27.4 - https:\/\/yoast.com\/product\/yoast-seo-wordpress\/ -->\n<title>- Itaka-Escolapios<\/title>\n<meta name=\"description\" content=\"[:fr]Sur l\u2019\u00e9tendue du territoire camerounais, les colonies sont en cours. La Paroisse Saint du Bapt\u00eame de J\u00e9sus et Saint Ambroise de la cit\u00e9 verte Yaound\u00e9 re\u00e7oit la colonie des vacances cette ann\u00e9e avec les enfants \u00e2g\u00e9s de 3 \u00e0 18 ans. Au programme Ateliers (Pots de fleurs, peinture, confection des drapeaux, dessin et autres), animations,&hellip;\" \/>\n<meta name=\"robots\" content=\"index, follow, max-snippet:-1, max-image-preview:large, max-video-preview:-1\" \/>\n<link rel=\"canonical\" href=\"\" \/>\n<meta property=\"og:locale\" content=\"en_US\" \/>\n<meta property=\"og:type\" content=\"article\" \/>\n<meta property=\"og:title\" content=\"- Itaka-Escolapios\" \/>\n<meta property=\"og:description\" content=\"[:fr]Sur l\u2019\u00e9tendue du territoire camerounais, les colonies sont en cours. La Paroisse Saint du Bapt\u00eame de J\u00e9sus et Saint Ambroise de la cit\u00e9 verte Yaound\u00e9 re\u00e7oit la colonie des vacances cette ann\u00e9e avec les enfants \u00e2g\u00e9s de 3 \u00e0 18 ans. Au programme Ateliers (Pots de fleurs, peinture, confection des drapeaux, dessin et autres), animations,&hellip;\" \/>\n<meta property=\"og:url\" content=\"https:\/\/www.itakaescolapios.org\/eu\/2022\/07\/francais-colonie-des-vacances-2022-a-yaounde\/\" \/>\n<meta property=\"og:site_name\" content=\"Itaka-Escolapios\" \/>\n<meta property=\"article:published_time\" content=\"2022-07-15T15:12:09+00:00\" \/>\n<meta property=\"article:modified_time\" content=\"2023-11-28T11:35:43+00:00\" \/>\n<meta property=\"og:image\" content=\"https:\/\/www.itakaescolapios.org\/wp-content\/uploads\/2022\/07\/WhatsApp-Image-2022-07-11-at-10.12.15.jpeg\" \/>\n\t<meta property=\"og:image:width\" content=\"1080\" \/>\n\t<meta property=\"og:image:height\" content=\"607\" \/>\n\t<meta property=\"og:image:type\" content=\"image\/jpeg\" \/>\n<meta name=\"author\" content=\"cameroun01\" \/>\n<meta name=\"twitter:card\" content=\"summary_large_image\" \/>\n<meta name=\"twitter:label1\" content=\"Written by\" \/>\n\t<meta name=\"twitter:data1\" content=\"cameroun01\" \/>\n\t<meta name=\"twitter:label2\" content=\"Est. reading time\" \/>\n\t<meta name=\"twitter:data2\" content=\"1 minutua\" \/>\n<script type=\"application\/ld+json\" class=\"yoast-schema-graph\">{\"@context\":\"https:\\\/\\\/schema.org\",\"@graph\":[{\"@type\":\"Article\",\"@id\":\"https:\\\/\\\/www.itakaescolapios.org\\\/eu\\\/2022\\\/07\\\/francais-colonie-des-vacances-2022-a-yaounde\\\/#article\",\"isPartOf\":{\"@id\":\"https:\\\/\\\/www.itakaescolapios.org\\\/eu\\\/2022\\\/07\\\/francais-colonie-des-vacances-2022-a-yaounde\\\/\"},\"author\":{\"name\":\"cameroun01\",\"@id\":\"https:\\\/\\\/www.itakaescolapios.org\\\/es\\\/#\\\/schema\\\/person\\\/d2844383e29bfdfef69039672ce14eb1\"},\"headline\":\"No title\",\"datePublished\":\"2022-07-15T15:12:09+00:00\",\"dateModified\":\"2023-11-28T11:35:43+00:00\",\"mainEntityOfPage\":{\"@id\":\"https:\\\/\\\/www.itakaescolapios.org\\\/eu\\\/2022\\\/07\\\/francais-colonie-des-vacances-2022-a-yaounde\\\/\"},\"wordCount\":159,\"publisher\":{\"@id\":\"https:\\\/\\\/www.itakaescolapios.org\\\/es\\\/#organization\"},\"image\":{\"@id\":\"https:\\\/\\\/www.itakaescolapios.org\\\/eu\\\/2022\\\/07\\\/francais-colonie-des-vacances-2022-a-yaounde\\\/#primaryimage\"},\"thumbnailUrl\":\"https:\\\/\\\/www.itakaescolapios.org\\\/wp-content\\\/uploads\\\/2022\\\/07\\\/WhatsApp-Image-2022-07-11-at-10.12.15.jpeg\",\"articleSection\":[\"Erdialdeko Afrika\",\"Kamerun\"],\"inLanguage\":\"eu\"},{\"@type\":\"WebPage\",\"@id\":\"https:\\\/\\\/www.itakaescolapios.org\\\/eu\\\/2022\\\/07\\\/francais-colonie-des-vacances-2022-a-yaounde\\\/\",\"url\":\"https:\\\/\\\/www.itakaescolapios.org\\\/eu\\\/2022\\\/07\\\/francais-colonie-des-vacances-2022-a-yaounde\\\/\",\"name\":\"- Itaka-Escolapios\",\"isPartOf\":{\"@id\":\"https:\\\/\\\/www.itakaescolapios.org\\\/es\\\/#website\"},\"primaryImageOfPage\":{\"@id\":\"https:\\\/\\\/www.itakaescolapios.org\\\/eu\\\/2022\\\/07\\\/francais-colonie-des-vacances-2022-a-yaounde\\\/#primaryimage\"},\"image\":{\"@id\":\"https:\\\/\\\/www.itakaescolapios.org\\\/eu\\\/2022\\\/07\\\/francais-colonie-des-vacances-2022-a-yaounde\\\/#primaryimage\"},\"thumbnailUrl\":\"https:\\\/\\\/www.itakaescolapios.org\\\/wp-content\\\/uploads\\\/2022\\\/07\\\/WhatsApp-Image-2022-07-11-at-10.12.15.jpeg\",\"datePublished\":\"2022-07-15T15:12:09+00:00\",\"dateModified\":\"2023-11-28T11:35:43+00:00\",\"inLanguage\":\"eu\",\"potentialAction\":[{\"@type\":\"ReadAction\",\"target\":[\"https:\\\/\\\/www.itakaescolapios.org\\\/eu\\\/2022\\\/07\\\/francais-colonie-des-vacances-2022-a-yaounde\\\/\"]}]},{\"@type\":\"ImageObject\",\"inLanguage\":\"eu\",\"@id\":\"https:\\\/\\\/www.itakaescolapios.org\\\/eu\\\/2022\\\/07\\\/francais-colonie-des-vacances-2022-a-yaounde\\\/#primaryimage\",\"url\":\"https:\\\/\\\/www.itakaescolapios.org\\\/wp-content\\\/uploads\\\/2022\\\/07\\\/WhatsApp-Image-2022-07-11-at-10.12.15.jpeg\",\"contentUrl\":\"https:\\\/\\\/www.itakaescolapios.org\\\/wp-content\\\/uploads\\\/2022\\\/07\\\/WhatsApp-Image-2022-07-11-at-10.12.15.jpeg\",\"width\":1080,\"height\":607},{\"@type\":\"WebSite\",\"@id\":\"https:\\\/\\\/www.itakaescolapios.org\\\/eu\\\/es\\\/#website\",\"url\":\"https:\\\/\\\/www.itakaescolapios.org\\\/eu\\\/es\\\/\",\"name\":\"Itaka-Escolapios\",\"description\":\"Red de Itaka-Escolapios\",\"publisher\":{\"@id\":\"https:\\\/\\\/www.itakaescolapios.org\\\/eu\\\/es\\\/#organization\"},\"potentialAction\":[{\"@type\":\"SearchAction\",\"target\":{\"@type\":\"EntryPoint\",\"urlTemplate\":\"https:\\\/\\\/www.itakaescolapios.org\\\/eu\\\/es\\\/?s={search_term_string}\"},\"query-input\":{\"@type\":\"PropertyValueSpecification\",\"valueRequired\":true,\"valueName\":\"search_term_string\"}}],\"inLanguage\":\"eu\"},{\"@type\":\"Organization\",\"@id\":\"https:\\\/\\\/www.itakaescolapios.org\\\/eu\\\/es\\\/#organization\",\"name\":\"Fundaci\u00f3 Itaka-Escolapios\",\"url\":\"https:\\\/\\\/www.itakaescolapios.org\\\/eu\\\/es\\\/\",\"logo\":{\"@type\":\"ImageObject\",\"inLanguage\":\"eu\",\"@id\":\"https:\\\/\\\/www.itakaescolapios.org\\\/eu\\\/es\\\/#\\\/schema\\\/logo\\\/image\\\/\",\"url\":\"https:\\\/\\\/www.itakaescolapios.org\\\/wp-content\\\/uploads\\\/2024\\\/04\\\/Logo-itakaescolapios-peque.png\",\"contentUrl\":\"https:\\\/\\\/www.itakaescolapios.org\\\/wp-content\\\/uploads\\\/2024\\\/04\\\/Logo-itakaescolapios-peque.png\",\"width\":500,\"height\":199,\"caption\":\"Fundaci\u00f3 Itaka-Escolapios\"},\"image\":{\"@id\":\"https:\\\/\\\/www.itakaescolapios.org\\\/eu\\\/es\\\/#\\\/schema\\\/logo\\\/image\\\/\"}},{\"@type\":\"Person\",\"@id\":\"https:\\\/\\\/www.itakaescolapios.org\\\/es\\\/#\\\/schema\\\/person\\\/d2844383e29bfdfef69039672ce14eb1\",\"name\":\"cameroun01\",\"url\":\"https:\\\/\\\/www.itakaescolapios.org\\\/eu\\\/author\\\/cameroun01\\\/\"}]}<\/script>\n<!-- \/ Yoast SEO plugin. -->","yoast_head_json":{"title":"- Itaka-Escolapios","description":"[:fr]Sur l\u2019\u00e9tendue du territoire camerounais, les colonies sont en cours. La Paroisse Saint du Bapt\u00eame de J\u00e9sus et Saint Ambroise de la cit\u00e9 verte Yaound\u00e9 re\u00e7oit la colonie des vacances cette ann\u00e9e avec les enfants \u00e2g\u00e9s de 3 \u00e0 18 ans. Au programme Ateliers (Pots de fleurs, peinture, confection des drapeaux, dessin et autres), animations,&hellip;","robots":{"index":"index","follow":"follow","max-snippet":"max-snippet:-1","max-image-preview":"max-image-preview:large","max-video-preview":"max-video-preview:-1"},"canonical":"[:fr]Sur l\u2019\u00e9tendue du territoire camerounais, les colonies sont en cours. La Paroisse Saint du Bapt\u00eame de J\u00e9sus et Saint Ambroise de la cit\u00e9 verte Yaound\u00e9 re\u00e7oit la colonie des vacances cette ann\u00e9e avec les enfants \u00e2g\u00e9s de 3 \u00e0 18 ans. Au programme Ateliers (Pots de fleurs, peinture, confection des drapeaux, dessin et autres), animations,&hellip;","og_locale":"en_US","og_type":"article","og_title":"- Itaka-Escolapios","og_description":"[:fr]Sur l\u2019\u00e9tendue du territoire camerounais, les colonies sont en cours. La Paroisse Saint du Bapt\u00eame de J\u00e9sus et Saint Ambroise de la cit\u00e9 verte Yaound\u00e9 re\u00e7oit la colonie des vacances cette ann\u00e9e avec les enfants \u00e2g\u00e9s de 3 \u00e0 18 ans. Au programme Ateliers (Pots de fleurs, peinture, confection des drapeaux, dessin et autres), animations,&hellip;","og_url":"https:\/\/www.itakaescolapios.org\/eu\/2022\/07\/francais-colonie-des-vacances-2022-a-yaounde\/","og_site_name":"Itaka-Escolapios","article_published_time":"2022-07-15T15:12:09+00:00","article_modified_time":"2023-11-28T11:35:43+00:00","og_image":[{"width":1080,"height":607,"url":"https:\/\/www.itakaescolapios.org\/wp-content\/uploads\/2022\/07\/WhatsApp-Image-2022-07-11-at-10.12.15.jpeg","type":"image\/jpeg"}],"author":"cameroun01","twitter_card":"summary_large_image","twitter_misc":{"Written by":"cameroun01","Est. reading time":"1 minutua"},"schema":{"@context":"https:\/\/schema.org","@graph":[{"@type":"Article","@id":"https:\/\/www.itakaescolapios.org\/eu\/2022\/07\/francais-colonie-des-vacances-2022-a-yaounde\/#article","isPartOf":{"@id":"https:\/\/www.itakaescolapios.org\/eu\/2022\/07\/francais-colonie-des-vacances-2022-a-yaounde\/"},"author":{"name":"cameroun01","@id":"https:\/\/www.itakaescolapios.org\/es\/#\/schema\/person\/d2844383e29bfdfef69039672ce14eb1"},"headline":"No title","datePublished":"2022-07-15T15:12:09+00:00","dateModified":"2023-11-28T11:35:43+00:00","mainEntityOfPage":{"@id":"https:\/\/www.itakaescolapios.org\/eu\/2022\/07\/francais-colonie-des-vacances-2022-a-yaounde\/"},"wordCount":159,"publisher":{"@id":"https:\/\/www.itakaescolapios.org\/es\/#organization"},"image":{"@id":"https:\/\/www.itakaescolapios.org\/eu\/2022\/07\/francais-colonie-des-vacances-2022-a-yaounde\/#primaryimage"},"thumbnailUrl":"https:\/\/www.itakaescolapios.org\/wp-content\/uploads\/2022\/07\/WhatsApp-Image-2022-07-11-at-10.12.15.jpeg","articleSection":["Erdialdeko Afrika","Kamerun"],"inLanguage":"eu"},{"@type":"WebPage","@id":"https:\/\/www.itakaescolapios.org\/eu\/2022\/07\/francais-colonie-des-vacances-2022-a-yaounde\/","url":"https:\/\/www.itakaescolapios.org\/eu\/2022\/07\/francais-colonie-des-vacances-2022-a-yaounde\/","name":"- Itaka-Escolapios","isPartOf":{"@id":"https:\/\/www.itakaescolapios.org\/es\/#website"},"primaryImageOfPage":{"@id":"https:\/\/www.itakaescolapios.org\/eu\/2022\/07\/francais-colonie-des-vacances-2022-a-yaounde\/#primaryimage"},"image":{"@id":"https:\/\/www.itakaescolapios.org\/eu\/2022\/07\/francais-colonie-des-vacances-2022-a-yaounde\/#primaryimage"},"thumbnailUrl":"https:\/\/www.itakaescolapios.org\/wp-content\/uploads\/2022\/07\/WhatsApp-Image-2022-07-11-at-10.12.15.jpeg","datePublished":"2022-07-15T15:12:09+00:00","dateModified":"2023-11-28T11:35:43+00:00","inLanguage":"eu","potentialAction":[{"@type":"ReadAction","target":["https:\/\/www.itakaescolapios.org\/eu\/2022\/07\/francais-colonie-des-vacances-2022-a-yaounde\/"]}]},{"@type":"ImageObject","inLanguage":"eu","@id":"https:\/\/www.itakaescolapios.org\/eu\/2022\/07\/francais-colonie-des-vacances-2022-a-yaounde\/#primaryimage","url":"https:\/\/www.itakaescolapios.org\/wp-content\/uploads\/2022\/07\/WhatsApp-Image-2022-07-11-at-10.12.15.jpeg","contentUrl":"https:\/\/www.itakaescolapios.org\/wp-content\/uploads\/2022\/07\/WhatsApp-Image-2022-07-11-at-10.12.15.jpeg","width":1080,"height":607},{"@type":"WebSite","@id":"https:\/\/www.itakaescolapios.org\/eu\/es\/#website","url":"https:\/\/www.itakaescolapios.org\/eu\/es\/","name":"Itaka-Escolapios","description":"Red de Itaka-Escolapios","publisher":{"@id":"https:\/\/www.itakaescolapios.org\/eu\/es\/#organization"},"potentialAction":[{"@type":"SearchAction","target":{"@type":"EntryPoint","urlTemplate":"https:\/\/www.itakaescolapios.org\/eu\/es\/?s={search_term_string}"},"query-input":{"@type":"PropertyValueSpecification","valueRequired":true,"valueName":"search_term_string"}}],"inLanguage":"eu"},{"@type":"Organization","@id":"https:\/\/www.itakaescolapios.org\/eu\/es\/#organization","name":"Fundaci\u00f3 Itaka-Escolapios","url":"https:\/\/www.itakaescolapios.org\/eu\/es\/","logo":{"@type":"ImageObject","inLanguage":"eu","@id":"https:\/\/www.itakaescolapios.org\/eu\/es\/#\/schema\/logo\/image\/","url":"https:\/\/www.itakaescolapios.org\/wp-content\/uploads\/2024\/04\/Logo-itakaescolapios-peque.png","contentUrl":"https:\/\/www.itakaescolapios.org\/wp-content\/uploads\/2024\/04\/Logo-itakaescolapios-peque.png","width":500,"height":199,"caption":"Fundaci\u00f3 Itaka-Escolapios"},"image":{"@id":"https:\/\/www.itakaescolapios.org\/eu\/es\/#\/schema\/logo\/image\/"}},{"@type":"Person","@id":"https:\/\/www.itakaescolapios.org\/es\/#\/schema\/person\/d2844383e29bfdfef69039672ce14eb1","name":"cameroun01","url":"https:\/\/www.itakaescolapios.org\/eu\/author\/cameroun01\/"}]}},"_links":{"self":[{"href":"https:\/\/www.itakaescolapios.org\/eu\/wp-json\/wp\/v2\/posts\/37187","targetHints":{"allow":["GET"]}}],"collection":[{"href":"https:\/\/www.itakaescolapios.org\/eu\/wp-json\/wp\/v2\/posts"}],"about":[{"href":"https:\/\/www.itakaescolapios.org\/eu\/wp-json\/wp\/v2\/types\/post"}],"author":[{"embeddable":true,"href":"https:\/\/www.itakaescolapios.org\/eu\/wp-json\/wp\/v2\/users\/15"}],"replies":[{"embeddable":true,"href":"https:\/\/www.itakaescolapios.org\/eu\/wp-json\/wp\/v2\/comments?post=37187"}],"version-history":[{"count":2,"href":"https:\/\/www.itakaescolapios.org\/eu\/wp-json\/wp\/v2\/posts\/37187\/revisions"}],"predecessor-version":[{"id":43865,"href":"https:\/\/www.itakaescolapios.org\/eu\/wp-json\/wp\/v2\/posts\/37187\/revisions\/43865"}],"wp:featuredmedia":[{"embeddable":true,"href":"https:\/\/www.itakaescolapios.org\/eu\/wp-json\/wp\/v2\/media\/37192"}],"wp:attachment":[{"href":"https:\/\/www.itakaescolapios.org\/eu\/wp-json\/wp\/v2\/media?parent=37187"}],"wp:term":[{"taxonomy":"category","embeddable":true,"href":"https:\/\/www.itakaescolapios.org\/eu\/wp-json\/wp\/v2\/categories?post=37187"},{"taxonomy":"post_tag","embeddable":true,"href":"https:\/\/www.itakaescolapios.org\/eu\/wp-json\/wp\/v2\/tags?post=37187"}],"curies":[{"name":"wp","href":"https:\/\/api.w.org\/{rel}","templated":true}]}}