{"id":37461,"date":"2022-09-26T09:18:17","date_gmt":"2022-09-26T08:18:17","guid":{"rendered":"https:\/\/www.itakaescolapios.org\/?p=37461"},"modified":"2023-11-28T12:35:42","modified_gmt":"2023-11-28T11:35:42","slug":"francais-messe-de-rentree-scolaire-a-linstitut-catholique-calasanz-de-libreville","status":"publish","type":"post","link":"https:\/\/www.itakaescolapios.org\/eu\/2022\/09\/francais-messe-de-rentree-scolaire-a-linstitut-catholique-calasanz-de-libreville\/","title":{"rendered":""},"content":{"rendered":"<p>[:fr]Vendredi 23 septembre 2022 , a eu lieu \u00e0 la paroisse Saint louis marie grignon de montfort la messe d&#8217;action de grace pour la nouvelle rentr\u00e9e scolaire \u00e0 l&#8217;institut catholique calasanz dirige par le pere louis directeur, le pere steven aumonier des jeunes et le pere emmanuel.Nous \u00e9tions pr\u00e8s de 1000 (\u00e9l\u00e8ves,parents,enseignants&#8230;) \u00e0 suivre l&#8217;exhortation du pere steven qui nous a rappele qu&#8217;il y&#8217;a un temps pour chaque chose(pour jouer,pour travailler&#8230;) Comme le pr\u00e9cise la Premi\u00e8re lecture (Eccl\u00e9siaste 3:1-11). Ensuite il a pose la question comme dans l&#8217;\u00c9vangile: &#8221;qu&#8217;est ce que l&#8217;\u00e9ducation pour toi?&#8221;<br \/>\n1-un lieu social?<br \/>\n2- un lieu de rencontre?<br \/>\n3- une ouverture pour \u00eatre un citoyen \u00e9clair\u00e9 et responsable dans la vie, qui participe au d\u00e9veloppement?<br \/>\n4-un lieu de combine, de mensonge de violence?<br \/>\nVoila une nouvelle opportunit\u00e9s d&#8217;am\u00e9liorer notre mani\u00e8re de faire afin d&#8217;annoncer en fin d&#8217;ann\u00e9e une bonne nouvelle aux parents car on reconnait un \u00e9l\u00e8ve de calasanz non pas par sa tenue de classe mais par sa mani\u00e8re de faire partout.<br \/>\nPour ce faire il nous invite a une collaboration de tous pour un 100%.<\/p>\n<p><img decoding=\"async\" class=\"size-full wp-image-37462 aligncenter\" src=\"https:\/\/www.itakaescolapios.org\/wp-content\/uploads\/2022\/09\/WhatsApp-Image-2022-09-24-at-7.23.22-AM.jpeg\" alt=\"\" width=\"960\" height=\"432\" srcset=\"https:\/\/www.itakaescolapios.org\/wp-content\/uploads\/2022\/09\/WhatsApp-Image-2022-09-24-at-7.23.22-AM.jpeg 960w, https:\/\/www.itakaescolapios.org\/wp-content\/uploads\/2022\/09\/WhatsApp-Image-2022-09-24-at-7.23.22-AM-300x135.jpeg 300w, https:\/\/www.itakaescolapios.org\/wp-content\/uploads\/2022\/09\/WhatsApp-Image-2022-09-24-at-7.23.22-AM-768x346.jpeg 768w, https:\/\/www.itakaescolapios.org\/wp-content\/uploads\/2022\/09\/WhatsApp-Image-2022-09-24-at-7.23.22-AM-250x113.jpeg 250w\" sizes=\"(max-width: 960px) 100vw, 960px\" \/><\/p>\n<p><img decoding=\"async\" class=\"size-full wp-image-37463 aligncenter\" src=\"https:\/\/www.itakaescolapios.org\/wp-content\/uploads\/2022\/09\/WhatsApp-Image-2022-09-24-at-7.23.20-AM.jpeg\" alt=\"\" width=\"960\" height=\"432\" srcset=\"https:\/\/www.itakaescolapios.org\/wp-content\/uploads\/2022\/09\/WhatsApp-Image-2022-09-24-at-7.23.20-AM.jpeg 960w, https:\/\/www.itakaescolapios.org\/wp-content\/uploads\/2022\/09\/WhatsApp-Image-2022-09-24-at-7.23.20-AM-300x135.jpeg 300w, https:\/\/www.itakaescolapios.org\/wp-content\/uploads\/2022\/09\/WhatsApp-Image-2022-09-24-at-7.23.20-AM-768x346.jpeg 768w, https:\/\/www.itakaescolapios.org\/wp-content\/uploads\/2022\/09\/WhatsApp-Image-2022-09-24-at-7.23.20-AM-250x113.jpeg 250w\" sizes=\"(max-width: 960px) 100vw, 960px\" \/><\/p>\n<p><img decoding=\"async\" class=\"size-full wp-image-37464 aligncenter\" src=\"https:\/\/www.itakaescolapios.org\/wp-content\/uploads\/2022\/09\/WhatsApp-Image-2022-09-24-at-7.23.19-AM-1.jpeg\" alt=\"\" width=\"432\" height=\"960\" srcset=\"https:\/\/www.itakaescolapios.org\/wp-content\/uploads\/2022\/09\/WhatsApp-Image-2022-09-24-at-7.23.19-AM-1.jpeg 432w, https:\/\/www.itakaescolapios.org\/wp-content\/uploads\/2022\/09\/WhatsApp-Image-2022-09-24-at-7.23.19-AM-1-135x300.jpeg 135w, https:\/\/www.itakaescolapios.org\/wp-content\/uploads\/2022\/09\/WhatsApp-Image-2022-09-24-at-7.23.19-AM-1-250x556.jpeg 250w\" sizes=\"(max-width: 432px) 100vw, 432px\" \/><\/p>\n<p><img decoding=\"async\" class=\"size-full wp-image-37466 aligncenter\" src=\"https:\/\/www.itakaescolapios.org\/wp-content\/uploads\/2022\/09\/WhatsApp-Image-2022-09-24-at-7.23.18-AM.jpeg\" alt=\"\" width=\"960\" height=\"432\" srcset=\"https:\/\/www.itakaescolapios.org\/wp-content\/uploads\/2022\/09\/WhatsApp-Image-2022-09-24-at-7.23.18-AM.jpeg 960w, https:\/\/www.itakaescolapios.org\/wp-content\/uploads\/2022\/09\/WhatsApp-Image-2022-09-24-at-7.23.18-AM-300x135.jpeg 300w, https:\/\/www.itakaescolapios.org\/wp-content\/uploads\/2022\/09\/WhatsApp-Image-2022-09-24-at-7.23.18-AM-768x346.jpeg 768w, https:\/\/www.itakaescolapios.org\/wp-content\/uploads\/2022\/09\/WhatsApp-Image-2022-09-24-at-7.23.18-AM-250x113.jpeg 250w\" sizes=\"(max-width: 960px) 100vw, 960px\" \/><\/p>\n<p>&nbsp;[:]<\/p>\n","protected":false},"excerpt":{"rendered":"<p>[:fr]Vendredi 23 septembre 2022 , a eu lieu \u00e0 la paroisse Saint louis marie grignon de montfort la messe d&#8217;action de grace pour la nouvelle rentr\u00e9e scolaire \u00e0 l&#8217;institut catholique [&hellip;]<\/p>\n","protected":false},"author":15,"featured_media":37465,"comment_status":"closed","ping_status":"closed","sticky":false,"template":"","format":"standard","meta":{"_et_pb_use_builder":"","_et_pb_old_content":"","_et_gb_content_width":"","footnotes":""},"categories":[53,285],"tags":[],"class_list":["post-37461","post","type-post","status-publish","format-standard","has-post-thumbnail","hentry","category-africa-central","category-gabon"],"yoast_head":"<!-- This site is optimized with the Yoast SEO plugin v27.4 - https:\/\/yoast.com\/product\/yoast-seo-wordpress\/ -->\n<title>- Itaka-Escolapios<\/title>\n<meta name=\"description\" content=\"[:fr]Vendredi 23 septembre 2022 , a eu lieu \u00e0 la paroisse Saint louis marie grignon de montfort la messe d&#039;action de grace pour la nouvelle rentr\u00e9e scolaire \u00e0 l&#039;institut catholique calasanz dirige par le pere louis directeur, le pere steven aumonier des jeunes et le pere emmanuel.Nous \u00e9tions pr\u00e8s de 1000 (\u00e9l\u00e8ves,parents,enseignants...) \u00e0 suivre l&#039;exhortation&hellip;\" \/>\n<meta name=\"robots\" content=\"index, follow, max-snippet:-1, max-image-preview:large, max-video-preview:-1\" \/>\n<link rel=\"canonical\" href=\"\" \/>\n<meta property=\"og:locale\" content=\"en_US\" \/>\n<meta property=\"og:type\" content=\"article\" \/>\n<meta property=\"og:title\" content=\"- Itaka-Escolapios\" \/>\n<meta property=\"og:description\" content=\"[:fr]Vendredi 23 septembre 2022 , a eu lieu \u00e0 la paroisse Saint louis marie grignon de montfort la messe d&#039;action de grace pour la nouvelle rentr\u00e9e scolaire \u00e0 l&#039;institut catholique calasanz dirige par le pere louis directeur, le pere steven aumonier des jeunes et le pere emmanuel.Nous \u00e9tions pr\u00e8s de 1000 (\u00e9l\u00e8ves,parents,enseignants...) \u00e0 suivre l&#039;exhortation&hellip;\" \/>\n<meta property=\"og:url\" content=\"https:\/\/www.itakaescolapios.org\/eu\/2022\/09\/francais-messe-de-rentree-scolaire-a-linstitut-catholique-calasanz-de-libreville\/\" \/>\n<meta property=\"og:site_name\" content=\"Itaka-Escolapios\" \/>\n<meta property=\"article:published_time\" content=\"2022-09-26T08:18:17+00:00\" \/>\n<meta property=\"article:modified_time\" content=\"2023-11-28T11:35:42+00:00\" \/>\n<meta property=\"og:image\" content=\"https:\/\/www.itakaescolapios.org\/wp-content\/uploads\/2022\/09\/WhatsApp-Image-2022-09-24-at-7.23.19-AM.jpeg\" \/>\n\t<meta property=\"og:image:width\" content=\"960\" \/>\n\t<meta property=\"og:image:height\" content=\"432\" \/>\n\t<meta property=\"og:image:type\" content=\"image\/jpeg\" \/>\n<meta name=\"author\" content=\"cameroun01\" \/>\n<meta name=\"twitter:card\" content=\"summary_large_image\" \/>\n<meta name=\"twitter:label1\" content=\"Written by\" \/>\n\t<meta name=\"twitter:data1\" content=\"cameroun01\" \/>\n\t<meta name=\"twitter:label2\" content=\"Est. reading time\" \/>\n\t<meta name=\"twitter:data2\" content=\"1 minutua\" \/>\n<script type=\"application\/ld+json\" class=\"yoast-schema-graph\">{\"@context\":\"https:\\\/\\\/schema.org\",\"@graph\":[{\"@type\":\"Article\",\"@id\":\"https:\\\/\\\/www.itakaescolapios.org\\\/eu\\\/2022\\\/09\\\/francais-messe-de-rentree-scolaire-a-linstitut-catholique-calasanz-de-libreville\\\/#article\",\"isPartOf\":{\"@id\":\"https:\\\/\\\/www.itakaescolapios.org\\\/eu\\\/2022\\\/09\\\/francais-messe-de-rentree-scolaire-a-linstitut-catholique-calasanz-de-libreville\\\/\"},\"author\":{\"name\":\"cameroun01\",\"@id\":\"https:\\\/\\\/www.itakaescolapios.org\\\/es\\\/#\\\/schema\\\/person\\\/d2844383e29bfdfef69039672ce14eb1\"},\"headline\":\"No title\",\"datePublished\":\"2022-09-26T08:18:17+00:00\",\"dateModified\":\"2023-11-28T11:35:42+00:00\",\"mainEntityOfPage\":{\"@id\":\"https:\\\/\\\/www.itakaescolapios.org\\\/eu\\\/2022\\\/09\\\/francais-messe-de-rentree-scolaire-a-linstitut-catholique-calasanz-de-libreville\\\/\"},\"wordCount\":204,\"publisher\":{\"@id\":\"https:\\\/\\\/www.itakaescolapios.org\\\/es\\\/#organization\"},\"image\":{\"@id\":\"https:\\\/\\\/www.itakaescolapios.org\\\/eu\\\/2022\\\/09\\\/francais-messe-de-rentree-scolaire-a-linstitut-catholique-calasanz-de-libreville\\\/#primaryimage\"},\"thumbnailUrl\":\"https:\\\/\\\/www.itakaescolapios.org\\\/wp-content\\\/uploads\\\/2022\\\/09\\\/WhatsApp-Image-2022-09-24-at-7.23.19-AM.jpeg\",\"articleSection\":[\"Erdialdeko Afrika\",\"Gab\u00f3n\"],\"inLanguage\":\"eu\"},{\"@type\":\"WebPage\",\"@id\":\"https:\\\/\\\/www.itakaescolapios.org\\\/eu\\\/2022\\\/09\\\/francais-messe-de-rentree-scolaire-a-linstitut-catholique-calasanz-de-libreville\\\/\",\"url\":\"https:\\\/\\\/www.itakaescolapios.org\\\/eu\\\/2022\\\/09\\\/francais-messe-de-rentree-scolaire-a-linstitut-catholique-calasanz-de-libreville\\\/\",\"name\":\"- Itaka-Escolapios\",\"isPartOf\":{\"@id\":\"https:\\\/\\\/www.itakaescolapios.org\\\/es\\\/#website\"},\"primaryImageOfPage\":{\"@id\":\"https:\\\/\\\/www.itakaescolapios.org\\\/eu\\\/2022\\\/09\\\/francais-messe-de-rentree-scolaire-a-linstitut-catholique-calasanz-de-libreville\\\/#primaryimage\"},\"image\":{\"@id\":\"https:\\\/\\\/www.itakaescolapios.org\\\/eu\\\/2022\\\/09\\\/francais-messe-de-rentree-scolaire-a-linstitut-catholique-calasanz-de-libreville\\\/#primaryimage\"},\"thumbnailUrl\":\"https:\\\/\\\/www.itakaescolapios.org\\\/wp-content\\\/uploads\\\/2022\\\/09\\\/WhatsApp-Image-2022-09-24-at-7.23.19-AM.jpeg\",\"datePublished\":\"2022-09-26T08:18:17+00:00\",\"dateModified\":\"2023-11-28T11:35:42+00:00\",\"inLanguage\":\"eu\",\"potentialAction\":[{\"@type\":\"ReadAction\",\"target\":[\"https:\\\/\\\/www.itakaescolapios.org\\\/eu\\\/2022\\\/09\\\/francais-messe-de-rentree-scolaire-a-linstitut-catholique-calasanz-de-libreville\\\/\"]}]},{\"@type\":\"ImageObject\",\"inLanguage\":\"eu\",\"@id\":\"https:\\\/\\\/www.itakaescolapios.org\\\/eu\\\/2022\\\/09\\\/francais-messe-de-rentree-scolaire-a-linstitut-catholique-calasanz-de-libreville\\\/#primaryimage\",\"url\":\"https:\\\/\\\/www.itakaescolapios.org\\\/wp-content\\\/uploads\\\/2022\\\/09\\\/WhatsApp-Image-2022-09-24-at-7.23.19-AM.jpeg\",\"contentUrl\":\"https:\\\/\\\/www.itakaescolapios.org\\\/wp-content\\\/uploads\\\/2022\\\/09\\\/WhatsApp-Image-2022-09-24-at-7.23.19-AM.jpeg\",\"width\":960,\"height\":432},{\"@type\":\"WebSite\",\"@id\":\"https:\\\/\\\/www.itakaescolapios.org\\\/eu\\\/es\\\/#website\",\"url\":\"https:\\\/\\\/www.itakaescolapios.org\\\/eu\\\/es\\\/\",\"name\":\"Itaka-Escolapios\",\"description\":\"Red de Itaka-Escolapios\",\"publisher\":{\"@id\":\"https:\\\/\\\/www.itakaescolapios.org\\\/eu\\\/es\\\/#organization\"},\"potentialAction\":[{\"@type\":\"SearchAction\",\"target\":{\"@type\":\"EntryPoint\",\"urlTemplate\":\"https:\\\/\\\/www.itakaescolapios.org\\\/eu\\\/es\\\/?s={search_term_string}\"},\"query-input\":{\"@type\":\"PropertyValueSpecification\",\"valueRequired\":true,\"valueName\":\"search_term_string\"}}],\"inLanguage\":\"eu\"},{\"@type\":\"Organization\",\"@id\":\"https:\\\/\\\/www.itakaescolapios.org\\\/eu\\\/es\\\/#organization\",\"name\":\"Fundaci\u00f3 Itaka-Escolapios\",\"url\":\"https:\\\/\\\/www.itakaescolapios.org\\\/eu\\\/es\\\/\",\"logo\":{\"@type\":\"ImageObject\",\"inLanguage\":\"eu\",\"@id\":\"https:\\\/\\\/www.itakaescolapios.org\\\/eu\\\/es\\\/#\\\/schema\\\/logo\\\/image\\\/\",\"url\":\"https:\\\/\\\/www.itakaescolapios.org\\\/wp-content\\\/uploads\\\/2024\\\/04\\\/Logo-itakaescolapios-peque.png\",\"contentUrl\":\"https:\\\/\\\/www.itakaescolapios.org\\\/wp-content\\\/uploads\\\/2024\\\/04\\\/Logo-itakaescolapios-peque.png\",\"width\":500,\"height\":199,\"caption\":\"Fundaci\u00f3 Itaka-Escolapios\"},\"image\":{\"@id\":\"https:\\\/\\\/www.itakaescolapios.org\\\/eu\\\/es\\\/#\\\/schema\\\/logo\\\/image\\\/\"}},{\"@type\":\"Person\",\"@id\":\"https:\\\/\\\/www.itakaescolapios.org\\\/es\\\/#\\\/schema\\\/person\\\/d2844383e29bfdfef69039672ce14eb1\",\"name\":\"cameroun01\",\"url\":\"https:\\\/\\\/www.itakaescolapios.org\\\/eu\\\/author\\\/cameroun01\\\/\"}]}<\/script>\n<!-- \/ Yoast SEO plugin. -->","yoast_head_json":{"title":"- Itaka-Escolapios","description":"[:fr]Vendredi 23 septembre 2022 , a eu lieu \u00e0 la paroisse Saint louis marie grignon de montfort la messe d'action de grace pour la nouvelle rentr\u00e9e scolaire \u00e0 l'institut catholique calasanz dirige par le pere louis directeur, le pere steven aumonier des jeunes et le pere emmanuel.Nous \u00e9tions pr\u00e8s de 1000 (\u00e9l\u00e8ves,parents,enseignants...) \u00e0 suivre l'exhortation&hellip;","robots":{"index":"index","follow":"follow","max-snippet":"max-snippet:-1","max-image-preview":"max-image-preview:large","max-video-preview":"max-video-preview:-1"},"canonical":"[:fr]Vendredi 23 septembre 2022 , a eu lieu \u00e0 la paroisse Saint louis marie grignon de montfort la messe d'action de grace pour la nouvelle rentr\u00e9e scolaire \u00e0 l'institut catholique calasanz dirige par le pere louis directeur, le pere steven aumonier des jeunes et le pere emmanuel.Nous \u00e9tions pr\u00e8s de 1000 (\u00e9l\u00e8ves,parents,enseignants...) \u00e0 suivre l'exhortation&hellip;","og_locale":"en_US","og_type":"article","og_title":"- Itaka-Escolapios","og_description":"[:fr]Vendredi 23 septembre 2022 , a eu lieu \u00e0 la paroisse Saint louis marie grignon de montfort la messe d'action de grace pour la nouvelle rentr\u00e9e scolaire \u00e0 l'institut catholique calasanz dirige par le pere louis directeur, le pere steven aumonier des jeunes et le pere emmanuel.Nous \u00e9tions pr\u00e8s de 1000 (\u00e9l\u00e8ves,parents,enseignants...) \u00e0 suivre l'exhortation&hellip;","og_url":"https:\/\/www.itakaescolapios.org\/eu\/2022\/09\/francais-messe-de-rentree-scolaire-a-linstitut-catholique-calasanz-de-libreville\/","og_site_name":"Itaka-Escolapios","article_published_time":"2022-09-26T08:18:17+00:00","article_modified_time":"2023-11-28T11:35:42+00:00","og_image":[{"width":960,"height":432,"url":"https:\/\/www.itakaescolapios.org\/wp-content\/uploads\/2022\/09\/WhatsApp-Image-2022-09-24-at-7.23.19-AM.jpeg","type":"image\/jpeg"}],"author":"cameroun01","twitter_card":"summary_large_image","twitter_misc":{"Written by":"cameroun01","Est. reading time":"1 minutua"},"schema":{"@context":"https:\/\/schema.org","@graph":[{"@type":"Article","@id":"https:\/\/www.itakaescolapios.org\/eu\/2022\/09\/francais-messe-de-rentree-scolaire-a-linstitut-catholique-calasanz-de-libreville\/#article","isPartOf":{"@id":"https:\/\/www.itakaescolapios.org\/eu\/2022\/09\/francais-messe-de-rentree-scolaire-a-linstitut-catholique-calasanz-de-libreville\/"},"author":{"name":"cameroun01","@id":"https:\/\/www.itakaescolapios.org\/es\/#\/schema\/person\/d2844383e29bfdfef69039672ce14eb1"},"headline":"No title","datePublished":"2022-09-26T08:18:17+00:00","dateModified":"2023-11-28T11:35:42+00:00","mainEntityOfPage":{"@id":"https:\/\/www.itakaescolapios.org\/eu\/2022\/09\/francais-messe-de-rentree-scolaire-a-linstitut-catholique-calasanz-de-libreville\/"},"wordCount":204,"publisher":{"@id":"https:\/\/www.itakaescolapios.org\/es\/#organization"},"image":{"@id":"https:\/\/www.itakaescolapios.org\/eu\/2022\/09\/francais-messe-de-rentree-scolaire-a-linstitut-catholique-calasanz-de-libreville\/#primaryimage"},"thumbnailUrl":"https:\/\/www.itakaescolapios.org\/wp-content\/uploads\/2022\/09\/WhatsApp-Image-2022-09-24-at-7.23.19-AM.jpeg","articleSection":["Erdialdeko Afrika","Gab\u00f3n"],"inLanguage":"eu"},{"@type":"WebPage","@id":"https:\/\/www.itakaescolapios.org\/eu\/2022\/09\/francais-messe-de-rentree-scolaire-a-linstitut-catholique-calasanz-de-libreville\/","url":"https:\/\/www.itakaescolapios.org\/eu\/2022\/09\/francais-messe-de-rentree-scolaire-a-linstitut-catholique-calasanz-de-libreville\/","name":"- Itaka-Escolapios","isPartOf":{"@id":"https:\/\/www.itakaescolapios.org\/es\/#website"},"primaryImageOfPage":{"@id":"https:\/\/www.itakaescolapios.org\/eu\/2022\/09\/francais-messe-de-rentree-scolaire-a-linstitut-catholique-calasanz-de-libreville\/#primaryimage"},"image":{"@id":"https:\/\/www.itakaescolapios.org\/eu\/2022\/09\/francais-messe-de-rentree-scolaire-a-linstitut-catholique-calasanz-de-libreville\/#primaryimage"},"thumbnailUrl":"https:\/\/www.itakaescolapios.org\/wp-content\/uploads\/2022\/09\/WhatsApp-Image-2022-09-24-at-7.23.19-AM.jpeg","datePublished":"2022-09-26T08:18:17+00:00","dateModified":"2023-11-28T11:35:42+00:00","inLanguage":"eu","potentialAction":[{"@type":"ReadAction","target":["https:\/\/www.itakaescolapios.org\/eu\/2022\/09\/francais-messe-de-rentree-scolaire-a-linstitut-catholique-calasanz-de-libreville\/"]}]},{"@type":"ImageObject","inLanguage":"eu","@id":"https:\/\/www.itakaescolapios.org\/eu\/2022\/09\/francais-messe-de-rentree-scolaire-a-linstitut-catholique-calasanz-de-libreville\/#primaryimage","url":"https:\/\/www.itakaescolapios.org\/wp-content\/uploads\/2022\/09\/WhatsApp-Image-2022-09-24-at-7.23.19-AM.jpeg","contentUrl":"https:\/\/www.itakaescolapios.org\/wp-content\/uploads\/2022\/09\/WhatsApp-Image-2022-09-24-at-7.23.19-AM.jpeg","width":960,"height":432},{"@type":"WebSite","@id":"https:\/\/www.itakaescolapios.org\/eu\/es\/#website","url":"https:\/\/www.itakaescolapios.org\/eu\/es\/","name":"Itaka-Escolapios","description":"Red de Itaka-Escolapios","publisher":{"@id":"https:\/\/www.itakaescolapios.org\/eu\/es\/#organization"},"potentialAction":[{"@type":"SearchAction","target":{"@type":"EntryPoint","urlTemplate":"https:\/\/www.itakaescolapios.org\/eu\/es\/?s={search_term_string}"},"query-input":{"@type":"PropertyValueSpecification","valueRequired":true,"valueName":"search_term_string"}}],"inLanguage":"eu"},{"@type":"Organization","@id":"https:\/\/www.itakaescolapios.org\/eu\/es\/#organization","name":"Fundaci\u00f3 Itaka-Escolapios","url":"https:\/\/www.itakaescolapios.org\/eu\/es\/","logo":{"@type":"ImageObject","inLanguage":"eu","@id":"https:\/\/www.itakaescolapios.org\/eu\/es\/#\/schema\/logo\/image\/","url":"https:\/\/www.itakaescolapios.org\/wp-content\/uploads\/2024\/04\/Logo-itakaescolapios-peque.png","contentUrl":"https:\/\/www.itakaescolapios.org\/wp-content\/uploads\/2024\/04\/Logo-itakaescolapios-peque.png","width":500,"height":199,"caption":"Fundaci\u00f3 Itaka-Escolapios"},"image":{"@id":"https:\/\/www.itakaescolapios.org\/eu\/es\/#\/schema\/logo\/image\/"}},{"@type":"Person","@id":"https:\/\/www.itakaescolapios.org\/es\/#\/schema\/person\/d2844383e29bfdfef69039672ce14eb1","name":"cameroun01","url":"https:\/\/www.itakaescolapios.org\/eu\/author\/cameroun01\/"}]}},"_links":{"self":[{"href":"https:\/\/www.itakaescolapios.org\/eu\/wp-json\/wp\/v2\/posts\/37461","targetHints":{"allow":["GET"]}}],"collection":[{"href":"https:\/\/www.itakaescolapios.org\/eu\/wp-json\/wp\/v2\/posts"}],"about":[{"href":"https:\/\/www.itakaescolapios.org\/eu\/wp-json\/wp\/v2\/types\/post"}],"author":[{"embeddable":true,"href":"https:\/\/www.itakaescolapios.org\/eu\/wp-json\/wp\/v2\/users\/15"}],"replies":[{"embeddable":true,"href":"https:\/\/www.itakaescolapios.org\/eu\/wp-json\/wp\/v2\/comments?post=37461"}],"version-history":[{"count":2,"href":"https:\/\/www.itakaescolapios.org\/eu\/wp-json\/wp\/v2\/posts\/37461\/revisions"}],"predecessor-version":[{"id":43825,"href":"https:\/\/www.itakaescolapios.org\/eu\/wp-json\/wp\/v2\/posts\/37461\/revisions\/43825"}],"wp:featuredmedia":[{"embeddable":true,"href":"https:\/\/www.itakaescolapios.org\/eu\/wp-json\/wp\/v2\/media\/37465"}],"wp:attachment":[{"href":"https:\/\/www.itakaescolapios.org\/eu\/wp-json\/wp\/v2\/media?parent=37461"}],"wp:term":[{"taxonomy":"category","embeddable":true,"href":"https:\/\/www.itakaescolapios.org\/eu\/wp-json\/wp\/v2\/categories?post=37461"},{"taxonomy":"post_tag","embeddable":true,"href":"https:\/\/www.itakaescolapios.org\/eu\/wp-json\/wp\/v2\/tags?post=37461"}],"curies":[{"name":"wp","href":"https:\/\/api.w.org\/{rel}","templated":true}]}}