{"id":37636,"date":"2022-10-19T18:40:38","date_gmt":"2022-10-19T17:40:38","guid":{"rendered":"https:\/\/www.itakaescolapios.org\/?p=37636"},"modified":"2023-11-28T12:35:40","modified_gmt":"2023-11-28T11:35:40","slug":"rentree-officielle-au-centre-des-femmes-de-kikonka","status":"publish","type":"post","link":"https:\/\/www.itakaescolapios.org\/eu\/2022\/10\/rentree-officielle-au-centre-des-femmes-de-kikonka\/","title":{"rendered":"RENTREE OFFICIELLE AU CENTRE DES FEMMES DE KIKONKA"},"content":{"rendered":"<p><a href=\"https:\/\/www.itakaescolapios.org\/wp-content\/uploads\/2022\/10\/WhatsApp-Image-2022-10-17-at-07.22.26.jpeg\"><img decoding=\"async\" class=\"aligncenter size-full wp-image-37640\" src=\"https:\/\/www.itakaescolapios.org\/wp-content\/uploads\/2022\/10\/WhatsApp-Image-2022-10-17-at-07.22.26.jpeg\" alt=\"\" width=\"816\" height=\"612\" srcset=\"https:\/\/www.itakaescolapios.org\/wp-content\/uploads\/2022\/10\/WhatsApp-Image-2022-10-17-at-07.22.26.jpeg 816w, https:\/\/www.itakaescolapios.org\/wp-content\/uploads\/2022\/10\/WhatsApp-Image-2022-10-17-at-07.22.26-300x225.jpeg 300w, https:\/\/www.itakaescolapios.org\/wp-content\/uploads\/2022\/10\/WhatsApp-Image-2022-10-17-at-07.22.26-768x576.jpeg 768w, https:\/\/www.itakaescolapios.org\/wp-content\/uploads\/2022\/10\/WhatsApp-Image-2022-10-17-at-07.22.26-250x188.jpeg 250w, https:\/\/www.itakaescolapios.org\/wp-content\/uploads\/2022\/10\/WhatsApp-Image-2022-10-17-at-07.22.26-510x382.jpeg 510w\" sizes=\"(max-width: 816px) 100vw, 816px\" \/><\/a> <a href=\"https:\/\/www.itakaescolapios.org\/wp-content\/uploads\/2022\/10\/WhatsApp-Image-2022-10-17-at-07.22.29.jpeg\"><img decoding=\"async\" class=\"aligncenter size-full wp-image-37641\" src=\"https:\/\/www.itakaescolapios.org\/wp-content\/uploads\/2022\/10\/WhatsApp-Image-2022-10-17-at-07.22.29.jpeg\" alt=\"\" width=\"816\" height=\"612\" srcset=\"https:\/\/www.itakaescolapios.org\/wp-content\/uploads\/2022\/10\/WhatsApp-Image-2022-10-17-at-07.22.29.jpeg 816w, https:\/\/www.itakaescolapios.org\/wp-content\/uploads\/2022\/10\/WhatsApp-Image-2022-10-17-at-07.22.29-300x225.jpeg 300w, https:\/\/www.itakaescolapios.org\/wp-content\/uploads\/2022\/10\/WhatsApp-Image-2022-10-17-at-07.22.29-768x576.jpeg 768w, https:\/\/www.itakaescolapios.org\/wp-content\/uploads\/2022\/10\/WhatsApp-Image-2022-10-17-at-07.22.29-250x188.jpeg 250w, https:\/\/www.itakaescolapios.org\/wp-content\/uploads\/2022\/10\/WhatsApp-Image-2022-10-17-at-07.22.29-510x382.jpeg 510w\" sizes=\"(max-width: 816px) 100vw, 816px\" \/><\/a> <a href=\"https:\/\/www.itakaescolapios.org\/wp-content\/uploads\/2022\/10\/WhatsApp-Image-2022-10-17-at-17.11.44.jpeg\"><img decoding=\"async\" class=\"aligncenter size-full wp-image-37645\" src=\"https:\/\/www.itakaescolapios.org\/wp-content\/uploads\/2022\/10\/WhatsApp-Image-2022-10-17-at-17.11.44.jpeg\" alt=\"\" width=\"816\" height=\"612\" srcset=\"https:\/\/www.itakaescolapios.org\/wp-content\/uploads\/2022\/10\/WhatsApp-Image-2022-10-17-at-17.11.44.jpeg 816w, https:\/\/www.itakaescolapios.org\/wp-content\/uploads\/2022\/10\/WhatsApp-Image-2022-10-17-at-17.11.44-300x225.jpeg 300w, https:\/\/www.itakaescolapios.org\/wp-content\/uploads\/2022\/10\/WhatsApp-Image-2022-10-17-at-17.11.44-768x576.jpeg 768w, https:\/\/www.itakaescolapios.org\/wp-content\/uploads\/2022\/10\/WhatsApp-Image-2022-10-17-at-17.11.44-250x188.jpeg 250w, https:\/\/www.itakaescolapios.org\/wp-content\/uploads\/2022\/10\/WhatsApp-Image-2022-10-17-at-17.11.44-510x382.jpeg 510w\" sizes=\"(max-width: 816px) 100vw, 816px\" \/><\/a> <a href=\"https:\/\/www.itakaescolapios.org\/wp-content\/uploads\/2022\/10\/WhatsApp-Image-2022-10-17-at-17.11.45.jpeg\"><img decoding=\"async\" class=\"aligncenter size-full wp-image-37646\" src=\"https:\/\/www.itakaescolapios.org\/wp-content\/uploads\/2022\/10\/WhatsApp-Image-2022-10-17-at-17.11.45.jpeg\" alt=\"\" width=\"816\" height=\"612\" srcset=\"https:\/\/www.itakaescolapios.org\/wp-content\/uploads\/2022\/10\/WhatsApp-Image-2022-10-17-at-17.11.45.jpeg 816w, https:\/\/www.itakaescolapios.org\/wp-content\/uploads\/2022\/10\/WhatsApp-Image-2022-10-17-at-17.11.45-300x225.jpeg 300w, https:\/\/www.itakaescolapios.org\/wp-content\/uploads\/2022\/10\/WhatsApp-Image-2022-10-17-at-17.11.45-768x576.jpeg 768w, https:\/\/www.itakaescolapios.org\/wp-content\/uploads\/2022\/10\/WhatsApp-Image-2022-10-17-at-17.11.45-250x188.jpeg 250w, https:\/\/www.itakaescolapios.org\/wp-content\/uploads\/2022\/10\/WhatsApp-Image-2022-10-17-at-17.11.45-510x382.jpeg 510w\" sizes=\"(max-width: 816px) 100vw, 816px\" \/><\/a><a href=\"https:\/\/www.itakaescolapios.org\/wp-content\/uploads\/2022\/10\/WhatsApp-Image-2022-10-17-at-07.22.30-1-rotated.jpeg\"><img decoding=\"async\" class=\"aligncenter size-full wp-image-37647\" src=\"https:\/\/www.itakaescolapios.org\/wp-content\/uploads\/2022\/10\/WhatsApp-Image-2022-10-17-at-07.22.30-1-rotated.jpeg\" alt=\"\" width=\"816\" height=\"612\" srcset=\"https:\/\/www.itakaescolapios.org\/wp-content\/uploads\/2022\/10\/WhatsApp-Image-2022-10-17-at-07.22.30-1-rotated.jpeg 816w, https:\/\/www.itakaescolapios.org\/wp-content\/uploads\/2022\/10\/WhatsApp-Image-2022-10-17-at-07.22.30-1-300x225.jpeg 300w, https:\/\/www.itakaescolapios.org\/wp-content\/uploads\/2022\/10\/WhatsApp-Image-2022-10-17-at-07.22.30-1-768x576.jpeg 768w, https:\/\/www.itakaescolapios.org\/wp-content\/uploads\/2022\/10\/WhatsApp-Image-2022-10-17-at-07.22.30-1-250x188.jpeg 250w, https:\/\/www.itakaescolapios.org\/wp-content\/uploads\/2022\/10\/WhatsApp-Image-2022-10-17-at-07.22.30-1-510x382.jpeg 510w\" sizes=\"(max-width: 816px) 100vw, 816px\" \/><\/a> <a href=\"https:\/\/www.itakaescolapios.org\/wp-content\/uploads\/2022\/10\/WhatsApp-Image-2022-10-17-at-07.24.10.jpeg\"><img decoding=\"async\" class=\"aligncenter size-full wp-image-37643\" src=\"https:\/\/www.itakaescolapios.org\/wp-content\/uploads\/2022\/10\/WhatsApp-Image-2022-10-17-at-07.24.10.jpeg\" alt=\"\" width=\"816\" height=\"612\" srcset=\"https:\/\/www.itakaescolapios.org\/wp-content\/uploads\/2022\/10\/WhatsApp-Image-2022-10-17-at-07.24.10.jpeg 816w, https:\/\/www.itakaescolapios.org\/wp-content\/uploads\/2022\/10\/WhatsApp-Image-2022-10-17-at-07.24.10-300x225.jpeg 300w, https:\/\/www.itakaescolapios.org\/wp-content\/uploads\/2022\/10\/WhatsApp-Image-2022-10-17-at-07.24.10-768x576.jpeg 768w, https:\/\/www.itakaescolapios.org\/wp-content\/uploads\/2022\/10\/WhatsApp-Image-2022-10-17-at-07.24.10-250x188.jpeg 250w, https:\/\/www.itakaescolapios.org\/wp-content\/uploads\/2022\/10\/WhatsApp-Image-2022-10-17-at-07.24.10-510x382.jpeg 510w\" sizes=\"(max-width: 816px) 100vw, 816px\" \/><\/a>Le samedi 15 octobre 2022 a marqu\u00e9 le d\u00e9but des activit\u00e9s du Centre des femmes de Kikonka, pour le compte de l\u2019ann\u00e9e 2022-2023. Elles \u00e9taient 15 \u00e0 r\u00e9pondre pr\u00e9sentes au rendez-vous. La matin\u00e9e festive a commenc\u00e9 par une messe pr\u00e9sid\u00e9e par le P\u00e8re Adalbert (Responsable d\u2019Itaka en RDC); Puis un mini-symposium de pr\u00e9sentation des formations r\u00e9alis\u00e9es par les mamans l\u2019ann\u00e9e derni\u00e8re, suivi des primes offertes (des tissus-pagnes et du mat\u00e9riel scolaire) aux femmes qui se sont distingu\u00e9es par leur engagement et d\u00e9vouement; et un repas fraternellement partag\u00e9. La dynamique de cette ann\u00e9e a donc \u00e9t\u00e9 donn\u00e9e par un slogan: \u00ab Nouvelle ann\u00e9e, esprit nouveau \u00bb. Il ne nous reste plus qu\u2019\u00e0 esp\u00e9rer que les activit\u00e9s du centre des femmes de Kikonka se d\u00e9rouleront bien au cours de cette ann\u00e9e.<\/p>\n","protected":false},"excerpt":{"rendered":"<p>Le samedi 15 octobre 2022 a marqu\u00e9 le d\u00e9but des activit\u00e9s du Centre des femmes de Kikonka, pour le compte de l\u2019ann\u00e9e 2022-2023. Elles \u00e9taient 15 \u00e0 r\u00e9pondre pr\u00e9sentes au [&hellip;]<\/p>\n","protected":false},"author":46,"featured_media":37648,"comment_status":"closed","ping_status":"closed","sticky":false,"template":"","format":"standard","meta":{"_et_pb_use_builder":"","_et_pb_old_content":"","_et_gb_content_width":"","footnotes":""},"categories":[337],"tags":[568,567],"class_list":["post-37636","post","type-post","status-publish","format-standard","has-post-thumbnail","hentry","category-r-d-congo","tag-action-sociale","tag-education-informelle"],"yoast_head":"<!-- This site is optimized with the Yoast SEO plugin v27.4 - https:\/\/yoast.com\/product\/yoast-seo-wordpress\/ -->\n<title>RENTREE OFFICIELLE AU CENTRE DES FEMMES DE KIKONKA<\/title>\n<meta name=\"description\" content=\"Le samedi 15 octobre 2022 a marqu\u00e9 le d\u00e9but des activit\u00e9s du Centre des femmes de Kikonka, pour le compte de l\u2019ann\u00e9e 2022-2023. Elles \u00e9taient 15 \u00e0 r\u00e9pondre pr\u00e9sentes au rendez-vous. La matin\u00e9e festive a commenc\u00e9 par une messe pr\u00e9sid\u00e9e par le P\u00e8re Adalbert (Responsable d\u2019Itaka en RDC); Puis un mini-symposium de pr\u00e9sentation des formations&hellip;\" \/>\n<meta name=\"robots\" content=\"index, follow, max-snippet:-1, max-image-preview:large, max-video-preview:-1\" \/>\n<link rel=\"canonical\" href=\"http:\/\/Le%20samedi%2015%20octobre%202022%20a%20marqu\u00e9%20le%20d\u00e9but%20des%20activit\u00e9s%20du%20Centre%20des%20femmes%20de%20Kikonka,%20pour%20le%20compte%20de%20l\u2019ann\u00e9e%202022-2023.%20Elles%20\u00e9taient%2015%20\u00e0%20r\u00e9pondre%20pr\u00e9sentes%20au%20rendez-vous.%20La%20matin\u00e9e%20festive%20a%20commenc\u00e9%20par%20une%20messe%20pr\u00e9sid\u00e9e%20par%20le%20P\u00e8re%20Adalbert%20(Responsable%20d\u2019Itaka%20en%20RDC);%20Puis%20un%20mini-symposium%20de%20pr\u00e9sentation%20des%20formations&hellip;\" \/>\n<meta property=\"og:locale\" content=\"en_US\" \/>\n<meta property=\"og:type\" content=\"article\" \/>\n<meta property=\"og:title\" content=\"RENTREE OFFICIELLE AU CENTRE DES FEMMES DE KIKONKA\" \/>\n<meta property=\"og:description\" content=\"Le samedi 15 octobre 2022 a marqu\u00e9 le d\u00e9but des activit\u00e9s du Centre des femmes de Kikonka, pour le compte de l\u2019ann\u00e9e 2022-2023. Elles \u00e9taient 15 \u00e0 r\u00e9pondre pr\u00e9sentes au rendez-vous. La matin\u00e9e festive a commenc\u00e9 par une messe pr\u00e9sid\u00e9e par le P\u00e8re Adalbert (Responsable d\u2019Itaka en RDC); Puis un mini-symposium de pr\u00e9sentation des formations&hellip;\" \/>\n<meta property=\"og:url\" content=\"https:\/\/www.itakaescolapios.org\/eu\/2022\/10\/rentree-officielle-au-centre-des-femmes-de-kikonka\/\" \/>\n<meta property=\"og:site_name\" content=\"Itaka-Escolapios\" \/>\n<meta property=\"article:published_time\" content=\"2022-10-19T17:40:38+00:00\" \/>\n<meta property=\"article:modified_time\" content=\"2023-11-28T11:35:40+00:00\" \/>\n<meta property=\"og:image\" content=\"https:\/\/www.itakaescolapios.org\/wp-content\/uploads\/2022\/10\/WhatsApp-Image-2022-10-16-at-13.50.47.jpeg\" \/>\n\t<meta property=\"og:image:width\" content=\"1080\" \/>\n\t<meta property=\"og:image:height\" content=\"474\" \/>\n\t<meta property=\"og:image:type\" content=\"image\/jpeg\" \/>\n<meta name=\"author\" content=\"itakaescolapios\" \/>\n<meta name=\"twitter:card\" content=\"summary_large_image\" \/>\n<meta name=\"twitter:label1\" content=\"Written by\" \/>\n\t<meta name=\"twitter:data1\" content=\"itakaescolapios\" \/>\n\t<meta name=\"twitter:label2\" content=\"Est. reading time\" \/>\n\t<meta name=\"twitter:data2\" content=\"1 minutua\" \/>\n<script type=\"application\/ld+json\" class=\"yoast-schema-graph\">{\"@context\":\"https:\\\/\\\/schema.org\",\"@graph\":[{\"@type\":\"Article\",\"@id\":\"https:\\\/\\\/www.itakaescolapios.org\\\/eu\\\/2022\\\/10\\\/rentree-officielle-au-centre-des-femmes-de-kikonka\\\/#article\",\"isPartOf\":{\"@id\":\"https:\\\/\\\/www.itakaescolapios.org\\\/eu\\\/2022\\\/10\\\/rentree-officielle-au-centre-des-femmes-de-kikonka\\\/\"},\"author\":{\"name\":\"itakaescolapios\",\"@id\":\"https:\\\/\\\/www.itakaescolapios.org\\\/es\\\/#\\\/schema\\\/person\\\/768ce0f19db5c2c2b6361e77e15db2db\"},\"headline\":\"RENTREE OFFICIELLE AU CENTRE DES FEMMES DE KIKONKA\",\"datePublished\":\"2022-10-19T17:40:38+00:00\",\"dateModified\":\"2023-11-28T11:35:40+00:00\",\"mainEntityOfPage\":{\"@id\":\"https:\\\/\\\/www.itakaescolapios.org\\\/eu\\\/2022\\\/10\\\/rentree-officielle-au-centre-des-femmes-de-kikonka\\\/\"},\"wordCount\":158,\"publisher\":{\"@id\":\"https:\\\/\\\/www.itakaescolapios.org\\\/es\\\/#organization\"},\"image\":{\"@id\":\"https:\\\/\\\/www.itakaescolapios.org\\\/eu\\\/2022\\\/10\\\/rentree-officielle-au-centre-des-femmes-de-kikonka\\\/#primaryimage\"},\"thumbnailUrl\":\"https:\\\/\\\/www.itakaescolapios.org\\\/wp-content\\\/uploads\\\/2022\\\/10\\\/WhatsApp-Image-2022-10-16-at-13.50.47.jpeg\",\"keywords\":[\"Action sociale\",\"Education informelle\"],\"articleSection\":[\"R.D. Congo\"],\"inLanguage\":\"eu\"},{\"@type\":\"WebPage\",\"@id\":\"https:\\\/\\\/www.itakaescolapios.org\\\/eu\\\/2022\\\/10\\\/rentree-officielle-au-centre-des-femmes-de-kikonka\\\/\",\"url\":\"https:\\\/\\\/www.itakaescolapios.org\\\/eu\\\/2022\\\/10\\\/rentree-officielle-au-centre-des-femmes-de-kikonka\\\/\",\"name\":\"RENTREE OFFICIELLE AU CENTRE DES FEMMES DE KIKONKA - Itaka-Escolapios\",\"isPartOf\":{\"@id\":\"https:\\\/\\\/www.itakaescolapios.org\\\/es\\\/#website\"},\"primaryImageOfPage\":{\"@id\":\"https:\\\/\\\/www.itakaescolapios.org\\\/eu\\\/2022\\\/10\\\/rentree-officielle-au-centre-des-femmes-de-kikonka\\\/#primaryimage\"},\"image\":{\"@id\":\"https:\\\/\\\/www.itakaescolapios.org\\\/eu\\\/2022\\\/10\\\/rentree-officielle-au-centre-des-femmes-de-kikonka\\\/#primaryimage\"},\"thumbnailUrl\":\"https:\\\/\\\/www.itakaescolapios.org\\\/wp-content\\\/uploads\\\/2022\\\/10\\\/WhatsApp-Image-2022-10-16-at-13.50.47.jpeg\",\"datePublished\":\"2022-10-19T17:40:38+00:00\",\"dateModified\":\"2023-11-28T11:35:40+00:00\",\"breadcrumb\":{\"@id\":\"https:\\\/\\\/www.itakaescolapios.org\\\/eu\\\/2022\\\/10\\\/rentree-officielle-au-centre-des-femmes-de-kikonka\\\/#breadcrumb\"},\"inLanguage\":\"eu\",\"potentialAction\":[{\"@type\":\"ReadAction\",\"target\":[\"https:\\\/\\\/www.itakaescolapios.org\\\/eu\\\/2022\\\/10\\\/rentree-officielle-au-centre-des-femmes-de-kikonka\\\/\"]}]},{\"@type\":\"ImageObject\",\"inLanguage\":\"eu\",\"@id\":\"https:\\\/\\\/www.itakaescolapios.org\\\/eu\\\/2022\\\/10\\\/rentree-officielle-au-centre-des-femmes-de-kikonka\\\/#primaryimage\",\"url\":\"https:\\\/\\\/www.itakaescolapios.org\\\/wp-content\\\/uploads\\\/2022\\\/10\\\/WhatsApp-Image-2022-10-16-at-13.50.47.jpeg\",\"contentUrl\":\"https:\\\/\\\/www.itakaescolapios.org\\\/wp-content\\\/uploads\\\/2022\\\/10\\\/WhatsApp-Image-2022-10-16-at-13.50.47.jpeg\",\"width\":1080,\"height\":474},{\"@type\":\"BreadcrumbList\",\"@id\":\"https:\\\/\\\/www.itakaescolapios.org\\\/eu\\\/2022\\\/10\\\/rentree-officielle-au-centre-des-femmes-de-kikonka\\\/#breadcrumb\",\"itemListElement\":[{\"@type\":\"ListItem\",\"position\":1,\"name\":\"Itaka-Escolapios\",\"item\":\"https:\\\/\\\/www.itakaescolapios.org\\\/es\\\/\"},{\"@type\":\"ListItem\",\"position\":2,\"name\":\"RENTREE OFFICIELLE AU CENTRE DES FEMMES DE KIKONKA\"}]},{\"@type\":\"WebSite\",\"@id\":\"https:\\\/\\\/www.itakaescolapios.org\\\/eu\\\/es\\\/#website\",\"url\":\"https:\\\/\\\/www.itakaescolapios.org\\\/eu\\\/es\\\/\",\"name\":\"Itaka-Escolapios\",\"description\":\"Red de Itaka-Escolapios\",\"publisher\":{\"@id\":\"https:\\\/\\\/www.itakaescolapios.org\\\/eu\\\/es\\\/#organization\"},\"potentialAction\":[{\"@type\":\"SearchAction\",\"target\":{\"@type\":\"EntryPoint\",\"urlTemplate\":\"https:\\\/\\\/www.itakaescolapios.org\\\/eu\\\/es\\\/?s={search_term_string}\"},\"query-input\":{\"@type\":\"PropertyValueSpecification\",\"valueRequired\":true,\"valueName\":\"search_term_string\"}}],\"inLanguage\":\"eu\"},{\"@type\":\"Organization\",\"@id\":\"https:\\\/\\\/www.itakaescolapios.org\\\/eu\\\/es\\\/#organization\",\"name\":\"Fundaci\u00f3 Itaka-Escolapios\",\"url\":\"https:\\\/\\\/www.itakaescolapios.org\\\/eu\\\/es\\\/\",\"logo\":{\"@type\":\"ImageObject\",\"inLanguage\":\"eu\",\"@id\":\"https:\\\/\\\/www.itakaescolapios.org\\\/eu\\\/es\\\/#\\\/schema\\\/logo\\\/image\\\/\",\"url\":\"https:\\\/\\\/www.itakaescolapios.org\\\/wp-content\\\/uploads\\\/2024\\\/04\\\/Logo-itakaescolapios-peque.png\",\"contentUrl\":\"https:\\\/\\\/www.itakaescolapios.org\\\/wp-content\\\/uploads\\\/2024\\\/04\\\/Logo-itakaescolapios-peque.png\",\"width\":500,\"height\":199,\"caption\":\"Fundaci\u00f3 Itaka-Escolapios\"},\"image\":{\"@id\":\"https:\\\/\\\/www.itakaescolapios.org\\\/eu\\\/es\\\/#\\\/schema\\\/logo\\\/image\\\/\"}},{\"@type\":\"Person\",\"@id\":\"https:\\\/\\\/www.itakaescolapios.org\\\/es\\\/#\\\/schema\\\/person\\\/768ce0f19db5c2c2b6361e77e15db2db\",\"name\":\"itakaescolapios\",\"url\":\"https:\\\/\\\/www.itakaescolapios.org\\\/eu\\\/author\\\/itakaescolapios\\\/\"}]}<\/script>\n<!-- \/ Yoast SEO plugin. -->","yoast_head_json":{"title":"RENTREE OFFICIELLE AU CENTRE DES FEMMES DE KIKONKA","description":"Le samedi 15 octobre 2022 a marqu\u00e9 le d\u00e9but des activit\u00e9s du Centre des femmes de Kikonka, pour le compte de l\u2019ann\u00e9e 2022-2023. Elles \u00e9taient 15 \u00e0 r\u00e9pondre pr\u00e9sentes au rendez-vous. La matin\u00e9e festive a commenc\u00e9 par une messe pr\u00e9sid\u00e9e par le P\u00e8re Adalbert (Responsable d\u2019Itaka en RDC); Puis un mini-symposium de pr\u00e9sentation des formations&hellip;","robots":{"index":"index","follow":"follow","max-snippet":"max-snippet:-1","max-image-preview":"max-image-preview:large","max-video-preview":"max-video-preview:-1"},"canonical":"Le samedi 15 octobre 2022 a marqu\u00e9 le d\u00e9but des activit\u00e9s du Centre des femmes de Kikonka, pour le compte de l\u2019ann\u00e9e 2022-2023. Elles \u00e9taient 15 \u00e0 r\u00e9pondre pr\u00e9sentes au rendez-vous. La matin\u00e9e festive a commenc\u00e9 par une messe pr\u00e9sid\u00e9e par le P\u00e8re Adalbert (Responsable d\u2019Itaka en RDC); Puis un mini-symposium de pr\u00e9sentation des formations&hellip;","og_locale":"en_US","og_type":"article","og_title":"RENTREE OFFICIELLE AU CENTRE DES FEMMES DE KIKONKA","og_description":"Le samedi 15 octobre 2022 a marqu\u00e9 le d\u00e9but des activit\u00e9s du Centre des femmes de Kikonka, pour le compte de l\u2019ann\u00e9e 2022-2023. Elles \u00e9taient 15 \u00e0 r\u00e9pondre pr\u00e9sentes au rendez-vous. La matin\u00e9e festive a commenc\u00e9 par une messe pr\u00e9sid\u00e9e par le P\u00e8re Adalbert (Responsable d\u2019Itaka en RDC); Puis un mini-symposium de pr\u00e9sentation des formations&hellip;","og_url":"https:\/\/www.itakaescolapios.org\/eu\/2022\/10\/rentree-officielle-au-centre-des-femmes-de-kikonka\/","og_site_name":"Itaka-Escolapios","article_published_time":"2022-10-19T17:40:38+00:00","article_modified_time":"2023-11-28T11:35:40+00:00","og_image":[{"width":1080,"height":474,"url":"https:\/\/www.itakaescolapios.org\/wp-content\/uploads\/2022\/10\/WhatsApp-Image-2022-10-16-at-13.50.47.jpeg","type":"image\/jpeg"}],"author":"itakaescolapios","twitter_card":"summary_large_image","twitter_misc":{"Written by":"itakaescolapios","Est. reading time":"1 minutua"},"schema":{"@context":"https:\/\/schema.org","@graph":[{"@type":"Article","@id":"https:\/\/www.itakaescolapios.org\/eu\/2022\/10\/rentree-officielle-au-centre-des-femmes-de-kikonka\/#article","isPartOf":{"@id":"https:\/\/www.itakaescolapios.org\/eu\/2022\/10\/rentree-officielle-au-centre-des-femmes-de-kikonka\/"},"author":{"name":"itakaescolapios","@id":"https:\/\/www.itakaescolapios.org\/es\/#\/schema\/person\/768ce0f19db5c2c2b6361e77e15db2db"},"headline":"RENTREE OFFICIELLE AU CENTRE DES FEMMES DE KIKONKA","datePublished":"2022-10-19T17:40:38+00:00","dateModified":"2023-11-28T11:35:40+00:00","mainEntityOfPage":{"@id":"https:\/\/www.itakaescolapios.org\/eu\/2022\/10\/rentree-officielle-au-centre-des-femmes-de-kikonka\/"},"wordCount":158,"publisher":{"@id":"https:\/\/www.itakaescolapios.org\/es\/#organization"},"image":{"@id":"https:\/\/www.itakaescolapios.org\/eu\/2022\/10\/rentree-officielle-au-centre-des-femmes-de-kikonka\/#primaryimage"},"thumbnailUrl":"https:\/\/www.itakaescolapios.org\/wp-content\/uploads\/2022\/10\/WhatsApp-Image-2022-10-16-at-13.50.47.jpeg","keywords":["Action sociale","Education informelle"],"articleSection":["R.D. Congo"],"inLanguage":"eu"},{"@type":"WebPage","@id":"https:\/\/www.itakaescolapios.org\/eu\/2022\/10\/rentree-officielle-au-centre-des-femmes-de-kikonka\/","url":"https:\/\/www.itakaescolapios.org\/eu\/2022\/10\/rentree-officielle-au-centre-des-femmes-de-kikonka\/","name":"RENTREE OFFICIELLE AU CENTRE DES FEMMES DE KIKONKA - Itaka-Escolapios","isPartOf":{"@id":"https:\/\/www.itakaescolapios.org\/es\/#website"},"primaryImageOfPage":{"@id":"https:\/\/www.itakaescolapios.org\/eu\/2022\/10\/rentree-officielle-au-centre-des-femmes-de-kikonka\/#primaryimage"},"image":{"@id":"https:\/\/www.itakaescolapios.org\/eu\/2022\/10\/rentree-officielle-au-centre-des-femmes-de-kikonka\/#primaryimage"},"thumbnailUrl":"https:\/\/www.itakaescolapios.org\/wp-content\/uploads\/2022\/10\/WhatsApp-Image-2022-10-16-at-13.50.47.jpeg","datePublished":"2022-10-19T17:40:38+00:00","dateModified":"2023-11-28T11:35:40+00:00","breadcrumb":{"@id":"https:\/\/www.itakaescolapios.org\/eu\/2022\/10\/rentree-officielle-au-centre-des-femmes-de-kikonka\/#breadcrumb"},"inLanguage":"eu","potentialAction":[{"@type":"ReadAction","target":["https:\/\/www.itakaescolapios.org\/eu\/2022\/10\/rentree-officielle-au-centre-des-femmes-de-kikonka\/"]}]},{"@type":"ImageObject","inLanguage":"eu","@id":"https:\/\/www.itakaescolapios.org\/eu\/2022\/10\/rentree-officielle-au-centre-des-femmes-de-kikonka\/#primaryimage","url":"https:\/\/www.itakaescolapios.org\/wp-content\/uploads\/2022\/10\/WhatsApp-Image-2022-10-16-at-13.50.47.jpeg","contentUrl":"https:\/\/www.itakaescolapios.org\/wp-content\/uploads\/2022\/10\/WhatsApp-Image-2022-10-16-at-13.50.47.jpeg","width":1080,"height":474},{"@type":"BreadcrumbList","@id":"https:\/\/www.itakaescolapios.org\/eu\/2022\/10\/rentree-officielle-au-centre-des-femmes-de-kikonka\/#breadcrumb","itemListElement":[{"@type":"ListItem","position":1,"name":"Itaka-Escolapios","item":"https:\/\/www.itakaescolapios.org\/es\/"},{"@type":"ListItem","position":2,"name":"RENTREE OFFICIELLE AU CENTRE DES FEMMES DE KIKONKA"}]},{"@type":"WebSite","@id":"https:\/\/www.itakaescolapios.org\/eu\/es\/#website","url":"https:\/\/www.itakaescolapios.org\/eu\/es\/","name":"Itaka-Escolapios","description":"Red de Itaka-Escolapios","publisher":{"@id":"https:\/\/www.itakaescolapios.org\/eu\/es\/#organization"},"potentialAction":[{"@type":"SearchAction","target":{"@type":"EntryPoint","urlTemplate":"https:\/\/www.itakaescolapios.org\/eu\/es\/?s={search_term_string}"},"query-input":{"@type":"PropertyValueSpecification","valueRequired":true,"valueName":"search_term_string"}}],"inLanguage":"eu"},{"@type":"Organization","@id":"https:\/\/www.itakaescolapios.org\/eu\/es\/#organization","name":"Fundaci\u00f3 Itaka-Escolapios","url":"https:\/\/www.itakaescolapios.org\/eu\/es\/","logo":{"@type":"ImageObject","inLanguage":"eu","@id":"https:\/\/www.itakaescolapios.org\/eu\/es\/#\/schema\/logo\/image\/","url":"https:\/\/www.itakaescolapios.org\/wp-content\/uploads\/2024\/04\/Logo-itakaescolapios-peque.png","contentUrl":"https:\/\/www.itakaescolapios.org\/wp-content\/uploads\/2024\/04\/Logo-itakaescolapios-peque.png","width":500,"height":199,"caption":"Fundaci\u00f3 Itaka-Escolapios"},"image":{"@id":"https:\/\/www.itakaescolapios.org\/eu\/es\/#\/schema\/logo\/image\/"}},{"@type":"Person","@id":"https:\/\/www.itakaescolapios.org\/es\/#\/schema\/person\/768ce0f19db5c2c2b6361e77e15db2db","name":"itakaescolapios","url":"https:\/\/www.itakaescolapios.org\/eu\/author\/itakaescolapios\/"}]}},"_links":{"self":[{"href":"https:\/\/www.itakaescolapios.org\/eu\/wp-json\/wp\/v2\/posts\/37636","targetHints":{"allow":["GET"]}}],"collection":[{"href":"https:\/\/www.itakaescolapios.org\/eu\/wp-json\/wp\/v2\/posts"}],"about":[{"href":"https:\/\/www.itakaescolapios.org\/eu\/wp-json\/wp\/v2\/types\/post"}],"author":[{"embeddable":true,"href":"https:\/\/www.itakaescolapios.org\/eu\/wp-json\/wp\/v2\/users\/46"}],"replies":[{"embeddable":true,"href":"https:\/\/www.itakaescolapios.org\/eu\/wp-json\/wp\/v2\/comments?post=37636"}],"version-history":[{"count":3,"href":"https:\/\/www.itakaescolapios.org\/eu\/wp-json\/wp\/v2\/posts\/37636\/revisions"}],"predecessor-version":[{"id":43795,"href":"https:\/\/www.itakaescolapios.org\/eu\/wp-json\/wp\/v2\/posts\/37636\/revisions\/43795"}],"wp:featuredmedia":[{"embeddable":true,"href":"https:\/\/www.itakaescolapios.org\/eu\/wp-json\/wp\/v2\/media\/37648"}],"wp:attachment":[{"href":"https:\/\/www.itakaescolapios.org\/eu\/wp-json\/wp\/v2\/media?parent=37636"}],"wp:term":[{"taxonomy":"category","embeddable":true,"href":"https:\/\/www.itakaescolapios.org\/eu\/wp-json\/wp\/v2\/categories?post=37636"},{"taxonomy":"post_tag","embeddable":true,"href":"https:\/\/www.itakaescolapios.org\/eu\/wp-json\/wp\/v2\/tags?post=37636"}],"curies":[{"name":"wp","href":"https:\/\/api.w.org\/{rel}","templated":true}]}}