{"id":37774,"date":"2022-10-28T14:02:15","date_gmt":"2022-10-28T13:02:15","guid":{"rendered":"https:\/\/www.itakaescolapios.org\/?p=37774"},"modified":"2023-11-28T12:35:40","modified_gmt":"2023-11-28T11:35:40","slug":"francais-premiere-partie-de-la-formation-calasanctienne-dispensee-par-le-pere-andre-serge-fouda-directeur-du-complexe-scolaire-calasanz-de-malibe-gabon","status":"publish","type":"post","link":"https:\/\/www.itakaescolapios.org\/eu\/2022\/10\/francais-premiere-partie-de-la-formation-calasanctienne-dispensee-par-le-pere-andre-serge-fouda-directeur-du-complexe-scolaire-calasanz-de-malibe-gabon\/","title":{"rendered":""},"content":{"rendered":"<p>[:fr]La formation Calasanctienne \u00e0 nos enseignants est un aspect tr\u00e8s important tout comme le recyclage de ces derniers \u00e9voqu\u00e9e lors de la planification de notre calendrier scolaire 2022-2023. Ainsi, la premi\u00e8re \u00e9tape de celle-ci s&#8217;articule sur deux axes principaux : Qui est Calasanz et l&#8217;Ordre des \u00c9coles Pies. De prime abord, avant m\u00eame de commencer la formation, une enseignante demande au P. Serge,Sch.p si la Bible \u00e9tait obligatoire. C&#8217;est-\u00e0-dire si tout le monde devrait avoir sa Bible. C&#8217;est ainsi qu&#8217;\u00e0 la pri\u00e8re, il prend soin de donner l&#8217;importance de la Croix ou le Crucifix pour les Piaristes : source de joie et de bonheur. C&#8217;est gr\u00e2ce \u00e0 la croix du Christ qu&#8217;il trouve la force pour \u00eatre \u00e0 son service \u00e0 travers l&#8217;\u00e9ducation des enfants et les jeunes et surtout les plus d\u00e9favoris\u00e9s ; la Bible, o\u00f9 ils tirent leur Charisme ( Mt 19,14-15 et Lc 18,16-17); Les Constitutions de l&#8217;Ordre des \u00c9coles surtout le N\u00ba 2 qui d\u00e9finit m\u00eame la finalit\u00e9 de l&#8217;\u00e9ducation et encore plus celle\u00a0 piariste dans la soci\u00e9t\u00e9 ; le n\u00ba5: qui d\u00e9finit notre mission qui est aussi l\u00e0 mission de nos enseignants partout dans le monde, le n\u00ba 6: qui exige de nous certaines vertus en tant qu&#8217;enseignant piariste.<\/p>\n<p>Le v\u00e9ritable but ici est d&#8217;abord gnostique que p\u00e9dagogique. Gnostique dans la mesure o\u00f9 chaque enseignant devrait conna\u00eetre en tant que collaborateur piariste qui est Calasanz et quelles sont les \u00c9coles Pies. Voil\u00e0 pourquoi cette premi\u00e8re session nous a juste parl\u00e9 de histoire de Calasanz de sa naissance \u00e0 Peralta de la Sal jusqu&#8217;\u00e0 Rome et la fondation de l&#8217;Ordre des \u00c9coles Pies. Puis, une lecture int\u00e9grale du m\u00e9morial de Saint Joseph Calasanz au Cardinal Tonti afin de faire comprendre aux enseignants combien est si ch\u00e8re l&#8217;\u00e9ducation des enfants et des jeunes d\u00e9favoris\u00e9s pour le piariste. \u00c0 la fin de la session, le p\u00e8re Andr\u00e9 Serge FOUDA,Sch.p a donn\u00e9 rendez-vous au personnel enseignant et non enseignant pour la seconde session qui aura pour th\u00e9matique : Sur l&#8217;enseignant piariste et les qualit\u00e9s requises avant d&#8217;aborder et d&#8217;\u00e9piloguer sur: L&#8217;ontologie, la p\u00e9dagogie et la m\u00e9thode piariste<\/p>\n<p><img decoding=\"async\" class=\"size-full wp-image-37775 aligncenter\" src=\"https:\/\/www.itakaescolapios.org\/wp-content\/uploads\/2022\/10\/WhatsApp-Image-2022-10-27-at-11.11.12-AM.jpeg\" alt=\"\" width=\"1000\" height=\"752\" srcset=\"https:\/\/www.itakaescolapios.org\/wp-content\/uploads\/2022\/10\/WhatsApp-Image-2022-10-27-at-11.11.12-AM.jpeg 1000w, https:\/\/www.itakaescolapios.org\/wp-content\/uploads\/2022\/10\/WhatsApp-Image-2022-10-27-at-11.11.12-AM-300x226.jpeg 300w, https:\/\/www.itakaescolapios.org\/wp-content\/uploads\/2022\/10\/WhatsApp-Image-2022-10-27-at-11.11.12-AM-768x578.jpeg 768w, https:\/\/www.itakaescolapios.org\/wp-content\/uploads\/2022\/10\/WhatsApp-Image-2022-10-27-at-11.11.12-AM-250x188.jpeg 250w\" sizes=\"(max-width: 1000px) 100vw, 1000px\" \/><\/p>\n<p><img decoding=\"async\" class=\"size-full wp-image-37776 aligncenter\" src=\"https:\/\/www.itakaescolapios.org\/wp-content\/uploads\/2022\/10\/WhatsApp-Image-2022-10-27-at-11.11.11-AM-1.jpeg\" alt=\"\" width=\"1000\" height=\"752\" srcset=\"https:\/\/www.itakaescolapios.org\/wp-content\/uploads\/2022\/10\/WhatsApp-Image-2022-10-27-at-11.11.11-AM-1.jpeg 1000w, https:\/\/www.itakaescolapios.org\/wp-content\/uploads\/2022\/10\/WhatsApp-Image-2022-10-27-at-11.11.11-AM-1-300x226.jpeg 300w, https:\/\/www.itakaescolapios.org\/wp-content\/uploads\/2022\/10\/WhatsApp-Image-2022-10-27-at-11.11.11-AM-1-768x578.jpeg 768w, https:\/\/www.itakaescolapios.org\/wp-content\/uploads\/2022\/10\/WhatsApp-Image-2022-10-27-at-11.11.11-AM-1-250x188.jpeg 250w\" sizes=\"(max-width: 1000px) 100vw, 1000px\" \/><\/p>\n<p><img decoding=\"async\" class=\"size-full wp-image-37778 aligncenter\" src=\"https:\/\/www.itakaescolapios.org\/wp-content\/uploads\/2022\/10\/WhatsApp-Image-2022-10-27-at-11.11.10-AM.jpeg\" alt=\"\" width=\"752\" height=\"1000\" srcset=\"https:\/\/www.itakaescolapios.org\/wp-content\/uploads\/2022\/10\/WhatsApp-Image-2022-10-27-at-11.11.10-AM.jpeg 752w, https:\/\/www.itakaescolapios.org\/wp-content\/uploads\/2022\/10\/WhatsApp-Image-2022-10-27-at-11.11.10-AM-226x300.jpeg 226w, https:\/\/www.itakaescolapios.org\/wp-content\/uploads\/2022\/10\/WhatsApp-Image-2022-10-27-at-11.11.10-AM-250x332.jpeg 250w\" sizes=\"(max-width: 752px) 100vw, 752px\" \/>[:]<\/p>\n","protected":false},"excerpt":{"rendered":"<p>[:fr]La formation Calasanctienne \u00e0 nos enseignants est un aspect tr\u00e8s important tout comme le recyclage de ces derniers \u00e9voqu\u00e9e lors de la planification de notre calendrier scolaire 2022-2023. Ainsi, la [&hellip;]<\/p>\n","protected":false},"author":15,"featured_media":37777,"comment_status":"closed","ping_status":"closed","sticky":false,"template":"","format":"standard","meta":{"_et_pb_use_builder":"","_et_pb_old_content":"","_et_gb_content_width":"","footnotes":""},"categories":[53,285],"tags":[],"class_list":["post-37774","post","type-post","status-publish","format-standard","has-post-thumbnail","hentry","category-africa-central","category-gabon"],"yoast_head":"<!-- This site is optimized with the Yoast SEO plugin v27.4 - https:\/\/yoast.com\/product\/yoast-seo-wordpress\/ -->\n<title>- Itaka-Escolapios<\/title>\n<meta name=\"description\" content=\"[:fr]La formation Calasanctienne \u00e0 nos enseignants est un aspect tr\u00e8s important tout comme le recyclage de ces derniers \u00e9voqu\u00e9e lors de la planification de notre calendrier scolaire 2022-2023. Ainsi, la premi\u00e8re \u00e9tape de celle-ci s&#039;articule sur deux axes principaux : Qui est Calasanz et l&#039;Ordre des \u00c9coles Pies. De prime abord, avant m\u00eame de commencer&hellip;\" \/>\n<meta name=\"robots\" content=\"index, follow, max-snippet:-1, max-image-preview:large, max-video-preview:-1\" \/>\n<link rel=\"canonical\" href=\"\" \/>\n<meta property=\"og:locale\" content=\"en_US\" \/>\n<meta property=\"og:type\" content=\"article\" \/>\n<meta property=\"og:title\" content=\"- Itaka-Escolapios\" \/>\n<meta property=\"og:description\" content=\"[:fr]La formation Calasanctienne \u00e0 nos enseignants est un aspect tr\u00e8s important tout comme le recyclage de ces derniers \u00e9voqu\u00e9e lors de la planification de notre calendrier scolaire 2022-2023. Ainsi, la premi\u00e8re \u00e9tape de celle-ci s&#039;articule sur deux axes principaux : Qui est Calasanz et l&#039;Ordre des \u00c9coles Pies. De prime abord, avant m\u00eame de commencer&hellip;\" \/>\n<meta property=\"og:url\" content=\"https:\/\/www.itakaescolapios.org\/eu\/2022\/10\/francais-premiere-partie-de-la-formation-calasanctienne-dispensee-par-le-pere-andre-serge-fouda-directeur-du-complexe-scolaire-calasanz-de-malibe-gabon\/\" \/>\n<meta property=\"og:site_name\" content=\"Itaka-Escolapios\" \/>\n<meta property=\"article:published_time\" content=\"2022-10-28T13:02:15+00:00\" \/>\n<meta property=\"article:modified_time\" content=\"2023-11-28T11:35:40+00:00\" \/>\n<meta property=\"og:image\" content=\"https:\/\/www.itakaescolapios.org\/wp-content\/uploads\/2022\/10\/WhatsApp-Image-2022-10-27-at-11.11.11-AM.jpeg\" \/>\n\t<meta property=\"og:image:width\" content=\"1000\" \/>\n\t<meta property=\"og:image:height\" content=\"752\" \/>\n\t<meta property=\"og:image:type\" content=\"image\/jpeg\" \/>\n<meta name=\"author\" content=\"cameroun01\" \/>\n<meta name=\"twitter:card\" content=\"summary_large_image\" \/>\n<meta name=\"twitter:label1\" content=\"Written by\" \/>\n\t<meta name=\"twitter:data1\" content=\"cameroun01\" \/>\n\t<meta name=\"twitter:label2\" content=\"Est. reading time\" \/>\n\t<meta name=\"twitter:data2\" content=\"2 minutua\" \/>\n<script type=\"application\/ld+json\" class=\"yoast-schema-graph\">{\"@context\":\"https:\\\/\\\/schema.org\",\"@graph\":[{\"@type\":\"Article\",\"@id\":\"https:\\\/\\\/www.itakaescolapios.org\\\/eu\\\/2022\\\/10\\\/francais-premiere-partie-de-la-formation-calasanctienne-dispensee-par-le-pere-andre-serge-fouda-directeur-du-complexe-scolaire-calasanz-de-malibe-gabon\\\/#article\",\"isPartOf\":{\"@id\":\"https:\\\/\\\/www.itakaescolapios.org\\\/eu\\\/2022\\\/10\\\/francais-premiere-partie-de-la-formation-calasanctienne-dispensee-par-le-pere-andre-serge-fouda-directeur-du-complexe-scolaire-calasanz-de-malibe-gabon\\\/\"},\"author\":{\"name\":\"cameroun01\",\"@id\":\"https:\\\/\\\/www.itakaescolapios.org\\\/es\\\/#\\\/schema\\\/person\\\/d2844383e29bfdfef69039672ce14eb1\"},\"headline\":\"No title\",\"datePublished\":\"2022-10-28T13:02:15+00:00\",\"dateModified\":\"2023-11-28T11:35:40+00:00\",\"mainEntityOfPage\":{\"@id\":\"https:\\\/\\\/www.itakaescolapios.org\\\/eu\\\/2022\\\/10\\\/francais-premiere-partie-de-la-formation-calasanctienne-dispensee-par-le-pere-andre-serge-fouda-directeur-du-complexe-scolaire-calasanz-de-malibe-gabon\\\/\"},\"wordCount\":384,\"publisher\":{\"@id\":\"https:\\\/\\\/www.itakaescolapios.org\\\/es\\\/#organization\"},\"image\":{\"@id\":\"https:\\\/\\\/www.itakaescolapios.org\\\/eu\\\/2022\\\/10\\\/francais-premiere-partie-de-la-formation-calasanctienne-dispensee-par-le-pere-andre-serge-fouda-directeur-du-complexe-scolaire-calasanz-de-malibe-gabon\\\/#primaryimage\"},\"thumbnailUrl\":\"https:\\\/\\\/www.itakaescolapios.org\\\/wp-content\\\/uploads\\\/2022\\\/10\\\/WhatsApp-Image-2022-10-27-at-11.11.11-AM.jpeg\",\"articleSection\":[\"Erdialdeko Afrika\",\"Gab\u00f3n\"],\"inLanguage\":\"eu\"},{\"@type\":\"WebPage\",\"@id\":\"https:\\\/\\\/www.itakaescolapios.org\\\/eu\\\/2022\\\/10\\\/francais-premiere-partie-de-la-formation-calasanctienne-dispensee-par-le-pere-andre-serge-fouda-directeur-du-complexe-scolaire-calasanz-de-malibe-gabon\\\/\",\"url\":\"https:\\\/\\\/www.itakaescolapios.org\\\/eu\\\/2022\\\/10\\\/francais-premiere-partie-de-la-formation-calasanctienne-dispensee-par-le-pere-andre-serge-fouda-directeur-du-complexe-scolaire-calasanz-de-malibe-gabon\\\/\",\"name\":\"- Itaka-Escolapios\",\"isPartOf\":{\"@id\":\"https:\\\/\\\/www.itakaescolapios.org\\\/es\\\/#website\"},\"primaryImageOfPage\":{\"@id\":\"https:\\\/\\\/www.itakaescolapios.org\\\/eu\\\/2022\\\/10\\\/francais-premiere-partie-de-la-formation-calasanctienne-dispensee-par-le-pere-andre-serge-fouda-directeur-du-complexe-scolaire-calasanz-de-malibe-gabon\\\/#primaryimage\"},\"image\":{\"@id\":\"https:\\\/\\\/www.itakaescolapios.org\\\/eu\\\/2022\\\/10\\\/francais-premiere-partie-de-la-formation-calasanctienne-dispensee-par-le-pere-andre-serge-fouda-directeur-du-complexe-scolaire-calasanz-de-malibe-gabon\\\/#primaryimage\"},\"thumbnailUrl\":\"https:\\\/\\\/www.itakaescolapios.org\\\/wp-content\\\/uploads\\\/2022\\\/10\\\/WhatsApp-Image-2022-10-27-at-11.11.11-AM.jpeg\",\"datePublished\":\"2022-10-28T13:02:15+00:00\",\"dateModified\":\"2023-11-28T11:35:40+00:00\",\"inLanguage\":\"eu\",\"potentialAction\":[{\"@type\":\"ReadAction\",\"target\":[\"https:\\\/\\\/www.itakaescolapios.org\\\/eu\\\/2022\\\/10\\\/francais-premiere-partie-de-la-formation-calasanctienne-dispensee-par-le-pere-andre-serge-fouda-directeur-du-complexe-scolaire-calasanz-de-malibe-gabon\\\/\"]}]},{\"@type\":\"ImageObject\",\"inLanguage\":\"eu\",\"@id\":\"https:\\\/\\\/www.itakaescolapios.org\\\/eu\\\/2022\\\/10\\\/francais-premiere-partie-de-la-formation-calasanctienne-dispensee-par-le-pere-andre-serge-fouda-directeur-du-complexe-scolaire-calasanz-de-malibe-gabon\\\/#primaryimage\",\"url\":\"https:\\\/\\\/www.itakaescolapios.org\\\/wp-content\\\/uploads\\\/2022\\\/10\\\/WhatsApp-Image-2022-10-27-at-11.11.11-AM.jpeg\",\"contentUrl\":\"https:\\\/\\\/www.itakaescolapios.org\\\/wp-content\\\/uploads\\\/2022\\\/10\\\/WhatsApp-Image-2022-10-27-at-11.11.11-AM.jpeg\",\"width\":1000,\"height\":752},{\"@type\":\"WebSite\",\"@id\":\"https:\\\/\\\/www.itakaescolapios.org\\\/eu\\\/es\\\/#website\",\"url\":\"https:\\\/\\\/www.itakaescolapios.org\\\/eu\\\/es\\\/\",\"name\":\"Itaka-Escolapios\",\"description\":\"Red de Itaka-Escolapios\",\"publisher\":{\"@id\":\"https:\\\/\\\/www.itakaescolapios.org\\\/eu\\\/es\\\/#organization\"},\"potentialAction\":[{\"@type\":\"SearchAction\",\"target\":{\"@type\":\"EntryPoint\",\"urlTemplate\":\"https:\\\/\\\/www.itakaescolapios.org\\\/eu\\\/es\\\/?s={search_term_string}\"},\"query-input\":{\"@type\":\"PropertyValueSpecification\",\"valueRequired\":true,\"valueName\":\"search_term_string\"}}],\"inLanguage\":\"eu\"},{\"@type\":\"Organization\",\"@id\":\"https:\\\/\\\/www.itakaescolapios.org\\\/eu\\\/es\\\/#organization\",\"name\":\"Fundaci\u00f3 Itaka-Escolapios\",\"url\":\"https:\\\/\\\/www.itakaescolapios.org\\\/eu\\\/es\\\/\",\"logo\":{\"@type\":\"ImageObject\",\"inLanguage\":\"eu\",\"@id\":\"https:\\\/\\\/www.itakaescolapios.org\\\/eu\\\/es\\\/#\\\/schema\\\/logo\\\/image\\\/\",\"url\":\"https:\\\/\\\/www.itakaescolapios.org\\\/wp-content\\\/uploads\\\/2024\\\/04\\\/Logo-itakaescolapios-peque.png\",\"contentUrl\":\"https:\\\/\\\/www.itakaescolapios.org\\\/wp-content\\\/uploads\\\/2024\\\/04\\\/Logo-itakaescolapios-peque.png\",\"width\":500,\"height\":199,\"caption\":\"Fundaci\u00f3 Itaka-Escolapios\"},\"image\":{\"@id\":\"https:\\\/\\\/www.itakaescolapios.org\\\/eu\\\/es\\\/#\\\/schema\\\/logo\\\/image\\\/\"}},{\"@type\":\"Person\",\"@id\":\"https:\\\/\\\/www.itakaescolapios.org\\\/es\\\/#\\\/schema\\\/person\\\/d2844383e29bfdfef69039672ce14eb1\",\"name\":\"cameroun01\",\"url\":\"https:\\\/\\\/www.itakaescolapios.org\\\/eu\\\/author\\\/cameroun01\\\/\"}]}<\/script>\n<!-- \/ Yoast SEO plugin. -->","yoast_head_json":{"title":"- Itaka-Escolapios","description":"[:fr]La formation Calasanctienne \u00e0 nos enseignants est un aspect tr\u00e8s important tout comme le recyclage de ces derniers \u00e9voqu\u00e9e lors de la planification de notre calendrier scolaire 2022-2023. Ainsi, la premi\u00e8re \u00e9tape de celle-ci s'articule sur deux axes principaux : Qui est Calasanz et l'Ordre des \u00c9coles Pies. De prime abord, avant m\u00eame de commencer&hellip;","robots":{"index":"index","follow":"follow","max-snippet":"max-snippet:-1","max-image-preview":"max-image-preview:large","max-video-preview":"max-video-preview:-1"},"canonical":"[:fr]La formation Calasanctienne \u00e0 nos enseignants est un aspect tr\u00e8s important tout comme le recyclage de ces derniers \u00e9voqu\u00e9e lors de la planification de notre calendrier scolaire 2022-2023. Ainsi, la premi\u00e8re \u00e9tape de celle-ci s'articule sur deux axes principaux : Qui est Calasanz et l'Ordre des \u00c9coles Pies. De prime abord, avant m\u00eame de commencer&hellip;","og_locale":"en_US","og_type":"article","og_title":"- Itaka-Escolapios","og_description":"[:fr]La formation Calasanctienne \u00e0 nos enseignants est un aspect tr\u00e8s important tout comme le recyclage de ces derniers \u00e9voqu\u00e9e lors de la planification de notre calendrier scolaire 2022-2023. Ainsi, la premi\u00e8re \u00e9tape de celle-ci s'articule sur deux axes principaux : Qui est Calasanz et l'Ordre des \u00c9coles Pies. De prime abord, avant m\u00eame de commencer&hellip;","og_url":"https:\/\/www.itakaescolapios.org\/eu\/2022\/10\/francais-premiere-partie-de-la-formation-calasanctienne-dispensee-par-le-pere-andre-serge-fouda-directeur-du-complexe-scolaire-calasanz-de-malibe-gabon\/","og_site_name":"Itaka-Escolapios","article_published_time":"2022-10-28T13:02:15+00:00","article_modified_time":"2023-11-28T11:35:40+00:00","og_image":[{"width":1000,"height":752,"url":"https:\/\/www.itakaescolapios.org\/wp-content\/uploads\/2022\/10\/WhatsApp-Image-2022-10-27-at-11.11.11-AM.jpeg","type":"image\/jpeg"}],"author":"cameroun01","twitter_card":"summary_large_image","twitter_misc":{"Written by":"cameroun01","Est. reading time":"2 minutua"},"schema":{"@context":"https:\/\/schema.org","@graph":[{"@type":"Article","@id":"https:\/\/www.itakaescolapios.org\/eu\/2022\/10\/francais-premiere-partie-de-la-formation-calasanctienne-dispensee-par-le-pere-andre-serge-fouda-directeur-du-complexe-scolaire-calasanz-de-malibe-gabon\/#article","isPartOf":{"@id":"https:\/\/www.itakaescolapios.org\/eu\/2022\/10\/francais-premiere-partie-de-la-formation-calasanctienne-dispensee-par-le-pere-andre-serge-fouda-directeur-du-complexe-scolaire-calasanz-de-malibe-gabon\/"},"author":{"name":"cameroun01","@id":"https:\/\/www.itakaescolapios.org\/es\/#\/schema\/person\/d2844383e29bfdfef69039672ce14eb1"},"headline":"No title","datePublished":"2022-10-28T13:02:15+00:00","dateModified":"2023-11-28T11:35:40+00:00","mainEntityOfPage":{"@id":"https:\/\/www.itakaescolapios.org\/eu\/2022\/10\/francais-premiere-partie-de-la-formation-calasanctienne-dispensee-par-le-pere-andre-serge-fouda-directeur-du-complexe-scolaire-calasanz-de-malibe-gabon\/"},"wordCount":384,"publisher":{"@id":"https:\/\/www.itakaescolapios.org\/es\/#organization"},"image":{"@id":"https:\/\/www.itakaescolapios.org\/eu\/2022\/10\/francais-premiere-partie-de-la-formation-calasanctienne-dispensee-par-le-pere-andre-serge-fouda-directeur-du-complexe-scolaire-calasanz-de-malibe-gabon\/#primaryimage"},"thumbnailUrl":"https:\/\/www.itakaescolapios.org\/wp-content\/uploads\/2022\/10\/WhatsApp-Image-2022-10-27-at-11.11.11-AM.jpeg","articleSection":["Erdialdeko Afrika","Gab\u00f3n"],"inLanguage":"eu"},{"@type":"WebPage","@id":"https:\/\/www.itakaescolapios.org\/eu\/2022\/10\/francais-premiere-partie-de-la-formation-calasanctienne-dispensee-par-le-pere-andre-serge-fouda-directeur-du-complexe-scolaire-calasanz-de-malibe-gabon\/","url":"https:\/\/www.itakaescolapios.org\/eu\/2022\/10\/francais-premiere-partie-de-la-formation-calasanctienne-dispensee-par-le-pere-andre-serge-fouda-directeur-du-complexe-scolaire-calasanz-de-malibe-gabon\/","name":"- Itaka-Escolapios","isPartOf":{"@id":"https:\/\/www.itakaescolapios.org\/es\/#website"},"primaryImageOfPage":{"@id":"https:\/\/www.itakaescolapios.org\/eu\/2022\/10\/francais-premiere-partie-de-la-formation-calasanctienne-dispensee-par-le-pere-andre-serge-fouda-directeur-du-complexe-scolaire-calasanz-de-malibe-gabon\/#primaryimage"},"image":{"@id":"https:\/\/www.itakaescolapios.org\/eu\/2022\/10\/francais-premiere-partie-de-la-formation-calasanctienne-dispensee-par-le-pere-andre-serge-fouda-directeur-du-complexe-scolaire-calasanz-de-malibe-gabon\/#primaryimage"},"thumbnailUrl":"https:\/\/www.itakaescolapios.org\/wp-content\/uploads\/2022\/10\/WhatsApp-Image-2022-10-27-at-11.11.11-AM.jpeg","datePublished":"2022-10-28T13:02:15+00:00","dateModified":"2023-11-28T11:35:40+00:00","inLanguage":"eu","potentialAction":[{"@type":"ReadAction","target":["https:\/\/www.itakaescolapios.org\/eu\/2022\/10\/francais-premiere-partie-de-la-formation-calasanctienne-dispensee-par-le-pere-andre-serge-fouda-directeur-du-complexe-scolaire-calasanz-de-malibe-gabon\/"]}]},{"@type":"ImageObject","inLanguage":"eu","@id":"https:\/\/www.itakaescolapios.org\/eu\/2022\/10\/francais-premiere-partie-de-la-formation-calasanctienne-dispensee-par-le-pere-andre-serge-fouda-directeur-du-complexe-scolaire-calasanz-de-malibe-gabon\/#primaryimage","url":"https:\/\/www.itakaescolapios.org\/wp-content\/uploads\/2022\/10\/WhatsApp-Image-2022-10-27-at-11.11.11-AM.jpeg","contentUrl":"https:\/\/www.itakaescolapios.org\/wp-content\/uploads\/2022\/10\/WhatsApp-Image-2022-10-27-at-11.11.11-AM.jpeg","width":1000,"height":752},{"@type":"WebSite","@id":"https:\/\/www.itakaescolapios.org\/eu\/es\/#website","url":"https:\/\/www.itakaescolapios.org\/eu\/es\/","name":"Itaka-Escolapios","description":"Red de Itaka-Escolapios","publisher":{"@id":"https:\/\/www.itakaescolapios.org\/eu\/es\/#organization"},"potentialAction":[{"@type":"SearchAction","target":{"@type":"EntryPoint","urlTemplate":"https:\/\/www.itakaescolapios.org\/eu\/es\/?s={search_term_string}"},"query-input":{"@type":"PropertyValueSpecification","valueRequired":true,"valueName":"search_term_string"}}],"inLanguage":"eu"},{"@type":"Organization","@id":"https:\/\/www.itakaescolapios.org\/eu\/es\/#organization","name":"Fundaci\u00f3 Itaka-Escolapios","url":"https:\/\/www.itakaescolapios.org\/eu\/es\/","logo":{"@type":"ImageObject","inLanguage":"eu","@id":"https:\/\/www.itakaescolapios.org\/eu\/es\/#\/schema\/logo\/image\/","url":"https:\/\/www.itakaescolapios.org\/wp-content\/uploads\/2024\/04\/Logo-itakaescolapios-peque.png","contentUrl":"https:\/\/www.itakaescolapios.org\/wp-content\/uploads\/2024\/04\/Logo-itakaescolapios-peque.png","width":500,"height":199,"caption":"Fundaci\u00f3 Itaka-Escolapios"},"image":{"@id":"https:\/\/www.itakaescolapios.org\/eu\/es\/#\/schema\/logo\/image\/"}},{"@type":"Person","@id":"https:\/\/www.itakaescolapios.org\/es\/#\/schema\/person\/d2844383e29bfdfef69039672ce14eb1","name":"cameroun01","url":"https:\/\/www.itakaescolapios.org\/eu\/author\/cameroun01\/"}]}},"_links":{"self":[{"href":"https:\/\/www.itakaescolapios.org\/eu\/wp-json\/wp\/v2\/posts\/37774","targetHints":{"allow":["GET"]}}],"collection":[{"href":"https:\/\/www.itakaescolapios.org\/eu\/wp-json\/wp\/v2\/posts"}],"about":[{"href":"https:\/\/www.itakaescolapios.org\/eu\/wp-json\/wp\/v2\/types\/post"}],"author":[{"embeddable":true,"href":"https:\/\/www.itakaescolapios.org\/eu\/wp-json\/wp\/v2\/users\/15"}],"replies":[{"embeddable":true,"href":"https:\/\/www.itakaescolapios.org\/eu\/wp-json\/wp\/v2\/comments?post=37774"}],"version-history":[{"count":2,"href":"https:\/\/www.itakaescolapios.org\/eu\/wp-json\/wp\/v2\/posts\/37774\/revisions"}],"predecessor-version":[{"id":43787,"href":"https:\/\/www.itakaescolapios.org\/eu\/wp-json\/wp\/v2\/posts\/37774\/revisions\/43787"}],"wp:featuredmedia":[{"embeddable":true,"href":"https:\/\/www.itakaescolapios.org\/eu\/wp-json\/wp\/v2\/media\/37777"}],"wp:attachment":[{"href":"https:\/\/www.itakaescolapios.org\/eu\/wp-json\/wp\/v2\/media?parent=37774"}],"wp:term":[{"taxonomy":"category","embeddable":true,"href":"https:\/\/www.itakaescolapios.org\/eu\/wp-json\/wp\/v2\/categories?post=37774"},{"taxonomy":"post_tag","embeddable":true,"href":"https:\/\/www.itakaescolapios.org\/eu\/wp-json\/wp\/v2\/tags?post=37774"}],"curies":[{"name":"wp","href":"https:\/\/api.w.org\/{rel}","templated":true}]}}