{"id":37781,"date":"2022-10-28T15:31:25","date_gmt":"2022-10-28T14:31:25","guid":{"rendered":"https:\/\/www.itakaescolapios.org\/?p=37781"},"modified":"2023-11-28T12:35:40","modified_gmt":"2023-11-28T11:35:40","slug":"colaboracion-de-ibercaja-con-los-proyectos-de-la-red-en-mozambique","status":"publish","type":"post","link":"https:\/\/www.itakaescolapios.org\/eu\/2022\/10\/colaboracion-de-ibercaja-con-los-proyectos-de-la-red-en-mozambique\/","title":{"rendered":"COLABORACI\u00d3N DE IBERCAJA CON LOS PROYECTOS DE ITAKA-ESCOLAPIOS MOZAMBIQUE"},"content":{"rendered":"<p>El pasado mi\u00e9rcoles 26 Jes\u00fas Mar\u00edn como representante del equipo de gesti\u00f3n de proyectos de la red, particip\u00f3 en el acto de firma de convenios de proyectos de Cooperaci\u00f3n Internacional de la Fundaci\u00f3n Ibercaja. Esta vez Ibercaja se suma a las entidades que colaboran con la misi\u00f3n de Itaka-Escolapios Ema\u00fas en Mozambique.<\/p>\n<p>Agradecemos a Ibercaja su colaboraci\u00f3n y su apuesta, nuevamente, por los proyectos de Itaka-Escolapios<\/p>\n<p><a href=\"https:\/\/www.itakaescolapios.org\/2022\/10\/colaboracion-de-ibercaja-con-los-proyectos-de-la-red-en-mozambique\/_11a5834\/\" rel=\"attachment wp-att-37782\"><img decoding=\"async\" class=\"alignleft wp-image-37782\" src=\"https:\/\/www.itakaescolapios.org\/wp-content\/uploads\/2022\/10\/11A5834-1024x683.jpg\" alt=\"\" width=\"383\" height=\"256\" srcset=\"https:\/\/www.itakaescolapios.org\/wp-content\/uploads\/2022\/10\/11A5834-1024x683.jpg 1024w, https:\/\/www.itakaescolapios.org\/wp-content\/uploads\/2022\/10\/11A5834-300x200.jpg 300w, https:\/\/www.itakaescolapios.org\/wp-content\/uploads\/2022\/10\/11A5834-768x512.jpg 768w, https:\/\/www.itakaescolapios.org\/wp-content\/uploads\/2022\/10\/11A5834-1536x1024.jpg 1536w, https:\/\/www.itakaescolapios.org\/wp-content\/uploads\/2022\/10\/11A5834-2048x1365.jpg 2048w, https:\/\/www.itakaescolapios.org\/wp-content\/uploads\/2022\/10\/11A5834-250x167.jpg 250w, https:\/\/www.itakaescolapios.org\/wp-content\/uploads\/2022\/10\/11A5834-1080x720.jpg 1080w, https:\/\/www.itakaescolapios.org\/wp-content\/uploads\/2022\/10\/11A5834-scaled.jpg 2000w\" sizes=\"(max-width: 383px) 100vw, 383px\" \/><\/a><\/p>\n","protected":false},"excerpt":{"rendered":"<p>El pasado mi\u00e9rcoles 26 Jes\u00fas Mar\u00edn como representante del equipo de gesti\u00f3n de proyectos de la red, particip\u00f3 en el acto de firma de convenios de proyectos de Cooperaci\u00f3n Internacional [&hellip;]<\/p>\n","protected":false},"author":4,"featured_media":37783,"comment_status":"closed","ping_status":"closed","sticky":false,"template":"","format":"standard","meta":{"_et_pb_use_builder":"","_et_pb_old_content":"","_et_gb_content_width":"","footnotes":""},"categories":[30],"tags":[],"class_list":["post-37781","post","type-post","status-publish","format-standard","has-post-thumbnail","hentry","category-itaka-escolapios"],"yoast_head":"<!-- This site is optimized with the Yoast SEO plugin v27.4 - https:\/\/yoast.com\/product\/yoast-seo-wordpress\/ -->\n<title>COLABORACI\u00d3N DE IBERCAJA CON LOS PROYECTOS DE ITAKA-ESCOLAPIOS MOZAMBIQUE<\/title>\n<meta name=\"description\" content=\"El pasado mi\u00e9rcoles 26 Jes\u00fas Mar\u00edn como representante del equipo de gesti\u00f3n de proyectos de la red, particip\u00f3 en el acto de firma de convenios de proyectos de Cooperaci\u00f3n Internacional de la Fundaci\u00f3n Ibercaja. Esta vez Ibercaja se suma a las entidades que colaboran con la misi\u00f3n de Itaka-Escolapios Ema\u00fas en Mozambique. Agradecemos a Ibercaja&hellip;\" \/>\n<meta name=\"robots\" content=\"index, follow, max-snippet:-1, max-image-preview:large, max-video-preview:-1\" \/>\n<link rel=\"canonical\" href=\"http:\/\/El%20pasado%20mi\u00e9rcoles%2026%20Jes\u00fas%20Mar\u00edn%20como%20representante%20del%20equipo%20de%20gesti\u00f3n%20de%20proyectos%20de%20la%20red,%20particip\u00f3%20en%20el%20acto%20de%20firma%20de%20convenios%20de%20proyectos%20de%20Cooperaci\u00f3n%20Internacional%20de%20la%20Fundaci\u00f3n%20Ibercaja.%20Esta%20vez%20Ibercaja%20se%20suma%20a%20las%20entidades%20que%20colaboran%20con%20la%20misi\u00f3n%20de%20Itaka-Escolapios%20Ema\u00fas%20en%20Mozambique.%20Agradecemos%20a%20Ibercaja&hellip;\" \/>\n<meta property=\"og:locale\" content=\"en_US\" \/>\n<meta property=\"og:type\" content=\"article\" \/>\n<meta property=\"og:title\" content=\"COLABORACI\u00d3N DE IBERCAJA CON LOS PROYECTOS DE ITAKA-ESCOLAPIOS MOZAMBIQUE\" \/>\n<meta property=\"og:description\" content=\"El pasado mi\u00e9rcoles 26 Jes\u00fas Mar\u00edn como representante del equipo de gesti\u00f3n de proyectos de la red, particip\u00f3 en el acto de firma de convenios de proyectos de Cooperaci\u00f3n Internacional de la Fundaci\u00f3n Ibercaja. Esta vez Ibercaja se suma a las entidades que colaboran con la misi\u00f3n de Itaka-Escolapios Ema\u00fas en Mozambique. Agradecemos a Ibercaja&hellip;\" \/>\n<meta property=\"og:url\" content=\"https:\/\/www.itakaescolapios.org\/eu\/2022\/10\/colaboracion-de-ibercaja-con-los-proyectos-de-la-red-en-mozambique\/\" \/>\n<meta property=\"og:site_name\" content=\"Itaka-Escolapios\" \/>\n<meta property=\"article:published_time\" content=\"2022-10-28T14:31:25+00:00\" \/>\n<meta property=\"article:modified_time\" content=\"2023-11-28T11:35:40+00:00\" \/>\n<meta property=\"og:image\" content=\"https:\/\/www.itakaescolapios.org\/wp-content\/uploads\/2022\/10\/11A5716-scaled.jpg\" \/>\n\t<meta property=\"og:image:width\" content=\"2000\" \/>\n\t<meta property=\"og:image:height\" content=\"1334\" \/>\n\t<meta property=\"og:image:type\" content=\"image\/jpeg\" \/>\n<meta name=\"author\" content=\"itaka\" \/>\n<meta name=\"twitter:card\" content=\"summary_large_image\" \/>\n<meta name=\"twitter:label1\" content=\"Written by\" \/>\n\t<meta name=\"twitter:data1\" content=\"itaka\" \/>\n<script type=\"application\/ld+json\" class=\"yoast-schema-graph\">{\"@context\":\"https:\\\/\\\/schema.org\",\"@graph\":[{\"@type\":\"Article\",\"@id\":\"https:\\\/\\\/www.itakaescolapios.org\\\/eu\\\/2022\\\/10\\\/colaboracion-de-ibercaja-con-los-proyectos-de-la-red-en-mozambique\\\/#article\",\"isPartOf\":{\"@id\":\"https:\\\/\\\/www.itakaescolapios.org\\\/eu\\\/2022\\\/10\\\/colaboracion-de-ibercaja-con-los-proyectos-de-la-red-en-mozambique\\\/\"},\"author\":{\"name\":\"itaka\",\"@id\":\"https:\\\/\\\/www.itakaescolapios.org\\\/es\\\/#\\\/schema\\\/person\\\/670123daeb1cc31cae1b106740036ccb\"},\"headline\":\"COLABORACI\u00d3N DE IBERCAJA CON LOS PROYECTOS DE ITAKA-ESCOLAPIOS MOZAMBIQUE\",\"datePublished\":\"2022-10-28T14:31:25+00:00\",\"dateModified\":\"2023-11-28T11:35:40+00:00\",\"mainEntityOfPage\":{\"@id\":\"https:\\\/\\\/www.itakaescolapios.org\\\/eu\\\/2022\\\/10\\\/colaboracion-de-ibercaja-con-los-proyectos-de-la-red-en-mozambique\\\/\"},\"wordCount\":84,\"publisher\":{\"@id\":\"https:\\\/\\\/www.itakaescolapios.org\\\/es\\\/#organization\"},\"image\":{\"@id\":\"https:\\\/\\\/www.itakaescolapios.org\\\/eu\\\/2022\\\/10\\\/colaboracion-de-ibercaja-con-los-proyectos-de-la-red-en-mozambique\\\/#primaryimage\"},\"thumbnailUrl\":\"https:\\\/\\\/www.itakaescolapios.org\\\/wp-content\\\/uploads\\\/2022\\\/10\\\/11A5716-scaled.jpg\",\"articleSection\":[\"Itaka Escolapios\"],\"inLanguage\":\"eu\"},{\"@type\":\"WebPage\",\"@id\":\"https:\\\/\\\/www.itakaescolapios.org\\\/eu\\\/2022\\\/10\\\/colaboracion-de-ibercaja-con-los-proyectos-de-la-red-en-mozambique\\\/\",\"url\":\"https:\\\/\\\/www.itakaescolapios.org\\\/eu\\\/2022\\\/10\\\/colaboracion-de-ibercaja-con-los-proyectos-de-la-red-en-mozambique\\\/\",\"name\":\"COLABORACI\u00d3N DE IBERCAJA CON LOS PROYECTOS DE ITAKA-ESCOLAPIOS MOZAMBIQUE - Itaka-Escolapios\",\"isPartOf\":{\"@id\":\"https:\\\/\\\/www.itakaescolapios.org\\\/es\\\/#website\"},\"primaryImageOfPage\":{\"@id\":\"https:\\\/\\\/www.itakaescolapios.org\\\/eu\\\/2022\\\/10\\\/colaboracion-de-ibercaja-con-los-proyectos-de-la-red-en-mozambique\\\/#primaryimage\"},\"image\":{\"@id\":\"https:\\\/\\\/www.itakaescolapios.org\\\/eu\\\/2022\\\/10\\\/colaboracion-de-ibercaja-con-los-proyectos-de-la-red-en-mozambique\\\/#primaryimage\"},\"thumbnailUrl\":\"https:\\\/\\\/www.itakaescolapios.org\\\/wp-content\\\/uploads\\\/2022\\\/10\\\/11A5716-scaled.jpg\",\"datePublished\":\"2022-10-28T14:31:25+00:00\",\"dateModified\":\"2023-11-28T11:35:40+00:00\",\"breadcrumb\":{\"@id\":\"https:\\\/\\\/www.itakaescolapios.org\\\/eu\\\/2022\\\/10\\\/colaboracion-de-ibercaja-con-los-proyectos-de-la-red-en-mozambique\\\/#breadcrumb\"},\"inLanguage\":\"eu\",\"potentialAction\":[{\"@type\":\"ReadAction\",\"target\":[\"https:\\\/\\\/www.itakaescolapios.org\\\/eu\\\/2022\\\/10\\\/colaboracion-de-ibercaja-con-los-proyectos-de-la-red-en-mozambique\\\/\"]}]},{\"@type\":\"ImageObject\",\"inLanguage\":\"eu\",\"@id\":\"https:\\\/\\\/www.itakaescolapios.org\\\/eu\\\/2022\\\/10\\\/colaboracion-de-ibercaja-con-los-proyectos-de-la-red-en-mozambique\\\/#primaryimage\",\"url\":\"https:\\\/\\\/www.itakaescolapios.org\\\/wp-content\\\/uploads\\\/2022\\\/10\\\/11A5716-scaled.jpg\",\"contentUrl\":\"https:\\\/\\\/www.itakaescolapios.org\\\/wp-content\\\/uploads\\\/2022\\\/10\\\/11A5716-scaled.jpg\",\"width\":2000,\"height\":1334},{\"@type\":\"BreadcrumbList\",\"@id\":\"https:\\\/\\\/www.itakaescolapios.org\\\/eu\\\/2022\\\/10\\\/colaboracion-de-ibercaja-con-los-proyectos-de-la-red-en-mozambique\\\/#breadcrumb\",\"itemListElement\":[{\"@type\":\"ListItem\",\"position\":1,\"name\":\"Itaka-Escolapios\",\"item\":\"https:\\\/\\\/www.itakaescolapios.org\\\/es\\\/\"},{\"@type\":\"ListItem\",\"position\":2,\"name\":\"COLABORACI\u00d3N DE IBERCAJA CON LOS PROYECTOS DE ITAKA-ESCOLAPIOS MOZAMBIQUE\"}]},{\"@type\":\"WebSite\",\"@id\":\"https:\\\/\\\/www.itakaescolapios.org\\\/eu\\\/es\\\/#website\",\"url\":\"https:\\\/\\\/www.itakaescolapios.org\\\/eu\\\/es\\\/\",\"name\":\"Itaka-Escolapios\",\"description\":\"Red de Itaka-Escolapios\",\"publisher\":{\"@id\":\"https:\\\/\\\/www.itakaescolapios.org\\\/eu\\\/es\\\/#organization\"},\"potentialAction\":[{\"@type\":\"SearchAction\",\"target\":{\"@type\":\"EntryPoint\",\"urlTemplate\":\"https:\\\/\\\/www.itakaescolapios.org\\\/eu\\\/es\\\/?s={search_term_string}\"},\"query-input\":{\"@type\":\"PropertyValueSpecification\",\"valueRequired\":true,\"valueName\":\"search_term_string\"}}],\"inLanguage\":\"eu\"},{\"@type\":\"Organization\",\"@id\":\"https:\\\/\\\/www.itakaescolapios.org\\\/eu\\\/es\\\/#organization\",\"name\":\"Fundaci\u00f3 Itaka-Escolapios\",\"url\":\"https:\\\/\\\/www.itakaescolapios.org\\\/eu\\\/es\\\/\",\"logo\":{\"@type\":\"ImageObject\",\"inLanguage\":\"eu\",\"@id\":\"https:\\\/\\\/www.itakaescolapios.org\\\/eu\\\/es\\\/#\\\/schema\\\/logo\\\/image\\\/\",\"url\":\"https:\\\/\\\/www.itakaescolapios.org\\\/wp-content\\\/uploads\\\/2024\\\/04\\\/Logo-itakaescolapios-peque.png\",\"contentUrl\":\"https:\\\/\\\/www.itakaescolapios.org\\\/wp-content\\\/uploads\\\/2024\\\/04\\\/Logo-itakaescolapios-peque.png\",\"width\":500,\"height\":199,\"caption\":\"Fundaci\u00f3 Itaka-Escolapios\"},\"image\":{\"@id\":\"https:\\\/\\\/www.itakaescolapios.org\\\/eu\\\/es\\\/#\\\/schema\\\/logo\\\/image\\\/\"}},{\"@type\":\"Person\",\"@id\":\"https:\\\/\\\/www.itakaescolapios.org\\\/es\\\/#\\\/schema\\\/person\\\/670123daeb1cc31cae1b106740036ccb\",\"name\":\"itaka\",\"url\":\"https:\\\/\\\/www.itakaescolapios.org\\\/eu\\\/author\\\/itaka\\\/\"}]}<\/script>\n<!-- \/ Yoast SEO plugin. -->","yoast_head_json":{"title":"COLABORACI\u00d3N DE IBERCAJA CON LOS PROYECTOS DE ITAKA-ESCOLAPIOS MOZAMBIQUE","description":"El pasado mi\u00e9rcoles 26 Jes\u00fas Mar\u00edn como representante del equipo de gesti\u00f3n de proyectos de la red, particip\u00f3 en el acto de firma de convenios de proyectos de Cooperaci\u00f3n Internacional de la Fundaci\u00f3n Ibercaja. Esta vez Ibercaja se suma a las entidades que colaboran con la misi\u00f3n de Itaka-Escolapios Ema\u00fas en Mozambique. Agradecemos a Ibercaja&hellip;","robots":{"index":"index","follow":"follow","max-snippet":"max-snippet:-1","max-image-preview":"max-image-preview:large","max-video-preview":"max-video-preview:-1"},"canonical":"El pasado mi\u00e9rcoles 26 Jes\u00fas Mar\u00edn como representante del equipo de gesti\u00f3n de proyectos de la red, particip\u00f3 en el acto de firma de convenios de proyectos de Cooperaci\u00f3n Internacional de la Fundaci\u00f3n Ibercaja. Esta vez Ibercaja se suma a las entidades que colaboran con la misi\u00f3n de Itaka-Escolapios Ema\u00fas en Mozambique. Agradecemos a Ibercaja&hellip;","og_locale":"en_US","og_type":"article","og_title":"COLABORACI\u00d3N DE IBERCAJA CON LOS PROYECTOS DE ITAKA-ESCOLAPIOS MOZAMBIQUE","og_description":"El pasado mi\u00e9rcoles 26 Jes\u00fas Mar\u00edn como representante del equipo de gesti\u00f3n de proyectos de la red, particip\u00f3 en el acto de firma de convenios de proyectos de Cooperaci\u00f3n Internacional de la Fundaci\u00f3n Ibercaja. Esta vez Ibercaja se suma a las entidades que colaboran con la misi\u00f3n de Itaka-Escolapios Ema\u00fas en Mozambique. Agradecemos a Ibercaja&hellip;","og_url":"https:\/\/www.itakaescolapios.org\/eu\/2022\/10\/colaboracion-de-ibercaja-con-los-proyectos-de-la-red-en-mozambique\/","og_site_name":"Itaka-Escolapios","article_published_time":"2022-10-28T14:31:25+00:00","article_modified_time":"2023-11-28T11:35:40+00:00","og_image":[{"width":2000,"height":1334,"url":"https:\/\/www.itakaescolapios.org\/wp-content\/uploads\/2022\/10\/11A5716-scaled.jpg","type":"image\/jpeg"}],"author":"itaka","twitter_card":"summary_large_image","twitter_misc":{"Written by":"itaka"},"schema":{"@context":"https:\/\/schema.org","@graph":[{"@type":"Article","@id":"https:\/\/www.itakaescolapios.org\/eu\/2022\/10\/colaboracion-de-ibercaja-con-los-proyectos-de-la-red-en-mozambique\/#article","isPartOf":{"@id":"https:\/\/www.itakaescolapios.org\/eu\/2022\/10\/colaboracion-de-ibercaja-con-los-proyectos-de-la-red-en-mozambique\/"},"author":{"name":"itaka","@id":"https:\/\/www.itakaescolapios.org\/es\/#\/schema\/person\/670123daeb1cc31cae1b106740036ccb"},"headline":"COLABORACI\u00d3N DE IBERCAJA CON LOS PROYECTOS DE ITAKA-ESCOLAPIOS MOZAMBIQUE","datePublished":"2022-10-28T14:31:25+00:00","dateModified":"2023-11-28T11:35:40+00:00","mainEntityOfPage":{"@id":"https:\/\/www.itakaescolapios.org\/eu\/2022\/10\/colaboracion-de-ibercaja-con-los-proyectos-de-la-red-en-mozambique\/"},"wordCount":84,"publisher":{"@id":"https:\/\/www.itakaescolapios.org\/es\/#organization"},"image":{"@id":"https:\/\/www.itakaescolapios.org\/eu\/2022\/10\/colaboracion-de-ibercaja-con-los-proyectos-de-la-red-en-mozambique\/#primaryimage"},"thumbnailUrl":"https:\/\/www.itakaescolapios.org\/wp-content\/uploads\/2022\/10\/11A5716-scaled.jpg","articleSection":["Itaka Escolapios"],"inLanguage":"eu"},{"@type":"WebPage","@id":"https:\/\/www.itakaescolapios.org\/eu\/2022\/10\/colaboracion-de-ibercaja-con-los-proyectos-de-la-red-en-mozambique\/","url":"https:\/\/www.itakaescolapios.org\/eu\/2022\/10\/colaboracion-de-ibercaja-con-los-proyectos-de-la-red-en-mozambique\/","name":"COLABORACI\u00d3N DE IBERCAJA CON LOS PROYECTOS DE ITAKA-ESCOLAPIOS MOZAMBIQUE - Itaka-Escolapios","isPartOf":{"@id":"https:\/\/www.itakaescolapios.org\/es\/#website"},"primaryImageOfPage":{"@id":"https:\/\/www.itakaescolapios.org\/eu\/2022\/10\/colaboracion-de-ibercaja-con-los-proyectos-de-la-red-en-mozambique\/#primaryimage"},"image":{"@id":"https:\/\/www.itakaescolapios.org\/eu\/2022\/10\/colaboracion-de-ibercaja-con-los-proyectos-de-la-red-en-mozambique\/#primaryimage"},"thumbnailUrl":"https:\/\/www.itakaescolapios.org\/wp-content\/uploads\/2022\/10\/11A5716-scaled.jpg","datePublished":"2022-10-28T14:31:25+00:00","dateModified":"2023-11-28T11:35:40+00:00","breadcrumb":{"@id":"https:\/\/www.itakaescolapios.org\/eu\/2022\/10\/colaboracion-de-ibercaja-con-los-proyectos-de-la-red-en-mozambique\/#breadcrumb"},"inLanguage":"eu","potentialAction":[{"@type":"ReadAction","target":["https:\/\/www.itakaescolapios.org\/eu\/2022\/10\/colaboracion-de-ibercaja-con-los-proyectos-de-la-red-en-mozambique\/"]}]},{"@type":"ImageObject","inLanguage":"eu","@id":"https:\/\/www.itakaescolapios.org\/eu\/2022\/10\/colaboracion-de-ibercaja-con-los-proyectos-de-la-red-en-mozambique\/#primaryimage","url":"https:\/\/www.itakaescolapios.org\/wp-content\/uploads\/2022\/10\/11A5716-scaled.jpg","contentUrl":"https:\/\/www.itakaescolapios.org\/wp-content\/uploads\/2022\/10\/11A5716-scaled.jpg","width":2000,"height":1334},{"@type":"BreadcrumbList","@id":"https:\/\/www.itakaescolapios.org\/eu\/2022\/10\/colaboracion-de-ibercaja-con-los-proyectos-de-la-red-en-mozambique\/#breadcrumb","itemListElement":[{"@type":"ListItem","position":1,"name":"Itaka-Escolapios","item":"https:\/\/www.itakaescolapios.org\/es\/"},{"@type":"ListItem","position":2,"name":"COLABORACI\u00d3N DE IBERCAJA CON LOS PROYECTOS DE ITAKA-ESCOLAPIOS MOZAMBIQUE"}]},{"@type":"WebSite","@id":"https:\/\/www.itakaescolapios.org\/eu\/es\/#website","url":"https:\/\/www.itakaescolapios.org\/eu\/es\/","name":"Itaka-Escolapios","description":"Red de Itaka-Escolapios","publisher":{"@id":"https:\/\/www.itakaescolapios.org\/eu\/es\/#organization"},"potentialAction":[{"@type":"SearchAction","target":{"@type":"EntryPoint","urlTemplate":"https:\/\/www.itakaescolapios.org\/eu\/es\/?s={search_term_string}"},"query-input":{"@type":"PropertyValueSpecification","valueRequired":true,"valueName":"search_term_string"}}],"inLanguage":"eu"},{"@type":"Organization","@id":"https:\/\/www.itakaescolapios.org\/eu\/es\/#organization","name":"Fundaci\u00f3 Itaka-Escolapios","url":"https:\/\/www.itakaescolapios.org\/eu\/es\/","logo":{"@type":"ImageObject","inLanguage":"eu","@id":"https:\/\/www.itakaescolapios.org\/eu\/es\/#\/schema\/logo\/image\/","url":"https:\/\/www.itakaescolapios.org\/wp-content\/uploads\/2024\/04\/Logo-itakaescolapios-peque.png","contentUrl":"https:\/\/www.itakaescolapios.org\/wp-content\/uploads\/2024\/04\/Logo-itakaescolapios-peque.png","width":500,"height":199,"caption":"Fundaci\u00f3 Itaka-Escolapios"},"image":{"@id":"https:\/\/www.itakaescolapios.org\/eu\/es\/#\/schema\/logo\/image\/"}},{"@type":"Person","@id":"https:\/\/www.itakaescolapios.org\/es\/#\/schema\/person\/670123daeb1cc31cae1b106740036ccb","name":"itaka","url":"https:\/\/www.itakaescolapios.org\/eu\/author\/itaka\/"}]}},"_links":{"self":[{"href":"https:\/\/www.itakaescolapios.org\/eu\/wp-json\/wp\/v2\/posts\/37781","targetHints":{"allow":["GET"]}}],"collection":[{"href":"https:\/\/www.itakaescolapios.org\/eu\/wp-json\/wp\/v2\/posts"}],"about":[{"href":"https:\/\/www.itakaescolapios.org\/eu\/wp-json\/wp\/v2\/types\/post"}],"author":[{"embeddable":true,"href":"https:\/\/www.itakaescolapios.org\/eu\/wp-json\/wp\/v2\/users\/4"}],"replies":[{"embeddable":true,"href":"https:\/\/www.itakaescolapios.org\/eu\/wp-json\/wp\/v2\/comments?post=37781"}],"version-history":[{"count":5,"href":"https:\/\/www.itakaescolapios.org\/eu\/wp-json\/wp\/v2\/posts\/37781\/revisions"}],"predecessor-version":[{"id":43786,"href":"https:\/\/www.itakaescolapios.org\/eu\/wp-json\/wp\/v2\/posts\/37781\/revisions\/43786"}],"wp:featuredmedia":[{"embeddable":true,"href":"https:\/\/www.itakaescolapios.org\/eu\/wp-json\/wp\/v2\/media\/37783"}],"wp:attachment":[{"href":"https:\/\/www.itakaescolapios.org\/eu\/wp-json\/wp\/v2\/media?parent=37781"}],"wp:term":[{"taxonomy":"category","embeddable":true,"href":"https:\/\/www.itakaescolapios.org\/eu\/wp-json\/wp\/v2\/categories?post=37781"},{"taxonomy":"post_tag","embeddable":true,"href":"https:\/\/www.itakaescolapios.org\/eu\/wp-json\/wp\/v2\/tags?post=37781"}],"curies":[{"name":"wp","href":"https:\/\/api.w.org\/{rel}","templated":true}]}}