{"id":3785,"date":"2012-10-15T11:12:44","date_gmt":"2012-10-15T10:12:44","guid":{"rendered":"https:\/\/www.itakaescolapios.org\/?p=3785"},"modified":"2023-11-28T12:39:36","modified_gmt":"2023-11-28T11:39:36","slug":"nueva-voluntaria-de-zaragoza-en-menteh-2","status":"publish","type":"post","link":"https:\/\/www.itakaescolapios.org\/eu\/2012\/10\/nueva-voluntaria-de-zaragoza-en-menteh-2\/","title":{"rendered":"Nueva voluntaria de Zaragoza en Menteh."},"content":{"rendered":"<p><span style=\"color: #3366ff\">Marta Faus, Licenciada de Veterinaria de la Universidad de Zaragoza lleg\u00f3 el pasado 28 de septiembre 2012 a Camer\u00fan.<\/span><\/p>\n<p>En el marco del desarrollo del convenio de colaboraci\u00f3n entre el Centro Nazareth de Menteh y la Universidad de Zaragoza, Marta Faus empez\u00f3 unos meses de pr\u00e1cticas en nuestra granja-escuela hasta principios de febrero de 2013. Marta es la duod\u00e9cima voluntaria desde el inicio de esta iniciativa en 2009.<\/p>\n<p><em>Welcome Marta. &#8220;Asha&#8221;.<\/em><\/p>\n","protected":false},"excerpt":{"rendered":"<p>Marta Faus, Licenciada de Veterinaria de la Universidad de Zaragoza lleg\u00f3 el pasado 28 de septiembre 2012 a Camer\u00fan. En el marco del desarrollo del convenio de colaboraci\u00f3n entre el [&hellip;]<\/p>\n","protected":false},"author":16,"featured_media":3786,"comment_status":"closed","ping_status":"closed","sticky":false,"template":"","format":"standard","meta":{"_et_pb_use_builder":"","_et_pb_old_content":"","_et_gb_content_width":"","footnotes":""},"categories":[10],"tags":[],"class_list":["post-3785","post","type-post","status-publish","format-standard","has-post-thumbnail","hentry","category-camerun"],"yoast_head":"<!-- This site is optimized with the Yoast SEO plugin v27.4 - https:\/\/yoast.com\/product\/yoast-seo-wordpress\/ -->\n<title>Nueva voluntaria de Zaragoza en Menteh.<\/title>\n<meta name=\"description\" content=\"Marta Faus, Licenciada de Veterinaria de la Universidad de Zaragoza lleg\u00f3 el pasado 28 de septiembre 2012 a Camer\u00fan. En el marco del desarrollo del convenio de colaboraci\u00f3n entre el Centro Nazareth de Menteh y la Universidad de Zaragoza, Marta Faus empez\u00f3 unos meses de pr\u00e1cticas en nuestra granja-escuela hasta principios de febrero de 2013.&hellip;\" \/>\n<meta name=\"robots\" content=\"index, follow, max-snippet:-1, max-image-preview:large, max-video-preview:-1\" \/>\n<link rel=\"canonical\" href=\"http:\/\/Marta%20Faus,%20Licenciada%20de%20Veterinaria%20de%20la%20Universidad%20de%20Zaragoza%20lleg\u00f3%20el%20pasado%2028%20de%20septiembre%202012%20a%20Camer\u00fan.%20En%20el%20marco%20del%20desarrollo%20del%20convenio%20de%20colaboraci\u00f3n%20entre%20el%20Centro%20Nazareth%20de%20Menteh%20y%20la%20Universidad%20de%20Zaragoza,%20Marta%20Faus%20empez\u00f3%20unos%20meses%20de%20pr\u00e1cticas%20en%20nuestra%20granja-escuela%20hasta%20principios%20de%20febrero%20de%202013.&hellip;\" \/>\n<meta property=\"og:locale\" content=\"en_US\" \/>\n<meta property=\"og:type\" content=\"article\" \/>\n<meta property=\"og:title\" content=\"Nueva voluntaria de Zaragoza en Menteh.\" \/>\n<meta property=\"og:description\" content=\"Marta Faus, Licenciada de Veterinaria de la Universidad de Zaragoza lleg\u00f3 el pasado 28 de septiembre 2012 a Camer\u00fan. En el marco del desarrollo del convenio de colaboraci\u00f3n entre el Centro Nazareth de Menteh y la Universidad de Zaragoza, Marta Faus empez\u00f3 unos meses de pr\u00e1cticas en nuestra granja-escuela hasta principios de febrero de 2013.&hellip;\" \/>\n<meta property=\"og:url\" content=\"https:\/\/www.itakaescolapios.org\/eu\/2012\/10\/nueva-voluntaria-de-zaragoza-en-menteh-2\/\" \/>\n<meta property=\"og:site_name\" content=\"Itaka-Escolapios\" \/>\n<meta property=\"article:published_time\" content=\"2012-10-15T10:12:44+00:00\" \/>\n<meta property=\"article:modified_time\" content=\"2023-11-28T11:39:36+00:00\" \/>\n<meta property=\"og:image\" content=\"https:\/\/www.itakaescolapios.org\/wp-content\/uploads\/2012\/10\/44.jpg\" \/>\n\t<meta property=\"og:image:width\" content=\"2000\" \/>\n\t<meta property=\"og:image:height\" content=\"1126\" \/>\n\t<meta property=\"og:image:type\" content=\"image\/jpeg\" \/>\n<meta name=\"author\" content=\"cameroun02\" \/>\n<meta name=\"twitter:card\" content=\"summary_large_image\" \/>\n<meta name=\"twitter:label1\" content=\"Written by\" \/>\n\t<meta name=\"twitter:data1\" content=\"cameroun02\" \/>\n<script type=\"application\/ld+json\" class=\"yoast-schema-graph\">{\"@context\":\"https:\\\/\\\/schema.org\",\"@graph\":[{\"@type\":\"Article\",\"@id\":\"https:\\\/\\\/www.itakaescolapios.org\\\/eu\\\/2012\\\/10\\\/nueva-voluntaria-de-zaragoza-en-menteh-2\\\/#article\",\"isPartOf\":{\"@id\":\"https:\\\/\\\/www.itakaescolapios.org\\\/eu\\\/2012\\\/10\\\/nueva-voluntaria-de-zaragoza-en-menteh-2\\\/\"},\"author\":{\"name\":\"cameroun02\",\"@id\":\"https:\\\/\\\/www.itakaescolapios.org\\\/es\\\/#\\\/schema\\\/person\\\/9274f8b80c7385b5aae18a7831c4a9c5\"},\"headline\":\"Nueva voluntaria de Zaragoza en Menteh.\",\"datePublished\":\"2012-10-15T10:12:44+00:00\",\"dateModified\":\"2023-11-28T11:39:36+00:00\",\"mainEntityOfPage\":{\"@id\":\"https:\\\/\\\/www.itakaescolapios.org\\\/eu\\\/2012\\\/10\\\/nueva-voluntaria-de-zaragoza-en-menteh-2\\\/\"},\"wordCount\":77,\"publisher\":{\"@id\":\"https:\\\/\\\/www.itakaescolapios.org\\\/es\\\/#organization\"},\"image\":{\"@id\":\"https:\\\/\\\/www.itakaescolapios.org\\\/eu\\\/2012\\\/10\\\/nueva-voluntaria-de-zaragoza-en-menteh-2\\\/#primaryimage\"},\"thumbnailUrl\":\"https:\\\/\\\/www.itakaescolapios.org\\\/wp-content\\\/uploads\\\/2012\\\/10\\\/44.jpg\",\"articleSection\":[\"Kamerun\"],\"inLanguage\":\"eu\"},{\"@type\":\"WebPage\",\"@id\":\"https:\\\/\\\/www.itakaescolapios.org\\\/eu\\\/2012\\\/10\\\/nueva-voluntaria-de-zaragoza-en-menteh-2\\\/\",\"url\":\"https:\\\/\\\/www.itakaescolapios.org\\\/eu\\\/2012\\\/10\\\/nueva-voluntaria-de-zaragoza-en-menteh-2\\\/\",\"name\":\"Nueva voluntaria de Zaragoza en Menteh. - Itaka-Escolapios\",\"isPartOf\":{\"@id\":\"https:\\\/\\\/www.itakaescolapios.org\\\/es\\\/#website\"},\"primaryImageOfPage\":{\"@id\":\"https:\\\/\\\/www.itakaescolapios.org\\\/eu\\\/2012\\\/10\\\/nueva-voluntaria-de-zaragoza-en-menteh-2\\\/#primaryimage\"},\"image\":{\"@id\":\"https:\\\/\\\/www.itakaescolapios.org\\\/eu\\\/2012\\\/10\\\/nueva-voluntaria-de-zaragoza-en-menteh-2\\\/#primaryimage\"},\"thumbnailUrl\":\"https:\\\/\\\/www.itakaescolapios.org\\\/wp-content\\\/uploads\\\/2012\\\/10\\\/44.jpg\",\"datePublished\":\"2012-10-15T10:12:44+00:00\",\"dateModified\":\"2023-11-28T11:39:36+00:00\",\"breadcrumb\":{\"@id\":\"https:\\\/\\\/www.itakaescolapios.org\\\/eu\\\/2012\\\/10\\\/nueva-voluntaria-de-zaragoza-en-menteh-2\\\/#breadcrumb\"},\"inLanguage\":\"eu\",\"potentialAction\":[{\"@type\":\"ReadAction\",\"target\":[\"https:\\\/\\\/www.itakaescolapios.org\\\/eu\\\/2012\\\/10\\\/nueva-voluntaria-de-zaragoza-en-menteh-2\\\/\"]}]},{\"@type\":\"ImageObject\",\"inLanguage\":\"eu\",\"@id\":\"https:\\\/\\\/www.itakaescolapios.org\\\/eu\\\/2012\\\/10\\\/nueva-voluntaria-de-zaragoza-en-menteh-2\\\/#primaryimage\",\"url\":\"https:\\\/\\\/www.itakaescolapios.org\\\/wp-content\\\/uploads\\\/2012\\\/10\\\/44.jpg\",\"contentUrl\":\"https:\\\/\\\/www.itakaescolapios.org\\\/wp-content\\\/uploads\\\/2012\\\/10\\\/44.jpg\",\"width\":2000,\"height\":1126},{\"@type\":\"BreadcrumbList\",\"@id\":\"https:\\\/\\\/www.itakaescolapios.org\\\/eu\\\/2012\\\/10\\\/nueva-voluntaria-de-zaragoza-en-menteh-2\\\/#breadcrumb\",\"itemListElement\":[{\"@type\":\"ListItem\",\"position\":1,\"name\":\"Itaka-Escolapios\",\"item\":\"https:\\\/\\\/www.itakaescolapios.org\\\/es\\\/\"},{\"@type\":\"ListItem\",\"position\":2,\"name\":\"Nueva voluntaria de Zaragoza en Menteh.\"}]},{\"@type\":\"WebSite\",\"@id\":\"https:\\\/\\\/www.itakaescolapios.org\\\/eu\\\/es\\\/#website\",\"url\":\"https:\\\/\\\/www.itakaescolapios.org\\\/eu\\\/es\\\/\",\"name\":\"Itaka-Escolapios\",\"description\":\"Red de Itaka-Escolapios\",\"publisher\":{\"@id\":\"https:\\\/\\\/www.itakaescolapios.org\\\/eu\\\/es\\\/#organization\"},\"potentialAction\":[{\"@type\":\"SearchAction\",\"target\":{\"@type\":\"EntryPoint\",\"urlTemplate\":\"https:\\\/\\\/www.itakaescolapios.org\\\/eu\\\/es\\\/?s={search_term_string}\"},\"query-input\":{\"@type\":\"PropertyValueSpecification\",\"valueRequired\":true,\"valueName\":\"search_term_string\"}}],\"inLanguage\":\"eu\"},{\"@type\":\"Organization\",\"@id\":\"https:\\\/\\\/www.itakaescolapios.org\\\/eu\\\/es\\\/#organization\",\"name\":\"Fundaci\u00f3 Itaka-Escolapios\",\"url\":\"https:\\\/\\\/www.itakaescolapios.org\\\/eu\\\/es\\\/\",\"logo\":{\"@type\":\"ImageObject\",\"inLanguage\":\"eu\",\"@id\":\"https:\\\/\\\/www.itakaescolapios.org\\\/eu\\\/es\\\/#\\\/schema\\\/logo\\\/image\\\/\",\"url\":\"https:\\\/\\\/www.itakaescolapios.org\\\/wp-content\\\/uploads\\\/2024\\\/04\\\/Logo-itakaescolapios-peque.png\",\"contentUrl\":\"https:\\\/\\\/www.itakaescolapios.org\\\/wp-content\\\/uploads\\\/2024\\\/04\\\/Logo-itakaescolapios-peque.png\",\"width\":500,\"height\":199,\"caption\":\"Fundaci\u00f3 Itaka-Escolapios\"},\"image\":{\"@id\":\"https:\\\/\\\/www.itakaescolapios.org\\\/eu\\\/es\\\/#\\\/schema\\\/logo\\\/image\\\/\"}},{\"@type\":\"Person\",\"@id\":\"https:\\\/\\\/www.itakaescolapios.org\\\/es\\\/#\\\/schema\\\/person\\\/9274f8b80c7385b5aae18a7831c4a9c5\",\"name\":\"cameroun02\",\"url\":\"https:\\\/\\\/www.itakaescolapios.org\\\/eu\\\/author\\\/cameroun02\\\/\"}]}<\/script>\n<!-- \/ Yoast SEO plugin. -->","yoast_head_json":{"title":"Nueva voluntaria de Zaragoza en Menteh.","description":"Marta Faus, Licenciada de Veterinaria de la Universidad de Zaragoza lleg\u00f3 el pasado 28 de septiembre 2012 a Camer\u00fan. En el marco del desarrollo del convenio de colaboraci\u00f3n entre el Centro Nazareth de Menteh y la Universidad de Zaragoza, Marta Faus empez\u00f3 unos meses de pr\u00e1cticas en nuestra granja-escuela hasta principios de febrero de 2013.&hellip;","robots":{"index":"index","follow":"follow","max-snippet":"max-snippet:-1","max-image-preview":"max-image-preview:large","max-video-preview":"max-video-preview:-1"},"canonical":"Marta Faus, Licenciada de Veterinaria de la Universidad de Zaragoza lleg\u00f3 el pasado 28 de septiembre 2012 a Camer\u00fan. En el marco del desarrollo del convenio de colaboraci\u00f3n entre el Centro Nazareth de Menteh y la Universidad de Zaragoza, Marta Faus empez\u00f3 unos meses de pr\u00e1cticas en nuestra granja-escuela hasta principios de febrero de 2013.&hellip;","og_locale":"en_US","og_type":"article","og_title":"Nueva voluntaria de Zaragoza en Menteh.","og_description":"Marta Faus, Licenciada de Veterinaria de la Universidad de Zaragoza lleg\u00f3 el pasado 28 de septiembre 2012 a Camer\u00fan. En el marco del desarrollo del convenio de colaboraci\u00f3n entre el Centro Nazareth de Menteh y la Universidad de Zaragoza, Marta Faus empez\u00f3 unos meses de pr\u00e1cticas en nuestra granja-escuela hasta principios de febrero de 2013.&hellip;","og_url":"https:\/\/www.itakaescolapios.org\/eu\/2012\/10\/nueva-voluntaria-de-zaragoza-en-menteh-2\/","og_site_name":"Itaka-Escolapios","article_published_time":"2012-10-15T10:12:44+00:00","article_modified_time":"2023-11-28T11:39:36+00:00","og_image":[{"width":2000,"height":1126,"url":"https:\/\/www.itakaescolapios.org\/wp-content\/uploads\/2012\/10\/44.jpg","type":"image\/jpeg"}],"author":"cameroun02","twitter_card":"summary_large_image","twitter_misc":{"Written by":"cameroun02"},"schema":{"@context":"https:\/\/schema.org","@graph":[{"@type":"Article","@id":"https:\/\/www.itakaescolapios.org\/eu\/2012\/10\/nueva-voluntaria-de-zaragoza-en-menteh-2\/#article","isPartOf":{"@id":"https:\/\/www.itakaescolapios.org\/eu\/2012\/10\/nueva-voluntaria-de-zaragoza-en-menteh-2\/"},"author":{"name":"cameroun02","@id":"https:\/\/www.itakaescolapios.org\/es\/#\/schema\/person\/9274f8b80c7385b5aae18a7831c4a9c5"},"headline":"Nueva voluntaria de Zaragoza en Menteh.","datePublished":"2012-10-15T10:12:44+00:00","dateModified":"2023-11-28T11:39:36+00:00","mainEntityOfPage":{"@id":"https:\/\/www.itakaescolapios.org\/eu\/2012\/10\/nueva-voluntaria-de-zaragoza-en-menteh-2\/"},"wordCount":77,"publisher":{"@id":"https:\/\/www.itakaescolapios.org\/es\/#organization"},"image":{"@id":"https:\/\/www.itakaescolapios.org\/eu\/2012\/10\/nueva-voluntaria-de-zaragoza-en-menteh-2\/#primaryimage"},"thumbnailUrl":"https:\/\/www.itakaescolapios.org\/wp-content\/uploads\/2012\/10\/44.jpg","articleSection":["Kamerun"],"inLanguage":"eu"},{"@type":"WebPage","@id":"https:\/\/www.itakaescolapios.org\/eu\/2012\/10\/nueva-voluntaria-de-zaragoza-en-menteh-2\/","url":"https:\/\/www.itakaescolapios.org\/eu\/2012\/10\/nueva-voluntaria-de-zaragoza-en-menteh-2\/","name":"Nueva voluntaria de Zaragoza en Menteh. - Itaka-Escolapios","isPartOf":{"@id":"https:\/\/www.itakaescolapios.org\/es\/#website"},"primaryImageOfPage":{"@id":"https:\/\/www.itakaescolapios.org\/eu\/2012\/10\/nueva-voluntaria-de-zaragoza-en-menteh-2\/#primaryimage"},"image":{"@id":"https:\/\/www.itakaescolapios.org\/eu\/2012\/10\/nueva-voluntaria-de-zaragoza-en-menteh-2\/#primaryimage"},"thumbnailUrl":"https:\/\/www.itakaescolapios.org\/wp-content\/uploads\/2012\/10\/44.jpg","datePublished":"2012-10-15T10:12:44+00:00","dateModified":"2023-11-28T11:39:36+00:00","breadcrumb":{"@id":"https:\/\/www.itakaescolapios.org\/eu\/2012\/10\/nueva-voluntaria-de-zaragoza-en-menteh-2\/#breadcrumb"},"inLanguage":"eu","potentialAction":[{"@type":"ReadAction","target":["https:\/\/www.itakaescolapios.org\/eu\/2012\/10\/nueva-voluntaria-de-zaragoza-en-menteh-2\/"]}]},{"@type":"ImageObject","inLanguage":"eu","@id":"https:\/\/www.itakaescolapios.org\/eu\/2012\/10\/nueva-voluntaria-de-zaragoza-en-menteh-2\/#primaryimage","url":"https:\/\/www.itakaescolapios.org\/wp-content\/uploads\/2012\/10\/44.jpg","contentUrl":"https:\/\/www.itakaescolapios.org\/wp-content\/uploads\/2012\/10\/44.jpg","width":2000,"height":1126},{"@type":"BreadcrumbList","@id":"https:\/\/www.itakaescolapios.org\/eu\/2012\/10\/nueva-voluntaria-de-zaragoza-en-menteh-2\/#breadcrumb","itemListElement":[{"@type":"ListItem","position":1,"name":"Itaka-Escolapios","item":"https:\/\/www.itakaescolapios.org\/es\/"},{"@type":"ListItem","position":2,"name":"Nueva voluntaria de Zaragoza en Menteh."}]},{"@type":"WebSite","@id":"https:\/\/www.itakaescolapios.org\/eu\/es\/#website","url":"https:\/\/www.itakaescolapios.org\/eu\/es\/","name":"Itaka-Escolapios","description":"Red de Itaka-Escolapios","publisher":{"@id":"https:\/\/www.itakaescolapios.org\/eu\/es\/#organization"},"potentialAction":[{"@type":"SearchAction","target":{"@type":"EntryPoint","urlTemplate":"https:\/\/www.itakaescolapios.org\/eu\/es\/?s={search_term_string}"},"query-input":{"@type":"PropertyValueSpecification","valueRequired":true,"valueName":"search_term_string"}}],"inLanguage":"eu"},{"@type":"Organization","@id":"https:\/\/www.itakaescolapios.org\/eu\/es\/#organization","name":"Fundaci\u00f3 Itaka-Escolapios","url":"https:\/\/www.itakaescolapios.org\/eu\/es\/","logo":{"@type":"ImageObject","inLanguage":"eu","@id":"https:\/\/www.itakaescolapios.org\/eu\/es\/#\/schema\/logo\/image\/","url":"https:\/\/www.itakaescolapios.org\/wp-content\/uploads\/2024\/04\/Logo-itakaescolapios-peque.png","contentUrl":"https:\/\/www.itakaescolapios.org\/wp-content\/uploads\/2024\/04\/Logo-itakaescolapios-peque.png","width":500,"height":199,"caption":"Fundaci\u00f3 Itaka-Escolapios"},"image":{"@id":"https:\/\/www.itakaescolapios.org\/eu\/es\/#\/schema\/logo\/image\/"}},{"@type":"Person","@id":"https:\/\/www.itakaescolapios.org\/es\/#\/schema\/person\/9274f8b80c7385b5aae18a7831c4a9c5","name":"cameroun02","url":"https:\/\/www.itakaescolapios.org\/eu\/author\/cameroun02\/"}]}},"_links":{"self":[{"href":"https:\/\/www.itakaescolapios.org\/eu\/wp-json\/wp\/v2\/posts\/3785","targetHints":{"allow":["GET"]}}],"collection":[{"href":"https:\/\/www.itakaescolapios.org\/eu\/wp-json\/wp\/v2\/posts"}],"about":[{"href":"https:\/\/www.itakaescolapios.org\/eu\/wp-json\/wp\/v2\/types\/post"}],"author":[{"embeddable":true,"href":"https:\/\/www.itakaescolapios.org\/eu\/wp-json\/wp\/v2\/users\/16"}],"replies":[{"embeddable":true,"href":"https:\/\/www.itakaescolapios.org\/eu\/wp-json\/wp\/v2\/comments?post=3785"}],"version-history":[{"count":3,"href":"https:\/\/www.itakaescolapios.org\/eu\/wp-json\/wp\/v2\/posts\/3785\/revisions"}],"predecessor-version":[{"id":49966,"href":"https:\/\/www.itakaescolapios.org\/eu\/wp-json\/wp\/v2\/posts\/3785\/revisions\/49966"}],"wp:featuredmedia":[{"embeddable":true,"href":"https:\/\/www.itakaescolapios.org\/eu\/wp-json\/wp\/v2\/media\/3786"}],"wp:attachment":[{"href":"https:\/\/www.itakaescolapios.org\/eu\/wp-json\/wp\/v2\/media?parent=3785"}],"wp:term":[{"taxonomy":"category","embeddable":true,"href":"https:\/\/www.itakaescolapios.org\/eu\/wp-json\/wp\/v2\/categories?post=3785"},{"taxonomy":"post_tag","embeddable":true,"href":"https:\/\/www.itakaescolapios.org\/eu\/wp-json\/wp\/v2\/tags?post=3785"}],"curies":[{"name":"wp","href":"https:\/\/api.w.org\/{rel}","templated":true}]}}