{"id":38215,"date":"2022-06-10T18:47:13","date_gmt":"2022-06-10T17:47:13","guid":{"rendered":"https:\/\/www.itakaescolapios.org\/?p=38215"},"modified":"2023-11-28T12:35:45","modified_gmt":"2023-11-28T11:35:45","slug":"visita-al-museo-de-ciencias-naturales","status":"publish","type":"post","link":"https:\/\/www.itakaescolapios.org\/eu\/2022\/06\/visita-al-museo-de-ciencias-naturales\/","title":{"rendered":"Visita al museo de Ciencias Naturales"},"content":{"rendered":"<p>10 de junio de 2023<\/p>\n<p>Esta ma\u00f1ana, dentro del proyecto Sumamos M\u00e1s, hicimos una salida al museo de Ciencias Naturales de Vitoria.<\/p>\n<p>Fue una gran oportunidad de pasar un d\u00eda diferente en una actividad que casi ninguno de los participantes conoc\u00edamos, pero que nos ha sorprendido gratamente. Seguro que volveremos otro a\u00f1o.<\/p>\n<p><img decoding=\"async\" class=\"alignnone wp-image-38216\" src=\"https:\/\/www.itakaescolapios.org\/wp-content\/uploads\/2023\/01\/10j-225x300.jpg\" alt=\"\" width=\"408\" height=\"544\" srcset=\"https:\/\/www.itakaescolapios.org\/wp-content\/uploads\/2023\/01\/10j-225x300.jpg 225w, https:\/\/www.itakaescolapios.org\/wp-content\/uploads\/2023\/01\/10j-768x1024.jpg 768w, https:\/\/www.itakaescolapios.org\/wp-content\/uploads\/2023\/01\/10j-1152x1536.jpg 1152w, https:\/\/www.itakaescolapios.org\/wp-content\/uploads\/2023\/01\/10j-250x333.jpg 250w, https:\/\/www.itakaescolapios.org\/wp-content\/uploads\/2023\/01\/10j-1080x1440.jpg 1080w, https:\/\/www.itakaescolapios.org\/wp-content\/uploads\/2023\/01\/10j.jpg 1125w\" sizes=\"(max-width: 408px) 100vw, 408px\" \/><\/p>\n","protected":false},"excerpt":{"rendered":"<p>10 de junio de 2023 Esta ma\u00f1ana, dentro del proyecto Sumamos M\u00e1s, hicimos una salida al museo de Ciencias Naturales de Vitoria. Fue una gran oportunidad de pasar un d\u00eda [&hellip;]<\/p>\n","protected":false},"author":62,"featured_media":0,"comment_status":"closed","ping_status":"closed","sticky":false,"template":"","format":"standard","meta":{"_et_pb_use_builder":"","_et_pb_old_content":"","_et_gb_content_width":"","footnotes":""},"categories":[13],"tags":[],"class_list":["post-38215","post","type-post","status-publish","format-standard","hentry","category-vitoria"],"yoast_head":"<!-- This site is optimized with the Yoast SEO plugin v27.4 - https:\/\/yoast.com\/product\/yoast-seo-wordpress\/ -->\n<title>Visita al museo de Ciencias Naturales<\/title>\n<meta name=\"description\" content=\"10 de junio de 2023 Esta ma\u00f1ana, dentro del proyecto Sumamos M\u00e1s, hicimos una salida al museo de Ciencias Naturales de Vitoria. Fue una gran oportunidad de pasar un d\u00eda diferente en una actividad que casi ninguno de los participantes conoc\u00edamos, pero que nos ha sorprendido gratamente. Seguro que volveremos otro a\u00f1o.\" \/>\n<meta name=\"robots\" content=\"index, follow, max-snippet:-1, max-image-preview:large, max-video-preview:-1\" \/>\n<link rel=\"canonical\" href=\"http:\/\/10%20de%20junio%20de%202023%20Esta%20ma\u00f1ana,%20dentro%20del%20proyecto%20Sumamos%20M\u00e1s,%20hicimos%20una%20salida%20al%20museo%20de%20Ciencias%20Naturales%20de%20Vitoria.%20Fue%20una%20gran%20oportunidad%20de%20pasar%20un%20d\u00eda%20diferente%20en%20una%20actividad%20que%20casi%20ninguno%20de%20los%20participantes%20conoc\u00edamos,%20pero%20que%20nos%20ha%20sorprendido%20gratamente.%20Seguro%20que%20volveremos%20otro%20a\u00f1o.\" \/>\n<meta property=\"og:locale\" content=\"en_US\" \/>\n<meta property=\"og:type\" content=\"article\" \/>\n<meta property=\"og:title\" content=\"Visita al museo de Ciencias Naturales\" \/>\n<meta property=\"og:description\" content=\"10 de junio de 2023 Esta ma\u00f1ana, dentro del proyecto Sumamos M\u00e1s, hicimos una salida al museo de Ciencias Naturales de Vitoria. Fue una gran oportunidad de pasar un d\u00eda diferente en una actividad que casi ninguno de los participantes conoc\u00edamos, pero que nos ha sorprendido gratamente. Seguro que volveremos otro a\u00f1o.\" \/>\n<meta property=\"og:url\" content=\"https:\/\/www.itakaescolapios.org\/eu\/2022\/06\/visita-al-museo-de-ciencias-naturales\/\" \/>\n<meta property=\"og:site_name\" content=\"Itaka-Escolapios\" \/>\n<meta property=\"article:published_time\" content=\"2022-06-10T17:47:13+00:00\" \/>\n<meta property=\"article:modified_time\" content=\"2023-11-28T11:35:45+00:00\" \/>\n<meta property=\"og:image\" content=\"https:\/\/www.itakaescolapios.org\/wp-content\/uploads\/2023\/01\/10j.jpg\" \/>\n\t<meta property=\"og:image:width\" content=\"1125\" \/>\n\t<meta property=\"og:image:height\" content=\"1500\" \/>\n\t<meta property=\"og:image:type\" content=\"image\/jpeg\" \/>\n<meta name=\"author\" content=\"Equipo TIC Ema\u00fas\" \/>\n<meta name=\"twitter:card\" content=\"summary_large_image\" \/>\n<meta name=\"twitter:label1\" content=\"Written by\" \/>\n\t<meta name=\"twitter:data1\" content=\"Equipo TIC Ema\u00fas\" \/>\n<script type=\"application\/ld+json\" class=\"yoast-schema-graph\">{\"@context\":\"https:\\\/\\\/schema.org\",\"@graph\":[{\"@type\":\"Article\",\"@id\":\"https:\\\/\\\/www.itakaescolapios.org\\\/eu\\\/2022\\\/06\\\/visita-al-museo-de-ciencias-naturales\\\/#article\",\"isPartOf\":{\"@id\":\"https:\\\/\\\/www.itakaescolapios.org\\\/eu\\\/2022\\\/06\\\/visita-al-museo-de-ciencias-naturales\\\/\"},\"author\":{\"name\":\"Equipo TIC Ema\u00fas\",\"@id\":\"https:\\\/\\\/www.itakaescolapios.org\\\/es\\\/#\\\/schema\\\/person\\\/200262de1d464b07c45f3c70eb4cf614\"},\"headline\":\"Visita al museo de Ciencias Naturales\",\"datePublished\":\"2022-06-10T17:47:13+00:00\",\"dateModified\":\"2023-11-28T11:35:45+00:00\",\"mainEntityOfPage\":{\"@id\":\"https:\\\/\\\/www.itakaescolapios.org\\\/eu\\\/2022\\\/06\\\/visita-al-museo-de-ciencias-naturales\\\/\"},\"wordCount\":61,\"publisher\":{\"@id\":\"https:\\\/\\\/www.itakaescolapios.org\\\/es\\\/#organization\"},\"image\":{\"@id\":\"https:\\\/\\\/www.itakaescolapios.org\\\/eu\\\/2022\\\/06\\\/visita-al-museo-de-ciencias-naturales\\\/#primaryimage\"},\"thumbnailUrl\":\"https:\\\/\\\/www.itakaescolapios.org\\\/wp-content\\\/uploads\\\/2023\\\/01\\\/10j-225x300.jpg\",\"articleSection\":[\"Vitoria-Gasteiz\"],\"inLanguage\":\"eu\"},{\"@type\":\"WebPage\",\"@id\":\"https:\\\/\\\/www.itakaescolapios.org\\\/eu\\\/2022\\\/06\\\/visita-al-museo-de-ciencias-naturales\\\/\",\"url\":\"https:\\\/\\\/www.itakaescolapios.org\\\/eu\\\/2022\\\/06\\\/visita-al-museo-de-ciencias-naturales\\\/\",\"name\":\"Visita al museo de Ciencias Naturales - Itaka-Escolapios\",\"isPartOf\":{\"@id\":\"https:\\\/\\\/www.itakaescolapios.org\\\/es\\\/#website\"},\"primaryImageOfPage\":{\"@id\":\"https:\\\/\\\/www.itakaescolapios.org\\\/eu\\\/2022\\\/06\\\/visita-al-museo-de-ciencias-naturales\\\/#primaryimage\"},\"image\":{\"@id\":\"https:\\\/\\\/www.itakaescolapios.org\\\/eu\\\/2022\\\/06\\\/visita-al-museo-de-ciencias-naturales\\\/#primaryimage\"},\"thumbnailUrl\":\"https:\\\/\\\/www.itakaescolapios.org\\\/wp-content\\\/uploads\\\/2023\\\/01\\\/10j-225x300.jpg\",\"datePublished\":\"2022-06-10T17:47:13+00:00\",\"dateModified\":\"2023-11-28T11:35:45+00:00\",\"breadcrumb\":{\"@id\":\"https:\\\/\\\/www.itakaescolapios.org\\\/eu\\\/2022\\\/06\\\/visita-al-museo-de-ciencias-naturales\\\/#breadcrumb\"},\"inLanguage\":\"eu\",\"potentialAction\":[{\"@type\":\"ReadAction\",\"target\":[\"https:\\\/\\\/www.itakaescolapios.org\\\/eu\\\/2022\\\/06\\\/visita-al-museo-de-ciencias-naturales\\\/\"]}]},{\"@type\":\"ImageObject\",\"inLanguage\":\"eu\",\"@id\":\"https:\\\/\\\/www.itakaescolapios.org\\\/eu\\\/2022\\\/06\\\/visita-al-museo-de-ciencias-naturales\\\/#primaryimage\",\"url\":\"https:\\\/\\\/www.itakaescolapios.org\\\/wp-content\\\/uploads\\\/2023\\\/01\\\/10j-225x300.jpg\",\"contentUrl\":\"https:\\\/\\\/www.itakaescolapios.org\\\/wp-content\\\/uploads\\\/2023\\\/01\\\/10j-225x300.jpg\"},{\"@type\":\"BreadcrumbList\",\"@id\":\"https:\\\/\\\/www.itakaescolapios.org\\\/eu\\\/2022\\\/06\\\/visita-al-museo-de-ciencias-naturales\\\/#breadcrumb\",\"itemListElement\":[{\"@type\":\"ListItem\",\"position\":1,\"name\":\"Itaka-Escolapios\",\"item\":\"https:\\\/\\\/www.itakaescolapios.org\\\/es\\\/\"},{\"@type\":\"ListItem\",\"position\":2,\"name\":\"Visita al museo de Ciencias Naturales\"}]},{\"@type\":\"WebSite\",\"@id\":\"https:\\\/\\\/www.itakaescolapios.org\\\/eu\\\/es\\\/#website\",\"url\":\"https:\\\/\\\/www.itakaescolapios.org\\\/eu\\\/es\\\/\",\"name\":\"Itaka-Escolapios\",\"description\":\"Red de Itaka-Escolapios\",\"publisher\":{\"@id\":\"https:\\\/\\\/www.itakaescolapios.org\\\/eu\\\/es\\\/#organization\"},\"potentialAction\":[{\"@type\":\"SearchAction\",\"target\":{\"@type\":\"EntryPoint\",\"urlTemplate\":\"https:\\\/\\\/www.itakaescolapios.org\\\/eu\\\/es\\\/?s={search_term_string}\"},\"query-input\":{\"@type\":\"PropertyValueSpecification\",\"valueRequired\":true,\"valueName\":\"search_term_string\"}}],\"inLanguage\":\"eu\"},{\"@type\":\"Organization\",\"@id\":\"https:\\\/\\\/www.itakaescolapios.org\\\/eu\\\/es\\\/#organization\",\"name\":\"Fundaci\u00f3 Itaka-Escolapios\",\"url\":\"https:\\\/\\\/www.itakaescolapios.org\\\/eu\\\/es\\\/\",\"logo\":{\"@type\":\"ImageObject\",\"inLanguage\":\"eu\",\"@id\":\"https:\\\/\\\/www.itakaescolapios.org\\\/eu\\\/es\\\/#\\\/schema\\\/logo\\\/image\\\/\",\"url\":\"https:\\\/\\\/www.itakaescolapios.org\\\/wp-content\\\/uploads\\\/2024\\\/04\\\/Logo-itakaescolapios-peque.png\",\"contentUrl\":\"https:\\\/\\\/www.itakaescolapios.org\\\/wp-content\\\/uploads\\\/2024\\\/04\\\/Logo-itakaescolapios-peque.png\",\"width\":500,\"height\":199,\"caption\":\"Fundaci\u00f3 Itaka-Escolapios\"},\"image\":{\"@id\":\"https:\\\/\\\/www.itakaescolapios.org\\\/eu\\\/es\\\/#\\\/schema\\\/logo\\\/image\\\/\"}},{\"@type\":\"Person\",\"@id\":\"https:\\\/\\\/www.itakaescolapios.org\\\/es\\\/#\\\/schema\\\/person\\\/200262de1d464b07c45f3c70eb4cf614\",\"name\":\"Equipo TIC Ema\u00fas\",\"url\":\"https:\\\/\\\/www.itakaescolapios.org\\\/eu\\\/author\\\/ntic\\\/\"}]}<\/script>\n<!-- \/ Yoast SEO plugin. -->","yoast_head_json":{"title":"Visita al museo de Ciencias Naturales","description":"10 de junio de 2023 Esta ma\u00f1ana, dentro del proyecto Sumamos M\u00e1s, hicimos una salida al museo de Ciencias Naturales de Vitoria. Fue una gran oportunidad de pasar un d\u00eda diferente en una actividad que casi ninguno de los participantes conoc\u00edamos, pero que nos ha sorprendido gratamente. Seguro que volveremos otro a\u00f1o.","robots":{"index":"index","follow":"follow","max-snippet":"max-snippet:-1","max-image-preview":"max-image-preview:large","max-video-preview":"max-video-preview:-1"},"canonical":"10 de junio de 2023 Esta ma\u00f1ana, dentro del proyecto Sumamos M\u00e1s, hicimos una salida al museo de Ciencias Naturales de Vitoria. Fue una gran oportunidad de pasar un d\u00eda diferente en una actividad que casi ninguno de los participantes conoc\u00edamos, pero que nos ha sorprendido gratamente. Seguro que volveremos otro a\u00f1o.","og_locale":"en_US","og_type":"article","og_title":"Visita al museo de Ciencias Naturales","og_description":"10 de junio de 2023 Esta ma\u00f1ana, dentro del proyecto Sumamos M\u00e1s, hicimos una salida al museo de Ciencias Naturales de Vitoria. Fue una gran oportunidad de pasar un d\u00eda diferente en una actividad que casi ninguno de los participantes conoc\u00edamos, pero que nos ha sorprendido gratamente. Seguro que volveremos otro a\u00f1o.","og_url":"https:\/\/www.itakaescolapios.org\/eu\/2022\/06\/visita-al-museo-de-ciencias-naturales\/","og_site_name":"Itaka-Escolapios","article_published_time":"2022-06-10T17:47:13+00:00","article_modified_time":"2023-11-28T11:35:45+00:00","og_image":[{"width":1125,"height":1500,"url":"https:\/\/www.itakaescolapios.org\/wp-content\/uploads\/2023\/01\/10j.jpg","type":"image\/jpeg"}],"author":"Equipo TIC Ema\u00fas","twitter_card":"summary_large_image","twitter_misc":{"Written by":"Equipo TIC Ema\u00fas"},"schema":{"@context":"https:\/\/schema.org","@graph":[{"@type":"Article","@id":"https:\/\/www.itakaescolapios.org\/eu\/2022\/06\/visita-al-museo-de-ciencias-naturales\/#article","isPartOf":{"@id":"https:\/\/www.itakaescolapios.org\/eu\/2022\/06\/visita-al-museo-de-ciencias-naturales\/"},"author":{"name":"Equipo TIC Ema\u00fas","@id":"https:\/\/www.itakaescolapios.org\/es\/#\/schema\/person\/200262de1d464b07c45f3c70eb4cf614"},"headline":"Visita al museo de Ciencias Naturales","datePublished":"2022-06-10T17:47:13+00:00","dateModified":"2023-11-28T11:35:45+00:00","mainEntityOfPage":{"@id":"https:\/\/www.itakaescolapios.org\/eu\/2022\/06\/visita-al-museo-de-ciencias-naturales\/"},"wordCount":61,"publisher":{"@id":"https:\/\/www.itakaescolapios.org\/es\/#organization"},"image":{"@id":"https:\/\/www.itakaescolapios.org\/eu\/2022\/06\/visita-al-museo-de-ciencias-naturales\/#primaryimage"},"thumbnailUrl":"https:\/\/www.itakaescolapios.org\/wp-content\/uploads\/2023\/01\/10j-225x300.jpg","articleSection":["Vitoria-Gasteiz"],"inLanguage":"eu"},{"@type":"WebPage","@id":"https:\/\/www.itakaescolapios.org\/eu\/2022\/06\/visita-al-museo-de-ciencias-naturales\/","url":"https:\/\/www.itakaescolapios.org\/eu\/2022\/06\/visita-al-museo-de-ciencias-naturales\/","name":"Visita al museo de Ciencias Naturales - Itaka-Escolapios","isPartOf":{"@id":"https:\/\/www.itakaescolapios.org\/es\/#website"},"primaryImageOfPage":{"@id":"https:\/\/www.itakaescolapios.org\/eu\/2022\/06\/visita-al-museo-de-ciencias-naturales\/#primaryimage"},"image":{"@id":"https:\/\/www.itakaescolapios.org\/eu\/2022\/06\/visita-al-museo-de-ciencias-naturales\/#primaryimage"},"thumbnailUrl":"https:\/\/www.itakaescolapios.org\/wp-content\/uploads\/2023\/01\/10j-225x300.jpg","datePublished":"2022-06-10T17:47:13+00:00","dateModified":"2023-11-28T11:35:45+00:00","breadcrumb":{"@id":"https:\/\/www.itakaescolapios.org\/eu\/2022\/06\/visita-al-museo-de-ciencias-naturales\/#breadcrumb"},"inLanguage":"eu","potentialAction":[{"@type":"ReadAction","target":["https:\/\/www.itakaescolapios.org\/eu\/2022\/06\/visita-al-museo-de-ciencias-naturales\/"]}]},{"@type":"ImageObject","inLanguage":"eu","@id":"https:\/\/www.itakaescolapios.org\/eu\/2022\/06\/visita-al-museo-de-ciencias-naturales\/#primaryimage","url":"https:\/\/www.itakaescolapios.org\/wp-content\/uploads\/2023\/01\/10j-225x300.jpg","contentUrl":"https:\/\/www.itakaescolapios.org\/wp-content\/uploads\/2023\/01\/10j-225x300.jpg"},{"@type":"BreadcrumbList","@id":"https:\/\/www.itakaescolapios.org\/eu\/2022\/06\/visita-al-museo-de-ciencias-naturales\/#breadcrumb","itemListElement":[{"@type":"ListItem","position":1,"name":"Itaka-Escolapios","item":"https:\/\/www.itakaescolapios.org\/es\/"},{"@type":"ListItem","position":2,"name":"Visita al museo de Ciencias Naturales"}]},{"@type":"WebSite","@id":"https:\/\/www.itakaescolapios.org\/eu\/es\/#website","url":"https:\/\/www.itakaescolapios.org\/eu\/es\/","name":"Itaka-Escolapios","description":"Red de Itaka-Escolapios","publisher":{"@id":"https:\/\/www.itakaescolapios.org\/eu\/es\/#organization"},"potentialAction":[{"@type":"SearchAction","target":{"@type":"EntryPoint","urlTemplate":"https:\/\/www.itakaescolapios.org\/eu\/es\/?s={search_term_string}"},"query-input":{"@type":"PropertyValueSpecification","valueRequired":true,"valueName":"search_term_string"}}],"inLanguage":"eu"},{"@type":"Organization","@id":"https:\/\/www.itakaescolapios.org\/eu\/es\/#organization","name":"Fundaci\u00f3 Itaka-Escolapios","url":"https:\/\/www.itakaescolapios.org\/eu\/es\/","logo":{"@type":"ImageObject","inLanguage":"eu","@id":"https:\/\/www.itakaescolapios.org\/eu\/es\/#\/schema\/logo\/image\/","url":"https:\/\/www.itakaescolapios.org\/wp-content\/uploads\/2024\/04\/Logo-itakaescolapios-peque.png","contentUrl":"https:\/\/www.itakaescolapios.org\/wp-content\/uploads\/2024\/04\/Logo-itakaescolapios-peque.png","width":500,"height":199,"caption":"Fundaci\u00f3 Itaka-Escolapios"},"image":{"@id":"https:\/\/www.itakaescolapios.org\/eu\/es\/#\/schema\/logo\/image\/"}},{"@type":"Person","@id":"https:\/\/www.itakaescolapios.org\/es\/#\/schema\/person\/200262de1d464b07c45f3c70eb4cf614","name":"Equipo TIC Ema\u00fas","url":"https:\/\/www.itakaescolapios.org\/eu\/author\/ntic\/"}]}},"_links":{"self":[{"href":"https:\/\/www.itakaescolapios.org\/eu\/wp-json\/wp\/v2\/posts\/38215","targetHints":{"allow":["GET"]}}],"collection":[{"href":"https:\/\/www.itakaescolapios.org\/eu\/wp-json\/wp\/v2\/posts"}],"about":[{"href":"https:\/\/www.itakaescolapios.org\/eu\/wp-json\/wp\/v2\/types\/post"}],"author":[{"embeddable":true,"href":"https:\/\/www.itakaescolapios.org\/eu\/wp-json\/wp\/v2\/users\/62"}],"replies":[{"embeddable":true,"href":"https:\/\/www.itakaescolapios.org\/eu\/wp-json\/wp\/v2\/comments?post=38215"}],"version-history":[{"count":5,"href":"https:\/\/www.itakaescolapios.org\/eu\/wp-json\/wp\/v2\/posts\/38215\/revisions"}],"predecessor-version":[{"id":43900,"href":"https:\/\/www.itakaescolapios.org\/eu\/wp-json\/wp\/v2\/posts\/38215\/revisions\/43900"}],"wp:attachment":[{"href":"https:\/\/www.itakaescolapios.org\/eu\/wp-json\/wp\/v2\/media?parent=38215"}],"wp:term":[{"taxonomy":"category","embeddable":true,"href":"https:\/\/www.itakaescolapios.org\/eu\/wp-json\/wp\/v2\/categories?post=38215"},{"taxonomy":"post_tag","embeddable":true,"href":"https:\/\/www.itakaescolapios.org\/eu\/wp-json\/wp\/v2\/tags?post=38215"}],"curies":[{"name":"wp","href":"https:\/\/api.w.org\/{rel}","templated":true}]}}