{"id":38296,"date":"2023-01-09T10:54:12","date_gmt":"2023-01-09T09:54:12","guid":{"rendered":"https:\/\/www.itakaescolapios.org\/?p=38296"},"modified":"2023-11-28T12:35:38","modified_gmt":"2023-11-28T11:35:38","slug":"francais-reunion-mensuelle-des-volontaires-piaristes-de-malibe-gabon","status":"publish","type":"post","link":"https:\/\/www.itakaescolapios.org\/eu\/2023\/01\/francais-reunion-mensuelle-des-volontaires-piaristes-de-malibe-gabon\/","title":{"rendered":""},"content":{"rendered":"<p>[:fr]Hier dimanche 8 d\u00e9cembre, s\u2019est tenu \u00e0 Malib\u00e9 (Gabon) la r\u00e9union mensuelle des volontaires piaristes. A l\u2019ordre du jour nous avons eu une pri\u00e8re d\u2019ouverture, la pri\u00e8re du volontaire Piariste, la Formation des volontaires sur la &#8221; connaissance, philosophie profil et d\u00e9fis du volontariat piaristes&#8221;,\u00a0 la pr\u00e9paration P\u00e2ques juv\u00e9niles les divers puis la pri\u00e8re de cl\u00f4ture. Les volontaires ont r\u00e9pondus pr\u00e9sent \u00e0 cette invitation et tout s\u2019est bien pass\u00e9. Les id\u00e9es ont \u00e9t\u00e9 partag\u00e9es en vue de bien g\u00e9rer les activit\u00e9s \u00e0 venir.[:]<\/p>\n","protected":false},"excerpt":{"rendered":"<p>[:fr]Hier dimanche 8 d\u00e9cembre, s\u2019est tenu \u00e0 Malib\u00e9 (Gabon) la r\u00e9union mensuelle des volontaires piaristes. A l\u2019ordre du jour nous avons eu une pri\u00e8re d\u2019ouverture, la pri\u00e8re du volontaire Piariste, [&hellip;]<\/p>\n","protected":false},"author":15,"featured_media":38297,"comment_status":"closed","ping_status":"closed","sticky":false,"template":"","format":"standard","meta":{"_et_pb_use_builder":"","_et_pb_old_content":"","_et_gb_content_width":"","footnotes":""},"categories":[53,285],"tags":[],"class_list":["post-38296","post","type-post","status-publish","format-standard","has-post-thumbnail","hentry","category-africa-central","category-gabon"],"yoast_head":"<!-- This site is optimized with the Yoast SEO plugin v27.4 - https:\/\/yoast.com\/product\/yoast-seo-wordpress\/ -->\n<title>- Itaka-Escolapios<\/title>\n<meta name=\"description\" content=\"[:fr]Hier dimanche 8 d\u00e9cembre, s\u2019est tenu \u00e0 Malib\u00e9 (Gabon) la r\u00e9union mensuelle des volontaires piaristes. A l\u2019ordre du jour nous avons eu une pri\u00e8re d\u2019ouverture, la pri\u00e8re du volontaire Piariste, la Formation des volontaires sur la &#039;&#039; connaissance, philosophie profil et d\u00e9fis du volontariat piaristes&#039;&#039;,\u00a0 la pr\u00e9paration P\u00e2ques juv\u00e9niles les divers puis la pri\u00e8re de&hellip;\" \/>\n<meta name=\"robots\" content=\"index, follow, max-snippet:-1, max-image-preview:large, max-video-preview:-1\" \/>\n<link rel=\"canonical\" href=\"\" \/>\n<meta property=\"og:locale\" content=\"en_US\" \/>\n<meta property=\"og:type\" content=\"article\" \/>\n<meta property=\"og:title\" content=\"- Itaka-Escolapios\" \/>\n<meta property=\"og:description\" content=\"[:fr]Hier dimanche 8 d\u00e9cembre, s\u2019est tenu \u00e0 Malib\u00e9 (Gabon) la r\u00e9union mensuelle des volontaires piaristes. A l\u2019ordre du jour nous avons eu une pri\u00e8re d\u2019ouverture, la pri\u00e8re du volontaire Piariste, la Formation des volontaires sur la &#039;&#039; connaissance, philosophie profil et d\u00e9fis du volontariat piaristes&#039;&#039;,\u00a0 la pr\u00e9paration P\u00e2ques juv\u00e9niles les divers puis la pri\u00e8re de&hellip;\" \/>\n<meta property=\"og:url\" content=\"https:\/\/www.itakaescolapios.org\/eu\/2023\/01\/francais-reunion-mensuelle-des-volontaires-piaristes-de-malibe-gabon\/\" \/>\n<meta property=\"og:site_name\" content=\"Itaka-Escolapios\" \/>\n<meta property=\"article:published_time\" content=\"2023-01-09T09:54:12+00:00\" \/>\n<meta property=\"article:modified_time\" content=\"2023-11-28T11:35:38+00:00\" \/>\n<meta property=\"og:image\" content=\"https:\/\/www.itakaescolapios.org\/wp-content\/uploads\/2023\/01\/WhatsApp-Image-2023-01-08-at-2.41.11-PM.jpeg\" \/>\n\t<meta property=\"og:image:width\" content=\"1080\" \/>\n\t<meta property=\"og:image:height\" content=\"810\" \/>\n\t<meta property=\"og:image:type\" content=\"image\/jpeg\" \/>\n<meta name=\"author\" content=\"cameroun01\" \/>\n<meta name=\"twitter:card\" content=\"summary_large_image\" \/>\n<meta name=\"twitter:label1\" content=\"Written by\" \/>\n\t<meta name=\"twitter:data1\" content=\"cameroun01\" \/>\n\t<meta name=\"twitter:label2\" content=\"Est. reading time\" \/>\n\t<meta name=\"twitter:data2\" content=\"1 minutua\" \/>\n<script type=\"application\/ld+json\" class=\"yoast-schema-graph\">{\"@context\":\"https:\\\/\\\/schema.org\",\"@graph\":[{\"@type\":\"Article\",\"@id\":\"https:\\\/\\\/www.itakaescolapios.org\\\/eu\\\/2023\\\/01\\\/francais-reunion-mensuelle-des-volontaires-piaristes-de-malibe-gabon\\\/#article\",\"isPartOf\":{\"@id\":\"https:\\\/\\\/www.itakaescolapios.org\\\/eu\\\/2023\\\/01\\\/francais-reunion-mensuelle-des-volontaires-piaristes-de-malibe-gabon\\\/\"},\"author\":{\"name\":\"cameroun01\",\"@id\":\"https:\\\/\\\/www.itakaescolapios.org\\\/es\\\/#\\\/schema\\\/person\\\/d2844383e29bfdfef69039672ce14eb1\"},\"headline\":\"No title\",\"datePublished\":\"2023-01-09T09:54:12+00:00\",\"dateModified\":\"2023-11-28T11:35:38+00:00\",\"mainEntityOfPage\":{\"@id\":\"https:\\\/\\\/www.itakaescolapios.org\\\/eu\\\/2023\\\/01\\\/francais-reunion-mensuelle-des-volontaires-piaristes-de-malibe-gabon\\\/\"},\"wordCount\":99,\"publisher\":{\"@id\":\"https:\\\/\\\/www.itakaescolapios.org\\\/es\\\/#organization\"},\"image\":{\"@id\":\"https:\\\/\\\/www.itakaescolapios.org\\\/eu\\\/2023\\\/01\\\/francais-reunion-mensuelle-des-volontaires-piaristes-de-malibe-gabon\\\/#primaryimage\"},\"thumbnailUrl\":\"https:\\\/\\\/www.itakaescolapios.org\\\/wp-content\\\/uploads\\\/2023\\\/01\\\/WhatsApp-Image-2023-01-08-at-2.41.11-PM.jpeg\",\"articleSection\":[\"Erdialdeko Afrika\",\"Gab\u00f3n\"],\"inLanguage\":\"eu\"},{\"@type\":\"WebPage\",\"@id\":\"https:\\\/\\\/www.itakaescolapios.org\\\/eu\\\/2023\\\/01\\\/francais-reunion-mensuelle-des-volontaires-piaristes-de-malibe-gabon\\\/\",\"url\":\"https:\\\/\\\/www.itakaescolapios.org\\\/eu\\\/2023\\\/01\\\/francais-reunion-mensuelle-des-volontaires-piaristes-de-malibe-gabon\\\/\",\"name\":\"- Itaka-Escolapios\",\"isPartOf\":{\"@id\":\"https:\\\/\\\/www.itakaescolapios.org\\\/es\\\/#website\"},\"primaryImageOfPage\":{\"@id\":\"https:\\\/\\\/www.itakaescolapios.org\\\/eu\\\/2023\\\/01\\\/francais-reunion-mensuelle-des-volontaires-piaristes-de-malibe-gabon\\\/#primaryimage\"},\"image\":{\"@id\":\"https:\\\/\\\/www.itakaescolapios.org\\\/eu\\\/2023\\\/01\\\/francais-reunion-mensuelle-des-volontaires-piaristes-de-malibe-gabon\\\/#primaryimage\"},\"thumbnailUrl\":\"https:\\\/\\\/www.itakaescolapios.org\\\/wp-content\\\/uploads\\\/2023\\\/01\\\/WhatsApp-Image-2023-01-08-at-2.41.11-PM.jpeg\",\"datePublished\":\"2023-01-09T09:54:12+00:00\",\"dateModified\":\"2023-11-28T11:35:38+00:00\",\"inLanguage\":\"eu\",\"potentialAction\":[{\"@type\":\"ReadAction\",\"target\":[\"https:\\\/\\\/www.itakaescolapios.org\\\/eu\\\/2023\\\/01\\\/francais-reunion-mensuelle-des-volontaires-piaristes-de-malibe-gabon\\\/\"]}]},{\"@type\":\"ImageObject\",\"inLanguage\":\"eu\",\"@id\":\"https:\\\/\\\/www.itakaescolapios.org\\\/eu\\\/2023\\\/01\\\/francais-reunion-mensuelle-des-volontaires-piaristes-de-malibe-gabon\\\/#primaryimage\",\"url\":\"https:\\\/\\\/www.itakaescolapios.org\\\/wp-content\\\/uploads\\\/2023\\\/01\\\/WhatsApp-Image-2023-01-08-at-2.41.11-PM.jpeg\",\"contentUrl\":\"https:\\\/\\\/www.itakaescolapios.org\\\/wp-content\\\/uploads\\\/2023\\\/01\\\/WhatsApp-Image-2023-01-08-at-2.41.11-PM.jpeg\",\"width\":1080,\"height\":810},{\"@type\":\"WebSite\",\"@id\":\"https:\\\/\\\/www.itakaescolapios.org\\\/eu\\\/es\\\/#website\",\"url\":\"https:\\\/\\\/www.itakaescolapios.org\\\/eu\\\/es\\\/\",\"name\":\"Itaka-Escolapios\",\"description\":\"Red de Itaka-Escolapios\",\"publisher\":{\"@id\":\"https:\\\/\\\/www.itakaescolapios.org\\\/eu\\\/es\\\/#organization\"},\"potentialAction\":[{\"@type\":\"SearchAction\",\"target\":{\"@type\":\"EntryPoint\",\"urlTemplate\":\"https:\\\/\\\/www.itakaescolapios.org\\\/eu\\\/es\\\/?s={search_term_string}\"},\"query-input\":{\"@type\":\"PropertyValueSpecification\",\"valueRequired\":true,\"valueName\":\"search_term_string\"}}],\"inLanguage\":\"eu\"},{\"@type\":\"Organization\",\"@id\":\"https:\\\/\\\/www.itakaescolapios.org\\\/eu\\\/es\\\/#organization\",\"name\":\"Fundaci\u00f3 Itaka-Escolapios\",\"url\":\"https:\\\/\\\/www.itakaescolapios.org\\\/eu\\\/es\\\/\",\"logo\":{\"@type\":\"ImageObject\",\"inLanguage\":\"eu\",\"@id\":\"https:\\\/\\\/www.itakaescolapios.org\\\/eu\\\/es\\\/#\\\/schema\\\/logo\\\/image\\\/\",\"url\":\"https:\\\/\\\/www.itakaescolapios.org\\\/wp-content\\\/uploads\\\/2024\\\/04\\\/Logo-itakaescolapios-peque.png\",\"contentUrl\":\"https:\\\/\\\/www.itakaescolapios.org\\\/wp-content\\\/uploads\\\/2024\\\/04\\\/Logo-itakaescolapios-peque.png\",\"width\":500,\"height\":199,\"caption\":\"Fundaci\u00f3 Itaka-Escolapios\"},\"image\":{\"@id\":\"https:\\\/\\\/www.itakaescolapios.org\\\/eu\\\/es\\\/#\\\/schema\\\/logo\\\/image\\\/\"}},{\"@type\":\"Person\",\"@id\":\"https:\\\/\\\/www.itakaescolapios.org\\\/es\\\/#\\\/schema\\\/person\\\/d2844383e29bfdfef69039672ce14eb1\",\"name\":\"cameroun01\",\"url\":\"https:\\\/\\\/www.itakaescolapios.org\\\/eu\\\/author\\\/cameroun01\\\/\"}]}<\/script>\n<!-- \/ Yoast SEO plugin. -->","yoast_head_json":{"title":"- Itaka-Escolapios","description":"[:fr]Hier dimanche 8 d\u00e9cembre, s\u2019est tenu \u00e0 Malib\u00e9 (Gabon) la r\u00e9union mensuelle des volontaires piaristes. A l\u2019ordre du jour nous avons eu une pri\u00e8re d\u2019ouverture, la pri\u00e8re du volontaire Piariste, la Formation des volontaires sur la '' connaissance, philosophie profil et d\u00e9fis du volontariat piaristes'',\u00a0 la pr\u00e9paration P\u00e2ques juv\u00e9niles les divers puis la pri\u00e8re de&hellip;","robots":{"index":"index","follow":"follow","max-snippet":"max-snippet:-1","max-image-preview":"max-image-preview:large","max-video-preview":"max-video-preview:-1"},"canonical":"[:fr]Hier dimanche 8 d\u00e9cembre, s\u2019est tenu \u00e0 Malib\u00e9 (Gabon) la r\u00e9union mensuelle des volontaires piaristes. A l\u2019ordre du jour nous avons eu une pri\u00e8re d\u2019ouverture, la pri\u00e8re du volontaire Piariste, la Formation des volontaires sur la '' connaissance, philosophie profil et d\u00e9fis du volontariat piaristes'',\u00a0 la pr\u00e9paration P\u00e2ques juv\u00e9niles les divers puis la pri\u00e8re de&hellip;","og_locale":"en_US","og_type":"article","og_title":"- Itaka-Escolapios","og_description":"[:fr]Hier dimanche 8 d\u00e9cembre, s\u2019est tenu \u00e0 Malib\u00e9 (Gabon) la r\u00e9union mensuelle des volontaires piaristes. A l\u2019ordre du jour nous avons eu une pri\u00e8re d\u2019ouverture, la pri\u00e8re du volontaire Piariste, la Formation des volontaires sur la '' connaissance, philosophie profil et d\u00e9fis du volontariat piaristes'',\u00a0 la pr\u00e9paration P\u00e2ques juv\u00e9niles les divers puis la pri\u00e8re de&hellip;","og_url":"https:\/\/www.itakaescolapios.org\/eu\/2023\/01\/francais-reunion-mensuelle-des-volontaires-piaristes-de-malibe-gabon\/","og_site_name":"Itaka-Escolapios","article_published_time":"2023-01-09T09:54:12+00:00","article_modified_time":"2023-11-28T11:35:38+00:00","og_image":[{"width":1080,"height":810,"url":"https:\/\/www.itakaescolapios.org\/wp-content\/uploads\/2023\/01\/WhatsApp-Image-2023-01-08-at-2.41.11-PM.jpeg","type":"image\/jpeg"}],"author":"cameroun01","twitter_card":"summary_large_image","twitter_misc":{"Written by":"cameroun01","Est. reading time":"1 minutua"},"schema":{"@context":"https:\/\/schema.org","@graph":[{"@type":"Article","@id":"https:\/\/www.itakaescolapios.org\/eu\/2023\/01\/francais-reunion-mensuelle-des-volontaires-piaristes-de-malibe-gabon\/#article","isPartOf":{"@id":"https:\/\/www.itakaescolapios.org\/eu\/2023\/01\/francais-reunion-mensuelle-des-volontaires-piaristes-de-malibe-gabon\/"},"author":{"name":"cameroun01","@id":"https:\/\/www.itakaescolapios.org\/es\/#\/schema\/person\/d2844383e29bfdfef69039672ce14eb1"},"headline":"No title","datePublished":"2023-01-09T09:54:12+00:00","dateModified":"2023-11-28T11:35:38+00:00","mainEntityOfPage":{"@id":"https:\/\/www.itakaescolapios.org\/eu\/2023\/01\/francais-reunion-mensuelle-des-volontaires-piaristes-de-malibe-gabon\/"},"wordCount":99,"publisher":{"@id":"https:\/\/www.itakaescolapios.org\/es\/#organization"},"image":{"@id":"https:\/\/www.itakaescolapios.org\/eu\/2023\/01\/francais-reunion-mensuelle-des-volontaires-piaristes-de-malibe-gabon\/#primaryimage"},"thumbnailUrl":"https:\/\/www.itakaescolapios.org\/wp-content\/uploads\/2023\/01\/WhatsApp-Image-2023-01-08-at-2.41.11-PM.jpeg","articleSection":["Erdialdeko Afrika","Gab\u00f3n"],"inLanguage":"eu"},{"@type":"WebPage","@id":"https:\/\/www.itakaescolapios.org\/eu\/2023\/01\/francais-reunion-mensuelle-des-volontaires-piaristes-de-malibe-gabon\/","url":"https:\/\/www.itakaescolapios.org\/eu\/2023\/01\/francais-reunion-mensuelle-des-volontaires-piaristes-de-malibe-gabon\/","name":"- Itaka-Escolapios","isPartOf":{"@id":"https:\/\/www.itakaescolapios.org\/es\/#website"},"primaryImageOfPage":{"@id":"https:\/\/www.itakaescolapios.org\/eu\/2023\/01\/francais-reunion-mensuelle-des-volontaires-piaristes-de-malibe-gabon\/#primaryimage"},"image":{"@id":"https:\/\/www.itakaescolapios.org\/eu\/2023\/01\/francais-reunion-mensuelle-des-volontaires-piaristes-de-malibe-gabon\/#primaryimage"},"thumbnailUrl":"https:\/\/www.itakaescolapios.org\/wp-content\/uploads\/2023\/01\/WhatsApp-Image-2023-01-08-at-2.41.11-PM.jpeg","datePublished":"2023-01-09T09:54:12+00:00","dateModified":"2023-11-28T11:35:38+00:00","inLanguage":"eu","potentialAction":[{"@type":"ReadAction","target":["https:\/\/www.itakaescolapios.org\/eu\/2023\/01\/francais-reunion-mensuelle-des-volontaires-piaristes-de-malibe-gabon\/"]}]},{"@type":"ImageObject","inLanguage":"eu","@id":"https:\/\/www.itakaescolapios.org\/eu\/2023\/01\/francais-reunion-mensuelle-des-volontaires-piaristes-de-malibe-gabon\/#primaryimage","url":"https:\/\/www.itakaescolapios.org\/wp-content\/uploads\/2023\/01\/WhatsApp-Image-2023-01-08-at-2.41.11-PM.jpeg","contentUrl":"https:\/\/www.itakaescolapios.org\/wp-content\/uploads\/2023\/01\/WhatsApp-Image-2023-01-08-at-2.41.11-PM.jpeg","width":1080,"height":810},{"@type":"WebSite","@id":"https:\/\/www.itakaescolapios.org\/eu\/es\/#website","url":"https:\/\/www.itakaescolapios.org\/eu\/es\/","name":"Itaka-Escolapios","description":"Red de Itaka-Escolapios","publisher":{"@id":"https:\/\/www.itakaescolapios.org\/eu\/es\/#organization"},"potentialAction":[{"@type":"SearchAction","target":{"@type":"EntryPoint","urlTemplate":"https:\/\/www.itakaescolapios.org\/eu\/es\/?s={search_term_string}"},"query-input":{"@type":"PropertyValueSpecification","valueRequired":true,"valueName":"search_term_string"}}],"inLanguage":"eu"},{"@type":"Organization","@id":"https:\/\/www.itakaescolapios.org\/eu\/es\/#organization","name":"Fundaci\u00f3 Itaka-Escolapios","url":"https:\/\/www.itakaescolapios.org\/eu\/es\/","logo":{"@type":"ImageObject","inLanguage":"eu","@id":"https:\/\/www.itakaescolapios.org\/eu\/es\/#\/schema\/logo\/image\/","url":"https:\/\/www.itakaescolapios.org\/wp-content\/uploads\/2024\/04\/Logo-itakaescolapios-peque.png","contentUrl":"https:\/\/www.itakaescolapios.org\/wp-content\/uploads\/2024\/04\/Logo-itakaescolapios-peque.png","width":500,"height":199,"caption":"Fundaci\u00f3 Itaka-Escolapios"},"image":{"@id":"https:\/\/www.itakaescolapios.org\/eu\/es\/#\/schema\/logo\/image\/"}},{"@type":"Person","@id":"https:\/\/www.itakaescolapios.org\/es\/#\/schema\/person\/d2844383e29bfdfef69039672ce14eb1","name":"cameroun01","url":"https:\/\/www.itakaescolapios.org\/eu\/author\/cameroun01\/"}]}},"_links":{"self":[{"href":"https:\/\/www.itakaescolapios.org\/eu\/wp-json\/wp\/v2\/posts\/38296","targetHints":{"allow":["GET"]}}],"collection":[{"href":"https:\/\/www.itakaescolapios.org\/eu\/wp-json\/wp\/v2\/posts"}],"about":[{"href":"https:\/\/www.itakaescolapios.org\/eu\/wp-json\/wp\/v2\/types\/post"}],"author":[{"embeddable":true,"href":"https:\/\/www.itakaescolapios.org\/eu\/wp-json\/wp\/v2\/users\/15"}],"replies":[{"embeddable":true,"href":"https:\/\/www.itakaescolapios.org\/eu\/wp-json\/wp\/v2\/comments?post=38296"}],"version-history":[{"count":3,"href":"https:\/\/www.itakaescolapios.org\/eu\/wp-json\/wp\/v2\/posts\/38296\/revisions"}],"predecessor-version":[{"id":43731,"href":"https:\/\/www.itakaescolapios.org\/eu\/wp-json\/wp\/v2\/posts\/38296\/revisions\/43731"}],"wp:featuredmedia":[{"embeddable":true,"href":"https:\/\/www.itakaescolapios.org\/eu\/wp-json\/wp\/v2\/media\/38297"}],"wp:attachment":[{"href":"https:\/\/www.itakaescolapios.org\/eu\/wp-json\/wp\/v2\/media?parent=38296"}],"wp:term":[{"taxonomy":"category","embeddable":true,"href":"https:\/\/www.itakaescolapios.org\/eu\/wp-json\/wp\/v2\/categories?post=38296"},{"taxonomy":"post_tag","embeddable":true,"href":"https:\/\/www.itakaescolapios.org\/eu\/wp-json\/wp\/v2\/tags?post=38296"}],"curies":[{"name":"wp","href":"https:\/\/api.w.org\/{rel}","templated":true}]}}