{"id":38549,"date":"2023-02-13T14:03:41","date_gmt":"2023-02-13T13:03:41","guid":{"rendered":"https:\/\/www.itakaescolapios.org\/?p=38549"},"modified":"2023-11-28T12:35:36","modified_gmt":"2023-11-28T11:35:36","slug":"english-youth-day-2023-at-the-calasanz-intergrale-bilingual-school-complex-in-bafia","status":"publish","type":"post","link":"https:\/\/www.itakaescolapios.org\/eu\/2023\/02\/english-youth-day-2023-at-the-calasanz-intergrale-bilingual-school-complex-in-bafia\/","title":{"rendered":""},"content":{"rendered":"<p>[:en]<\/p>\n<p id=\"tw-target-text\" class=\"tw-data-text tw-text-large tw-ta\" dir=\"ltr\" data-placeholder=\"Traduction\"><span class=\"Y2IQFc\" lang=\"en\">On the theme &#8221; Youth: Great Opportunities and Participation in the Construction of a Peaceful, Stable and Emerging Cameroon &#8221;, was held last Saturday, February 11, 2023, the 53rd edition of the Youth Day. The Bilingual Intergrale School Complex Calasanz De Bafia (Centre Cameroon), participated in this celebration, through the parade of students . On this occasion, we won the award for excellence in the February 11 parade. It was a moment of joy, celebration and above all patriotism.<\/span><\/p>\n<div style=\"width: 640px;\" class=\"wp-video\"><video class=\"wp-video-shortcode\" id=\"video-38549-1\" width=\"640\" height=\"352\" preload=\"metadata\" controls=\"controls\"><source type=\"video\/mp4\" src=\"https:\/\/www.itakaescolapios.org\/wp-content\/uploads\/2023\/02\/WhatsApp-Video-2023-02-13-at-12.47.21.mp4?_=1\" \/><a href=\"https:\/\/www.itakaescolapios.org\/wp-content\/uploads\/2023\/02\/WhatsApp-Video-2023-02-13-at-12.47.21.mp4\">https:\/\/www.itakaescolapios.org\/wp-content\/uploads\/2023\/02\/WhatsApp-Video-2023-02-13-at-12.47.21.mp4<\/a><\/video><\/div>\n<p><img decoding=\"async\" class=\"size-full wp-image-38552 aligncenter\" src=\"https:\/\/www.itakaescolapios.org\/wp-content\/uploads\/2023\/02\/WhatsApp-Image-2023-02-13-at-12.47.22.jpeg\" alt=\"\" width=\"607\" height=\"1080\" srcset=\"https:\/\/www.itakaescolapios.org\/wp-content\/uploads\/2023\/02\/WhatsApp-Image-2023-02-13-at-12.47.22.jpeg 607w, https:\/\/www.itakaescolapios.org\/wp-content\/uploads\/2023\/02\/WhatsApp-Image-2023-02-13-at-12.47.22-169x300.jpeg 169w, https:\/\/www.itakaescolapios.org\/wp-content\/uploads\/2023\/02\/WhatsApp-Image-2023-02-13-at-12.47.22-576x1024.jpeg 576w, https:\/\/www.itakaescolapios.org\/wp-content\/uploads\/2023\/02\/WhatsApp-Image-2023-02-13-at-12.47.22-250x445.jpeg 250w\" sizes=\"(max-width: 607px) 100vw, 607px\" \/>[:fr]Sur le th\u00e8me &#8221; Jeunesse : Grandes Opportunit\u00e9s et Participation \u00e0 la Construction d&#8217;un Cameroun en paix, stable et \u00e9mergent &#8221;, s\u2019est tenu samedi dernier 11 f\u00e9vrier 2023, la 53eme \u00e9dition de la f\u00eate de la jeunesse. Le Complexe Scolaire Intergrale Bilingue Calasanz De Bafia\u00a0 (Centre Cameroun), a particip\u00e9 \u00e0 cette c\u00e9l\u00e9bration, \u00e0 travers le d\u00e9fil\u00e9 des \u00e9l\u00e8ves. Nous avons \u00e0 cette occasion, remport\u00e9 le prix de de l\u2019excellence du d\u00e9fil\u00e9 du 11 f\u00e9vrier. C\u2019\u00e9tait un moment de joie, de c\u00e9l\u00e9bration et surtout de patriotisme.<\/p>\n<div style=\"width: 640px;\" class=\"wp-video\"><video class=\"wp-video-shortcode\" id=\"video-38549-2\" width=\"640\" height=\"352\" preload=\"metadata\" controls=\"controls\"><source type=\"video\/mp4\" src=\"https:\/\/www.itakaescolapios.org\/wp-content\/uploads\/2023\/02\/WhatsApp-Video-2023-02-13-at-12.47.21.mp4?_=2\" \/><a href=\"https:\/\/www.itakaescolapios.org\/wp-content\/uploads\/2023\/02\/WhatsApp-Video-2023-02-13-at-12.47.21.mp4\">https:\/\/www.itakaescolapios.org\/wp-content\/uploads\/2023\/02\/WhatsApp-Video-2023-02-13-at-12.47.21.mp4<\/a><\/video><\/div>\n<p><img decoding=\"async\" class=\"size-full wp-image-38552 aligncenter\" src=\"https:\/\/www.itakaescolapios.org\/wp-content\/uploads\/2023\/02\/WhatsApp-Image-2023-02-13-at-12.47.22.jpeg\" alt=\"\" width=\"607\" height=\"1080\" srcset=\"https:\/\/www.itakaescolapios.org\/wp-content\/uploads\/2023\/02\/WhatsApp-Image-2023-02-13-at-12.47.22.jpeg 607w, https:\/\/www.itakaescolapios.org\/wp-content\/uploads\/2023\/02\/WhatsApp-Image-2023-02-13-at-12.47.22-169x300.jpeg 169w, https:\/\/www.itakaescolapios.org\/wp-content\/uploads\/2023\/02\/WhatsApp-Image-2023-02-13-at-12.47.22-576x1024.jpeg 576w, https:\/\/www.itakaescolapios.org\/wp-content\/uploads\/2023\/02\/WhatsApp-Image-2023-02-13-at-12.47.22-250x445.jpeg 250w\" sizes=\"(max-width: 607px) 100vw, 607px\" \/>[:]<\/p>\n","protected":false},"excerpt":{"rendered":"<p>[:en] On the theme &#8221; Youth: Great Opportunities and Participation in the Construction of a Peaceful, Stable and Emerging Cameroon &#8221;, was held last Saturday, February 11, 2023, the 53rd [&hellip;]<\/p>\n","protected":false},"author":15,"featured_media":38550,"comment_status":"closed","ping_status":"closed","sticky":false,"template":"","format":"standard","meta":{"_et_pb_use_builder":"","_et_pb_old_content":"","_et_gb_content_width":"","footnotes":""},"categories":[53,10],"tags":[],"class_list":["post-38549","post","type-post","status-publish","format-standard","has-post-thumbnail","hentry","category-africa-central","category-camerun"],"yoast_head":"<!-- This site is optimized with the Yoast SEO plugin v27.4 - https:\/\/yoast.com\/product\/yoast-seo-wordpress\/ -->\n<title>- Itaka-Escolapios<\/title>\n<meta name=\"description\" content=\"[:en]On the theme &#039;&#039; Youth: Great Opportunities and Participation in the Construction of a Peaceful, Stable and Emerging Cameroon &#039;&#039;, was held last Saturday, February 11, 2023, the 53rd edition of the Youth Day. The Bilingual Intergrale School Complex Calasanz De Bafia (Centre Cameroon), participated in this celebration, through the parade of students . On&hellip;\" \/>\n<meta name=\"robots\" content=\"index, follow, max-snippet:-1, max-image-preview:large, max-video-preview:-1\" \/>\n<link rel=\"canonical\" href=\"\" \/>\n<meta property=\"og:locale\" content=\"en_US\" \/>\n<meta property=\"og:type\" content=\"article\" \/>\n<meta property=\"og:title\" content=\"- Itaka-Escolapios\" \/>\n<meta property=\"og:description\" content=\"[:en]On the theme &#039;&#039; Youth: Great Opportunities and Participation in the Construction of a Peaceful, Stable and Emerging Cameroon &#039;&#039;, was held last Saturday, February 11, 2023, the 53rd edition of the Youth Day. The Bilingual Intergrale School Complex Calasanz De Bafia (Centre Cameroon), participated in this celebration, through the parade of students . On&hellip;\" \/>\n<meta property=\"og:url\" content=\"https:\/\/www.itakaescolapios.org\/eu\/2023\/02\/english-youth-day-2023-at-the-calasanz-intergrale-bilingual-school-complex-in-bafia\/\" \/>\n<meta property=\"og:site_name\" content=\"Itaka-Escolapios\" \/>\n<meta property=\"article:published_time\" content=\"2023-02-13T13:03:41+00:00\" \/>\n<meta property=\"article:modified_time\" content=\"2023-11-28T11:35:36+00:00\" \/>\n<meta property=\"og:image\" content=\"https:\/\/www.itakaescolapios.org\/wp-content\/uploads\/2023\/02\/WhatsApp-Image-2023-02-13-at-12.47.20.jpeg\" \/>\n\t<meta property=\"og:image:width\" content=\"1280\" \/>\n\t<meta property=\"og:image:height\" content=\"1280\" \/>\n\t<meta property=\"og:image:type\" content=\"image\/jpeg\" \/>\n<meta name=\"author\" content=\"cameroun01\" \/>\n<meta name=\"twitter:card\" content=\"summary_large_image\" \/>\n<meta name=\"twitter:label1\" content=\"Written by\" \/>\n\t<meta name=\"twitter:data1\" content=\"cameroun01\" \/>\n\t<meta name=\"twitter:label2\" content=\"Est. reading time\" \/>\n\t<meta name=\"twitter:data2\" content=\"1 minutua\" \/>\n<script type=\"application\/ld+json\" class=\"yoast-schema-graph\">{\"@context\":\"https:\\\/\\\/schema.org\",\"@graph\":[{\"@type\":\"Article\",\"@id\":\"https:\\\/\\\/www.itakaescolapios.org\\\/eu\\\/2023\\\/02\\\/english-youth-day-2023-at-the-calasanz-intergrale-bilingual-school-complex-in-bafia\\\/#article\",\"isPartOf\":{\"@id\":\"https:\\\/\\\/www.itakaescolapios.org\\\/eu\\\/2023\\\/02\\\/english-youth-day-2023-at-the-calasanz-intergrale-bilingual-school-complex-in-bafia\\\/\"},\"author\":{\"name\":\"cameroun01\",\"@id\":\"https:\\\/\\\/www.itakaescolapios.org\\\/es\\\/#\\\/schema\\\/person\\\/d2844383e29bfdfef69039672ce14eb1\"},\"headline\":\"No title\",\"datePublished\":\"2023-02-13T13:03:41+00:00\",\"dateModified\":\"2023-11-28T11:35:36+00:00\",\"mainEntityOfPage\":{\"@id\":\"https:\\\/\\\/www.itakaescolapios.org\\\/eu\\\/2023\\\/02\\\/english-youth-day-2023-at-the-calasanz-intergrale-bilingual-school-complex-in-bafia\\\/\"},\"wordCount\":198,\"publisher\":{\"@id\":\"https:\\\/\\\/www.itakaescolapios.org\\\/es\\\/#organization\"},\"image\":{\"@id\":\"https:\\\/\\\/www.itakaescolapios.org\\\/eu\\\/2023\\\/02\\\/english-youth-day-2023-at-the-calasanz-intergrale-bilingual-school-complex-in-bafia\\\/#primaryimage\"},\"thumbnailUrl\":\"https:\\\/\\\/www.itakaescolapios.org\\\/wp-content\\\/uploads\\\/2023\\\/02\\\/WhatsApp-Image-2023-02-13-at-12.47.20.jpeg\",\"articleSection\":[\"Erdialdeko Afrika\",\"Kamerun\"],\"inLanguage\":\"eu\"},{\"@type\":\"WebPage\",\"@id\":\"https:\\\/\\\/www.itakaescolapios.org\\\/eu\\\/2023\\\/02\\\/english-youth-day-2023-at-the-calasanz-intergrale-bilingual-school-complex-in-bafia\\\/\",\"url\":\"https:\\\/\\\/www.itakaescolapios.org\\\/eu\\\/2023\\\/02\\\/english-youth-day-2023-at-the-calasanz-intergrale-bilingual-school-complex-in-bafia\\\/\",\"name\":\"- Itaka-Escolapios\",\"isPartOf\":{\"@id\":\"https:\\\/\\\/www.itakaescolapios.org\\\/es\\\/#website\"},\"primaryImageOfPage\":{\"@id\":\"https:\\\/\\\/www.itakaescolapios.org\\\/eu\\\/2023\\\/02\\\/english-youth-day-2023-at-the-calasanz-intergrale-bilingual-school-complex-in-bafia\\\/#primaryimage\"},\"image\":{\"@id\":\"https:\\\/\\\/www.itakaescolapios.org\\\/eu\\\/2023\\\/02\\\/english-youth-day-2023-at-the-calasanz-intergrale-bilingual-school-complex-in-bafia\\\/#primaryimage\"},\"thumbnailUrl\":\"https:\\\/\\\/www.itakaescolapios.org\\\/wp-content\\\/uploads\\\/2023\\\/02\\\/WhatsApp-Image-2023-02-13-at-12.47.20.jpeg\",\"datePublished\":\"2023-02-13T13:03:41+00:00\",\"dateModified\":\"2023-11-28T11:35:36+00:00\",\"inLanguage\":\"eu\",\"potentialAction\":[{\"@type\":\"ReadAction\",\"target\":[\"https:\\\/\\\/www.itakaescolapios.org\\\/eu\\\/2023\\\/02\\\/english-youth-day-2023-at-the-calasanz-intergrale-bilingual-school-complex-in-bafia\\\/\"]}]},{\"@type\":\"ImageObject\",\"inLanguage\":\"eu\",\"@id\":\"https:\\\/\\\/www.itakaescolapios.org\\\/eu\\\/2023\\\/02\\\/english-youth-day-2023-at-the-calasanz-intergrale-bilingual-school-complex-in-bafia\\\/#primaryimage\",\"url\":\"https:\\\/\\\/www.itakaescolapios.org\\\/wp-content\\\/uploads\\\/2023\\\/02\\\/WhatsApp-Image-2023-02-13-at-12.47.20.jpeg\",\"contentUrl\":\"https:\\\/\\\/www.itakaescolapios.org\\\/wp-content\\\/uploads\\\/2023\\\/02\\\/WhatsApp-Image-2023-02-13-at-12.47.20.jpeg\",\"width\":1280,\"height\":1280},{\"@type\":\"WebSite\",\"@id\":\"https:\\\/\\\/www.itakaescolapios.org\\\/eu\\\/es\\\/#website\",\"url\":\"https:\\\/\\\/www.itakaescolapios.org\\\/eu\\\/es\\\/\",\"name\":\"Itaka-Escolapios\",\"description\":\"Red de Itaka-Escolapios\",\"publisher\":{\"@id\":\"https:\\\/\\\/www.itakaescolapios.org\\\/eu\\\/es\\\/#organization\"},\"potentialAction\":[{\"@type\":\"SearchAction\",\"target\":{\"@type\":\"EntryPoint\",\"urlTemplate\":\"https:\\\/\\\/www.itakaescolapios.org\\\/eu\\\/es\\\/?s={search_term_string}\"},\"query-input\":{\"@type\":\"PropertyValueSpecification\",\"valueRequired\":true,\"valueName\":\"search_term_string\"}}],\"inLanguage\":\"eu\"},{\"@type\":\"Organization\",\"@id\":\"https:\\\/\\\/www.itakaescolapios.org\\\/eu\\\/es\\\/#organization\",\"name\":\"Fundaci\u00f3 Itaka-Escolapios\",\"url\":\"https:\\\/\\\/www.itakaescolapios.org\\\/eu\\\/es\\\/\",\"logo\":{\"@type\":\"ImageObject\",\"inLanguage\":\"eu\",\"@id\":\"https:\\\/\\\/www.itakaescolapios.org\\\/eu\\\/es\\\/#\\\/schema\\\/logo\\\/image\\\/\",\"url\":\"https:\\\/\\\/www.itakaescolapios.org\\\/wp-content\\\/uploads\\\/2024\\\/04\\\/Logo-itakaescolapios-peque.png\",\"contentUrl\":\"https:\\\/\\\/www.itakaescolapios.org\\\/wp-content\\\/uploads\\\/2024\\\/04\\\/Logo-itakaescolapios-peque.png\",\"width\":500,\"height\":199,\"caption\":\"Fundaci\u00f3 Itaka-Escolapios\"},\"image\":{\"@id\":\"https:\\\/\\\/www.itakaescolapios.org\\\/eu\\\/es\\\/#\\\/schema\\\/logo\\\/image\\\/\"}},{\"@type\":\"Person\",\"@id\":\"https:\\\/\\\/www.itakaescolapios.org\\\/es\\\/#\\\/schema\\\/person\\\/d2844383e29bfdfef69039672ce14eb1\",\"name\":\"cameroun01\",\"url\":\"https:\\\/\\\/www.itakaescolapios.org\\\/eu\\\/author\\\/cameroun01\\\/\"}]}<\/script>\n<!-- \/ Yoast SEO plugin. -->","yoast_head_json":{"title":"- Itaka-Escolapios","description":"[:en]On the theme '' Youth: Great Opportunities and Participation in the Construction of a Peaceful, Stable and Emerging Cameroon '', was held last Saturday, February 11, 2023, the 53rd edition of the Youth Day. The Bilingual Intergrale School Complex Calasanz De Bafia (Centre Cameroon), participated in this celebration, through the parade of students . On&hellip;","robots":{"index":"index","follow":"follow","max-snippet":"max-snippet:-1","max-image-preview":"max-image-preview:large","max-video-preview":"max-video-preview:-1"},"canonical":"[:en]On the theme '' Youth: Great Opportunities and Participation in the Construction of a Peaceful, Stable and Emerging Cameroon '', was held last Saturday, February 11, 2023, the 53rd edition of the Youth Day. The Bilingual Intergrale School Complex Calasanz De Bafia (Centre Cameroon), participated in this celebration, through the parade of students . On&hellip;","og_locale":"en_US","og_type":"article","og_title":"- Itaka-Escolapios","og_description":"[:en]On the theme '' Youth: Great Opportunities and Participation in the Construction of a Peaceful, Stable and Emerging Cameroon '', was held last Saturday, February 11, 2023, the 53rd edition of the Youth Day. The Bilingual Intergrale School Complex Calasanz De Bafia (Centre Cameroon), participated in this celebration, through the parade of students . On&hellip;","og_url":"https:\/\/www.itakaescolapios.org\/eu\/2023\/02\/english-youth-day-2023-at-the-calasanz-intergrale-bilingual-school-complex-in-bafia\/","og_site_name":"Itaka-Escolapios","article_published_time":"2023-02-13T13:03:41+00:00","article_modified_time":"2023-11-28T11:35:36+00:00","og_image":[{"width":1280,"height":1280,"url":"https:\/\/www.itakaescolapios.org\/wp-content\/uploads\/2023\/02\/WhatsApp-Image-2023-02-13-at-12.47.20.jpeg","type":"image\/jpeg"}],"author":"cameroun01","twitter_card":"summary_large_image","twitter_misc":{"Written by":"cameroun01","Est. reading time":"1 minutua"},"schema":{"@context":"https:\/\/schema.org","@graph":[{"@type":"Article","@id":"https:\/\/www.itakaescolapios.org\/eu\/2023\/02\/english-youth-day-2023-at-the-calasanz-intergrale-bilingual-school-complex-in-bafia\/#article","isPartOf":{"@id":"https:\/\/www.itakaescolapios.org\/eu\/2023\/02\/english-youth-day-2023-at-the-calasanz-intergrale-bilingual-school-complex-in-bafia\/"},"author":{"name":"cameroun01","@id":"https:\/\/www.itakaescolapios.org\/es\/#\/schema\/person\/d2844383e29bfdfef69039672ce14eb1"},"headline":"No title","datePublished":"2023-02-13T13:03:41+00:00","dateModified":"2023-11-28T11:35:36+00:00","mainEntityOfPage":{"@id":"https:\/\/www.itakaescolapios.org\/eu\/2023\/02\/english-youth-day-2023-at-the-calasanz-intergrale-bilingual-school-complex-in-bafia\/"},"wordCount":198,"publisher":{"@id":"https:\/\/www.itakaescolapios.org\/es\/#organization"},"image":{"@id":"https:\/\/www.itakaescolapios.org\/eu\/2023\/02\/english-youth-day-2023-at-the-calasanz-intergrale-bilingual-school-complex-in-bafia\/#primaryimage"},"thumbnailUrl":"https:\/\/www.itakaescolapios.org\/wp-content\/uploads\/2023\/02\/WhatsApp-Image-2023-02-13-at-12.47.20.jpeg","articleSection":["Erdialdeko Afrika","Kamerun"],"inLanguage":"eu"},{"@type":"WebPage","@id":"https:\/\/www.itakaescolapios.org\/eu\/2023\/02\/english-youth-day-2023-at-the-calasanz-intergrale-bilingual-school-complex-in-bafia\/","url":"https:\/\/www.itakaescolapios.org\/eu\/2023\/02\/english-youth-day-2023-at-the-calasanz-intergrale-bilingual-school-complex-in-bafia\/","name":"- Itaka-Escolapios","isPartOf":{"@id":"https:\/\/www.itakaescolapios.org\/es\/#website"},"primaryImageOfPage":{"@id":"https:\/\/www.itakaescolapios.org\/eu\/2023\/02\/english-youth-day-2023-at-the-calasanz-intergrale-bilingual-school-complex-in-bafia\/#primaryimage"},"image":{"@id":"https:\/\/www.itakaescolapios.org\/eu\/2023\/02\/english-youth-day-2023-at-the-calasanz-intergrale-bilingual-school-complex-in-bafia\/#primaryimage"},"thumbnailUrl":"https:\/\/www.itakaescolapios.org\/wp-content\/uploads\/2023\/02\/WhatsApp-Image-2023-02-13-at-12.47.20.jpeg","datePublished":"2023-02-13T13:03:41+00:00","dateModified":"2023-11-28T11:35:36+00:00","inLanguage":"eu","potentialAction":[{"@type":"ReadAction","target":["https:\/\/www.itakaescolapios.org\/eu\/2023\/02\/english-youth-day-2023-at-the-calasanz-intergrale-bilingual-school-complex-in-bafia\/"]}]},{"@type":"ImageObject","inLanguage":"eu","@id":"https:\/\/www.itakaescolapios.org\/eu\/2023\/02\/english-youth-day-2023-at-the-calasanz-intergrale-bilingual-school-complex-in-bafia\/#primaryimage","url":"https:\/\/www.itakaescolapios.org\/wp-content\/uploads\/2023\/02\/WhatsApp-Image-2023-02-13-at-12.47.20.jpeg","contentUrl":"https:\/\/www.itakaescolapios.org\/wp-content\/uploads\/2023\/02\/WhatsApp-Image-2023-02-13-at-12.47.20.jpeg","width":1280,"height":1280},{"@type":"WebSite","@id":"https:\/\/www.itakaescolapios.org\/eu\/es\/#website","url":"https:\/\/www.itakaescolapios.org\/eu\/es\/","name":"Itaka-Escolapios","description":"Red de Itaka-Escolapios","publisher":{"@id":"https:\/\/www.itakaescolapios.org\/eu\/es\/#organization"},"potentialAction":[{"@type":"SearchAction","target":{"@type":"EntryPoint","urlTemplate":"https:\/\/www.itakaescolapios.org\/eu\/es\/?s={search_term_string}"},"query-input":{"@type":"PropertyValueSpecification","valueRequired":true,"valueName":"search_term_string"}}],"inLanguage":"eu"},{"@type":"Organization","@id":"https:\/\/www.itakaescolapios.org\/eu\/es\/#organization","name":"Fundaci\u00f3 Itaka-Escolapios","url":"https:\/\/www.itakaescolapios.org\/eu\/es\/","logo":{"@type":"ImageObject","inLanguage":"eu","@id":"https:\/\/www.itakaescolapios.org\/eu\/es\/#\/schema\/logo\/image\/","url":"https:\/\/www.itakaescolapios.org\/wp-content\/uploads\/2024\/04\/Logo-itakaescolapios-peque.png","contentUrl":"https:\/\/www.itakaescolapios.org\/wp-content\/uploads\/2024\/04\/Logo-itakaescolapios-peque.png","width":500,"height":199,"caption":"Fundaci\u00f3 Itaka-Escolapios"},"image":{"@id":"https:\/\/www.itakaescolapios.org\/eu\/es\/#\/schema\/logo\/image\/"}},{"@type":"Person","@id":"https:\/\/www.itakaescolapios.org\/es\/#\/schema\/person\/d2844383e29bfdfef69039672ce14eb1","name":"cameroun01","url":"https:\/\/www.itakaescolapios.org\/eu\/author\/cameroun01\/"}]}},"_links":{"self":[{"href":"https:\/\/www.itakaescolapios.org\/eu\/wp-json\/wp\/v2\/posts\/38549","targetHints":{"allow":["GET"]}}],"collection":[{"href":"https:\/\/www.itakaescolapios.org\/eu\/wp-json\/wp\/v2\/posts"}],"about":[{"href":"https:\/\/www.itakaescolapios.org\/eu\/wp-json\/wp\/v2\/types\/post"}],"author":[{"embeddable":true,"href":"https:\/\/www.itakaescolapios.org\/eu\/wp-json\/wp\/v2\/users\/15"}],"replies":[{"embeddable":true,"href":"https:\/\/www.itakaescolapios.org\/eu\/wp-json\/wp\/v2\/comments?post=38549"}],"version-history":[{"count":3,"href":"https:\/\/www.itakaescolapios.org\/eu\/wp-json\/wp\/v2\/posts\/38549\/revisions"}],"predecessor-version":[{"id":43699,"href":"https:\/\/www.itakaescolapios.org\/eu\/wp-json\/wp\/v2\/posts\/38549\/revisions\/43699"}],"wp:featuredmedia":[{"embeddable":true,"href":"https:\/\/www.itakaescolapios.org\/eu\/wp-json\/wp\/v2\/media\/38550"}],"wp:attachment":[{"href":"https:\/\/www.itakaescolapios.org\/eu\/wp-json\/wp\/v2\/media?parent=38549"}],"wp:term":[{"taxonomy":"category","embeddable":true,"href":"https:\/\/www.itakaescolapios.org\/eu\/wp-json\/wp\/v2\/categories?post=38549"},{"taxonomy":"post_tag","embeddable":true,"href":"https:\/\/www.itakaescolapios.org\/eu\/wp-json\/wp\/v2\/tags?post=38549"}],"curies":[{"name":"wp","href":"https:\/\/api.w.org\/{rel}","templated":true}]}}