{"id":42511,"date":"2023-06-05T11:13:19","date_gmt":"2023-06-05T10:13:19","guid":{"rendered":"https:\/\/www.itakaescolapios.org\/?p=42511"},"modified":"2023-11-28T12:35:32","modified_gmt":"2023-11-28T11:35:32","slug":"nterkulturaldi-2023","status":"publish","type":"post","link":"https:\/\/www.itakaescolapios.org\/eu\/2023\/06\/nterkulturaldi-2023\/","title":{"rendered":"INTERKULTURALDI 2023"},"content":{"rendered":"<p>El s\u00e1bado celebrabamos un curso m\u00e1s el Interkulturaldi. Disfrutamos como comunidad educativa, social y cristiana escolapia de un lugar donde vivir, convivir, crecer, formarse y descubrir la propia vocaci\u00f3n desde el m\u00e1ximo respeto a lo que cada persona somos y la b\u00fasqueda de lo que cada cual puede aportar a las dem\u00e1s y a su entorno.<\/p>\n<p>En Itaka Escolapios llevamos adelante d\u00eda a d\u00eda la formaci\u00f3n de personas de todas las edades, creencias, culturas y condici\u00f3n. Todas nos sentimos en proceso de formaci\u00f3n permanente. Y lo que tiene todav\u00eda m\u00e1s valor, convivimos y nos enriquecemos mutuamente precisamente gracias a esa gran diversidad y horizonte compartido. Hacer esto hoy en d\u00eda es el mejor ejemplo y legado que podemos ofrecer a las actuales generaciones, a nuestra sociedad y a nuestra Iglesia.<\/p>\n<p>&nbsp;<\/p>\n<p>&nbsp;<\/p>\n<p>&nbsp;<\/p>\n\n\t\t<style type=\"text\/css\">\n\t\t\t#gallery-1 {\n\t\t\t\tmargin: auto;\n\t\t\t}\n\t\t\t#gallery-1 .gallery-item {\n\t\t\t\tfloat: left;\n\t\t\t\tmargin-top: 10px;\n\t\t\t\ttext-align: center;\n\t\t\t\twidth: 33%;\n\t\t\t}\n\t\t\t#gallery-1 img {\n\t\t\t\tborder: 2px solid #cfcfcf;\n\t\t\t}\n\t\t\t#gallery-1 .gallery-caption {\n\t\t\t\tmargin-left: 0;\n\t\t\t}\n\t\t\t\/* see gallery_shortcode() in wp-includes\/media.php *\/\n\t\t<\/style>\n\t\t<div id='gallery-1' class='gallery galleryid-42511 gallery-columns-3 gallery-size-thumbnail'><dl class='gallery-item'>\n\t\t\t<dt class='gallery-icon portrait'>\n\t\t\t\t<a href='https:\/\/www.itakaescolapios.org\/eu\/cartel-interkulturaldi-2023\/'><img decoding=\"async\" width=\"90\" height=\"90\" src=\"https:\/\/www.itakaescolapios.org\/wp-content\/uploads\/2023\/06\/Cartel-Interkulturaldi-2023-90x90.jpg\" class=\"attachment-thumbnail size-thumbnail\" alt=\"\" \/><\/a>\n\t\t\t<\/dt><\/dl><dl class='gallery-item'>\n\t\t\t<dt class='gallery-icon landscape'>\n\t\t\t\t<a href='https:\/\/www.itakaescolapios.org\/eu\/350843732_666168175354343_4604651491101057588_n\/'><img decoding=\"async\" width=\"90\" height=\"90\" src=\"https:\/\/www.itakaescolapios.org\/wp-content\/uploads\/2023\/06\/350843732_666168175354343_4604651491101057588_n-90x90.jpg\" class=\"attachment-thumbnail size-thumbnail\" alt=\"\" \/><\/a>\n\t\t\t<\/dt><\/dl><dl class='gallery-item'>\n\t\t\t<dt class='gallery-icon landscape'>\n\t\t\t\t<a href='https:\/\/www.itakaescolapios.org\/eu\/351532941_1232857467365645_3318633246413877080_n\/'><img decoding=\"async\" width=\"90\" height=\"90\" src=\"https:\/\/www.itakaescolapios.org\/wp-content\/uploads\/2023\/06\/351532941_1232857467365645_3318633246413877080_n-90x90.jpg\" class=\"attachment-thumbnail size-thumbnail\" alt=\"\" \/><\/a>\n\t\t\t<\/dt><\/dl><br style=\"clear: both\" \/><dl class='gallery-item'>\n\t\t\t<dt class='gallery-icon landscape'>\n\t\t\t\t<a href='https:\/\/www.itakaescolapios.org\/eu\/352183662_813164376843952_8454170891841562376_n\/'><img decoding=\"async\" width=\"90\" height=\"90\" src=\"https:\/\/www.itakaescolapios.org\/wp-content\/uploads\/2023\/06\/352183662_813164376843952_8454170891841562376_n-90x90.jpg\" class=\"attachment-thumbnail size-thumbnail\" alt=\"\" \/><\/a>\n\t\t\t<\/dt><\/dl><dl class='gallery-item'>\n\t\t\t<dt class='gallery-icon landscape'>\n\t\t\t\t<a href='https:\/\/www.itakaescolapios.org\/eu\/351575135_817161156645833_2707647349487776595_n\/'><img decoding=\"async\" width=\"90\" height=\"90\" src=\"https:\/\/www.itakaescolapios.org\/wp-content\/uploads\/2023\/06\/351575135_817161156645833_2707647349487776595_n-90x90.jpg\" class=\"attachment-thumbnail size-thumbnail\" alt=\"\" \/><\/a>\n\t\t\t<\/dt><\/dl><dl class='gallery-item'>\n\t\t\t<dt class='gallery-icon landscape'>\n\t\t\t\t<a href='https:\/\/www.itakaescolapios.org\/eu\/351350099_6164226203613459_6654663267027829971_n\/'><img decoding=\"async\" width=\"90\" height=\"90\" src=\"https:\/\/www.itakaescolapios.org\/wp-content\/uploads\/2023\/06\/351350099_6164226203613459_6654663267027829971_n-90x90.jpg\" class=\"attachment-thumbnail size-thumbnail\" alt=\"\" \/><\/a>\n\t\t\t<\/dt><\/dl><br style=\"clear: both\" \/><dl class='gallery-item'>\n\t\t\t<dt class='gallery-icon landscape'>\n\t\t\t\t<a href='https:\/\/www.itakaescolapios.org\/eu\/351900833_826865102143310_6503475768894889394_n\/'><img decoding=\"async\" width=\"90\" height=\"90\" src=\"https:\/\/www.itakaescolapios.org\/wp-content\/uploads\/2023\/06\/351900833_826865102143310_6503475768894889394_n-90x90.jpg\" class=\"attachment-thumbnail size-thumbnail\" alt=\"\" \/><\/a>\n\t\t\t<\/dt><\/dl><dl class='gallery-item'>\n\t\t\t<dt class='gallery-icon landscape'>\n\t\t\t\t<a href='https:\/\/www.itakaescolapios.org\/eu\/351511170_5778615412238151_5281640057428089597_n\/'><img decoding=\"async\" width=\"90\" height=\"90\" src=\"https:\/\/www.itakaescolapios.org\/wp-content\/uploads\/2023\/06\/351511170_5778615412238151_5281640057428089597_n-90x90.jpg\" class=\"attachment-thumbnail size-thumbnail\" alt=\"\" \/><\/a>\n\t\t\t<\/dt><\/dl><dl class='gallery-item'>\n\t\t\t<dt class='gallery-icon landscape'>\n\t\t\t\t<a href='https:\/\/www.itakaescolapios.org\/eu\/351791312_169284125895014_831772277350928317_n\/'><img decoding=\"async\" width=\"90\" height=\"90\" src=\"https:\/\/www.itakaescolapios.org\/wp-content\/uploads\/2023\/06\/351791312_169284125895014_831772277350928317_n-90x90.jpg\" class=\"attachment-thumbnail size-thumbnail\" alt=\"\" \/><\/a>\n\t\t\t<\/dt><\/dl><br style=\"clear: both\" \/><dl class='gallery-item'>\n\t\t\t<dt class='gallery-icon landscape'>\n\t\t\t\t<a href='https:\/\/www.itakaescolapios.org\/eu\/351915797_3505408199713917_7163513867504621057_n\/'><img decoding=\"async\" width=\"90\" height=\"90\" src=\"https:\/\/www.itakaescolapios.org\/wp-content\/uploads\/2023\/06\/351915797_3505408199713917_7163513867504621057_n-90x90.jpg\" class=\"attachment-thumbnail size-thumbnail\" alt=\"\" \/><\/a>\n\t\t\t<\/dt><\/dl><dl class='gallery-item'>\n\t\t\t<dt class='gallery-icon landscape'>\n\t\t\t\t<a href='https:\/\/www.itakaescolapios.org\/eu\/352060941_675807411025509_8482489788946003251_n\/'><img decoding=\"async\" width=\"90\" height=\"90\" src=\"https:\/\/www.itakaescolapios.org\/wp-content\/uploads\/2023\/06\/352060941_675807411025509_8482489788946003251_n-90x90.jpg\" class=\"attachment-thumbnail size-thumbnail\" alt=\"\" \/><\/a>\n\t\t\t<\/dt><\/dl><dl class='gallery-item'>\n\t\t\t<dt class='gallery-icon landscape'>\n\t\t\t\t<a href='https:\/\/www.itakaescolapios.org\/eu\/351604770_210630405120949_4806199685748660541_n\/'><img decoding=\"async\" width=\"90\" height=\"90\" src=\"https:\/\/www.itakaescolapios.org\/wp-content\/uploads\/2023\/06\/351604770_210630405120949_4806199685748660541_n-90x90.jpg\" class=\"attachment-thumbnail size-thumbnail\" alt=\"\" \/><\/a>\n\t\t\t<\/dt><\/dl><br style=\"clear: both\" \/><dl class='gallery-item'>\n\t\t\t<dt class='gallery-icon landscape'>\n\t\t\t\t<a href='https:\/\/www.itakaescolapios.org\/eu\/351478886_1476198036451972_1443351090366342656_n\/'><img decoding=\"async\" width=\"90\" height=\"90\" src=\"https:\/\/www.itakaescolapios.org\/wp-content\/uploads\/2023\/06\/351478886_1476198036451972_1443351090366342656_n-90x90.jpg\" class=\"attachment-thumbnail size-thumbnail\" alt=\"\" \/><\/a>\n\t\t\t<\/dt><\/dl><dl class='gallery-item'>\n\t\t\t<dt class='gallery-icon landscape'>\n\t\t\t\t<a href='https:\/\/www.itakaescolapios.org\/eu\/351462822_1994858000857307_2932979094047958162_n\/'><img decoding=\"async\" width=\"90\" height=\"90\" src=\"https:\/\/www.itakaescolapios.org\/wp-content\/uploads\/2023\/06\/351462822_1994858000857307_2932979094047958162_n-90x90.jpg\" class=\"attachment-thumbnail size-thumbnail\" alt=\"\" \/><\/a>\n\t\t\t<\/dt><\/dl>\n\t\t\t<br style='clear: both' \/>\n\t\t<\/div>\n\n","protected":false},"excerpt":{"rendered":"<p>El s\u00e1bado celebrabamos un curso m\u00e1s el Interkulturaldi. Disfrutamos como comunidad educativa, social y cristiana escolapia de un lugar donde vivir, convivir, crecer, formarse y descubrir la propia vocaci\u00f3n desde [&hellip;]<\/p>\n","protected":false},"author":1,"featured_media":42525,"comment_status":"closed","ping_status":"closed","sticky":false,"template":"","format":"standard","meta":{"_et_pb_use_builder":"","_et_pb_old_content":"","_et_gb_content_width":"","footnotes":""},"categories":[9],"tags":[],"class_list":["post-42511","post","type-post","status-publish","format-standard","has-post-thumbnail","hentry","category-bilbao"],"yoast_head":"<!-- This site is optimized with the Yoast SEO plugin v27.4 - https:\/\/yoast.com\/product\/yoast-seo-wordpress\/ -->\n<title>INTERKULTURALDI 2023<\/title>\n<meta name=\"description\" content=\"El s\u00e1bado celebrabamos un curso m\u00e1s el Interkulturaldi. Disfrutamos como comunidad educativa, social y cristiana escolapia de un lugar donde vivir, convivir, crecer, formarse y descubrir la propia vocaci\u00f3n desde el m\u00e1ximo respeto a lo que cada persona somos y la b\u00fasqueda de lo que cada cual puede aportar a las dem\u00e1s y a su&hellip;\" \/>\n<meta name=\"robots\" content=\"index, follow, max-snippet:-1, max-image-preview:large, max-video-preview:-1\" \/>\n<link rel=\"canonical\" href=\"http:\/\/El%20s\u00e1bado%20celebrabamos%20un%20curso%20m\u00e1s%20el%20Interkulturaldi.%20Disfrutamos%20como%20comunidad%20educativa,%20social%20y%20cristiana%20escolapia%20de%20un%20lugar%20donde%20vivir,%20convivir,%20crecer,%20formarse%20y%20descubrir%20la%20propia%20vocaci\u00f3n%20desde%20el%20m\u00e1ximo%20respeto%20a%20lo%20que%20cada%20persona%20somos%20y%20la%20b\u00fasqueda%20de%20lo%20que%20cada%20cual%20puede%20aportar%20a%20las%20dem\u00e1s%20y%20a%20su&hellip;\" \/>\n<meta property=\"og:locale\" content=\"en_US\" \/>\n<meta property=\"og:type\" content=\"article\" \/>\n<meta property=\"og:title\" content=\"INTERKULTURALDI 2023\" \/>\n<meta property=\"og:description\" content=\"El s\u00e1bado celebrabamos un curso m\u00e1s el Interkulturaldi. Disfrutamos como comunidad educativa, social y cristiana escolapia de un lugar donde vivir, convivir, crecer, formarse y descubrir la propia vocaci\u00f3n desde el m\u00e1ximo respeto a lo que cada persona somos y la b\u00fasqueda de lo que cada cual puede aportar a las dem\u00e1s y a su&hellip;\" \/>\n<meta property=\"og:url\" content=\"https:\/\/www.itakaescolapios.org\/eu\/2023\/06\/nterkulturaldi-2023\/\" \/>\n<meta property=\"og:site_name\" content=\"Itaka-Escolapios\" \/>\n<meta property=\"article:published_time\" content=\"2023-06-05T10:13:19+00:00\" \/>\n<meta property=\"article:modified_time\" content=\"2023-11-28T11:35:32+00:00\" \/>\n<meta property=\"og:image\" content=\"https:\/\/www.itakaescolapios.org\/wp-content\/uploads\/2023\/06\/Cartel-Interkulturaldi-2023-scaled.jpg\" \/>\n\t<meta property=\"og:image:width\" content=\"1061\" \/>\n\t<meta property=\"og:image:height\" content=\"1500\" \/>\n\t<meta property=\"og:image:type\" content=\"image\/jpeg\" \/>\n<meta name=\"author\" content=\"administrador\" \/>\n<meta name=\"twitter:card\" content=\"summary_large_image\" \/>\n<meta name=\"twitter:label1\" content=\"Written by\" \/>\n\t<meta name=\"twitter:data1\" content=\"administrador\" \/>\n\t<meta name=\"twitter:label2\" content=\"Est. reading time\" \/>\n\t<meta name=\"twitter:data2\" content=\"1 minutua\" \/>\n<script type=\"application\/ld+json\" class=\"yoast-schema-graph\">{\"@context\":\"https:\\\/\\\/schema.org\",\"@graph\":[{\"@type\":\"Article\",\"@id\":\"https:\\\/\\\/www.itakaescolapios.org\\\/eu\\\/2023\\\/06\\\/nterkulturaldi-2023\\\/#article\",\"isPartOf\":{\"@id\":\"https:\\\/\\\/www.itakaescolapios.org\\\/eu\\\/2023\\\/06\\\/nterkulturaldi-2023\\\/\"},\"author\":{\"name\":\"administrador\",\"@id\":\"https:\\\/\\\/www.itakaescolapios.org\\\/es\\\/#\\\/schema\\\/person\\\/aaa10333558991c1d6ad358b7721fe71\"},\"headline\":\"INTERKULTURALDI 2023\",\"datePublished\":\"2023-06-05T10:13:19+00:00\",\"dateModified\":\"2023-11-28T11:35:32+00:00\",\"mainEntityOfPage\":{\"@id\":\"https:\\\/\\\/www.itakaescolapios.org\\\/eu\\\/2023\\\/06\\\/nterkulturaldi-2023\\\/\"},\"wordCount\":150,\"publisher\":{\"@id\":\"https:\\\/\\\/www.itakaescolapios.org\\\/es\\\/#organization\"},\"image\":{\"@id\":\"https:\\\/\\\/www.itakaescolapios.org\\\/eu\\\/2023\\\/06\\\/nterkulturaldi-2023\\\/#primaryimage\"},\"thumbnailUrl\":\"https:\\\/\\\/www.itakaescolapios.org\\\/wp-content\\\/uploads\\\/2023\\\/06\\\/Cartel-Interkulturaldi-2023-scaled.jpg\",\"articleSection\":[\"Bilbo\"],\"inLanguage\":\"eu\"},{\"@type\":\"WebPage\",\"@id\":\"https:\\\/\\\/www.itakaescolapios.org\\\/eu\\\/2023\\\/06\\\/nterkulturaldi-2023\\\/\",\"url\":\"https:\\\/\\\/www.itakaescolapios.org\\\/eu\\\/2023\\\/06\\\/nterkulturaldi-2023\\\/\",\"name\":\"INTERKULTURALDI 2023 - Itaka-Escolapios\",\"isPartOf\":{\"@id\":\"https:\\\/\\\/www.itakaescolapios.org\\\/es\\\/#website\"},\"primaryImageOfPage\":{\"@id\":\"https:\\\/\\\/www.itakaescolapios.org\\\/eu\\\/2023\\\/06\\\/nterkulturaldi-2023\\\/#primaryimage\"},\"image\":{\"@id\":\"https:\\\/\\\/www.itakaescolapios.org\\\/eu\\\/2023\\\/06\\\/nterkulturaldi-2023\\\/#primaryimage\"},\"thumbnailUrl\":\"https:\\\/\\\/www.itakaescolapios.org\\\/wp-content\\\/uploads\\\/2023\\\/06\\\/Cartel-Interkulturaldi-2023-scaled.jpg\",\"datePublished\":\"2023-06-05T10:13:19+00:00\",\"dateModified\":\"2023-11-28T11:35:32+00:00\",\"breadcrumb\":{\"@id\":\"https:\\\/\\\/www.itakaescolapios.org\\\/eu\\\/2023\\\/06\\\/nterkulturaldi-2023\\\/#breadcrumb\"},\"inLanguage\":\"eu\",\"potentialAction\":[{\"@type\":\"ReadAction\",\"target\":[\"https:\\\/\\\/www.itakaescolapios.org\\\/eu\\\/2023\\\/06\\\/nterkulturaldi-2023\\\/\"]}]},{\"@type\":\"ImageObject\",\"inLanguage\":\"eu\",\"@id\":\"https:\\\/\\\/www.itakaescolapios.org\\\/eu\\\/2023\\\/06\\\/nterkulturaldi-2023\\\/#primaryimage\",\"url\":\"https:\\\/\\\/www.itakaescolapios.org\\\/wp-content\\\/uploads\\\/2023\\\/06\\\/Cartel-Interkulturaldi-2023-scaled.jpg\",\"contentUrl\":\"https:\\\/\\\/www.itakaescolapios.org\\\/wp-content\\\/uploads\\\/2023\\\/06\\\/Cartel-Interkulturaldi-2023-scaled.jpg\",\"width\":1061,\"height\":1500},{\"@type\":\"BreadcrumbList\",\"@id\":\"https:\\\/\\\/www.itakaescolapios.org\\\/eu\\\/2023\\\/06\\\/nterkulturaldi-2023\\\/#breadcrumb\",\"itemListElement\":[{\"@type\":\"ListItem\",\"position\":1,\"name\":\"Itaka-Escolapios\",\"item\":\"https:\\\/\\\/www.itakaescolapios.org\\\/es\\\/\"},{\"@type\":\"ListItem\",\"position\":2,\"name\":\"INTERKULTURALDI 2023\"}]},{\"@type\":\"WebSite\",\"@id\":\"https:\\\/\\\/www.itakaescolapios.org\\\/eu\\\/es\\\/#website\",\"url\":\"https:\\\/\\\/www.itakaescolapios.org\\\/eu\\\/es\\\/\",\"name\":\"Itaka-Escolapios\",\"description\":\"Red de Itaka-Escolapios\",\"publisher\":{\"@id\":\"https:\\\/\\\/www.itakaescolapios.org\\\/eu\\\/es\\\/#organization\"},\"potentialAction\":[{\"@type\":\"SearchAction\",\"target\":{\"@type\":\"EntryPoint\",\"urlTemplate\":\"https:\\\/\\\/www.itakaescolapios.org\\\/eu\\\/es\\\/?s={search_term_string}\"},\"query-input\":{\"@type\":\"PropertyValueSpecification\",\"valueRequired\":true,\"valueName\":\"search_term_string\"}}],\"inLanguage\":\"eu\"},{\"@type\":\"Organization\",\"@id\":\"https:\\\/\\\/www.itakaescolapios.org\\\/eu\\\/es\\\/#organization\",\"name\":\"Fundaci\u00f3 Itaka-Escolapios\",\"url\":\"https:\\\/\\\/www.itakaescolapios.org\\\/eu\\\/es\\\/\",\"logo\":{\"@type\":\"ImageObject\",\"inLanguage\":\"eu\",\"@id\":\"https:\\\/\\\/www.itakaescolapios.org\\\/eu\\\/es\\\/#\\\/schema\\\/logo\\\/image\\\/\",\"url\":\"https:\\\/\\\/www.itakaescolapios.org\\\/wp-content\\\/uploads\\\/2024\\\/04\\\/Logo-itakaescolapios-peque.png\",\"contentUrl\":\"https:\\\/\\\/www.itakaescolapios.org\\\/wp-content\\\/uploads\\\/2024\\\/04\\\/Logo-itakaescolapios-peque.png\",\"width\":500,\"height\":199,\"caption\":\"Fundaci\u00f3 Itaka-Escolapios\"},\"image\":{\"@id\":\"https:\\\/\\\/www.itakaescolapios.org\\\/eu\\\/es\\\/#\\\/schema\\\/logo\\\/image\\\/\"}},{\"@type\":\"Person\",\"@id\":\"https:\\\/\\\/www.itakaescolapios.org\\\/es\\\/#\\\/schema\\\/person\\\/aaa10333558991c1d6ad358b7721fe71\",\"name\":\"administrador\",\"url\":\"https:\\\/\\\/www.itakaescolapios.org\\\/eu\\\/author\\\/administrador\\\/\"}]}<\/script>\n<!-- \/ Yoast SEO plugin. -->","yoast_head_json":{"title":"INTERKULTURALDI 2023","description":"El s\u00e1bado celebrabamos un curso m\u00e1s el Interkulturaldi. Disfrutamos como comunidad educativa, social y cristiana escolapia de un lugar donde vivir, convivir, crecer, formarse y descubrir la propia vocaci\u00f3n desde el m\u00e1ximo respeto a lo que cada persona somos y la b\u00fasqueda de lo que cada cual puede aportar a las dem\u00e1s y a su&hellip;","robots":{"index":"index","follow":"follow","max-snippet":"max-snippet:-1","max-image-preview":"max-image-preview:large","max-video-preview":"max-video-preview:-1"},"canonical":"El s\u00e1bado celebrabamos un curso m\u00e1s el Interkulturaldi. Disfrutamos como comunidad educativa, social y cristiana escolapia de un lugar donde vivir, convivir, crecer, formarse y descubrir la propia vocaci\u00f3n desde el m\u00e1ximo respeto a lo que cada persona somos y la b\u00fasqueda de lo que cada cual puede aportar a las dem\u00e1s y a su&hellip;","og_locale":"en_US","og_type":"article","og_title":"INTERKULTURALDI 2023","og_description":"El s\u00e1bado celebrabamos un curso m\u00e1s el Interkulturaldi. Disfrutamos como comunidad educativa, social y cristiana escolapia de un lugar donde vivir, convivir, crecer, formarse y descubrir la propia vocaci\u00f3n desde el m\u00e1ximo respeto a lo que cada persona somos y la b\u00fasqueda de lo que cada cual puede aportar a las dem\u00e1s y a su&hellip;","og_url":"https:\/\/www.itakaescolapios.org\/eu\/2023\/06\/nterkulturaldi-2023\/","og_site_name":"Itaka-Escolapios","article_published_time":"2023-06-05T10:13:19+00:00","article_modified_time":"2023-11-28T11:35:32+00:00","og_image":[{"width":1061,"height":1500,"url":"https:\/\/www.itakaescolapios.org\/wp-content\/uploads\/2023\/06\/Cartel-Interkulturaldi-2023-scaled.jpg","type":"image\/jpeg"}],"author":"administrador","twitter_card":"summary_large_image","twitter_misc":{"Written by":"administrador","Est. reading time":"1 minutua"},"schema":{"@context":"https:\/\/schema.org","@graph":[{"@type":"Article","@id":"https:\/\/www.itakaescolapios.org\/eu\/2023\/06\/nterkulturaldi-2023\/#article","isPartOf":{"@id":"https:\/\/www.itakaescolapios.org\/eu\/2023\/06\/nterkulturaldi-2023\/"},"author":{"name":"administrador","@id":"https:\/\/www.itakaescolapios.org\/es\/#\/schema\/person\/aaa10333558991c1d6ad358b7721fe71"},"headline":"INTERKULTURALDI 2023","datePublished":"2023-06-05T10:13:19+00:00","dateModified":"2023-11-28T11:35:32+00:00","mainEntityOfPage":{"@id":"https:\/\/www.itakaescolapios.org\/eu\/2023\/06\/nterkulturaldi-2023\/"},"wordCount":150,"publisher":{"@id":"https:\/\/www.itakaescolapios.org\/es\/#organization"},"image":{"@id":"https:\/\/www.itakaescolapios.org\/eu\/2023\/06\/nterkulturaldi-2023\/#primaryimage"},"thumbnailUrl":"https:\/\/www.itakaescolapios.org\/wp-content\/uploads\/2023\/06\/Cartel-Interkulturaldi-2023-scaled.jpg","articleSection":["Bilbo"],"inLanguage":"eu"},{"@type":"WebPage","@id":"https:\/\/www.itakaescolapios.org\/eu\/2023\/06\/nterkulturaldi-2023\/","url":"https:\/\/www.itakaescolapios.org\/eu\/2023\/06\/nterkulturaldi-2023\/","name":"INTERKULTURALDI 2023 - Itaka-Escolapios","isPartOf":{"@id":"https:\/\/www.itakaescolapios.org\/es\/#website"},"primaryImageOfPage":{"@id":"https:\/\/www.itakaescolapios.org\/eu\/2023\/06\/nterkulturaldi-2023\/#primaryimage"},"image":{"@id":"https:\/\/www.itakaescolapios.org\/eu\/2023\/06\/nterkulturaldi-2023\/#primaryimage"},"thumbnailUrl":"https:\/\/www.itakaescolapios.org\/wp-content\/uploads\/2023\/06\/Cartel-Interkulturaldi-2023-scaled.jpg","datePublished":"2023-06-05T10:13:19+00:00","dateModified":"2023-11-28T11:35:32+00:00","breadcrumb":{"@id":"https:\/\/www.itakaescolapios.org\/eu\/2023\/06\/nterkulturaldi-2023\/#breadcrumb"},"inLanguage":"eu","potentialAction":[{"@type":"ReadAction","target":["https:\/\/www.itakaescolapios.org\/eu\/2023\/06\/nterkulturaldi-2023\/"]}]},{"@type":"ImageObject","inLanguage":"eu","@id":"https:\/\/www.itakaescolapios.org\/eu\/2023\/06\/nterkulturaldi-2023\/#primaryimage","url":"https:\/\/www.itakaescolapios.org\/wp-content\/uploads\/2023\/06\/Cartel-Interkulturaldi-2023-scaled.jpg","contentUrl":"https:\/\/www.itakaescolapios.org\/wp-content\/uploads\/2023\/06\/Cartel-Interkulturaldi-2023-scaled.jpg","width":1061,"height":1500},{"@type":"BreadcrumbList","@id":"https:\/\/www.itakaescolapios.org\/eu\/2023\/06\/nterkulturaldi-2023\/#breadcrumb","itemListElement":[{"@type":"ListItem","position":1,"name":"Itaka-Escolapios","item":"https:\/\/www.itakaescolapios.org\/es\/"},{"@type":"ListItem","position":2,"name":"INTERKULTURALDI 2023"}]},{"@type":"WebSite","@id":"https:\/\/www.itakaescolapios.org\/eu\/es\/#website","url":"https:\/\/www.itakaescolapios.org\/eu\/es\/","name":"Itaka-Escolapios","description":"Red de Itaka-Escolapios","publisher":{"@id":"https:\/\/www.itakaescolapios.org\/eu\/es\/#organization"},"potentialAction":[{"@type":"SearchAction","target":{"@type":"EntryPoint","urlTemplate":"https:\/\/www.itakaescolapios.org\/eu\/es\/?s={search_term_string}"},"query-input":{"@type":"PropertyValueSpecification","valueRequired":true,"valueName":"search_term_string"}}],"inLanguage":"eu"},{"@type":"Organization","@id":"https:\/\/www.itakaescolapios.org\/eu\/es\/#organization","name":"Fundaci\u00f3 Itaka-Escolapios","url":"https:\/\/www.itakaescolapios.org\/eu\/es\/","logo":{"@type":"ImageObject","inLanguage":"eu","@id":"https:\/\/www.itakaescolapios.org\/eu\/es\/#\/schema\/logo\/image\/","url":"https:\/\/www.itakaescolapios.org\/wp-content\/uploads\/2024\/04\/Logo-itakaescolapios-peque.png","contentUrl":"https:\/\/www.itakaescolapios.org\/wp-content\/uploads\/2024\/04\/Logo-itakaescolapios-peque.png","width":500,"height":199,"caption":"Fundaci\u00f3 Itaka-Escolapios"},"image":{"@id":"https:\/\/www.itakaescolapios.org\/eu\/es\/#\/schema\/logo\/image\/"}},{"@type":"Person","@id":"https:\/\/www.itakaescolapios.org\/es\/#\/schema\/person\/aaa10333558991c1d6ad358b7721fe71","name":"administrador","url":"https:\/\/www.itakaescolapios.org\/eu\/author\/administrador\/"}]}},"_links":{"self":[{"href":"https:\/\/www.itakaescolapios.org\/eu\/wp-json\/wp\/v2\/posts\/42511","targetHints":{"allow":["GET"]}}],"collection":[{"href":"https:\/\/www.itakaescolapios.org\/eu\/wp-json\/wp\/v2\/posts"}],"about":[{"href":"https:\/\/www.itakaescolapios.org\/eu\/wp-json\/wp\/v2\/types\/post"}],"author":[{"embeddable":true,"href":"https:\/\/www.itakaescolapios.org\/eu\/wp-json\/wp\/v2\/users\/1"}],"replies":[{"embeddable":true,"href":"https:\/\/www.itakaescolapios.org\/eu\/wp-json\/wp\/v2\/comments?post=42511"}],"version-history":[{"count":5,"href":"https:\/\/www.itakaescolapios.org\/eu\/wp-json\/wp\/v2\/posts\/42511\/revisions"}],"predecessor-version":[{"id":43588,"href":"https:\/\/www.itakaescolapios.org\/eu\/wp-json\/wp\/v2\/posts\/42511\/revisions\/43588"}],"wp:featuredmedia":[{"embeddable":true,"href":"https:\/\/www.itakaescolapios.org\/eu\/wp-json\/wp\/v2\/media\/42525"}],"wp:attachment":[{"href":"https:\/\/www.itakaescolapios.org\/eu\/wp-json\/wp\/v2\/media?parent=42511"}],"wp:term":[{"taxonomy":"category","embeddable":true,"href":"https:\/\/www.itakaescolapios.org\/eu\/wp-json\/wp\/v2\/categories?post=42511"},{"taxonomy":"post_tag","embeddable":true,"href":"https:\/\/www.itakaescolapios.org\/eu\/wp-json\/wp\/v2\/tags?post=42511"}],"curies":[{"name":"wp","href":"https:\/\/api.w.org\/{rel}","templated":true}]}}