{"id":4277,"date":"2012-11-09T14:30:22","date_gmt":"2012-11-09T13:30:22","guid":{"rendered":"https:\/\/www.itakaescolapios.org\/?p=4277"},"modified":"2023-11-28T12:39:34","modified_gmt":"2023-11-28T11:39:34","slug":"bandjoun-visita-del-secretario-diocesano-de-educacion-en-el-colegio-tecnico-calasanz-ctc","status":"publish","type":"post","link":"https:\/\/www.itakaescolapios.org\/eu\/2012\/11\/bandjoun-visita-del-secretario-diocesano-de-educacion-en-el-colegio-tecnico-calasanz-ctc\/","title":{"rendered":"Bandjoun-Visita del Secretario Diocesano de Educaci\u00f3n en el Colegio T\u00e9cnico Calasanz (CTC)."},"content":{"rendered":"<p style=\"text-align: justify\"><span style=\"color: #3366ff\">Como suele ser ya de tradici\u00f3n, el Secretario de Educaci\u00f3n de la Di\u00f3cesis de Bafoussam, visit\u00f3 el CTC al inicio de este curso acad\u00e9mico.<\/span><\/p>\n<p style=\"text-align: justify\">Durante la ma\u00f1ana del pasado 10 de octubre, el sacerdote Andr\u00e9 Marie Yamenji encontr\u00f3 alumnos, profesores, responsables administrativos y la comunidad escolapia. Nos expres\u00f3 su alegr\u00eda de ver el Centro crecer tanto en infraestructuras (edificios y equipamientos) de una calidad excelente as\u00ed como los efectivos y las ramas ofrecidas a los j\u00f3venes de la zona. La direcci\u00f3n del CTC tambi\u00e9n le present\u00f3 la situaci\u00f3n actual de la Escuela as\u00ed como las perspectivas para futuro.<\/p>\n<p><!--more--><\/p>\n","protected":false},"excerpt":{"rendered":"<p>Como suele ser ya de tradici\u00f3n, el Secretario de Educaci\u00f3n de la Di\u00f3cesis de Bafoussam, visit\u00f3 el CTC al inicio de este curso acad\u00e9mico. Durante la ma\u00f1ana del pasado 10 [&hellip;]<\/p>\n","protected":false},"author":16,"featured_media":4280,"comment_status":"closed","ping_status":"closed","sticky":false,"template":"","format":"standard","meta":{"_et_pb_use_builder":"","_et_pb_old_content":"","_et_gb_content_width":"","footnotes":""},"categories":[10],"tags":[],"class_list":["post-4277","post","type-post","status-publish","format-standard","has-post-thumbnail","hentry","category-camerun"],"yoast_head":"<!-- This site is optimized with the Yoast SEO plugin v27.4 - https:\/\/yoast.com\/product\/yoast-seo-wordpress\/ -->\n<title>Bandjoun-Visita del Secretario Diocesano de Educaci\u00f3n en el Colegio T\u00e9cnico Calasanz (CTC).<\/title>\n<meta name=\"description\" content=\"Como suele ser ya de tradici\u00f3n, el Secretario de Educaci\u00f3n de la Di\u00f3cesis de Bafoussam, visit\u00f3 el CTC al inicio de este curso acad\u00e9mico. Durante la ma\u00f1ana del pasado 10 de octubre, el sacerdote Andr\u00e9 Marie Yamenji encontr\u00f3 alumnos, profesores, responsables administrativos y la comunidad escolapia. Nos expres\u00f3 su alegr\u00eda de ver el Centro crecer&hellip;\" \/>\n<meta name=\"robots\" content=\"index, follow, max-snippet:-1, max-image-preview:large, max-video-preview:-1\" \/>\n<link rel=\"canonical\" href=\"http:\/\/Como%20suele%20ser%20ya%20de%20tradici\u00f3n,%20el%20Secretario%20de%20Educaci\u00f3n%20de%20la%20Di\u00f3cesis%20de%20Bafoussam,%20visit\u00f3%20el%20CTC%20al%20inicio%20de%20este%20curso%20acad\u00e9mico.%20Durante%20la%20ma\u00f1ana%20del%20pasado%2010%20de%20octubre,%20el%20sacerdote%20Andr\u00e9%20Marie%20Yamenji%20encontr\u00f3%20alumnos,%20profesores,%20responsables%20administrativos%20y%20la%20comunidad%20escolapia.%20Nos%20expres\u00f3%20su%20alegr\u00eda%20de%20ver%20el%20Centro%20crecer&hellip;\" \/>\n<meta property=\"og:locale\" content=\"en_US\" \/>\n<meta property=\"og:type\" content=\"article\" \/>\n<meta property=\"og:title\" content=\"Bandjoun-Visita del Secretario Diocesano de Educaci\u00f3n en el Colegio T\u00e9cnico Calasanz (CTC).\" \/>\n<meta property=\"og:description\" content=\"Como suele ser ya de tradici\u00f3n, el Secretario de Educaci\u00f3n de la Di\u00f3cesis de Bafoussam, visit\u00f3 el CTC al inicio de este curso acad\u00e9mico. Durante la ma\u00f1ana del pasado 10 de octubre, el sacerdote Andr\u00e9 Marie Yamenji encontr\u00f3 alumnos, profesores, responsables administrativos y la comunidad escolapia. Nos expres\u00f3 su alegr\u00eda de ver el Centro crecer&hellip;\" \/>\n<meta property=\"og:url\" content=\"https:\/\/www.itakaescolapios.org\/eu\/2012\/11\/bandjoun-visita-del-secretario-diocesano-de-educacion-en-el-colegio-tecnico-calasanz-ctc\/\" \/>\n<meta property=\"og:site_name\" content=\"Itaka-Escolapios\" \/>\n<meta property=\"article:published_time\" content=\"2012-11-09T13:30:22+00:00\" \/>\n<meta property=\"article:modified_time\" content=\"2023-11-28T11:39:34+00:00\" \/>\n<meta property=\"og:image\" content=\"https:\/\/www.itakaescolapios.org\/wp-content\/uploads\/2012\/11\/DSCF85651.jpg\" \/>\n\t<meta property=\"og:image:width\" content=\"2000\" \/>\n\t<meta property=\"og:image:height\" content=\"1500\" \/>\n\t<meta property=\"og:image:type\" content=\"image\/jpeg\" \/>\n<meta name=\"author\" content=\"cameroun02\" \/>\n<meta name=\"twitter:card\" content=\"summary_large_image\" \/>\n<meta name=\"twitter:label1\" content=\"Written by\" \/>\n\t<meta name=\"twitter:data1\" content=\"cameroun02\" \/>\n\t<meta name=\"twitter:label2\" content=\"Est. reading time\" \/>\n\t<meta name=\"twitter:data2\" content=\"1 minutua\" \/>\n<script type=\"application\/ld+json\" class=\"yoast-schema-graph\">{\"@context\":\"https:\\\/\\\/schema.org\",\"@graph\":[{\"@type\":\"Article\",\"@id\":\"https:\\\/\\\/www.itakaescolapios.org\\\/eu\\\/2012\\\/11\\\/bandjoun-visita-del-secretario-diocesano-de-educacion-en-el-colegio-tecnico-calasanz-ctc\\\/#article\",\"isPartOf\":{\"@id\":\"https:\\\/\\\/www.itakaescolapios.org\\\/eu\\\/2012\\\/11\\\/bandjoun-visita-del-secretario-diocesano-de-educacion-en-el-colegio-tecnico-calasanz-ctc\\\/\"},\"author\":{\"name\":\"cameroun02\",\"@id\":\"https:\\\/\\\/www.itakaescolapios.org\\\/es\\\/#\\\/schema\\\/person\\\/9274f8b80c7385b5aae18a7831c4a9c5\"},\"headline\":\"Bandjoun-Visita del Secretario Diocesano de Educaci\u00f3n en el Colegio T\u00e9cnico Calasanz (CTC).\",\"datePublished\":\"2012-11-09T13:30:22+00:00\",\"dateModified\":\"2023-11-28T11:39:34+00:00\",\"mainEntityOfPage\":{\"@id\":\"https:\\\/\\\/www.itakaescolapios.org\\\/eu\\\/2012\\\/11\\\/bandjoun-visita-del-secretario-diocesano-de-educacion-en-el-colegio-tecnico-calasanz-ctc\\\/\"},\"wordCount\":121,\"publisher\":{\"@id\":\"https:\\\/\\\/www.itakaescolapios.org\\\/es\\\/#organization\"},\"image\":{\"@id\":\"https:\\\/\\\/www.itakaescolapios.org\\\/eu\\\/2012\\\/11\\\/bandjoun-visita-del-secretario-diocesano-de-educacion-en-el-colegio-tecnico-calasanz-ctc\\\/#primaryimage\"},\"thumbnailUrl\":\"https:\\\/\\\/www.itakaescolapios.org\\\/wp-content\\\/uploads\\\/2012\\\/11\\\/DSCF85651.jpg\",\"articleSection\":[\"Kamerun\"],\"inLanguage\":\"eu\"},{\"@type\":\"WebPage\",\"@id\":\"https:\\\/\\\/www.itakaescolapios.org\\\/eu\\\/2012\\\/11\\\/bandjoun-visita-del-secretario-diocesano-de-educacion-en-el-colegio-tecnico-calasanz-ctc\\\/\",\"url\":\"https:\\\/\\\/www.itakaescolapios.org\\\/eu\\\/2012\\\/11\\\/bandjoun-visita-del-secretario-diocesano-de-educacion-en-el-colegio-tecnico-calasanz-ctc\\\/\",\"name\":\"Bandjoun-Visita del Secretario Diocesano de Educaci\u00f3n en el Colegio T\u00e9cnico Calasanz (CTC). - Itaka-Escolapios\",\"isPartOf\":{\"@id\":\"https:\\\/\\\/www.itakaescolapios.org\\\/es\\\/#website\"},\"primaryImageOfPage\":{\"@id\":\"https:\\\/\\\/www.itakaescolapios.org\\\/eu\\\/2012\\\/11\\\/bandjoun-visita-del-secretario-diocesano-de-educacion-en-el-colegio-tecnico-calasanz-ctc\\\/#primaryimage\"},\"image\":{\"@id\":\"https:\\\/\\\/www.itakaescolapios.org\\\/eu\\\/2012\\\/11\\\/bandjoun-visita-del-secretario-diocesano-de-educacion-en-el-colegio-tecnico-calasanz-ctc\\\/#primaryimage\"},\"thumbnailUrl\":\"https:\\\/\\\/www.itakaescolapios.org\\\/wp-content\\\/uploads\\\/2012\\\/11\\\/DSCF85651.jpg\",\"datePublished\":\"2012-11-09T13:30:22+00:00\",\"dateModified\":\"2023-11-28T11:39:34+00:00\",\"breadcrumb\":{\"@id\":\"https:\\\/\\\/www.itakaescolapios.org\\\/eu\\\/2012\\\/11\\\/bandjoun-visita-del-secretario-diocesano-de-educacion-en-el-colegio-tecnico-calasanz-ctc\\\/#breadcrumb\"},\"inLanguage\":\"eu\",\"potentialAction\":[{\"@type\":\"ReadAction\",\"target\":[\"https:\\\/\\\/www.itakaescolapios.org\\\/eu\\\/2012\\\/11\\\/bandjoun-visita-del-secretario-diocesano-de-educacion-en-el-colegio-tecnico-calasanz-ctc\\\/\"]}]},{\"@type\":\"ImageObject\",\"inLanguage\":\"eu\",\"@id\":\"https:\\\/\\\/www.itakaescolapios.org\\\/eu\\\/2012\\\/11\\\/bandjoun-visita-del-secretario-diocesano-de-educacion-en-el-colegio-tecnico-calasanz-ctc\\\/#primaryimage\",\"url\":\"https:\\\/\\\/www.itakaescolapios.org\\\/wp-content\\\/uploads\\\/2012\\\/11\\\/DSCF85651.jpg\",\"contentUrl\":\"https:\\\/\\\/www.itakaescolapios.org\\\/wp-content\\\/uploads\\\/2012\\\/11\\\/DSCF85651.jpg\",\"width\":2000,\"height\":1500},{\"@type\":\"BreadcrumbList\",\"@id\":\"https:\\\/\\\/www.itakaescolapios.org\\\/eu\\\/2012\\\/11\\\/bandjoun-visita-del-secretario-diocesano-de-educacion-en-el-colegio-tecnico-calasanz-ctc\\\/#breadcrumb\",\"itemListElement\":[{\"@type\":\"ListItem\",\"position\":1,\"name\":\"Itaka-Escolapios\",\"item\":\"https:\\\/\\\/www.itakaescolapios.org\\\/es\\\/\"},{\"@type\":\"ListItem\",\"position\":2,\"name\":\"Bandjoun-Visita del Secretario Diocesano de Educaci\u00f3n en el Colegio T\u00e9cnico Calasanz (CTC).\"}]},{\"@type\":\"WebSite\",\"@id\":\"https:\\\/\\\/www.itakaescolapios.org\\\/eu\\\/es\\\/#website\",\"url\":\"https:\\\/\\\/www.itakaescolapios.org\\\/eu\\\/es\\\/\",\"name\":\"Itaka-Escolapios\",\"description\":\"Red de Itaka-Escolapios\",\"publisher\":{\"@id\":\"https:\\\/\\\/www.itakaescolapios.org\\\/eu\\\/es\\\/#organization\"},\"potentialAction\":[{\"@type\":\"SearchAction\",\"target\":{\"@type\":\"EntryPoint\",\"urlTemplate\":\"https:\\\/\\\/www.itakaescolapios.org\\\/eu\\\/es\\\/?s={search_term_string}\"},\"query-input\":{\"@type\":\"PropertyValueSpecification\",\"valueRequired\":true,\"valueName\":\"search_term_string\"}}],\"inLanguage\":\"eu\"},{\"@type\":\"Organization\",\"@id\":\"https:\\\/\\\/www.itakaescolapios.org\\\/eu\\\/es\\\/#organization\",\"name\":\"Fundaci\u00f3 Itaka-Escolapios\",\"url\":\"https:\\\/\\\/www.itakaescolapios.org\\\/eu\\\/es\\\/\",\"logo\":{\"@type\":\"ImageObject\",\"inLanguage\":\"eu\",\"@id\":\"https:\\\/\\\/www.itakaescolapios.org\\\/eu\\\/es\\\/#\\\/schema\\\/logo\\\/image\\\/\",\"url\":\"https:\\\/\\\/www.itakaescolapios.org\\\/wp-content\\\/uploads\\\/2024\\\/04\\\/Logo-itakaescolapios-peque.png\",\"contentUrl\":\"https:\\\/\\\/www.itakaescolapios.org\\\/wp-content\\\/uploads\\\/2024\\\/04\\\/Logo-itakaescolapios-peque.png\",\"width\":500,\"height\":199,\"caption\":\"Fundaci\u00f3 Itaka-Escolapios\"},\"image\":{\"@id\":\"https:\\\/\\\/www.itakaescolapios.org\\\/eu\\\/es\\\/#\\\/schema\\\/logo\\\/image\\\/\"}},{\"@type\":\"Person\",\"@id\":\"https:\\\/\\\/www.itakaescolapios.org\\\/es\\\/#\\\/schema\\\/person\\\/9274f8b80c7385b5aae18a7831c4a9c5\",\"name\":\"cameroun02\",\"url\":\"https:\\\/\\\/www.itakaescolapios.org\\\/eu\\\/author\\\/cameroun02\\\/\"}]}<\/script>\n<!-- \/ Yoast SEO plugin. -->","yoast_head_json":{"title":"Bandjoun-Visita del Secretario Diocesano de Educaci\u00f3n en el Colegio T\u00e9cnico Calasanz (CTC).","description":"Como suele ser ya de tradici\u00f3n, el Secretario de Educaci\u00f3n de la Di\u00f3cesis de Bafoussam, visit\u00f3 el CTC al inicio de este curso acad\u00e9mico. Durante la ma\u00f1ana del pasado 10 de octubre, el sacerdote Andr\u00e9 Marie Yamenji encontr\u00f3 alumnos, profesores, responsables administrativos y la comunidad escolapia. Nos expres\u00f3 su alegr\u00eda de ver el Centro crecer&hellip;","robots":{"index":"index","follow":"follow","max-snippet":"max-snippet:-1","max-image-preview":"max-image-preview:large","max-video-preview":"max-video-preview:-1"},"canonical":"Como suele ser ya de tradici\u00f3n, el Secretario de Educaci\u00f3n de la Di\u00f3cesis de Bafoussam, visit\u00f3 el CTC al inicio de este curso acad\u00e9mico. Durante la ma\u00f1ana del pasado 10 de octubre, el sacerdote Andr\u00e9 Marie Yamenji encontr\u00f3 alumnos, profesores, responsables administrativos y la comunidad escolapia. Nos expres\u00f3 su alegr\u00eda de ver el Centro crecer&hellip;","og_locale":"en_US","og_type":"article","og_title":"Bandjoun-Visita del Secretario Diocesano de Educaci\u00f3n en el Colegio T\u00e9cnico Calasanz (CTC).","og_description":"Como suele ser ya de tradici\u00f3n, el Secretario de Educaci\u00f3n de la Di\u00f3cesis de Bafoussam, visit\u00f3 el CTC al inicio de este curso acad\u00e9mico. Durante la ma\u00f1ana del pasado 10 de octubre, el sacerdote Andr\u00e9 Marie Yamenji encontr\u00f3 alumnos, profesores, responsables administrativos y la comunidad escolapia. Nos expres\u00f3 su alegr\u00eda de ver el Centro crecer&hellip;","og_url":"https:\/\/www.itakaescolapios.org\/eu\/2012\/11\/bandjoun-visita-del-secretario-diocesano-de-educacion-en-el-colegio-tecnico-calasanz-ctc\/","og_site_name":"Itaka-Escolapios","article_published_time":"2012-11-09T13:30:22+00:00","article_modified_time":"2023-11-28T11:39:34+00:00","og_image":[{"width":2000,"height":1500,"url":"https:\/\/www.itakaescolapios.org\/wp-content\/uploads\/2012\/11\/DSCF85651.jpg","type":"image\/jpeg"}],"author":"cameroun02","twitter_card":"summary_large_image","twitter_misc":{"Written by":"cameroun02","Est. reading time":"1 minutua"},"schema":{"@context":"https:\/\/schema.org","@graph":[{"@type":"Article","@id":"https:\/\/www.itakaescolapios.org\/eu\/2012\/11\/bandjoun-visita-del-secretario-diocesano-de-educacion-en-el-colegio-tecnico-calasanz-ctc\/#article","isPartOf":{"@id":"https:\/\/www.itakaescolapios.org\/eu\/2012\/11\/bandjoun-visita-del-secretario-diocesano-de-educacion-en-el-colegio-tecnico-calasanz-ctc\/"},"author":{"name":"cameroun02","@id":"https:\/\/www.itakaescolapios.org\/es\/#\/schema\/person\/9274f8b80c7385b5aae18a7831c4a9c5"},"headline":"Bandjoun-Visita del Secretario Diocesano de Educaci\u00f3n en el Colegio T\u00e9cnico Calasanz (CTC).","datePublished":"2012-11-09T13:30:22+00:00","dateModified":"2023-11-28T11:39:34+00:00","mainEntityOfPage":{"@id":"https:\/\/www.itakaescolapios.org\/eu\/2012\/11\/bandjoun-visita-del-secretario-diocesano-de-educacion-en-el-colegio-tecnico-calasanz-ctc\/"},"wordCount":121,"publisher":{"@id":"https:\/\/www.itakaescolapios.org\/es\/#organization"},"image":{"@id":"https:\/\/www.itakaescolapios.org\/eu\/2012\/11\/bandjoun-visita-del-secretario-diocesano-de-educacion-en-el-colegio-tecnico-calasanz-ctc\/#primaryimage"},"thumbnailUrl":"https:\/\/www.itakaescolapios.org\/wp-content\/uploads\/2012\/11\/DSCF85651.jpg","articleSection":["Kamerun"],"inLanguage":"eu"},{"@type":"WebPage","@id":"https:\/\/www.itakaescolapios.org\/eu\/2012\/11\/bandjoun-visita-del-secretario-diocesano-de-educacion-en-el-colegio-tecnico-calasanz-ctc\/","url":"https:\/\/www.itakaescolapios.org\/eu\/2012\/11\/bandjoun-visita-del-secretario-diocesano-de-educacion-en-el-colegio-tecnico-calasanz-ctc\/","name":"Bandjoun-Visita del Secretario Diocesano de Educaci\u00f3n en el Colegio T\u00e9cnico Calasanz (CTC). - Itaka-Escolapios","isPartOf":{"@id":"https:\/\/www.itakaescolapios.org\/es\/#website"},"primaryImageOfPage":{"@id":"https:\/\/www.itakaescolapios.org\/eu\/2012\/11\/bandjoun-visita-del-secretario-diocesano-de-educacion-en-el-colegio-tecnico-calasanz-ctc\/#primaryimage"},"image":{"@id":"https:\/\/www.itakaescolapios.org\/eu\/2012\/11\/bandjoun-visita-del-secretario-diocesano-de-educacion-en-el-colegio-tecnico-calasanz-ctc\/#primaryimage"},"thumbnailUrl":"https:\/\/www.itakaescolapios.org\/wp-content\/uploads\/2012\/11\/DSCF85651.jpg","datePublished":"2012-11-09T13:30:22+00:00","dateModified":"2023-11-28T11:39:34+00:00","breadcrumb":{"@id":"https:\/\/www.itakaescolapios.org\/eu\/2012\/11\/bandjoun-visita-del-secretario-diocesano-de-educacion-en-el-colegio-tecnico-calasanz-ctc\/#breadcrumb"},"inLanguage":"eu","potentialAction":[{"@type":"ReadAction","target":["https:\/\/www.itakaescolapios.org\/eu\/2012\/11\/bandjoun-visita-del-secretario-diocesano-de-educacion-en-el-colegio-tecnico-calasanz-ctc\/"]}]},{"@type":"ImageObject","inLanguage":"eu","@id":"https:\/\/www.itakaescolapios.org\/eu\/2012\/11\/bandjoun-visita-del-secretario-diocesano-de-educacion-en-el-colegio-tecnico-calasanz-ctc\/#primaryimage","url":"https:\/\/www.itakaescolapios.org\/wp-content\/uploads\/2012\/11\/DSCF85651.jpg","contentUrl":"https:\/\/www.itakaescolapios.org\/wp-content\/uploads\/2012\/11\/DSCF85651.jpg","width":2000,"height":1500},{"@type":"BreadcrumbList","@id":"https:\/\/www.itakaescolapios.org\/eu\/2012\/11\/bandjoun-visita-del-secretario-diocesano-de-educacion-en-el-colegio-tecnico-calasanz-ctc\/#breadcrumb","itemListElement":[{"@type":"ListItem","position":1,"name":"Itaka-Escolapios","item":"https:\/\/www.itakaescolapios.org\/es\/"},{"@type":"ListItem","position":2,"name":"Bandjoun-Visita del Secretario Diocesano de Educaci\u00f3n en el Colegio T\u00e9cnico Calasanz (CTC)."}]},{"@type":"WebSite","@id":"https:\/\/www.itakaescolapios.org\/eu\/es\/#website","url":"https:\/\/www.itakaescolapios.org\/eu\/es\/","name":"Itaka-Escolapios","description":"Red de Itaka-Escolapios","publisher":{"@id":"https:\/\/www.itakaescolapios.org\/eu\/es\/#organization"},"potentialAction":[{"@type":"SearchAction","target":{"@type":"EntryPoint","urlTemplate":"https:\/\/www.itakaescolapios.org\/eu\/es\/?s={search_term_string}"},"query-input":{"@type":"PropertyValueSpecification","valueRequired":true,"valueName":"search_term_string"}}],"inLanguage":"eu"},{"@type":"Organization","@id":"https:\/\/www.itakaescolapios.org\/eu\/es\/#organization","name":"Fundaci\u00f3 Itaka-Escolapios","url":"https:\/\/www.itakaescolapios.org\/eu\/es\/","logo":{"@type":"ImageObject","inLanguage":"eu","@id":"https:\/\/www.itakaescolapios.org\/eu\/es\/#\/schema\/logo\/image\/","url":"https:\/\/www.itakaescolapios.org\/wp-content\/uploads\/2024\/04\/Logo-itakaescolapios-peque.png","contentUrl":"https:\/\/www.itakaescolapios.org\/wp-content\/uploads\/2024\/04\/Logo-itakaescolapios-peque.png","width":500,"height":199,"caption":"Fundaci\u00f3 Itaka-Escolapios"},"image":{"@id":"https:\/\/www.itakaescolapios.org\/eu\/es\/#\/schema\/logo\/image\/"}},{"@type":"Person","@id":"https:\/\/www.itakaescolapios.org\/es\/#\/schema\/person\/9274f8b80c7385b5aae18a7831c4a9c5","name":"cameroun02","url":"https:\/\/www.itakaescolapios.org\/eu\/author\/cameroun02\/"}]}},"_links":{"self":[{"href":"https:\/\/www.itakaescolapios.org\/eu\/wp-json\/wp\/v2\/posts\/4277","targetHints":{"allow":["GET"]}}],"collection":[{"href":"https:\/\/www.itakaescolapios.org\/eu\/wp-json\/wp\/v2\/posts"}],"about":[{"href":"https:\/\/www.itakaescolapios.org\/eu\/wp-json\/wp\/v2\/types\/post"}],"author":[{"embeddable":true,"href":"https:\/\/www.itakaescolapios.org\/eu\/wp-json\/wp\/v2\/users\/16"}],"replies":[{"embeddable":true,"href":"https:\/\/www.itakaescolapios.org\/eu\/wp-json\/wp\/v2\/comments?post=4277"}],"version-history":[{"count":5,"href":"https:\/\/www.itakaescolapios.org\/eu\/wp-json\/wp\/v2\/posts\/4277\/revisions"}],"predecessor-version":[{"id":49914,"href":"https:\/\/www.itakaescolapios.org\/eu\/wp-json\/wp\/v2\/posts\/4277\/revisions\/49914"}],"wp:featuredmedia":[{"embeddable":true,"href":"https:\/\/www.itakaescolapios.org\/eu\/wp-json\/wp\/v2\/media\/4280"}],"wp:attachment":[{"href":"https:\/\/www.itakaescolapios.org\/eu\/wp-json\/wp\/v2\/media?parent=4277"}],"wp:term":[{"taxonomy":"category","embeddable":true,"href":"https:\/\/www.itakaescolapios.org\/eu\/wp-json\/wp\/v2\/categories?post=4277"},{"taxonomy":"post_tag","embeddable":true,"href":"https:\/\/www.itakaescolapios.org\/eu\/wp-json\/wp\/v2\/tags?post=4277"}],"curies":[{"name":"wp","href":"https:\/\/api.w.org\/{rel}","templated":true}]}}