{"id":43212,"date":"2023-10-30T12:58:38","date_gmt":"2023-10-30T11:58:38","guid":{"rendered":"https:\/\/www.itakaescolapios.org\/?p=43212"},"modified":"2023-11-28T12:35:27","modified_gmt":"2023-11-28T11:35:27","slug":"visita-del-equipo-general-de-proyectos-a-bolivia","status":"publish","type":"post","link":"https:\/\/www.itakaescolapios.org\/eu\/2023\/10\/visita-del-equipo-general-de-proyectos-a-bolivia\/","title":{"rendered":"Visita del Equipo General de Proyectos a Bolivia"},"content":{"rendered":"<p>Bolivia. Entre el 17 y el 27 de Octubre , Rosa Gallego y Pedro Mara\u00f1\u00f3n, miembros del Equipo General de Proyectos de Itaka Escolapios, junto a Josefina Pi\u00f1\u00f3n, de Mazars, han visitado las distintas presencias escolapias de Bolivia para conocer y evaluar la labor desarrollada durante los dos \u00faltimos a\u00f1os, que ha contado con el apoyo de la Diputaci\u00f3n Foral de Bizkaia.<\/p>\n<p>Se han realizado encuentros con pr\u00e1cticamente todos los equipos que impulsan la misi\u00f3n escolapia en el pa\u00eds.<\/p>\n<p>&nbsp;<\/p>\n<p>De seguro veremos frutos que nos permitan:<\/p>\n<ul>\n<li>Seguir apoyando a ni\u00f1os y ni\u00f1as de las comunidades de Anzaldo y Cocapata que no podr\u00edan continuar estudiando sin los internados.<\/li>\n<li>Acompa\u00f1ar mejor a j\u00f3venes de entornos rurales que necesitan nuestro apoyo para acceder a educaci\u00f3n superior en Cochabamba.<\/li>\n<li>Fortalecer\u00a0 los Centros Calasanz que permiten refozar el trabajo educativo m\u00e1s all\u00e1 del limitado tiempo escolar.<\/li>\n<li>Incrementar las actividades orientadas a impulsar la igualdad entre hombres y mujeres<\/li>\n<\/ul>\n\n\t\t<style type=\"text\/css\">\n\t\t\t#gallery-1 {\n\t\t\t\tmargin: auto;\n\t\t\t}\n\t\t\t#gallery-1 .gallery-item {\n\t\t\t\tfloat: left;\n\t\t\t\tmargin-top: 10px;\n\t\t\t\ttext-align: center;\n\t\t\t\twidth: 25%;\n\t\t\t}\n\t\t\t#gallery-1 img {\n\t\t\t\tborder: 2px solid #cfcfcf;\n\t\t\t}\n\t\t\t#gallery-1 .gallery-caption {\n\t\t\t\tmargin-left: 0;\n\t\t\t}\n\t\t\t\/* see gallery_shortcode() in wp-includes\/media.php *\/\n\t\t<\/style>\n\t\t<div id='gallery-1' class='gallery galleryid-43212 gallery-columns-4 gallery-size-thumbnail'><dl class='gallery-item'>\n\t\t\t<dt class='gallery-icon landscape'>\n\t\t\t\t<a href='https:\/\/www.itakaescolapios.org\/eu\/2023\/10\/visita-del-equipo-general-de-proyectos-a-bolivia\/bolivia-visita-octubre-2023-1-3\/'><img decoding=\"async\" width=\"90\" height=\"90\" src=\"https:\/\/www.itakaescolapios.org\/wp-content\/uploads\/2023\/10\/Bolivia-visita-octubre-2023-1-1-90x90.jpg\" class=\"attachment-thumbnail size-thumbnail\" alt=\"\" \/><\/a>\n\t\t\t<\/dt><\/dl><dl class='gallery-item'>\n\t\t\t<dt class='gallery-icon landscape'>\n\t\t\t\t<a href='https:\/\/www.itakaescolapios.org\/eu\/2023\/10\/visita-del-equipo-general-de-proyectos-a-bolivia\/bolivia-visita-octubre-2023-2-3\/'><img decoding=\"async\" width=\"90\" height=\"90\" src=\"https:\/\/www.itakaescolapios.org\/wp-content\/uploads\/2023\/10\/Bolivia-visita-octubre-2023-2-1-90x90.jpg\" class=\"attachment-thumbnail size-thumbnail\" alt=\"\" \/><\/a>\n\t\t\t<\/dt><\/dl><dl class='gallery-item'>\n\t\t\t<dt class='gallery-icon landscape'>\n\t\t\t\t<a href='https:\/\/www.itakaescolapios.org\/eu\/2023\/10\/visita-del-equipo-general-de-proyectos-a-bolivia\/bolivia-visita-octubre-2023-3-3\/'><img decoding=\"async\" width=\"90\" height=\"90\" src=\"https:\/\/www.itakaescolapios.org\/wp-content\/uploads\/2023\/10\/Bolivia-visita-octubre-2023-3-1-90x90.jpg\" class=\"attachment-thumbnail size-thumbnail\" alt=\"\" \/><\/a>\n\t\t\t<\/dt><\/dl><dl class='gallery-item'>\n\t\t\t<dt class='gallery-icon landscape'>\n\t\t\t\t<a href='https:\/\/www.itakaescolapios.org\/eu\/2023\/10\/visita-del-equipo-general-de-proyectos-a-bolivia\/bolivia-visita-octubre-2023-4-2\/'><img decoding=\"async\" width=\"90\" height=\"90\" src=\"https:\/\/www.itakaescolapios.org\/wp-content\/uploads\/2023\/10\/Bolivia-visita-octubre-2023-4-1-90x90.jpg\" class=\"attachment-thumbnail size-thumbnail\" alt=\"\" \/><\/a>\n\t\t\t<\/dt><\/dl><br style=\"clear: both\" \/><dl class='gallery-item'>\n\t\t\t<dt class='gallery-icon landscape'>\n\t\t\t\t<a href='https:\/\/www.itakaescolapios.org\/eu\/2023\/10\/visita-del-equipo-general-de-proyectos-a-bolivia\/bolivia-visita-octubre-2023-5-2\/'><img decoding=\"async\" width=\"90\" height=\"90\" src=\"https:\/\/www.itakaescolapios.org\/wp-content\/uploads\/2023\/10\/Bolivia-visita-octubre-2023-5-1-90x90.jpg\" class=\"attachment-thumbnail size-thumbnail\" alt=\"\" \/><\/a>\n\t\t\t<\/dt><\/dl><dl class='gallery-item'>\n\t\t\t<dt class='gallery-icon landscape'>\n\t\t\t\t<a href='https:\/\/www.itakaescolapios.org\/eu\/2023\/10\/visita-del-equipo-general-de-proyectos-a-bolivia\/bolivia-visita-octubre-2023-6-2\/'><img decoding=\"async\" width=\"90\" height=\"90\" src=\"https:\/\/www.itakaescolapios.org\/wp-content\/uploads\/2023\/10\/Bolivia-visita-octubre-2023-6-1-90x90.jpg\" class=\"attachment-thumbnail size-thumbnail\" alt=\"\" \/><\/a>\n\t\t\t<\/dt><\/dl><dl class='gallery-item'>\n\t\t\t<dt class='gallery-icon landscape'>\n\t\t\t\t<a href='https:\/\/www.itakaescolapios.org\/eu\/2023\/10\/visita-del-equipo-general-de-proyectos-a-bolivia\/bolivia-visita-octubre-2023-7-2\/'><img decoding=\"async\" width=\"90\" height=\"90\" src=\"https:\/\/www.itakaescolapios.org\/wp-content\/uploads\/2023\/10\/Bolivia-visita-octubre-2023-7-1-90x90.jpg\" class=\"attachment-thumbnail size-thumbnail\" alt=\"\" \/><\/a>\n\t\t\t<\/dt><\/dl><dl class='gallery-item'>\n\t\t\t<dt class='gallery-icon landscape'>\n\t\t\t\t<a href='https:\/\/www.itakaescolapios.org\/eu\/2023\/10\/visita-del-equipo-general-de-proyectos-a-bolivia\/bolivia-visita-octubre-2023-8\/'><img decoding=\"async\" width=\"90\" height=\"90\" src=\"https:\/\/www.itakaescolapios.org\/wp-content\/uploads\/2023\/10\/Bolivia-visita-octubre-2023-8-90x90.jpg\" class=\"attachment-thumbnail size-thumbnail\" alt=\"\" \/><\/a>\n\t\t\t<\/dt><\/dl><br style=\"clear: both\" \/><dl class='gallery-item'>\n\t\t\t<dt class='gallery-icon landscape'>\n\t\t\t\t<a href='https:\/\/www.itakaescolapios.org\/eu\/2023\/10\/visita-del-equipo-general-de-proyectos-a-bolivia\/bolivia-visita-octubre-2023-9\/'><img decoding=\"async\" width=\"90\" height=\"90\" src=\"https:\/\/www.itakaescolapios.org\/wp-content\/uploads\/2023\/10\/Bolivia-visita-octubre-2023-9-90x90.jpg\" class=\"attachment-thumbnail size-thumbnail\" alt=\"\" \/><\/a>\n\t\t\t<\/dt><\/dl><dl class='gallery-item'>\n\t\t\t<dt class='gallery-icon portrait'>\n\t\t\t\t<a href='https:\/\/www.itakaescolapios.org\/eu\/2023\/10\/visita-del-equipo-general-de-proyectos-a-bolivia\/bolivia-visita-octubre-2023-10\/'><img decoding=\"async\" width=\"90\" height=\"90\" src=\"https:\/\/www.itakaescolapios.org\/wp-content\/uploads\/2023\/10\/Bolivia-visita-octubre-2023-10-90x90.jpg\" class=\"attachment-thumbnail size-thumbnail\" alt=\"\" \/><\/a>\n\t\t\t<\/dt><\/dl><dl class='gallery-item'>\n\t\t\t<dt class='gallery-icon landscape'>\n\t\t\t\t<a href='https:\/\/www.itakaescolapios.org\/eu\/2023\/10\/visita-del-equipo-general-de-proyectos-a-bolivia\/bolivia-visita-octubre-2023-11\/'><img decoding=\"async\" width=\"90\" height=\"90\" src=\"https:\/\/www.itakaescolapios.org\/wp-content\/uploads\/2023\/10\/Bolivia-visita-octubre-2023-11-90x90.jpg\" class=\"attachment-thumbnail size-thumbnail\" alt=\"\" \/><\/a>\n\t\t\t<\/dt><\/dl><dl class='gallery-item'>\n\t\t\t<dt class='gallery-icon landscape'>\n\t\t\t\t<a href='https:\/\/www.itakaescolapios.org\/eu\/2023\/10\/visita-del-equipo-general-de-proyectos-a-bolivia\/bolivia-visita-octubre-2023-12\/'><img decoding=\"async\" width=\"90\" height=\"90\" src=\"https:\/\/www.itakaescolapios.org\/wp-content\/uploads\/2023\/10\/Bolivia-visita-octubre-2023-12-90x90.jpg\" class=\"attachment-thumbnail size-thumbnail\" alt=\"\" \/><\/a>\n\t\t\t<\/dt><\/dl><br style=\"clear: both\" \/><dl class='gallery-item'>\n\t\t\t<dt class='gallery-icon landscape'>\n\t\t\t\t<a href='https:\/\/www.itakaescolapios.org\/eu\/2023\/10\/visita-del-equipo-general-de-proyectos-a-bolivia\/bolivia-visita-octubre-2023-13\/'><img decoding=\"async\" width=\"90\" height=\"90\" src=\"https:\/\/www.itakaescolapios.org\/wp-content\/uploads\/2023\/10\/Bolivia-visita-octubre-2023-13-90x90.jpg\" class=\"attachment-thumbnail size-thumbnail\" alt=\"\" \/><\/a>\n\t\t\t<\/dt><\/dl><dl class='gallery-item'>\n\t\t\t<dt class='gallery-icon landscape'>\n\t\t\t\t<a href='https:\/\/www.itakaescolapios.org\/eu\/2023\/10\/visita-del-equipo-general-de-proyectos-a-bolivia\/bolivia-visita-octubre-2023-14\/'><img decoding=\"async\" width=\"90\" height=\"90\" src=\"https:\/\/www.itakaescolapios.org\/wp-content\/uploads\/2023\/10\/Bolivia-visita-octubre-2023-14-90x90.jpg\" class=\"attachment-thumbnail size-thumbnail\" alt=\"\" \/><\/a>\n\t\t\t<\/dt><\/dl><dl class='gallery-item'>\n\t\t\t<dt class='gallery-icon landscape'>\n\t\t\t\t<a href='https:\/\/www.itakaescolapios.org\/eu\/2023\/10\/visita-del-equipo-general-de-proyectos-a-bolivia\/bolivia-visita-octubre-2023-15\/'><img decoding=\"async\" width=\"90\" height=\"90\" src=\"https:\/\/www.itakaescolapios.org\/wp-content\/uploads\/2023\/10\/Bolivia-visita-octubre-2023-15-90x90.jpg\" class=\"attachment-thumbnail size-thumbnail\" alt=\"\" \/><\/a>\n\t\t\t<\/dt><\/dl><dl class='gallery-item'>\n\t\t\t<dt class='gallery-icon landscape'>\n\t\t\t\t<a href='https:\/\/www.itakaescolapios.org\/eu\/2023\/10\/visita-del-equipo-general-de-proyectos-a-bolivia\/bolivia-visita-octubre-2023-1-5\/'><img decoding=\"async\" width=\"90\" height=\"90\" src=\"https:\/\/www.itakaescolapios.org\/wp-content\/uploads\/2023\/10\/Bolivia-visita-octubre-2023-1-2-90x90.jpg\" class=\"attachment-thumbnail size-thumbnail\" alt=\"\" \/><\/a>\n\t\t\t<\/dt><\/dl><br style=\"clear: both\" \/>\n\t\t<\/div>\n\n","protected":false},"excerpt":{"rendered":"<p>Bolivia. Entre el 17 y el 27 de Octubre , Rosa Gallego y Pedro Mara\u00f1\u00f3n, miembros del Equipo General de Proyectos de Itaka Escolapios, junto a Josefina Pi\u00f1\u00f3n, de Mazars, [&hellip;]<\/p>\n","protected":false},"author":46,"featured_media":43232,"comment_status":"closed","ping_status":"closed","sticky":false,"template":"","format":"standard","meta":{"_et_pb_use_builder":"","_et_pb_old_content":"","_et_gb_content_width":"","footnotes":""},"categories":[15,30],"tags":[],"class_list":["post-43212","post","type-post","status-publish","format-standard","has-post-thumbnail","hentry","category-bolivia","category-itaka-escolapios"],"yoast_head":"<!-- This site is optimized with the Yoast SEO plugin v27.4 - https:\/\/yoast.com\/product\/yoast-seo-wordpress\/ -->\n<title>Visita del Equipo General de Proyectos a Bolivia<\/title>\n<meta name=\"description\" content=\"Bolivia. Entre el 17 y el 27 de Octubre , Rosa Gallego y Pedro Mara\u00f1\u00f3n, miembros del Equipo General de Proyectos de Itaka Escolapios, junto a Josefina Pi\u00f1\u00f3n, de Mazars, han visitado las distintas presencias escolapias de Bolivia para conocer y evaluar la labor desarrollada durante los dos \u00faltimos a\u00f1os, que ha contado con el&hellip;\" \/>\n<meta name=\"robots\" content=\"index, follow, max-snippet:-1, max-image-preview:large, max-video-preview:-1\" \/>\n<link rel=\"canonical\" href=\"http:\/\/Bolivia.%20Entre%20el%2017%20y%20el%2027%20de%20Octubre%20,%20Rosa%20Gallego%20y%20Pedro%20Mara\u00f1\u00f3n,%20miembros%20del%20Equipo%20General%20de%20Proyectos%20de%20Itaka%20Escolapios,%20junto%20a%20Josefina%20Pi\u00f1\u00f3n,%20de%20Mazars,%20han%20visitado%20las%20distintas%20presencias%20escolapias%20de%20Bolivia%20para%20conocer%20y%20evaluar%20la%20labor%20desarrollada%20durante%20los%20dos%20\u00faltimos%20a\u00f1os,%20que%20ha%20contado%20con%20el&hellip;\" \/>\n<meta property=\"og:locale\" content=\"en_US\" \/>\n<meta property=\"og:type\" content=\"article\" \/>\n<meta property=\"og:title\" content=\"Visita del Equipo General de Proyectos a Bolivia\" \/>\n<meta property=\"og:description\" content=\"Bolivia. Entre el 17 y el 27 de Octubre , Rosa Gallego y Pedro Mara\u00f1\u00f3n, miembros del Equipo General de Proyectos de Itaka Escolapios, junto a Josefina Pi\u00f1\u00f3n, de Mazars, han visitado las distintas presencias escolapias de Bolivia para conocer y evaluar la labor desarrollada durante los dos \u00faltimos a\u00f1os, que ha contado con el&hellip;\" \/>\n<meta property=\"og:url\" content=\"https:\/\/www.itakaescolapios.org\/eu\/2023\/10\/visita-del-equipo-general-de-proyectos-a-bolivia\/\" \/>\n<meta property=\"og:site_name\" content=\"Itaka-Escolapios\" \/>\n<meta property=\"article:published_time\" content=\"2023-10-30T11:58:38+00:00\" \/>\n<meta property=\"article:modified_time\" content=\"2023-11-28T11:35:27+00:00\" \/>\n<meta property=\"og:image\" content=\"https:\/\/www.itakaescolapios.org\/wp-content\/uploads\/2023\/10\/Bolivia-visita-octubre-2023-1-2-scaled.jpg\" \/>\n\t<meta property=\"og:image:width\" content=\"1333\" \/>\n\t<meta property=\"og:image:height\" content=\"1000\" \/>\n\t<meta property=\"og:image:type\" content=\"image\/jpeg\" \/>\n<meta name=\"author\" content=\"itakaescolapios\" \/>\n<meta name=\"twitter:card\" content=\"summary_large_image\" \/>\n<meta name=\"twitter:label1\" content=\"Written by\" \/>\n\t<meta name=\"twitter:data1\" content=\"itakaescolapios\" \/>\n\t<meta name=\"twitter:label2\" content=\"Est. reading time\" \/>\n\t<meta name=\"twitter:data2\" content=\"1 minutua\" \/>\n<script type=\"application\/ld+json\" class=\"yoast-schema-graph\">{\"@context\":\"https:\\\/\\\/schema.org\",\"@graph\":[{\"@type\":\"Article\",\"@id\":\"https:\\\/\\\/www.itakaescolapios.org\\\/eu\\\/2023\\\/10\\\/visita-del-equipo-general-de-proyectos-a-bolivia\\\/#article\",\"isPartOf\":{\"@id\":\"https:\\\/\\\/www.itakaescolapios.org\\\/eu\\\/2023\\\/10\\\/visita-del-equipo-general-de-proyectos-a-bolivia\\\/\"},\"author\":{\"name\":\"itakaescolapios\",\"@id\":\"https:\\\/\\\/www.itakaescolapios.org\\\/es\\\/#\\\/schema\\\/person\\\/768ce0f19db5c2c2b6361e77e15db2db\"},\"headline\":\"Visita del Equipo General de Proyectos a Bolivia\",\"datePublished\":\"2023-10-30T11:58:38+00:00\",\"dateModified\":\"2023-11-28T11:35:27+00:00\",\"mainEntityOfPage\":{\"@id\":\"https:\\\/\\\/www.itakaescolapios.org\\\/eu\\\/2023\\\/10\\\/visita-del-equipo-general-de-proyectos-a-bolivia\\\/\"},\"wordCount\":176,\"publisher\":{\"@id\":\"https:\\\/\\\/www.itakaescolapios.org\\\/es\\\/#organization\"},\"image\":{\"@id\":\"https:\\\/\\\/www.itakaescolapios.org\\\/eu\\\/2023\\\/10\\\/visita-del-equipo-general-de-proyectos-a-bolivia\\\/#primaryimage\"},\"thumbnailUrl\":\"https:\\\/\\\/www.itakaescolapios.org\\\/wp-content\\\/uploads\\\/2023\\\/10\\\/Bolivia-visita-octubre-2023-1-2-scaled.jpg\",\"articleSection\":[\"Bolivia\",\"Itaka Escolapios\"],\"inLanguage\":\"eu\"},{\"@type\":\"WebPage\",\"@id\":\"https:\\\/\\\/www.itakaescolapios.org\\\/eu\\\/2023\\\/10\\\/visita-del-equipo-general-de-proyectos-a-bolivia\\\/\",\"url\":\"https:\\\/\\\/www.itakaescolapios.org\\\/eu\\\/2023\\\/10\\\/visita-del-equipo-general-de-proyectos-a-bolivia\\\/\",\"name\":\"Visita del Equipo General de Proyectos a Bolivia - Itaka-Escolapios\",\"isPartOf\":{\"@id\":\"https:\\\/\\\/www.itakaescolapios.org\\\/es\\\/#website\"},\"primaryImageOfPage\":{\"@id\":\"https:\\\/\\\/www.itakaescolapios.org\\\/eu\\\/2023\\\/10\\\/visita-del-equipo-general-de-proyectos-a-bolivia\\\/#primaryimage\"},\"image\":{\"@id\":\"https:\\\/\\\/www.itakaescolapios.org\\\/eu\\\/2023\\\/10\\\/visita-del-equipo-general-de-proyectos-a-bolivia\\\/#primaryimage\"},\"thumbnailUrl\":\"https:\\\/\\\/www.itakaescolapios.org\\\/wp-content\\\/uploads\\\/2023\\\/10\\\/Bolivia-visita-octubre-2023-1-2-scaled.jpg\",\"datePublished\":\"2023-10-30T11:58:38+00:00\",\"dateModified\":\"2023-11-28T11:35:27+00:00\",\"breadcrumb\":{\"@id\":\"https:\\\/\\\/www.itakaescolapios.org\\\/eu\\\/2023\\\/10\\\/visita-del-equipo-general-de-proyectos-a-bolivia\\\/#breadcrumb\"},\"inLanguage\":\"eu\",\"potentialAction\":[{\"@type\":\"ReadAction\",\"target\":[\"https:\\\/\\\/www.itakaescolapios.org\\\/eu\\\/2023\\\/10\\\/visita-del-equipo-general-de-proyectos-a-bolivia\\\/\"]}]},{\"@type\":\"ImageObject\",\"inLanguage\":\"eu\",\"@id\":\"https:\\\/\\\/www.itakaescolapios.org\\\/eu\\\/2023\\\/10\\\/visita-del-equipo-general-de-proyectos-a-bolivia\\\/#primaryimage\",\"url\":\"https:\\\/\\\/www.itakaescolapios.org\\\/wp-content\\\/uploads\\\/2023\\\/10\\\/Bolivia-visita-octubre-2023-1-2-scaled.jpg\",\"contentUrl\":\"https:\\\/\\\/www.itakaescolapios.org\\\/wp-content\\\/uploads\\\/2023\\\/10\\\/Bolivia-visita-octubre-2023-1-2-scaled.jpg\",\"width\":1333,\"height\":1000},{\"@type\":\"BreadcrumbList\",\"@id\":\"https:\\\/\\\/www.itakaescolapios.org\\\/eu\\\/2023\\\/10\\\/visita-del-equipo-general-de-proyectos-a-bolivia\\\/#breadcrumb\",\"itemListElement\":[{\"@type\":\"ListItem\",\"position\":1,\"name\":\"Itaka-Escolapios\",\"item\":\"https:\\\/\\\/www.itakaescolapios.org\\\/es\\\/\"},{\"@type\":\"ListItem\",\"position\":2,\"name\":\"Visita del Equipo General de Proyectos a Bolivia\"}]},{\"@type\":\"WebSite\",\"@id\":\"https:\\\/\\\/www.itakaescolapios.org\\\/eu\\\/es\\\/#website\",\"url\":\"https:\\\/\\\/www.itakaescolapios.org\\\/eu\\\/es\\\/\",\"name\":\"Itaka-Escolapios\",\"description\":\"Red de Itaka-Escolapios\",\"publisher\":{\"@id\":\"https:\\\/\\\/www.itakaescolapios.org\\\/eu\\\/es\\\/#organization\"},\"potentialAction\":[{\"@type\":\"SearchAction\",\"target\":{\"@type\":\"EntryPoint\",\"urlTemplate\":\"https:\\\/\\\/www.itakaescolapios.org\\\/eu\\\/es\\\/?s={search_term_string}\"},\"query-input\":{\"@type\":\"PropertyValueSpecification\",\"valueRequired\":true,\"valueName\":\"search_term_string\"}}],\"inLanguage\":\"eu\"},{\"@type\":\"Organization\",\"@id\":\"https:\\\/\\\/www.itakaescolapios.org\\\/eu\\\/es\\\/#organization\",\"name\":\"Fundaci\u00f3 Itaka-Escolapios\",\"url\":\"https:\\\/\\\/www.itakaescolapios.org\\\/eu\\\/es\\\/\",\"logo\":{\"@type\":\"ImageObject\",\"inLanguage\":\"eu\",\"@id\":\"https:\\\/\\\/www.itakaescolapios.org\\\/eu\\\/es\\\/#\\\/schema\\\/logo\\\/image\\\/\",\"url\":\"https:\\\/\\\/www.itakaescolapios.org\\\/wp-content\\\/uploads\\\/2024\\\/04\\\/Logo-itakaescolapios-peque.png\",\"contentUrl\":\"https:\\\/\\\/www.itakaescolapios.org\\\/wp-content\\\/uploads\\\/2024\\\/04\\\/Logo-itakaescolapios-peque.png\",\"width\":500,\"height\":199,\"caption\":\"Fundaci\u00f3 Itaka-Escolapios\"},\"image\":{\"@id\":\"https:\\\/\\\/www.itakaescolapios.org\\\/eu\\\/es\\\/#\\\/schema\\\/logo\\\/image\\\/\"}},{\"@type\":\"Person\",\"@id\":\"https:\\\/\\\/www.itakaescolapios.org\\\/es\\\/#\\\/schema\\\/person\\\/768ce0f19db5c2c2b6361e77e15db2db\",\"name\":\"itakaescolapios\",\"url\":\"https:\\\/\\\/www.itakaescolapios.org\\\/eu\\\/author\\\/itakaescolapios\\\/\"}]}<\/script>\n<!-- \/ Yoast SEO plugin. -->","yoast_head_json":{"title":"Visita del Equipo General de Proyectos a Bolivia","description":"Bolivia. Entre el 17 y el 27 de Octubre , Rosa Gallego y Pedro Mara\u00f1\u00f3n, miembros del Equipo General de Proyectos de Itaka Escolapios, junto a Josefina Pi\u00f1\u00f3n, de Mazars, han visitado las distintas presencias escolapias de Bolivia para conocer y evaluar la labor desarrollada durante los dos \u00faltimos a\u00f1os, que ha contado con el&hellip;","robots":{"index":"index","follow":"follow","max-snippet":"max-snippet:-1","max-image-preview":"max-image-preview:large","max-video-preview":"max-video-preview:-1"},"canonical":"Bolivia. Entre el 17 y el 27 de Octubre , Rosa Gallego y Pedro Mara\u00f1\u00f3n, miembros del Equipo General de Proyectos de Itaka Escolapios, junto a Josefina Pi\u00f1\u00f3n, de Mazars, han visitado las distintas presencias escolapias de Bolivia para conocer y evaluar la labor desarrollada durante los dos \u00faltimos a\u00f1os, que ha contado con el&hellip;","og_locale":"en_US","og_type":"article","og_title":"Visita del Equipo General de Proyectos a Bolivia","og_description":"Bolivia. Entre el 17 y el 27 de Octubre , Rosa Gallego y Pedro Mara\u00f1\u00f3n, miembros del Equipo General de Proyectos de Itaka Escolapios, junto a Josefina Pi\u00f1\u00f3n, de Mazars, han visitado las distintas presencias escolapias de Bolivia para conocer y evaluar la labor desarrollada durante los dos \u00faltimos a\u00f1os, que ha contado con el&hellip;","og_url":"https:\/\/www.itakaescolapios.org\/eu\/2023\/10\/visita-del-equipo-general-de-proyectos-a-bolivia\/","og_site_name":"Itaka-Escolapios","article_published_time":"2023-10-30T11:58:38+00:00","article_modified_time":"2023-11-28T11:35:27+00:00","og_image":[{"width":1333,"height":1000,"url":"https:\/\/www.itakaescolapios.org\/wp-content\/uploads\/2023\/10\/Bolivia-visita-octubre-2023-1-2-scaled.jpg","type":"image\/jpeg"}],"author":"itakaescolapios","twitter_card":"summary_large_image","twitter_misc":{"Written by":"itakaescolapios","Est. reading time":"1 minutua"},"schema":{"@context":"https:\/\/schema.org","@graph":[{"@type":"Article","@id":"https:\/\/www.itakaescolapios.org\/eu\/2023\/10\/visita-del-equipo-general-de-proyectos-a-bolivia\/#article","isPartOf":{"@id":"https:\/\/www.itakaescolapios.org\/eu\/2023\/10\/visita-del-equipo-general-de-proyectos-a-bolivia\/"},"author":{"name":"itakaescolapios","@id":"https:\/\/www.itakaescolapios.org\/es\/#\/schema\/person\/768ce0f19db5c2c2b6361e77e15db2db"},"headline":"Visita del Equipo General de Proyectos a Bolivia","datePublished":"2023-10-30T11:58:38+00:00","dateModified":"2023-11-28T11:35:27+00:00","mainEntityOfPage":{"@id":"https:\/\/www.itakaescolapios.org\/eu\/2023\/10\/visita-del-equipo-general-de-proyectos-a-bolivia\/"},"wordCount":176,"publisher":{"@id":"https:\/\/www.itakaescolapios.org\/es\/#organization"},"image":{"@id":"https:\/\/www.itakaescolapios.org\/eu\/2023\/10\/visita-del-equipo-general-de-proyectos-a-bolivia\/#primaryimage"},"thumbnailUrl":"https:\/\/www.itakaescolapios.org\/wp-content\/uploads\/2023\/10\/Bolivia-visita-octubre-2023-1-2-scaled.jpg","articleSection":["Bolivia","Itaka Escolapios"],"inLanguage":"eu"},{"@type":"WebPage","@id":"https:\/\/www.itakaescolapios.org\/eu\/2023\/10\/visita-del-equipo-general-de-proyectos-a-bolivia\/","url":"https:\/\/www.itakaescolapios.org\/eu\/2023\/10\/visita-del-equipo-general-de-proyectos-a-bolivia\/","name":"Visita del Equipo General de Proyectos a Bolivia - Itaka-Escolapios","isPartOf":{"@id":"https:\/\/www.itakaescolapios.org\/es\/#website"},"primaryImageOfPage":{"@id":"https:\/\/www.itakaescolapios.org\/eu\/2023\/10\/visita-del-equipo-general-de-proyectos-a-bolivia\/#primaryimage"},"image":{"@id":"https:\/\/www.itakaescolapios.org\/eu\/2023\/10\/visita-del-equipo-general-de-proyectos-a-bolivia\/#primaryimage"},"thumbnailUrl":"https:\/\/www.itakaescolapios.org\/wp-content\/uploads\/2023\/10\/Bolivia-visita-octubre-2023-1-2-scaled.jpg","datePublished":"2023-10-30T11:58:38+00:00","dateModified":"2023-11-28T11:35:27+00:00","breadcrumb":{"@id":"https:\/\/www.itakaescolapios.org\/eu\/2023\/10\/visita-del-equipo-general-de-proyectos-a-bolivia\/#breadcrumb"},"inLanguage":"eu","potentialAction":[{"@type":"ReadAction","target":["https:\/\/www.itakaescolapios.org\/eu\/2023\/10\/visita-del-equipo-general-de-proyectos-a-bolivia\/"]}]},{"@type":"ImageObject","inLanguage":"eu","@id":"https:\/\/www.itakaescolapios.org\/eu\/2023\/10\/visita-del-equipo-general-de-proyectos-a-bolivia\/#primaryimage","url":"https:\/\/www.itakaescolapios.org\/wp-content\/uploads\/2023\/10\/Bolivia-visita-octubre-2023-1-2-scaled.jpg","contentUrl":"https:\/\/www.itakaescolapios.org\/wp-content\/uploads\/2023\/10\/Bolivia-visita-octubre-2023-1-2-scaled.jpg","width":1333,"height":1000},{"@type":"BreadcrumbList","@id":"https:\/\/www.itakaescolapios.org\/eu\/2023\/10\/visita-del-equipo-general-de-proyectos-a-bolivia\/#breadcrumb","itemListElement":[{"@type":"ListItem","position":1,"name":"Itaka-Escolapios","item":"https:\/\/www.itakaescolapios.org\/es\/"},{"@type":"ListItem","position":2,"name":"Visita del Equipo General de Proyectos a Bolivia"}]},{"@type":"WebSite","@id":"https:\/\/www.itakaescolapios.org\/eu\/es\/#website","url":"https:\/\/www.itakaescolapios.org\/eu\/es\/","name":"Itaka-Escolapios","description":"Red de Itaka-Escolapios","publisher":{"@id":"https:\/\/www.itakaescolapios.org\/eu\/es\/#organization"},"potentialAction":[{"@type":"SearchAction","target":{"@type":"EntryPoint","urlTemplate":"https:\/\/www.itakaescolapios.org\/eu\/es\/?s={search_term_string}"},"query-input":{"@type":"PropertyValueSpecification","valueRequired":true,"valueName":"search_term_string"}}],"inLanguage":"eu"},{"@type":"Organization","@id":"https:\/\/www.itakaescolapios.org\/eu\/es\/#organization","name":"Fundaci\u00f3 Itaka-Escolapios","url":"https:\/\/www.itakaescolapios.org\/eu\/es\/","logo":{"@type":"ImageObject","inLanguage":"eu","@id":"https:\/\/www.itakaescolapios.org\/eu\/es\/#\/schema\/logo\/image\/","url":"https:\/\/www.itakaescolapios.org\/wp-content\/uploads\/2024\/04\/Logo-itakaescolapios-peque.png","contentUrl":"https:\/\/www.itakaescolapios.org\/wp-content\/uploads\/2024\/04\/Logo-itakaescolapios-peque.png","width":500,"height":199,"caption":"Fundaci\u00f3 Itaka-Escolapios"},"image":{"@id":"https:\/\/www.itakaescolapios.org\/eu\/es\/#\/schema\/logo\/image\/"}},{"@type":"Person","@id":"https:\/\/www.itakaescolapios.org\/es\/#\/schema\/person\/768ce0f19db5c2c2b6361e77e15db2db","name":"itakaescolapios","url":"https:\/\/www.itakaescolapios.org\/eu\/author\/itakaescolapios\/"}]}},"_links":{"self":[{"href":"https:\/\/www.itakaescolapios.org\/eu\/wp-json\/wp\/v2\/posts\/43212","targetHints":{"allow":["GET"]}}],"collection":[{"href":"https:\/\/www.itakaescolapios.org\/eu\/wp-json\/wp\/v2\/posts"}],"about":[{"href":"https:\/\/www.itakaescolapios.org\/eu\/wp-json\/wp\/v2\/types\/post"}],"author":[{"embeddable":true,"href":"https:\/\/www.itakaescolapios.org\/eu\/wp-json\/wp\/v2\/users\/46"}],"replies":[{"embeddable":true,"href":"https:\/\/www.itakaescolapios.org\/eu\/wp-json\/wp\/v2\/comments?post=43212"}],"version-history":[{"count":6,"href":"https:\/\/www.itakaescolapios.org\/eu\/wp-json\/wp\/v2\/posts\/43212\/revisions"}],"predecessor-version":[{"id":43471,"href":"https:\/\/www.itakaescolapios.org\/eu\/wp-json\/wp\/v2\/posts\/43212\/revisions\/43471"}],"wp:featuredmedia":[{"embeddable":true,"href":"https:\/\/www.itakaescolapios.org\/eu\/wp-json\/wp\/v2\/media\/43232"}],"wp:attachment":[{"href":"https:\/\/www.itakaescolapios.org\/eu\/wp-json\/wp\/v2\/media?parent=43212"}],"wp:term":[{"taxonomy":"category","embeddable":true,"href":"https:\/\/www.itakaescolapios.org\/eu\/wp-json\/wp\/v2\/categories?post=43212"},{"taxonomy":"post_tag","embeddable":true,"href":"https:\/\/www.itakaescolapios.org\/eu\/wp-json\/wp\/v2\/tags?post=43212"}],"curies":[{"name":"wp","href":"https:\/\/api.w.org\/{rel}","templated":true}]}}