{"id":4999,"date":"2012-12-11T18:36:44","date_gmt":"2012-12-11T17:36:44","guid":{"rendered":"https:\/\/www.itakaescolapios.org\/?p=4999"},"modified":"2023-11-28T12:39:32","modified_gmt":"2023-11-28T11:39:32","slug":"visita-de-responsables-de-unicef-espana-y-del-heraldo-de-aragon","status":"publish","type":"post","link":"https:\/\/www.itakaescolapios.org\/eu\/2012\/12\/visita-de-responsables-de-unicef-espana-y-del-heraldo-de-aragon\/","title":{"rendered":"Visita de responsables de UNICEF-Espa\u00f1a y del Heraldo de Arag\u00f3n."},"content":{"rendered":"<p style=\"text-align: justify\"><strong><span style=\"color: #0000ff\">Del 3 al 10 de diciembre, recibimos la visita de Pilar de la Vega (Presidenta del Comit\u00e9 Arag\u00f3n) y Mar\u00eda Luisa Cancela Ram\u00edrez (Consejera del Comit\u00e9 Espa\u00f1ol) de UNICEF, Pilar Yarza del Heraldo de Arag\u00f3n y Juanma Crespo Calvo (ex-alumno y colaborador de las Escuelas P\u00edas en Alca\u00f1iz)<\/span>.<\/strong><\/p>\n<p style=\"text-align: justify\">Tras una intensa y prometedora reuni\u00f3n con los responsables de UNICEF-Cameroun, los visitantes con P. Javier Negro (Provincial de las Escuelas P\u00edas de Arag\u00f3n) acompa\u00f1ados por P. Mariano Grassa descubrieron la realidad de la misi\u00f3n escolapia en nuestro pa\u00eds. Recorrieron todas las comunidades y las diferentes obras pastorales y educativas escolapias que llevamos adelante.<\/p>\n<p style=\"text-align: justify\">Gracias por la visita. \u00a1Asha!<\/p>\n<p style=\"text-align: justify\">Recordar que este 29 de diciembre de 2012, la Escuelas P\u00eda celebra 25 a\u00f1os de presencia, &#8220;ya son 25 a\u00f1os,\u2026\u2026 multiplicando vida en Camer\u00fan\u201d.<\/p>\n","protected":false},"excerpt":{"rendered":"<p>Del 3 al 10 de diciembre, recibimos la visita de Pilar de la Vega (Presidenta del Comit\u00e9 Arag\u00f3n) y Mar\u00eda Luisa Cancela Ram\u00edrez (Consejera del Comit\u00e9 Espa\u00f1ol) de UNICEF, Pilar [&hellip;]<\/p>\n","protected":false},"author":16,"featured_media":5002,"comment_status":"closed","ping_status":"closed","sticky":false,"template":"","format":"standard","meta":{"_et_pb_use_builder":"","_et_pb_old_content":"","_et_gb_content_width":"","footnotes":""},"categories":[10],"tags":[],"class_list":["post-4999","post","type-post","status-publish","format-standard","has-post-thumbnail","hentry","category-camerun"],"yoast_head":"<!-- This site is optimized with the Yoast SEO plugin v27.4 - https:\/\/yoast.com\/product\/yoast-seo-wordpress\/ -->\n<title>Visita de responsables de UNICEF-Espa\u00f1a y del Heraldo de Arag\u00f3n.<\/title>\n<meta name=\"description\" content=\"Del 3 al 10 de diciembre, recibimos la visita de Pilar de la Vega (Presidenta del Comit\u00e9 Arag\u00f3n) y Mar\u00eda Luisa Cancela Ram\u00edrez (Consejera del Comit\u00e9 Espa\u00f1ol) de UNICEF, Pilar Yarza del Heraldo de Arag\u00f3n y Juanma Crespo Calvo (ex-alumno y colaborador de las Escuelas P\u00edas en Alca\u00f1iz). Tras una intensa y prometedora reuni\u00f3n con&hellip;\" \/>\n<meta name=\"robots\" content=\"index, follow, max-snippet:-1, max-image-preview:large, max-video-preview:-1\" \/>\n<link rel=\"canonical\" href=\"http:\/\/Del%203%20al%2010%20de%20diciembre,%20recibimos%20la%20visita%20de%20Pilar%20de%20la%20Vega%20(Presidenta%20del%20Comit\u00e9%20Arag\u00f3n)%20y%20Mar\u00eda%20Luisa%20Cancela%20Ram\u00edrez%20(Consejera%20del%20Comit\u00e9%20Espa\u00f1ol)%20de%20UNICEF,%20Pilar%20Yarza%20del%20Heraldo%20de%20Arag\u00f3n%20y%20Juanma%20Crespo%20Calvo%20(ex-alumno%20y%20colaborador%20de%20las%20Escuelas%20P\u00edas%20en%20Alca\u00f1iz).%20Tras%20una%20intensa%20y%20prometedora%20reuni\u00f3n%20con&hellip;\" \/>\n<meta property=\"og:locale\" content=\"en_US\" \/>\n<meta property=\"og:type\" content=\"article\" \/>\n<meta property=\"og:title\" content=\"Visita de responsables de UNICEF-Espa\u00f1a y del Heraldo de Arag\u00f3n.\" \/>\n<meta property=\"og:description\" content=\"Del 3 al 10 de diciembre, recibimos la visita de Pilar de la Vega (Presidenta del Comit\u00e9 Arag\u00f3n) y Mar\u00eda Luisa Cancela Ram\u00edrez (Consejera del Comit\u00e9 Espa\u00f1ol) de UNICEF, Pilar Yarza del Heraldo de Arag\u00f3n y Juanma Crespo Calvo (ex-alumno y colaborador de las Escuelas P\u00edas en Alca\u00f1iz). Tras una intensa y prometedora reuni\u00f3n con&hellip;\" \/>\n<meta property=\"og:url\" content=\"https:\/\/www.itakaescolapios.org\/eu\/2012\/12\/visita-de-responsables-de-unicef-espana-y-del-heraldo-de-aragon\/\" \/>\n<meta property=\"og:site_name\" content=\"Itaka-Escolapios\" \/>\n<meta property=\"article:published_time\" content=\"2012-12-11T17:36:44+00:00\" \/>\n<meta property=\"article:modified_time\" content=\"2023-11-28T11:39:32+00:00\" \/>\n<meta property=\"og:image\" content=\"https:\/\/www.itakaescolapios.org\/wp-content\/uploads\/2012\/12\/DSC00253.jpg\" \/>\n\t<meta property=\"og:image:width\" content=\"2000\" \/>\n\t<meta property=\"og:image:height\" content=\"1500\" \/>\n\t<meta property=\"og:image:type\" content=\"image\/jpeg\" \/>\n<meta name=\"author\" content=\"cameroun02\" \/>\n<meta name=\"twitter:card\" content=\"summary_large_image\" \/>\n<meta name=\"twitter:label1\" content=\"Written by\" \/>\n\t<meta name=\"twitter:data1\" content=\"cameroun02\" \/>\n\t<meta name=\"twitter:label2\" content=\"Est. reading time\" \/>\n\t<meta name=\"twitter:data2\" content=\"1 minutua\" \/>\n<script type=\"application\/ld+json\" class=\"yoast-schema-graph\">{\"@context\":\"https:\\\/\\\/schema.org\",\"@graph\":[{\"@type\":\"Article\",\"@id\":\"https:\\\/\\\/www.itakaescolapios.org\\\/eu\\\/2012\\\/12\\\/visita-de-responsables-de-unicef-espana-y-del-heraldo-de-aragon\\\/#article\",\"isPartOf\":{\"@id\":\"https:\\\/\\\/www.itakaescolapios.org\\\/eu\\\/2012\\\/12\\\/visita-de-responsables-de-unicef-espana-y-del-heraldo-de-aragon\\\/\"},\"author\":{\"name\":\"cameroun02\",\"@id\":\"https:\\\/\\\/www.itakaescolapios.org\\\/es\\\/#\\\/schema\\\/person\\\/9274f8b80c7385b5aae18a7831c4a9c5\"},\"headline\":\"Visita de responsables de UNICEF-Espa\u00f1a y del Heraldo de Arag\u00f3n.\",\"datePublished\":\"2012-12-11T17:36:44+00:00\",\"dateModified\":\"2023-11-28T11:39:32+00:00\",\"mainEntityOfPage\":{\"@id\":\"https:\\\/\\\/www.itakaescolapios.org\\\/eu\\\/2012\\\/12\\\/visita-de-responsables-de-unicef-espana-y-del-heraldo-de-aragon\\\/\"},\"wordCount\":154,\"publisher\":{\"@id\":\"https:\\\/\\\/www.itakaescolapios.org\\\/es\\\/#organization\"},\"image\":{\"@id\":\"https:\\\/\\\/www.itakaescolapios.org\\\/eu\\\/2012\\\/12\\\/visita-de-responsables-de-unicef-espana-y-del-heraldo-de-aragon\\\/#primaryimage\"},\"thumbnailUrl\":\"https:\\\/\\\/www.itakaescolapios.org\\\/wp-content\\\/uploads\\\/2012\\\/12\\\/DSC00253.jpg\",\"articleSection\":[\"Kamerun\"],\"inLanguage\":\"eu\"},{\"@type\":\"WebPage\",\"@id\":\"https:\\\/\\\/www.itakaescolapios.org\\\/eu\\\/2012\\\/12\\\/visita-de-responsables-de-unicef-espana-y-del-heraldo-de-aragon\\\/\",\"url\":\"https:\\\/\\\/www.itakaescolapios.org\\\/eu\\\/2012\\\/12\\\/visita-de-responsables-de-unicef-espana-y-del-heraldo-de-aragon\\\/\",\"name\":\"Visita de responsables de UNICEF-Espa\u00f1a y del Heraldo de Arag\u00f3n. - Itaka-Escolapios\",\"isPartOf\":{\"@id\":\"https:\\\/\\\/www.itakaescolapios.org\\\/es\\\/#website\"},\"primaryImageOfPage\":{\"@id\":\"https:\\\/\\\/www.itakaescolapios.org\\\/eu\\\/2012\\\/12\\\/visita-de-responsables-de-unicef-espana-y-del-heraldo-de-aragon\\\/#primaryimage\"},\"image\":{\"@id\":\"https:\\\/\\\/www.itakaescolapios.org\\\/eu\\\/2012\\\/12\\\/visita-de-responsables-de-unicef-espana-y-del-heraldo-de-aragon\\\/#primaryimage\"},\"thumbnailUrl\":\"https:\\\/\\\/www.itakaescolapios.org\\\/wp-content\\\/uploads\\\/2012\\\/12\\\/DSC00253.jpg\",\"datePublished\":\"2012-12-11T17:36:44+00:00\",\"dateModified\":\"2023-11-28T11:39:32+00:00\",\"breadcrumb\":{\"@id\":\"https:\\\/\\\/www.itakaescolapios.org\\\/eu\\\/2012\\\/12\\\/visita-de-responsables-de-unicef-espana-y-del-heraldo-de-aragon\\\/#breadcrumb\"},\"inLanguage\":\"eu\",\"potentialAction\":[{\"@type\":\"ReadAction\",\"target\":[\"https:\\\/\\\/www.itakaescolapios.org\\\/eu\\\/2012\\\/12\\\/visita-de-responsables-de-unicef-espana-y-del-heraldo-de-aragon\\\/\"]}]},{\"@type\":\"ImageObject\",\"inLanguage\":\"eu\",\"@id\":\"https:\\\/\\\/www.itakaescolapios.org\\\/eu\\\/2012\\\/12\\\/visita-de-responsables-de-unicef-espana-y-del-heraldo-de-aragon\\\/#primaryimage\",\"url\":\"https:\\\/\\\/www.itakaescolapios.org\\\/wp-content\\\/uploads\\\/2012\\\/12\\\/DSC00253.jpg\",\"contentUrl\":\"https:\\\/\\\/www.itakaescolapios.org\\\/wp-content\\\/uploads\\\/2012\\\/12\\\/DSC00253.jpg\",\"width\":2000,\"height\":1500},{\"@type\":\"BreadcrumbList\",\"@id\":\"https:\\\/\\\/www.itakaescolapios.org\\\/eu\\\/2012\\\/12\\\/visita-de-responsables-de-unicef-espana-y-del-heraldo-de-aragon\\\/#breadcrumb\",\"itemListElement\":[{\"@type\":\"ListItem\",\"position\":1,\"name\":\"Itaka-Escolapios\",\"item\":\"https:\\\/\\\/www.itakaescolapios.org\\\/es\\\/\"},{\"@type\":\"ListItem\",\"position\":2,\"name\":\"Visita de responsables de UNICEF-Espa\u00f1a y del Heraldo de Arag\u00f3n.\"}]},{\"@type\":\"WebSite\",\"@id\":\"https:\\\/\\\/www.itakaescolapios.org\\\/eu\\\/es\\\/#website\",\"url\":\"https:\\\/\\\/www.itakaescolapios.org\\\/eu\\\/es\\\/\",\"name\":\"Itaka-Escolapios\",\"description\":\"Red de Itaka-Escolapios\",\"publisher\":{\"@id\":\"https:\\\/\\\/www.itakaescolapios.org\\\/eu\\\/es\\\/#organization\"},\"potentialAction\":[{\"@type\":\"SearchAction\",\"target\":{\"@type\":\"EntryPoint\",\"urlTemplate\":\"https:\\\/\\\/www.itakaescolapios.org\\\/eu\\\/es\\\/?s={search_term_string}\"},\"query-input\":{\"@type\":\"PropertyValueSpecification\",\"valueRequired\":true,\"valueName\":\"search_term_string\"}}],\"inLanguage\":\"eu\"},{\"@type\":\"Organization\",\"@id\":\"https:\\\/\\\/www.itakaescolapios.org\\\/eu\\\/es\\\/#organization\",\"name\":\"Fundaci\u00f3 Itaka-Escolapios\",\"url\":\"https:\\\/\\\/www.itakaescolapios.org\\\/eu\\\/es\\\/\",\"logo\":{\"@type\":\"ImageObject\",\"inLanguage\":\"eu\",\"@id\":\"https:\\\/\\\/www.itakaescolapios.org\\\/eu\\\/es\\\/#\\\/schema\\\/logo\\\/image\\\/\",\"url\":\"https:\\\/\\\/www.itakaescolapios.org\\\/wp-content\\\/uploads\\\/2024\\\/04\\\/Logo-itakaescolapios-peque.png\",\"contentUrl\":\"https:\\\/\\\/www.itakaescolapios.org\\\/wp-content\\\/uploads\\\/2024\\\/04\\\/Logo-itakaescolapios-peque.png\",\"width\":500,\"height\":199,\"caption\":\"Fundaci\u00f3 Itaka-Escolapios\"},\"image\":{\"@id\":\"https:\\\/\\\/www.itakaescolapios.org\\\/eu\\\/es\\\/#\\\/schema\\\/logo\\\/image\\\/\"}},{\"@type\":\"Person\",\"@id\":\"https:\\\/\\\/www.itakaescolapios.org\\\/es\\\/#\\\/schema\\\/person\\\/9274f8b80c7385b5aae18a7831c4a9c5\",\"name\":\"cameroun02\",\"url\":\"https:\\\/\\\/www.itakaescolapios.org\\\/eu\\\/author\\\/cameroun02\\\/\"}]}<\/script>\n<!-- \/ Yoast SEO plugin. -->","yoast_head_json":{"title":"Visita de responsables de UNICEF-Espa\u00f1a y del Heraldo de Arag\u00f3n.","description":"Del 3 al 10 de diciembre, recibimos la visita de Pilar de la Vega (Presidenta del Comit\u00e9 Arag\u00f3n) y Mar\u00eda Luisa Cancela Ram\u00edrez (Consejera del Comit\u00e9 Espa\u00f1ol) de UNICEF, Pilar Yarza del Heraldo de Arag\u00f3n y Juanma Crespo Calvo (ex-alumno y colaborador de las Escuelas P\u00edas en Alca\u00f1iz). Tras una intensa y prometedora reuni\u00f3n con&hellip;","robots":{"index":"index","follow":"follow","max-snippet":"max-snippet:-1","max-image-preview":"max-image-preview:large","max-video-preview":"max-video-preview:-1"},"canonical":"Del 3 al 10 de diciembre, recibimos la visita de Pilar de la Vega (Presidenta del Comit\u00e9 Arag\u00f3n) y Mar\u00eda Luisa Cancela Ram\u00edrez (Consejera del Comit\u00e9 Espa\u00f1ol) de UNICEF, Pilar Yarza del Heraldo de Arag\u00f3n y Juanma Crespo Calvo (ex-alumno y colaborador de las Escuelas P\u00edas en Alca\u00f1iz). Tras una intensa y prometedora reuni\u00f3n con&hellip;","og_locale":"en_US","og_type":"article","og_title":"Visita de responsables de UNICEF-Espa\u00f1a y del Heraldo de Arag\u00f3n.","og_description":"Del 3 al 10 de diciembre, recibimos la visita de Pilar de la Vega (Presidenta del Comit\u00e9 Arag\u00f3n) y Mar\u00eda Luisa Cancela Ram\u00edrez (Consejera del Comit\u00e9 Espa\u00f1ol) de UNICEF, Pilar Yarza del Heraldo de Arag\u00f3n y Juanma Crespo Calvo (ex-alumno y colaborador de las Escuelas P\u00edas en Alca\u00f1iz). Tras una intensa y prometedora reuni\u00f3n con&hellip;","og_url":"https:\/\/www.itakaescolapios.org\/eu\/2012\/12\/visita-de-responsables-de-unicef-espana-y-del-heraldo-de-aragon\/","og_site_name":"Itaka-Escolapios","article_published_time":"2012-12-11T17:36:44+00:00","article_modified_time":"2023-11-28T11:39:32+00:00","og_image":[{"width":2000,"height":1500,"url":"https:\/\/www.itakaescolapios.org\/wp-content\/uploads\/2012\/12\/DSC00253.jpg","type":"image\/jpeg"}],"author":"cameroun02","twitter_card":"summary_large_image","twitter_misc":{"Written by":"cameroun02","Est. reading time":"1 minutua"},"schema":{"@context":"https:\/\/schema.org","@graph":[{"@type":"Article","@id":"https:\/\/www.itakaescolapios.org\/eu\/2012\/12\/visita-de-responsables-de-unicef-espana-y-del-heraldo-de-aragon\/#article","isPartOf":{"@id":"https:\/\/www.itakaescolapios.org\/eu\/2012\/12\/visita-de-responsables-de-unicef-espana-y-del-heraldo-de-aragon\/"},"author":{"name":"cameroun02","@id":"https:\/\/www.itakaescolapios.org\/es\/#\/schema\/person\/9274f8b80c7385b5aae18a7831c4a9c5"},"headline":"Visita de responsables de UNICEF-Espa\u00f1a y del Heraldo de Arag\u00f3n.","datePublished":"2012-12-11T17:36:44+00:00","dateModified":"2023-11-28T11:39:32+00:00","mainEntityOfPage":{"@id":"https:\/\/www.itakaescolapios.org\/eu\/2012\/12\/visita-de-responsables-de-unicef-espana-y-del-heraldo-de-aragon\/"},"wordCount":154,"publisher":{"@id":"https:\/\/www.itakaescolapios.org\/es\/#organization"},"image":{"@id":"https:\/\/www.itakaescolapios.org\/eu\/2012\/12\/visita-de-responsables-de-unicef-espana-y-del-heraldo-de-aragon\/#primaryimage"},"thumbnailUrl":"https:\/\/www.itakaescolapios.org\/wp-content\/uploads\/2012\/12\/DSC00253.jpg","articleSection":["Kamerun"],"inLanguage":"eu"},{"@type":"WebPage","@id":"https:\/\/www.itakaescolapios.org\/eu\/2012\/12\/visita-de-responsables-de-unicef-espana-y-del-heraldo-de-aragon\/","url":"https:\/\/www.itakaescolapios.org\/eu\/2012\/12\/visita-de-responsables-de-unicef-espana-y-del-heraldo-de-aragon\/","name":"Visita de responsables de UNICEF-Espa\u00f1a y del Heraldo de Arag\u00f3n. - Itaka-Escolapios","isPartOf":{"@id":"https:\/\/www.itakaescolapios.org\/es\/#website"},"primaryImageOfPage":{"@id":"https:\/\/www.itakaescolapios.org\/eu\/2012\/12\/visita-de-responsables-de-unicef-espana-y-del-heraldo-de-aragon\/#primaryimage"},"image":{"@id":"https:\/\/www.itakaescolapios.org\/eu\/2012\/12\/visita-de-responsables-de-unicef-espana-y-del-heraldo-de-aragon\/#primaryimage"},"thumbnailUrl":"https:\/\/www.itakaescolapios.org\/wp-content\/uploads\/2012\/12\/DSC00253.jpg","datePublished":"2012-12-11T17:36:44+00:00","dateModified":"2023-11-28T11:39:32+00:00","breadcrumb":{"@id":"https:\/\/www.itakaescolapios.org\/eu\/2012\/12\/visita-de-responsables-de-unicef-espana-y-del-heraldo-de-aragon\/#breadcrumb"},"inLanguage":"eu","potentialAction":[{"@type":"ReadAction","target":["https:\/\/www.itakaescolapios.org\/eu\/2012\/12\/visita-de-responsables-de-unicef-espana-y-del-heraldo-de-aragon\/"]}]},{"@type":"ImageObject","inLanguage":"eu","@id":"https:\/\/www.itakaescolapios.org\/eu\/2012\/12\/visita-de-responsables-de-unicef-espana-y-del-heraldo-de-aragon\/#primaryimage","url":"https:\/\/www.itakaescolapios.org\/wp-content\/uploads\/2012\/12\/DSC00253.jpg","contentUrl":"https:\/\/www.itakaescolapios.org\/wp-content\/uploads\/2012\/12\/DSC00253.jpg","width":2000,"height":1500},{"@type":"BreadcrumbList","@id":"https:\/\/www.itakaescolapios.org\/eu\/2012\/12\/visita-de-responsables-de-unicef-espana-y-del-heraldo-de-aragon\/#breadcrumb","itemListElement":[{"@type":"ListItem","position":1,"name":"Itaka-Escolapios","item":"https:\/\/www.itakaescolapios.org\/es\/"},{"@type":"ListItem","position":2,"name":"Visita de responsables de UNICEF-Espa\u00f1a y del Heraldo de Arag\u00f3n."}]},{"@type":"WebSite","@id":"https:\/\/www.itakaescolapios.org\/eu\/es\/#website","url":"https:\/\/www.itakaescolapios.org\/eu\/es\/","name":"Itaka-Escolapios","description":"Red de Itaka-Escolapios","publisher":{"@id":"https:\/\/www.itakaescolapios.org\/eu\/es\/#organization"},"potentialAction":[{"@type":"SearchAction","target":{"@type":"EntryPoint","urlTemplate":"https:\/\/www.itakaescolapios.org\/eu\/es\/?s={search_term_string}"},"query-input":{"@type":"PropertyValueSpecification","valueRequired":true,"valueName":"search_term_string"}}],"inLanguage":"eu"},{"@type":"Organization","@id":"https:\/\/www.itakaescolapios.org\/eu\/es\/#organization","name":"Fundaci\u00f3 Itaka-Escolapios","url":"https:\/\/www.itakaescolapios.org\/eu\/es\/","logo":{"@type":"ImageObject","inLanguage":"eu","@id":"https:\/\/www.itakaescolapios.org\/eu\/es\/#\/schema\/logo\/image\/","url":"https:\/\/www.itakaescolapios.org\/wp-content\/uploads\/2024\/04\/Logo-itakaescolapios-peque.png","contentUrl":"https:\/\/www.itakaescolapios.org\/wp-content\/uploads\/2024\/04\/Logo-itakaescolapios-peque.png","width":500,"height":199,"caption":"Fundaci\u00f3 Itaka-Escolapios"},"image":{"@id":"https:\/\/www.itakaescolapios.org\/eu\/es\/#\/schema\/logo\/image\/"}},{"@type":"Person","@id":"https:\/\/www.itakaescolapios.org\/es\/#\/schema\/person\/9274f8b80c7385b5aae18a7831c4a9c5","name":"cameroun02","url":"https:\/\/www.itakaescolapios.org\/eu\/author\/cameroun02\/"}]}},"_links":{"self":[{"href":"https:\/\/www.itakaescolapios.org\/eu\/wp-json\/wp\/v2\/posts\/4999","targetHints":{"allow":["GET"]}}],"collection":[{"href":"https:\/\/www.itakaescolapios.org\/eu\/wp-json\/wp\/v2\/posts"}],"about":[{"href":"https:\/\/www.itakaescolapios.org\/eu\/wp-json\/wp\/v2\/types\/post"}],"author":[{"embeddable":true,"href":"https:\/\/www.itakaescolapios.org\/eu\/wp-json\/wp\/v2\/users\/16"}],"replies":[{"embeddable":true,"href":"https:\/\/www.itakaescolapios.org\/eu\/wp-json\/wp\/v2\/comments?post=4999"}],"version-history":[{"count":5,"href":"https:\/\/www.itakaescolapios.org\/eu\/wp-json\/wp\/v2\/posts\/4999\/revisions"}],"predecessor-version":[{"id":49854,"href":"https:\/\/www.itakaescolapios.org\/eu\/wp-json\/wp\/v2\/posts\/4999\/revisions\/49854"}],"wp:featuredmedia":[{"embeddable":true,"href":"https:\/\/www.itakaescolapios.org\/eu\/wp-json\/wp\/v2\/media\/5002"}],"wp:attachment":[{"href":"https:\/\/www.itakaescolapios.org\/eu\/wp-json\/wp\/v2\/media?parent=4999"}],"wp:term":[{"taxonomy":"category","embeddable":true,"href":"https:\/\/www.itakaescolapios.org\/eu\/wp-json\/wp\/v2\/categories?post=4999"},{"taxonomy":"post_tag","embeddable":true,"href":"https:\/\/www.itakaescolapios.org\/eu\/wp-json\/wp\/v2\/tags?post=4999"}],"curies":[{"name":"wp","href":"https:\/\/api.w.org\/{rel}","templated":true}]}}