{"id":5006,"date":"2012-12-12T09:38:23","date_gmt":"2012-12-12T08:38:23","guid":{"rendered":"https:\/\/www.itakaescolapios.org\/?p=5006"},"modified":"2023-11-28T12:39:32","modified_gmt":"2023-11-28T11:39:32","slug":"bafia-inicio-de-la-obra-de-ampliacion-de-la-escuela-de-bafia","status":"publish","type":"post","link":"https:\/\/www.itakaescolapios.org\/eu\/2012\/12\/bafia-inicio-de-la-obra-de-ampliacion-de-la-escuela-de-bafia\/","title":{"rendered":"Bafia-Inicio de la obra de ampliaci\u00f3n de la escuela de Bafia."},"content":{"rendered":"<p style=\"text-align: justify\"><strong><span style=\"color: #0000ff\">Desde hace dos semanas se ha empezado la primera fase de este proyecto que permitir\u00e1 aumentar las capacidades de nuestra escuela que, en 5 a\u00f1os de existencia, ya tiene m\u00e1s de 630 alumnas y alumnos.<\/span><\/strong><\/p>\n<p style=\"text-align: justify\">La demanda educativa sigue fuerte en la zona de Bafia y necesita una ampliaci\u00f3n de las capacidades de acogida de ni\u00f1as y ni\u00f1os. Con el apoyo econ\u00f3mico de la CAI (Espa\u00f1a) y Caritas Antoniana (Italia) ya est\u00e1 movilizada parte de los fondos necesarios. Este edificio tendr\u00e1 seis aulas, aseos, una sala inform\u00e1tica, una biblioteca, una sala de reuniones, la enfermer\u00eda y despachos para administraci\u00f3n, y deber\u00eda ser operacional para la reapertura del pr\u00f3ximo curso escolar (septiembre de 2013).<\/p>\n<p style=\"text-align: center\"><strong><em><span style=\"color: #99cc00\">&#8220;Escolapios, 25 a\u00f1os ya\u2026\u2026 multiplicando vida en Camer\u00fan\u201d<\/span><\/em><\/strong><\/p>\n","protected":false},"excerpt":{"rendered":"<p>Desde hace dos semanas se ha empezado la primera fase de este proyecto que permitir\u00e1 aumentar las capacidades de nuestra escuela que, en 5 a\u00f1os de existencia, ya tiene m\u00e1s [&hellip;]<\/p>\n","protected":false},"author":16,"featured_media":5007,"comment_status":"closed","ping_status":"closed","sticky":false,"template":"","format":"standard","meta":{"_et_pb_use_builder":"","_et_pb_old_content":"","_et_gb_content_width":"","footnotes":""},"categories":[10],"tags":[],"class_list":["post-5006","post","type-post","status-publish","format-standard","has-post-thumbnail","hentry","category-camerun"],"yoast_head":"<!-- This site is optimized with the Yoast SEO plugin v27.4 - https:\/\/yoast.com\/product\/yoast-seo-wordpress\/ -->\n<title>Bafia-Inicio de la obra de ampliaci\u00f3n de la escuela de Bafia.<\/title>\n<meta name=\"description\" content=\"Desde hace dos semanas se ha empezado la primera fase de este proyecto que permitir\u00e1 aumentar las capacidades de nuestra escuela que, en 5 a\u00f1os de existencia, ya tiene m\u00e1s de 630 alumnas y alumnos. La demanda educativa sigue fuerte en la zona de Bafia y necesita una ampliaci\u00f3n de las capacidades de acogida de&hellip;\" \/>\n<meta name=\"robots\" content=\"index, follow, max-snippet:-1, max-image-preview:large, max-video-preview:-1\" \/>\n<link rel=\"canonical\" href=\"http:\/\/Desde%20hace%20dos%20semanas%20se%20ha%20empezado%20la%20primera%20fase%20de%20este%20proyecto%20que%20permitir\u00e1%20aumentar%20las%20capacidades%20de%20nuestra%20escuela%20que,%20en%205%20a\u00f1os%20de%20existencia,%20ya%20tiene%20m\u00e1s%20de%20630%20alumnas%20y%20alumnos.%20La%20demanda%20educativa%20sigue%20fuerte%20en%20la%20zona%20de%20Bafia%20y%20necesita%20una%20ampliaci\u00f3n%20de%20las%20capacidades%20de%20acogida%20de&hellip;\" \/>\n<meta property=\"og:locale\" content=\"en_US\" \/>\n<meta property=\"og:type\" content=\"article\" \/>\n<meta property=\"og:title\" content=\"Bafia-Inicio de la obra de ampliaci\u00f3n de la escuela de Bafia.\" \/>\n<meta property=\"og:description\" content=\"Desde hace dos semanas se ha empezado la primera fase de este proyecto que permitir\u00e1 aumentar las capacidades de nuestra escuela que, en 5 a\u00f1os de existencia, ya tiene m\u00e1s de 630 alumnas y alumnos. La demanda educativa sigue fuerte en la zona de Bafia y necesita una ampliaci\u00f3n de las capacidades de acogida de&hellip;\" \/>\n<meta property=\"og:url\" content=\"https:\/\/www.itakaescolapios.org\/eu\/2012\/12\/bafia-inicio-de-la-obra-de-ampliacion-de-la-escuela-de-bafia\/\" \/>\n<meta property=\"og:site_name\" content=\"Itaka-Escolapios\" \/>\n<meta property=\"article:published_time\" content=\"2012-12-12T08:38:23+00:00\" \/>\n<meta property=\"article:modified_time\" content=\"2023-11-28T11:39:32+00:00\" \/>\n<meta property=\"og:image\" content=\"https:\/\/www.itakaescolapios.org\/wp-content\/uploads\/2012\/12\/PC080888.jpg\" \/>\n\t<meta property=\"og:image:width\" content=\"2000\" \/>\n\t<meta property=\"og:image:height\" content=\"1500\" \/>\n\t<meta property=\"og:image:type\" content=\"image\/jpeg\" \/>\n<meta name=\"author\" content=\"cameroun02\" \/>\n<meta name=\"twitter:card\" content=\"summary_large_image\" \/>\n<meta name=\"twitter:label1\" content=\"Written by\" \/>\n\t<meta name=\"twitter:data1\" content=\"cameroun02\" \/>\n\t<meta name=\"twitter:label2\" content=\"Est. reading time\" \/>\n\t<meta name=\"twitter:data2\" content=\"1 minutua\" \/>\n<script type=\"application\/ld+json\" class=\"yoast-schema-graph\">{\"@context\":\"https:\\\/\\\/schema.org\",\"@graph\":[{\"@type\":\"Article\",\"@id\":\"https:\\\/\\\/www.itakaescolapios.org\\\/eu\\\/2012\\\/12\\\/bafia-inicio-de-la-obra-de-ampliacion-de-la-escuela-de-bafia\\\/#article\",\"isPartOf\":{\"@id\":\"https:\\\/\\\/www.itakaescolapios.org\\\/eu\\\/2012\\\/12\\\/bafia-inicio-de-la-obra-de-ampliacion-de-la-escuela-de-bafia\\\/\"},\"author\":{\"name\":\"cameroun02\",\"@id\":\"https:\\\/\\\/www.itakaescolapios.org\\\/es\\\/#\\\/schema\\\/person\\\/9274f8b80c7385b5aae18a7831c4a9c5\"},\"headline\":\"Bafia-Inicio de la obra de ampliaci\u00f3n de la escuela de Bafia.\",\"datePublished\":\"2012-12-12T08:38:23+00:00\",\"dateModified\":\"2023-11-28T11:39:32+00:00\",\"mainEntityOfPage\":{\"@id\":\"https:\\\/\\\/www.itakaescolapios.org\\\/eu\\\/2012\\\/12\\\/bafia-inicio-de-la-obra-de-ampliacion-de-la-escuela-de-bafia\\\/\"},\"wordCount\":143,\"publisher\":{\"@id\":\"https:\\\/\\\/www.itakaescolapios.org\\\/es\\\/#organization\"},\"image\":{\"@id\":\"https:\\\/\\\/www.itakaescolapios.org\\\/eu\\\/2012\\\/12\\\/bafia-inicio-de-la-obra-de-ampliacion-de-la-escuela-de-bafia\\\/#primaryimage\"},\"thumbnailUrl\":\"https:\\\/\\\/www.itakaescolapios.org\\\/wp-content\\\/uploads\\\/2012\\\/12\\\/PC080888.jpg\",\"articleSection\":[\"Kamerun\"],\"inLanguage\":\"eu\"},{\"@type\":\"WebPage\",\"@id\":\"https:\\\/\\\/www.itakaescolapios.org\\\/eu\\\/2012\\\/12\\\/bafia-inicio-de-la-obra-de-ampliacion-de-la-escuela-de-bafia\\\/\",\"url\":\"https:\\\/\\\/www.itakaescolapios.org\\\/eu\\\/2012\\\/12\\\/bafia-inicio-de-la-obra-de-ampliacion-de-la-escuela-de-bafia\\\/\",\"name\":\"Bafia-Inicio de la obra de ampliaci\u00f3n de la escuela de Bafia. - Itaka-Escolapios\",\"isPartOf\":{\"@id\":\"https:\\\/\\\/www.itakaescolapios.org\\\/es\\\/#website\"},\"primaryImageOfPage\":{\"@id\":\"https:\\\/\\\/www.itakaescolapios.org\\\/eu\\\/2012\\\/12\\\/bafia-inicio-de-la-obra-de-ampliacion-de-la-escuela-de-bafia\\\/#primaryimage\"},\"image\":{\"@id\":\"https:\\\/\\\/www.itakaescolapios.org\\\/eu\\\/2012\\\/12\\\/bafia-inicio-de-la-obra-de-ampliacion-de-la-escuela-de-bafia\\\/#primaryimage\"},\"thumbnailUrl\":\"https:\\\/\\\/www.itakaescolapios.org\\\/wp-content\\\/uploads\\\/2012\\\/12\\\/PC080888.jpg\",\"datePublished\":\"2012-12-12T08:38:23+00:00\",\"dateModified\":\"2023-11-28T11:39:32+00:00\",\"breadcrumb\":{\"@id\":\"https:\\\/\\\/www.itakaescolapios.org\\\/eu\\\/2012\\\/12\\\/bafia-inicio-de-la-obra-de-ampliacion-de-la-escuela-de-bafia\\\/#breadcrumb\"},\"inLanguage\":\"eu\",\"potentialAction\":[{\"@type\":\"ReadAction\",\"target\":[\"https:\\\/\\\/www.itakaescolapios.org\\\/eu\\\/2012\\\/12\\\/bafia-inicio-de-la-obra-de-ampliacion-de-la-escuela-de-bafia\\\/\"]}]},{\"@type\":\"ImageObject\",\"inLanguage\":\"eu\",\"@id\":\"https:\\\/\\\/www.itakaescolapios.org\\\/eu\\\/2012\\\/12\\\/bafia-inicio-de-la-obra-de-ampliacion-de-la-escuela-de-bafia\\\/#primaryimage\",\"url\":\"https:\\\/\\\/www.itakaescolapios.org\\\/wp-content\\\/uploads\\\/2012\\\/12\\\/PC080888.jpg\",\"contentUrl\":\"https:\\\/\\\/www.itakaescolapios.org\\\/wp-content\\\/uploads\\\/2012\\\/12\\\/PC080888.jpg\",\"width\":2000,\"height\":1500},{\"@type\":\"BreadcrumbList\",\"@id\":\"https:\\\/\\\/www.itakaescolapios.org\\\/eu\\\/2012\\\/12\\\/bafia-inicio-de-la-obra-de-ampliacion-de-la-escuela-de-bafia\\\/#breadcrumb\",\"itemListElement\":[{\"@type\":\"ListItem\",\"position\":1,\"name\":\"Itaka-Escolapios\",\"item\":\"https:\\\/\\\/www.itakaescolapios.org\\\/es\\\/\"},{\"@type\":\"ListItem\",\"position\":2,\"name\":\"Bafia-Inicio de la obra de ampliaci\u00f3n de la escuela de Bafia.\"}]},{\"@type\":\"WebSite\",\"@id\":\"https:\\\/\\\/www.itakaescolapios.org\\\/eu\\\/es\\\/#website\",\"url\":\"https:\\\/\\\/www.itakaescolapios.org\\\/eu\\\/es\\\/\",\"name\":\"Itaka-Escolapios\",\"description\":\"Red de Itaka-Escolapios\",\"publisher\":{\"@id\":\"https:\\\/\\\/www.itakaescolapios.org\\\/eu\\\/es\\\/#organization\"},\"potentialAction\":[{\"@type\":\"SearchAction\",\"target\":{\"@type\":\"EntryPoint\",\"urlTemplate\":\"https:\\\/\\\/www.itakaescolapios.org\\\/eu\\\/es\\\/?s={search_term_string}\"},\"query-input\":{\"@type\":\"PropertyValueSpecification\",\"valueRequired\":true,\"valueName\":\"search_term_string\"}}],\"inLanguage\":\"eu\"},{\"@type\":\"Organization\",\"@id\":\"https:\\\/\\\/www.itakaescolapios.org\\\/eu\\\/es\\\/#organization\",\"name\":\"Fundaci\u00f3 Itaka-Escolapios\",\"url\":\"https:\\\/\\\/www.itakaescolapios.org\\\/eu\\\/es\\\/\",\"logo\":{\"@type\":\"ImageObject\",\"inLanguage\":\"eu\",\"@id\":\"https:\\\/\\\/www.itakaescolapios.org\\\/eu\\\/es\\\/#\\\/schema\\\/logo\\\/image\\\/\",\"url\":\"https:\\\/\\\/www.itakaescolapios.org\\\/wp-content\\\/uploads\\\/2024\\\/04\\\/Logo-itakaescolapios-peque.png\",\"contentUrl\":\"https:\\\/\\\/www.itakaescolapios.org\\\/wp-content\\\/uploads\\\/2024\\\/04\\\/Logo-itakaescolapios-peque.png\",\"width\":500,\"height\":199,\"caption\":\"Fundaci\u00f3 Itaka-Escolapios\"},\"image\":{\"@id\":\"https:\\\/\\\/www.itakaescolapios.org\\\/eu\\\/es\\\/#\\\/schema\\\/logo\\\/image\\\/\"}},{\"@type\":\"Person\",\"@id\":\"https:\\\/\\\/www.itakaescolapios.org\\\/es\\\/#\\\/schema\\\/person\\\/9274f8b80c7385b5aae18a7831c4a9c5\",\"name\":\"cameroun02\",\"url\":\"https:\\\/\\\/www.itakaescolapios.org\\\/eu\\\/author\\\/cameroun02\\\/\"}]}<\/script>\n<!-- \/ Yoast SEO plugin. -->","yoast_head_json":{"title":"Bafia-Inicio de la obra de ampliaci\u00f3n de la escuela de Bafia.","description":"Desde hace dos semanas se ha empezado la primera fase de este proyecto que permitir\u00e1 aumentar las capacidades de nuestra escuela que, en 5 a\u00f1os de existencia, ya tiene m\u00e1s de 630 alumnas y alumnos. La demanda educativa sigue fuerte en la zona de Bafia y necesita una ampliaci\u00f3n de las capacidades de acogida de&hellip;","robots":{"index":"index","follow":"follow","max-snippet":"max-snippet:-1","max-image-preview":"max-image-preview:large","max-video-preview":"max-video-preview:-1"},"canonical":"Desde hace dos semanas se ha empezado la primera fase de este proyecto que permitir\u00e1 aumentar las capacidades de nuestra escuela que, en 5 a\u00f1os de existencia, ya tiene m\u00e1s de 630 alumnas y alumnos. La demanda educativa sigue fuerte en la zona de Bafia y necesita una ampliaci\u00f3n de las capacidades de acogida de&hellip;","og_locale":"en_US","og_type":"article","og_title":"Bafia-Inicio de la obra de ampliaci\u00f3n de la escuela de Bafia.","og_description":"Desde hace dos semanas se ha empezado la primera fase de este proyecto que permitir\u00e1 aumentar las capacidades de nuestra escuela que, en 5 a\u00f1os de existencia, ya tiene m\u00e1s de 630 alumnas y alumnos. La demanda educativa sigue fuerte en la zona de Bafia y necesita una ampliaci\u00f3n de las capacidades de acogida de&hellip;","og_url":"https:\/\/www.itakaescolapios.org\/eu\/2012\/12\/bafia-inicio-de-la-obra-de-ampliacion-de-la-escuela-de-bafia\/","og_site_name":"Itaka-Escolapios","article_published_time":"2012-12-12T08:38:23+00:00","article_modified_time":"2023-11-28T11:39:32+00:00","og_image":[{"width":2000,"height":1500,"url":"https:\/\/www.itakaescolapios.org\/wp-content\/uploads\/2012\/12\/PC080888.jpg","type":"image\/jpeg"}],"author":"cameroun02","twitter_card":"summary_large_image","twitter_misc":{"Written by":"cameroun02","Est. reading time":"1 minutua"},"schema":{"@context":"https:\/\/schema.org","@graph":[{"@type":"Article","@id":"https:\/\/www.itakaescolapios.org\/eu\/2012\/12\/bafia-inicio-de-la-obra-de-ampliacion-de-la-escuela-de-bafia\/#article","isPartOf":{"@id":"https:\/\/www.itakaescolapios.org\/eu\/2012\/12\/bafia-inicio-de-la-obra-de-ampliacion-de-la-escuela-de-bafia\/"},"author":{"name":"cameroun02","@id":"https:\/\/www.itakaescolapios.org\/es\/#\/schema\/person\/9274f8b80c7385b5aae18a7831c4a9c5"},"headline":"Bafia-Inicio de la obra de ampliaci\u00f3n de la escuela de Bafia.","datePublished":"2012-12-12T08:38:23+00:00","dateModified":"2023-11-28T11:39:32+00:00","mainEntityOfPage":{"@id":"https:\/\/www.itakaescolapios.org\/eu\/2012\/12\/bafia-inicio-de-la-obra-de-ampliacion-de-la-escuela-de-bafia\/"},"wordCount":143,"publisher":{"@id":"https:\/\/www.itakaescolapios.org\/es\/#organization"},"image":{"@id":"https:\/\/www.itakaescolapios.org\/eu\/2012\/12\/bafia-inicio-de-la-obra-de-ampliacion-de-la-escuela-de-bafia\/#primaryimage"},"thumbnailUrl":"https:\/\/www.itakaescolapios.org\/wp-content\/uploads\/2012\/12\/PC080888.jpg","articleSection":["Kamerun"],"inLanguage":"eu"},{"@type":"WebPage","@id":"https:\/\/www.itakaescolapios.org\/eu\/2012\/12\/bafia-inicio-de-la-obra-de-ampliacion-de-la-escuela-de-bafia\/","url":"https:\/\/www.itakaescolapios.org\/eu\/2012\/12\/bafia-inicio-de-la-obra-de-ampliacion-de-la-escuela-de-bafia\/","name":"Bafia-Inicio de la obra de ampliaci\u00f3n de la escuela de Bafia. - Itaka-Escolapios","isPartOf":{"@id":"https:\/\/www.itakaescolapios.org\/es\/#website"},"primaryImageOfPage":{"@id":"https:\/\/www.itakaescolapios.org\/eu\/2012\/12\/bafia-inicio-de-la-obra-de-ampliacion-de-la-escuela-de-bafia\/#primaryimage"},"image":{"@id":"https:\/\/www.itakaescolapios.org\/eu\/2012\/12\/bafia-inicio-de-la-obra-de-ampliacion-de-la-escuela-de-bafia\/#primaryimage"},"thumbnailUrl":"https:\/\/www.itakaescolapios.org\/wp-content\/uploads\/2012\/12\/PC080888.jpg","datePublished":"2012-12-12T08:38:23+00:00","dateModified":"2023-11-28T11:39:32+00:00","breadcrumb":{"@id":"https:\/\/www.itakaescolapios.org\/eu\/2012\/12\/bafia-inicio-de-la-obra-de-ampliacion-de-la-escuela-de-bafia\/#breadcrumb"},"inLanguage":"eu","potentialAction":[{"@type":"ReadAction","target":["https:\/\/www.itakaescolapios.org\/eu\/2012\/12\/bafia-inicio-de-la-obra-de-ampliacion-de-la-escuela-de-bafia\/"]}]},{"@type":"ImageObject","inLanguage":"eu","@id":"https:\/\/www.itakaescolapios.org\/eu\/2012\/12\/bafia-inicio-de-la-obra-de-ampliacion-de-la-escuela-de-bafia\/#primaryimage","url":"https:\/\/www.itakaescolapios.org\/wp-content\/uploads\/2012\/12\/PC080888.jpg","contentUrl":"https:\/\/www.itakaescolapios.org\/wp-content\/uploads\/2012\/12\/PC080888.jpg","width":2000,"height":1500},{"@type":"BreadcrumbList","@id":"https:\/\/www.itakaescolapios.org\/eu\/2012\/12\/bafia-inicio-de-la-obra-de-ampliacion-de-la-escuela-de-bafia\/#breadcrumb","itemListElement":[{"@type":"ListItem","position":1,"name":"Itaka-Escolapios","item":"https:\/\/www.itakaescolapios.org\/es\/"},{"@type":"ListItem","position":2,"name":"Bafia-Inicio de la obra de ampliaci\u00f3n de la escuela de Bafia."}]},{"@type":"WebSite","@id":"https:\/\/www.itakaescolapios.org\/eu\/es\/#website","url":"https:\/\/www.itakaescolapios.org\/eu\/es\/","name":"Itaka-Escolapios","description":"Red de Itaka-Escolapios","publisher":{"@id":"https:\/\/www.itakaescolapios.org\/eu\/es\/#organization"},"potentialAction":[{"@type":"SearchAction","target":{"@type":"EntryPoint","urlTemplate":"https:\/\/www.itakaescolapios.org\/eu\/es\/?s={search_term_string}"},"query-input":{"@type":"PropertyValueSpecification","valueRequired":true,"valueName":"search_term_string"}}],"inLanguage":"eu"},{"@type":"Organization","@id":"https:\/\/www.itakaescolapios.org\/eu\/es\/#organization","name":"Fundaci\u00f3 Itaka-Escolapios","url":"https:\/\/www.itakaescolapios.org\/eu\/es\/","logo":{"@type":"ImageObject","inLanguage":"eu","@id":"https:\/\/www.itakaescolapios.org\/eu\/es\/#\/schema\/logo\/image\/","url":"https:\/\/www.itakaescolapios.org\/wp-content\/uploads\/2024\/04\/Logo-itakaescolapios-peque.png","contentUrl":"https:\/\/www.itakaescolapios.org\/wp-content\/uploads\/2024\/04\/Logo-itakaescolapios-peque.png","width":500,"height":199,"caption":"Fundaci\u00f3 Itaka-Escolapios"},"image":{"@id":"https:\/\/www.itakaescolapios.org\/eu\/es\/#\/schema\/logo\/image\/"}},{"@type":"Person","@id":"https:\/\/www.itakaescolapios.org\/es\/#\/schema\/person\/9274f8b80c7385b5aae18a7831c4a9c5","name":"cameroun02","url":"https:\/\/www.itakaescolapios.org\/eu\/author\/cameroun02\/"}]}},"_links":{"self":[{"href":"https:\/\/www.itakaescolapios.org\/eu\/wp-json\/wp\/v2\/posts\/5006","targetHints":{"allow":["GET"]}}],"collection":[{"href":"https:\/\/www.itakaescolapios.org\/eu\/wp-json\/wp\/v2\/posts"}],"about":[{"href":"https:\/\/www.itakaescolapios.org\/eu\/wp-json\/wp\/v2\/types\/post"}],"author":[{"embeddable":true,"href":"https:\/\/www.itakaescolapios.org\/eu\/wp-json\/wp\/v2\/users\/16"}],"replies":[{"embeddable":true,"href":"https:\/\/www.itakaescolapios.org\/eu\/wp-json\/wp\/v2\/comments?post=5006"}],"version-history":[{"count":3,"href":"https:\/\/www.itakaescolapios.org\/eu\/wp-json\/wp\/v2\/posts\/5006\/revisions"}],"predecessor-version":[{"id":49852,"href":"https:\/\/www.itakaescolapios.org\/eu\/wp-json\/wp\/v2\/posts\/5006\/revisions\/49852"}],"wp:featuredmedia":[{"embeddable":true,"href":"https:\/\/www.itakaescolapios.org\/eu\/wp-json\/wp\/v2\/media\/5007"}],"wp:attachment":[{"href":"https:\/\/www.itakaescolapios.org\/eu\/wp-json\/wp\/v2\/media?parent=5006"}],"wp:term":[{"taxonomy":"category","embeddable":true,"href":"https:\/\/www.itakaescolapios.org\/eu\/wp-json\/wp\/v2\/categories?post=5006"},{"taxonomy":"post_tag","embeddable":true,"href":"https:\/\/www.itakaescolapios.org\/eu\/wp-json\/wp\/v2\/tags?post=5006"}],"curies":[{"name":"wp","href":"https:\/\/api.w.org\/{rel}","templated":true}]}}