{"id":5718,"date":"2013-02-18T17:08:26","date_gmt":"2013-02-18T16:08:26","guid":{"rendered":"https:\/\/www.itakaescolapios.org\/?p=5718"},"modified":"2023-11-28T12:39:27","modified_gmt":"2023-11-28T11:39:27","slug":"convivencia-caminantes-cordoba","status":"publish","type":"post","link":"https:\/\/www.itakaescolapios.org\/eu\/2013\/02\/convivencia-caminantes-cordoba\/","title":{"rendered":"CONVIVENCIA CAMINANTES C\u00d3RDOBA"},"content":{"rendered":"<p>Este fin de semana, el grupo de Caminantes del MC C\u00f3rdoba ha tenido su convivencia en el desierto de Ba\u00f1uelo\u00a0 (Sierra de C\u00f3rdoba). Un total de 20 catec\u00famenos y 3 catequistas compartieron 24 intensas horas en las que \u00a0profundizaron \u00a0sobre el sentido de la Cuaresma y amistad y \u00a0c\u00f3mo mejorar y crecer como personas, compartieron comidas al aire libre,celebraron la  eucarist\u00eda con las cuatro religiosas que viven retiradas de todo ruido entre pinos, jaras y toda clase de animales. Terminamos las jornadas entre risas y lloros con din\u00e1micas de \u201cRisoterapia\u201d \u00a0y expresi\u00f3n corporal que aprendimos del Titular de Sevilla. Experiencia muy provechosa con la que hemos dado un \u00a0pasito m\u00e1s en nuestro CAMINO.<\/p>\n","protected":false},"excerpt":{"rendered":"<p>Este fin de semana, el grupo de Caminantes del MC C\u00f3rdoba ha tenido su convivencia en el desierto de Ba\u00f1uelo\u00a0 (Sierra de C\u00f3rdoba). Un total de 20 catec\u00famenos y 3 [&hellip;]<\/p>\n","protected":false},"author":23,"featured_media":5721,"comment_status":"closed","ping_status":"closed","sticky":false,"template":"","format":"standard","meta":{"_et_pb_use_builder":"","_et_pb_old_content":"","_et_gb_content_width":"","footnotes":""},"categories":[18],"tags":[],"class_list":["post-5718","post","type-post","status-publish","format-standard","has-post-thumbnail","hentry","category-cordoba"],"yoast_head":"<!-- This site is optimized with the Yoast SEO plugin v27.4 - https:\/\/yoast.com\/product\/yoast-seo-wordpress\/ -->\n<title>CONVIVENCIA CAMINANTES C\u00d3RDOBA<\/title>\n<meta name=\"description\" content=\"Este fin de semana, el grupo de Caminantes del MC C\u00f3rdoba ha tenido su convivencia en el desierto de Ba\u00f1uelo\u00a0 (Sierra de C\u00f3rdoba). Un total de 20 catec\u00famenos y 3 catequistas compartieron 24 intensas horas en las que \u00a0profundizaron \u00a0sobre el sentido de la Cuaresma y amistad y \u00a0c\u00f3mo mejorar y crecer como personas, compartieron&hellip;\" \/>\n<meta name=\"robots\" content=\"index, follow, max-snippet:-1, max-image-preview:large, max-video-preview:-1\" \/>\n<link rel=\"canonical\" href=\"http:\/\/Este%20fin%20de%20semana,%20el%20grupo%20de%20Caminantes%20del%20MC%20C\u00f3rdoba%20ha%20tenido%20su%20convivencia%20en%20el%20desierto%20de%20Ba\u00f1uelo\u00a0%20(Sierra%20de%20C\u00f3rdoba).%20Un%20total%20de%2020%20catec\u00famenos%20y%203%20catequistas%20compartieron%2024%20intensas%20horas%20en%20las%20que%20\u00a0profundizaron%20\u00a0sobre%20el%20sentido%20de%20la%20Cuaresma%20y%20amistad%20y%20\u00a0c\u00f3mo%20mejorar%20y%20crecer%20como%20personas,%20compartieron&hellip;\" \/>\n<meta property=\"og:locale\" content=\"en_US\" \/>\n<meta property=\"og:type\" content=\"article\" \/>\n<meta property=\"og:title\" content=\"CONVIVENCIA CAMINANTES C\u00d3RDOBA\" \/>\n<meta property=\"og:description\" content=\"Este fin de semana, el grupo de Caminantes del MC C\u00f3rdoba ha tenido su convivencia en el desierto de Ba\u00f1uelo\u00a0 (Sierra de C\u00f3rdoba). Un total de 20 catec\u00famenos y 3 catequistas compartieron 24 intensas horas en las que \u00a0profundizaron \u00a0sobre el sentido de la Cuaresma y amistad y \u00a0c\u00f3mo mejorar y crecer como personas, compartieron&hellip;\" \/>\n<meta property=\"og:url\" content=\"https:\/\/www.itakaescolapios.org\/eu\/2013\/02\/convivencia-caminantes-cordoba\/\" \/>\n<meta property=\"og:site_name\" content=\"Itaka-Escolapios\" \/>\n<meta property=\"article:published_time\" content=\"2013-02-18T16:08:26+00:00\" \/>\n<meta property=\"article:modified_time\" content=\"2023-11-28T11:39:27+00:00\" \/>\n<meta property=\"og:image\" content=\"https:\/\/www.itakaescolapios.org\/wp-content\/uploads\/2013\/02\/convi-caminantes-.1.jpg\" \/>\n\t<meta property=\"og:image:width\" content=\"800\" \/>\n\t<meta property=\"og:image:height\" content=\"600\" \/>\n\t<meta property=\"og:image:type\" content=\"image\/jpeg\" \/>\n<meta name=\"author\" content=\"cordoba01\" \/>\n<meta name=\"twitter:card\" content=\"summary_large_image\" \/>\n<meta name=\"twitter:label1\" content=\"Written by\" \/>\n\t<meta name=\"twitter:data1\" content=\"cordoba01\" \/>\n\t<meta name=\"twitter:label2\" content=\"Est. reading time\" \/>\n\t<meta name=\"twitter:data2\" content=\"1 minutua\" \/>\n<script type=\"application\/ld+json\" class=\"yoast-schema-graph\">{\"@context\":\"https:\\\/\\\/schema.org\",\"@graph\":[{\"@type\":\"Article\",\"@id\":\"https:\\\/\\\/www.itakaescolapios.org\\\/eu\\\/2013\\\/02\\\/convivencia-caminantes-cordoba\\\/#article\",\"isPartOf\":{\"@id\":\"https:\\\/\\\/www.itakaescolapios.org\\\/eu\\\/2013\\\/02\\\/convivencia-caminantes-cordoba\\\/\"},\"author\":{\"name\":\"cordoba01\",\"@id\":\"https:\\\/\\\/www.itakaescolapios.org\\\/es\\\/#\\\/schema\\\/person\\\/2393782712fccfca7107fe982babfe79\"},\"headline\":\"CONVIVENCIA CAMINANTES C\u00d3RDOBA\",\"datePublished\":\"2013-02-18T16:08:26+00:00\",\"dateModified\":\"2023-11-28T11:39:27+00:00\",\"mainEntityOfPage\":{\"@id\":\"https:\\\/\\\/www.itakaescolapios.org\\\/eu\\\/2013\\\/02\\\/convivencia-caminantes-cordoba\\\/\"},\"wordCount\":124,\"publisher\":{\"@id\":\"https:\\\/\\\/www.itakaescolapios.org\\\/es\\\/#organization\"},\"image\":{\"@id\":\"https:\\\/\\\/www.itakaescolapios.org\\\/eu\\\/2013\\\/02\\\/convivencia-caminantes-cordoba\\\/#primaryimage\"},\"thumbnailUrl\":\"https:\\\/\\\/www.itakaescolapios.org\\\/wp-content\\\/uploads\\\/2013\\\/02\\\/convi-caminantes-.1.jpg\",\"articleSection\":[\"C\u00f3rdoba\"],\"inLanguage\":\"eu\"},{\"@type\":\"WebPage\",\"@id\":\"https:\\\/\\\/www.itakaescolapios.org\\\/eu\\\/2013\\\/02\\\/convivencia-caminantes-cordoba\\\/\",\"url\":\"https:\\\/\\\/www.itakaescolapios.org\\\/eu\\\/2013\\\/02\\\/convivencia-caminantes-cordoba\\\/\",\"name\":\"CONVIVENCIA CAMINANTES C\u00d3RDOBA - Itaka-Escolapios\",\"isPartOf\":{\"@id\":\"https:\\\/\\\/www.itakaescolapios.org\\\/es\\\/#website\"},\"primaryImageOfPage\":{\"@id\":\"https:\\\/\\\/www.itakaescolapios.org\\\/eu\\\/2013\\\/02\\\/convivencia-caminantes-cordoba\\\/#primaryimage\"},\"image\":{\"@id\":\"https:\\\/\\\/www.itakaescolapios.org\\\/eu\\\/2013\\\/02\\\/convivencia-caminantes-cordoba\\\/#primaryimage\"},\"thumbnailUrl\":\"https:\\\/\\\/www.itakaescolapios.org\\\/wp-content\\\/uploads\\\/2013\\\/02\\\/convi-caminantes-.1.jpg\",\"datePublished\":\"2013-02-18T16:08:26+00:00\",\"dateModified\":\"2023-11-28T11:39:27+00:00\",\"breadcrumb\":{\"@id\":\"https:\\\/\\\/www.itakaescolapios.org\\\/eu\\\/2013\\\/02\\\/convivencia-caminantes-cordoba\\\/#breadcrumb\"},\"inLanguage\":\"eu\",\"potentialAction\":[{\"@type\":\"ReadAction\",\"target\":[\"https:\\\/\\\/www.itakaescolapios.org\\\/eu\\\/2013\\\/02\\\/convivencia-caminantes-cordoba\\\/\"]}]},{\"@type\":\"ImageObject\",\"inLanguage\":\"eu\",\"@id\":\"https:\\\/\\\/www.itakaescolapios.org\\\/eu\\\/2013\\\/02\\\/convivencia-caminantes-cordoba\\\/#primaryimage\",\"url\":\"https:\\\/\\\/www.itakaescolapios.org\\\/wp-content\\\/uploads\\\/2013\\\/02\\\/convi-caminantes-.1.jpg\",\"contentUrl\":\"https:\\\/\\\/www.itakaescolapios.org\\\/wp-content\\\/uploads\\\/2013\\\/02\\\/convi-caminantes-.1.jpg\",\"width\":\"800\",\"height\":\"600\"},{\"@type\":\"BreadcrumbList\",\"@id\":\"https:\\\/\\\/www.itakaescolapios.org\\\/eu\\\/2013\\\/02\\\/convivencia-caminantes-cordoba\\\/#breadcrumb\",\"itemListElement\":[{\"@type\":\"ListItem\",\"position\":1,\"name\":\"Itaka-Escolapios\",\"item\":\"https:\\\/\\\/www.itakaescolapios.org\\\/es\\\/\"},{\"@type\":\"ListItem\",\"position\":2,\"name\":\"CONVIVENCIA CAMINANTES C\u00d3RDOBA\"}]},{\"@type\":\"WebSite\",\"@id\":\"https:\\\/\\\/www.itakaescolapios.org\\\/eu\\\/es\\\/#website\",\"url\":\"https:\\\/\\\/www.itakaescolapios.org\\\/eu\\\/es\\\/\",\"name\":\"Itaka-Escolapios\",\"description\":\"Red de Itaka-Escolapios\",\"publisher\":{\"@id\":\"https:\\\/\\\/www.itakaescolapios.org\\\/eu\\\/es\\\/#organization\"},\"potentialAction\":[{\"@type\":\"SearchAction\",\"target\":{\"@type\":\"EntryPoint\",\"urlTemplate\":\"https:\\\/\\\/www.itakaescolapios.org\\\/eu\\\/es\\\/?s={search_term_string}\"},\"query-input\":{\"@type\":\"PropertyValueSpecification\",\"valueRequired\":true,\"valueName\":\"search_term_string\"}}],\"inLanguage\":\"eu\"},{\"@type\":\"Organization\",\"@id\":\"https:\\\/\\\/www.itakaescolapios.org\\\/eu\\\/es\\\/#organization\",\"name\":\"Fundaci\u00f3 Itaka-Escolapios\",\"url\":\"https:\\\/\\\/www.itakaescolapios.org\\\/eu\\\/es\\\/\",\"logo\":{\"@type\":\"ImageObject\",\"inLanguage\":\"eu\",\"@id\":\"https:\\\/\\\/www.itakaescolapios.org\\\/eu\\\/es\\\/#\\\/schema\\\/logo\\\/image\\\/\",\"url\":\"https:\\\/\\\/www.itakaescolapios.org\\\/wp-content\\\/uploads\\\/2024\\\/04\\\/Logo-itakaescolapios-peque.png\",\"contentUrl\":\"https:\\\/\\\/www.itakaescolapios.org\\\/wp-content\\\/uploads\\\/2024\\\/04\\\/Logo-itakaescolapios-peque.png\",\"width\":500,\"height\":199,\"caption\":\"Fundaci\u00f3 Itaka-Escolapios\"},\"image\":{\"@id\":\"https:\\\/\\\/www.itakaescolapios.org\\\/eu\\\/es\\\/#\\\/schema\\\/logo\\\/image\\\/\"}},{\"@type\":\"Person\",\"@id\":\"https:\\\/\\\/www.itakaescolapios.org\\\/es\\\/#\\\/schema\\\/person\\\/2393782712fccfca7107fe982babfe79\",\"name\":\"cordoba01\",\"url\":\"https:\\\/\\\/www.itakaescolapios.org\\\/eu\\\/author\\\/cordoba01\\\/\"}]}<\/script>\n<!-- \/ Yoast SEO plugin. -->","yoast_head_json":{"title":"CONVIVENCIA CAMINANTES C\u00d3RDOBA","description":"Este fin de semana, el grupo de Caminantes del MC C\u00f3rdoba ha tenido su convivencia en el desierto de Ba\u00f1uelo\u00a0 (Sierra de C\u00f3rdoba). Un total de 20 catec\u00famenos y 3 catequistas compartieron 24 intensas horas en las que \u00a0profundizaron \u00a0sobre el sentido de la Cuaresma y amistad y \u00a0c\u00f3mo mejorar y crecer como personas, compartieron&hellip;","robots":{"index":"index","follow":"follow","max-snippet":"max-snippet:-1","max-image-preview":"max-image-preview:large","max-video-preview":"max-video-preview:-1"},"canonical":"Este fin de semana, el grupo de Caminantes del MC C\u00f3rdoba ha tenido su convivencia en el desierto de Ba\u00f1uelo\u00a0 (Sierra de C\u00f3rdoba). Un total de 20 catec\u00famenos y 3 catequistas compartieron 24 intensas horas en las que \u00a0profundizaron \u00a0sobre el sentido de la Cuaresma y amistad y \u00a0c\u00f3mo mejorar y crecer como personas, compartieron&hellip;","og_locale":"en_US","og_type":"article","og_title":"CONVIVENCIA CAMINANTES C\u00d3RDOBA","og_description":"Este fin de semana, el grupo de Caminantes del MC C\u00f3rdoba ha tenido su convivencia en el desierto de Ba\u00f1uelo\u00a0 (Sierra de C\u00f3rdoba). Un total de 20 catec\u00famenos y 3 catequistas compartieron 24 intensas horas en las que \u00a0profundizaron \u00a0sobre el sentido de la Cuaresma y amistad y \u00a0c\u00f3mo mejorar y crecer como personas, compartieron&hellip;","og_url":"https:\/\/www.itakaescolapios.org\/eu\/2013\/02\/convivencia-caminantes-cordoba\/","og_site_name":"Itaka-Escolapios","article_published_time":"2013-02-18T16:08:26+00:00","article_modified_time":"2023-11-28T11:39:27+00:00","og_image":[{"width":800,"height":600,"url":"https:\/\/www.itakaescolapios.org\/wp-content\/uploads\/2013\/02\/convi-caminantes-.1.jpg","type":"image\/jpeg"}],"author":"cordoba01","twitter_card":"summary_large_image","twitter_misc":{"Written by":"cordoba01","Est. reading time":"1 minutua"},"schema":{"@context":"https:\/\/schema.org","@graph":[{"@type":"Article","@id":"https:\/\/www.itakaescolapios.org\/eu\/2013\/02\/convivencia-caminantes-cordoba\/#article","isPartOf":{"@id":"https:\/\/www.itakaescolapios.org\/eu\/2013\/02\/convivencia-caminantes-cordoba\/"},"author":{"name":"cordoba01","@id":"https:\/\/www.itakaescolapios.org\/es\/#\/schema\/person\/2393782712fccfca7107fe982babfe79"},"headline":"CONVIVENCIA CAMINANTES C\u00d3RDOBA","datePublished":"2013-02-18T16:08:26+00:00","dateModified":"2023-11-28T11:39:27+00:00","mainEntityOfPage":{"@id":"https:\/\/www.itakaescolapios.org\/eu\/2013\/02\/convivencia-caminantes-cordoba\/"},"wordCount":124,"publisher":{"@id":"https:\/\/www.itakaescolapios.org\/es\/#organization"},"image":{"@id":"https:\/\/www.itakaescolapios.org\/eu\/2013\/02\/convivencia-caminantes-cordoba\/#primaryimage"},"thumbnailUrl":"https:\/\/www.itakaescolapios.org\/wp-content\/uploads\/2013\/02\/convi-caminantes-.1.jpg","articleSection":["C\u00f3rdoba"],"inLanguage":"eu"},{"@type":"WebPage","@id":"https:\/\/www.itakaescolapios.org\/eu\/2013\/02\/convivencia-caminantes-cordoba\/","url":"https:\/\/www.itakaescolapios.org\/eu\/2013\/02\/convivencia-caminantes-cordoba\/","name":"CONVIVENCIA CAMINANTES C\u00d3RDOBA - Itaka-Escolapios","isPartOf":{"@id":"https:\/\/www.itakaescolapios.org\/es\/#website"},"primaryImageOfPage":{"@id":"https:\/\/www.itakaescolapios.org\/eu\/2013\/02\/convivencia-caminantes-cordoba\/#primaryimage"},"image":{"@id":"https:\/\/www.itakaescolapios.org\/eu\/2013\/02\/convivencia-caminantes-cordoba\/#primaryimage"},"thumbnailUrl":"https:\/\/www.itakaescolapios.org\/wp-content\/uploads\/2013\/02\/convi-caminantes-.1.jpg","datePublished":"2013-02-18T16:08:26+00:00","dateModified":"2023-11-28T11:39:27+00:00","breadcrumb":{"@id":"https:\/\/www.itakaescolapios.org\/eu\/2013\/02\/convivencia-caminantes-cordoba\/#breadcrumb"},"inLanguage":"eu","potentialAction":[{"@type":"ReadAction","target":["https:\/\/www.itakaescolapios.org\/eu\/2013\/02\/convivencia-caminantes-cordoba\/"]}]},{"@type":"ImageObject","inLanguage":"eu","@id":"https:\/\/www.itakaescolapios.org\/eu\/2013\/02\/convivencia-caminantes-cordoba\/#primaryimage","url":"https:\/\/www.itakaescolapios.org\/wp-content\/uploads\/2013\/02\/convi-caminantes-.1.jpg","contentUrl":"https:\/\/www.itakaescolapios.org\/wp-content\/uploads\/2013\/02\/convi-caminantes-.1.jpg","width":"800","height":"600"},{"@type":"BreadcrumbList","@id":"https:\/\/www.itakaescolapios.org\/eu\/2013\/02\/convivencia-caminantes-cordoba\/#breadcrumb","itemListElement":[{"@type":"ListItem","position":1,"name":"Itaka-Escolapios","item":"https:\/\/www.itakaescolapios.org\/es\/"},{"@type":"ListItem","position":2,"name":"CONVIVENCIA CAMINANTES C\u00d3RDOBA"}]},{"@type":"WebSite","@id":"https:\/\/www.itakaescolapios.org\/eu\/es\/#website","url":"https:\/\/www.itakaescolapios.org\/eu\/es\/","name":"Itaka-Escolapios","description":"Red de Itaka-Escolapios","publisher":{"@id":"https:\/\/www.itakaescolapios.org\/eu\/es\/#organization"},"potentialAction":[{"@type":"SearchAction","target":{"@type":"EntryPoint","urlTemplate":"https:\/\/www.itakaescolapios.org\/eu\/es\/?s={search_term_string}"},"query-input":{"@type":"PropertyValueSpecification","valueRequired":true,"valueName":"search_term_string"}}],"inLanguage":"eu"},{"@type":"Organization","@id":"https:\/\/www.itakaescolapios.org\/eu\/es\/#organization","name":"Fundaci\u00f3 Itaka-Escolapios","url":"https:\/\/www.itakaescolapios.org\/eu\/es\/","logo":{"@type":"ImageObject","inLanguage":"eu","@id":"https:\/\/www.itakaescolapios.org\/eu\/es\/#\/schema\/logo\/image\/","url":"https:\/\/www.itakaescolapios.org\/wp-content\/uploads\/2024\/04\/Logo-itakaescolapios-peque.png","contentUrl":"https:\/\/www.itakaescolapios.org\/wp-content\/uploads\/2024\/04\/Logo-itakaescolapios-peque.png","width":500,"height":199,"caption":"Fundaci\u00f3 Itaka-Escolapios"},"image":{"@id":"https:\/\/www.itakaescolapios.org\/eu\/es\/#\/schema\/logo\/image\/"}},{"@type":"Person","@id":"https:\/\/www.itakaescolapios.org\/es\/#\/schema\/person\/2393782712fccfca7107fe982babfe79","name":"cordoba01","url":"https:\/\/www.itakaescolapios.org\/eu\/author\/cordoba01\/"}]}},"_links":{"self":[{"href":"https:\/\/www.itakaescolapios.org\/eu\/wp-json\/wp\/v2\/posts\/5718","targetHints":{"allow":["GET"]}}],"collection":[{"href":"https:\/\/www.itakaescolapios.org\/eu\/wp-json\/wp\/v2\/posts"}],"about":[{"href":"https:\/\/www.itakaescolapios.org\/eu\/wp-json\/wp\/v2\/types\/post"}],"author":[{"embeddable":true,"href":"https:\/\/www.itakaescolapios.org\/eu\/wp-json\/wp\/v2\/users\/23"}],"replies":[{"embeddable":true,"href":"https:\/\/www.itakaescolapios.org\/eu\/wp-json\/wp\/v2\/comments?post=5718"}],"version-history":[{"count":5,"href":"https:\/\/www.itakaescolapios.org\/eu\/wp-json\/wp\/v2\/posts\/5718\/revisions"}],"predecessor-version":[{"id":49727,"href":"https:\/\/www.itakaescolapios.org\/eu\/wp-json\/wp\/v2\/posts\/5718\/revisions\/49727"}],"wp:featuredmedia":[{"embeddable":true,"href":"https:\/\/www.itakaescolapios.org\/eu\/wp-json\/wp\/v2\/media\/5721"}],"wp:attachment":[{"href":"https:\/\/www.itakaescolapios.org\/eu\/wp-json\/wp\/v2\/media?parent=5718"}],"wp:term":[{"taxonomy":"category","embeddable":true,"href":"https:\/\/www.itakaescolapios.org\/eu\/wp-json\/wp\/v2\/categories?post=5718"},{"taxonomy":"post_tag","embeddable":true,"href":"https:\/\/www.itakaescolapios.org\/eu\/wp-json\/wp\/v2\/tags?post=5718"}],"curies":[{"name":"wp","href":"https:\/\/api.w.org\/{rel}","templated":true}]}}