{"id":6048,"date":"2013-03-12T23:45:11","date_gmt":"2013-03-12T22:45:11","guid":{"rendered":"https:\/\/www.itakaescolapios.org\/?p=6048"},"modified":"2023-11-28T12:39:26","modified_gmt":"2023-11-28T11:39:26","slug":"concierto-pedro-sosa-por-la-solidaridad","status":"publish","type":"post","link":"https:\/\/www.itakaescolapios.org\/eu\/2013\/03\/concierto-pedro-sosa-por-la-solidaridad\/","title":{"rendered":"Concierto Pedro Sosa por la solidaridad"},"content":{"rendered":"<p>El pr\u00f3ximo d\u00eda 26 de abril a las 21:00h tendr\u00e1 lugar en C\u00f3rdoba la presentaci\u00f3n del nuevo trabajo del conocido artista Pedro Sosa. Ser\u00e1 un concierto-espect\u00e1culo en Sal\u00f3n de actos del Rectorado de la Universidad de C\u00f3rdoba (Avda. Medina Azahara, 5)Un trabajo solidario que vamos a organizar junto a nuestro amigo Pedro Sosa la Fundaci\u00f3n Itaka-Escolapios en C\u00f3rdoba y la Asociaci\u00f3n amigos de \u00c1frica. Todas las ganancias del concierto  que van destinadas a Itaka-Escolapios van al proyecto de solidaridad de este a\u00f1o : \u201cLa educaci\u00f3n multiplica el futuro\u201d. <\/p>\n<p>Os animamos a que asist\u00e1is a este gran evento y que le deis mucha difusi\u00f3n.  Venta anticipada 10\u20ac . En taquilla el d\u00eda del concierto 12\u20ac<\/p>\n<p>Para reservar tu entrada env\u00eda un correo electr\u00f3nico a universodetrapo.cordoba@gmail.com  Asunto: \u201cRESERVA DE ENTRADAS\u201d.<br \/>\nNombre, apellidos y DNI por entrada reservada. Podr\u00e9is recoger vuestra entrada el d\u00eda del concierto en taquilla.<\/p>\n<p>Tambi\u00e9n se puede comprar en la oficina de atenci\u00f3n de Itaka-Escolapios sito en RR.EE.P\u00edas de la Inmaculada puerta de Juan de Mena en su horario de atenci\u00f3n al p\u00fablico. Viernes 5 de abril y siguientes de 17:00 a 21:00h. <\/p>\n<p>Tambi\u00e9n a la venta el nuevo libro-disco en oficina de Itaka-Escolapios a 12\u20ac.<\/p>\n<p>ALGUNOS ENLACES DE INTER\u00c9S.<\/p>\n<p>http:\/\/universodetrapo.blogspot.com.es\/   BLOG DEL NUEVO TRABAJO DE PEDRO SOSA<\/p>\n<p>Facebook- Concierto Universo de trapo   http:\/\/www.facebook.com\/concierto.universodetrapo   FACEBOOK DEL CONCIERTO<\/p>\n<p>http:\/\/vimeo.com\/53633082   VIDEO CLIP DE MUESTRA<\/p>\n","protected":false},"excerpt":{"rendered":"<p>El pr\u00f3ximo d\u00eda 26 de abril a las 21:00h tendr\u00e1 lugar en C\u00f3rdoba la presentaci\u00f3n del nuevo trabajo del conocido artista Pedro Sosa. Ser\u00e1 un concierto-espect\u00e1culo en Sal\u00f3n de actos [&hellip;]<\/p>\n","protected":false},"author":23,"featured_media":6049,"comment_status":"closed","ping_status":"closed","sticky":false,"template":"","format":"standard","meta":{"_et_pb_use_builder":"","_et_pb_old_content":"","_et_gb_content_width":"","footnotes":""},"categories":[18],"tags":[],"class_list":["post-6048","post","type-post","status-publish","format-standard","has-post-thumbnail","hentry","category-cordoba"],"yoast_head":"<!-- This site is optimized with the Yoast SEO plugin v27.4 - https:\/\/yoast.com\/product\/yoast-seo-wordpress\/ -->\n<title>Concierto Pedro Sosa por la solidaridad<\/title>\n<meta name=\"description\" content=\"El pr\u00f3ximo d\u00eda 26 de abril a las 21:00h tendr\u00e1 lugar en C\u00f3rdoba la presentaci\u00f3n del nuevo trabajo del conocido artista Pedro Sosa. Ser\u00e1 un concierto-espect\u00e1culo en Sal\u00f3n de actos del Rectorado de la Universidad de C\u00f3rdoba (Avda. Medina Azahara, 5)Un trabajo solidario que vamos a organizar junto a nuestro amigo Pedro Sosa la Fundaci\u00f3n&hellip;\" \/>\n<meta name=\"robots\" content=\"index, follow, max-snippet:-1, max-image-preview:large, max-video-preview:-1\" \/>\n<link rel=\"canonical\" href=\"\" \/>\n<meta property=\"og:locale\" content=\"en_US\" \/>\n<meta property=\"og:type\" content=\"article\" \/>\n<meta property=\"og:title\" content=\"Concierto Pedro Sosa por la solidaridad\" \/>\n<meta property=\"og:description\" content=\"El pr\u00f3ximo d\u00eda 26 de abril a las 21:00h tendr\u00e1 lugar en C\u00f3rdoba la presentaci\u00f3n del nuevo trabajo del conocido artista Pedro Sosa. Ser\u00e1 un concierto-espect\u00e1culo en Sal\u00f3n de actos del Rectorado de la Universidad de C\u00f3rdoba (Avda. Medina Azahara, 5)Un trabajo solidario que vamos a organizar junto a nuestro amigo Pedro Sosa la Fundaci\u00f3n&hellip;\" \/>\n<meta property=\"og:url\" content=\"https:\/\/www.itakaescolapios.org\/eu\/2013\/03\/concierto-pedro-sosa-por-la-solidaridad\/\" \/>\n<meta property=\"og:site_name\" content=\"Itaka-Escolapios\" \/>\n<meta property=\"article:published_time\" content=\"2013-03-12T22:45:11+00:00\" \/>\n<meta property=\"article:modified_time\" content=\"2023-11-28T11:39:26+00:00\" \/>\n<meta property=\"og:image\" content=\"https:\/\/www.itakaescolapios.org\/wp-content\/uploads\/2013\/03\/la-foto.jpg\" \/>\n\t<meta property=\"og:image:width\" content=\"640\" \/>\n\t<meta property=\"og:image:height\" content=\"640\" \/>\n\t<meta property=\"og:image:type\" content=\"image\/jpeg\" \/>\n<meta name=\"author\" content=\"cordoba01\" \/>\n<meta name=\"twitter:card\" content=\"summary_large_image\" \/>\n<meta name=\"twitter:label1\" content=\"Written by\" \/>\n\t<meta name=\"twitter:data1\" content=\"cordoba01\" \/>\n\t<meta name=\"twitter:label2\" content=\"Est. reading time\" \/>\n\t<meta name=\"twitter:data2\" content=\"1 minutua\" \/>\n<script type=\"application\/ld+json\" class=\"yoast-schema-graph\">{\"@context\":\"https:\\\/\\\/schema.org\",\"@graph\":[{\"@type\":\"Article\",\"@id\":\"https:\\\/\\\/www.itakaescolapios.org\\\/eu\\\/2013\\\/03\\\/concierto-pedro-sosa-por-la-solidaridad\\\/#article\",\"isPartOf\":{\"@id\":\"https:\\\/\\\/www.itakaescolapios.org\\\/eu\\\/2013\\\/03\\\/concierto-pedro-sosa-por-la-solidaridad\\\/\"},\"author\":{\"name\":\"cordoba01\",\"@id\":\"https:\\\/\\\/www.itakaescolapios.org\\\/es\\\/#\\\/schema\\\/person\\\/2393782712fccfca7107fe982babfe79\"},\"headline\":\"Concierto Pedro Sosa por la solidaridad\",\"datePublished\":\"2013-03-12T22:45:11+00:00\",\"dateModified\":\"2023-11-28T11:39:26+00:00\",\"mainEntityOfPage\":{\"@id\":\"https:\\\/\\\/www.itakaescolapios.org\\\/eu\\\/2013\\\/03\\\/concierto-pedro-sosa-por-la-solidaridad\\\/\"},\"wordCount\":263,\"publisher\":{\"@id\":\"https:\\\/\\\/www.itakaescolapios.org\\\/es\\\/#organization\"},\"image\":{\"@id\":\"https:\\\/\\\/www.itakaescolapios.org\\\/eu\\\/2013\\\/03\\\/concierto-pedro-sosa-por-la-solidaridad\\\/#primaryimage\"},\"thumbnailUrl\":\"https:\\\/\\\/www.itakaescolapios.org\\\/wp-content\\\/uploads\\\/2013\\\/03\\\/la-foto.jpg\",\"articleSection\":[\"C\u00f3rdoba\"],\"inLanguage\":\"eu\"},{\"@type\":\"WebPage\",\"@id\":\"https:\\\/\\\/www.itakaescolapios.org\\\/eu\\\/2013\\\/03\\\/concierto-pedro-sosa-por-la-solidaridad\\\/\",\"url\":\"https:\\\/\\\/www.itakaescolapios.org\\\/eu\\\/2013\\\/03\\\/concierto-pedro-sosa-por-la-solidaridad\\\/\",\"name\":\"Concierto Pedro Sosa por la solidaridad - Itaka-Escolapios\",\"isPartOf\":{\"@id\":\"https:\\\/\\\/www.itakaescolapios.org\\\/es\\\/#website\"},\"primaryImageOfPage\":{\"@id\":\"https:\\\/\\\/www.itakaescolapios.org\\\/eu\\\/2013\\\/03\\\/concierto-pedro-sosa-por-la-solidaridad\\\/#primaryimage\"},\"image\":{\"@id\":\"https:\\\/\\\/www.itakaescolapios.org\\\/eu\\\/2013\\\/03\\\/concierto-pedro-sosa-por-la-solidaridad\\\/#primaryimage\"},\"thumbnailUrl\":\"https:\\\/\\\/www.itakaescolapios.org\\\/wp-content\\\/uploads\\\/2013\\\/03\\\/la-foto.jpg\",\"datePublished\":\"2013-03-12T22:45:11+00:00\",\"dateModified\":\"2023-11-28T11:39:26+00:00\",\"breadcrumb\":{\"@id\":\"https:\\\/\\\/www.itakaescolapios.org\\\/eu\\\/2013\\\/03\\\/concierto-pedro-sosa-por-la-solidaridad\\\/#breadcrumb\"},\"inLanguage\":\"eu\",\"potentialAction\":[{\"@type\":\"ReadAction\",\"target\":[\"https:\\\/\\\/www.itakaescolapios.org\\\/eu\\\/2013\\\/03\\\/concierto-pedro-sosa-por-la-solidaridad\\\/\"]}]},{\"@type\":\"ImageObject\",\"inLanguage\":\"eu\",\"@id\":\"https:\\\/\\\/www.itakaescolapios.org\\\/eu\\\/2013\\\/03\\\/concierto-pedro-sosa-por-la-solidaridad\\\/#primaryimage\",\"url\":\"https:\\\/\\\/www.itakaescolapios.org\\\/wp-content\\\/uploads\\\/2013\\\/03\\\/la-foto.jpg\",\"contentUrl\":\"https:\\\/\\\/www.itakaescolapios.org\\\/wp-content\\\/uploads\\\/2013\\\/03\\\/la-foto.jpg\",\"width\":\"640\",\"height\":\"640\"},{\"@type\":\"BreadcrumbList\",\"@id\":\"https:\\\/\\\/www.itakaescolapios.org\\\/eu\\\/2013\\\/03\\\/concierto-pedro-sosa-por-la-solidaridad\\\/#breadcrumb\",\"itemListElement\":[{\"@type\":\"ListItem\",\"position\":1,\"name\":\"Itaka-Escolapios\",\"item\":\"https:\\\/\\\/www.itakaescolapios.org\\\/es\\\/\"},{\"@type\":\"ListItem\",\"position\":2,\"name\":\"Concierto Pedro Sosa por la solidaridad\"}]},{\"@type\":\"WebSite\",\"@id\":\"https:\\\/\\\/www.itakaescolapios.org\\\/eu\\\/es\\\/#website\",\"url\":\"https:\\\/\\\/www.itakaescolapios.org\\\/eu\\\/es\\\/\",\"name\":\"Itaka-Escolapios\",\"description\":\"Red de Itaka-Escolapios\",\"publisher\":{\"@id\":\"https:\\\/\\\/www.itakaescolapios.org\\\/eu\\\/es\\\/#organization\"},\"potentialAction\":[{\"@type\":\"SearchAction\",\"target\":{\"@type\":\"EntryPoint\",\"urlTemplate\":\"https:\\\/\\\/www.itakaescolapios.org\\\/eu\\\/es\\\/?s={search_term_string}\"},\"query-input\":{\"@type\":\"PropertyValueSpecification\",\"valueRequired\":true,\"valueName\":\"search_term_string\"}}],\"inLanguage\":\"eu\"},{\"@type\":\"Organization\",\"@id\":\"https:\\\/\\\/www.itakaescolapios.org\\\/eu\\\/es\\\/#organization\",\"name\":\"Fundaci\u00f3 Itaka-Escolapios\",\"url\":\"https:\\\/\\\/www.itakaescolapios.org\\\/eu\\\/es\\\/\",\"logo\":{\"@type\":\"ImageObject\",\"inLanguage\":\"eu\",\"@id\":\"https:\\\/\\\/www.itakaescolapios.org\\\/eu\\\/es\\\/#\\\/schema\\\/logo\\\/image\\\/\",\"url\":\"https:\\\/\\\/www.itakaescolapios.org\\\/wp-content\\\/uploads\\\/2024\\\/04\\\/Logo-itakaescolapios-peque.png\",\"contentUrl\":\"https:\\\/\\\/www.itakaescolapios.org\\\/wp-content\\\/uploads\\\/2024\\\/04\\\/Logo-itakaescolapios-peque.png\",\"width\":500,\"height\":199,\"caption\":\"Fundaci\u00f3 Itaka-Escolapios\"},\"image\":{\"@id\":\"https:\\\/\\\/www.itakaescolapios.org\\\/eu\\\/es\\\/#\\\/schema\\\/logo\\\/image\\\/\"}},{\"@type\":\"Person\",\"@id\":\"https:\\\/\\\/www.itakaescolapios.org\\\/es\\\/#\\\/schema\\\/person\\\/2393782712fccfca7107fe982babfe79\",\"name\":\"cordoba01\",\"url\":\"https:\\\/\\\/www.itakaescolapios.org\\\/eu\\\/author\\\/cordoba01\\\/\"}]}<\/script>\n<!-- \/ Yoast SEO plugin. -->","yoast_head_json":{"title":"Concierto Pedro Sosa por la solidaridad","description":"El pr\u00f3ximo d\u00eda 26 de abril a las 21:00h tendr\u00e1 lugar en C\u00f3rdoba la presentaci\u00f3n del nuevo trabajo del conocido artista Pedro Sosa. Ser\u00e1 un concierto-espect\u00e1culo en Sal\u00f3n de actos del Rectorado de la Universidad de C\u00f3rdoba (Avda. Medina Azahara, 5)Un trabajo solidario que vamos a organizar junto a nuestro amigo Pedro Sosa la Fundaci\u00f3n&hellip;","robots":{"index":"index","follow":"follow","max-snippet":"max-snippet:-1","max-image-preview":"max-image-preview:large","max-video-preview":"max-video-preview:-1"},"canonical":"El pr\u00f3ximo d\u00eda 26 de abril a las 21:00h tendr\u00e1 lugar en C\u00f3rdoba la presentaci\u00f3n del nuevo trabajo del conocido artista Pedro Sosa. Ser\u00e1 un concierto-espect\u00e1culo en Sal\u00f3n de actos del Rectorado de la Universidad de C\u00f3rdoba (Avda. Medina Azahara, 5)Un trabajo solidario que vamos a organizar junto a nuestro amigo Pedro Sosa la Fundaci\u00f3n&hellip;","og_locale":"en_US","og_type":"article","og_title":"Concierto Pedro Sosa por la solidaridad","og_description":"El pr\u00f3ximo d\u00eda 26 de abril a las 21:00h tendr\u00e1 lugar en C\u00f3rdoba la presentaci\u00f3n del nuevo trabajo del conocido artista Pedro Sosa. Ser\u00e1 un concierto-espect\u00e1culo en Sal\u00f3n de actos del Rectorado de la Universidad de C\u00f3rdoba (Avda. Medina Azahara, 5)Un trabajo solidario que vamos a organizar junto a nuestro amigo Pedro Sosa la Fundaci\u00f3n&hellip;","og_url":"https:\/\/www.itakaescolapios.org\/eu\/2013\/03\/concierto-pedro-sosa-por-la-solidaridad\/","og_site_name":"Itaka-Escolapios","article_published_time":"2013-03-12T22:45:11+00:00","article_modified_time":"2023-11-28T11:39:26+00:00","og_image":[{"width":640,"height":640,"url":"https:\/\/www.itakaescolapios.org\/wp-content\/uploads\/2013\/03\/la-foto.jpg","type":"image\/jpeg"}],"author":"cordoba01","twitter_card":"summary_large_image","twitter_misc":{"Written by":"cordoba01","Est. reading time":"1 minutua"},"schema":{"@context":"https:\/\/schema.org","@graph":[{"@type":"Article","@id":"https:\/\/www.itakaescolapios.org\/eu\/2013\/03\/concierto-pedro-sosa-por-la-solidaridad\/#article","isPartOf":{"@id":"https:\/\/www.itakaescolapios.org\/eu\/2013\/03\/concierto-pedro-sosa-por-la-solidaridad\/"},"author":{"name":"cordoba01","@id":"https:\/\/www.itakaescolapios.org\/es\/#\/schema\/person\/2393782712fccfca7107fe982babfe79"},"headline":"Concierto Pedro Sosa por la solidaridad","datePublished":"2013-03-12T22:45:11+00:00","dateModified":"2023-11-28T11:39:26+00:00","mainEntityOfPage":{"@id":"https:\/\/www.itakaescolapios.org\/eu\/2013\/03\/concierto-pedro-sosa-por-la-solidaridad\/"},"wordCount":263,"publisher":{"@id":"https:\/\/www.itakaescolapios.org\/es\/#organization"},"image":{"@id":"https:\/\/www.itakaescolapios.org\/eu\/2013\/03\/concierto-pedro-sosa-por-la-solidaridad\/#primaryimage"},"thumbnailUrl":"https:\/\/www.itakaescolapios.org\/wp-content\/uploads\/2013\/03\/la-foto.jpg","articleSection":["C\u00f3rdoba"],"inLanguage":"eu"},{"@type":"WebPage","@id":"https:\/\/www.itakaescolapios.org\/eu\/2013\/03\/concierto-pedro-sosa-por-la-solidaridad\/","url":"https:\/\/www.itakaescolapios.org\/eu\/2013\/03\/concierto-pedro-sosa-por-la-solidaridad\/","name":"Concierto Pedro Sosa por la solidaridad - Itaka-Escolapios","isPartOf":{"@id":"https:\/\/www.itakaescolapios.org\/es\/#website"},"primaryImageOfPage":{"@id":"https:\/\/www.itakaescolapios.org\/eu\/2013\/03\/concierto-pedro-sosa-por-la-solidaridad\/#primaryimage"},"image":{"@id":"https:\/\/www.itakaescolapios.org\/eu\/2013\/03\/concierto-pedro-sosa-por-la-solidaridad\/#primaryimage"},"thumbnailUrl":"https:\/\/www.itakaescolapios.org\/wp-content\/uploads\/2013\/03\/la-foto.jpg","datePublished":"2013-03-12T22:45:11+00:00","dateModified":"2023-11-28T11:39:26+00:00","breadcrumb":{"@id":"https:\/\/www.itakaescolapios.org\/eu\/2013\/03\/concierto-pedro-sosa-por-la-solidaridad\/#breadcrumb"},"inLanguage":"eu","potentialAction":[{"@type":"ReadAction","target":["https:\/\/www.itakaescolapios.org\/eu\/2013\/03\/concierto-pedro-sosa-por-la-solidaridad\/"]}]},{"@type":"ImageObject","inLanguage":"eu","@id":"https:\/\/www.itakaescolapios.org\/eu\/2013\/03\/concierto-pedro-sosa-por-la-solidaridad\/#primaryimage","url":"https:\/\/www.itakaescolapios.org\/wp-content\/uploads\/2013\/03\/la-foto.jpg","contentUrl":"https:\/\/www.itakaescolapios.org\/wp-content\/uploads\/2013\/03\/la-foto.jpg","width":"640","height":"640"},{"@type":"BreadcrumbList","@id":"https:\/\/www.itakaescolapios.org\/eu\/2013\/03\/concierto-pedro-sosa-por-la-solidaridad\/#breadcrumb","itemListElement":[{"@type":"ListItem","position":1,"name":"Itaka-Escolapios","item":"https:\/\/www.itakaescolapios.org\/es\/"},{"@type":"ListItem","position":2,"name":"Concierto Pedro Sosa por la solidaridad"}]},{"@type":"WebSite","@id":"https:\/\/www.itakaescolapios.org\/eu\/es\/#website","url":"https:\/\/www.itakaescolapios.org\/eu\/es\/","name":"Itaka-Escolapios","description":"Red de Itaka-Escolapios","publisher":{"@id":"https:\/\/www.itakaescolapios.org\/eu\/es\/#organization"},"potentialAction":[{"@type":"SearchAction","target":{"@type":"EntryPoint","urlTemplate":"https:\/\/www.itakaescolapios.org\/eu\/es\/?s={search_term_string}"},"query-input":{"@type":"PropertyValueSpecification","valueRequired":true,"valueName":"search_term_string"}}],"inLanguage":"eu"},{"@type":"Organization","@id":"https:\/\/www.itakaescolapios.org\/eu\/es\/#organization","name":"Fundaci\u00f3 Itaka-Escolapios","url":"https:\/\/www.itakaescolapios.org\/eu\/es\/","logo":{"@type":"ImageObject","inLanguage":"eu","@id":"https:\/\/www.itakaescolapios.org\/eu\/es\/#\/schema\/logo\/image\/","url":"https:\/\/www.itakaescolapios.org\/wp-content\/uploads\/2024\/04\/Logo-itakaescolapios-peque.png","contentUrl":"https:\/\/www.itakaescolapios.org\/wp-content\/uploads\/2024\/04\/Logo-itakaescolapios-peque.png","width":500,"height":199,"caption":"Fundaci\u00f3 Itaka-Escolapios"},"image":{"@id":"https:\/\/www.itakaescolapios.org\/eu\/es\/#\/schema\/logo\/image\/"}},{"@type":"Person","@id":"https:\/\/www.itakaescolapios.org\/es\/#\/schema\/person\/2393782712fccfca7107fe982babfe79","name":"cordoba01","url":"https:\/\/www.itakaescolapios.org\/eu\/author\/cordoba01\/"}]}},"_links":{"self":[{"href":"https:\/\/www.itakaescolapios.org\/eu\/wp-json\/wp\/v2\/posts\/6048","targetHints":{"allow":["GET"]}}],"collection":[{"href":"https:\/\/www.itakaescolapios.org\/eu\/wp-json\/wp\/v2\/posts"}],"about":[{"href":"https:\/\/www.itakaescolapios.org\/eu\/wp-json\/wp\/v2\/types\/post"}],"author":[{"embeddable":true,"href":"https:\/\/www.itakaescolapios.org\/eu\/wp-json\/wp\/v2\/users\/23"}],"replies":[{"embeddable":true,"href":"https:\/\/www.itakaescolapios.org\/eu\/wp-json\/wp\/v2\/comments?post=6048"}],"version-history":[{"count":4,"href":"https:\/\/www.itakaescolapios.org\/eu\/wp-json\/wp\/v2\/posts\/6048\/revisions"}],"predecessor-version":[{"id":49688,"href":"https:\/\/www.itakaescolapios.org\/eu\/wp-json\/wp\/v2\/posts\/6048\/revisions\/49688"}],"wp:featuredmedia":[{"embeddable":true,"href":"https:\/\/www.itakaescolapios.org\/eu\/wp-json\/wp\/v2\/media\/6049"}],"wp:attachment":[{"href":"https:\/\/www.itakaescolapios.org\/eu\/wp-json\/wp\/v2\/media?parent=6048"}],"wp:term":[{"taxonomy":"category","embeddable":true,"href":"https:\/\/www.itakaescolapios.org\/eu\/wp-json\/wp\/v2\/categories?post=6048"},{"taxonomy":"post_tag","embeddable":true,"href":"https:\/\/www.itakaescolapios.org\/eu\/wp-json\/wp\/v2\/tags?post=6048"}],"curies":[{"name":"wp","href":"https:\/\/api.w.org\/{rel}","templated":true}]}}