{"id":6411,"date":"2013-04-15T08:44:50","date_gmt":"2013-04-15T07:44:50","guid":{"rendered":"https:\/\/www.itakaescolapios.org\/?p=6411"},"modified":"2023-11-28T12:39:24","modified_gmt":"2023-11-28T11:39:24","slug":"comenzamos-el-tercer-trimestre-en-pacha-el-rato","status":"publish","type":"post","link":"https:\/\/www.itakaescolapios.org\/eu\/2013\/04\/comenzamos-el-tercer-trimestre-en-pacha-el-rato\/","title":{"rendered":"Comenzamos el tercer trimestre en Pach\u00e1 el Rato"},"content":{"rendered":"<p>El viernes pasado d\u00eda 5 de abril, empez\u00f3 el tercer trimestre de Pach\u00e1 el rato. Gracias a Dios tuvimos un d\u00eda espectacular de sol, lo que nos permiti\u00f3 realizar todas las actividades programadas.<br \/>\nPara este tercer trimestre, hemos querido ampliar la oferta de Pach\u00e1 y realizaremos algunos talleres mas &#8220;profesionales&#8221; como el del viernes pasado y el que viene, en el que podremos disfrutar de un taller de magia el cual ser\u00e1 impartido por el mago FrankyMagic..<br \/>\n Tambi\u00e9n, en este trimestre culminaremos las ligas de f\u00fatbol y voleibol!<br \/>\nEsperamos veros a todos cada viernes de 19.00 a 21.00. Entrada y salida por Juan de Mena.<br \/>\n\u00a1Un abrazo!<\/p>\n","protected":false},"excerpt":{"rendered":"<p>El viernes pasado d\u00eda 5 de abril, empez\u00f3 el tercer trimestre de Pach\u00e1 el rato. Gracias a Dios tuvimos un d\u00eda espectacular de sol, lo que nos permiti\u00f3 realizar todas [&hellip;]<\/p>\n","protected":false},"author":23,"featured_media":6412,"comment_status":"closed","ping_status":"closed","sticky":false,"template":"","format":"standard","meta":{"_et_pb_use_builder":"","_et_pb_old_content":"","_et_gb_content_width":"","footnotes":""},"categories":[18],"tags":[],"class_list":["post-6411","post","type-post","status-publish","format-standard","has-post-thumbnail","hentry","category-cordoba"],"yoast_head":"<!-- This site is optimized with the Yoast SEO plugin v27.4 - https:\/\/yoast.com\/product\/yoast-seo-wordpress\/ -->\n<title>Comenzamos el tercer trimestre en Pach\u00e1 el Rato<\/title>\n<meta name=\"description\" content=\"El viernes pasado d\u00eda 5 de abril, empez\u00f3 el tercer trimestre de Pach\u00e1 el rato. Gracias a Dios tuvimos un d\u00eda espectacular de sol, lo que nos permiti\u00f3 realizar todas las actividades programadas. Para este tercer trimestre, hemos querido ampliar la oferta de Pach\u00e1 y realizaremos algunos talleres mas &quot;profesionales&quot; como el del viernes pasado&hellip;\" \/>\n<meta name=\"robots\" content=\"index, follow, max-snippet:-1, max-image-preview:large, max-video-preview:-1\" \/>\n<link rel=\"canonical\" href=\"http:\/\/El%20viernes%20pasado%20d\u00eda%205%20de%20abril,%20empez\u00f3%20el%20tercer%20trimestre%20de%20Pach\u00e1%20el%20rato.%20Gracias%20a%20Dios%20tuvimos%20un%20d\u00eda%20espectacular%20de%20sol,%20lo%20que%20nos%20permiti\u00f3%20realizar%20todas%20las%20actividades%20programadas.%20Para%20este%20tercer%20trimestre,%20hemos%20querido%20ampliar%20la%20oferta%20de%20Pach\u00e1%20y%20realizaremos%20algunos%20talleres%20mas%20profesionales%20como%20el%20del%20viernes%20pasado&hellip;\" \/>\n<meta property=\"og:locale\" content=\"en_US\" \/>\n<meta property=\"og:type\" content=\"article\" \/>\n<meta property=\"og:title\" content=\"Comenzamos el tercer trimestre en Pach\u00e1 el Rato\" \/>\n<meta property=\"og:description\" content=\"El viernes pasado d\u00eda 5 de abril, empez\u00f3 el tercer trimestre de Pach\u00e1 el rato. Gracias a Dios tuvimos un d\u00eda espectacular de sol, lo que nos permiti\u00f3 realizar todas las actividades programadas. Para este tercer trimestre, hemos querido ampliar la oferta de Pach\u00e1 y realizaremos algunos talleres mas &quot;profesionales&quot; como el del viernes pasado&hellip;\" \/>\n<meta property=\"og:url\" content=\"https:\/\/www.itakaescolapios.org\/eu\/2013\/04\/comenzamos-el-tercer-trimestre-en-pacha-el-rato\/\" \/>\n<meta property=\"og:site_name\" content=\"Itaka-Escolapios\" \/>\n<meta property=\"article:published_time\" content=\"2013-04-15T07:44:50+00:00\" \/>\n<meta property=\"article:modified_time\" content=\"2023-11-28T11:39:24+00:00\" \/>\n<meta property=\"og:image\" content=\"https:\/\/www.itakaescolapios.org\/wp-content\/uploads\/2013\/04\/not_138.jpg\" \/>\n\t<meta property=\"og:image:width\" content=\"2000\" \/>\n\t<meta property=\"og:image:height\" content=\"1500\" \/>\n\t<meta property=\"og:image:type\" content=\"image\/jpeg\" \/>\n<meta name=\"author\" content=\"cordoba01\" \/>\n<meta name=\"twitter:card\" content=\"summary_large_image\" \/>\n<meta name=\"twitter:label1\" content=\"Written by\" \/>\n\t<meta name=\"twitter:data1\" content=\"cordoba01\" \/>\n\t<meta name=\"twitter:label2\" content=\"Est. reading time\" \/>\n\t<meta name=\"twitter:data2\" content=\"1 minutua\" \/>\n<script type=\"application\/ld+json\" class=\"yoast-schema-graph\">{\"@context\":\"https:\\\/\\\/schema.org\",\"@graph\":[{\"@type\":\"Article\",\"@id\":\"https:\\\/\\\/www.itakaescolapios.org\\\/eu\\\/2013\\\/04\\\/comenzamos-el-tercer-trimestre-en-pacha-el-rato\\\/#article\",\"isPartOf\":{\"@id\":\"https:\\\/\\\/www.itakaescolapios.org\\\/eu\\\/2013\\\/04\\\/comenzamos-el-tercer-trimestre-en-pacha-el-rato\\\/\"},\"author\":{\"name\":\"cordoba01\",\"@id\":\"https:\\\/\\\/www.itakaescolapios.org\\\/es\\\/#\\\/schema\\\/person\\\/2393782712fccfca7107fe982babfe79\"},\"headline\":\"Comenzamos el tercer trimestre en Pach\u00e1 el Rato\",\"datePublished\":\"2013-04-15T07:44:50+00:00\",\"dateModified\":\"2023-11-28T11:39:24+00:00\",\"mainEntityOfPage\":{\"@id\":\"https:\\\/\\\/www.itakaescolapios.org\\\/eu\\\/2013\\\/04\\\/comenzamos-el-tercer-trimestre-en-pacha-el-rato\\\/\"},\"wordCount\":116,\"publisher\":{\"@id\":\"https:\\\/\\\/www.itakaescolapios.org\\\/es\\\/#organization\"},\"image\":{\"@id\":\"https:\\\/\\\/www.itakaescolapios.org\\\/eu\\\/2013\\\/04\\\/comenzamos-el-tercer-trimestre-en-pacha-el-rato\\\/#primaryimage\"},\"thumbnailUrl\":\"https:\\\/\\\/www.itakaescolapios.org\\\/wp-content\\\/uploads\\\/2013\\\/04\\\/not_138.jpg\",\"articleSection\":[\"C\u00f3rdoba\"],\"inLanguage\":\"eu\"},{\"@type\":\"WebPage\",\"@id\":\"https:\\\/\\\/www.itakaescolapios.org\\\/eu\\\/2013\\\/04\\\/comenzamos-el-tercer-trimestre-en-pacha-el-rato\\\/\",\"url\":\"https:\\\/\\\/www.itakaescolapios.org\\\/eu\\\/2013\\\/04\\\/comenzamos-el-tercer-trimestre-en-pacha-el-rato\\\/\",\"name\":\"Comenzamos el tercer trimestre en Pach\u00e1 el Rato - Itaka-Escolapios\",\"isPartOf\":{\"@id\":\"https:\\\/\\\/www.itakaescolapios.org\\\/es\\\/#website\"},\"primaryImageOfPage\":{\"@id\":\"https:\\\/\\\/www.itakaescolapios.org\\\/eu\\\/2013\\\/04\\\/comenzamos-el-tercer-trimestre-en-pacha-el-rato\\\/#primaryimage\"},\"image\":{\"@id\":\"https:\\\/\\\/www.itakaescolapios.org\\\/eu\\\/2013\\\/04\\\/comenzamos-el-tercer-trimestre-en-pacha-el-rato\\\/#primaryimage\"},\"thumbnailUrl\":\"https:\\\/\\\/www.itakaescolapios.org\\\/wp-content\\\/uploads\\\/2013\\\/04\\\/not_138.jpg\",\"datePublished\":\"2013-04-15T07:44:50+00:00\",\"dateModified\":\"2023-11-28T11:39:24+00:00\",\"breadcrumb\":{\"@id\":\"https:\\\/\\\/www.itakaescolapios.org\\\/eu\\\/2013\\\/04\\\/comenzamos-el-tercer-trimestre-en-pacha-el-rato\\\/#breadcrumb\"},\"inLanguage\":\"eu\",\"potentialAction\":[{\"@type\":\"ReadAction\",\"target\":[\"https:\\\/\\\/www.itakaescolapios.org\\\/eu\\\/2013\\\/04\\\/comenzamos-el-tercer-trimestre-en-pacha-el-rato\\\/\"]}]},{\"@type\":\"ImageObject\",\"inLanguage\":\"eu\",\"@id\":\"https:\\\/\\\/www.itakaescolapios.org\\\/eu\\\/2013\\\/04\\\/comenzamos-el-tercer-trimestre-en-pacha-el-rato\\\/#primaryimage\",\"url\":\"https:\\\/\\\/www.itakaescolapios.org\\\/wp-content\\\/uploads\\\/2013\\\/04\\\/not_138.jpg\",\"contentUrl\":\"https:\\\/\\\/www.itakaescolapios.org\\\/wp-content\\\/uploads\\\/2013\\\/04\\\/not_138.jpg\",\"width\":2000,\"height\":1500},{\"@type\":\"BreadcrumbList\",\"@id\":\"https:\\\/\\\/www.itakaescolapios.org\\\/eu\\\/2013\\\/04\\\/comenzamos-el-tercer-trimestre-en-pacha-el-rato\\\/#breadcrumb\",\"itemListElement\":[{\"@type\":\"ListItem\",\"position\":1,\"name\":\"Itaka-Escolapios\",\"item\":\"https:\\\/\\\/www.itakaescolapios.org\\\/es\\\/\"},{\"@type\":\"ListItem\",\"position\":2,\"name\":\"Comenzamos el tercer trimestre en Pach\u00e1 el Rato\"}]},{\"@type\":\"WebSite\",\"@id\":\"https:\\\/\\\/www.itakaescolapios.org\\\/eu\\\/es\\\/#website\",\"url\":\"https:\\\/\\\/www.itakaescolapios.org\\\/eu\\\/es\\\/\",\"name\":\"Itaka-Escolapios\",\"description\":\"Red de Itaka-Escolapios\",\"publisher\":{\"@id\":\"https:\\\/\\\/www.itakaescolapios.org\\\/eu\\\/es\\\/#organization\"},\"potentialAction\":[{\"@type\":\"SearchAction\",\"target\":{\"@type\":\"EntryPoint\",\"urlTemplate\":\"https:\\\/\\\/www.itakaescolapios.org\\\/eu\\\/es\\\/?s={search_term_string}\"},\"query-input\":{\"@type\":\"PropertyValueSpecification\",\"valueRequired\":true,\"valueName\":\"search_term_string\"}}],\"inLanguage\":\"eu\"},{\"@type\":\"Organization\",\"@id\":\"https:\\\/\\\/www.itakaescolapios.org\\\/eu\\\/es\\\/#organization\",\"name\":\"Fundaci\u00f3 Itaka-Escolapios\",\"url\":\"https:\\\/\\\/www.itakaescolapios.org\\\/eu\\\/es\\\/\",\"logo\":{\"@type\":\"ImageObject\",\"inLanguage\":\"eu\",\"@id\":\"https:\\\/\\\/www.itakaescolapios.org\\\/eu\\\/es\\\/#\\\/schema\\\/logo\\\/image\\\/\",\"url\":\"https:\\\/\\\/www.itakaescolapios.org\\\/wp-content\\\/uploads\\\/2024\\\/04\\\/Logo-itakaescolapios-peque.png\",\"contentUrl\":\"https:\\\/\\\/www.itakaescolapios.org\\\/wp-content\\\/uploads\\\/2024\\\/04\\\/Logo-itakaescolapios-peque.png\",\"width\":500,\"height\":199,\"caption\":\"Fundaci\u00f3 Itaka-Escolapios\"},\"image\":{\"@id\":\"https:\\\/\\\/www.itakaescolapios.org\\\/eu\\\/es\\\/#\\\/schema\\\/logo\\\/image\\\/\"}},{\"@type\":\"Person\",\"@id\":\"https:\\\/\\\/www.itakaescolapios.org\\\/es\\\/#\\\/schema\\\/person\\\/2393782712fccfca7107fe982babfe79\",\"name\":\"cordoba01\",\"url\":\"https:\\\/\\\/www.itakaescolapios.org\\\/eu\\\/author\\\/cordoba01\\\/\"}]}<\/script>\n<!-- \/ Yoast SEO plugin. -->","yoast_head_json":{"title":"Comenzamos el tercer trimestre en Pach\u00e1 el Rato","description":"El viernes pasado d\u00eda 5 de abril, empez\u00f3 el tercer trimestre de Pach\u00e1 el rato. Gracias a Dios tuvimos un d\u00eda espectacular de sol, lo que nos permiti\u00f3 realizar todas las actividades programadas. Para este tercer trimestre, hemos querido ampliar la oferta de Pach\u00e1 y realizaremos algunos talleres mas \"profesionales\" como el del viernes pasado&hellip;","robots":{"index":"index","follow":"follow","max-snippet":"max-snippet:-1","max-image-preview":"max-image-preview:large","max-video-preview":"max-video-preview:-1"},"canonical":"El viernes pasado d\u00eda 5 de abril, empez\u00f3 el tercer trimestre de Pach\u00e1 el rato. Gracias a Dios tuvimos un d\u00eda espectacular de sol, lo que nos permiti\u00f3 realizar todas las actividades programadas. Para este tercer trimestre, hemos querido ampliar la oferta de Pach\u00e1 y realizaremos algunos talleres mas \"profesionales\" como el del viernes pasado&hellip;","og_locale":"en_US","og_type":"article","og_title":"Comenzamos el tercer trimestre en Pach\u00e1 el Rato","og_description":"El viernes pasado d\u00eda 5 de abril, empez\u00f3 el tercer trimestre de Pach\u00e1 el rato. Gracias a Dios tuvimos un d\u00eda espectacular de sol, lo que nos permiti\u00f3 realizar todas las actividades programadas. Para este tercer trimestre, hemos querido ampliar la oferta de Pach\u00e1 y realizaremos algunos talleres mas \"profesionales\" como el del viernes pasado&hellip;","og_url":"https:\/\/www.itakaescolapios.org\/eu\/2013\/04\/comenzamos-el-tercer-trimestre-en-pacha-el-rato\/","og_site_name":"Itaka-Escolapios","article_published_time":"2013-04-15T07:44:50+00:00","article_modified_time":"2023-11-28T11:39:24+00:00","og_image":[{"width":2000,"height":1500,"url":"https:\/\/www.itakaescolapios.org\/wp-content\/uploads\/2013\/04\/not_138.jpg","type":"image\/jpeg"}],"author":"cordoba01","twitter_card":"summary_large_image","twitter_misc":{"Written by":"cordoba01","Est. reading time":"1 minutua"},"schema":{"@context":"https:\/\/schema.org","@graph":[{"@type":"Article","@id":"https:\/\/www.itakaescolapios.org\/eu\/2013\/04\/comenzamos-el-tercer-trimestre-en-pacha-el-rato\/#article","isPartOf":{"@id":"https:\/\/www.itakaescolapios.org\/eu\/2013\/04\/comenzamos-el-tercer-trimestre-en-pacha-el-rato\/"},"author":{"name":"cordoba01","@id":"https:\/\/www.itakaescolapios.org\/es\/#\/schema\/person\/2393782712fccfca7107fe982babfe79"},"headline":"Comenzamos el tercer trimestre en Pach\u00e1 el Rato","datePublished":"2013-04-15T07:44:50+00:00","dateModified":"2023-11-28T11:39:24+00:00","mainEntityOfPage":{"@id":"https:\/\/www.itakaescolapios.org\/eu\/2013\/04\/comenzamos-el-tercer-trimestre-en-pacha-el-rato\/"},"wordCount":116,"publisher":{"@id":"https:\/\/www.itakaescolapios.org\/es\/#organization"},"image":{"@id":"https:\/\/www.itakaescolapios.org\/eu\/2013\/04\/comenzamos-el-tercer-trimestre-en-pacha-el-rato\/#primaryimage"},"thumbnailUrl":"https:\/\/www.itakaescolapios.org\/wp-content\/uploads\/2013\/04\/not_138.jpg","articleSection":["C\u00f3rdoba"],"inLanguage":"eu"},{"@type":"WebPage","@id":"https:\/\/www.itakaescolapios.org\/eu\/2013\/04\/comenzamos-el-tercer-trimestre-en-pacha-el-rato\/","url":"https:\/\/www.itakaescolapios.org\/eu\/2013\/04\/comenzamos-el-tercer-trimestre-en-pacha-el-rato\/","name":"Comenzamos el tercer trimestre en Pach\u00e1 el Rato - Itaka-Escolapios","isPartOf":{"@id":"https:\/\/www.itakaescolapios.org\/es\/#website"},"primaryImageOfPage":{"@id":"https:\/\/www.itakaescolapios.org\/eu\/2013\/04\/comenzamos-el-tercer-trimestre-en-pacha-el-rato\/#primaryimage"},"image":{"@id":"https:\/\/www.itakaescolapios.org\/eu\/2013\/04\/comenzamos-el-tercer-trimestre-en-pacha-el-rato\/#primaryimage"},"thumbnailUrl":"https:\/\/www.itakaescolapios.org\/wp-content\/uploads\/2013\/04\/not_138.jpg","datePublished":"2013-04-15T07:44:50+00:00","dateModified":"2023-11-28T11:39:24+00:00","breadcrumb":{"@id":"https:\/\/www.itakaescolapios.org\/eu\/2013\/04\/comenzamos-el-tercer-trimestre-en-pacha-el-rato\/#breadcrumb"},"inLanguage":"eu","potentialAction":[{"@type":"ReadAction","target":["https:\/\/www.itakaescolapios.org\/eu\/2013\/04\/comenzamos-el-tercer-trimestre-en-pacha-el-rato\/"]}]},{"@type":"ImageObject","inLanguage":"eu","@id":"https:\/\/www.itakaescolapios.org\/eu\/2013\/04\/comenzamos-el-tercer-trimestre-en-pacha-el-rato\/#primaryimage","url":"https:\/\/www.itakaescolapios.org\/wp-content\/uploads\/2013\/04\/not_138.jpg","contentUrl":"https:\/\/www.itakaescolapios.org\/wp-content\/uploads\/2013\/04\/not_138.jpg","width":2000,"height":1500},{"@type":"BreadcrumbList","@id":"https:\/\/www.itakaescolapios.org\/eu\/2013\/04\/comenzamos-el-tercer-trimestre-en-pacha-el-rato\/#breadcrumb","itemListElement":[{"@type":"ListItem","position":1,"name":"Itaka-Escolapios","item":"https:\/\/www.itakaescolapios.org\/es\/"},{"@type":"ListItem","position":2,"name":"Comenzamos el tercer trimestre en Pach\u00e1 el Rato"}]},{"@type":"WebSite","@id":"https:\/\/www.itakaescolapios.org\/eu\/es\/#website","url":"https:\/\/www.itakaescolapios.org\/eu\/es\/","name":"Itaka-Escolapios","description":"Red de Itaka-Escolapios","publisher":{"@id":"https:\/\/www.itakaescolapios.org\/eu\/es\/#organization"},"potentialAction":[{"@type":"SearchAction","target":{"@type":"EntryPoint","urlTemplate":"https:\/\/www.itakaescolapios.org\/eu\/es\/?s={search_term_string}"},"query-input":{"@type":"PropertyValueSpecification","valueRequired":true,"valueName":"search_term_string"}}],"inLanguage":"eu"},{"@type":"Organization","@id":"https:\/\/www.itakaescolapios.org\/eu\/es\/#organization","name":"Fundaci\u00f3 Itaka-Escolapios","url":"https:\/\/www.itakaescolapios.org\/eu\/es\/","logo":{"@type":"ImageObject","inLanguage":"eu","@id":"https:\/\/www.itakaescolapios.org\/eu\/es\/#\/schema\/logo\/image\/","url":"https:\/\/www.itakaescolapios.org\/wp-content\/uploads\/2024\/04\/Logo-itakaescolapios-peque.png","contentUrl":"https:\/\/www.itakaescolapios.org\/wp-content\/uploads\/2024\/04\/Logo-itakaescolapios-peque.png","width":500,"height":199,"caption":"Fundaci\u00f3 Itaka-Escolapios"},"image":{"@id":"https:\/\/www.itakaescolapios.org\/eu\/es\/#\/schema\/logo\/image\/"}},{"@type":"Person","@id":"https:\/\/www.itakaescolapios.org\/es\/#\/schema\/person\/2393782712fccfca7107fe982babfe79","name":"cordoba01","url":"https:\/\/www.itakaescolapios.org\/eu\/author\/cordoba01\/"}]}},"_links":{"self":[{"href":"https:\/\/www.itakaescolapios.org\/eu\/wp-json\/wp\/v2\/posts\/6411","targetHints":{"allow":["GET"]}}],"collection":[{"href":"https:\/\/www.itakaescolapios.org\/eu\/wp-json\/wp\/v2\/posts"}],"about":[{"href":"https:\/\/www.itakaescolapios.org\/eu\/wp-json\/wp\/v2\/types\/post"}],"author":[{"embeddable":true,"href":"https:\/\/www.itakaescolapios.org\/eu\/wp-json\/wp\/v2\/users\/23"}],"replies":[{"embeddable":true,"href":"https:\/\/www.itakaescolapios.org\/eu\/wp-json\/wp\/v2\/comments?post=6411"}],"version-history":[{"count":5,"href":"https:\/\/www.itakaescolapios.org\/eu\/wp-json\/wp\/v2\/posts\/6411\/revisions"}],"predecessor-version":[{"id":49628,"href":"https:\/\/www.itakaescolapios.org\/eu\/wp-json\/wp\/v2\/posts\/6411\/revisions\/49628"}],"wp:featuredmedia":[{"embeddable":true,"href":"https:\/\/www.itakaescolapios.org\/eu\/wp-json\/wp\/v2\/media\/6412"}],"wp:attachment":[{"href":"https:\/\/www.itakaescolapios.org\/eu\/wp-json\/wp\/v2\/media?parent=6411"}],"wp:term":[{"taxonomy":"category","embeddable":true,"href":"https:\/\/www.itakaescolapios.org\/eu\/wp-json\/wp\/v2\/categories?post=6411"},{"taxonomy":"post_tag","embeddable":true,"href":"https:\/\/www.itakaescolapios.org\/eu\/wp-json\/wp\/v2\/tags?post=6411"}],"curies":[{"name":"wp","href":"https:\/\/api.w.org\/{rel}","templated":true}]}}