{"id":6674,"date":"2013-05-09T22:00:19","date_gmt":"2013-05-09T21:00:19","guid":{"rendered":"https:\/\/www.itakaescolapios.org\/?p=6674"},"modified":"2023-11-28T12:39:22","modified_gmt":"2023-11-28T11:39:22","slug":"portugues-50-anos-juntos-a-comunidade","status":"publish","type":"post","link":"https:\/\/www.itakaescolapios.org\/eu\/2013\/05\/portugues-50-anos-juntos-a-comunidade\/","title":{"rendered":""},"content":{"rendered":"<p>Nesta sexta 10 de maio Itaka Escol\u00e1pios Governador Valadares estar\u00e1 comemorando 50 anos da hist\u00f3rica presen\u00e7a do GRUPO GENTE NOVA, que originalmente deu in\u00edcio aos trabalhos s\u00f3cio assistenciais com crian\u00e7as e adolescentes na Par\u00f3quia Nossa Senhora das Gra\u00e7as que culminam no que hoje ITAKA ESCOLAPIOS GV. Registros indicam o\u00a0 dia 10 de maio de 1963 como sendo o do nascimento jur\u00eddico do GRUPO GENTE NOVA, mais conhecido pela comunidade como GGN.<\/p>\n<p>Formado por alunos do Col\u00e9gio Ibituruna e alunas do Col\u00e9gio Imaculada Concei\u00e7\u00e3o que se encontravam aos domingos para refletirem a Palavra de Deus e textos da atualidade, participarem e animarem as missas dominicais, fazerem amizade e realizarem a\u00e7\u00f5es s\u00f3cioassistenciais junto aos moradores do Morro do Carapina. Juntamente com Padre Eul\u00e1lio Lafuente, um dos seus idealizadores, apoiadores e tamb\u00e9m o diretor espiritual o GRUPO GENTE NOVA ficou reconhecido desde ent\u00e3o pelas suas atividades s\u00f3cio assist\u00eancias e de apoio \u00e0 Comunidade do Carapina.<\/p>\n<p>Com o passar dos anos o GRUPO GENTE NOVA foi se reestruturando e se adaptando aos novos tempos e as novas exig\u00eancias legais passando formar parte de uma rede social ITAKA ESCOLAPIOS, do qual leva o nome atualmente.<\/p>\n<p>Hoje, seguindo os passos do GRUPO GENTE NOVA, ITAKA ESCOLAPIOS GV beneficia a mais de 600 crian\u00e7as e adolescentes e suas fam\u00edlias atrav\u00e9s das atividades e projetos desenvolvidos e continua sua atua\u00e7\u00e3o em prol sempre das crian\u00e7as e adolescentes mais desfavorecidos.<\/p>\n<p>50 anos de caminha \u00e9 momento de agradecer a Deus por ter nos acompanhado, guiado e protegido.<\/p>\n<p>Agradecer aos volunt\u00e1rios, colaboradores, parceiros e amigos do BRASIL e do MUNDO que tanto ajudaram e continuam ajudam a levar a miss\u00e3o a frente.<\/p>\n<p align=\"center\"><em>A TODOS O NOSSO AGRADECIMENTO E MUITO OBRIGADO!<\/em><\/p>\n<p><!--more--><\/p>\n","protected":false},"excerpt":{"rendered":"<p>Nesta sexta 10 de maio Itaka Escol\u00e1pios Governador Valadares estar\u00e1 comemorando 50 anos da hist\u00f3rica presen\u00e7a do GRUPO GENTE NOVA, que originalmente deu in\u00edcio aos trabalhos s\u00f3cio assistenciais com crian\u00e7as [&hellip;]<\/p>\n","protected":false},"author":11,"featured_media":6682,"comment_status":"closed","ping_status":"closed","sticky":false,"template":"","format":"standard","meta":{"_et_pb_use_builder":"","_et_pb_old_content":"","_et_gb_content_width":"","footnotes":""},"categories":[16],"tags":[],"class_list":["post-6674","post","type-post","status-publish","format-standard","has-post-thumbnail","hentry","category-governador-valadares"],"yoast_head":"<!-- This site is optimized with the Yoast SEO plugin v27.4 - https:\/\/yoast.com\/product\/yoast-seo-wordpress\/ -->\n<title>- Itaka-Escolapios<\/title>\n<meta name=\"description\" content=\"Nesta sexta 10 de maio Itaka Escol\u00e1pios Governador Valadares estar\u00e1 comemorando 50 anos da hist\u00f3rica presen\u00e7a do GRUPO GENTE NOVA, que originalmente deu in\u00edcio aos trabalhos s\u00f3cio assistenciais com crian\u00e7as e adolescentes na Par\u00f3quia Nossa Senhora das Gra\u00e7as que culminam no que hoje ITAKA ESCOLAPIOS GV. Registros indicam o\u00a0 dia 10 de maio de 1963&hellip;\" \/>\n<meta name=\"robots\" content=\"index, follow, max-snippet:-1, max-image-preview:large, max-video-preview:-1\" \/>\n<link rel=\"canonical\" href=\"http:\/\/Nesta%20sexta%2010%20de%20maio%20Itaka%20Escol\u00e1pios%20Governador%20Valadares%20estar\u00e1%20comemorando%2050%20anos%20da%20hist\u00f3rica%20presen\u00e7a%20do%20GRUPO%20GENTE%20NOVA,%20que%20originalmente%20deu%20in\u00edcio%20aos%20trabalhos%20s\u00f3cio%20assistenciais%20com%20crian\u00e7as%20e%20adolescentes%20na%20Par\u00f3quia%20Nossa%20Senhora%20das%20Gra\u00e7as%20que%20culminam%20no%20que%20hoje%20ITAKA%20ESCOLAPIOS%20GV.%20Registros%20indicam%20o\u00a0%20dia%2010%20de%20maio%20de%201963&hellip;\" \/>\n<meta property=\"og:locale\" content=\"en_US\" \/>\n<meta property=\"og:type\" content=\"article\" \/>\n<meta property=\"og:title\" content=\"- Itaka-Escolapios\" \/>\n<meta property=\"og:description\" content=\"Nesta sexta 10 de maio Itaka Escol\u00e1pios Governador Valadares estar\u00e1 comemorando 50 anos da hist\u00f3rica presen\u00e7a do GRUPO GENTE NOVA, que originalmente deu in\u00edcio aos trabalhos s\u00f3cio assistenciais com crian\u00e7as e adolescentes na Par\u00f3quia Nossa Senhora das Gra\u00e7as que culminam no que hoje ITAKA ESCOLAPIOS GV. Registros indicam o\u00a0 dia 10 de maio de 1963&hellip;\" \/>\n<meta property=\"og:url\" content=\"https:\/\/www.itakaescolapios.org\/eu\/2013\/05\/portugues-50-anos-juntos-a-comunidade\/\" \/>\n<meta property=\"og:site_name\" content=\"Itaka-Escolapios\" \/>\n<meta property=\"article:published_time\" content=\"2013-05-09T21:00:19+00:00\" \/>\n<meta property=\"article:modified_time\" content=\"2023-11-28T11:39:22+00:00\" \/>\n<meta property=\"og:image\" content=\"https:\/\/www.itakaescolapios.org\/wp-content\/uploads\/2013\/05\/admin-ajax.jpg\" \/>\n\t<meta property=\"og:image:width\" content=\"400\" \/>\n\t<meta property=\"og:image:height\" content=\"332\" \/>\n\t<meta property=\"og:image:type\" content=\"image\/jpeg\" \/>\n<meta name=\"author\" content=\"brasil03\" \/>\n<meta name=\"twitter:card\" content=\"summary_large_image\" \/>\n<meta name=\"twitter:label1\" content=\"Written by\" \/>\n\t<meta name=\"twitter:data1\" content=\"brasil03\" \/>\n\t<meta name=\"twitter:label2\" content=\"Est. reading time\" \/>\n\t<meta name=\"twitter:data2\" content=\"1 minutua\" \/>\n<script type=\"application\/ld+json\" class=\"yoast-schema-graph\">{\"@context\":\"https:\\\/\\\/schema.org\",\"@graph\":[{\"@type\":\"Article\",\"@id\":\"https:\\\/\\\/www.itakaescolapios.org\\\/eu\\\/2013\\\/05\\\/portugues-50-anos-juntos-a-comunidade\\\/#article\",\"isPartOf\":{\"@id\":\"https:\\\/\\\/www.itakaescolapios.org\\\/eu\\\/2013\\\/05\\\/portugues-50-anos-juntos-a-comunidade\\\/\"},\"author\":{\"name\":\"brasil03\",\"@id\":\"https:\\\/\\\/www.itakaescolapios.org\\\/es\\\/#\\\/schema\\\/person\\\/9c761c62049293fc36e6c91e429de3d5\"},\"headline\":\"No title\",\"datePublished\":\"2013-05-09T21:00:19+00:00\",\"dateModified\":\"2023-11-28T11:39:22+00:00\",\"mainEntityOfPage\":{\"@id\":\"https:\\\/\\\/www.itakaescolapios.org\\\/eu\\\/2013\\\/05\\\/portugues-50-anos-juntos-a-comunidade\\\/\"},\"wordCount\":299,\"publisher\":{\"@id\":\"https:\\\/\\\/www.itakaescolapios.org\\\/es\\\/#organization\"},\"image\":{\"@id\":\"https:\\\/\\\/www.itakaescolapios.org\\\/eu\\\/2013\\\/05\\\/portugues-50-anos-juntos-a-comunidade\\\/#primaryimage\"},\"thumbnailUrl\":\"https:\\\/\\\/www.itakaescolapios.org\\\/wp-content\\\/uploads\\\/2013\\\/05\\\/admin-ajax.jpg\",\"articleSection\":[\"Governador Valadares\"],\"inLanguage\":\"eu\"},{\"@type\":\"WebPage\",\"@id\":\"https:\\\/\\\/www.itakaescolapios.org\\\/eu\\\/2013\\\/05\\\/portugues-50-anos-juntos-a-comunidade\\\/\",\"url\":\"https:\\\/\\\/www.itakaescolapios.org\\\/eu\\\/2013\\\/05\\\/portugues-50-anos-juntos-a-comunidade\\\/\",\"name\":\"- Itaka-Escolapios\",\"isPartOf\":{\"@id\":\"https:\\\/\\\/www.itakaescolapios.org\\\/es\\\/#website\"},\"primaryImageOfPage\":{\"@id\":\"https:\\\/\\\/www.itakaescolapios.org\\\/eu\\\/2013\\\/05\\\/portugues-50-anos-juntos-a-comunidade\\\/#primaryimage\"},\"image\":{\"@id\":\"https:\\\/\\\/www.itakaescolapios.org\\\/eu\\\/2013\\\/05\\\/portugues-50-anos-juntos-a-comunidade\\\/#primaryimage\"},\"thumbnailUrl\":\"https:\\\/\\\/www.itakaescolapios.org\\\/wp-content\\\/uploads\\\/2013\\\/05\\\/admin-ajax.jpg\",\"datePublished\":\"2013-05-09T21:00:19+00:00\",\"dateModified\":\"2023-11-28T11:39:22+00:00\",\"inLanguage\":\"eu\",\"potentialAction\":[{\"@type\":\"ReadAction\",\"target\":[\"https:\\\/\\\/www.itakaescolapios.org\\\/eu\\\/2013\\\/05\\\/portugues-50-anos-juntos-a-comunidade\\\/\"]}]},{\"@type\":\"ImageObject\",\"inLanguage\":\"eu\",\"@id\":\"https:\\\/\\\/www.itakaescolapios.org\\\/eu\\\/2013\\\/05\\\/portugues-50-anos-juntos-a-comunidade\\\/#primaryimage\",\"url\":\"https:\\\/\\\/www.itakaescolapios.org\\\/wp-content\\\/uploads\\\/2013\\\/05\\\/admin-ajax.jpg\",\"contentUrl\":\"https:\\\/\\\/www.itakaescolapios.org\\\/wp-content\\\/uploads\\\/2013\\\/05\\\/admin-ajax.jpg\",\"width\":\"400\",\"height\":\"332\"},{\"@type\":\"WebSite\",\"@id\":\"https:\\\/\\\/www.itakaescolapios.org\\\/eu\\\/es\\\/#website\",\"url\":\"https:\\\/\\\/www.itakaescolapios.org\\\/eu\\\/es\\\/\",\"name\":\"Itaka-Escolapios\",\"description\":\"Red de Itaka-Escolapios\",\"publisher\":{\"@id\":\"https:\\\/\\\/www.itakaescolapios.org\\\/eu\\\/es\\\/#organization\"},\"potentialAction\":[{\"@type\":\"SearchAction\",\"target\":{\"@type\":\"EntryPoint\",\"urlTemplate\":\"https:\\\/\\\/www.itakaescolapios.org\\\/eu\\\/es\\\/?s={search_term_string}\"},\"query-input\":{\"@type\":\"PropertyValueSpecification\",\"valueRequired\":true,\"valueName\":\"search_term_string\"}}],\"inLanguage\":\"eu\"},{\"@type\":\"Organization\",\"@id\":\"https:\\\/\\\/www.itakaescolapios.org\\\/eu\\\/es\\\/#organization\",\"name\":\"Fundaci\u00f3 Itaka-Escolapios\",\"url\":\"https:\\\/\\\/www.itakaescolapios.org\\\/eu\\\/es\\\/\",\"logo\":{\"@type\":\"ImageObject\",\"inLanguage\":\"eu\",\"@id\":\"https:\\\/\\\/www.itakaescolapios.org\\\/eu\\\/es\\\/#\\\/schema\\\/logo\\\/image\\\/\",\"url\":\"https:\\\/\\\/www.itakaescolapios.org\\\/wp-content\\\/uploads\\\/2024\\\/04\\\/Logo-itakaescolapios-peque.png\",\"contentUrl\":\"https:\\\/\\\/www.itakaescolapios.org\\\/wp-content\\\/uploads\\\/2024\\\/04\\\/Logo-itakaescolapios-peque.png\",\"width\":500,\"height\":199,\"caption\":\"Fundaci\u00f3 Itaka-Escolapios\"},\"image\":{\"@id\":\"https:\\\/\\\/www.itakaescolapios.org\\\/eu\\\/es\\\/#\\\/schema\\\/logo\\\/image\\\/\"}},{\"@type\":\"Person\",\"@id\":\"https:\\\/\\\/www.itakaescolapios.org\\\/es\\\/#\\\/schema\\\/person\\\/9c761c62049293fc36e6c91e429de3d5\",\"name\":\"brasil03\",\"url\":\"https:\\\/\\\/www.itakaescolapios.org\\\/eu\\\/author\\\/brasil03\\\/\"}]}<\/script>\n<!-- \/ Yoast SEO plugin. -->","yoast_head_json":{"title":"- Itaka-Escolapios","description":"Nesta sexta 10 de maio Itaka Escol\u00e1pios Governador Valadares estar\u00e1 comemorando 50 anos da hist\u00f3rica presen\u00e7a do GRUPO GENTE NOVA, que originalmente deu in\u00edcio aos trabalhos s\u00f3cio assistenciais com crian\u00e7as e adolescentes na Par\u00f3quia Nossa Senhora das Gra\u00e7as que culminam no que hoje ITAKA ESCOLAPIOS GV. Registros indicam o\u00a0 dia 10 de maio de 1963&hellip;","robots":{"index":"index","follow":"follow","max-snippet":"max-snippet:-1","max-image-preview":"max-image-preview:large","max-video-preview":"max-video-preview:-1"},"canonical":"Nesta sexta 10 de maio Itaka Escol\u00e1pios Governador Valadares estar\u00e1 comemorando 50 anos da hist\u00f3rica presen\u00e7a do GRUPO GENTE NOVA, que originalmente deu in\u00edcio aos trabalhos s\u00f3cio assistenciais com crian\u00e7as e adolescentes na Par\u00f3quia Nossa Senhora das Gra\u00e7as que culminam no que hoje ITAKA ESCOLAPIOS GV. Registros indicam o\u00a0 dia 10 de maio de 1963&hellip;","og_locale":"en_US","og_type":"article","og_title":"- Itaka-Escolapios","og_description":"Nesta sexta 10 de maio Itaka Escol\u00e1pios Governador Valadares estar\u00e1 comemorando 50 anos da hist\u00f3rica presen\u00e7a do GRUPO GENTE NOVA, que originalmente deu in\u00edcio aos trabalhos s\u00f3cio assistenciais com crian\u00e7as e adolescentes na Par\u00f3quia Nossa Senhora das Gra\u00e7as que culminam no que hoje ITAKA ESCOLAPIOS GV. Registros indicam o\u00a0 dia 10 de maio de 1963&hellip;","og_url":"https:\/\/www.itakaescolapios.org\/eu\/2013\/05\/portugues-50-anos-juntos-a-comunidade\/","og_site_name":"Itaka-Escolapios","article_published_time":"2013-05-09T21:00:19+00:00","article_modified_time":"2023-11-28T11:39:22+00:00","og_image":[{"width":400,"height":332,"url":"https:\/\/www.itakaescolapios.org\/wp-content\/uploads\/2013\/05\/admin-ajax.jpg","type":"image\/jpeg"}],"author":"brasil03","twitter_card":"summary_large_image","twitter_misc":{"Written by":"brasil03","Est. reading time":"1 minutua"},"schema":{"@context":"https:\/\/schema.org","@graph":[{"@type":"Article","@id":"https:\/\/www.itakaescolapios.org\/eu\/2013\/05\/portugues-50-anos-juntos-a-comunidade\/#article","isPartOf":{"@id":"https:\/\/www.itakaescolapios.org\/eu\/2013\/05\/portugues-50-anos-juntos-a-comunidade\/"},"author":{"name":"brasil03","@id":"https:\/\/www.itakaescolapios.org\/es\/#\/schema\/person\/9c761c62049293fc36e6c91e429de3d5"},"headline":"No title","datePublished":"2013-05-09T21:00:19+00:00","dateModified":"2023-11-28T11:39:22+00:00","mainEntityOfPage":{"@id":"https:\/\/www.itakaescolapios.org\/eu\/2013\/05\/portugues-50-anos-juntos-a-comunidade\/"},"wordCount":299,"publisher":{"@id":"https:\/\/www.itakaescolapios.org\/es\/#organization"},"image":{"@id":"https:\/\/www.itakaescolapios.org\/eu\/2013\/05\/portugues-50-anos-juntos-a-comunidade\/#primaryimage"},"thumbnailUrl":"https:\/\/www.itakaescolapios.org\/wp-content\/uploads\/2013\/05\/admin-ajax.jpg","articleSection":["Governador Valadares"],"inLanguage":"eu"},{"@type":"WebPage","@id":"https:\/\/www.itakaescolapios.org\/eu\/2013\/05\/portugues-50-anos-juntos-a-comunidade\/","url":"https:\/\/www.itakaescolapios.org\/eu\/2013\/05\/portugues-50-anos-juntos-a-comunidade\/","name":"- Itaka-Escolapios","isPartOf":{"@id":"https:\/\/www.itakaescolapios.org\/es\/#website"},"primaryImageOfPage":{"@id":"https:\/\/www.itakaescolapios.org\/eu\/2013\/05\/portugues-50-anos-juntos-a-comunidade\/#primaryimage"},"image":{"@id":"https:\/\/www.itakaescolapios.org\/eu\/2013\/05\/portugues-50-anos-juntos-a-comunidade\/#primaryimage"},"thumbnailUrl":"https:\/\/www.itakaescolapios.org\/wp-content\/uploads\/2013\/05\/admin-ajax.jpg","datePublished":"2013-05-09T21:00:19+00:00","dateModified":"2023-11-28T11:39:22+00:00","inLanguage":"eu","potentialAction":[{"@type":"ReadAction","target":["https:\/\/www.itakaescolapios.org\/eu\/2013\/05\/portugues-50-anos-juntos-a-comunidade\/"]}]},{"@type":"ImageObject","inLanguage":"eu","@id":"https:\/\/www.itakaescolapios.org\/eu\/2013\/05\/portugues-50-anos-juntos-a-comunidade\/#primaryimage","url":"https:\/\/www.itakaescolapios.org\/wp-content\/uploads\/2013\/05\/admin-ajax.jpg","contentUrl":"https:\/\/www.itakaescolapios.org\/wp-content\/uploads\/2013\/05\/admin-ajax.jpg","width":"400","height":"332"},{"@type":"WebSite","@id":"https:\/\/www.itakaescolapios.org\/eu\/es\/#website","url":"https:\/\/www.itakaescolapios.org\/eu\/es\/","name":"Itaka-Escolapios","description":"Red de Itaka-Escolapios","publisher":{"@id":"https:\/\/www.itakaescolapios.org\/eu\/es\/#organization"},"potentialAction":[{"@type":"SearchAction","target":{"@type":"EntryPoint","urlTemplate":"https:\/\/www.itakaescolapios.org\/eu\/es\/?s={search_term_string}"},"query-input":{"@type":"PropertyValueSpecification","valueRequired":true,"valueName":"search_term_string"}}],"inLanguage":"eu"},{"@type":"Organization","@id":"https:\/\/www.itakaescolapios.org\/eu\/es\/#organization","name":"Fundaci\u00f3 Itaka-Escolapios","url":"https:\/\/www.itakaescolapios.org\/eu\/es\/","logo":{"@type":"ImageObject","inLanguage":"eu","@id":"https:\/\/www.itakaescolapios.org\/eu\/es\/#\/schema\/logo\/image\/","url":"https:\/\/www.itakaescolapios.org\/wp-content\/uploads\/2024\/04\/Logo-itakaescolapios-peque.png","contentUrl":"https:\/\/www.itakaescolapios.org\/wp-content\/uploads\/2024\/04\/Logo-itakaescolapios-peque.png","width":500,"height":199,"caption":"Fundaci\u00f3 Itaka-Escolapios"},"image":{"@id":"https:\/\/www.itakaescolapios.org\/eu\/es\/#\/schema\/logo\/image\/"}},{"@type":"Person","@id":"https:\/\/www.itakaescolapios.org\/es\/#\/schema\/person\/9c761c62049293fc36e6c91e429de3d5","name":"brasil03","url":"https:\/\/www.itakaescolapios.org\/eu\/author\/brasil03\/"}]}},"_links":{"self":[{"href":"https:\/\/www.itakaescolapios.org\/eu\/wp-json\/wp\/v2\/posts\/6674","targetHints":{"allow":["GET"]}}],"collection":[{"href":"https:\/\/www.itakaescolapios.org\/eu\/wp-json\/wp\/v2\/posts"}],"about":[{"href":"https:\/\/www.itakaescolapios.org\/eu\/wp-json\/wp\/v2\/types\/post"}],"author":[{"embeddable":true,"href":"https:\/\/www.itakaescolapios.org\/eu\/wp-json\/wp\/v2\/users\/11"}],"replies":[{"embeddable":true,"href":"https:\/\/www.itakaescolapios.org\/eu\/wp-json\/wp\/v2\/comments?post=6674"}],"version-history":[{"count":7,"href":"https:\/\/www.itakaescolapios.org\/eu\/wp-json\/wp\/v2\/posts\/6674\/revisions"}],"predecessor-version":[{"id":49576,"href":"https:\/\/www.itakaescolapios.org\/eu\/wp-json\/wp\/v2\/posts\/6674\/revisions\/49576"}],"wp:featuredmedia":[{"embeddable":true,"href":"https:\/\/www.itakaescolapios.org\/eu\/wp-json\/wp\/v2\/media\/6682"}],"wp:attachment":[{"href":"https:\/\/www.itakaescolapios.org\/eu\/wp-json\/wp\/v2\/media?parent=6674"}],"wp:term":[{"taxonomy":"category","embeddable":true,"href":"https:\/\/www.itakaescolapios.org\/eu\/wp-json\/wp\/v2\/categories?post=6674"},{"taxonomy":"post_tag","embeddable":true,"href":"https:\/\/www.itakaescolapios.org\/eu\/wp-json\/wp\/v2\/tags?post=6674"}],"curies":[{"name":"wp","href":"https:\/\/api.w.org\/{rel}","templated":true}]}}