{"id":7044,"date":"2013-07-22T12:34:49","date_gmt":"2013-07-22T11:34:49","guid":{"rendered":"https:\/\/www.itakaescolapios.org\/?p=7044"},"modified":"2023-11-28T12:39:18","modified_gmt":"2023-11-28T11:39:18","slug":"inician-los-campamentos-de-verano","status":"publish","type":"post","link":"https:\/\/www.itakaescolapios.org\/eu\/2013\/07\/inician-los-campamentos-de-verano\/","title":{"rendered":"Inician los campamentos de Verano"},"content":{"rendered":"<p>Como todos los a\u00f1os por estas fechas comienzan los campamentos de verano para los grupos de Vitoria (kaskondoak y oinarinak). Seguro que ser\u00e1n unos d\u00edas especiales para pasarlo bien, aprender y compartir experiencias juntos, y junto a Jes\u00fas.<\/p>\n<p><a href=\"https:\/\/www.itakaescolapios.org\/2013\/07\/inician-los-campamentos-de-verano\/imag0553\/\" rel=\"attachment wp-att-7045\"><img decoding=\"async\" class=\"alignnone size-medium wp-image-7045\" src=\"https:\/\/www.itakaescolapios.org\/wp-content\/uploads\/2013\/07\/IMAG0553-300x200.jpg\" alt=\"\" width=\"300\" height=\"200\" srcset=\"https:\/\/www.itakaescolapios.org\/wp-content\/uploads\/2013\/07\/IMAG0553-300x200.jpg 300w, https:\/\/www.itakaescolapios.org\/wp-content\/uploads\/2013\/07\/IMAG0553-1024x682.jpg 1024w, https:\/\/www.itakaescolapios.org\/wp-content\/uploads\/2013\/07\/IMAG0553-250x166.jpg 250w, https:\/\/www.itakaescolapios.org\/wp-content\/uploads\/2013\/07\/IMAG0553.jpg 2000w\" sizes=\"(max-width: 300px) 100vw, 300px\" \/><\/a><!--more--><\/p>\n","protected":false},"excerpt":{"rendered":"<p>Como todos los a\u00f1os por estas fechas comienzan los campamentos de verano para los grupos de Vitoria (kaskondoak y oinarinak). Seguro que ser\u00e1n unos d\u00edas especiales para pasarlo bien, aprender [&hellip;]<\/p>\n","protected":false},"author":41,"featured_media":7046,"comment_status":"closed","ping_status":"closed","sticky":false,"template":"","format":"standard","meta":{"_et_pb_use_builder":"","_et_pb_old_content":"","_et_gb_content_width":"","footnotes":""},"categories":[13],"tags":[],"class_list":["post-7044","post","type-post","status-publish","format-standard","has-post-thumbnail","hentry","category-vitoria"],"yoast_head":"<!-- This site is optimized with the Yoast SEO plugin v27.4 - https:\/\/yoast.com\/product\/yoast-seo-wordpress\/ -->\n<title>Inician los campamentos de Verano<\/title>\n<meta name=\"description\" content=\"Como todos los a\u00f1os por estas fechas comienzan los campamentos de verano para los grupos de Vitoria (kaskondoak y oinarinak). Seguro que ser\u00e1n unos d\u00edas especiales para pasarlo bien, aprender y compartir experiencias juntos, y junto a Jes\u00fas.\" \/>\n<meta name=\"robots\" content=\"index, follow, max-snippet:-1, max-image-preview:large, max-video-preview:-1\" \/>\n<link rel=\"canonical\" href=\"http:\/\/Como%20todos%20los%20a\u00f1os%20por%20estas%20fechas%20comienzan%20los%20campamentos%20de%20verano%20para%20los%20grupos%20de%20Vitoria%20(kaskondoak%20y%20oinarinak).%20Seguro%20que%20ser\u00e1n%20unos%20d\u00edas%20especiales%20para%20pasarlo%20bien,%20aprender%20y%20compartir%20experiencias%20juntos,%20y%20junto%20a%20Jes\u00fas.\" \/>\n<meta property=\"og:locale\" content=\"en_US\" \/>\n<meta property=\"og:type\" content=\"article\" \/>\n<meta property=\"og:title\" content=\"Inician los campamentos de Verano\" \/>\n<meta property=\"og:description\" content=\"Como todos los a\u00f1os por estas fechas comienzan los campamentos de verano para los grupos de Vitoria (kaskondoak y oinarinak). Seguro que ser\u00e1n unos d\u00edas especiales para pasarlo bien, aprender y compartir experiencias juntos, y junto a Jes\u00fas.\" \/>\n<meta property=\"og:url\" content=\"https:\/\/www.itakaescolapios.org\/eu\/2013\/07\/inician-los-campamentos-de-verano\/\" \/>\n<meta property=\"og:site_name\" content=\"Itaka-Escolapios\" \/>\n<meta property=\"article:published_time\" content=\"2013-07-22T11:34:49+00:00\" \/>\n<meta property=\"article:modified_time\" content=\"2023-11-28T11:39:18+00:00\" \/>\n<meta property=\"og:image\" content=\"https:\/\/www.itakaescolapios.org\/wp-content\/uploads\/2013\/07\/IMG-20130722-WA0003.jpg\" \/>\n\t<meta property=\"og:image:width\" content=\"800\" \/>\n\t<meta property=\"og:image:height\" content=\"600\" \/>\n\t<meta property=\"og:image:type\" content=\"image\/jpeg\" \/>\n<meta name=\"author\" content=\"gasteiz01\" \/>\n<meta name=\"twitter:card\" content=\"summary_large_image\" \/>\n<meta name=\"twitter:label1\" content=\"Written by\" \/>\n\t<meta name=\"twitter:data1\" content=\"gasteiz01\" \/>\n<script type=\"application\/ld+json\" class=\"yoast-schema-graph\">{\"@context\":\"https:\\\/\\\/schema.org\",\"@graph\":[{\"@type\":\"Article\",\"@id\":\"https:\\\/\\\/www.itakaescolapios.org\\\/eu\\\/2013\\\/07\\\/inician-los-campamentos-de-verano\\\/#article\",\"isPartOf\":{\"@id\":\"https:\\\/\\\/www.itakaescolapios.org\\\/eu\\\/2013\\\/07\\\/inician-los-campamentos-de-verano\\\/\"},\"author\":{\"name\":\"gasteiz01\",\"@id\":\"https:\\\/\\\/www.itakaescolapios.org\\\/es\\\/#\\\/schema\\\/person\\\/ab0993cd608ccb55ef100715f05010e1\"},\"headline\":\"Inician los campamentos de Verano\",\"datePublished\":\"2013-07-22T11:34:49+00:00\",\"dateModified\":\"2023-11-28T11:39:18+00:00\",\"mainEntityOfPage\":{\"@id\":\"https:\\\/\\\/www.itakaescolapios.org\\\/eu\\\/2013\\\/07\\\/inician-los-campamentos-de-verano\\\/\"},\"wordCount\":47,\"publisher\":{\"@id\":\"https:\\\/\\\/www.itakaescolapios.org\\\/es\\\/#organization\"},\"image\":{\"@id\":\"https:\\\/\\\/www.itakaescolapios.org\\\/eu\\\/2013\\\/07\\\/inician-los-campamentos-de-verano\\\/#primaryimage\"},\"thumbnailUrl\":\"https:\\\/\\\/www.itakaescolapios.org\\\/wp-content\\\/uploads\\\/2013\\\/07\\\/IMG-20130722-WA0003.jpg\",\"articleSection\":[\"Vitoria-Gasteiz\"],\"inLanguage\":\"eu\"},{\"@type\":\"WebPage\",\"@id\":\"https:\\\/\\\/www.itakaescolapios.org\\\/eu\\\/2013\\\/07\\\/inician-los-campamentos-de-verano\\\/\",\"url\":\"https:\\\/\\\/www.itakaescolapios.org\\\/eu\\\/2013\\\/07\\\/inician-los-campamentos-de-verano\\\/\",\"name\":\"Inician los campamentos de Verano - Itaka-Escolapios\",\"isPartOf\":{\"@id\":\"https:\\\/\\\/www.itakaescolapios.org\\\/es\\\/#website\"},\"primaryImageOfPage\":{\"@id\":\"https:\\\/\\\/www.itakaescolapios.org\\\/eu\\\/2013\\\/07\\\/inician-los-campamentos-de-verano\\\/#primaryimage\"},\"image\":{\"@id\":\"https:\\\/\\\/www.itakaescolapios.org\\\/eu\\\/2013\\\/07\\\/inician-los-campamentos-de-verano\\\/#primaryimage\"},\"thumbnailUrl\":\"https:\\\/\\\/www.itakaescolapios.org\\\/wp-content\\\/uploads\\\/2013\\\/07\\\/IMG-20130722-WA0003.jpg\",\"datePublished\":\"2013-07-22T11:34:49+00:00\",\"dateModified\":\"2023-11-28T11:39:18+00:00\",\"breadcrumb\":{\"@id\":\"https:\\\/\\\/www.itakaescolapios.org\\\/eu\\\/2013\\\/07\\\/inician-los-campamentos-de-verano\\\/#breadcrumb\"},\"inLanguage\":\"eu\",\"potentialAction\":[{\"@type\":\"ReadAction\",\"target\":[\"https:\\\/\\\/www.itakaescolapios.org\\\/eu\\\/2013\\\/07\\\/inician-los-campamentos-de-verano\\\/\"]}]},{\"@type\":\"ImageObject\",\"inLanguage\":\"eu\",\"@id\":\"https:\\\/\\\/www.itakaescolapios.org\\\/eu\\\/2013\\\/07\\\/inician-los-campamentos-de-verano\\\/#primaryimage\",\"url\":\"https:\\\/\\\/www.itakaescolapios.org\\\/wp-content\\\/uploads\\\/2013\\\/07\\\/IMG-20130722-WA0003.jpg\",\"contentUrl\":\"https:\\\/\\\/www.itakaescolapios.org\\\/wp-content\\\/uploads\\\/2013\\\/07\\\/IMG-20130722-WA0003.jpg\",\"width\":\"800\",\"height\":\"600\"},{\"@type\":\"BreadcrumbList\",\"@id\":\"https:\\\/\\\/www.itakaescolapios.org\\\/eu\\\/2013\\\/07\\\/inician-los-campamentos-de-verano\\\/#breadcrumb\",\"itemListElement\":[{\"@type\":\"ListItem\",\"position\":1,\"name\":\"Itaka-Escolapios\",\"item\":\"https:\\\/\\\/www.itakaescolapios.org\\\/es\\\/\"},{\"@type\":\"ListItem\",\"position\":2,\"name\":\"Inician los campamentos de Verano\"}]},{\"@type\":\"WebSite\",\"@id\":\"https:\\\/\\\/www.itakaescolapios.org\\\/eu\\\/es\\\/#website\",\"url\":\"https:\\\/\\\/www.itakaescolapios.org\\\/eu\\\/es\\\/\",\"name\":\"Itaka-Escolapios\",\"description\":\"Red de Itaka-Escolapios\",\"publisher\":{\"@id\":\"https:\\\/\\\/www.itakaescolapios.org\\\/eu\\\/es\\\/#organization\"},\"potentialAction\":[{\"@type\":\"SearchAction\",\"target\":{\"@type\":\"EntryPoint\",\"urlTemplate\":\"https:\\\/\\\/www.itakaescolapios.org\\\/eu\\\/es\\\/?s={search_term_string}\"},\"query-input\":{\"@type\":\"PropertyValueSpecification\",\"valueRequired\":true,\"valueName\":\"search_term_string\"}}],\"inLanguage\":\"eu\"},{\"@type\":\"Organization\",\"@id\":\"https:\\\/\\\/www.itakaescolapios.org\\\/eu\\\/es\\\/#organization\",\"name\":\"Fundaci\u00f3 Itaka-Escolapios\",\"url\":\"https:\\\/\\\/www.itakaescolapios.org\\\/eu\\\/es\\\/\",\"logo\":{\"@type\":\"ImageObject\",\"inLanguage\":\"eu\",\"@id\":\"https:\\\/\\\/www.itakaescolapios.org\\\/eu\\\/es\\\/#\\\/schema\\\/logo\\\/image\\\/\",\"url\":\"https:\\\/\\\/www.itakaescolapios.org\\\/wp-content\\\/uploads\\\/2024\\\/04\\\/Logo-itakaescolapios-peque.png\",\"contentUrl\":\"https:\\\/\\\/www.itakaescolapios.org\\\/wp-content\\\/uploads\\\/2024\\\/04\\\/Logo-itakaescolapios-peque.png\",\"width\":500,\"height\":199,\"caption\":\"Fundaci\u00f3 Itaka-Escolapios\"},\"image\":{\"@id\":\"https:\\\/\\\/www.itakaescolapios.org\\\/eu\\\/es\\\/#\\\/schema\\\/logo\\\/image\\\/\"}},{\"@type\":\"Person\",\"@id\":\"https:\\\/\\\/www.itakaescolapios.org\\\/es\\\/#\\\/schema\\\/person\\\/ab0993cd608ccb55ef100715f05010e1\",\"name\":\"gasteiz01\",\"url\":\"https:\\\/\\\/www.itakaescolapios.org\\\/eu\\\/author\\\/gasteiz01\\\/\"}]}<\/script>\n<!-- \/ Yoast SEO plugin. -->","yoast_head_json":{"title":"Inician los campamentos de Verano","description":"Como todos los a\u00f1os por estas fechas comienzan los campamentos de verano para los grupos de Vitoria (kaskondoak y oinarinak). Seguro que ser\u00e1n unos d\u00edas especiales para pasarlo bien, aprender y compartir experiencias juntos, y junto a Jes\u00fas.","robots":{"index":"index","follow":"follow","max-snippet":"max-snippet:-1","max-image-preview":"max-image-preview:large","max-video-preview":"max-video-preview:-1"},"canonical":"Como todos los a\u00f1os por estas fechas comienzan los campamentos de verano para los grupos de Vitoria (kaskondoak y oinarinak). Seguro que ser\u00e1n unos d\u00edas especiales para pasarlo bien, aprender y compartir experiencias juntos, y junto a Jes\u00fas.","og_locale":"en_US","og_type":"article","og_title":"Inician los campamentos de Verano","og_description":"Como todos los a\u00f1os por estas fechas comienzan los campamentos de verano para los grupos de Vitoria (kaskondoak y oinarinak). Seguro que ser\u00e1n unos d\u00edas especiales para pasarlo bien, aprender y compartir experiencias juntos, y junto a Jes\u00fas.","og_url":"https:\/\/www.itakaescolapios.org\/eu\/2013\/07\/inician-los-campamentos-de-verano\/","og_site_name":"Itaka-Escolapios","article_published_time":"2013-07-22T11:34:49+00:00","article_modified_time":"2023-11-28T11:39:18+00:00","og_image":[{"width":800,"height":600,"url":"https:\/\/www.itakaescolapios.org\/wp-content\/uploads\/2013\/07\/IMG-20130722-WA0003.jpg","type":"image\/jpeg"}],"author":"gasteiz01","twitter_card":"summary_large_image","twitter_misc":{"Written by":"gasteiz01"},"schema":{"@context":"https:\/\/schema.org","@graph":[{"@type":"Article","@id":"https:\/\/www.itakaescolapios.org\/eu\/2013\/07\/inician-los-campamentos-de-verano\/#article","isPartOf":{"@id":"https:\/\/www.itakaescolapios.org\/eu\/2013\/07\/inician-los-campamentos-de-verano\/"},"author":{"name":"gasteiz01","@id":"https:\/\/www.itakaescolapios.org\/es\/#\/schema\/person\/ab0993cd608ccb55ef100715f05010e1"},"headline":"Inician los campamentos de Verano","datePublished":"2013-07-22T11:34:49+00:00","dateModified":"2023-11-28T11:39:18+00:00","mainEntityOfPage":{"@id":"https:\/\/www.itakaescolapios.org\/eu\/2013\/07\/inician-los-campamentos-de-verano\/"},"wordCount":47,"publisher":{"@id":"https:\/\/www.itakaescolapios.org\/es\/#organization"},"image":{"@id":"https:\/\/www.itakaescolapios.org\/eu\/2013\/07\/inician-los-campamentos-de-verano\/#primaryimage"},"thumbnailUrl":"https:\/\/www.itakaescolapios.org\/wp-content\/uploads\/2013\/07\/IMG-20130722-WA0003.jpg","articleSection":["Vitoria-Gasteiz"],"inLanguage":"eu"},{"@type":"WebPage","@id":"https:\/\/www.itakaescolapios.org\/eu\/2013\/07\/inician-los-campamentos-de-verano\/","url":"https:\/\/www.itakaescolapios.org\/eu\/2013\/07\/inician-los-campamentos-de-verano\/","name":"Inician los campamentos de Verano - Itaka-Escolapios","isPartOf":{"@id":"https:\/\/www.itakaescolapios.org\/es\/#website"},"primaryImageOfPage":{"@id":"https:\/\/www.itakaescolapios.org\/eu\/2013\/07\/inician-los-campamentos-de-verano\/#primaryimage"},"image":{"@id":"https:\/\/www.itakaescolapios.org\/eu\/2013\/07\/inician-los-campamentos-de-verano\/#primaryimage"},"thumbnailUrl":"https:\/\/www.itakaescolapios.org\/wp-content\/uploads\/2013\/07\/IMG-20130722-WA0003.jpg","datePublished":"2013-07-22T11:34:49+00:00","dateModified":"2023-11-28T11:39:18+00:00","breadcrumb":{"@id":"https:\/\/www.itakaescolapios.org\/eu\/2013\/07\/inician-los-campamentos-de-verano\/#breadcrumb"},"inLanguage":"eu","potentialAction":[{"@type":"ReadAction","target":["https:\/\/www.itakaescolapios.org\/eu\/2013\/07\/inician-los-campamentos-de-verano\/"]}]},{"@type":"ImageObject","inLanguage":"eu","@id":"https:\/\/www.itakaescolapios.org\/eu\/2013\/07\/inician-los-campamentos-de-verano\/#primaryimage","url":"https:\/\/www.itakaescolapios.org\/wp-content\/uploads\/2013\/07\/IMG-20130722-WA0003.jpg","contentUrl":"https:\/\/www.itakaescolapios.org\/wp-content\/uploads\/2013\/07\/IMG-20130722-WA0003.jpg","width":"800","height":"600"},{"@type":"BreadcrumbList","@id":"https:\/\/www.itakaescolapios.org\/eu\/2013\/07\/inician-los-campamentos-de-verano\/#breadcrumb","itemListElement":[{"@type":"ListItem","position":1,"name":"Itaka-Escolapios","item":"https:\/\/www.itakaescolapios.org\/es\/"},{"@type":"ListItem","position":2,"name":"Inician los campamentos de Verano"}]},{"@type":"WebSite","@id":"https:\/\/www.itakaescolapios.org\/eu\/es\/#website","url":"https:\/\/www.itakaescolapios.org\/eu\/es\/","name":"Itaka-Escolapios","description":"Red de Itaka-Escolapios","publisher":{"@id":"https:\/\/www.itakaescolapios.org\/eu\/es\/#organization"},"potentialAction":[{"@type":"SearchAction","target":{"@type":"EntryPoint","urlTemplate":"https:\/\/www.itakaescolapios.org\/eu\/es\/?s={search_term_string}"},"query-input":{"@type":"PropertyValueSpecification","valueRequired":true,"valueName":"search_term_string"}}],"inLanguage":"eu"},{"@type":"Organization","@id":"https:\/\/www.itakaescolapios.org\/eu\/es\/#organization","name":"Fundaci\u00f3 Itaka-Escolapios","url":"https:\/\/www.itakaescolapios.org\/eu\/es\/","logo":{"@type":"ImageObject","inLanguage":"eu","@id":"https:\/\/www.itakaescolapios.org\/eu\/es\/#\/schema\/logo\/image\/","url":"https:\/\/www.itakaescolapios.org\/wp-content\/uploads\/2024\/04\/Logo-itakaescolapios-peque.png","contentUrl":"https:\/\/www.itakaescolapios.org\/wp-content\/uploads\/2024\/04\/Logo-itakaescolapios-peque.png","width":500,"height":199,"caption":"Fundaci\u00f3 Itaka-Escolapios"},"image":{"@id":"https:\/\/www.itakaescolapios.org\/eu\/es\/#\/schema\/logo\/image\/"}},{"@type":"Person","@id":"https:\/\/www.itakaescolapios.org\/es\/#\/schema\/person\/ab0993cd608ccb55ef100715f05010e1","name":"gasteiz01","url":"https:\/\/www.itakaescolapios.org\/eu\/author\/gasteiz01\/"}]}},"_links":{"self":[{"href":"https:\/\/www.itakaescolapios.org\/eu\/wp-json\/wp\/v2\/posts\/7044","targetHints":{"allow":["GET"]}}],"collection":[{"href":"https:\/\/www.itakaescolapios.org\/eu\/wp-json\/wp\/v2\/posts"}],"about":[{"href":"https:\/\/www.itakaescolapios.org\/eu\/wp-json\/wp\/v2\/types\/post"}],"author":[{"embeddable":true,"href":"https:\/\/www.itakaescolapios.org\/eu\/wp-json\/wp\/v2\/users\/41"}],"replies":[{"embeddable":true,"href":"https:\/\/www.itakaescolapios.org\/eu\/wp-json\/wp\/v2\/comments?post=7044"}],"version-history":[{"count":10,"href":"https:\/\/www.itakaescolapios.org\/eu\/wp-json\/wp\/v2\/posts\/7044\/revisions"}],"predecessor-version":[{"id":49482,"href":"https:\/\/www.itakaescolapios.org\/eu\/wp-json\/wp\/v2\/posts\/7044\/revisions\/49482"}],"wp:featuredmedia":[{"embeddable":true,"href":"https:\/\/www.itakaescolapios.org\/eu\/wp-json\/wp\/v2\/media\/7046"}],"wp:attachment":[{"href":"https:\/\/www.itakaescolapios.org\/eu\/wp-json\/wp\/v2\/media?parent=7044"}],"wp:term":[{"taxonomy":"category","embeddable":true,"href":"https:\/\/www.itakaescolapios.org\/eu\/wp-json\/wp\/v2\/categories?post=7044"},{"taxonomy":"post_tag","embeddable":true,"href":"https:\/\/www.itakaescolapios.org\/eu\/wp-json\/wp\/v2\/tags?post=7044"}],"curies":[{"name":"wp","href":"https:\/\/api.w.org\/{rel}","templated":true}]}}