{"id":8997,"date":"2014-03-12T18:59:55","date_gmt":"2014-03-12T17:59:55","guid":{"rendered":"https:\/\/www.itakaescolapios.org\/?p=8997"},"modified":"2023-11-28T12:39:05","modified_gmt":"2023-11-28T11:39:05","slug":"primer-encuentro-de-los-voluntarios-escolapios-de-africa-central","status":"publish","type":"post","link":"https:\/\/www.itakaescolapios.org\/eu\/2014\/03\/primer-encuentro-de-los-voluntarios-escolapios-de-africa-central\/","title":{"rendered":"PRIMER ENCUENTRO DE LOS VOLUNTARIOS ESCOLAPIOS DE AFRICA CENTRAL"},"content":{"rendered":"<p>Del 25 hasta el 27 de abril pr\u00f3ximo tendr\u00e1 lugar el primer encuentro general de los voluntarios escolapios de la\u00a0 Provincia Escolapia de Africa Central.<\/p>\n<p>La sesi\u00f3n tendr\u00e1 lugar en Bamenda donde no existe todav\u00eda un grupo de voluntarios Escolapio pero donde tenemos la intenci\u00f3n de crear un grupo en el futuro pr\u00f3ximo. La sesi\u00f3n servir\u00e1 as\u00ed de primera sensibilizaci\u00f3n.<br \/>\nLos participantes vendr\u00e1n de grupos de voluntarios Escolapios ya existentes y en curso de creaci\u00f3n particularmente de Yaund\u00e9, Bafia, Bandjoun, Kumbo, Bata, Akurenam y Libreville.<\/p>\n<p>Alrededor del tema de la sesi\u00f3n que ser\u00e1 &#8221; sobre los pasos de Calazanz &#8221; gravitar\u00e1n varios subtemas.<\/p>\n<p>Esta sesi\u00f3n seguir\u00e1 otras sesiones que han tenido lugar durante este curso. Es el caso del que le reuni\u00f3 a los voluntarios escolapios de Bafia del 1 \u00a0hasta el 2 de marzo de 2014 y los de Bandjoun y de Yaund\u00e9 del 28 de febrero hasta el 02 de marzo de 2014 en Bamendjou.<\/p>\n<p>Juntemos nuestros esfuerzos para el \u00e9xito de este acontecimiento.<\/p>\n","protected":false},"excerpt":{"rendered":"<p>Del 25 hasta el 27 de abril pr\u00f3ximo tendr\u00e1 lugar el primer encuentro general de los voluntarios escolapios de la\u00a0 Provincia Escolapia de Africa Central. La sesi\u00f3n tendr\u00e1 lugar en [&hellip;]<\/p>\n","protected":false},"author":15,"featured_media":9007,"comment_status":"closed","ping_status":"closed","sticky":false,"template":"","format":"standard","meta":{"_et_pb_use_builder":"","_et_pb_old_content":"","_et_gb_content_width":"","footnotes":""},"categories":[10],"tags":[],"class_list":["post-8997","post","type-post","status-publish","format-standard","has-post-thumbnail","hentry","category-camerun"],"yoast_head":"<!-- This site is optimized with the Yoast SEO plugin v27.4 - https:\/\/yoast.com\/product\/yoast-seo-wordpress\/ -->\n<title>PRIMER ENCUENTRO DE LOS VOLUNTARIOS ESCOLAPIOS DE AFRICA CENTRAL<\/title>\n<meta name=\"description\" content=\"Del 25 hasta el 27 de abril pr\u00f3ximo tendr\u00e1 lugar el primer encuentro general de los voluntarios escolapios de la\u00a0 Provincia Escolapia de Africa Central. La sesi\u00f3n tendr\u00e1 lugar en Bamenda donde no existe todav\u00eda un grupo de voluntarios Escolapio pero donde tenemos la intenci\u00f3n de crear un grupo en el futuro pr\u00f3ximo. La sesi\u00f3n&hellip;\" \/>\n<meta name=\"robots\" content=\"index, follow, max-snippet:-1, max-image-preview:large, max-video-preview:-1\" \/>\n<link rel=\"canonical\" href=\"http:\/\/Del%2025%20hasta%20el%2027%20de%20abril%20pr\u00f3ximo%20tendr\u00e1%20lugar%20el%20primer%20encuentro%20general%20de%20los%20voluntarios%20escolapios%20de%20la\u00a0%20Provincia%20Escolapia%20de%20Africa%20Central.%20La%20sesi\u00f3n%20tendr\u00e1%20lugar%20en%20Bamenda%20donde%20no%20existe%20todav\u00eda%20un%20grupo%20de%20voluntarios%20Escolapio%20pero%20donde%20tenemos%20la%20intenci\u00f3n%20de%20crear%20un%20grupo%20en%20el%20futuro%20pr\u00f3ximo.%20La%20sesi\u00f3n&hellip;\" \/>\n<meta property=\"og:locale\" content=\"en_US\" \/>\n<meta property=\"og:type\" content=\"article\" \/>\n<meta property=\"og:title\" content=\"PRIMER ENCUENTRO DE LOS VOLUNTARIOS ESCOLAPIOS DE AFRICA CENTRAL\" \/>\n<meta property=\"og:description\" content=\"Del 25 hasta el 27 de abril pr\u00f3ximo tendr\u00e1 lugar el primer encuentro general de los voluntarios escolapios de la\u00a0 Provincia Escolapia de Africa Central. La sesi\u00f3n tendr\u00e1 lugar en Bamenda donde no existe todav\u00eda un grupo de voluntarios Escolapio pero donde tenemos la intenci\u00f3n de crear un grupo en el futuro pr\u00f3ximo. La sesi\u00f3n&hellip;\" \/>\n<meta property=\"og:url\" content=\"https:\/\/www.itakaescolapios.org\/eu\/2014\/03\/primer-encuentro-de-los-voluntarios-escolapios-de-africa-central\/\" \/>\n<meta property=\"og:site_name\" content=\"Itaka-Escolapios\" \/>\n<meta property=\"article:published_time\" content=\"2014-03-12T17:59:55+00:00\" \/>\n<meta property=\"article:modified_time\" content=\"2023-11-28T11:39:05+00:00\" \/>\n<meta property=\"og:image\" content=\"https:\/\/www.itakaescolapios.org\/wp-content\/uploads\/2014\/03\/untitled.png\" \/>\n\t<meta property=\"og:image:width\" content=\"277\" \/>\n\t<meta property=\"og:image:height\" content=\"400\" \/>\n\t<meta property=\"og:image:type\" content=\"image\/png\" \/>\n<meta name=\"author\" content=\"cameroun01\" \/>\n<meta name=\"twitter:card\" content=\"summary_large_image\" \/>\n<meta name=\"twitter:label1\" content=\"Written by\" \/>\n\t<meta name=\"twitter:data1\" content=\"cameroun01\" \/>\n\t<meta name=\"twitter:label2\" content=\"Est. reading time\" \/>\n\t<meta name=\"twitter:data2\" content=\"1 minutua\" \/>\n<script type=\"application\/ld+json\" class=\"yoast-schema-graph\">{\"@context\":\"https:\\\/\\\/schema.org\",\"@graph\":[{\"@type\":\"Article\",\"@id\":\"https:\\\/\\\/www.itakaescolapios.org\\\/eu\\\/2014\\\/03\\\/primer-encuentro-de-los-voluntarios-escolapios-de-africa-central\\\/#article\",\"isPartOf\":{\"@id\":\"https:\\\/\\\/www.itakaescolapios.org\\\/eu\\\/2014\\\/03\\\/primer-encuentro-de-los-voluntarios-escolapios-de-africa-central\\\/\"},\"author\":{\"name\":\"cameroun01\",\"@id\":\"https:\\\/\\\/www.itakaescolapios.org\\\/es\\\/#\\\/schema\\\/person\\\/d2844383e29bfdfef69039672ce14eb1\"},\"headline\":\"PRIMER ENCUENTRO DE LOS VOLUNTARIOS ESCOLAPIOS DE AFRICA CENTRAL\",\"datePublished\":\"2014-03-12T17:59:55+00:00\",\"dateModified\":\"2023-11-28T11:39:05+00:00\",\"mainEntityOfPage\":{\"@id\":\"https:\\\/\\\/www.itakaescolapios.org\\\/eu\\\/2014\\\/03\\\/primer-encuentro-de-los-voluntarios-escolapios-de-africa-central\\\/\"},\"wordCount\":177,\"publisher\":{\"@id\":\"https:\\\/\\\/www.itakaescolapios.org\\\/es\\\/#organization\"},\"image\":{\"@id\":\"https:\\\/\\\/www.itakaescolapios.org\\\/eu\\\/2014\\\/03\\\/primer-encuentro-de-los-voluntarios-escolapios-de-africa-central\\\/#primaryimage\"},\"thumbnailUrl\":\"https:\\\/\\\/www.itakaescolapios.org\\\/wp-content\\\/uploads\\\/2014\\\/03\\\/untitled.png\",\"articleSection\":[\"Kamerun\"],\"inLanguage\":\"eu\"},{\"@type\":\"WebPage\",\"@id\":\"https:\\\/\\\/www.itakaescolapios.org\\\/eu\\\/2014\\\/03\\\/primer-encuentro-de-los-voluntarios-escolapios-de-africa-central\\\/\",\"url\":\"https:\\\/\\\/www.itakaescolapios.org\\\/eu\\\/2014\\\/03\\\/primer-encuentro-de-los-voluntarios-escolapios-de-africa-central\\\/\",\"name\":\"PRIMER ENCUENTRO DE LOS VOLUNTARIOS ESCOLAPIOS DE AFRICA CENTRAL - Itaka-Escolapios\",\"isPartOf\":{\"@id\":\"https:\\\/\\\/www.itakaescolapios.org\\\/es\\\/#website\"},\"primaryImageOfPage\":{\"@id\":\"https:\\\/\\\/www.itakaescolapios.org\\\/eu\\\/2014\\\/03\\\/primer-encuentro-de-los-voluntarios-escolapios-de-africa-central\\\/#primaryimage\"},\"image\":{\"@id\":\"https:\\\/\\\/www.itakaescolapios.org\\\/eu\\\/2014\\\/03\\\/primer-encuentro-de-los-voluntarios-escolapios-de-africa-central\\\/#primaryimage\"},\"thumbnailUrl\":\"https:\\\/\\\/www.itakaescolapios.org\\\/wp-content\\\/uploads\\\/2014\\\/03\\\/untitled.png\",\"datePublished\":\"2014-03-12T17:59:55+00:00\",\"dateModified\":\"2023-11-28T11:39:05+00:00\",\"breadcrumb\":{\"@id\":\"https:\\\/\\\/www.itakaescolapios.org\\\/eu\\\/2014\\\/03\\\/primer-encuentro-de-los-voluntarios-escolapios-de-africa-central\\\/#breadcrumb\"},\"inLanguage\":\"eu\",\"potentialAction\":[{\"@type\":\"ReadAction\",\"target\":[\"https:\\\/\\\/www.itakaescolapios.org\\\/eu\\\/2014\\\/03\\\/primer-encuentro-de-los-voluntarios-escolapios-de-africa-central\\\/\"]}]},{\"@type\":\"ImageObject\",\"inLanguage\":\"eu\",\"@id\":\"https:\\\/\\\/www.itakaescolapios.org\\\/eu\\\/2014\\\/03\\\/primer-encuentro-de-los-voluntarios-escolapios-de-africa-central\\\/#primaryimage\",\"url\":\"https:\\\/\\\/www.itakaescolapios.org\\\/wp-content\\\/uploads\\\/2014\\\/03\\\/untitled.png\",\"contentUrl\":\"https:\\\/\\\/www.itakaescolapios.org\\\/wp-content\\\/uploads\\\/2014\\\/03\\\/untitled.png\",\"width\":277,\"height\":400},{\"@type\":\"BreadcrumbList\",\"@id\":\"https:\\\/\\\/www.itakaescolapios.org\\\/eu\\\/2014\\\/03\\\/primer-encuentro-de-los-voluntarios-escolapios-de-africa-central\\\/#breadcrumb\",\"itemListElement\":[{\"@type\":\"ListItem\",\"position\":1,\"name\":\"Itaka-Escolapios\",\"item\":\"https:\\\/\\\/www.itakaescolapios.org\\\/es\\\/\"},{\"@type\":\"ListItem\",\"position\":2,\"name\":\"PRIMER ENCUENTRO DE LOS VOLUNTARIOS ESCOLAPIOS DE AFRICA CENTRAL\"}]},{\"@type\":\"WebSite\",\"@id\":\"https:\\\/\\\/www.itakaescolapios.org\\\/eu\\\/es\\\/#website\",\"url\":\"https:\\\/\\\/www.itakaescolapios.org\\\/eu\\\/es\\\/\",\"name\":\"Itaka-Escolapios\",\"description\":\"Red de Itaka-Escolapios\",\"publisher\":{\"@id\":\"https:\\\/\\\/www.itakaescolapios.org\\\/eu\\\/es\\\/#organization\"},\"potentialAction\":[{\"@type\":\"SearchAction\",\"target\":{\"@type\":\"EntryPoint\",\"urlTemplate\":\"https:\\\/\\\/www.itakaescolapios.org\\\/eu\\\/es\\\/?s={search_term_string}\"},\"query-input\":{\"@type\":\"PropertyValueSpecification\",\"valueRequired\":true,\"valueName\":\"search_term_string\"}}],\"inLanguage\":\"eu\"},{\"@type\":\"Organization\",\"@id\":\"https:\\\/\\\/www.itakaescolapios.org\\\/eu\\\/es\\\/#organization\",\"name\":\"Fundaci\u00f3 Itaka-Escolapios\",\"url\":\"https:\\\/\\\/www.itakaescolapios.org\\\/eu\\\/es\\\/\",\"logo\":{\"@type\":\"ImageObject\",\"inLanguage\":\"eu\",\"@id\":\"https:\\\/\\\/www.itakaescolapios.org\\\/eu\\\/es\\\/#\\\/schema\\\/logo\\\/image\\\/\",\"url\":\"https:\\\/\\\/www.itakaescolapios.org\\\/wp-content\\\/uploads\\\/2024\\\/04\\\/Logo-itakaescolapios-peque.png\",\"contentUrl\":\"https:\\\/\\\/www.itakaescolapios.org\\\/wp-content\\\/uploads\\\/2024\\\/04\\\/Logo-itakaescolapios-peque.png\",\"width\":500,\"height\":199,\"caption\":\"Fundaci\u00f3 Itaka-Escolapios\"},\"image\":{\"@id\":\"https:\\\/\\\/www.itakaescolapios.org\\\/eu\\\/es\\\/#\\\/schema\\\/logo\\\/image\\\/\"}},{\"@type\":\"Person\",\"@id\":\"https:\\\/\\\/www.itakaescolapios.org\\\/es\\\/#\\\/schema\\\/person\\\/d2844383e29bfdfef69039672ce14eb1\",\"name\":\"cameroun01\",\"url\":\"https:\\\/\\\/www.itakaescolapios.org\\\/eu\\\/author\\\/cameroun01\\\/\"}]}<\/script>\n<!-- \/ Yoast SEO plugin. -->","yoast_head_json":{"title":"PRIMER ENCUENTRO DE LOS VOLUNTARIOS ESCOLAPIOS DE AFRICA CENTRAL","description":"Del 25 hasta el 27 de abril pr\u00f3ximo tendr\u00e1 lugar el primer encuentro general de los voluntarios escolapios de la\u00a0 Provincia Escolapia de Africa Central. La sesi\u00f3n tendr\u00e1 lugar en Bamenda donde no existe todav\u00eda un grupo de voluntarios Escolapio pero donde tenemos la intenci\u00f3n de crear un grupo en el futuro pr\u00f3ximo. La sesi\u00f3n&hellip;","robots":{"index":"index","follow":"follow","max-snippet":"max-snippet:-1","max-image-preview":"max-image-preview:large","max-video-preview":"max-video-preview:-1"},"canonical":"Del 25 hasta el 27 de abril pr\u00f3ximo tendr\u00e1 lugar el primer encuentro general de los voluntarios escolapios de la\u00a0 Provincia Escolapia de Africa Central. La sesi\u00f3n tendr\u00e1 lugar en Bamenda donde no existe todav\u00eda un grupo de voluntarios Escolapio pero donde tenemos la intenci\u00f3n de crear un grupo en el futuro pr\u00f3ximo. La sesi\u00f3n&hellip;","og_locale":"en_US","og_type":"article","og_title":"PRIMER ENCUENTRO DE LOS VOLUNTARIOS ESCOLAPIOS DE AFRICA CENTRAL","og_description":"Del 25 hasta el 27 de abril pr\u00f3ximo tendr\u00e1 lugar el primer encuentro general de los voluntarios escolapios de la\u00a0 Provincia Escolapia de Africa Central. La sesi\u00f3n tendr\u00e1 lugar en Bamenda donde no existe todav\u00eda un grupo de voluntarios Escolapio pero donde tenemos la intenci\u00f3n de crear un grupo en el futuro pr\u00f3ximo. La sesi\u00f3n&hellip;","og_url":"https:\/\/www.itakaescolapios.org\/eu\/2014\/03\/primer-encuentro-de-los-voluntarios-escolapios-de-africa-central\/","og_site_name":"Itaka-Escolapios","article_published_time":"2014-03-12T17:59:55+00:00","article_modified_time":"2023-11-28T11:39:05+00:00","og_image":[{"width":277,"height":400,"url":"https:\/\/www.itakaescolapios.org\/wp-content\/uploads\/2014\/03\/untitled.png","type":"image\/png"}],"author":"cameroun01","twitter_card":"summary_large_image","twitter_misc":{"Written by":"cameroun01","Est. reading time":"1 minutua"},"schema":{"@context":"https:\/\/schema.org","@graph":[{"@type":"Article","@id":"https:\/\/www.itakaescolapios.org\/eu\/2014\/03\/primer-encuentro-de-los-voluntarios-escolapios-de-africa-central\/#article","isPartOf":{"@id":"https:\/\/www.itakaescolapios.org\/eu\/2014\/03\/primer-encuentro-de-los-voluntarios-escolapios-de-africa-central\/"},"author":{"name":"cameroun01","@id":"https:\/\/www.itakaescolapios.org\/es\/#\/schema\/person\/d2844383e29bfdfef69039672ce14eb1"},"headline":"PRIMER ENCUENTRO DE LOS VOLUNTARIOS ESCOLAPIOS DE AFRICA CENTRAL","datePublished":"2014-03-12T17:59:55+00:00","dateModified":"2023-11-28T11:39:05+00:00","mainEntityOfPage":{"@id":"https:\/\/www.itakaescolapios.org\/eu\/2014\/03\/primer-encuentro-de-los-voluntarios-escolapios-de-africa-central\/"},"wordCount":177,"publisher":{"@id":"https:\/\/www.itakaescolapios.org\/es\/#organization"},"image":{"@id":"https:\/\/www.itakaescolapios.org\/eu\/2014\/03\/primer-encuentro-de-los-voluntarios-escolapios-de-africa-central\/#primaryimage"},"thumbnailUrl":"https:\/\/www.itakaescolapios.org\/wp-content\/uploads\/2014\/03\/untitled.png","articleSection":["Kamerun"],"inLanguage":"eu"},{"@type":"WebPage","@id":"https:\/\/www.itakaescolapios.org\/eu\/2014\/03\/primer-encuentro-de-los-voluntarios-escolapios-de-africa-central\/","url":"https:\/\/www.itakaescolapios.org\/eu\/2014\/03\/primer-encuentro-de-los-voluntarios-escolapios-de-africa-central\/","name":"PRIMER ENCUENTRO DE LOS VOLUNTARIOS ESCOLAPIOS DE AFRICA CENTRAL - Itaka-Escolapios","isPartOf":{"@id":"https:\/\/www.itakaescolapios.org\/es\/#website"},"primaryImageOfPage":{"@id":"https:\/\/www.itakaescolapios.org\/eu\/2014\/03\/primer-encuentro-de-los-voluntarios-escolapios-de-africa-central\/#primaryimage"},"image":{"@id":"https:\/\/www.itakaescolapios.org\/eu\/2014\/03\/primer-encuentro-de-los-voluntarios-escolapios-de-africa-central\/#primaryimage"},"thumbnailUrl":"https:\/\/www.itakaescolapios.org\/wp-content\/uploads\/2014\/03\/untitled.png","datePublished":"2014-03-12T17:59:55+00:00","dateModified":"2023-11-28T11:39:05+00:00","breadcrumb":{"@id":"https:\/\/www.itakaescolapios.org\/eu\/2014\/03\/primer-encuentro-de-los-voluntarios-escolapios-de-africa-central\/#breadcrumb"},"inLanguage":"eu","potentialAction":[{"@type":"ReadAction","target":["https:\/\/www.itakaescolapios.org\/eu\/2014\/03\/primer-encuentro-de-los-voluntarios-escolapios-de-africa-central\/"]}]},{"@type":"ImageObject","inLanguage":"eu","@id":"https:\/\/www.itakaescolapios.org\/eu\/2014\/03\/primer-encuentro-de-los-voluntarios-escolapios-de-africa-central\/#primaryimage","url":"https:\/\/www.itakaescolapios.org\/wp-content\/uploads\/2014\/03\/untitled.png","contentUrl":"https:\/\/www.itakaescolapios.org\/wp-content\/uploads\/2014\/03\/untitled.png","width":277,"height":400},{"@type":"BreadcrumbList","@id":"https:\/\/www.itakaescolapios.org\/eu\/2014\/03\/primer-encuentro-de-los-voluntarios-escolapios-de-africa-central\/#breadcrumb","itemListElement":[{"@type":"ListItem","position":1,"name":"Itaka-Escolapios","item":"https:\/\/www.itakaescolapios.org\/es\/"},{"@type":"ListItem","position":2,"name":"PRIMER ENCUENTRO DE LOS VOLUNTARIOS ESCOLAPIOS DE AFRICA CENTRAL"}]},{"@type":"WebSite","@id":"https:\/\/www.itakaescolapios.org\/eu\/es\/#website","url":"https:\/\/www.itakaescolapios.org\/eu\/es\/","name":"Itaka-Escolapios","description":"Red de Itaka-Escolapios","publisher":{"@id":"https:\/\/www.itakaescolapios.org\/eu\/es\/#organization"},"potentialAction":[{"@type":"SearchAction","target":{"@type":"EntryPoint","urlTemplate":"https:\/\/www.itakaescolapios.org\/eu\/es\/?s={search_term_string}"},"query-input":{"@type":"PropertyValueSpecification","valueRequired":true,"valueName":"search_term_string"}}],"inLanguage":"eu"},{"@type":"Organization","@id":"https:\/\/www.itakaescolapios.org\/eu\/es\/#organization","name":"Fundaci\u00f3 Itaka-Escolapios","url":"https:\/\/www.itakaescolapios.org\/eu\/es\/","logo":{"@type":"ImageObject","inLanguage":"eu","@id":"https:\/\/www.itakaescolapios.org\/eu\/es\/#\/schema\/logo\/image\/","url":"https:\/\/www.itakaescolapios.org\/wp-content\/uploads\/2024\/04\/Logo-itakaescolapios-peque.png","contentUrl":"https:\/\/www.itakaescolapios.org\/wp-content\/uploads\/2024\/04\/Logo-itakaescolapios-peque.png","width":500,"height":199,"caption":"Fundaci\u00f3 Itaka-Escolapios"},"image":{"@id":"https:\/\/www.itakaescolapios.org\/eu\/es\/#\/schema\/logo\/image\/"}},{"@type":"Person","@id":"https:\/\/www.itakaescolapios.org\/es\/#\/schema\/person\/d2844383e29bfdfef69039672ce14eb1","name":"cameroun01","url":"https:\/\/www.itakaescolapios.org\/eu\/author\/cameroun01\/"}]}},"_links":{"self":[{"href":"https:\/\/www.itakaescolapios.org\/eu\/wp-json\/wp\/v2\/posts\/8997","targetHints":{"allow":["GET"]}}],"collection":[{"href":"https:\/\/www.itakaescolapios.org\/eu\/wp-json\/wp\/v2\/posts"}],"about":[{"href":"https:\/\/www.itakaescolapios.org\/eu\/wp-json\/wp\/v2\/types\/post"}],"author":[{"embeddable":true,"href":"https:\/\/www.itakaescolapios.org\/eu\/wp-json\/wp\/v2\/users\/15"}],"replies":[{"embeddable":true,"href":"https:\/\/www.itakaescolapios.org\/eu\/wp-json\/wp\/v2\/comments?post=8997"}],"version-history":[{"count":4,"href":"https:\/\/www.itakaescolapios.org\/eu\/wp-json\/wp\/v2\/posts\/8997\/revisions"}],"predecessor-version":[{"id":49108,"href":"https:\/\/www.itakaescolapios.org\/eu\/wp-json\/wp\/v2\/posts\/8997\/revisions\/49108"}],"wp:featuredmedia":[{"embeddable":true,"href":"https:\/\/www.itakaescolapios.org\/eu\/wp-json\/wp\/v2\/media\/9007"}],"wp:attachment":[{"href":"https:\/\/www.itakaescolapios.org\/eu\/wp-json\/wp\/v2\/media?parent=8997"}],"wp:term":[{"taxonomy":"category","embeddable":true,"href":"https:\/\/www.itakaescolapios.org\/eu\/wp-json\/wp\/v2\/categories?post=8997"},{"taxonomy":"post_tag","embeddable":true,"href":"https:\/\/www.itakaescolapios.org\/eu\/wp-json\/wp\/v2\/tags?post=8997"}],"curies":[{"name":"wp","href":"https:\/\/api.w.org\/{rel}","templated":true}]}}