{"id":13102,"date":"2015-09-22T08:24:57","date_gmt":"2015-09-22T07:24:57","guid":{"rendered":"https:\/\/www.itakaescolapios.org\/?p=13102"},"modified":"2023-11-28T12:38:38","modified_gmt":"2023-11-28T11:38:38","slug":"celebracion-del-paso-en-vitoria","status":"publish","type":"post","link":"https:\/\/www.itakaescolapios.org\/fr\/2015\/09\/celebracion-del-paso-en-vitoria\/","title":{"rendered":"Celebraci\u00f3n del paso en Vitoria"},"content":{"rendered":"<p>Este fin de semana los grupos del Movimiento Calasanz de Vitoria-Gasteiz hemos celebrado el Paso en nuestro albergue de Barria. Como suele ser habitual la tarde del s\u00e1bado estuvo llena de diversi\u00f3n y juegos de la mano de diferentes personajes del mundo Disney, en especial de Monstruos SA. A la noche lleg\u00f3 el momento de la Eucarist\u00eda y del Paso, momento de conocer a los\/as monitores\/as para este curso. El domingo fue d\u00eda de juntarse por grupos, pasear o jugar (dependiendo de la edad) y hablar sobre todas las aventuras y\u00a0actividades apasionantes que nos esperan en este curso.<\/p>\n<p>Os mantendremos informados\/as!!<\/p>\n","protected":false},"excerpt":{"rendered":"<p>Este fin de semana los grupos del Movimiento Calasanz de Vitoria-Gasteiz hemos celebrado el Paso en nuestro albergue de Barria. Como suele ser habitual la tarde del s\u00e1bado estuvo llena [&hellip;]<\/p>\n","protected":false},"author":41,"featured_media":13103,"comment_status":"closed","ping_status":"closed","sticky":false,"template":"","format":"standard","meta":{"_et_pb_use_builder":"","_et_pb_old_content":"","_et_gb_content_width":"","footnotes":""},"categories":[13],"tags":[],"class_list":["post-13102","post","type-post","status-publish","format-standard","has-post-thumbnail","hentry","category-vitoria"],"yoast_head":"<!-- This site is optimized with the Yoast SEO plugin v27.4 - https:\/\/yoast.com\/product\/yoast-seo-wordpress\/ -->\n<title>Celebraci\u00f3n del paso en Vitoria<\/title>\n<meta name=\"description\" content=\"Este fin de semana los grupos del Movimiento Calasanz de Vitoria-Gasteiz hemos celebrado el Paso en nuestro albergue de Barria. Como suele ser habitual la tarde del s\u00e1bado estuvo llena de diversi\u00f3n y juegos de la mano de diferentes personajes del mundo Disney, en especial de Monstruos SA. A la noche lleg\u00f3 el momento de\u2026\" \/>\n<meta name=\"robots\" content=\"index, follow, max-snippet:-1, max-image-preview:large, max-video-preview:-1\" \/>\n<link rel=\"canonical\" href=\"http:\/\/Este%20fin%20de%20semana%20los%20grupos%20del%20Movimiento%20Calasanz%20de%20Vitoria-Gasteiz%20hemos%20celebrado%20el%20Paso%20en%20nuestro%20albergue%20de%20Barria.%20Como%20suele%20ser%20habitual%20la%20tarde%20del%20s\u00e1bado%20estuvo%20llena%20de%20diversi\u00f3n%20y%20juegos%20de%20la%20mano%20de%20diferentes%20personajes%20del%20mundo%20Disney,%20en%20especial%20de%20Monstruos%20SA.%20A%20la%20noche%20lleg\u00f3%20el%20momento%20de\u2026\" \/>\n<meta property=\"og:locale\" content=\"fr_FR\" \/>\n<meta property=\"og:type\" content=\"article\" \/>\n<meta property=\"og:title\" content=\"Celebraci\u00f3n del paso en Vitoria\" \/>\n<meta property=\"og:description\" content=\"Este fin de semana los grupos del Movimiento Calasanz de Vitoria-Gasteiz hemos celebrado el Paso en nuestro albergue de Barria. Como suele ser habitual la tarde del s\u00e1bado estuvo llena de diversi\u00f3n y juegos de la mano de diferentes personajes del mundo Disney, en especial de Monstruos SA. A la noche lleg\u00f3 el momento de\u2026\" \/>\n<meta property=\"og:url\" content=\"https:\/\/www.itakaescolapios.org\/fr\/2015\/09\/celebracion-del-paso-en-vitoria\/\" \/>\n<meta property=\"og:site_name\" content=\"Itaka-Escolapios\" \/>\n<meta property=\"article:published_time\" content=\"2015-09-22T07:24:57+00:00\" \/>\n<meta property=\"article:modified_time\" content=\"2023-11-28T11:38:38+00:00\" \/>\n<meta property=\"og:image\" content=\"https:\/\/www.itakaescolapios.org\/wp-content\/uploads\/2015\/09\/1-IMG_5118.jpg\" \/>\n\t<meta property=\"og:image:width\" content=\"1024\" \/>\n\t<meta property=\"og:image:height\" content=\"682\" \/>\n\t<meta property=\"og:image:type\" content=\"image\/jpeg\" \/>\n<meta name=\"author\" content=\"gasteiz01\" \/>\n<meta name=\"twitter:card\" content=\"summary_large_image\" \/>\n<meta name=\"twitter:label1\" content=\"\u00c9crit par\" \/>\n\t<meta name=\"twitter:data1\" content=\"gasteiz01\" \/>\n\t<meta name=\"twitter:label2\" content=\"Dur\u00e9e de lecture estim\u00e9e\" \/>\n\t<meta name=\"twitter:data2\" content=\"1 minute\" \/>\n<script type=\"application\/ld+json\" class=\"yoast-schema-graph\">{\"@context\":\"https:\\\/\\\/schema.org\",\"@graph\":[{\"@type\":\"Article\",\"@id\":\"https:\\\/\\\/www.itakaescolapios.org\\\/fr\\\/2015\\\/09\\\/celebracion-del-paso-en-vitoria\\\/#article\",\"isPartOf\":{\"@id\":\"https:\\\/\\\/www.itakaescolapios.org\\\/fr\\\/2015\\\/09\\\/celebracion-del-paso-en-vitoria\\\/\"},\"author\":{\"name\":\"gasteiz01\",\"@id\":\"https:\\\/\\\/www.itakaescolapios.org\\\/es\\\/#\\\/schema\\\/person\\\/ab0993cd608ccb55ef100715f05010e1\"},\"headline\":\"Celebraci\u00f3n del paso en Vitoria\",\"datePublished\":\"2015-09-22T07:24:57+00:00\",\"dateModified\":\"2023-11-28T11:38:38+00:00\",\"mainEntityOfPage\":{\"@id\":\"https:\\\/\\\/www.itakaescolapios.org\\\/fr\\\/2015\\\/09\\\/celebracion-del-paso-en-vitoria\\\/\"},\"wordCount\":115,\"publisher\":{\"@id\":\"https:\\\/\\\/www.itakaescolapios.org\\\/es\\\/#organization\"},\"image\":{\"@id\":\"https:\\\/\\\/www.itakaescolapios.org\\\/fr\\\/2015\\\/09\\\/celebracion-del-paso-en-vitoria\\\/#primaryimage\"},\"thumbnailUrl\":\"https:\\\/\\\/www.itakaescolapios.org\\\/wp-content\\\/uploads\\\/2015\\\/09\\\/1-IMG_5118.jpg\",\"articleSection\":[\"Vitoria-Gasteiz\"],\"inLanguage\":\"fr-FR\"},{\"@type\":\"WebPage\",\"@id\":\"https:\\\/\\\/www.itakaescolapios.org\\\/fr\\\/2015\\\/09\\\/celebracion-del-paso-en-vitoria\\\/\",\"url\":\"https:\\\/\\\/www.itakaescolapios.org\\\/fr\\\/2015\\\/09\\\/celebracion-del-paso-en-vitoria\\\/\",\"name\":\"Celebraci\u00f3n del paso en Vitoria - Itaka-Escolapios\",\"isPartOf\":{\"@id\":\"https:\\\/\\\/www.itakaescolapios.org\\\/es\\\/#website\"},\"primaryImageOfPage\":{\"@id\":\"https:\\\/\\\/www.itakaescolapios.org\\\/fr\\\/2015\\\/09\\\/celebracion-del-paso-en-vitoria\\\/#primaryimage\"},\"image\":{\"@id\":\"https:\\\/\\\/www.itakaescolapios.org\\\/fr\\\/2015\\\/09\\\/celebracion-del-paso-en-vitoria\\\/#primaryimage\"},\"thumbnailUrl\":\"https:\\\/\\\/www.itakaescolapios.org\\\/wp-content\\\/uploads\\\/2015\\\/09\\\/1-IMG_5118.jpg\",\"datePublished\":\"2015-09-22T07:24:57+00:00\",\"dateModified\":\"2023-11-28T11:38:38+00:00\",\"breadcrumb\":{\"@id\":\"https:\\\/\\\/www.itakaescolapios.org\\\/fr\\\/2015\\\/09\\\/celebracion-del-paso-en-vitoria\\\/#breadcrumb\"},\"inLanguage\":\"fr-FR\",\"potentialAction\":[{\"@type\":\"ReadAction\",\"target\":[\"https:\\\/\\\/www.itakaescolapios.org\\\/fr\\\/2015\\\/09\\\/celebracion-del-paso-en-vitoria\\\/\"]}]},{\"@type\":\"ImageObject\",\"inLanguage\":\"fr-FR\",\"@id\":\"https:\\\/\\\/www.itakaescolapios.org\\\/fr\\\/2015\\\/09\\\/celebracion-del-paso-en-vitoria\\\/#primaryimage\",\"url\":\"https:\\\/\\\/www.itakaescolapios.org\\\/wp-content\\\/uploads\\\/2015\\\/09\\\/1-IMG_5118.jpg\",\"contentUrl\":\"https:\\\/\\\/www.itakaescolapios.org\\\/wp-content\\\/uploads\\\/2015\\\/09\\\/1-IMG_5118.jpg\",\"width\":1024,\"height\":682},{\"@type\":\"BreadcrumbList\",\"@id\":\"https:\\\/\\\/www.itakaescolapios.org\\\/fr\\\/2015\\\/09\\\/celebracion-del-paso-en-vitoria\\\/#breadcrumb\",\"itemListElement\":[{\"@type\":\"ListItem\",\"position\":1,\"name\":\"Itaka-Escolapios\",\"item\":\"https:\\\/\\\/www.itakaescolapios.org\\\/es\\\/\"},{\"@type\":\"ListItem\",\"position\":2,\"name\":\"Celebraci\u00f3n del paso en Vitoria\"}]},{\"@type\":\"WebSite\",\"@id\":\"https:\\\/\\\/www.itakaescolapios.org\\\/fr\\\/es\\\/#website\",\"url\":\"https:\\\/\\\/www.itakaescolapios.org\\\/fr\\\/es\\\/\",\"name\":\"Itaka-Escolapios\",\"description\":\"Red de Itaka-Escolapios\",\"publisher\":{\"@id\":\"https:\\\/\\\/www.itakaescolapios.org\\\/fr\\\/es\\\/#organization\"},\"potentialAction\":[{\"@type\":\"SearchAction\",\"target\":{\"@type\":\"EntryPoint\",\"urlTemplate\":\"https:\\\/\\\/www.itakaescolapios.org\\\/fr\\\/es\\\/?s={search_term_string}\"},\"query-input\":{\"@type\":\"PropertyValueSpecification\",\"valueRequired\":true,\"valueName\":\"search_term_string\"}}],\"inLanguage\":\"fr-FR\"},{\"@type\":\"Organization\",\"@id\":\"https:\\\/\\\/www.itakaescolapios.org\\\/fr\\\/es\\\/#organization\",\"name\":\"Fundaci\u00f3 Itaka-Escolapios\",\"url\":\"https:\\\/\\\/www.itakaescolapios.org\\\/fr\\\/es\\\/\",\"logo\":{\"@type\":\"ImageObject\",\"inLanguage\":\"fr-FR\",\"@id\":\"https:\\\/\\\/www.itakaescolapios.org\\\/fr\\\/es\\\/#\\\/schema\\\/logo\\\/image\\\/\",\"url\":\"https:\\\/\\\/www.itakaescolapios.org\\\/wp-content\\\/uploads\\\/2024\\\/04\\\/Logo-itakaescolapios-peque.png\",\"contentUrl\":\"https:\\\/\\\/www.itakaescolapios.org\\\/wp-content\\\/uploads\\\/2024\\\/04\\\/Logo-itakaescolapios-peque.png\",\"width\":500,\"height\":199,\"caption\":\"Fundaci\u00f3 Itaka-Escolapios\"},\"image\":{\"@id\":\"https:\\\/\\\/www.itakaescolapios.org\\\/fr\\\/es\\\/#\\\/schema\\\/logo\\\/image\\\/\"}},{\"@type\":\"Person\",\"@id\":\"https:\\\/\\\/www.itakaescolapios.org\\\/es\\\/#\\\/schema\\\/person\\\/ab0993cd608ccb55ef100715f05010e1\",\"name\":\"gasteiz01\",\"url\":\"https:\\\/\\\/www.itakaescolapios.org\\\/fr\\\/author\\\/gasteiz01\\\/\"}]}<\/script>\n<!-- \/ Yoast SEO plugin. -->","yoast_head_json":{"title":"Celebraci\u00f3n del paso en Vitoria","description":"Este fin de semana los grupos del Movimiento Calasanz de Vitoria-Gasteiz hemos celebrado el Paso en nuestro albergue de Barria. Como suele ser habitual la tarde del s\u00e1bado estuvo llena de diversi\u00f3n y juegos de la mano de diferentes personajes del mundo Disney, en especial de Monstruos SA. A la noche lleg\u00f3 el momento de\u2026","robots":{"index":"index","follow":"follow","max-snippet":"max-snippet:-1","max-image-preview":"max-image-preview:large","max-video-preview":"max-video-preview:-1"},"canonical":"Este fin de semana los grupos del Movimiento Calasanz de Vitoria-Gasteiz hemos celebrado el Paso en nuestro albergue de Barria. Como suele ser habitual la tarde del s\u00e1bado estuvo llena de diversi\u00f3n y juegos de la mano de diferentes personajes del mundo Disney, en especial de Monstruos SA. A la noche lleg\u00f3 el momento de\u2026","og_locale":"fr_FR","og_type":"article","og_title":"Celebraci\u00f3n del paso en Vitoria","og_description":"Este fin de semana los grupos del Movimiento Calasanz de Vitoria-Gasteiz hemos celebrado el Paso en nuestro albergue de Barria. Como suele ser habitual la tarde del s\u00e1bado estuvo llena de diversi\u00f3n y juegos de la mano de diferentes personajes del mundo Disney, en especial de Monstruos SA. A la noche lleg\u00f3 el momento de\u2026","og_url":"https:\/\/www.itakaescolapios.org\/fr\/2015\/09\/celebracion-del-paso-en-vitoria\/","og_site_name":"Itaka-Escolapios","article_published_time":"2015-09-22T07:24:57+00:00","article_modified_time":"2023-11-28T11:38:38+00:00","og_image":[{"width":1024,"height":682,"url":"https:\/\/www.itakaescolapios.org\/wp-content\/uploads\/2015\/09\/1-IMG_5118.jpg","type":"image\/jpeg"}],"author":"gasteiz01","twitter_card":"summary_large_image","twitter_misc":{"\u00c9crit par":"gasteiz01","Dur\u00e9e de lecture estim\u00e9e":"1 minute"},"schema":{"@context":"https:\/\/schema.org","@graph":[{"@type":"Article","@id":"https:\/\/www.itakaescolapios.org\/fr\/2015\/09\/celebracion-del-paso-en-vitoria\/#article","isPartOf":{"@id":"https:\/\/www.itakaescolapios.org\/fr\/2015\/09\/celebracion-del-paso-en-vitoria\/"},"author":{"name":"gasteiz01","@id":"https:\/\/www.itakaescolapios.org\/es\/#\/schema\/person\/ab0993cd608ccb55ef100715f05010e1"},"headline":"Celebraci\u00f3n del paso en Vitoria","datePublished":"2015-09-22T07:24:57+00:00","dateModified":"2023-11-28T11:38:38+00:00","mainEntityOfPage":{"@id":"https:\/\/www.itakaescolapios.org\/fr\/2015\/09\/celebracion-del-paso-en-vitoria\/"},"wordCount":115,"publisher":{"@id":"https:\/\/www.itakaescolapios.org\/es\/#organization"},"image":{"@id":"https:\/\/www.itakaescolapios.org\/fr\/2015\/09\/celebracion-del-paso-en-vitoria\/#primaryimage"},"thumbnailUrl":"https:\/\/www.itakaescolapios.org\/wp-content\/uploads\/2015\/09\/1-IMG_5118.jpg","articleSection":["Vitoria-Gasteiz"],"inLanguage":"fr-FR"},{"@type":"WebPage","@id":"https:\/\/www.itakaescolapios.org\/fr\/2015\/09\/celebracion-del-paso-en-vitoria\/","url":"https:\/\/www.itakaescolapios.org\/fr\/2015\/09\/celebracion-del-paso-en-vitoria\/","name":"Celebraci\u00f3n del paso en Vitoria - Itaka-Escolapios","isPartOf":{"@id":"https:\/\/www.itakaescolapios.org\/es\/#website"},"primaryImageOfPage":{"@id":"https:\/\/www.itakaescolapios.org\/fr\/2015\/09\/celebracion-del-paso-en-vitoria\/#primaryimage"},"image":{"@id":"https:\/\/www.itakaescolapios.org\/fr\/2015\/09\/celebracion-del-paso-en-vitoria\/#primaryimage"},"thumbnailUrl":"https:\/\/www.itakaescolapios.org\/wp-content\/uploads\/2015\/09\/1-IMG_5118.jpg","datePublished":"2015-09-22T07:24:57+00:00","dateModified":"2023-11-28T11:38:38+00:00","breadcrumb":{"@id":"https:\/\/www.itakaescolapios.org\/fr\/2015\/09\/celebracion-del-paso-en-vitoria\/#breadcrumb"},"inLanguage":"fr-FR","potentialAction":[{"@type":"ReadAction","target":["https:\/\/www.itakaescolapios.org\/fr\/2015\/09\/celebracion-del-paso-en-vitoria\/"]}]},{"@type":"ImageObject","inLanguage":"fr-FR","@id":"https:\/\/www.itakaescolapios.org\/fr\/2015\/09\/celebracion-del-paso-en-vitoria\/#primaryimage","url":"https:\/\/www.itakaescolapios.org\/wp-content\/uploads\/2015\/09\/1-IMG_5118.jpg","contentUrl":"https:\/\/www.itakaescolapios.org\/wp-content\/uploads\/2015\/09\/1-IMG_5118.jpg","width":1024,"height":682},{"@type":"BreadcrumbList","@id":"https:\/\/www.itakaescolapios.org\/fr\/2015\/09\/celebracion-del-paso-en-vitoria\/#breadcrumb","itemListElement":[{"@type":"ListItem","position":1,"name":"Itaka-Escolapios","item":"https:\/\/www.itakaescolapios.org\/es\/"},{"@type":"ListItem","position":2,"name":"Celebraci\u00f3n del paso en Vitoria"}]},{"@type":"WebSite","@id":"https:\/\/www.itakaescolapios.org\/fr\/es\/#website","url":"https:\/\/www.itakaescolapios.org\/fr\/es\/","name":"Itaka-Escolapios","description":"Red de Itaka-Escolapios","publisher":{"@id":"https:\/\/www.itakaescolapios.org\/fr\/es\/#organization"},"potentialAction":[{"@type":"SearchAction","target":{"@type":"EntryPoint","urlTemplate":"https:\/\/www.itakaescolapios.org\/fr\/es\/?s={search_term_string}"},"query-input":{"@type":"PropertyValueSpecification","valueRequired":true,"valueName":"search_term_string"}}],"inLanguage":"fr-FR"},{"@type":"Organization","@id":"https:\/\/www.itakaescolapios.org\/fr\/es\/#organization","name":"Fundaci\u00f3 Itaka-Escolapios","url":"https:\/\/www.itakaescolapios.org\/fr\/es\/","logo":{"@type":"ImageObject","inLanguage":"fr-FR","@id":"https:\/\/www.itakaescolapios.org\/fr\/es\/#\/schema\/logo\/image\/","url":"https:\/\/www.itakaescolapios.org\/wp-content\/uploads\/2024\/04\/Logo-itakaescolapios-peque.png","contentUrl":"https:\/\/www.itakaescolapios.org\/wp-content\/uploads\/2024\/04\/Logo-itakaescolapios-peque.png","width":500,"height":199,"caption":"Fundaci\u00f3 Itaka-Escolapios"},"image":{"@id":"https:\/\/www.itakaescolapios.org\/fr\/es\/#\/schema\/logo\/image\/"}},{"@type":"Person","@id":"https:\/\/www.itakaescolapios.org\/es\/#\/schema\/person\/ab0993cd608ccb55ef100715f05010e1","name":"gasteiz01","url":"https:\/\/www.itakaescolapios.org\/fr\/author\/gasteiz01\/"}]}},"_links":{"self":[{"href":"https:\/\/www.itakaescolapios.org\/fr\/wp-json\/wp\/v2\/posts\/13102","targetHints":{"allow":["GET"]}}],"collection":[{"href":"https:\/\/www.itakaescolapios.org\/fr\/wp-json\/wp\/v2\/posts"}],"about":[{"href":"https:\/\/www.itakaescolapios.org\/fr\/wp-json\/wp\/v2\/types\/post"}],"author":[{"embeddable":true,"href":"https:\/\/www.itakaescolapios.org\/fr\/wp-json\/wp\/v2\/users\/41"}],"replies":[{"embeddable":true,"href":"https:\/\/www.itakaescolapios.org\/fr\/wp-json\/wp\/v2\/comments?post=13102"}],"version-history":[{"count":1,"href":"https:\/\/www.itakaescolapios.org\/fr\/wp-json\/wp\/v2\/posts\/13102\/revisions"}],"predecessor-version":[{"id":13104,"href":"https:\/\/www.itakaescolapios.org\/fr\/wp-json\/wp\/v2\/posts\/13102\/revisions\/13104"}],"wp:featuredmedia":[{"embeddable":true,"href":"https:\/\/www.itakaescolapios.org\/fr\/wp-json\/wp\/v2\/media\/13103"}],"wp:attachment":[{"href":"https:\/\/www.itakaescolapios.org\/fr\/wp-json\/wp\/v2\/media?parent=13102"}],"wp:term":[{"taxonomy":"category","embeddable":true,"href":"https:\/\/www.itakaescolapios.org\/fr\/wp-json\/wp\/v2\/categories?post=13102"},{"taxonomy":"post_tag","embeddable":true,"href":"https:\/\/www.itakaescolapios.org\/fr\/wp-json\/wp\/v2\/tags?post=13102"}],"curies":[{"name":"wp","href":"https:\/\/api.w.org\/{rel}","templated":true}]}}