{"id":13111,"date":"2015-09-24T10:57:38","date_gmt":"2015-09-24T09:57:38","guid":{"rendered":"https:\/\/www.itakaescolapios.org\/?p=13111"},"modified":"2023-11-28T12:38:37","modified_gmt":"2023-11-28T11:38:37","slug":"itaka-escolapios-presenta-sus-proyectos-en-solidariun","status":"publish","type":"post","link":"https:\/\/www.itakaescolapios.org\/fr\/2015\/09\/itaka-escolapios-presenta-sus-proyectos-en-solidariun\/","title":{"rendered":"Itaka-Escolapios presenta sus proyectos en SolidariUN"},"content":{"rendered":"<p>El mi\u00e9rcoles 23 de septiembre nos hicimos presentes en la jornada dedicada a la solidaridad, organizada por el banco de tiempo solidario Tantaka, en la Universidad de Navarra. \u00a0 \u00a0 \u00a0 \u00a0 \u00a0 \u00a0 \u00a0 \u00a0 \u00a0 \u00a0 \u00a0 \u00a0 \u00a0 \u00a0 \u00a0 \u00a0 \u00a0 \u00a0 \u00a0 \u00a0 \u00a0 \u00a0 \u00a0 \u00a0 \u00a0 \u00a0 \u00a0 \u00a0 \u00a0 \u00a0 \u00a0 \u00a0 \u00a0 \u00a0 \u00a0 \u00a0 \u00a0 \u00a0 \u00a0 \u00a0 \u00a0 \u00a0 \u00a0 \u00a0 \u00a0 \u00a0 \u00a0 \u00a0 \u00a0 \u00a0 \u00a0 \u00a0 \u00a0 \u00a0 \u00a0 \u00a0\u00a0Durante toda la ma\u00f1ana algunos \u00a0voluntarios y voluntarias de Itaka-Escolapios que estudian en las universidades de Pamplona-Iru\u00f1a \u00a0informaron a los asistentes en nuestro stand. Por all\u00ed pasaron a lo largo de la ma\u00f1ana muchos estudiantes de la universidad. \u00a0 \u00a0 \u00a0 \u00a0 \u00a0 \u00a0 \u00a0 \u00a0 \u00a0 \u00a0 \u00a0 \u00a0 \u00a0 \u00a0 \u00a0 \u00a0 \u00a0 \u00a0 \u00a0 \u00a0 \u00a0 \u00a0 \u00a0 \u00a0 \u00a0 \u00a0 \u00a0 \u00a0 \u00a0 \u00a0 \u00a0 \u00a0 \u00a0 \u00a0 \u00a0 \u00a0 \u00a0 \u00a0 \u00a0 \u00a0 \u00a0 \u00a0 \u00a0 \u00a0 \u00a0 \u00a0 \u00a0 \u00a0 \u00a0 \u00a0 \u00a0 \u00a0 \u00a0 \u00a0 \u00a0 \u00a0 \u00a0 \u00a0 \u00a0 \u00a0 \u00a0 \u00a0 \u00a0 \u00a0 \u00a0 \u00a0 \u00a0 \u00a0 \u00a0 \u00a0 \u00a0 \u00a0 \u00a0 \u00a0 \u00a0 \u00a0 \u00a0 \u00a0 \u00a0 \u00a0 \u00a0 \u00a0 \u00a0 \u00a0 \u00a0 \u00a0 \u00a0 \u00a0 \u00a0 \u00a0 \u00a0 \u00a0 \u00a0 \u00a0 \u00a0 \u00a0 \u00a0 \u00a0 \u00a0 \u00a0 \u00a0 \u00a0 \u00a0 \u00a0 \u00a0 \u00a0 \u00a0 \u00a0 \u00a0 \u00a0 \u00a0 \u00a0 \u00a0 \u00a0 \u00a0 \u00a0 \u00a0 \u00a0 \u00a0 \u00a0 \u00a0 \u00a0 \u00a0 Hemos querido sobre todo convocar voluntarios para el apoyo escolar de Ikaskide. A lo largo de este inicio de curso continuaremos con la convocatoria de voluntarios tambi\u00e9n en la Universidad P\u00fablica de Navarra y en la UNED. \u00a0 \u00a0 \u00a0 \u00a0 \u00a0 \u00a0 \u00a0 \u00a0 \u00a0 \u00a0 \u00a0 \u00a0 \u00a0 \u00a0 \u00a0 \u00a0 \u00a0 \u00a0 \u00a0 \u00a0 \u00a0 \u00a0 \u00a0 \u00a0 \u00a0 \u00a0 \u00a0 \u00a0 \u00a0 \u00a0 \u00a0 \u00a0 \u00a0 \u00a0 \u00a0 \u00a0 \u00a0 \u00a0 \u00a0 \u00a0 \u00a0 \u00a0 \u00a0 \u00a0 \u00a0 \u00a0 \u00a0 \u00a0 \u00a0 \u00a0 \u00a0 \u00a0 \u00a0 \u00a0 \u00a0 \u00a0 \u00a0 \u00a0 \u00a0 \u00a0 \u00a0 \u00a0 \u00a0 \u00a0 \u00a0 \u00a0 \u00a0 \u00a0 \u00a0 \u00a0 \u00a0 \u00a0 \u00a0 \u00a0 \u00a0 \u00a0 \u00a0 \u00a0 \u00a0 \u00a0 \u00a0 \u00a0 \u00a0 \u00a0 \u00a0 \u00a0 \u00a0 \u00a0 \u00a0 \u00a0 \u00a0 \u00a0 \u00a0 \u00a0 \u00a0 \u00a0 \u00a0 \u00a0 \u00a0 \u00a0 \u00a0 \u00a0 \u00a1An\u00edmate! Ponte en contacto con Ikaskide (ikaskide@itakaescolapios.org; tel\u00e9fono 948 20 38 91). \u00a0Tu colaboraci\u00f3n tambi\u00e9n es importante.<\/p>\n","protected":false},"excerpt":{"rendered":"<p>El mi\u00e9rcoles 23 de septiembre nos hicimos presentes en la jornada dedicada a la solidaridad, organizada por el banco de tiempo solidario Tantaka, en la Universidad de Navarra. \u00a0 \u00a0 [&hellip;]<\/p>\n","protected":false},"author":29,"featured_media":13112,"comment_status":"closed","ping_status":"closed","sticky":false,"template":"","format":"standard","meta":{"_et_pb_use_builder":"","_et_pb_old_content":"","_et_gb_content_width":"","footnotes":""},"categories":[20],"tags":[111,178,71,142],"class_list":["post-13111","post","type-post","status-publish","format-standard","has-post-thumbnail","hentry","category-pamplona-iruna","tag-accion-social","tag-centros-socioeducativos","tag-ikaskide","tag-voluntariado"],"yoast_head":"<!-- This site is optimized with the Yoast SEO plugin v27.4 - https:\/\/yoast.com\/product\/yoast-seo-wordpress\/ -->\n<title>Itaka-Escolapios presenta sus proyectos en SolidariUN<\/title>\n<meta name=\"description\" content=\"El mi\u00e9rcoles 23 de septiembre nos hicimos presentes en la jornada dedicada a la solidaridad, organizada por el banco de tiempo solidario Tantaka, en la Universidad de Navarra. \u00a0 \u00a0 \u00a0 \u00a0 \u00a0 \u00a0 \u00a0 \u00a0 \u00a0 \u00a0 \u00a0 \u00a0 \u00a0 \u00a0 \u00a0 \u00a0 \u00a0 \u00a0 \u00a0 \u00a0 \u00a0 \u00a0 \u00a0 \u00a0 \u00a0 \u00a0 \u00a0\u2026\" \/>\n<meta name=\"robots\" content=\"index, follow, max-snippet:-1, max-image-preview:large, max-video-preview:-1\" \/>\n<link rel=\"canonical\" href=\"http:\/\/El%20mi\u00e9rcoles%2023%20de%20septiembre%20nos%20hicimos%20presentes%20en%20la%20jornada%20dedicada%20a%20la%20solidaridad,%20organizada%20por%20el%20banco%20de%20tiempo%20solidario%20Tantaka,%20en%20la%20Universidad%20de%20Navarra.%20\u00a0%20\u00a0%20\u00a0%20\u00a0%20\u00a0%20\u00a0%20\u00a0%20\u00a0%20\u00a0%20\u00a0%20\u00a0%20\u00a0%20\u00a0%20\u00a0%20\u00a0%20\u00a0%20\u00a0%20\u00a0%20\u00a0%20\u00a0%20\u00a0%20\u00a0%20\u00a0%20\u00a0%20\u00a0%20\u00a0%20\u00a0\u2026\" \/>\n<meta property=\"og:locale\" content=\"fr_FR\" \/>\n<meta property=\"og:type\" content=\"article\" \/>\n<meta property=\"og:title\" content=\"Itaka-Escolapios presenta sus proyectos en SolidariUN\" \/>\n<meta property=\"og:description\" content=\"El mi\u00e9rcoles 23 de septiembre nos hicimos presentes en la jornada dedicada a la solidaridad, organizada por el banco de tiempo solidario Tantaka, en la Universidad de Navarra. \u00a0 \u00a0 \u00a0 \u00a0 \u00a0 \u00a0 \u00a0 \u00a0 \u00a0 \u00a0 \u00a0 \u00a0 \u00a0 \u00a0 \u00a0 \u00a0 \u00a0 \u00a0 \u00a0 \u00a0 \u00a0 \u00a0 \u00a0 \u00a0 \u00a0 \u00a0 \u00a0\u2026\" \/>\n<meta property=\"og:url\" content=\"https:\/\/www.itakaescolapios.org\/fr\/2015\/09\/itaka-escolapios-presenta-sus-proyectos-en-solidariun\/\" \/>\n<meta property=\"og:site_name\" content=\"Itaka-Escolapios\" \/>\n<meta property=\"article:published_time\" content=\"2015-09-24T09:57:38+00:00\" \/>\n<meta property=\"article:modified_time\" content=\"2023-11-28T11:38:37+00:00\" \/>\n<meta property=\"og:image\" content=\"https:\/\/www.itakaescolapios.org\/wp-content\/uploads\/2015\/09\/stand-ikaskide.jpg\" \/>\n\t<meta property=\"og:image:width\" content=\"1552\" \/>\n\t<meta property=\"og:image:height\" content=\"873\" \/>\n\t<meta property=\"og:image:type\" content=\"image\/jpeg\" \/>\n<meta name=\"author\" content=\"pamplona01\" \/>\n<meta name=\"twitter:card\" content=\"summary_large_image\" \/>\n<meta name=\"twitter:label1\" content=\"\u00c9crit par\" \/>\n\t<meta name=\"twitter:data1\" content=\"pamplona01\" \/>\n\t<meta name=\"twitter:label2\" content=\"Dur\u00e9e de lecture estim\u00e9e\" \/>\n\t<meta name=\"twitter:data2\" content=\"1 minute\" \/>\n<script type=\"application\/ld+json\" class=\"yoast-schema-graph\">{\"@context\":\"https:\\\/\\\/schema.org\",\"@graph\":[{\"@type\":\"Article\",\"@id\":\"https:\\\/\\\/www.itakaescolapios.org\\\/fr\\\/2015\\\/09\\\/itaka-escolapios-presenta-sus-proyectos-en-solidariun\\\/#article\",\"isPartOf\":{\"@id\":\"https:\\\/\\\/www.itakaescolapios.org\\\/fr\\\/2015\\\/09\\\/itaka-escolapios-presenta-sus-proyectos-en-solidariun\\\/\"},\"author\":{\"name\":\"pamplona01\",\"@id\":\"https:\\\/\\\/www.itakaescolapios.org\\\/es\\\/#\\\/schema\\\/person\\\/a44de70f9a43a90c3e0f59aaaffd61f3\"},\"headline\":\"Itaka-Escolapios presenta sus proyectos en SolidariUN\",\"datePublished\":\"2015-09-24T09:57:38+00:00\",\"dateModified\":\"2023-11-28T11:38:37+00:00\",\"mainEntityOfPage\":{\"@id\":\"https:\\\/\\\/www.itakaescolapios.org\\\/fr\\\/2015\\\/09\\\/itaka-escolapios-presenta-sus-proyectos-en-solidariun\\\/\"},\"wordCount\":133,\"publisher\":{\"@id\":\"https:\\\/\\\/www.itakaescolapios.org\\\/es\\\/#organization\"},\"image\":{\"@id\":\"https:\\\/\\\/www.itakaescolapios.org\\\/fr\\\/2015\\\/09\\\/itaka-escolapios-presenta-sus-proyectos-en-solidariun\\\/#primaryimage\"},\"thumbnailUrl\":\"https:\\\/\\\/www.itakaescolapios.org\\\/wp-content\\\/uploads\\\/2015\\\/09\\\/stand-ikaskide.jpg\",\"keywords\":[\"Acci\u00f3n Social\",\"centros socioeducativos\",\"ikaskide\",\"voluntariado\"],\"articleSection\":[\"Pamplona-Iru\u00f1a\"],\"inLanguage\":\"fr-FR\"},{\"@type\":\"WebPage\",\"@id\":\"https:\\\/\\\/www.itakaescolapios.org\\\/fr\\\/2015\\\/09\\\/itaka-escolapios-presenta-sus-proyectos-en-solidariun\\\/\",\"url\":\"https:\\\/\\\/www.itakaescolapios.org\\\/fr\\\/2015\\\/09\\\/itaka-escolapios-presenta-sus-proyectos-en-solidariun\\\/\",\"name\":\"Itaka-Escolapios presenta sus proyectos en SolidariUN - Itaka-Escolapios\",\"isPartOf\":{\"@id\":\"https:\\\/\\\/www.itakaescolapios.org\\\/es\\\/#website\"},\"primaryImageOfPage\":{\"@id\":\"https:\\\/\\\/www.itakaescolapios.org\\\/fr\\\/2015\\\/09\\\/itaka-escolapios-presenta-sus-proyectos-en-solidariun\\\/#primaryimage\"},\"image\":{\"@id\":\"https:\\\/\\\/www.itakaescolapios.org\\\/fr\\\/2015\\\/09\\\/itaka-escolapios-presenta-sus-proyectos-en-solidariun\\\/#primaryimage\"},\"thumbnailUrl\":\"https:\\\/\\\/www.itakaescolapios.org\\\/wp-content\\\/uploads\\\/2015\\\/09\\\/stand-ikaskide.jpg\",\"datePublished\":\"2015-09-24T09:57:38+00:00\",\"dateModified\":\"2023-11-28T11:38:37+00:00\",\"breadcrumb\":{\"@id\":\"https:\\\/\\\/www.itakaescolapios.org\\\/fr\\\/2015\\\/09\\\/itaka-escolapios-presenta-sus-proyectos-en-solidariun\\\/#breadcrumb\"},\"inLanguage\":\"fr-FR\",\"potentialAction\":[{\"@type\":\"ReadAction\",\"target\":[\"https:\\\/\\\/www.itakaescolapios.org\\\/fr\\\/2015\\\/09\\\/itaka-escolapios-presenta-sus-proyectos-en-solidariun\\\/\"]}]},{\"@type\":\"ImageObject\",\"inLanguage\":\"fr-FR\",\"@id\":\"https:\\\/\\\/www.itakaescolapios.org\\\/fr\\\/2015\\\/09\\\/itaka-escolapios-presenta-sus-proyectos-en-solidariun\\\/#primaryimage\",\"url\":\"https:\\\/\\\/www.itakaescolapios.org\\\/wp-content\\\/uploads\\\/2015\\\/09\\\/stand-ikaskide.jpg\",\"contentUrl\":\"https:\\\/\\\/www.itakaescolapios.org\\\/wp-content\\\/uploads\\\/2015\\\/09\\\/stand-ikaskide.jpg\",\"width\":1552,\"height\":873},{\"@type\":\"BreadcrumbList\",\"@id\":\"https:\\\/\\\/www.itakaescolapios.org\\\/fr\\\/2015\\\/09\\\/itaka-escolapios-presenta-sus-proyectos-en-solidariun\\\/#breadcrumb\",\"itemListElement\":[{\"@type\":\"ListItem\",\"position\":1,\"name\":\"Itaka-Escolapios\",\"item\":\"https:\\\/\\\/www.itakaescolapios.org\\\/es\\\/\"},{\"@type\":\"ListItem\",\"position\":2,\"name\":\"Itaka-Escolapios presenta sus proyectos en SolidariUN\"}]},{\"@type\":\"WebSite\",\"@id\":\"https:\\\/\\\/www.itakaescolapios.org\\\/fr\\\/es\\\/#website\",\"url\":\"https:\\\/\\\/www.itakaescolapios.org\\\/fr\\\/es\\\/\",\"name\":\"Itaka-Escolapios\",\"description\":\"Red de Itaka-Escolapios\",\"publisher\":{\"@id\":\"https:\\\/\\\/www.itakaescolapios.org\\\/fr\\\/es\\\/#organization\"},\"potentialAction\":[{\"@type\":\"SearchAction\",\"target\":{\"@type\":\"EntryPoint\",\"urlTemplate\":\"https:\\\/\\\/www.itakaescolapios.org\\\/fr\\\/es\\\/?s={search_term_string}\"},\"query-input\":{\"@type\":\"PropertyValueSpecification\",\"valueRequired\":true,\"valueName\":\"search_term_string\"}}],\"inLanguage\":\"fr-FR\"},{\"@type\":\"Organization\",\"@id\":\"https:\\\/\\\/www.itakaescolapios.org\\\/fr\\\/es\\\/#organization\",\"name\":\"Fundaci\u00f3 Itaka-Escolapios\",\"url\":\"https:\\\/\\\/www.itakaescolapios.org\\\/fr\\\/es\\\/\",\"logo\":{\"@type\":\"ImageObject\",\"inLanguage\":\"fr-FR\",\"@id\":\"https:\\\/\\\/www.itakaescolapios.org\\\/fr\\\/es\\\/#\\\/schema\\\/logo\\\/image\\\/\",\"url\":\"https:\\\/\\\/www.itakaescolapios.org\\\/wp-content\\\/uploads\\\/2024\\\/04\\\/Logo-itakaescolapios-peque.png\",\"contentUrl\":\"https:\\\/\\\/www.itakaescolapios.org\\\/wp-content\\\/uploads\\\/2024\\\/04\\\/Logo-itakaescolapios-peque.png\",\"width\":500,\"height\":199,\"caption\":\"Fundaci\u00f3 Itaka-Escolapios\"},\"image\":{\"@id\":\"https:\\\/\\\/www.itakaescolapios.org\\\/fr\\\/es\\\/#\\\/schema\\\/logo\\\/image\\\/\"}},{\"@type\":\"Person\",\"@id\":\"https:\\\/\\\/www.itakaescolapios.org\\\/es\\\/#\\\/schema\\\/person\\\/a44de70f9a43a90c3e0f59aaaffd61f3\",\"name\":\"pamplona01\",\"url\":\"https:\\\/\\\/www.itakaescolapios.org\\\/fr\\\/author\\\/pamplona01\\\/\"}]}<\/script>\n<!-- \/ Yoast SEO plugin. -->","yoast_head_json":{"title":"Itaka-Escolapios presenta sus proyectos en SolidariUN","description":"El mi\u00e9rcoles 23 de septiembre nos hicimos presentes en la jornada dedicada a la solidaridad, organizada por el banco de tiempo solidario Tantaka, en la Universidad de Navarra. \u00a0 \u00a0 \u00a0 \u00a0 \u00a0 \u00a0 \u00a0 \u00a0 \u00a0 \u00a0 \u00a0 \u00a0 \u00a0 \u00a0 \u00a0 \u00a0 \u00a0 \u00a0 \u00a0 \u00a0 \u00a0 \u00a0 \u00a0 \u00a0 \u00a0 \u00a0 \u00a0\u2026","robots":{"index":"index","follow":"follow","max-snippet":"max-snippet:-1","max-image-preview":"max-image-preview:large","max-video-preview":"max-video-preview:-1"},"canonical":"El mi\u00e9rcoles 23 de septiembre nos hicimos presentes en la jornada dedicada a la solidaridad, organizada por el banco de tiempo solidario Tantaka, en la Universidad de Navarra. \u00a0 \u00a0 \u00a0 \u00a0 \u00a0 \u00a0 \u00a0 \u00a0 \u00a0 \u00a0 \u00a0 \u00a0 \u00a0 \u00a0 \u00a0 \u00a0 \u00a0 \u00a0 \u00a0 \u00a0 \u00a0 \u00a0 \u00a0 \u00a0 \u00a0 \u00a0 \u00a0\u2026","og_locale":"fr_FR","og_type":"article","og_title":"Itaka-Escolapios presenta sus proyectos en SolidariUN","og_description":"El mi\u00e9rcoles 23 de septiembre nos hicimos presentes en la jornada dedicada a la solidaridad, organizada por el banco de tiempo solidario Tantaka, en la Universidad de Navarra. \u00a0 \u00a0 \u00a0 \u00a0 \u00a0 \u00a0 \u00a0 \u00a0 \u00a0 \u00a0 \u00a0 \u00a0 \u00a0 \u00a0 \u00a0 \u00a0 \u00a0 \u00a0 \u00a0 \u00a0 \u00a0 \u00a0 \u00a0 \u00a0 \u00a0 \u00a0 \u00a0\u2026","og_url":"https:\/\/www.itakaescolapios.org\/fr\/2015\/09\/itaka-escolapios-presenta-sus-proyectos-en-solidariun\/","og_site_name":"Itaka-Escolapios","article_published_time":"2015-09-24T09:57:38+00:00","article_modified_time":"2023-11-28T11:38:37+00:00","og_image":[{"width":1552,"height":873,"url":"https:\/\/www.itakaescolapios.org\/wp-content\/uploads\/2015\/09\/stand-ikaskide.jpg","type":"image\/jpeg"}],"author":"pamplona01","twitter_card":"summary_large_image","twitter_misc":{"\u00c9crit par":"pamplona01","Dur\u00e9e de lecture estim\u00e9e":"1 minute"},"schema":{"@context":"https:\/\/schema.org","@graph":[{"@type":"Article","@id":"https:\/\/www.itakaescolapios.org\/fr\/2015\/09\/itaka-escolapios-presenta-sus-proyectos-en-solidariun\/#article","isPartOf":{"@id":"https:\/\/www.itakaescolapios.org\/fr\/2015\/09\/itaka-escolapios-presenta-sus-proyectos-en-solidariun\/"},"author":{"name":"pamplona01","@id":"https:\/\/www.itakaescolapios.org\/es\/#\/schema\/person\/a44de70f9a43a90c3e0f59aaaffd61f3"},"headline":"Itaka-Escolapios presenta sus proyectos en SolidariUN","datePublished":"2015-09-24T09:57:38+00:00","dateModified":"2023-11-28T11:38:37+00:00","mainEntityOfPage":{"@id":"https:\/\/www.itakaescolapios.org\/fr\/2015\/09\/itaka-escolapios-presenta-sus-proyectos-en-solidariun\/"},"wordCount":133,"publisher":{"@id":"https:\/\/www.itakaescolapios.org\/es\/#organization"},"image":{"@id":"https:\/\/www.itakaescolapios.org\/fr\/2015\/09\/itaka-escolapios-presenta-sus-proyectos-en-solidariun\/#primaryimage"},"thumbnailUrl":"https:\/\/www.itakaescolapios.org\/wp-content\/uploads\/2015\/09\/stand-ikaskide.jpg","keywords":["Acci\u00f3n Social","centros socioeducativos","ikaskide","voluntariado"],"articleSection":["Pamplona-Iru\u00f1a"],"inLanguage":"fr-FR"},{"@type":"WebPage","@id":"https:\/\/www.itakaescolapios.org\/fr\/2015\/09\/itaka-escolapios-presenta-sus-proyectos-en-solidariun\/","url":"https:\/\/www.itakaescolapios.org\/fr\/2015\/09\/itaka-escolapios-presenta-sus-proyectos-en-solidariun\/","name":"Itaka-Escolapios presenta sus proyectos en SolidariUN - Itaka-Escolapios","isPartOf":{"@id":"https:\/\/www.itakaescolapios.org\/es\/#website"},"primaryImageOfPage":{"@id":"https:\/\/www.itakaescolapios.org\/fr\/2015\/09\/itaka-escolapios-presenta-sus-proyectos-en-solidariun\/#primaryimage"},"image":{"@id":"https:\/\/www.itakaescolapios.org\/fr\/2015\/09\/itaka-escolapios-presenta-sus-proyectos-en-solidariun\/#primaryimage"},"thumbnailUrl":"https:\/\/www.itakaescolapios.org\/wp-content\/uploads\/2015\/09\/stand-ikaskide.jpg","datePublished":"2015-09-24T09:57:38+00:00","dateModified":"2023-11-28T11:38:37+00:00","breadcrumb":{"@id":"https:\/\/www.itakaescolapios.org\/fr\/2015\/09\/itaka-escolapios-presenta-sus-proyectos-en-solidariun\/#breadcrumb"},"inLanguage":"fr-FR","potentialAction":[{"@type":"ReadAction","target":["https:\/\/www.itakaescolapios.org\/fr\/2015\/09\/itaka-escolapios-presenta-sus-proyectos-en-solidariun\/"]}]},{"@type":"ImageObject","inLanguage":"fr-FR","@id":"https:\/\/www.itakaescolapios.org\/fr\/2015\/09\/itaka-escolapios-presenta-sus-proyectos-en-solidariun\/#primaryimage","url":"https:\/\/www.itakaescolapios.org\/wp-content\/uploads\/2015\/09\/stand-ikaskide.jpg","contentUrl":"https:\/\/www.itakaescolapios.org\/wp-content\/uploads\/2015\/09\/stand-ikaskide.jpg","width":1552,"height":873},{"@type":"BreadcrumbList","@id":"https:\/\/www.itakaescolapios.org\/fr\/2015\/09\/itaka-escolapios-presenta-sus-proyectos-en-solidariun\/#breadcrumb","itemListElement":[{"@type":"ListItem","position":1,"name":"Itaka-Escolapios","item":"https:\/\/www.itakaescolapios.org\/es\/"},{"@type":"ListItem","position":2,"name":"Itaka-Escolapios presenta sus proyectos en SolidariUN"}]},{"@type":"WebSite","@id":"https:\/\/www.itakaescolapios.org\/fr\/es\/#website","url":"https:\/\/www.itakaescolapios.org\/fr\/es\/","name":"Itaka-Escolapios","description":"Red de Itaka-Escolapios","publisher":{"@id":"https:\/\/www.itakaescolapios.org\/fr\/es\/#organization"},"potentialAction":[{"@type":"SearchAction","target":{"@type":"EntryPoint","urlTemplate":"https:\/\/www.itakaescolapios.org\/fr\/es\/?s={search_term_string}"},"query-input":{"@type":"PropertyValueSpecification","valueRequired":true,"valueName":"search_term_string"}}],"inLanguage":"fr-FR"},{"@type":"Organization","@id":"https:\/\/www.itakaescolapios.org\/fr\/es\/#organization","name":"Fundaci\u00f3 Itaka-Escolapios","url":"https:\/\/www.itakaescolapios.org\/fr\/es\/","logo":{"@type":"ImageObject","inLanguage":"fr-FR","@id":"https:\/\/www.itakaescolapios.org\/fr\/es\/#\/schema\/logo\/image\/","url":"https:\/\/www.itakaescolapios.org\/wp-content\/uploads\/2024\/04\/Logo-itakaescolapios-peque.png","contentUrl":"https:\/\/www.itakaescolapios.org\/wp-content\/uploads\/2024\/04\/Logo-itakaescolapios-peque.png","width":500,"height":199,"caption":"Fundaci\u00f3 Itaka-Escolapios"},"image":{"@id":"https:\/\/www.itakaescolapios.org\/fr\/es\/#\/schema\/logo\/image\/"}},{"@type":"Person","@id":"https:\/\/www.itakaescolapios.org\/es\/#\/schema\/person\/a44de70f9a43a90c3e0f59aaaffd61f3","name":"pamplona01","url":"https:\/\/www.itakaescolapios.org\/fr\/author\/pamplona01\/"}]}},"_links":{"self":[{"href":"https:\/\/www.itakaescolapios.org\/fr\/wp-json\/wp\/v2\/posts\/13111","targetHints":{"allow":["GET"]}}],"collection":[{"href":"https:\/\/www.itakaescolapios.org\/fr\/wp-json\/wp\/v2\/posts"}],"about":[{"href":"https:\/\/www.itakaescolapios.org\/fr\/wp-json\/wp\/v2\/types\/post"}],"author":[{"embeddable":true,"href":"https:\/\/www.itakaescolapios.org\/fr\/wp-json\/wp\/v2\/users\/29"}],"replies":[{"embeddable":true,"href":"https:\/\/www.itakaescolapios.org\/fr\/wp-json\/wp\/v2\/comments?post=13111"}],"version-history":[{"count":15,"href":"https:\/\/www.itakaescolapios.org\/fr\/wp-json\/wp\/v2\/posts\/13111\/revisions"}],"predecessor-version":[{"id":13133,"href":"https:\/\/www.itakaescolapios.org\/fr\/wp-json\/wp\/v2\/posts\/13111\/revisions\/13133"}],"wp:featuredmedia":[{"embeddable":true,"href":"https:\/\/www.itakaescolapios.org\/fr\/wp-json\/wp\/v2\/media\/13112"}],"wp:attachment":[{"href":"https:\/\/www.itakaescolapios.org\/fr\/wp-json\/wp\/v2\/media?parent=13111"}],"wp:term":[{"taxonomy":"category","embeddable":true,"href":"https:\/\/www.itakaescolapios.org\/fr\/wp-json\/wp\/v2\/categories?post=13111"},{"taxonomy":"post_tag","embeddable":true,"href":"https:\/\/www.itakaescolapios.org\/fr\/wp-json\/wp\/v2\/tags?post=13111"}],"curies":[{"name":"wp","href":"https:\/\/api.w.org\/{rel}","templated":true}]}}