{"id":14073,"date":"2015-11-23T09:05:46","date_gmt":"2015-11-23T08:05:46","guid":{"rendered":"https:\/\/www.itakaescolapios.org\/?p=14073"},"modified":"2023-11-28T12:38:33","modified_gmt":"2023-11-28T11:38:33","slug":"francais-le-delegue-regionale-de-leducation-de-base-de-la-region-du-nord-ouest-visite-les-ecoles-catholiques-de-bamenda","status":"publish","type":"post","link":"https:\/\/www.itakaescolapios.org\/fr\/2015\/11\/francais-le-delegue-regionale-de-leducation-de-base-de-la-region-du-nord-ouest-visite-les-ecoles-catholiques-de-bamenda\/","title":{"rendered":"LE DELEGUE REGIONALE DE L'EDUCATION DE BASE DE LA REGION DU NORD-OUEST VISITE LES ECOLES CATHOLIQUES DE BAMENDA"},"content":{"rendered":"<p>Tous en chanson, les \u00e9l\u00e8ves des \u00e9coles catholiques de bamenda ont tenu \u00e0 montrer \u00e0 Madame le d\u00e9l\u00e9gu\u00e9 R\u00e9gionale de l&rsquo;\u00e9ducation de base qu&rsquo;ils appr\u00e9cient les efforts consentis par les autorit\u00e9s administratives en ce qui l&rsquo;am\u00e9lioration de leur \u00e9ducation.<\/p>\n","protected":false},"excerpt":{"rendered":"<p>Tous en chanson, les \u00e9l\u00e8ves des \u00e9coles catholiques de bamenda ont tenu \u00e0 montrer \u00e0 Madame le d\u00e9l\u00e9gu\u00e9 R\u00e9gionale de l&rsquo;\u00e9ducation de base qu&rsquo;ils appr\u00e9cient les efforts consentis par les [&hellip;]<\/p>\n","protected":false},"author":15,"featured_media":14075,"comment_status":"closed","ping_status":"closed","sticky":false,"template":"","format":"standard","meta":{"_et_pb_use_builder":"","_et_pb_old_content":"","_et_gb_content_width":"","footnotes":""},"categories":[10],"tags":[],"class_list":["post-14073","post","type-post","status-publish","format-standard","has-post-thumbnail","hentry","category-camerun"],"yoast_head":"<!-- This site is optimized with the Yoast SEO plugin v27.4 - https:\/\/yoast.com\/product\/yoast-seo-wordpress\/ -->\n<title>LE DELEGUE REGIONALE DE L&#039;EDUCATION DE BASE DE LA REGION DU NORD-OUEST VISITE LES ECOLES CATHOLIQUES DE BAMENDA<\/title>\n<meta name=\"description\" content=\"Tous en chanson, les \u00e9l\u00e8ves des \u00e9coles catholiques de bamenda ont tenu \u00e0 montrer \u00e0 Madame le d\u00e9l\u00e9gu\u00e9 R\u00e9gionale de l&#039;\u00e9ducation de base qu&#039;ils appr\u00e9cient les efforts consentis par les autorit\u00e9s administratives en ce qui l&#039;am\u00e9lioration de leur \u00e9ducation.\" \/>\n<meta name=\"robots\" content=\"index, follow, max-snippet:-1, max-image-preview:large, max-video-preview:-1\" \/>\n<link rel=\"canonical\" href=\"http:\/\/Tous%20en%20chanson,%20les%20\u00e9l\u00e8ves%20des%20\u00e9coles%20catholiques%20de%20bamenda%20ont%20tenu%20\u00e0%20montrer%20\u00e0%20Madame%20le%20d\u00e9l\u00e9gu\u00e9%20R\u00e9gionale%20de%20l'\u00e9ducation%20de%20base%20qu'ils%20appr\u00e9cient%20les%20efforts%20consentis%20par%20les%20autorit\u00e9s%20administratives%20en%20ce%20qui%20l'am\u00e9lioration%20de%20leur%20\u00e9ducation.\" \/>\n<meta property=\"og:locale\" content=\"fr_FR\" \/>\n<meta property=\"og:type\" content=\"article\" \/>\n<meta property=\"og:title\" content=\"LE DELEGUE REGIONALE DE L&#039;EDUCATION DE BASE DE LA REGION DU NORD-OUEST VISITE LES ECOLES CATHOLIQUES DE BAMENDA\" \/>\n<meta property=\"og:description\" content=\"Tous en chanson, les \u00e9l\u00e8ves des \u00e9coles catholiques de bamenda ont tenu \u00e0 montrer \u00e0 Madame le d\u00e9l\u00e9gu\u00e9 R\u00e9gionale de l&#039;\u00e9ducation de base qu&#039;ils appr\u00e9cient les efforts consentis par les autorit\u00e9s administratives en ce qui l&#039;am\u00e9lioration de leur \u00e9ducation.\" \/>\n<meta property=\"og:url\" content=\"https:\/\/www.itakaescolapios.org\/fr\/2015\/11\/francais-le-delegue-regionale-de-leducation-de-base-de-la-region-du-nord-ouest-visite-les-ecoles-catholiques-de-bamenda\/\" \/>\n<meta property=\"og:site_name\" content=\"Itaka-Escolapios\" \/>\n<meta property=\"article:published_time\" content=\"2015-11-23T08:05:46+00:00\" \/>\n<meta property=\"article:modified_time\" content=\"2023-11-28T11:38:33+00:00\" \/>\n<meta property=\"og:image\" content=\"https:\/\/www.itakaescolapios.org\/wp-content\/uploads\/2015\/11\/IMG_0703.jpg\" \/>\n\t<meta property=\"og:image:width\" content=\"1500\" \/>\n\t<meta property=\"og:image:height\" content=\"1500\" \/>\n\t<meta property=\"og:image:type\" content=\"image\/jpeg\" \/>\n<meta name=\"author\" content=\"cameroun01\" \/>\n<meta name=\"twitter:card\" content=\"summary_large_image\" \/>\n<meta name=\"twitter:label1\" content=\"\u00c9crit par\" \/>\n\t<meta name=\"twitter:data1\" content=\"cameroun01\" \/>\n<script type=\"application\/ld+json\" class=\"yoast-schema-graph\">{\"@context\":\"https:\\\/\\\/schema.org\",\"@graph\":[{\"@type\":\"Article\",\"@id\":\"https:\\\/\\\/www.itakaescolapios.org\\\/fr\\\/2015\\\/11\\\/francais-le-delegue-regionale-de-leducation-de-base-de-la-region-du-nord-ouest-visite-les-ecoles-catholiques-de-bamenda\\\/#article\",\"isPartOf\":{\"@id\":\"https:\\\/\\\/www.itakaescolapios.org\\\/fr\\\/2015\\\/11\\\/francais-le-delegue-regionale-de-leducation-de-base-de-la-region-du-nord-ouest-visite-les-ecoles-catholiques-de-bamenda\\\/\"},\"author\":{\"name\":\"cameroun01\",\"@id\":\"https:\\\/\\\/www.itakaescolapios.org\\\/es\\\/#\\\/schema\\\/person\\\/d2844383e29bfdfef69039672ce14eb1\"},\"headline\":\"LE DELEGUE REGIONALE DE L'EDUCATION DE BASE DE LA REGION DU NORD-OUEST VISITE LES ECOLES CATHOLIQUES DE BAMENDA\",\"datePublished\":\"2015-11-23T08:05:46+00:00\",\"dateModified\":\"2023-11-28T11:38:33+00:00\",\"mainEntityOfPage\":{\"@id\":\"https:\\\/\\\/www.itakaescolapios.org\\\/fr\\\/2015\\\/11\\\/francais-le-delegue-regionale-de-leducation-de-base-de-la-region-du-nord-ouest-visite-les-ecoles-catholiques-de-bamenda\\\/\"},\"wordCount\":75,\"publisher\":{\"@id\":\"https:\\\/\\\/www.itakaescolapios.org\\\/es\\\/#organization\"},\"image\":{\"@id\":\"https:\\\/\\\/www.itakaescolapios.org\\\/fr\\\/2015\\\/11\\\/francais-le-delegue-regionale-de-leducation-de-base-de-la-region-du-nord-ouest-visite-les-ecoles-catholiques-de-bamenda\\\/#primaryimage\"},\"thumbnailUrl\":\"https:\\\/\\\/www.itakaescolapios.org\\\/wp-content\\\/uploads\\\/2015\\\/11\\\/IMG_0703.jpg\",\"articleSection\":[\"Cameroun\"],\"inLanguage\":\"fr-FR\"},{\"@type\":\"WebPage\",\"@id\":\"https:\\\/\\\/www.itakaescolapios.org\\\/fr\\\/2015\\\/11\\\/francais-le-delegue-regionale-de-leducation-de-base-de-la-region-du-nord-ouest-visite-les-ecoles-catholiques-de-bamenda\\\/\",\"url\":\"https:\\\/\\\/www.itakaescolapios.org\\\/fr\\\/2015\\\/11\\\/francais-le-delegue-regionale-de-leducation-de-base-de-la-region-du-nord-ouest-visite-les-ecoles-catholiques-de-bamenda\\\/\",\"name\":\"Bamenda \u2013 Visita de la Delegada del Ministerio de Educaci\u00f3n B\u00e1sica - Itaka-Escolapios\",\"isPartOf\":{\"@id\":\"https:\\\/\\\/www.itakaescolapios.org\\\/es\\\/#website\"},\"primaryImageOfPage\":{\"@id\":\"https:\\\/\\\/www.itakaescolapios.org\\\/fr\\\/2015\\\/11\\\/francais-le-delegue-regionale-de-leducation-de-base-de-la-region-du-nord-ouest-visite-les-ecoles-catholiques-de-bamenda\\\/#primaryimage\"},\"image\":{\"@id\":\"https:\\\/\\\/www.itakaescolapios.org\\\/fr\\\/2015\\\/11\\\/francais-le-delegue-regionale-de-leducation-de-base-de-la-region-du-nord-ouest-visite-les-ecoles-catholiques-de-bamenda\\\/#primaryimage\"},\"thumbnailUrl\":\"https:\\\/\\\/www.itakaescolapios.org\\\/wp-content\\\/uploads\\\/2015\\\/11\\\/IMG_0703.jpg\",\"datePublished\":\"2015-11-23T08:05:46+00:00\",\"dateModified\":\"2023-11-28T11:38:33+00:00\",\"breadcrumb\":{\"@id\":\"https:\\\/\\\/www.itakaescolapios.org\\\/fr\\\/2015\\\/11\\\/francais-le-delegue-regionale-de-leducation-de-base-de-la-region-du-nord-ouest-visite-les-ecoles-catholiques-de-bamenda\\\/#breadcrumb\"},\"inLanguage\":\"fr-FR\",\"potentialAction\":[{\"@type\":\"ReadAction\",\"target\":[\"https:\\\/\\\/www.itakaescolapios.org\\\/fr\\\/2015\\\/11\\\/francais-le-delegue-regionale-de-leducation-de-base-de-la-region-du-nord-ouest-visite-les-ecoles-catholiques-de-bamenda\\\/\"]}]},{\"@type\":\"ImageObject\",\"inLanguage\":\"fr-FR\",\"@id\":\"https:\\\/\\\/www.itakaescolapios.org\\\/fr\\\/2015\\\/11\\\/francais-le-delegue-regionale-de-leducation-de-base-de-la-region-du-nord-ouest-visite-les-ecoles-catholiques-de-bamenda\\\/#primaryimage\",\"url\":\"https:\\\/\\\/www.itakaescolapios.org\\\/wp-content\\\/uploads\\\/2015\\\/11\\\/IMG_0703.jpg\",\"contentUrl\":\"https:\\\/\\\/www.itakaescolapios.org\\\/wp-content\\\/uploads\\\/2015\\\/11\\\/IMG_0703.jpg\",\"width\":1500,\"height\":1500},{\"@type\":\"BreadcrumbList\",\"@id\":\"https:\\\/\\\/www.itakaescolapios.org\\\/fr\\\/2015\\\/11\\\/francais-le-delegue-regionale-de-leducation-de-base-de-la-region-du-nord-ouest-visite-les-ecoles-catholiques-de-bamenda\\\/#breadcrumb\",\"itemListElement\":[{\"@type\":\"ListItem\",\"position\":1,\"name\":\"Itaka-Escolapios\",\"item\":\"https:\\\/\\\/www.itakaescolapios.org\\\/es\\\/\"},{\"@type\":\"ListItem\",\"position\":2,\"name\":\"LE DELEGUE REGIONALE DE L'EDUCATION DE BASE DE LA REGION DU NORD-OUEST VISITE LES ECOLES CATHOLIQUES DE BAMENDA\"}]},{\"@type\":\"WebSite\",\"@id\":\"https:\\\/\\\/www.itakaescolapios.org\\\/fr\\\/es\\\/#website\",\"url\":\"https:\\\/\\\/www.itakaescolapios.org\\\/fr\\\/es\\\/\",\"name\":\"Itaka-Escolapios\",\"description\":\"Red de Itaka-Escolapios\",\"publisher\":{\"@id\":\"https:\\\/\\\/www.itakaescolapios.org\\\/fr\\\/es\\\/#organization\"},\"potentialAction\":[{\"@type\":\"SearchAction\",\"target\":{\"@type\":\"EntryPoint\",\"urlTemplate\":\"https:\\\/\\\/www.itakaescolapios.org\\\/fr\\\/es\\\/?s={search_term_string}\"},\"query-input\":{\"@type\":\"PropertyValueSpecification\",\"valueRequired\":true,\"valueName\":\"search_term_string\"}}],\"inLanguage\":\"fr-FR\"},{\"@type\":\"Organization\",\"@id\":\"https:\\\/\\\/www.itakaescolapios.org\\\/fr\\\/es\\\/#organization\",\"name\":\"Fundaci\u00f3 Itaka-Escolapios\",\"url\":\"https:\\\/\\\/www.itakaescolapios.org\\\/fr\\\/es\\\/\",\"logo\":{\"@type\":\"ImageObject\",\"inLanguage\":\"fr-FR\",\"@id\":\"https:\\\/\\\/www.itakaescolapios.org\\\/fr\\\/es\\\/#\\\/schema\\\/logo\\\/image\\\/\",\"url\":\"https:\\\/\\\/www.itakaescolapios.org\\\/wp-content\\\/uploads\\\/2024\\\/04\\\/Logo-itakaescolapios-peque.png\",\"contentUrl\":\"https:\\\/\\\/www.itakaescolapios.org\\\/wp-content\\\/uploads\\\/2024\\\/04\\\/Logo-itakaescolapios-peque.png\",\"width\":500,\"height\":199,\"caption\":\"Fundaci\u00f3 Itaka-Escolapios\"},\"image\":{\"@id\":\"https:\\\/\\\/www.itakaescolapios.org\\\/fr\\\/es\\\/#\\\/schema\\\/logo\\\/image\\\/\"}},{\"@type\":\"Person\",\"@id\":\"https:\\\/\\\/www.itakaescolapios.org\\\/es\\\/#\\\/schema\\\/person\\\/d2844383e29bfdfef69039672ce14eb1\",\"name\":\"cameroun01\",\"url\":\"https:\\\/\\\/www.itakaescolapios.org\\\/fr\\\/author\\\/cameroun01\\\/\"}]}<\/script>\n<!-- \/ Yoast SEO plugin. -->","yoast_head_json":{"title":"LE DELEGUE REGIONALE DE L'EDUCATION DE BASE DE LA REGION DU NORD-OUEST VISITE LES ECOLES CATHOLIQUES DE BAMENDA","description":"Tous en chanson, les \u00e9l\u00e8ves des \u00e9coles catholiques de bamenda ont tenu \u00e0 montrer \u00e0 Madame le d\u00e9l\u00e9gu\u00e9 R\u00e9gionale de l'\u00e9ducation de base qu'ils appr\u00e9cient les efforts consentis par les autorit\u00e9s administratives en ce qui l'am\u00e9lioration de leur \u00e9ducation.","robots":{"index":"index","follow":"follow","max-snippet":"max-snippet:-1","max-image-preview":"max-image-preview:large","max-video-preview":"max-video-preview:-1"},"canonical":"Tous en chanson, les \u00e9l\u00e8ves des \u00e9coles catholiques de bamenda ont tenu \u00e0 montrer \u00e0 Madame le d\u00e9l\u00e9gu\u00e9 R\u00e9gionale de l'\u00e9ducation de base qu'ils appr\u00e9cient les efforts consentis par les autorit\u00e9s administratives en ce qui l'am\u00e9lioration de leur \u00e9ducation.","og_locale":"fr_FR","og_type":"article","og_title":"LE DELEGUE REGIONALE DE L'EDUCATION DE BASE DE LA REGION DU NORD-OUEST VISITE LES ECOLES CATHOLIQUES DE BAMENDA","og_description":"Tous en chanson, les \u00e9l\u00e8ves des \u00e9coles catholiques de bamenda ont tenu \u00e0 montrer \u00e0 Madame le d\u00e9l\u00e9gu\u00e9 R\u00e9gionale de l'\u00e9ducation de base qu'ils appr\u00e9cient les efforts consentis par les autorit\u00e9s administratives en ce qui l'am\u00e9lioration de leur \u00e9ducation.","og_url":"https:\/\/www.itakaescolapios.org\/fr\/2015\/11\/francais-le-delegue-regionale-de-leducation-de-base-de-la-region-du-nord-ouest-visite-les-ecoles-catholiques-de-bamenda\/","og_site_name":"Itaka-Escolapios","article_published_time":"2015-11-23T08:05:46+00:00","article_modified_time":"2023-11-28T11:38:33+00:00","og_image":[{"width":1500,"height":1500,"url":"https:\/\/www.itakaescolapios.org\/wp-content\/uploads\/2015\/11\/IMG_0703.jpg","type":"image\/jpeg"}],"author":"cameroun01","twitter_card":"summary_large_image","twitter_misc":{"\u00c9crit par":"cameroun01"},"schema":{"@context":"https:\/\/schema.org","@graph":[{"@type":"Article","@id":"https:\/\/www.itakaescolapios.org\/fr\/2015\/11\/francais-le-delegue-regionale-de-leducation-de-base-de-la-region-du-nord-ouest-visite-les-ecoles-catholiques-de-bamenda\/#article","isPartOf":{"@id":"https:\/\/www.itakaescolapios.org\/fr\/2015\/11\/francais-le-delegue-regionale-de-leducation-de-base-de-la-region-du-nord-ouest-visite-les-ecoles-catholiques-de-bamenda\/"},"author":{"name":"cameroun01","@id":"https:\/\/www.itakaescolapios.org\/es\/#\/schema\/person\/d2844383e29bfdfef69039672ce14eb1"},"headline":"LE DELEGUE REGIONALE DE L'EDUCATION DE BASE DE LA REGION DU NORD-OUEST VISITE LES ECOLES CATHOLIQUES DE BAMENDA","datePublished":"2015-11-23T08:05:46+00:00","dateModified":"2023-11-28T11:38:33+00:00","mainEntityOfPage":{"@id":"https:\/\/www.itakaescolapios.org\/fr\/2015\/11\/francais-le-delegue-regionale-de-leducation-de-base-de-la-region-du-nord-ouest-visite-les-ecoles-catholiques-de-bamenda\/"},"wordCount":75,"publisher":{"@id":"https:\/\/www.itakaescolapios.org\/es\/#organization"},"image":{"@id":"https:\/\/www.itakaescolapios.org\/fr\/2015\/11\/francais-le-delegue-regionale-de-leducation-de-base-de-la-region-du-nord-ouest-visite-les-ecoles-catholiques-de-bamenda\/#primaryimage"},"thumbnailUrl":"https:\/\/www.itakaescolapios.org\/wp-content\/uploads\/2015\/11\/IMG_0703.jpg","articleSection":["Cameroun"],"inLanguage":"fr-FR"},{"@type":"WebPage","@id":"https:\/\/www.itakaescolapios.org\/fr\/2015\/11\/francais-le-delegue-regionale-de-leducation-de-base-de-la-region-du-nord-ouest-visite-les-ecoles-catholiques-de-bamenda\/","url":"https:\/\/www.itakaescolapios.org\/fr\/2015\/11\/francais-le-delegue-regionale-de-leducation-de-base-de-la-region-du-nord-ouest-visite-les-ecoles-catholiques-de-bamenda\/","name":"Bamenda \u2013 Visita de la Delegada del Ministerio de Educaci\u00f3n B\u00e1sica - Itaka-Escolapios","isPartOf":{"@id":"https:\/\/www.itakaescolapios.org\/es\/#website"},"primaryImageOfPage":{"@id":"https:\/\/www.itakaescolapios.org\/fr\/2015\/11\/francais-le-delegue-regionale-de-leducation-de-base-de-la-region-du-nord-ouest-visite-les-ecoles-catholiques-de-bamenda\/#primaryimage"},"image":{"@id":"https:\/\/www.itakaescolapios.org\/fr\/2015\/11\/francais-le-delegue-regionale-de-leducation-de-base-de-la-region-du-nord-ouest-visite-les-ecoles-catholiques-de-bamenda\/#primaryimage"},"thumbnailUrl":"https:\/\/www.itakaescolapios.org\/wp-content\/uploads\/2015\/11\/IMG_0703.jpg","datePublished":"2015-11-23T08:05:46+00:00","dateModified":"2023-11-28T11:38:33+00:00","breadcrumb":{"@id":"https:\/\/www.itakaescolapios.org\/fr\/2015\/11\/francais-le-delegue-regionale-de-leducation-de-base-de-la-region-du-nord-ouest-visite-les-ecoles-catholiques-de-bamenda\/#breadcrumb"},"inLanguage":"fr-FR","potentialAction":[{"@type":"ReadAction","target":["https:\/\/www.itakaescolapios.org\/fr\/2015\/11\/francais-le-delegue-regionale-de-leducation-de-base-de-la-region-du-nord-ouest-visite-les-ecoles-catholiques-de-bamenda\/"]}]},{"@type":"ImageObject","inLanguage":"fr-FR","@id":"https:\/\/www.itakaescolapios.org\/fr\/2015\/11\/francais-le-delegue-regionale-de-leducation-de-base-de-la-region-du-nord-ouest-visite-les-ecoles-catholiques-de-bamenda\/#primaryimage","url":"https:\/\/www.itakaescolapios.org\/wp-content\/uploads\/2015\/11\/IMG_0703.jpg","contentUrl":"https:\/\/www.itakaescolapios.org\/wp-content\/uploads\/2015\/11\/IMG_0703.jpg","width":1500,"height":1500},{"@type":"BreadcrumbList","@id":"https:\/\/www.itakaescolapios.org\/fr\/2015\/11\/francais-le-delegue-regionale-de-leducation-de-base-de-la-region-du-nord-ouest-visite-les-ecoles-catholiques-de-bamenda\/#breadcrumb","itemListElement":[{"@type":"ListItem","position":1,"name":"Itaka-Escolapios","item":"https:\/\/www.itakaescolapios.org\/es\/"},{"@type":"ListItem","position":2,"name":"LE DELEGUE REGIONALE DE L'EDUCATION DE BASE DE LA REGION DU NORD-OUEST VISITE LES ECOLES CATHOLIQUES DE BAMENDA"}]},{"@type":"WebSite","@id":"https:\/\/www.itakaescolapios.org\/fr\/es\/#website","url":"https:\/\/www.itakaescolapios.org\/fr\/es\/","name":"Itaka-Escolapios","description":"Red de Itaka-Escolapios","publisher":{"@id":"https:\/\/www.itakaescolapios.org\/fr\/es\/#organization"},"potentialAction":[{"@type":"SearchAction","target":{"@type":"EntryPoint","urlTemplate":"https:\/\/www.itakaescolapios.org\/fr\/es\/?s={search_term_string}"},"query-input":{"@type":"PropertyValueSpecification","valueRequired":true,"valueName":"search_term_string"}}],"inLanguage":"fr-FR"},{"@type":"Organization","@id":"https:\/\/www.itakaescolapios.org\/fr\/es\/#organization","name":"Fundaci\u00f3 Itaka-Escolapios","url":"https:\/\/www.itakaescolapios.org\/fr\/es\/","logo":{"@type":"ImageObject","inLanguage":"fr-FR","@id":"https:\/\/www.itakaescolapios.org\/fr\/es\/#\/schema\/logo\/image\/","url":"https:\/\/www.itakaescolapios.org\/wp-content\/uploads\/2024\/04\/Logo-itakaescolapios-peque.png","contentUrl":"https:\/\/www.itakaescolapios.org\/wp-content\/uploads\/2024\/04\/Logo-itakaescolapios-peque.png","width":500,"height":199,"caption":"Fundaci\u00f3 Itaka-Escolapios"},"image":{"@id":"https:\/\/www.itakaescolapios.org\/fr\/es\/#\/schema\/logo\/image\/"}},{"@type":"Person","@id":"https:\/\/www.itakaescolapios.org\/es\/#\/schema\/person\/d2844383e29bfdfef69039672ce14eb1","name":"cameroun01","url":"https:\/\/www.itakaescolapios.org\/fr\/author\/cameroun01\/"}]}},"_links":{"self":[{"href":"https:\/\/www.itakaescolapios.org\/fr\/wp-json\/wp\/v2\/posts\/14073","targetHints":{"allow":["GET"]}}],"collection":[{"href":"https:\/\/www.itakaescolapios.org\/fr\/wp-json\/wp\/v2\/posts"}],"about":[{"href":"https:\/\/www.itakaescolapios.org\/fr\/wp-json\/wp\/v2\/types\/post"}],"author":[{"embeddable":true,"href":"https:\/\/www.itakaescolapios.org\/fr\/wp-json\/wp\/v2\/users\/15"}],"replies":[{"embeddable":true,"href":"https:\/\/www.itakaescolapios.org\/fr\/wp-json\/wp\/v2\/comments?post=14073"}],"version-history":[{"count":4,"href":"https:\/\/www.itakaescolapios.org\/fr\/wp-json\/wp\/v2\/posts\/14073\/revisions"}],"predecessor-version":[{"id":48527,"href":"https:\/\/www.itakaescolapios.org\/fr\/wp-json\/wp\/v2\/posts\/14073\/revisions\/48527"}],"wp:featuredmedia":[{"embeddable":true,"href":"https:\/\/www.itakaescolapios.org\/fr\/wp-json\/wp\/v2\/media\/14075"}],"wp:attachment":[{"href":"https:\/\/www.itakaescolapios.org\/fr\/wp-json\/wp\/v2\/media?parent=14073"}],"wp:term":[{"taxonomy":"category","embeddable":true,"href":"https:\/\/www.itakaescolapios.org\/fr\/wp-json\/wp\/v2\/categories?post=14073"},{"taxonomy":"post_tag","embeddable":true,"href":"https:\/\/www.itakaescolapios.org\/fr\/wp-json\/wp\/v2\/tags?post=14073"}],"curies":[{"name":"wp","href":"https:\/\/api.w.org\/{rel}","templated":true}]}}