{"id":14159,"date":"2015-12-01T10:08:20","date_gmt":"2015-12-01T09:08:20","guid":{"rendered":"https:\/\/www.itakaescolapios.org\/?p=14159"},"modified":"2023-11-28T12:38:33","modified_gmt":"2023-11-28T11:38:33","slug":"english-encuentro-ulises-de-betania","status":"publish","type":"post","link":"https:\/\/www.itakaescolapios.org\/fr\/2015\/12\/english-encuentro-ulises-de-betania\/","title":{"rendered":"Encuentro Ulises de Betania"},"content":{"rendered":"<p style=\"text-align: justify\"><span style=\"line-height: 1.5em\">Este s\u00e1bado tuvo lugar en el colegio de la Malvarrosa de Valencia el encuentro de segundo a\u00f1o de los j\u00f3venes participantes en el Proyecto Ulises de la provincia de Betania. Este encuentro es uno de los puntos fuertes del segundo a\u00f1o del itinerario Ulises, ya que re\u00fane a los j\u00f3venes que han tenido una experiencia de misi\u00f3n en el Sur durante el verano y les permite reflexionar sobre lo vivido y plantearse c\u00f3mo encajarlo en el d\u00eda a d\u00eda en sus lugares de origen tras la vuelta.<\/span><\/p>\n<p style=\"text-align: justify\">Este a\u00f1o fueron seis los j\u00f3venes participantes: Noelia (que conoci\u00f3 en verano la realidad escolapia de Venezuela), Pablo (Rep\u00fablica Dominicana), Elena y Alejandra (Colombia), Carmen (Camer\u00fan) y Adri\u00e1n (Nicaragua).<\/p>\n<p style=\"text-align: justify\">El d\u00eda comenz\u00f3 con una oraci\u00f3n. Despu\u00e9s, los participantes compartieron sus vivencias: las expectativas del viaje frente a lo realmente vivido, la huella que ha dejado en cada uno vivir de cerca realidades de pobreza, la riqueza de compartir vida y misi\u00f3n con las comunidades escolapias que les acogieron\u2026 Los j\u00f3venes hablaron tambi\u00e9n de los cambios que la experiencia ha generado en cada uno y de los compromisos que ahora se sienten llamados a asumir.<\/p>\n<p style=\"text-align: justify\">Tras la comida hubo tambi\u00e9n tiempo para compartir fotos y an\u00e9cdotas de cada lugar. Durante ese rato tuvimos la suerte de contar con la presencia de los religiosos residentes en la Malvarrosa, muchos de los cuales son Padres fundadores de las presencias escolapias que los j\u00f3venes han visitado este verano. Fue una riqueza poder escuchar sus testimonios y recuerdos.<\/p>\n<p style=\"text-align: justify\">El d\u00eda concluy\u00f3 con la celebraci\u00f3n de la Eucarist\u00eda.<\/p>\n\n\t\t<style type=\"text\/css\">\n\t\t\t#gallery-1 {\n\t\t\t\tmargin: auto;\n\t\t\t}\n\t\t\t#gallery-1 .gallery-item {\n\t\t\t\tfloat: left;\n\t\t\t\tmargin-top: 10px;\n\t\t\t\ttext-align: center;\n\t\t\t\twidth: 20%;\n\t\t\t}\n\t\t\t#gallery-1 img {\n\t\t\t\tborder: 2px solid #cfcfcf;\n\t\t\t}\n\t\t\t#gallery-1 .gallery-caption {\n\t\t\t\tmargin-left: 0;\n\t\t\t}\n\t\t\t\/* see gallery_shortcode() in wp-includes\/media.php *\/\n\t\t<\/style>\n\t\t<div id='gallery-1' class='gallery galleryid-14159 gallery-columns-5 gallery-size-thumbnail'><dl class='gallery-item'>\n\t\t\t<dt class='gallery-icon landscape'>\n\t\t\t\t<a href='https:\/\/www.itakaescolapios.org\/fr\/2015\/12\/english-encuentro-ulises-de-betania\/img-20151128-wa0007-2\/'><img decoding=\"async\" width=\"90\" height=\"90\" src=\"https:\/\/www.itakaescolapios.org\/wp-content\/uploads\/2015\/12\/IMG-20151128-WA0007-90x90.jpg\" class=\"attachment-thumbnail size-thumbnail\" alt=\"\" \/><\/a>\n\t\t\t<\/dt><\/dl><dl class='gallery-item'>\n\t\t\t<dt class='gallery-icon landscape'>\n\t\t\t\t<a href='https:\/\/www.itakaescolapios.org\/fr\/2015\/12\/english-encuentro-ulises-de-betania\/img-20151128-wa0003\/'><img decoding=\"async\" width=\"90\" height=\"90\" src=\"https:\/\/www.itakaescolapios.org\/wp-content\/uploads\/2015\/12\/IMG-20151128-WA0003-90x90.jpg\" class=\"attachment-thumbnail size-thumbnail\" alt=\"\" \/><\/a>\n\t\t\t<\/dt><\/dl><dl class='gallery-item'>\n\t\t\t<dt class='gallery-icon landscape'>\n\t\t\t\t<a href='https:\/\/www.itakaescolapios.org\/fr\/2015\/12\/english-encuentro-ulises-de-betania\/img-20151128-wa0004-2\/'><img decoding=\"async\" width=\"90\" height=\"90\" src=\"https:\/\/www.itakaescolapios.org\/wp-content\/uploads\/2015\/12\/IMG-20151128-WA0004-90x90.jpg\" class=\"attachment-thumbnail size-thumbnail\" alt=\"\" \/><\/a>\n\t\t\t<\/dt><\/dl><dl class='gallery-item'>\n\t\t\t<dt class='gallery-icon landscape'>\n\t\t\t\t<a href='https:\/\/www.itakaescolapios.org\/fr\/2015\/12\/english-encuentro-ulises-de-betania\/img-20151128-wa0005-2\/'><img decoding=\"async\" width=\"90\" height=\"90\" src=\"https:\/\/www.itakaescolapios.org\/wp-content\/uploads\/2015\/12\/IMG-20151128-WA0005-90x90.jpg\" class=\"attachment-thumbnail size-thumbnail\" alt=\"\" \/><\/a>\n\t\t\t<\/dt><\/dl><dl class='gallery-item'>\n\t\t\t<dt class='gallery-icon landscape'>\n\t\t\t\t<a href='https:\/\/www.itakaescolapios.org\/fr\/2015\/12\/english-encuentro-ulises-de-betania\/img-20151128-wa0002\/'><img decoding=\"async\" width=\"90\" height=\"90\" src=\"https:\/\/www.itakaescolapios.org\/wp-content\/uploads\/2015\/12\/IMG-20151128-WA0002-90x90.jpg\" class=\"attachment-thumbnail size-thumbnail\" alt=\"\" \/><\/a>\n\t\t\t<\/dt><\/dl><br style=\"clear: both\" \/>\n\t\t<\/div>\n\n","protected":false},"excerpt":{"rendered":"<p>Este s\u00e1bado tuvo lugar en el colegio de la Malvarrosa de Valencia el encuentro de segundo a\u00f1o de los j\u00f3venes participantes en el Proyecto Ulises de la provincia de Betania. [&hellip;]<\/p>\n","protected":false},"author":39,"featured_media":14160,"comment_status":"closed","ping_status":"closed","sticky":false,"template":"","format":"standard","meta":{"_et_pb_use_builder":"","_et_pb_old_content":"","_et_gb_content_width":"","footnotes":""},"categories":[12],"tags":[45,132,189,142],"class_list":["post-14159","post","type-post","status-publish","format-standard","has-post-thumbnail","hentry","category-valencia","tag-encuentro","tag-sur","tag-ulises","tag-voluntariado"],"yoast_head":"<!-- This site is optimized with the Yoast SEO plugin v27.4 - https:\/\/yoast.com\/product\/yoast-seo-wordpress\/ -->\n<title>Encuentro Ulises de Betania<\/title>\n<meta name=\"description\" content=\"Este s\u00e1bado tuvo lugar en el colegio de la Malvarrosa de Valencia el encuentro de segundo a\u00f1o de los j\u00f3venes participantes en el Proyecto Ulises de la provincia de Betania. Este encuentro es uno de los puntos fuertes del segundo a\u00f1o del itinerario Ulises, ya que re\u00fane a los j\u00f3venes que han tenido una experiencia\u2026\" \/>\n<meta name=\"robots\" content=\"index, follow, max-snippet:-1, max-image-preview:large, max-video-preview:-1\" \/>\n<link rel=\"canonical\" href=\"http:\/\/Este%20s\u00e1bado%20tuvo%20lugar%20en%20el%20colegio%20de%20la%20Malvarrosa%20de%20Valencia%20el%20encuentro%20de%20segundo%20a\u00f1o%20de%20los%20j\u00f3venes%20participantes%20en%20el%20Proyecto%20Ulises%20de%20la%20provincia%20de%20Betania.%20Este%20encuentro%20es%20uno%20de%20los%20puntos%20fuertes%20del%20segundo%20a\u00f1o%20del%20itinerario%20Ulises,%20ya%20que%20re\u00fane%20a%20los%20j\u00f3venes%20que%20han%20tenido%20una%20experiencia\u2026\" \/>\n<meta property=\"og:locale\" content=\"fr_FR\" \/>\n<meta property=\"og:type\" content=\"article\" \/>\n<meta property=\"og:title\" content=\"Encuentro Ulises de Betania\" \/>\n<meta property=\"og:description\" content=\"Este s\u00e1bado tuvo lugar en el colegio de la Malvarrosa de Valencia el encuentro de segundo a\u00f1o de los j\u00f3venes participantes en el Proyecto Ulises de la provincia de Betania. Este encuentro es uno de los puntos fuertes del segundo a\u00f1o del itinerario Ulises, ya que re\u00fane a los j\u00f3venes que han tenido una experiencia\u2026\" \/>\n<meta property=\"og:url\" content=\"https:\/\/www.itakaescolapios.org\/fr\/2015\/12\/english-encuentro-ulises-de-betania\/\" \/>\n<meta property=\"og:site_name\" content=\"Itaka-Escolapios\" \/>\n<meta property=\"article:published_time\" content=\"2015-12-01T09:08:20+00:00\" \/>\n<meta property=\"article:modified_time\" content=\"2023-11-28T11:38:33+00:00\" \/>\n<meta property=\"og:image\" content=\"https:\/\/www.itakaescolapios.org\/wp-content\/uploads\/2015\/12\/IMG-20151128-WA0001.jpg\" \/>\n\t<meta property=\"og:image:width\" content=\"1599\" \/>\n\t<meta property=\"og:image:height\" content=\"899\" \/>\n\t<meta property=\"og:image:type\" content=\"image\/jpeg\" \/>\n<meta name=\"author\" content=\"valencia01\" \/>\n<meta name=\"twitter:card\" content=\"summary_large_image\" \/>\n<meta name=\"twitter:label1\" content=\"\u00c9crit par\" \/>\n\t<meta name=\"twitter:data1\" content=\"valencia01\" \/>\n\t<meta name=\"twitter:label2\" content=\"Dur\u00e9e de lecture estim\u00e9e\" \/>\n\t<meta name=\"twitter:data2\" content=\"1 minute\" \/>\n<script type=\"application\/ld+json\" class=\"yoast-schema-graph\">{\"@context\":\"https:\\\/\\\/schema.org\",\"@graph\":[{\"@type\":\"Article\",\"@id\":\"https:\\\/\\\/www.itakaescolapios.org\\\/fr\\\/2015\\\/12\\\/english-encuentro-ulises-de-betania\\\/#article\",\"isPartOf\":{\"@id\":\"https:\\\/\\\/www.itakaescolapios.org\\\/fr\\\/2015\\\/12\\\/english-encuentro-ulises-de-betania\\\/\"},\"author\":{\"name\":\"valencia01\",\"@id\":\"https:\\\/\\\/www.itakaescolapios.org\\\/es\\\/#\\\/schema\\\/person\\\/c232ccaa2b3f2e98db93c1f8dfca96ff\"},\"headline\":\"Encuentro Ulises de Betania\",\"datePublished\":\"2015-12-01T09:08:20+00:00\",\"dateModified\":\"2023-11-28T11:38:33+00:00\",\"mainEntityOfPage\":{\"@id\":\"https:\\\/\\\/www.itakaescolapios.org\\\/fr\\\/2015\\\/12\\\/english-encuentro-ulises-de-betania\\\/\"},\"wordCount\":293,\"publisher\":{\"@id\":\"https:\\\/\\\/www.itakaescolapios.org\\\/es\\\/#organization\"},\"image\":{\"@id\":\"https:\\\/\\\/www.itakaescolapios.org\\\/fr\\\/2015\\\/12\\\/english-encuentro-ulises-de-betania\\\/#primaryimage\"},\"thumbnailUrl\":\"https:\\\/\\\/www.itakaescolapios.org\\\/wp-content\\\/uploads\\\/2015\\\/12\\\/IMG-20151128-WA0001.jpg\",\"keywords\":[\"Encuentro\",\"Sur\",\"Ulises\",\"voluntariado\"],\"articleSection\":[\"Valencia\"],\"inLanguage\":\"fr-FR\"},{\"@type\":\"WebPage\",\"@id\":\"https:\\\/\\\/www.itakaescolapios.org\\\/fr\\\/2015\\\/12\\\/english-encuentro-ulises-de-betania\\\/\",\"url\":\"https:\\\/\\\/www.itakaescolapios.org\\\/fr\\\/2015\\\/12\\\/english-encuentro-ulises-de-betania\\\/\",\"name\":\"Encuentro Ulises de Betania - Itaka-Escolapios\",\"isPartOf\":{\"@id\":\"https:\\\/\\\/www.itakaescolapios.org\\\/es\\\/#website\"},\"primaryImageOfPage\":{\"@id\":\"https:\\\/\\\/www.itakaescolapios.org\\\/fr\\\/2015\\\/12\\\/english-encuentro-ulises-de-betania\\\/#primaryimage\"},\"image\":{\"@id\":\"https:\\\/\\\/www.itakaescolapios.org\\\/fr\\\/2015\\\/12\\\/english-encuentro-ulises-de-betania\\\/#primaryimage\"},\"thumbnailUrl\":\"https:\\\/\\\/www.itakaescolapios.org\\\/wp-content\\\/uploads\\\/2015\\\/12\\\/IMG-20151128-WA0001.jpg\",\"datePublished\":\"2015-12-01T09:08:20+00:00\",\"dateModified\":\"2023-11-28T11:38:33+00:00\",\"breadcrumb\":{\"@id\":\"https:\\\/\\\/www.itakaescolapios.org\\\/fr\\\/2015\\\/12\\\/english-encuentro-ulises-de-betania\\\/#breadcrumb\"},\"inLanguage\":\"fr-FR\",\"potentialAction\":[{\"@type\":\"ReadAction\",\"target\":[\"https:\\\/\\\/www.itakaescolapios.org\\\/fr\\\/2015\\\/12\\\/english-encuentro-ulises-de-betania\\\/\"]}]},{\"@type\":\"ImageObject\",\"inLanguage\":\"fr-FR\",\"@id\":\"https:\\\/\\\/www.itakaescolapios.org\\\/fr\\\/2015\\\/12\\\/english-encuentro-ulises-de-betania\\\/#primaryimage\",\"url\":\"https:\\\/\\\/www.itakaescolapios.org\\\/wp-content\\\/uploads\\\/2015\\\/12\\\/IMG-20151128-WA0001.jpg\",\"contentUrl\":\"https:\\\/\\\/www.itakaescolapios.org\\\/wp-content\\\/uploads\\\/2015\\\/12\\\/IMG-20151128-WA0001.jpg\",\"width\":1599,\"height\":899},{\"@type\":\"BreadcrumbList\",\"@id\":\"https:\\\/\\\/www.itakaescolapios.org\\\/fr\\\/2015\\\/12\\\/english-encuentro-ulises-de-betania\\\/#breadcrumb\",\"itemListElement\":[{\"@type\":\"ListItem\",\"position\":1,\"name\":\"Itaka-Escolapios\",\"item\":\"https:\\\/\\\/www.itakaescolapios.org\\\/es\\\/\"},{\"@type\":\"ListItem\",\"position\":2,\"name\":\"Encuentro Ulises de Betania\"}]},{\"@type\":\"WebSite\",\"@id\":\"https:\\\/\\\/www.itakaescolapios.org\\\/fr\\\/es\\\/#website\",\"url\":\"https:\\\/\\\/www.itakaescolapios.org\\\/fr\\\/es\\\/\",\"name\":\"Itaka-Escolapios\",\"description\":\"Red de Itaka-Escolapios\",\"publisher\":{\"@id\":\"https:\\\/\\\/www.itakaescolapios.org\\\/fr\\\/es\\\/#organization\"},\"potentialAction\":[{\"@type\":\"SearchAction\",\"target\":{\"@type\":\"EntryPoint\",\"urlTemplate\":\"https:\\\/\\\/www.itakaescolapios.org\\\/fr\\\/es\\\/?s={search_term_string}\"},\"query-input\":{\"@type\":\"PropertyValueSpecification\",\"valueRequired\":true,\"valueName\":\"search_term_string\"}}],\"inLanguage\":\"fr-FR\"},{\"@type\":\"Organization\",\"@id\":\"https:\\\/\\\/www.itakaescolapios.org\\\/fr\\\/es\\\/#organization\",\"name\":\"Fundaci\u00f3 Itaka-Escolapios\",\"url\":\"https:\\\/\\\/www.itakaescolapios.org\\\/fr\\\/es\\\/\",\"logo\":{\"@type\":\"ImageObject\",\"inLanguage\":\"fr-FR\",\"@id\":\"https:\\\/\\\/www.itakaescolapios.org\\\/fr\\\/es\\\/#\\\/schema\\\/logo\\\/image\\\/\",\"url\":\"https:\\\/\\\/www.itakaescolapios.org\\\/wp-content\\\/uploads\\\/2024\\\/04\\\/Logo-itakaescolapios-peque.png\",\"contentUrl\":\"https:\\\/\\\/www.itakaescolapios.org\\\/wp-content\\\/uploads\\\/2024\\\/04\\\/Logo-itakaescolapios-peque.png\",\"width\":500,\"height\":199,\"caption\":\"Fundaci\u00f3 Itaka-Escolapios\"},\"image\":{\"@id\":\"https:\\\/\\\/www.itakaescolapios.org\\\/fr\\\/es\\\/#\\\/schema\\\/logo\\\/image\\\/\"}},{\"@type\":\"Person\",\"@id\":\"https:\\\/\\\/www.itakaescolapios.org\\\/es\\\/#\\\/schema\\\/person\\\/c232ccaa2b3f2e98db93c1f8dfca96ff\",\"name\":\"valencia01\",\"url\":\"https:\\\/\\\/www.itakaescolapios.org\\\/fr\\\/author\\\/valencia01\\\/\"}]}<\/script>\n<!-- \/ Yoast SEO plugin. -->","yoast_head_json":{"title":"Encuentro Ulises de Betania","description":"Este s\u00e1bado tuvo lugar en el colegio de la Malvarrosa de Valencia el encuentro de segundo a\u00f1o de los j\u00f3venes participantes en el Proyecto Ulises de la provincia de Betania. Este encuentro es uno de los puntos fuertes del segundo a\u00f1o del itinerario Ulises, ya que re\u00fane a los j\u00f3venes que han tenido una experiencia\u2026","robots":{"index":"index","follow":"follow","max-snippet":"max-snippet:-1","max-image-preview":"max-image-preview:large","max-video-preview":"max-video-preview:-1"},"canonical":"Este s\u00e1bado tuvo lugar en el colegio de la Malvarrosa de Valencia el encuentro de segundo a\u00f1o de los j\u00f3venes participantes en el Proyecto Ulises de la provincia de Betania. Este encuentro es uno de los puntos fuertes del segundo a\u00f1o del itinerario Ulises, ya que re\u00fane a los j\u00f3venes que han tenido una experiencia\u2026","og_locale":"fr_FR","og_type":"article","og_title":"Encuentro Ulises de Betania","og_description":"Este s\u00e1bado tuvo lugar en el colegio de la Malvarrosa de Valencia el encuentro de segundo a\u00f1o de los j\u00f3venes participantes en el Proyecto Ulises de la provincia de Betania. Este encuentro es uno de los puntos fuertes del segundo a\u00f1o del itinerario Ulises, ya que re\u00fane a los j\u00f3venes que han tenido una experiencia\u2026","og_url":"https:\/\/www.itakaescolapios.org\/fr\/2015\/12\/english-encuentro-ulises-de-betania\/","og_site_name":"Itaka-Escolapios","article_published_time":"2015-12-01T09:08:20+00:00","article_modified_time":"2023-11-28T11:38:33+00:00","og_image":[{"width":1599,"height":899,"url":"https:\/\/www.itakaescolapios.org\/wp-content\/uploads\/2015\/12\/IMG-20151128-WA0001.jpg","type":"image\/jpeg"}],"author":"valencia01","twitter_card":"summary_large_image","twitter_misc":{"\u00c9crit par":"valencia01","Dur\u00e9e de lecture estim\u00e9e":"1 minute"},"schema":{"@context":"https:\/\/schema.org","@graph":[{"@type":"Article","@id":"https:\/\/www.itakaescolapios.org\/fr\/2015\/12\/english-encuentro-ulises-de-betania\/#article","isPartOf":{"@id":"https:\/\/www.itakaescolapios.org\/fr\/2015\/12\/english-encuentro-ulises-de-betania\/"},"author":{"name":"valencia01","@id":"https:\/\/www.itakaescolapios.org\/es\/#\/schema\/person\/c232ccaa2b3f2e98db93c1f8dfca96ff"},"headline":"Encuentro Ulises de Betania","datePublished":"2015-12-01T09:08:20+00:00","dateModified":"2023-11-28T11:38:33+00:00","mainEntityOfPage":{"@id":"https:\/\/www.itakaescolapios.org\/fr\/2015\/12\/english-encuentro-ulises-de-betania\/"},"wordCount":293,"publisher":{"@id":"https:\/\/www.itakaescolapios.org\/es\/#organization"},"image":{"@id":"https:\/\/www.itakaescolapios.org\/fr\/2015\/12\/english-encuentro-ulises-de-betania\/#primaryimage"},"thumbnailUrl":"https:\/\/www.itakaescolapios.org\/wp-content\/uploads\/2015\/12\/IMG-20151128-WA0001.jpg","keywords":["Encuentro","Sur","Ulises","voluntariado"],"articleSection":["Valencia"],"inLanguage":"fr-FR"},{"@type":"WebPage","@id":"https:\/\/www.itakaescolapios.org\/fr\/2015\/12\/english-encuentro-ulises-de-betania\/","url":"https:\/\/www.itakaescolapios.org\/fr\/2015\/12\/english-encuentro-ulises-de-betania\/","name":"Encuentro Ulises de Betania - Itaka-Escolapios","isPartOf":{"@id":"https:\/\/www.itakaescolapios.org\/es\/#website"},"primaryImageOfPage":{"@id":"https:\/\/www.itakaescolapios.org\/fr\/2015\/12\/english-encuentro-ulises-de-betania\/#primaryimage"},"image":{"@id":"https:\/\/www.itakaescolapios.org\/fr\/2015\/12\/english-encuentro-ulises-de-betania\/#primaryimage"},"thumbnailUrl":"https:\/\/www.itakaescolapios.org\/wp-content\/uploads\/2015\/12\/IMG-20151128-WA0001.jpg","datePublished":"2015-12-01T09:08:20+00:00","dateModified":"2023-11-28T11:38:33+00:00","breadcrumb":{"@id":"https:\/\/www.itakaescolapios.org\/fr\/2015\/12\/english-encuentro-ulises-de-betania\/#breadcrumb"},"inLanguage":"fr-FR","potentialAction":[{"@type":"ReadAction","target":["https:\/\/www.itakaescolapios.org\/fr\/2015\/12\/english-encuentro-ulises-de-betania\/"]}]},{"@type":"ImageObject","inLanguage":"fr-FR","@id":"https:\/\/www.itakaescolapios.org\/fr\/2015\/12\/english-encuentro-ulises-de-betania\/#primaryimage","url":"https:\/\/www.itakaescolapios.org\/wp-content\/uploads\/2015\/12\/IMG-20151128-WA0001.jpg","contentUrl":"https:\/\/www.itakaescolapios.org\/wp-content\/uploads\/2015\/12\/IMG-20151128-WA0001.jpg","width":1599,"height":899},{"@type":"BreadcrumbList","@id":"https:\/\/www.itakaescolapios.org\/fr\/2015\/12\/english-encuentro-ulises-de-betania\/#breadcrumb","itemListElement":[{"@type":"ListItem","position":1,"name":"Itaka-Escolapios","item":"https:\/\/www.itakaescolapios.org\/es\/"},{"@type":"ListItem","position":2,"name":"Encuentro Ulises de Betania"}]},{"@type":"WebSite","@id":"https:\/\/www.itakaescolapios.org\/fr\/es\/#website","url":"https:\/\/www.itakaescolapios.org\/fr\/es\/","name":"Itaka-Escolapios","description":"Red de Itaka-Escolapios","publisher":{"@id":"https:\/\/www.itakaescolapios.org\/fr\/es\/#organization"},"potentialAction":[{"@type":"SearchAction","target":{"@type":"EntryPoint","urlTemplate":"https:\/\/www.itakaescolapios.org\/fr\/es\/?s={search_term_string}"},"query-input":{"@type":"PropertyValueSpecification","valueRequired":true,"valueName":"search_term_string"}}],"inLanguage":"fr-FR"},{"@type":"Organization","@id":"https:\/\/www.itakaescolapios.org\/fr\/es\/#organization","name":"Fundaci\u00f3 Itaka-Escolapios","url":"https:\/\/www.itakaescolapios.org\/fr\/es\/","logo":{"@type":"ImageObject","inLanguage":"fr-FR","@id":"https:\/\/www.itakaescolapios.org\/fr\/es\/#\/schema\/logo\/image\/","url":"https:\/\/www.itakaescolapios.org\/wp-content\/uploads\/2024\/04\/Logo-itakaescolapios-peque.png","contentUrl":"https:\/\/www.itakaescolapios.org\/wp-content\/uploads\/2024\/04\/Logo-itakaescolapios-peque.png","width":500,"height":199,"caption":"Fundaci\u00f3 Itaka-Escolapios"},"image":{"@id":"https:\/\/www.itakaescolapios.org\/fr\/es\/#\/schema\/logo\/image\/"}},{"@type":"Person","@id":"https:\/\/www.itakaescolapios.org\/es\/#\/schema\/person\/c232ccaa2b3f2e98db93c1f8dfca96ff","name":"valencia01","url":"https:\/\/www.itakaescolapios.org\/fr\/author\/valencia01\/"}]}},"_links":{"self":[{"href":"https:\/\/www.itakaescolapios.org\/fr\/wp-json\/wp\/v2\/posts\/14159","targetHints":{"allow":["GET"]}}],"collection":[{"href":"https:\/\/www.itakaescolapios.org\/fr\/wp-json\/wp\/v2\/posts"}],"about":[{"href":"https:\/\/www.itakaescolapios.org\/fr\/wp-json\/wp\/v2\/types\/post"}],"author":[{"embeddable":true,"href":"https:\/\/www.itakaescolapios.org\/fr\/wp-json\/wp\/v2\/users\/39"}],"replies":[{"embeddable":true,"href":"https:\/\/www.itakaescolapios.org\/fr\/wp-json\/wp\/v2\/comments?post=14159"}],"version-history":[{"count":4,"href":"https:\/\/www.itakaescolapios.org\/fr\/wp-json\/wp\/v2\/posts\/14159\/revisions"}],"predecessor-version":[{"id":48509,"href":"https:\/\/www.itakaescolapios.org\/fr\/wp-json\/wp\/v2\/posts\/14159\/revisions\/48509"}],"wp:featuredmedia":[{"embeddable":true,"href":"https:\/\/www.itakaescolapios.org\/fr\/wp-json\/wp\/v2\/media\/14160"}],"wp:attachment":[{"href":"https:\/\/www.itakaescolapios.org\/fr\/wp-json\/wp\/v2\/media?parent=14159"}],"wp:term":[{"taxonomy":"category","embeddable":true,"href":"https:\/\/www.itakaescolapios.org\/fr\/wp-json\/wp\/v2\/categories?post=14159"},{"taxonomy":"post_tag","embeddable":true,"href":"https:\/\/www.itakaescolapios.org\/fr\/wp-json\/wp\/v2\/tags?post=14159"}],"curies":[{"name":"wp","href":"https:\/\/api.w.org\/{rel}","templated":true}]}}