{"id":14288,"date":"2015-12-21T12:50:24","date_gmt":"2015-12-21T11:50:24","guid":{"rendered":"https:\/\/www.itakaescolapios.org\/?p=14288"},"modified":"2023-11-28T12:38:31","modified_gmt":"2023-11-28T11:38:31","slug":"el-rastrillo-del-colegio-escolapios-de-logrono-en-la-prensa","status":"publish","type":"post","link":"https:\/\/www.itakaescolapios.org\/fr\/2015\/12\/el-rastrillo-del-colegio-escolapios-de-logrono-en-la-prensa\/","title":{"rendered":"EL RASTRILLO DEL COLEGIO ESCOLAPIOS DE LOGRO\u00d1O EN LA PRENSA"},"content":{"rendered":"<p>Se lo han contado a buena parte del barrio, sobre todo a los de las calles m\u00e1s pr\u00f3ximas porque ayer, cerca de sesenta chavales del colegio Escolapios pensaban recorrer los portales con la esperanza de encontrar material que poner a la venta en el mercadillo que abren esta misma tarde, despu\u00e9s de clase, y que tambi\u00e9n funcionar\u00e1 ma\u00f1ana por la tarde.<\/p>\n<p>LAS CLAVES<\/p>\n<ul>\n<li>Las necesidades. Desde el centro han detectado casos de alumnos con problemas para lograr el material escolar, ropa o comida.<\/li>\n<\/ul>\n<ul>\n<li>La acci\u00f3n. Se trata de disponer de medios para poder actuar.<\/li>\n<\/ul>\n<ul>\n<li>El mercadillo. Abrir\u00e1 esta tarde y ma\u00f1ana, de 5 a 7 de la tarde, tras la tarea de recopilaci\u00f3n de material.<\/li>\n<\/ul>\n<p>Con lo que han recogido, han ido completando unos &lsquo;stocks&rsquo; que ya hab\u00edan ido generando con la aportaci\u00f3n de las familias del centro y de los vecinos que estos d\u00edas pasaban por all\u00ed e iban dejando lo que se les iba ocurriendo. En uno de los cuartitos del patio se iban depositando las cosas que esta tarde se sacar\u00e1n para su exposici\u00f3n al p\u00fablico.<\/p>\n<p>Como ellos se han ocupado de las provisiones, la venta directa ser\u00e1 ya una cuesti\u00f3n de padres. La misi\u00f3n de los juveniles consistir\u00e1 entonces en animar de forma navide\u00f1a el recinto, que permanecer\u00e1 con las puertas abiertas para recibir a quien quiera entrar, comunidad educativa, vecindario, visitantes&#8230;<\/p>\n<p>Y todo porque en el mismo cole han ido detectando la existencia de familias con problemas para cubrir las necesidades de sus hijos en lo que a material escolar, ropa o alimentaci\u00f3n se refiere. Hallado el caso, se trata de intentar ayudar y, para poder hacerlo, este mercadillo tiene como objetivo generar una bolsa de recursos de la que poder tirar en un momento dado. En alguna ocasi\u00f3n, una experiencia del estilo ha generado hasta 2.000 euros, recuerda Jon Calleja, encargado de la iniciativa y tambi\u00e9n de la fundaci\u00f3n Itaka Escolapios en el centro.<\/p>\n<p>El entorno pr\u00f3ximo<\/p>\n<p>La fundaci\u00f3n Itaka act\u00faa en los distintos colegios de Escolapios de la zona norte para desarrollar actividades extraescolares de car\u00e1cter social y buena parte de su acci\u00f3n gira en torno al mundo educativo organizando, por ejemplo, clases de alfabetizaci\u00f3n para adultos, apoyo a escolares. En Logro\u00f1o se trabaja en el apoyo escolar para chavales del centro y del barrio con voluntarios que pueden ser padres, profesores, antiguos alumnos&#8230; As\u00ed, se organizan durante cuatro tardes a la semana para los alumnos, sobre todo, de Primaria.<\/p>\n<p>Las campa\u00f1as como la que est\u00e1 en marcha ahora se preparan dos veces al a\u00f1o y, mientras la de Semana Santa tiene m\u00e1s que ver con la cooperaci\u00f3n al desarrollo en otros pa\u00edses, la de Navidad se centra en el entorno m\u00e1s pr\u00f3ximo. De ah\u00ed el mercadillo de hoy y ma\u00f1ana. Se trata de que \u00aben el cole todos tenemos que tener las mismas posibilidades y todos colaboramos\u00bb, apunta Calleja. Primero se ha hablado con los chavales sobre las realidades que viven muchas familias y despu\u00e9s se han analizado las distintas posibilidades de actuar, cuenta \u00e9l. Otra de las formas ha sido una recogida de comida para el Banco de Alimentos.<\/p>\n","protected":false},"excerpt":{"rendered":"<p>Se lo han contado a buena parte del barrio, sobre todo a los de las calles m\u00e1s pr\u00f3ximas porque ayer, cerca de sesenta chavales del colegio Escolapios pensaban recorrer los [&hellip;]<\/p>\n","protected":false},"author":4,"featured_media":14289,"comment_status":"closed","ping_status":"closed","sticky":false,"template":"","format":"standard","meta":{"_et_pb_use_builder":"","_et_pb_old_content":"","_et_gb_content_width":"","footnotes":""},"categories":[19],"tags":[],"class_list":["post-14288","post","type-post","status-publish","format-standard","has-post-thumbnail","hentry","category-logrono"],"yoast_head":"<!-- This site is optimized with the Yoast SEO plugin v27.4 - https:\/\/yoast.com\/product\/yoast-seo-wordpress\/ -->\n<title>EL RASTRILLO DEL COLEGIO ESCOLAPIOS DE LOGRO\u00d1O EN LA PRENSA<\/title>\n<meta name=\"description\" content=\"Se lo han contado a buena parte del barrio, sobre todo a los de las calles m\u00e1s pr\u00f3ximas porque ayer, cerca de sesenta chavales del colegio Escolapios pensaban recorrer los portales con la esperanza de encontrar material que poner a la venta en el mercadillo que abren esta misma tarde, despu\u00e9s de clase, y que\u2026\" \/>\n<meta name=\"robots\" content=\"index, follow, max-snippet:-1, max-image-preview:large, max-video-preview:-1\" \/>\n<link rel=\"canonical\" href=\"http:\/\/Se%20lo%20han%20contado%20a%20buena%20parte%20del%20barrio,%20sobre%20todo%20a%20los%20de%20las%20calles%20m\u00e1s%20pr\u00f3ximas%20porque%20ayer,%20cerca%20de%20sesenta%20chavales%20del%20colegio%20Escolapios%20pensaban%20recorrer%20los%20portales%20con%20la%20esperanza%20de%20encontrar%20material%20que%20poner%20a%20la%20venta%20en%20el%20mercadillo%20que%20abren%20esta%20misma%20tarde,%20despu\u00e9s%20de%20clase,%20y%20que\u2026\" \/>\n<meta property=\"og:locale\" content=\"fr_FR\" \/>\n<meta property=\"og:type\" content=\"article\" \/>\n<meta property=\"og:title\" content=\"EL RASTRILLO DEL COLEGIO ESCOLAPIOS DE LOGRO\u00d1O EN LA PRENSA\" \/>\n<meta property=\"og:description\" content=\"Se lo han contado a buena parte del barrio, sobre todo a los de las calles m\u00e1s pr\u00f3ximas porque ayer, cerca de sesenta chavales del colegio Escolapios pensaban recorrer los portales con la esperanza de encontrar material que poner a la venta en el mercadillo que abren esta misma tarde, despu\u00e9s de clase, y que\u2026\" \/>\n<meta property=\"og:url\" content=\"https:\/\/www.itakaescolapios.org\/fr\/2015\/12\/el-rastrillo-del-colegio-escolapios-de-logrono-en-la-prensa\/\" \/>\n<meta property=\"og:site_name\" content=\"Itaka-Escolapios\" \/>\n<meta property=\"article:published_time\" content=\"2015-12-21T11:50:24+00:00\" \/>\n<meta property=\"article:modified_time\" content=\"2023-11-28T11:38:31+00:00\" \/>\n<meta property=\"og:image\" content=\"https:\/\/www.itakaescolapios.org\/wp-content\/uploads\/2015\/12\/9931638.jpg\" \/>\n\t<meta property=\"og:image:width\" content=\"490\" \/>\n\t<meta property=\"og:image:height\" content=\"692\" \/>\n\t<meta property=\"og:image:type\" content=\"image\/jpeg\" \/>\n<meta name=\"author\" content=\"itaka\" \/>\n<meta name=\"twitter:card\" content=\"summary_large_image\" \/>\n<meta name=\"twitter:label1\" content=\"\u00c9crit par\" \/>\n\t<meta name=\"twitter:data1\" content=\"itaka\" \/>\n\t<meta name=\"twitter:label2\" content=\"Dur\u00e9e de lecture estim\u00e9e\" \/>\n\t<meta name=\"twitter:data2\" content=\"3 minutes\" \/>\n<script type=\"application\/ld+json\" class=\"yoast-schema-graph\">{\"@context\":\"https:\\\/\\\/schema.org\",\"@graph\":[{\"@type\":\"Article\",\"@id\":\"https:\\\/\\\/www.itakaescolapios.org\\\/fr\\\/2015\\\/12\\\/el-rastrillo-del-colegio-escolapios-de-logrono-en-la-prensa\\\/#article\",\"isPartOf\":{\"@id\":\"https:\\\/\\\/www.itakaescolapios.org\\\/fr\\\/2015\\\/12\\\/el-rastrillo-del-colegio-escolapios-de-logrono-en-la-prensa\\\/\"},\"author\":{\"name\":\"itaka\",\"@id\":\"https:\\\/\\\/www.itakaescolapios.org\\\/es\\\/#\\\/schema\\\/person\\\/670123daeb1cc31cae1b106740036ccb\"},\"headline\":\"EL RASTRILLO DEL COLEGIO ESCOLAPIOS DE LOGRO\u00d1O EN LA PRENSA\",\"datePublished\":\"2015-12-21T11:50:24+00:00\",\"dateModified\":\"2023-11-28T11:38:31+00:00\",\"mainEntityOfPage\":{\"@id\":\"https:\\\/\\\/www.itakaescolapios.org\\\/fr\\\/2015\\\/12\\\/el-rastrillo-del-colegio-escolapios-de-logrono-en-la-prensa\\\/\"},\"wordCount\":563,\"publisher\":{\"@id\":\"https:\\\/\\\/www.itakaescolapios.org\\\/es\\\/#organization\"},\"image\":{\"@id\":\"https:\\\/\\\/www.itakaescolapios.org\\\/fr\\\/2015\\\/12\\\/el-rastrillo-del-colegio-escolapios-de-logrono-en-la-prensa\\\/#primaryimage\"},\"thumbnailUrl\":\"https:\\\/\\\/www.itakaescolapios.org\\\/wp-content\\\/uploads\\\/2015\\\/12\\\/9931638.jpg\",\"articleSection\":[\"Logro\u00f1o\"],\"inLanguage\":\"fr-FR\"},{\"@type\":\"WebPage\",\"@id\":\"https:\\\/\\\/www.itakaescolapios.org\\\/fr\\\/2015\\\/12\\\/el-rastrillo-del-colegio-escolapios-de-logrono-en-la-prensa\\\/\",\"url\":\"https:\\\/\\\/www.itakaescolapios.org\\\/fr\\\/2015\\\/12\\\/el-rastrillo-del-colegio-escolapios-de-logrono-en-la-prensa\\\/\",\"name\":\"EL RASTRILLO DEL COLEGIO ESCOLAPIOS DE LOGRO\u00d1O EN LA PRENSA - Itaka-Escolapios\",\"isPartOf\":{\"@id\":\"https:\\\/\\\/www.itakaescolapios.org\\\/es\\\/#website\"},\"primaryImageOfPage\":{\"@id\":\"https:\\\/\\\/www.itakaescolapios.org\\\/fr\\\/2015\\\/12\\\/el-rastrillo-del-colegio-escolapios-de-logrono-en-la-prensa\\\/#primaryimage\"},\"image\":{\"@id\":\"https:\\\/\\\/www.itakaescolapios.org\\\/fr\\\/2015\\\/12\\\/el-rastrillo-del-colegio-escolapios-de-logrono-en-la-prensa\\\/#primaryimage\"},\"thumbnailUrl\":\"https:\\\/\\\/www.itakaescolapios.org\\\/wp-content\\\/uploads\\\/2015\\\/12\\\/9931638.jpg\",\"datePublished\":\"2015-12-21T11:50:24+00:00\",\"dateModified\":\"2023-11-28T11:38:31+00:00\",\"breadcrumb\":{\"@id\":\"https:\\\/\\\/www.itakaescolapios.org\\\/fr\\\/2015\\\/12\\\/el-rastrillo-del-colegio-escolapios-de-logrono-en-la-prensa\\\/#breadcrumb\"},\"inLanguage\":\"fr-FR\",\"potentialAction\":[{\"@type\":\"ReadAction\",\"target\":[\"https:\\\/\\\/www.itakaescolapios.org\\\/fr\\\/2015\\\/12\\\/el-rastrillo-del-colegio-escolapios-de-logrono-en-la-prensa\\\/\"]}]},{\"@type\":\"ImageObject\",\"inLanguage\":\"fr-FR\",\"@id\":\"https:\\\/\\\/www.itakaescolapios.org\\\/fr\\\/2015\\\/12\\\/el-rastrillo-del-colegio-escolapios-de-logrono-en-la-prensa\\\/#primaryimage\",\"url\":\"https:\\\/\\\/www.itakaescolapios.org\\\/wp-content\\\/uploads\\\/2015\\\/12\\\/9931638.jpg\",\"contentUrl\":\"https:\\\/\\\/www.itakaescolapios.org\\\/wp-content\\\/uploads\\\/2015\\\/12\\\/9931638.jpg\",\"width\":490,\"height\":692},{\"@type\":\"BreadcrumbList\",\"@id\":\"https:\\\/\\\/www.itakaescolapios.org\\\/fr\\\/2015\\\/12\\\/el-rastrillo-del-colegio-escolapios-de-logrono-en-la-prensa\\\/#breadcrumb\",\"itemListElement\":[{\"@type\":\"ListItem\",\"position\":1,\"name\":\"Itaka-Escolapios\",\"item\":\"https:\\\/\\\/www.itakaescolapios.org\\\/es\\\/\"},{\"@type\":\"ListItem\",\"position\":2,\"name\":\"EL RASTRILLO DEL COLEGIO ESCOLAPIOS DE LOGRO\u00d1O EN LA PRENSA\"}]},{\"@type\":\"WebSite\",\"@id\":\"https:\\\/\\\/www.itakaescolapios.org\\\/fr\\\/es\\\/#website\",\"url\":\"https:\\\/\\\/www.itakaescolapios.org\\\/fr\\\/es\\\/\",\"name\":\"Itaka-Escolapios\",\"description\":\"Red de Itaka-Escolapios\",\"publisher\":{\"@id\":\"https:\\\/\\\/www.itakaescolapios.org\\\/fr\\\/es\\\/#organization\"},\"potentialAction\":[{\"@type\":\"SearchAction\",\"target\":{\"@type\":\"EntryPoint\",\"urlTemplate\":\"https:\\\/\\\/www.itakaescolapios.org\\\/fr\\\/es\\\/?s={search_term_string}\"},\"query-input\":{\"@type\":\"PropertyValueSpecification\",\"valueRequired\":true,\"valueName\":\"search_term_string\"}}],\"inLanguage\":\"fr-FR\"},{\"@type\":\"Organization\",\"@id\":\"https:\\\/\\\/www.itakaescolapios.org\\\/fr\\\/es\\\/#organization\",\"name\":\"Fundaci\u00f3 Itaka-Escolapios\",\"url\":\"https:\\\/\\\/www.itakaescolapios.org\\\/fr\\\/es\\\/\",\"logo\":{\"@type\":\"ImageObject\",\"inLanguage\":\"fr-FR\",\"@id\":\"https:\\\/\\\/www.itakaescolapios.org\\\/fr\\\/es\\\/#\\\/schema\\\/logo\\\/image\\\/\",\"url\":\"https:\\\/\\\/www.itakaescolapios.org\\\/wp-content\\\/uploads\\\/2024\\\/04\\\/Logo-itakaescolapios-peque.png\",\"contentUrl\":\"https:\\\/\\\/www.itakaescolapios.org\\\/wp-content\\\/uploads\\\/2024\\\/04\\\/Logo-itakaescolapios-peque.png\",\"width\":500,\"height\":199,\"caption\":\"Fundaci\u00f3 Itaka-Escolapios\"},\"image\":{\"@id\":\"https:\\\/\\\/www.itakaescolapios.org\\\/fr\\\/es\\\/#\\\/schema\\\/logo\\\/image\\\/\"}},{\"@type\":\"Person\",\"@id\":\"https:\\\/\\\/www.itakaescolapios.org\\\/es\\\/#\\\/schema\\\/person\\\/670123daeb1cc31cae1b106740036ccb\",\"name\":\"itaka\",\"url\":\"https:\\\/\\\/www.itakaescolapios.org\\\/fr\\\/author\\\/itaka\\\/\"}]}<\/script>\n<!-- \/ Yoast SEO plugin. -->","yoast_head_json":{"title":"EL RASTRILLO DEL COLEGIO ESCOLAPIOS DE LOGRO\u00d1O EN LA PRENSA","description":"Se lo han contado a buena parte del barrio, sobre todo a los de las calles m\u00e1s pr\u00f3ximas porque ayer, cerca de sesenta chavales del colegio Escolapios pensaban recorrer los portales con la esperanza de encontrar material que poner a la venta en el mercadillo que abren esta misma tarde, despu\u00e9s de clase, y que\u2026","robots":{"index":"index","follow":"follow","max-snippet":"max-snippet:-1","max-image-preview":"max-image-preview:large","max-video-preview":"max-video-preview:-1"},"canonical":"Se lo han contado a buena parte del barrio, sobre todo a los de las calles m\u00e1s pr\u00f3ximas porque ayer, cerca de sesenta chavales del colegio Escolapios pensaban recorrer los portales con la esperanza de encontrar material que poner a la venta en el mercadillo que abren esta misma tarde, despu\u00e9s de clase, y que\u2026","og_locale":"fr_FR","og_type":"article","og_title":"EL RASTRILLO DEL COLEGIO ESCOLAPIOS DE LOGRO\u00d1O EN LA PRENSA","og_description":"Se lo han contado a buena parte del barrio, sobre todo a los de las calles m\u00e1s pr\u00f3ximas porque ayer, cerca de sesenta chavales del colegio Escolapios pensaban recorrer los portales con la esperanza de encontrar material que poner a la venta en el mercadillo que abren esta misma tarde, despu\u00e9s de clase, y que\u2026","og_url":"https:\/\/www.itakaescolapios.org\/fr\/2015\/12\/el-rastrillo-del-colegio-escolapios-de-logrono-en-la-prensa\/","og_site_name":"Itaka-Escolapios","article_published_time":"2015-12-21T11:50:24+00:00","article_modified_time":"2023-11-28T11:38:31+00:00","og_image":[{"width":490,"height":692,"url":"https:\/\/www.itakaescolapios.org\/wp-content\/uploads\/2015\/12\/9931638.jpg","type":"image\/jpeg"}],"author":"itaka","twitter_card":"summary_large_image","twitter_misc":{"\u00c9crit par":"itaka","Dur\u00e9e de lecture estim\u00e9e":"3 minutes"},"schema":{"@context":"https:\/\/schema.org","@graph":[{"@type":"Article","@id":"https:\/\/www.itakaescolapios.org\/fr\/2015\/12\/el-rastrillo-del-colegio-escolapios-de-logrono-en-la-prensa\/#article","isPartOf":{"@id":"https:\/\/www.itakaescolapios.org\/fr\/2015\/12\/el-rastrillo-del-colegio-escolapios-de-logrono-en-la-prensa\/"},"author":{"name":"itaka","@id":"https:\/\/www.itakaescolapios.org\/es\/#\/schema\/person\/670123daeb1cc31cae1b106740036ccb"},"headline":"EL RASTRILLO DEL COLEGIO ESCOLAPIOS DE LOGRO\u00d1O EN LA PRENSA","datePublished":"2015-12-21T11:50:24+00:00","dateModified":"2023-11-28T11:38:31+00:00","mainEntityOfPage":{"@id":"https:\/\/www.itakaescolapios.org\/fr\/2015\/12\/el-rastrillo-del-colegio-escolapios-de-logrono-en-la-prensa\/"},"wordCount":563,"publisher":{"@id":"https:\/\/www.itakaescolapios.org\/es\/#organization"},"image":{"@id":"https:\/\/www.itakaescolapios.org\/fr\/2015\/12\/el-rastrillo-del-colegio-escolapios-de-logrono-en-la-prensa\/#primaryimage"},"thumbnailUrl":"https:\/\/www.itakaescolapios.org\/wp-content\/uploads\/2015\/12\/9931638.jpg","articleSection":["Logro\u00f1o"],"inLanguage":"fr-FR"},{"@type":"WebPage","@id":"https:\/\/www.itakaescolapios.org\/fr\/2015\/12\/el-rastrillo-del-colegio-escolapios-de-logrono-en-la-prensa\/","url":"https:\/\/www.itakaescolapios.org\/fr\/2015\/12\/el-rastrillo-del-colegio-escolapios-de-logrono-en-la-prensa\/","name":"EL RASTRILLO DEL COLEGIO ESCOLAPIOS DE LOGRO\u00d1O EN LA PRENSA - Itaka-Escolapios","isPartOf":{"@id":"https:\/\/www.itakaescolapios.org\/es\/#website"},"primaryImageOfPage":{"@id":"https:\/\/www.itakaescolapios.org\/fr\/2015\/12\/el-rastrillo-del-colegio-escolapios-de-logrono-en-la-prensa\/#primaryimage"},"image":{"@id":"https:\/\/www.itakaescolapios.org\/fr\/2015\/12\/el-rastrillo-del-colegio-escolapios-de-logrono-en-la-prensa\/#primaryimage"},"thumbnailUrl":"https:\/\/www.itakaescolapios.org\/wp-content\/uploads\/2015\/12\/9931638.jpg","datePublished":"2015-12-21T11:50:24+00:00","dateModified":"2023-11-28T11:38:31+00:00","breadcrumb":{"@id":"https:\/\/www.itakaescolapios.org\/fr\/2015\/12\/el-rastrillo-del-colegio-escolapios-de-logrono-en-la-prensa\/#breadcrumb"},"inLanguage":"fr-FR","potentialAction":[{"@type":"ReadAction","target":["https:\/\/www.itakaescolapios.org\/fr\/2015\/12\/el-rastrillo-del-colegio-escolapios-de-logrono-en-la-prensa\/"]}]},{"@type":"ImageObject","inLanguage":"fr-FR","@id":"https:\/\/www.itakaescolapios.org\/fr\/2015\/12\/el-rastrillo-del-colegio-escolapios-de-logrono-en-la-prensa\/#primaryimage","url":"https:\/\/www.itakaescolapios.org\/wp-content\/uploads\/2015\/12\/9931638.jpg","contentUrl":"https:\/\/www.itakaescolapios.org\/wp-content\/uploads\/2015\/12\/9931638.jpg","width":490,"height":692},{"@type":"BreadcrumbList","@id":"https:\/\/www.itakaescolapios.org\/fr\/2015\/12\/el-rastrillo-del-colegio-escolapios-de-logrono-en-la-prensa\/#breadcrumb","itemListElement":[{"@type":"ListItem","position":1,"name":"Itaka-Escolapios","item":"https:\/\/www.itakaescolapios.org\/es\/"},{"@type":"ListItem","position":2,"name":"EL RASTRILLO DEL COLEGIO ESCOLAPIOS DE LOGRO\u00d1O EN LA PRENSA"}]},{"@type":"WebSite","@id":"https:\/\/www.itakaescolapios.org\/fr\/es\/#website","url":"https:\/\/www.itakaescolapios.org\/fr\/es\/","name":"Itaka-Escolapios","description":"Red de Itaka-Escolapios","publisher":{"@id":"https:\/\/www.itakaescolapios.org\/fr\/es\/#organization"},"potentialAction":[{"@type":"SearchAction","target":{"@type":"EntryPoint","urlTemplate":"https:\/\/www.itakaescolapios.org\/fr\/es\/?s={search_term_string}"},"query-input":{"@type":"PropertyValueSpecification","valueRequired":true,"valueName":"search_term_string"}}],"inLanguage":"fr-FR"},{"@type":"Organization","@id":"https:\/\/www.itakaescolapios.org\/fr\/es\/#organization","name":"Fundaci\u00f3 Itaka-Escolapios","url":"https:\/\/www.itakaescolapios.org\/fr\/es\/","logo":{"@type":"ImageObject","inLanguage":"fr-FR","@id":"https:\/\/www.itakaescolapios.org\/fr\/es\/#\/schema\/logo\/image\/","url":"https:\/\/www.itakaescolapios.org\/wp-content\/uploads\/2024\/04\/Logo-itakaescolapios-peque.png","contentUrl":"https:\/\/www.itakaescolapios.org\/wp-content\/uploads\/2024\/04\/Logo-itakaescolapios-peque.png","width":500,"height":199,"caption":"Fundaci\u00f3 Itaka-Escolapios"},"image":{"@id":"https:\/\/www.itakaescolapios.org\/fr\/es\/#\/schema\/logo\/image\/"}},{"@type":"Person","@id":"https:\/\/www.itakaescolapios.org\/es\/#\/schema\/person\/670123daeb1cc31cae1b106740036ccb","name":"itaka","url":"https:\/\/www.itakaescolapios.org\/fr\/author\/itaka\/"}]}},"_links":{"self":[{"href":"https:\/\/www.itakaescolapios.org\/fr\/wp-json\/wp\/v2\/posts\/14288","targetHints":{"allow":["GET"]}}],"collection":[{"href":"https:\/\/www.itakaescolapios.org\/fr\/wp-json\/wp\/v2\/posts"}],"about":[{"href":"https:\/\/www.itakaescolapios.org\/fr\/wp-json\/wp\/v2\/types\/post"}],"author":[{"embeddable":true,"href":"https:\/\/www.itakaescolapios.org\/fr\/wp-json\/wp\/v2\/users\/4"}],"replies":[{"embeddable":true,"href":"https:\/\/www.itakaescolapios.org\/fr\/wp-json\/wp\/v2\/comments?post=14288"}],"version-history":[{"count":4,"href":"https:\/\/www.itakaescolapios.org\/fr\/wp-json\/wp\/v2\/posts\/14288\/revisions"}],"predecessor-version":[{"id":48475,"href":"https:\/\/www.itakaescolapios.org\/fr\/wp-json\/wp\/v2\/posts\/14288\/revisions\/48475"}],"wp:featuredmedia":[{"embeddable":true,"href":"https:\/\/www.itakaescolapios.org\/fr\/wp-json\/wp\/v2\/media\/14289"}],"wp:attachment":[{"href":"https:\/\/www.itakaescolapios.org\/fr\/wp-json\/wp\/v2\/media?parent=14288"}],"wp:term":[{"taxonomy":"category","embeddable":true,"href":"https:\/\/www.itakaescolapios.org\/fr\/wp-json\/wp\/v2\/categories?post=14288"},{"taxonomy":"post_tag","embeddable":true,"href":"https:\/\/www.itakaescolapios.org\/fr\/wp-json\/wp\/v2\/tags?post=14288"}],"curies":[{"name":"wp","href":"https:\/\/api.w.org\/{rel}","templated":true}]}}