{"id":14620,"date":"2016-02-16T13:24:35","date_gmt":"2016-02-16T12:24:35","guid":{"rendered":"https:\/\/www.itakaescolapios.org\/?p=14620"},"modified":"2023-11-28T12:38:29","modified_gmt":"2023-11-28T11:38:29","slug":"encuentro-formativo-de-accion-social-en-cercedilla","status":"publish","type":"post","link":"https:\/\/www.itakaescolapios.org\/fr\/2016\/02\/encuentro-formativo-de-accion-social-en-cercedilla\/","title":{"rendered":"ENCUENTRO FORMATIVO DE ACCI\u00d3N SOCIAL EN CERCEDILLA"},"content":{"rendered":"<p style=\"text-align: justify;\"><span style=\"line-height: 1.5em;\">El pasado fin de semana celebramos en Cercedilla (Madrid) el primer Encuentro formativo de Acci\u00f3n Social en el que participamos los coordinadores DAS de la provincia de Betania e Itaka- Escolapios. El objetivo era tener un tiempo de intercambio y reflexi\u00f3n sobre las actividades que hacemos en los colegios, adem\u00e1s de formarnos sobre temas vinculados a la Acci\u00f3n Social. Todo ello en un ambiente distendido para conocernos un poco m\u00e1s y sentirnos equipo con toda la provincia.<\/span><\/p>\n<p style=\"text-align: justify;\">El coordinador de Pastoral Jos\u00e9 \u00c1ngel Beltr\u00e1n abri\u00f3 el tiempo de charlas el viernes con <i>La Acci\u00f3n Social en el Proyecto Marco de Pastoral<\/i>, ubicando nuestra labor en el proyecto presentado este curso. A continuaci\u00f3n, el economista Pedro Jos\u00e9 G\u00f3mez present\u00f3 los \u00faltimos datos de pobreza y exclusi\u00f3n social en Espa\u00f1a con una exposici\u00f3n clara para tomar conciencia de la situaci\u00f3n que vivimos y a la cual queremos dar respuesta en nuestros colegios.<\/p>\n<p style=\"text-align: justify;\">Por la tarde, nuestros coordinadores de Acci\u00f3n Social se convirtieron en aut\u00e9nticos Master Chefs para reflexionar y presentar los \u201cproductos estrella\u201d de Acci\u00f3n Social de sus centros, a trav\u00e9s de los ingredientes y los platos que ellos mismos elaboraron. Elena Benito Cases cerr\u00f3 las formaciones del viernes, con una charla sobre la Transformaci\u00f3n social y las intuiciones de Calasanz, donde trabajamos el memorial de San Jos\u00e9 de Calasanz al cardenal Tonti. Y como colof\u00f3n del d\u00eda, tanto los participantes de Acci\u00f3n Social como los de Retiros que tambi\u00e9n estaban de encuentro en Cercedilla pudimos disfrutar del precioso concierto de Elena Cases.<\/p>\n<p style=\"text-align: justify;\">El s\u00e1bado dedicamos una parte de la ma\u00f1ana a presentar y resolver dudas sobre el proyecto de Becas de Comedor que hemos puesto este a\u00f1o en marcha y que ya ha conseguido becar a 22 alumnos de las Escuelas P\u00edas; para concluir con informaciones pr\u00e1cticas de campa\u00f1as y propuestas varias, as\u00ed como la evaluaci\u00f3n final del encuentro.<\/p>\n<p style=\"text-align: justify;\">Un encuentro que nos ha servido para pararnos a reflexionar sobre nuestra labor en la Acci\u00f3n Social de los colegios y darnos una inyecci\u00f3n de energ\u00eda para continuar con los proyectos conjuntos, poniendo al ni\u00f1o en el centro.<\/p>\n<p style=\"text-align: justify;\">Pod\u00e9is ver todas las fotos del Encuentro de Acci\u00f3n Social en nuestro <a href=\"https:\/\/www.facebook.com\/media\/set\/?set=a.1067661886657165.1073741864.367218580034836&amp;type=3\" target=\"_blank\" rel=\"noopener\">Facebook<\/a>.<\/p>\n","protected":false},"excerpt":{"rendered":"<p>El pasado fin de semana celebramos en Cercedilla (Madrid) el primer Encuentro formativo de Acci\u00f3n Social en el que participamos los coordinadores DAS de la provincia de Betania e Itaka- [&hellip;]<\/p>\n","protected":false},"author":39,"featured_media":14621,"comment_status":"closed","ping_status":"closed","sticky":false,"template":"","format":"standard","meta":{"_et_pb_use_builder":"","_et_pb_old_content":"","_et_gb_content_width":"","footnotes":""},"categories":[146,12],"tags":[111,195,196,45,72],"class_list":["post-14620","post","type-post","status-publish","format-standard","has-post-thumbnail","hentry","category-madrid","category-valencia","tag-accion-social","tag-al-encuentro","tag-betania","tag-encuentro","tag-formacion"],"yoast_head":"<!-- This site is optimized with the Yoast SEO plugin v27.4 - https:\/\/yoast.com\/product\/yoast-seo-wordpress\/ -->\n<title>ENCUENTRO FORMATIVO DE ACCI\u00d3N SOCIAL EN CERCEDILLA<\/title>\n<meta name=\"description\" content=\"El pasado fin de semana celebramos en Cercedilla (Madrid) el primer Encuentro formativo de Acci\u00f3n Social en el que participamos los coordinadores DAS de la provincia de Betania e Itaka- Escolapios. El objetivo era tener un tiempo de intercambio y reflexi\u00f3n sobre las actividades que hacemos en los colegios, adem\u00e1s de formarnos sobre temas vinculados\u2026\" \/>\n<meta name=\"robots\" content=\"index, follow, max-snippet:-1, max-image-preview:large, max-video-preview:-1\" \/>\n<link rel=\"canonical\" href=\"http:\/\/El%20pasado%20fin%20de%20semana%20celebramos%20en%20Cercedilla%20(Madrid)%20el%20primer%20Encuentro%20formativo%20de%20Acci\u00f3n%20Social%20en%20el%20que%20participamos%20los%20coordinadores%20DAS%20de%20la%20provincia%20de%20Betania%20e%20Itaka-%20Escolapios.%20El%20objetivo%20era%20tener%20un%20tiempo%20de%20intercambio%20y%20reflexi\u00f3n%20sobre%20las%20actividades%20que%20hacemos%20en%20los%20colegios,%20adem\u00e1s%20de%20formarnos%20sobre%20temas%20vinculados\u2026\" \/>\n<meta property=\"og:locale\" content=\"fr_FR\" \/>\n<meta property=\"og:type\" content=\"article\" \/>\n<meta property=\"og:title\" content=\"ENCUENTRO FORMATIVO DE ACCI\u00d3N SOCIAL EN CERCEDILLA\" \/>\n<meta property=\"og:description\" content=\"El pasado fin de semana celebramos en Cercedilla (Madrid) el primer Encuentro formativo de Acci\u00f3n Social en el que participamos los coordinadores DAS de la provincia de Betania e Itaka- Escolapios. El objetivo era tener un tiempo de intercambio y reflexi\u00f3n sobre las actividades que hacemos en los colegios, adem\u00e1s de formarnos sobre temas vinculados\u2026\" \/>\n<meta property=\"og:url\" content=\"https:\/\/www.itakaescolapios.org\/fr\/2016\/02\/encuentro-formativo-de-accion-social-en-cercedilla\/\" \/>\n<meta property=\"og:site_name\" content=\"Itaka-Escolapios\" \/>\n<meta property=\"article:published_time\" content=\"2016-02-16T12:24:35+00:00\" \/>\n<meta property=\"article:modified_time\" content=\"2023-11-28T11:38:29+00:00\" \/>\n<meta property=\"og:image\" content=\"https:\/\/www.itakaescolapios.org\/wp-content\/uploads\/2016\/02\/IMG-20160212-WA0010.jpg\" \/>\n\t<meta property=\"og:image:width\" content=\"1599\" \/>\n\t<meta property=\"og:image:height\" content=\"899\" \/>\n\t<meta property=\"og:image:type\" content=\"image\/jpeg\" \/>\n<meta name=\"author\" content=\"valencia01\" \/>\n<meta name=\"twitter:card\" content=\"summary_large_image\" \/>\n<meta name=\"twitter:label1\" content=\"\u00c9crit par\" \/>\n\t<meta name=\"twitter:data1\" content=\"valencia01\" \/>\n\t<meta name=\"twitter:label2\" content=\"Dur\u00e9e de lecture estim\u00e9e\" \/>\n\t<meta name=\"twitter:data2\" content=\"2 minutes\" \/>\n<script type=\"application\/ld+json\" class=\"yoast-schema-graph\">{\"@context\":\"https:\\\/\\\/schema.org\",\"@graph\":[{\"@type\":\"Article\",\"@id\":\"https:\\\/\\\/www.itakaescolapios.org\\\/fr\\\/2016\\\/02\\\/encuentro-formativo-de-accion-social-en-cercedilla\\\/#article\",\"isPartOf\":{\"@id\":\"https:\\\/\\\/www.itakaescolapios.org\\\/fr\\\/2016\\\/02\\\/encuentro-formativo-de-accion-social-en-cercedilla\\\/\"},\"author\":{\"name\":\"valencia01\",\"@id\":\"https:\\\/\\\/www.itakaescolapios.org\\\/es\\\/#\\\/schema\\\/person\\\/c232ccaa2b3f2e98db93c1f8dfca96ff\"},\"headline\":\"ENCUENTRO FORMATIVO DE ACCI\u00d3N SOCIAL EN CERCEDILLA\",\"datePublished\":\"2016-02-16T12:24:35+00:00\",\"dateModified\":\"2023-11-28T11:38:29+00:00\",\"mainEntityOfPage\":{\"@id\":\"https:\\\/\\\/www.itakaescolapios.org\\\/fr\\\/2016\\\/02\\\/encuentro-formativo-de-accion-social-en-cercedilla\\\/\"},\"wordCount\":401,\"publisher\":{\"@id\":\"https:\\\/\\\/www.itakaescolapios.org\\\/es\\\/#organization\"},\"image\":{\"@id\":\"https:\\\/\\\/www.itakaescolapios.org\\\/fr\\\/2016\\\/02\\\/encuentro-formativo-de-accion-social-en-cercedilla\\\/#primaryimage\"},\"thumbnailUrl\":\"https:\\\/\\\/www.itakaescolapios.org\\\/wp-content\\\/uploads\\\/2016\\\/02\\\/IMG-20160212-WA0010.jpg\",\"keywords\":[\"Acci\u00f3n Social\",\"Al Encuentro\",\"Betania\",\"Encuentro\",\"formaci\u00f3n\"],\"articleSection\":[\"Madrid\",\"Valencia\"],\"inLanguage\":\"fr-FR\"},{\"@type\":\"WebPage\",\"@id\":\"https:\\\/\\\/www.itakaescolapios.org\\\/fr\\\/2016\\\/02\\\/encuentro-formativo-de-accion-social-en-cercedilla\\\/\",\"url\":\"https:\\\/\\\/www.itakaescolapios.org\\\/fr\\\/2016\\\/02\\\/encuentro-formativo-de-accion-social-en-cercedilla\\\/\",\"name\":\"ENCUENTRO FORMATIVO DE ACCI\u00d3N SOCIAL EN CERCEDILLA - Itaka-Escolapios\",\"isPartOf\":{\"@id\":\"https:\\\/\\\/www.itakaescolapios.org\\\/es\\\/#website\"},\"primaryImageOfPage\":{\"@id\":\"https:\\\/\\\/www.itakaescolapios.org\\\/fr\\\/2016\\\/02\\\/encuentro-formativo-de-accion-social-en-cercedilla\\\/#primaryimage\"},\"image\":{\"@id\":\"https:\\\/\\\/www.itakaescolapios.org\\\/fr\\\/2016\\\/02\\\/encuentro-formativo-de-accion-social-en-cercedilla\\\/#primaryimage\"},\"thumbnailUrl\":\"https:\\\/\\\/www.itakaescolapios.org\\\/wp-content\\\/uploads\\\/2016\\\/02\\\/IMG-20160212-WA0010.jpg\",\"datePublished\":\"2016-02-16T12:24:35+00:00\",\"dateModified\":\"2023-11-28T11:38:29+00:00\",\"breadcrumb\":{\"@id\":\"https:\\\/\\\/www.itakaescolapios.org\\\/fr\\\/2016\\\/02\\\/encuentro-formativo-de-accion-social-en-cercedilla\\\/#breadcrumb\"},\"inLanguage\":\"fr-FR\",\"potentialAction\":[{\"@type\":\"ReadAction\",\"target\":[\"https:\\\/\\\/www.itakaescolapios.org\\\/fr\\\/2016\\\/02\\\/encuentro-formativo-de-accion-social-en-cercedilla\\\/\"]}]},{\"@type\":\"ImageObject\",\"inLanguage\":\"fr-FR\",\"@id\":\"https:\\\/\\\/www.itakaescolapios.org\\\/fr\\\/2016\\\/02\\\/encuentro-formativo-de-accion-social-en-cercedilla\\\/#primaryimage\",\"url\":\"https:\\\/\\\/www.itakaescolapios.org\\\/wp-content\\\/uploads\\\/2016\\\/02\\\/IMG-20160212-WA0010.jpg\",\"contentUrl\":\"https:\\\/\\\/www.itakaescolapios.org\\\/wp-content\\\/uploads\\\/2016\\\/02\\\/IMG-20160212-WA0010.jpg\",\"width\":1599,\"height\":899},{\"@type\":\"BreadcrumbList\",\"@id\":\"https:\\\/\\\/www.itakaescolapios.org\\\/fr\\\/2016\\\/02\\\/encuentro-formativo-de-accion-social-en-cercedilla\\\/#breadcrumb\",\"itemListElement\":[{\"@type\":\"ListItem\",\"position\":1,\"name\":\"Itaka-Escolapios\",\"item\":\"https:\\\/\\\/www.itakaescolapios.org\\\/es\\\/\"},{\"@type\":\"ListItem\",\"position\":2,\"name\":\"ENCUENTRO FORMATIVO DE ACCI\u00d3N SOCIAL EN CERCEDILLA\"}]},{\"@type\":\"WebSite\",\"@id\":\"https:\\\/\\\/www.itakaescolapios.org\\\/fr\\\/es\\\/#website\",\"url\":\"https:\\\/\\\/www.itakaescolapios.org\\\/fr\\\/es\\\/\",\"name\":\"Itaka-Escolapios\",\"description\":\"Red de Itaka-Escolapios\",\"publisher\":{\"@id\":\"https:\\\/\\\/www.itakaescolapios.org\\\/fr\\\/es\\\/#organization\"},\"potentialAction\":[{\"@type\":\"SearchAction\",\"target\":{\"@type\":\"EntryPoint\",\"urlTemplate\":\"https:\\\/\\\/www.itakaescolapios.org\\\/fr\\\/es\\\/?s={search_term_string}\"},\"query-input\":{\"@type\":\"PropertyValueSpecification\",\"valueRequired\":true,\"valueName\":\"search_term_string\"}}],\"inLanguage\":\"fr-FR\"},{\"@type\":\"Organization\",\"@id\":\"https:\\\/\\\/www.itakaescolapios.org\\\/fr\\\/es\\\/#organization\",\"name\":\"Fundaci\u00f3 Itaka-Escolapios\",\"url\":\"https:\\\/\\\/www.itakaescolapios.org\\\/fr\\\/es\\\/\",\"logo\":{\"@type\":\"ImageObject\",\"inLanguage\":\"fr-FR\",\"@id\":\"https:\\\/\\\/www.itakaescolapios.org\\\/fr\\\/es\\\/#\\\/schema\\\/logo\\\/image\\\/\",\"url\":\"https:\\\/\\\/www.itakaescolapios.org\\\/wp-content\\\/uploads\\\/2024\\\/04\\\/Logo-itakaescolapios-peque.png\",\"contentUrl\":\"https:\\\/\\\/www.itakaescolapios.org\\\/wp-content\\\/uploads\\\/2024\\\/04\\\/Logo-itakaescolapios-peque.png\",\"width\":500,\"height\":199,\"caption\":\"Fundaci\u00f3 Itaka-Escolapios\"},\"image\":{\"@id\":\"https:\\\/\\\/www.itakaescolapios.org\\\/fr\\\/es\\\/#\\\/schema\\\/logo\\\/image\\\/\"}},{\"@type\":\"Person\",\"@id\":\"https:\\\/\\\/www.itakaescolapios.org\\\/es\\\/#\\\/schema\\\/person\\\/c232ccaa2b3f2e98db93c1f8dfca96ff\",\"name\":\"valencia01\",\"url\":\"https:\\\/\\\/www.itakaescolapios.org\\\/fr\\\/author\\\/valencia01\\\/\"}]}<\/script>\n<!-- \/ Yoast SEO plugin. -->","yoast_head_json":{"title":"ENCUENTRO FORMATIVO DE ACCI\u00d3N SOCIAL EN CERCEDILLA","description":"El pasado fin de semana celebramos en Cercedilla (Madrid) el primer Encuentro formativo de Acci\u00f3n Social en el que participamos los coordinadores DAS de la provincia de Betania e Itaka- Escolapios. El objetivo era tener un tiempo de intercambio y reflexi\u00f3n sobre las actividades que hacemos en los colegios, adem\u00e1s de formarnos sobre temas vinculados\u2026","robots":{"index":"index","follow":"follow","max-snippet":"max-snippet:-1","max-image-preview":"max-image-preview:large","max-video-preview":"max-video-preview:-1"},"canonical":"El pasado fin de semana celebramos en Cercedilla (Madrid) el primer Encuentro formativo de Acci\u00f3n Social en el que participamos los coordinadores DAS de la provincia de Betania e Itaka- Escolapios. El objetivo era tener un tiempo de intercambio y reflexi\u00f3n sobre las actividades que hacemos en los colegios, adem\u00e1s de formarnos sobre temas vinculados\u2026","og_locale":"fr_FR","og_type":"article","og_title":"ENCUENTRO FORMATIVO DE ACCI\u00d3N SOCIAL EN CERCEDILLA","og_description":"El pasado fin de semana celebramos en Cercedilla (Madrid) el primer Encuentro formativo de Acci\u00f3n Social en el que participamos los coordinadores DAS de la provincia de Betania e Itaka- Escolapios. El objetivo era tener un tiempo de intercambio y reflexi\u00f3n sobre las actividades que hacemos en los colegios, adem\u00e1s de formarnos sobre temas vinculados\u2026","og_url":"https:\/\/www.itakaescolapios.org\/fr\/2016\/02\/encuentro-formativo-de-accion-social-en-cercedilla\/","og_site_name":"Itaka-Escolapios","article_published_time":"2016-02-16T12:24:35+00:00","article_modified_time":"2023-11-28T11:38:29+00:00","og_image":[{"width":1599,"height":899,"url":"https:\/\/www.itakaescolapios.org\/wp-content\/uploads\/2016\/02\/IMG-20160212-WA0010.jpg","type":"image\/jpeg"}],"author":"valencia01","twitter_card":"summary_large_image","twitter_misc":{"\u00c9crit par":"valencia01","Dur\u00e9e de lecture estim\u00e9e":"2 minutes"},"schema":{"@context":"https:\/\/schema.org","@graph":[{"@type":"Article","@id":"https:\/\/www.itakaescolapios.org\/fr\/2016\/02\/encuentro-formativo-de-accion-social-en-cercedilla\/#article","isPartOf":{"@id":"https:\/\/www.itakaescolapios.org\/fr\/2016\/02\/encuentro-formativo-de-accion-social-en-cercedilla\/"},"author":{"name":"valencia01","@id":"https:\/\/www.itakaescolapios.org\/es\/#\/schema\/person\/c232ccaa2b3f2e98db93c1f8dfca96ff"},"headline":"ENCUENTRO FORMATIVO DE ACCI\u00d3N SOCIAL EN CERCEDILLA","datePublished":"2016-02-16T12:24:35+00:00","dateModified":"2023-11-28T11:38:29+00:00","mainEntityOfPage":{"@id":"https:\/\/www.itakaescolapios.org\/fr\/2016\/02\/encuentro-formativo-de-accion-social-en-cercedilla\/"},"wordCount":401,"publisher":{"@id":"https:\/\/www.itakaescolapios.org\/es\/#organization"},"image":{"@id":"https:\/\/www.itakaescolapios.org\/fr\/2016\/02\/encuentro-formativo-de-accion-social-en-cercedilla\/#primaryimage"},"thumbnailUrl":"https:\/\/www.itakaescolapios.org\/wp-content\/uploads\/2016\/02\/IMG-20160212-WA0010.jpg","keywords":["Acci\u00f3n Social","Al Encuentro","Betania","Encuentro","formaci\u00f3n"],"articleSection":["Madrid","Valencia"],"inLanguage":"fr-FR"},{"@type":"WebPage","@id":"https:\/\/www.itakaescolapios.org\/fr\/2016\/02\/encuentro-formativo-de-accion-social-en-cercedilla\/","url":"https:\/\/www.itakaescolapios.org\/fr\/2016\/02\/encuentro-formativo-de-accion-social-en-cercedilla\/","name":"ENCUENTRO FORMATIVO DE ACCI\u00d3N SOCIAL EN CERCEDILLA - Itaka-Escolapios","isPartOf":{"@id":"https:\/\/www.itakaescolapios.org\/es\/#website"},"primaryImageOfPage":{"@id":"https:\/\/www.itakaescolapios.org\/fr\/2016\/02\/encuentro-formativo-de-accion-social-en-cercedilla\/#primaryimage"},"image":{"@id":"https:\/\/www.itakaescolapios.org\/fr\/2016\/02\/encuentro-formativo-de-accion-social-en-cercedilla\/#primaryimage"},"thumbnailUrl":"https:\/\/www.itakaescolapios.org\/wp-content\/uploads\/2016\/02\/IMG-20160212-WA0010.jpg","datePublished":"2016-02-16T12:24:35+00:00","dateModified":"2023-11-28T11:38:29+00:00","breadcrumb":{"@id":"https:\/\/www.itakaescolapios.org\/fr\/2016\/02\/encuentro-formativo-de-accion-social-en-cercedilla\/#breadcrumb"},"inLanguage":"fr-FR","potentialAction":[{"@type":"ReadAction","target":["https:\/\/www.itakaescolapios.org\/fr\/2016\/02\/encuentro-formativo-de-accion-social-en-cercedilla\/"]}]},{"@type":"ImageObject","inLanguage":"fr-FR","@id":"https:\/\/www.itakaescolapios.org\/fr\/2016\/02\/encuentro-formativo-de-accion-social-en-cercedilla\/#primaryimage","url":"https:\/\/www.itakaescolapios.org\/wp-content\/uploads\/2016\/02\/IMG-20160212-WA0010.jpg","contentUrl":"https:\/\/www.itakaescolapios.org\/wp-content\/uploads\/2016\/02\/IMG-20160212-WA0010.jpg","width":1599,"height":899},{"@type":"BreadcrumbList","@id":"https:\/\/www.itakaescolapios.org\/fr\/2016\/02\/encuentro-formativo-de-accion-social-en-cercedilla\/#breadcrumb","itemListElement":[{"@type":"ListItem","position":1,"name":"Itaka-Escolapios","item":"https:\/\/www.itakaescolapios.org\/es\/"},{"@type":"ListItem","position":2,"name":"ENCUENTRO FORMATIVO DE ACCI\u00d3N SOCIAL EN CERCEDILLA"}]},{"@type":"WebSite","@id":"https:\/\/www.itakaescolapios.org\/fr\/es\/#website","url":"https:\/\/www.itakaescolapios.org\/fr\/es\/","name":"Itaka-Escolapios","description":"Red de Itaka-Escolapios","publisher":{"@id":"https:\/\/www.itakaescolapios.org\/fr\/es\/#organization"},"potentialAction":[{"@type":"SearchAction","target":{"@type":"EntryPoint","urlTemplate":"https:\/\/www.itakaescolapios.org\/fr\/es\/?s={search_term_string}"},"query-input":{"@type":"PropertyValueSpecification","valueRequired":true,"valueName":"search_term_string"}}],"inLanguage":"fr-FR"},{"@type":"Organization","@id":"https:\/\/www.itakaescolapios.org\/fr\/es\/#organization","name":"Fundaci\u00f3 Itaka-Escolapios","url":"https:\/\/www.itakaescolapios.org\/fr\/es\/","logo":{"@type":"ImageObject","inLanguage":"fr-FR","@id":"https:\/\/www.itakaescolapios.org\/fr\/es\/#\/schema\/logo\/image\/","url":"https:\/\/www.itakaescolapios.org\/wp-content\/uploads\/2024\/04\/Logo-itakaescolapios-peque.png","contentUrl":"https:\/\/www.itakaescolapios.org\/wp-content\/uploads\/2024\/04\/Logo-itakaescolapios-peque.png","width":500,"height":199,"caption":"Fundaci\u00f3 Itaka-Escolapios"},"image":{"@id":"https:\/\/www.itakaescolapios.org\/fr\/es\/#\/schema\/logo\/image\/"}},{"@type":"Person","@id":"https:\/\/www.itakaescolapios.org\/es\/#\/schema\/person\/c232ccaa2b3f2e98db93c1f8dfca96ff","name":"valencia01","url":"https:\/\/www.itakaescolapios.org\/fr\/author\/valencia01\/"}]}},"_links":{"self":[{"href":"https:\/\/www.itakaescolapios.org\/fr\/wp-json\/wp\/v2\/posts\/14620","targetHints":{"allow":["GET"]}}],"collection":[{"href":"https:\/\/www.itakaescolapios.org\/fr\/wp-json\/wp\/v2\/posts"}],"about":[{"href":"https:\/\/www.itakaescolapios.org\/fr\/wp-json\/wp\/v2\/types\/post"}],"author":[{"embeddable":true,"href":"https:\/\/www.itakaescolapios.org\/fr\/wp-json\/wp\/v2\/users\/39"}],"replies":[{"embeddable":true,"href":"https:\/\/www.itakaescolapios.org\/fr\/wp-json\/wp\/v2\/comments?post=14620"}],"version-history":[{"count":4,"href":"https:\/\/www.itakaescolapios.org\/fr\/wp-json\/wp\/v2\/posts\/14620\/revisions"}],"predecessor-version":[{"id":48404,"href":"https:\/\/www.itakaescolapios.org\/fr\/wp-json\/wp\/v2\/posts\/14620\/revisions\/48404"}],"wp:featuredmedia":[{"embeddable":true,"href":"https:\/\/www.itakaescolapios.org\/fr\/wp-json\/wp\/v2\/media\/14621"}],"wp:attachment":[{"href":"https:\/\/www.itakaescolapios.org\/fr\/wp-json\/wp\/v2\/media?parent=14620"}],"wp:term":[{"taxonomy":"category","embeddable":true,"href":"https:\/\/www.itakaescolapios.org\/fr\/wp-json\/wp\/v2\/categories?post=14620"},{"taxonomy":"post_tag","embeddable":true,"href":"https:\/\/www.itakaescolapios.org\/fr\/wp-json\/wp\/v2\/tags?post=14620"}],"curies":[{"name":"wp","href":"https:\/\/api.w.org\/{rel}","templated":true}]}}