{"id":14632,"date":"2016-02-23T11:09:00","date_gmt":"2016-02-23T10:09:00","guid":{"rendered":"https:\/\/www.itakaescolapios.org\/?p=14632"},"modified":"2023-11-28T12:38:28","modified_gmt":"2023-11-28T11:38:28","slug":"cronica-del-encuentro-formativo-de-voluntariado","status":"publish","type":"post","link":"https:\/\/www.itakaescolapios.org\/fr\/2016\/02\/cronica-del-encuentro-formativo-de-voluntariado\/","title":{"rendered":"CR\u00d3NICA DEL ENCUENTRO FORMATIVO DE VOLUNTARIADO"},"content":{"rendered":"<p style=\"text-align: justify\">Os dejamos la cr\u00f3nica del Encuentro Formativo de Voluntariado que tuvimos este fin de semana en N\u00e1quera (Valencia) escrita por uno de los voluntarios, Pablo Anatol:<\/p>\n<p style=\"text-align: justify\">\u00ab\u00a0Domingo 21 de febrero, pasadas las 17:30, en las escaleras del chalet de N\u00e1quera ten\u00eda lugar la foto de grupo que se\u00f1alaba el final de la formaci\u00f3n de fin de semana. El final de una convivencia intensa, animada, pr\u00e1ctica y, sobre todo, disfrutada por todos los voluntarios que participamos.<\/p>\n<p style=\"text-align: justify\">\u00a0 Y es que el s\u00e1bado 20 a las 9:30 nos encontr\u00e1bamos todos los participantes de esta formaci\u00f3n, en total 34, a las puertas del colegio de San Jos\u00e9 de Calasanz dispuestos a subirnos en cualquier coche de los que dispon\u00edamos que nos llevara a nuestro destino. Y as\u00ed fue, y as\u00ed llegamos todos. Tras dejar r\u00e1pidamente nuestras pertenencias en las modestas habitaciones plagadas de literas sentados en c\u00edrculo y al calor del sol iniciamos el encuentro con una breve oraci\u00f3n. Al terminar la oraci\u00f3n nos dirigimos todos hacia el lugar donde recibir\u00edamos todas las formaciones, una caseta de madera a escasos metros de nuestros aposentos. En este lugar nos esperaba Charo, quien nos dar\u00eda la primera formaci\u00f3n, expresi\u00f3n corporal. Una formaci\u00f3n din\u00e1mica que adem\u00e1s de despertarnos nos ayud\u00f3 a conocer un poco m\u00e1s nuestro cuerpo y lo que expresamos con \u00e9l, as\u00ed como lo que puede llegar a expresar la otra persona. Agradecidos despedimos a Charo con un clamoroso aplauso.<\/p>\n<p style=\"text-align: justify\">La segunda formaci\u00f3n comenz\u00f3 tras el almuerzo, formaci\u00f3n con Ester, Vicky y C\u00e9sar, de Cruz Roja, que nos ayud\u00f3 a conocer lo b\u00e1sico de primeros auxilios y no solo de forma te\u00f3rica sino que tambi\u00e9n pudimos aprender de forma pr\u00e1ctica, reanimando a un mu\u00f1eco o aprendiendo a vendar. Agradecidos, contentos y hambrientos nos fuimos a comer al aire libre en unas cuantas mesas.<\/p>\n<p style=\"text-align: justify\">\u00a0 Por la tarde, hubo dos formaciones que giraron en torno a los refugiados. En primer lugar vimos el programa de Salvados que trataba el tema de los refugiados y Juan Carlos Colomer explic\u00f3 la situaci\u00f3n en Siria y la historia de este pa\u00eds del que han tenido que emigrar millones de personas. En segundo lugar, se nos habl\u00f3 sobre la ayuda que se da a los refugiados desde nuestra zona. Para ello vino una voluntaria del Comisi\u00f3n Espa\u00f1ola de Ayuda al Refugiado (CEAR), Violeta Brull, que comparti\u00f3 con nosotros la forma en la que trabajan y las situaciones que se encuentra en el d\u00eda a d\u00eda. Formaciones que impactan y sensibilizan sobre un tema que preocupa a muchos europeos.<\/p>\n<p style=\"text-align: justify\">\u00a0 Por la noche, ya despu\u00e9s de cenar, se realiz\u00f3 una actividad en la que a modo Cluedo y pasando por diferentes pruebas hab\u00eda que ayudar a Sherlock a resolver un crimen. Un juego entretenido con acento ingl\u00e9s, o el intento de este, que entre risas agrad\u00f3 a todos. Al acabar el juego, se dej\u00f3 tiempo para descansar, aunque algunos prefirieron quedarse jugando y compartiendo un rato m\u00e1s.<\/p>\n<p style=\"text-align: justify\">\u00a0 El domingo fue un d\u00eda m\u00e1s tranquilo en el que no hubo formaciones, fue un d\u00eda centrado en compartir. Primero compartimos nuestras experiencias en las diferentes asociaciones en las que colaboramos, experiencias diferentes y plurales que nos ayuda a conocer mejor otras realidades. M\u00e1s tarde, Herman, un escolapio indonesio, nos habl\u00f3 sobre el proyecto escolapio que est\u00e1 teniendo lugar all\u00ed, en Atamb\u00faa, para la construcci\u00f3n de un internado, y celebramos la Eucarist\u00eda todos juntos. Para terminar, despu\u00e9s de una gran comida y recoger todo, compartimos todo lo vivido el fin de semana y evaluamos las formaciones. Poniendo fin a este fin de semana, que muchos repetir\u00edamos, con la foto de grupo. Fin de semana en el que desde los m\u00e1s novatos a los m\u00e1s veteranos disfrutamos en grande y aprendiendo, nos carga las pilas para intentar mejorar todo lo que nos rodea.\u00a0\u00bb<\/p>\n<p style=\"text-align: justify\">Todas las fotos de este Encuentro en nuestro <a href=\"https:\/\/www.facebook.com\/media\/set\/?set=a.1072060056217348.1073741865.367218580034836&amp;type=3&amp;uploaded=40\">Facebook<\/a>!<\/p>\n","protected":false},"excerpt":{"rendered":"<p>Os dejamos la cr\u00f3nica del Encuentro Formativo de Voluntariado que tuvimos este fin de semana en N\u00e1quera (Valencia) escrita por uno de los voluntarios, Pablo Anatol: \u00ab\u00a0Domingo 21 de febrero, [&hellip;]<\/p>\n","protected":false},"author":39,"featured_media":14633,"comment_status":"closed","ping_status":"closed","sticky":false,"template":"","format":"standard","meta":{"_et_pb_use_builder":"","_et_pb_old_content":"","_et_gb_content_width":"","footnotes":""},"categories":[12],"tags":[45,72,425,197,199,198,142],"class_list":["post-14632","post","type-post","status-publish","format-standard","has-post-thumbnail","hentry","category-valencia","tag-encuentro","tag-formacion","tag-indonesia","tag-primeros-auxilios","tag-refugiados","tag-siria","tag-voluntariado"],"yoast_head":"<!-- This site is optimized with the Yoast SEO plugin v27.4 - https:\/\/yoast.com\/product\/yoast-seo-wordpress\/ -->\n<title>CR\u00d3NICA DEL ENCUENTRO FORMATIVO DE VOLUNTARIADO<\/title>\n<meta name=\"description\" content=\"Os dejamos la cr\u00f3nica del Encuentro Formativo de Voluntariado que tuvimos este fin de semana en N\u00e1quera (Valencia) escrita por uno de los voluntarios, Pablo Anatol: &quot;Domingo 21 de febrero, pasadas las 17:30, en las escaleras del chalet de N\u00e1quera ten\u00eda lugar la foto de grupo que se\u00f1alaba el final de la formaci\u00f3n de fin\u2026\" \/>\n<meta name=\"robots\" content=\"index, follow, max-snippet:-1, max-image-preview:large, max-video-preview:-1\" \/>\n<link rel=\"canonical\" href=\"\" \/>\n<meta property=\"og:locale\" content=\"fr_FR\" \/>\n<meta property=\"og:type\" content=\"article\" \/>\n<meta property=\"og:title\" content=\"CR\u00d3NICA DEL ENCUENTRO FORMATIVO DE VOLUNTARIADO\" \/>\n<meta property=\"og:description\" content=\"Os dejamos la cr\u00f3nica del Encuentro Formativo de Voluntariado que tuvimos este fin de semana en N\u00e1quera (Valencia) escrita por uno de los voluntarios, Pablo Anatol: &quot;Domingo 21 de febrero, pasadas las 17:30, en las escaleras del chalet de N\u00e1quera ten\u00eda lugar la foto de grupo que se\u00f1alaba el final de la formaci\u00f3n de fin\u2026\" \/>\n<meta property=\"og:url\" content=\"https:\/\/www.itakaescolapios.org\/fr\/2016\/02\/cronica-del-encuentro-formativo-de-voluntariado\/\" \/>\n<meta property=\"og:site_name\" content=\"Itaka-Escolapios\" \/>\n<meta property=\"article:published_time\" content=\"2016-02-23T10:09:00+00:00\" \/>\n<meta property=\"article:modified_time\" content=\"2023-11-28T11:38:28+00:00\" \/>\n<meta property=\"og:image\" content=\"https:\/\/www.itakaescolapios.org\/wp-content\/uploads\/2016\/02\/IMG_4111-e1456221863673.jpg\" \/>\n\t<meta property=\"og:image:width\" content=\"1125\" \/>\n\t<meta property=\"og:image:height\" content=\"1500\" \/>\n\t<meta property=\"og:image:type\" content=\"image\/jpeg\" \/>\n<meta name=\"author\" content=\"valencia01\" \/>\n<meta name=\"twitter:card\" content=\"summary_large_image\" \/>\n<meta name=\"twitter:label1\" content=\"\u00c9crit par\" \/>\n\t<meta name=\"twitter:data1\" content=\"valencia01\" \/>\n\t<meta name=\"twitter:label2\" content=\"Dur\u00e9e de lecture estim\u00e9e\" \/>\n\t<meta name=\"twitter:data2\" content=\"3 minutes\" \/>\n<script type=\"application\/ld+json\" class=\"yoast-schema-graph\">{\"@context\":\"https:\\\/\\\/schema.org\",\"@graph\":[{\"@type\":\"Article\",\"@id\":\"https:\\\/\\\/www.itakaescolapios.org\\\/fr\\\/2016\\\/02\\\/cronica-del-encuentro-formativo-de-voluntariado\\\/#article\",\"isPartOf\":{\"@id\":\"https:\\\/\\\/www.itakaescolapios.org\\\/fr\\\/2016\\\/02\\\/cronica-del-encuentro-formativo-de-voluntariado\\\/\"},\"author\":{\"name\":\"valencia01\",\"@id\":\"https:\\\/\\\/www.itakaescolapios.org\\\/es\\\/#\\\/schema\\\/person\\\/c232ccaa2b3f2e98db93c1f8dfca96ff\"},\"headline\":\"CR\u00d3NICA DEL ENCUENTRO FORMATIVO DE VOLUNTARIADO\",\"datePublished\":\"2016-02-23T10:09:00+00:00\",\"dateModified\":\"2023-11-28T11:38:28+00:00\",\"mainEntityOfPage\":{\"@id\":\"https:\\\/\\\/www.itakaescolapios.org\\\/fr\\\/2016\\\/02\\\/cronica-del-encuentro-formativo-de-voluntariado\\\/\"},\"wordCount\":689,\"publisher\":{\"@id\":\"https:\\\/\\\/www.itakaescolapios.org\\\/es\\\/#organization\"},\"image\":{\"@id\":\"https:\\\/\\\/www.itakaescolapios.org\\\/fr\\\/2016\\\/02\\\/cronica-del-encuentro-formativo-de-voluntariado\\\/#primaryimage\"},\"thumbnailUrl\":\"https:\\\/\\\/www.itakaescolapios.org\\\/wp-content\\\/uploads\\\/2016\\\/02\\\/IMG_4111-e1456221863673.jpg\",\"keywords\":[\"Encuentro\",\"formaci\u00f3n\",\"Indonesia\",\"Primeros Auxilios\",\"Refugiados\",\"Siria\",\"voluntariado\"],\"articleSection\":[\"Valencia\"],\"inLanguage\":\"fr-FR\"},{\"@type\":\"WebPage\",\"@id\":\"https:\\\/\\\/www.itakaescolapios.org\\\/fr\\\/2016\\\/02\\\/cronica-del-encuentro-formativo-de-voluntariado\\\/\",\"url\":\"https:\\\/\\\/www.itakaescolapios.org\\\/fr\\\/2016\\\/02\\\/cronica-del-encuentro-formativo-de-voluntariado\\\/\",\"name\":\"CR\u00d3NICA DEL ENCUENTRO FORMATIVO DE VOLUNTARIADO - Itaka-Escolapios\",\"isPartOf\":{\"@id\":\"https:\\\/\\\/www.itakaescolapios.org\\\/es\\\/#website\"},\"primaryImageOfPage\":{\"@id\":\"https:\\\/\\\/www.itakaescolapios.org\\\/fr\\\/2016\\\/02\\\/cronica-del-encuentro-formativo-de-voluntariado\\\/#primaryimage\"},\"image\":{\"@id\":\"https:\\\/\\\/www.itakaescolapios.org\\\/fr\\\/2016\\\/02\\\/cronica-del-encuentro-formativo-de-voluntariado\\\/#primaryimage\"},\"thumbnailUrl\":\"https:\\\/\\\/www.itakaescolapios.org\\\/wp-content\\\/uploads\\\/2016\\\/02\\\/IMG_4111-e1456221863673.jpg\",\"datePublished\":\"2016-02-23T10:09:00+00:00\",\"dateModified\":\"2023-11-28T11:38:28+00:00\",\"breadcrumb\":{\"@id\":\"https:\\\/\\\/www.itakaescolapios.org\\\/fr\\\/2016\\\/02\\\/cronica-del-encuentro-formativo-de-voluntariado\\\/#breadcrumb\"},\"inLanguage\":\"fr-FR\",\"potentialAction\":[{\"@type\":\"ReadAction\",\"target\":[\"https:\\\/\\\/www.itakaescolapios.org\\\/fr\\\/2016\\\/02\\\/cronica-del-encuentro-formativo-de-voluntariado\\\/\"]}]},{\"@type\":\"ImageObject\",\"inLanguage\":\"fr-FR\",\"@id\":\"https:\\\/\\\/www.itakaescolapios.org\\\/fr\\\/2016\\\/02\\\/cronica-del-encuentro-formativo-de-voluntariado\\\/#primaryimage\",\"url\":\"https:\\\/\\\/www.itakaescolapios.org\\\/wp-content\\\/uploads\\\/2016\\\/02\\\/IMG_4111-e1456221863673.jpg\",\"contentUrl\":\"https:\\\/\\\/www.itakaescolapios.org\\\/wp-content\\\/uploads\\\/2016\\\/02\\\/IMG_4111-e1456221863673.jpg\",\"width\":1125,\"height\":1500},{\"@type\":\"BreadcrumbList\",\"@id\":\"https:\\\/\\\/www.itakaescolapios.org\\\/fr\\\/2016\\\/02\\\/cronica-del-encuentro-formativo-de-voluntariado\\\/#breadcrumb\",\"itemListElement\":[{\"@type\":\"ListItem\",\"position\":1,\"name\":\"Itaka-Escolapios\",\"item\":\"https:\\\/\\\/www.itakaescolapios.org\\\/es\\\/\"},{\"@type\":\"ListItem\",\"position\":2,\"name\":\"CR\u00d3NICA DEL ENCUENTRO FORMATIVO DE VOLUNTARIADO\"}]},{\"@type\":\"WebSite\",\"@id\":\"https:\\\/\\\/www.itakaescolapios.org\\\/fr\\\/es\\\/#website\",\"url\":\"https:\\\/\\\/www.itakaescolapios.org\\\/fr\\\/es\\\/\",\"name\":\"Itaka-Escolapios\",\"description\":\"Red de Itaka-Escolapios\",\"publisher\":{\"@id\":\"https:\\\/\\\/www.itakaescolapios.org\\\/fr\\\/es\\\/#organization\"},\"potentialAction\":[{\"@type\":\"SearchAction\",\"target\":{\"@type\":\"EntryPoint\",\"urlTemplate\":\"https:\\\/\\\/www.itakaescolapios.org\\\/fr\\\/es\\\/?s={search_term_string}\"},\"query-input\":{\"@type\":\"PropertyValueSpecification\",\"valueRequired\":true,\"valueName\":\"search_term_string\"}}],\"inLanguage\":\"fr-FR\"},{\"@type\":\"Organization\",\"@id\":\"https:\\\/\\\/www.itakaescolapios.org\\\/fr\\\/es\\\/#organization\",\"name\":\"Fundaci\u00f3 Itaka-Escolapios\",\"url\":\"https:\\\/\\\/www.itakaescolapios.org\\\/fr\\\/es\\\/\",\"logo\":{\"@type\":\"ImageObject\",\"inLanguage\":\"fr-FR\",\"@id\":\"https:\\\/\\\/www.itakaescolapios.org\\\/fr\\\/es\\\/#\\\/schema\\\/logo\\\/image\\\/\",\"url\":\"https:\\\/\\\/www.itakaescolapios.org\\\/wp-content\\\/uploads\\\/2024\\\/04\\\/Logo-itakaescolapios-peque.png\",\"contentUrl\":\"https:\\\/\\\/www.itakaescolapios.org\\\/wp-content\\\/uploads\\\/2024\\\/04\\\/Logo-itakaescolapios-peque.png\",\"width\":500,\"height\":199,\"caption\":\"Fundaci\u00f3 Itaka-Escolapios\"},\"image\":{\"@id\":\"https:\\\/\\\/www.itakaescolapios.org\\\/fr\\\/es\\\/#\\\/schema\\\/logo\\\/image\\\/\"}},{\"@type\":\"Person\",\"@id\":\"https:\\\/\\\/www.itakaescolapios.org\\\/es\\\/#\\\/schema\\\/person\\\/c232ccaa2b3f2e98db93c1f8dfca96ff\",\"name\":\"valencia01\",\"url\":\"https:\\\/\\\/www.itakaescolapios.org\\\/fr\\\/author\\\/valencia01\\\/\"}]}<\/script>\n<!-- \/ Yoast SEO plugin. -->","yoast_head_json":{"title":"CR\u00d3NICA DEL ENCUENTRO FORMATIVO DE VOLUNTARIADO","description":"Os dejamos la cr\u00f3nica del Encuentro Formativo de Voluntariado que tuvimos este fin de semana en N\u00e1quera (Valencia) escrita por uno de los voluntarios, Pablo Anatol: \"Domingo 21 de febrero, pasadas las 17:30, en las escaleras del chalet de N\u00e1quera ten\u00eda lugar la foto de grupo que se\u00f1alaba el final de la formaci\u00f3n de fin\u2026","robots":{"index":"index","follow":"follow","max-snippet":"max-snippet:-1","max-image-preview":"max-image-preview:large","max-video-preview":"max-video-preview:-1"},"canonical":"Os dejamos la cr\u00f3nica del Encuentro Formativo de Voluntariado que tuvimos este fin de semana en N\u00e1quera (Valencia) escrita por uno de los voluntarios, Pablo Anatol: \"Domingo 21 de febrero, pasadas las 17:30, en las escaleras del chalet de N\u00e1quera ten\u00eda lugar la foto de grupo que se\u00f1alaba el final de la formaci\u00f3n de fin\u2026","og_locale":"fr_FR","og_type":"article","og_title":"CR\u00d3NICA DEL ENCUENTRO FORMATIVO DE VOLUNTARIADO","og_description":"Os dejamos la cr\u00f3nica del Encuentro Formativo de Voluntariado que tuvimos este fin de semana en N\u00e1quera (Valencia) escrita por uno de los voluntarios, Pablo Anatol: \"Domingo 21 de febrero, pasadas las 17:30, en las escaleras del chalet de N\u00e1quera ten\u00eda lugar la foto de grupo que se\u00f1alaba el final de la formaci\u00f3n de fin\u2026","og_url":"https:\/\/www.itakaescolapios.org\/fr\/2016\/02\/cronica-del-encuentro-formativo-de-voluntariado\/","og_site_name":"Itaka-Escolapios","article_published_time":"2016-02-23T10:09:00+00:00","article_modified_time":"2023-11-28T11:38:28+00:00","og_image":[{"width":1125,"height":1500,"url":"https:\/\/www.itakaescolapios.org\/wp-content\/uploads\/2016\/02\/IMG_4111-e1456221863673.jpg","type":"image\/jpeg"}],"author":"valencia01","twitter_card":"summary_large_image","twitter_misc":{"\u00c9crit par":"valencia01","Dur\u00e9e de lecture estim\u00e9e":"3 minutes"},"schema":{"@context":"https:\/\/schema.org","@graph":[{"@type":"Article","@id":"https:\/\/www.itakaescolapios.org\/fr\/2016\/02\/cronica-del-encuentro-formativo-de-voluntariado\/#article","isPartOf":{"@id":"https:\/\/www.itakaescolapios.org\/fr\/2016\/02\/cronica-del-encuentro-formativo-de-voluntariado\/"},"author":{"name":"valencia01","@id":"https:\/\/www.itakaescolapios.org\/es\/#\/schema\/person\/c232ccaa2b3f2e98db93c1f8dfca96ff"},"headline":"CR\u00d3NICA DEL ENCUENTRO FORMATIVO DE VOLUNTARIADO","datePublished":"2016-02-23T10:09:00+00:00","dateModified":"2023-11-28T11:38:28+00:00","mainEntityOfPage":{"@id":"https:\/\/www.itakaescolapios.org\/fr\/2016\/02\/cronica-del-encuentro-formativo-de-voluntariado\/"},"wordCount":689,"publisher":{"@id":"https:\/\/www.itakaescolapios.org\/es\/#organization"},"image":{"@id":"https:\/\/www.itakaescolapios.org\/fr\/2016\/02\/cronica-del-encuentro-formativo-de-voluntariado\/#primaryimage"},"thumbnailUrl":"https:\/\/www.itakaescolapios.org\/wp-content\/uploads\/2016\/02\/IMG_4111-e1456221863673.jpg","keywords":["Encuentro","formaci\u00f3n","Indonesia","Primeros Auxilios","Refugiados","Siria","voluntariado"],"articleSection":["Valencia"],"inLanguage":"fr-FR"},{"@type":"WebPage","@id":"https:\/\/www.itakaescolapios.org\/fr\/2016\/02\/cronica-del-encuentro-formativo-de-voluntariado\/","url":"https:\/\/www.itakaescolapios.org\/fr\/2016\/02\/cronica-del-encuentro-formativo-de-voluntariado\/","name":"CR\u00d3NICA DEL ENCUENTRO FORMATIVO DE VOLUNTARIADO - Itaka-Escolapios","isPartOf":{"@id":"https:\/\/www.itakaescolapios.org\/es\/#website"},"primaryImageOfPage":{"@id":"https:\/\/www.itakaescolapios.org\/fr\/2016\/02\/cronica-del-encuentro-formativo-de-voluntariado\/#primaryimage"},"image":{"@id":"https:\/\/www.itakaescolapios.org\/fr\/2016\/02\/cronica-del-encuentro-formativo-de-voluntariado\/#primaryimage"},"thumbnailUrl":"https:\/\/www.itakaescolapios.org\/wp-content\/uploads\/2016\/02\/IMG_4111-e1456221863673.jpg","datePublished":"2016-02-23T10:09:00+00:00","dateModified":"2023-11-28T11:38:28+00:00","breadcrumb":{"@id":"https:\/\/www.itakaescolapios.org\/fr\/2016\/02\/cronica-del-encuentro-formativo-de-voluntariado\/#breadcrumb"},"inLanguage":"fr-FR","potentialAction":[{"@type":"ReadAction","target":["https:\/\/www.itakaescolapios.org\/fr\/2016\/02\/cronica-del-encuentro-formativo-de-voluntariado\/"]}]},{"@type":"ImageObject","inLanguage":"fr-FR","@id":"https:\/\/www.itakaescolapios.org\/fr\/2016\/02\/cronica-del-encuentro-formativo-de-voluntariado\/#primaryimage","url":"https:\/\/www.itakaescolapios.org\/wp-content\/uploads\/2016\/02\/IMG_4111-e1456221863673.jpg","contentUrl":"https:\/\/www.itakaescolapios.org\/wp-content\/uploads\/2016\/02\/IMG_4111-e1456221863673.jpg","width":1125,"height":1500},{"@type":"BreadcrumbList","@id":"https:\/\/www.itakaescolapios.org\/fr\/2016\/02\/cronica-del-encuentro-formativo-de-voluntariado\/#breadcrumb","itemListElement":[{"@type":"ListItem","position":1,"name":"Itaka-Escolapios","item":"https:\/\/www.itakaescolapios.org\/es\/"},{"@type":"ListItem","position":2,"name":"CR\u00d3NICA DEL ENCUENTRO FORMATIVO DE VOLUNTARIADO"}]},{"@type":"WebSite","@id":"https:\/\/www.itakaescolapios.org\/fr\/es\/#website","url":"https:\/\/www.itakaescolapios.org\/fr\/es\/","name":"Itaka-Escolapios","description":"Red de Itaka-Escolapios","publisher":{"@id":"https:\/\/www.itakaescolapios.org\/fr\/es\/#organization"},"potentialAction":[{"@type":"SearchAction","target":{"@type":"EntryPoint","urlTemplate":"https:\/\/www.itakaescolapios.org\/fr\/es\/?s={search_term_string}"},"query-input":{"@type":"PropertyValueSpecification","valueRequired":true,"valueName":"search_term_string"}}],"inLanguage":"fr-FR"},{"@type":"Organization","@id":"https:\/\/www.itakaescolapios.org\/fr\/es\/#organization","name":"Fundaci\u00f3 Itaka-Escolapios","url":"https:\/\/www.itakaescolapios.org\/fr\/es\/","logo":{"@type":"ImageObject","inLanguage":"fr-FR","@id":"https:\/\/www.itakaescolapios.org\/fr\/es\/#\/schema\/logo\/image\/","url":"https:\/\/www.itakaescolapios.org\/wp-content\/uploads\/2024\/04\/Logo-itakaescolapios-peque.png","contentUrl":"https:\/\/www.itakaescolapios.org\/wp-content\/uploads\/2024\/04\/Logo-itakaescolapios-peque.png","width":500,"height":199,"caption":"Fundaci\u00f3 Itaka-Escolapios"},"image":{"@id":"https:\/\/www.itakaescolapios.org\/fr\/es\/#\/schema\/logo\/image\/"}},{"@type":"Person","@id":"https:\/\/www.itakaescolapios.org\/es\/#\/schema\/person\/c232ccaa2b3f2e98db93c1f8dfca96ff","name":"valencia01","url":"https:\/\/www.itakaescolapios.org\/fr\/author\/valencia01\/"}]}},"_links":{"self":[{"href":"https:\/\/www.itakaescolapios.org\/fr\/wp-json\/wp\/v2\/posts\/14632","targetHints":{"allow":["GET"]}}],"collection":[{"href":"https:\/\/www.itakaescolapios.org\/fr\/wp-json\/wp\/v2\/posts"}],"about":[{"href":"https:\/\/www.itakaescolapios.org\/fr\/wp-json\/wp\/v2\/types\/post"}],"author":[{"embeddable":true,"href":"https:\/\/www.itakaescolapios.org\/fr\/wp-json\/wp\/v2\/users\/39"}],"replies":[{"embeddable":true,"href":"https:\/\/www.itakaescolapios.org\/fr\/wp-json\/wp\/v2\/comments?post=14632"}],"version-history":[{"count":6,"href":"https:\/\/www.itakaescolapios.org\/fr\/wp-json\/wp\/v2\/posts\/14632\/revisions"}],"predecessor-version":[{"id":48398,"href":"https:\/\/www.itakaescolapios.org\/fr\/wp-json\/wp\/v2\/posts\/14632\/revisions\/48398"}],"wp:featuredmedia":[{"embeddable":true,"href":"https:\/\/www.itakaescolapios.org\/fr\/wp-json\/wp\/v2\/media\/14633"}],"wp:attachment":[{"href":"https:\/\/www.itakaescolapios.org\/fr\/wp-json\/wp\/v2\/media?parent=14632"}],"wp:term":[{"taxonomy":"category","embeddable":true,"href":"https:\/\/www.itakaescolapios.org\/fr\/wp-json\/wp\/v2\/categories?post=14632"},{"taxonomy":"post_tag","embeddable":true,"href":"https:\/\/www.itakaescolapios.org\/fr\/wp-json\/wp\/v2\/tags?post=14632"}],"curies":[{"name":"wp","href":"https:\/\/api.w.org\/{rel}","templated":true}]}}