{"id":15954,"date":"2016-07-11T23:17:10","date_gmt":"2016-07-11T22:17:10","guid":{"rendered":"https:\/\/www.itakaescolapios.org\/?p=15954"},"modified":"2023-11-28T12:38:24","modified_gmt":"2023-11-28T11:38:24","slug":"actividades-de-verano-en-nuestras-presencias","status":"publish","type":"post","link":"https:\/\/www.itakaescolapios.org\/fr\/2016\/07\/actividades-de-verano-en-nuestras-presencias\/","title":{"rendered":"Activit\u00e9s de vacances dans nos diff\u00e9rentes pr\u00e9sences"},"content":{"rendered":"<p>Dans plusieurs pr\u00e9sences piaristes de notre province, ce mois de juillet est consacr\u00e9 aux activit\u00e9s de vacances pour les enfants et les jeunes. Cel\u00e0 est possible avec le d\u00e9vouement de nos Volontaires Piaristes de la Fondation Itaka-Escolapios.<\/p>\n","protected":false},"excerpt":{"rendered":"<p>Dans plusieurs pr\u00e9sences piaristes de notre province, ce mois de juillet est consacr\u00e9 aux activit\u00e9s de vacances pour les enfants et les jeunes. Cel\u00e0 est possible avec le d\u00e9vouement de [&hellip;]<\/p>\n","protected":false},"author":15,"featured_media":15955,"comment_status":"closed","ping_status":"closed","sticky":false,"template":"","format":"standard","meta":{"_et_pb_use_builder":"","_et_pb_old_content":"","_et_gb_content_width":"","footnotes":""},"categories":[53],"tags":[],"class_list":["post-15954","post","type-post","status-publish","format-standard","has-post-thumbnail","hentry","category-africa-central"],"yoast_head":"<!-- This site is optimized with the Yoast SEO plugin v27.4 - https:\/\/yoast.com\/product\/yoast-seo-wordpress\/ -->\n<title>Activit\u00e9s de vacances dans nos diff\u00e9rentes pr\u00e9sences<\/title>\n<meta name=\"description\" content=\"Dans plusieurs pr\u00e9sences piaristes de notre province, ce mois de juillet est consacr\u00e9 aux activit\u00e9s de vacances pour les enfants et les jeunes. Cel\u00e0 est possible avec le d\u00e9vouement de nos Volontaires Piaristes de la Fondation Itaka-Escolapios.\" \/>\n<meta name=\"robots\" content=\"index, follow, max-snippet:-1, max-image-preview:large, max-video-preview:-1\" \/>\n<link rel=\"canonical\" href=\"http:\/\/Dans%20plusieurs%20pr\u00e9sences%20piaristes%20de%20notre%20province,%20ce%20mois%20de%20juillet%20est%20consacr\u00e9%20aux%20activit\u00e9s%20de%20vacances%20pour%20les%20enfants%20et%20les%20jeunes.%20Cel\u00e0%20est%20possible%20avec%20le%20d\u00e9vouement%20de%20nos%20Volontaires%20Piaristes%20de%20la%20Fondation%20Itaka-Escolapios.\" \/>\n<meta property=\"og:locale\" content=\"fr_FR\" \/>\n<meta property=\"og:type\" content=\"article\" \/>\n<meta property=\"og:title\" content=\"Activit\u00e9s de vacances dans nos diff\u00e9rentes pr\u00e9sences\" \/>\n<meta property=\"og:description\" content=\"Dans plusieurs pr\u00e9sences piaristes de notre province, ce mois de juillet est consacr\u00e9 aux activit\u00e9s de vacances pour les enfants et les jeunes. Cel\u00e0 est possible avec le d\u00e9vouement de nos Volontaires Piaristes de la Fondation Itaka-Escolapios.\" \/>\n<meta property=\"og:url\" content=\"https:\/\/www.itakaescolapios.org\/fr\/2016\/07\/actividades-de-verano-en-nuestras-presencias\/\" \/>\n<meta property=\"og:site_name\" content=\"Itaka-Escolapios\" \/>\n<meta property=\"article:published_time\" content=\"2016-07-11T22:17:10+00:00\" \/>\n<meta property=\"article:modified_time\" content=\"2023-11-28T11:38:24+00:00\" \/>\n<meta property=\"og:image\" content=\"https:\/\/www.itakaescolapios.org\/wp-content\/uploads\/2016\/07\/13584924_283599915328401_7972007837817195572_o.jpg\" \/>\n\t<meta property=\"og:image:width\" content=\"2048\" \/>\n\t<meta property=\"og:image:height\" content=\"1152\" \/>\n\t<meta property=\"og:image:type\" content=\"image\/jpeg\" \/>\n<meta name=\"author\" content=\"cameroun01\" \/>\n<meta name=\"twitter:card\" content=\"summary_large_image\" \/>\n<meta name=\"twitter:label1\" content=\"\u00c9crit par\" \/>\n\t<meta name=\"twitter:data1\" content=\"cameroun01\" \/>\n<script type=\"application\/ld+json\" class=\"yoast-schema-graph\">{\"@context\":\"https:\\\/\\\/schema.org\",\"@graph\":[{\"@type\":\"Article\",\"@id\":\"https:\\\/\\\/www.itakaescolapios.org\\\/fr\\\/2016\\\/07\\\/actividades-de-verano-en-nuestras-presencias\\\/#article\",\"isPartOf\":{\"@id\":\"https:\\\/\\\/www.itakaescolapios.org\\\/fr\\\/2016\\\/07\\\/actividades-de-verano-en-nuestras-presencias\\\/\"},\"author\":{\"name\":\"cameroun01\",\"@id\":\"https:\\\/\\\/www.itakaescolapios.org\\\/es\\\/#\\\/schema\\\/person\\\/d2844383e29bfdfef69039672ce14eb1\"},\"headline\":\"Activit\u00e9s de vacances dans nos diff\u00e9rentes pr\u00e9sences\",\"datePublished\":\"2016-07-11T22:17:10+00:00\",\"dateModified\":\"2023-11-28T11:38:24+00:00\",\"mainEntityOfPage\":{\"@id\":\"https:\\\/\\\/www.itakaescolapios.org\\\/fr\\\/2016\\\/07\\\/actividades-de-verano-en-nuestras-presencias\\\/\"},\"wordCount\":40,\"publisher\":{\"@id\":\"https:\\\/\\\/www.itakaescolapios.org\\\/es\\\/#organization\"},\"image\":{\"@id\":\"https:\\\/\\\/www.itakaescolapios.org\\\/fr\\\/2016\\\/07\\\/actividades-de-verano-en-nuestras-presencias\\\/#primaryimage\"},\"thumbnailUrl\":\"https:\\\/\\\/www.itakaescolapios.org\\\/wp-content\\\/uploads\\\/2016\\\/07\\\/13584924_283599915328401_7972007837817195572_o.jpg\",\"articleSection\":[\"Afrique centrale\"],\"inLanguage\":\"fr-FR\"},{\"@type\":\"WebPage\",\"@id\":\"https:\\\/\\\/www.itakaescolapios.org\\\/fr\\\/2016\\\/07\\\/actividades-de-verano-en-nuestras-presencias\\\/\",\"url\":\"https:\\\/\\\/www.itakaescolapios.org\\\/fr\\\/2016\\\/07\\\/actividades-de-verano-en-nuestras-presencias\\\/\",\"name\":\"Actividades de verano en nuestras presencias - Itaka-Escolapios\",\"isPartOf\":{\"@id\":\"https:\\\/\\\/www.itakaescolapios.org\\\/es\\\/#website\"},\"primaryImageOfPage\":{\"@id\":\"https:\\\/\\\/www.itakaescolapios.org\\\/fr\\\/2016\\\/07\\\/actividades-de-verano-en-nuestras-presencias\\\/#primaryimage\"},\"image\":{\"@id\":\"https:\\\/\\\/www.itakaescolapios.org\\\/fr\\\/2016\\\/07\\\/actividades-de-verano-en-nuestras-presencias\\\/#primaryimage\"},\"thumbnailUrl\":\"https:\\\/\\\/www.itakaescolapios.org\\\/wp-content\\\/uploads\\\/2016\\\/07\\\/13584924_283599915328401_7972007837817195572_o.jpg\",\"datePublished\":\"2016-07-11T22:17:10+00:00\",\"dateModified\":\"2023-11-28T11:38:24+00:00\",\"breadcrumb\":{\"@id\":\"https:\\\/\\\/www.itakaescolapios.org\\\/fr\\\/2016\\\/07\\\/actividades-de-verano-en-nuestras-presencias\\\/#breadcrumb\"},\"inLanguage\":\"fr-FR\",\"potentialAction\":[{\"@type\":\"ReadAction\",\"target\":[\"https:\\\/\\\/www.itakaescolapios.org\\\/fr\\\/2016\\\/07\\\/actividades-de-verano-en-nuestras-presencias\\\/\"]}]},{\"@type\":\"ImageObject\",\"inLanguage\":\"fr-FR\",\"@id\":\"https:\\\/\\\/www.itakaescolapios.org\\\/fr\\\/2016\\\/07\\\/actividades-de-verano-en-nuestras-presencias\\\/#primaryimage\",\"url\":\"https:\\\/\\\/www.itakaescolapios.org\\\/wp-content\\\/uploads\\\/2016\\\/07\\\/13584924_283599915328401_7972007837817195572_o.jpg\",\"contentUrl\":\"https:\\\/\\\/www.itakaescolapios.org\\\/wp-content\\\/uploads\\\/2016\\\/07\\\/13584924_283599915328401_7972007837817195572_o.jpg\",\"width\":2048,\"height\":1152},{\"@type\":\"BreadcrumbList\",\"@id\":\"https:\\\/\\\/www.itakaescolapios.org\\\/fr\\\/2016\\\/07\\\/actividades-de-verano-en-nuestras-presencias\\\/#breadcrumb\",\"itemListElement\":[{\"@type\":\"ListItem\",\"position\":1,\"name\":\"Itaka-Escolapios\",\"item\":\"https:\\\/\\\/www.itakaescolapios.org\\\/es\\\/\"},{\"@type\":\"ListItem\",\"position\":2,\"name\":\"Activit\u00e9s de vacances dans nos diff\u00e9rentes pr\u00e9sences\"}]},{\"@type\":\"WebSite\",\"@id\":\"https:\\\/\\\/www.itakaescolapios.org\\\/fr\\\/es\\\/#website\",\"url\":\"https:\\\/\\\/www.itakaescolapios.org\\\/fr\\\/es\\\/\",\"name\":\"Itaka-Escolapios\",\"description\":\"Red de Itaka-Escolapios\",\"publisher\":{\"@id\":\"https:\\\/\\\/www.itakaescolapios.org\\\/fr\\\/es\\\/#organization\"},\"potentialAction\":[{\"@type\":\"SearchAction\",\"target\":{\"@type\":\"EntryPoint\",\"urlTemplate\":\"https:\\\/\\\/www.itakaescolapios.org\\\/fr\\\/es\\\/?s={search_term_string}\"},\"query-input\":{\"@type\":\"PropertyValueSpecification\",\"valueRequired\":true,\"valueName\":\"search_term_string\"}}],\"inLanguage\":\"fr-FR\"},{\"@type\":\"Organization\",\"@id\":\"https:\\\/\\\/www.itakaescolapios.org\\\/fr\\\/es\\\/#organization\",\"name\":\"Fundaci\u00f3 Itaka-Escolapios\",\"url\":\"https:\\\/\\\/www.itakaescolapios.org\\\/fr\\\/es\\\/\",\"logo\":{\"@type\":\"ImageObject\",\"inLanguage\":\"fr-FR\",\"@id\":\"https:\\\/\\\/www.itakaescolapios.org\\\/fr\\\/es\\\/#\\\/schema\\\/logo\\\/image\\\/\",\"url\":\"https:\\\/\\\/www.itakaescolapios.org\\\/wp-content\\\/uploads\\\/2024\\\/04\\\/Logo-itakaescolapios-peque.png\",\"contentUrl\":\"https:\\\/\\\/www.itakaescolapios.org\\\/wp-content\\\/uploads\\\/2024\\\/04\\\/Logo-itakaescolapios-peque.png\",\"width\":500,\"height\":199,\"caption\":\"Fundaci\u00f3 Itaka-Escolapios\"},\"image\":{\"@id\":\"https:\\\/\\\/www.itakaescolapios.org\\\/fr\\\/es\\\/#\\\/schema\\\/logo\\\/image\\\/\"}},{\"@type\":\"Person\",\"@id\":\"https:\\\/\\\/www.itakaescolapios.org\\\/es\\\/#\\\/schema\\\/person\\\/d2844383e29bfdfef69039672ce14eb1\",\"name\":\"cameroun01\",\"url\":\"https:\\\/\\\/www.itakaescolapios.org\\\/fr\\\/author\\\/cameroun01\\\/\"}]}<\/script>\n<!-- \/ Yoast SEO plugin. -->","yoast_head_json":{"title":"Activit\u00e9s de vacances dans nos diff\u00e9rentes pr\u00e9sences","description":"Dans plusieurs pr\u00e9sences piaristes de notre province, ce mois de juillet est consacr\u00e9 aux activit\u00e9s de vacances pour les enfants et les jeunes. Cel\u00e0 est possible avec le d\u00e9vouement de nos Volontaires Piaristes de la Fondation Itaka-Escolapios.","robots":{"index":"index","follow":"follow","max-snippet":"max-snippet:-1","max-image-preview":"max-image-preview:large","max-video-preview":"max-video-preview:-1"},"canonical":"Dans plusieurs pr\u00e9sences piaristes de notre province, ce mois de juillet est consacr\u00e9 aux activit\u00e9s de vacances pour les enfants et les jeunes. Cel\u00e0 est possible avec le d\u00e9vouement de nos Volontaires Piaristes de la Fondation Itaka-Escolapios.","og_locale":"fr_FR","og_type":"article","og_title":"Activit\u00e9s de vacances dans nos diff\u00e9rentes pr\u00e9sences","og_description":"Dans plusieurs pr\u00e9sences piaristes de notre province, ce mois de juillet est consacr\u00e9 aux activit\u00e9s de vacances pour les enfants et les jeunes. Cel\u00e0 est possible avec le d\u00e9vouement de nos Volontaires Piaristes de la Fondation Itaka-Escolapios.","og_url":"https:\/\/www.itakaescolapios.org\/fr\/2016\/07\/actividades-de-verano-en-nuestras-presencias\/","og_site_name":"Itaka-Escolapios","article_published_time":"2016-07-11T22:17:10+00:00","article_modified_time":"2023-11-28T11:38:24+00:00","og_image":[{"width":2048,"height":1152,"url":"https:\/\/www.itakaescolapios.org\/wp-content\/uploads\/2016\/07\/13584924_283599915328401_7972007837817195572_o.jpg","type":"image\/jpeg"}],"author":"cameroun01","twitter_card":"summary_large_image","twitter_misc":{"\u00c9crit par":"cameroun01"},"schema":{"@context":"https:\/\/schema.org","@graph":[{"@type":"Article","@id":"https:\/\/www.itakaescolapios.org\/fr\/2016\/07\/actividades-de-verano-en-nuestras-presencias\/#article","isPartOf":{"@id":"https:\/\/www.itakaescolapios.org\/fr\/2016\/07\/actividades-de-verano-en-nuestras-presencias\/"},"author":{"name":"cameroun01","@id":"https:\/\/www.itakaescolapios.org\/es\/#\/schema\/person\/d2844383e29bfdfef69039672ce14eb1"},"headline":"Activit\u00e9s de vacances dans nos diff\u00e9rentes pr\u00e9sences","datePublished":"2016-07-11T22:17:10+00:00","dateModified":"2023-11-28T11:38:24+00:00","mainEntityOfPage":{"@id":"https:\/\/www.itakaescolapios.org\/fr\/2016\/07\/actividades-de-verano-en-nuestras-presencias\/"},"wordCount":40,"publisher":{"@id":"https:\/\/www.itakaescolapios.org\/es\/#organization"},"image":{"@id":"https:\/\/www.itakaescolapios.org\/fr\/2016\/07\/actividades-de-verano-en-nuestras-presencias\/#primaryimage"},"thumbnailUrl":"https:\/\/www.itakaescolapios.org\/wp-content\/uploads\/2016\/07\/13584924_283599915328401_7972007837817195572_o.jpg","articleSection":["Afrique centrale"],"inLanguage":"fr-FR"},{"@type":"WebPage","@id":"https:\/\/www.itakaescolapios.org\/fr\/2016\/07\/actividades-de-verano-en-nuestras-presencias\/","url":"https:\/\/www.itakaescolapios.org\/fr\/2016\/07\/actividades-de-verano-en-nuestras-presencias\/","name":"Actividades de verano en nuestras presencias - Itaka-Escolapios","isPartOf":{"@id":"https:\/\/www.itakaescolapios.org\/es\/#website"},"primaryImageOfPage":{"@id":"https:\/\/www.itakaescolapios.org\/fr\/2016\/07\/actividades-de-verano-en-nuestras-presencias\/#primaryimage"},"image":{"@id":"https:\/\/www.itakaescolapios.org\/fr\/2016\/07\/actividades-de-verano-en-nuestras-presencias\/#primaryimage"},"thumbnailUrl":"https:\/\/www.itakaescolapios.org\/wp-content\/uploads\/2016\/07\/13584924_283599915328401_7972007837817195572_o.jpg","datePublished":"2016-07-11T22:17:10+00:00","dateModified":"2023-11-28T11:38:24+00:00","breadcrumb":{"@id":"https:\/\/www.itakaescolapios.org\/fr\/2016\/07\/actividades-de-verano-en-nuestras-presencias\/#breadcrumb"},"inLanguage":"fr-FR","potentialAction":[{"@type":"ReadAction","target":["https:\/\/www.itakaescolapios.org\/fr\/2016\/07\/actividades-de-verano-en-nuestras-presencias\/"]}]},{"@type":"ImageObject","inLanguage":"fr-FR","@id":"https:\/\/www.itakaescolapios.org\/fr\/2016\/07\/actividades-de-verano-en-nuestras-presencias\/#primaryimage","url":"https:\/\/www.itakaescolapios.org\/wp-content\/uploads\/2016\/07\/13584924_283599915328401_7972007837817195572_o.jpg","contentUrl":"https:\/\/www.itakaescolapios.org\/wp-content\/uploads\/2016\/07\/13584924_283599915328401_7972007837817195572_o.jpg","width":2048,"height":1152},{"@type":"BreadcrumbList","@id":"https:\/\/www.itakaescolapios.org\/fr\/2016\/07\/actividades-de-verano-en-nuestras-presencias\/#breadcrumb","itemListElement":[{"@type":"ListItem","position":1,"name":"Itaka-Escolapios","item":"https:\/\/www.itakaescolapios.org\/es\/"},{"@type":"ListItem","position":2,"name":"Activit\u00e9s de vacances dans nos diff\u00e9rentes pr\u00e9sences"}]},{"@type":"WebSite","@id":"https:\/\/www.itakaescolapios.org\/fr\/es\/#website","url":"https:\/\/www.itakaescolapios.org\/fr\/es\/","name":"Itaka-Escolapios","description":"Red de Itaka-Escolapios","publisher":{"@id":"https:\/\/www.itakaescolapios.org\/fr\/es\/#organization"},"potentialAction":[{"@type":"SearchAction","target":{"@type":"EntryPoint","urlTemplate":"https:\/\/www.itakaescolapios.org\/fr\/es\/?s={search_term_string}"},"query-input":{"@type":"PropertyValueSpecification","valueRequired":true,"valueName":"search_term_string"}}],"inLanguage":"fr-FR"},{"@type":"Organization","@id":"https:\/\/www.itakaescolapios.org\/fr\/es\/#organization","name":"Fundaci\u00f3 Itaka-Escolapios","url":"https:\/\/www.itakaescolapios.org\/fr\/es\/","logo":{"@type":"ImageObject","inLanguage":"fr-FR","@id":"https:\/\/www.itakaescolapios.org\/fr\/es\/#\/schema\/logo\/image\/","url":"https:\/\/www.itakaescolapios.org\/wp-content\/uploads\/2024\/04\/Logo-itakaescolapios-peque.png","contentUrl":"https:\/\/www.itakaescolapios.org\/wp-content\/uploads\/2024\/04\/Logo-itakaescolapios-peque.png","width":500,"height":199,"caption":"Fundaci\u00f3 Itaka-Escolapios"},"image":{"@id":"https:\/\/www.itakaescolapios.org\/fr\/es\/#\/schema\/logo\/image\/"}},{"@type":"Person","@id":"https:\/\/www.itakaescolapios.org\/es\/#\/schema\/person\/d2844383e29bfdfef69039672ce14eb1","name":"cameroun01","url":"https:\/\/www.itakaescolapios.org\/fr\/author\/cameroun01\/"}]}},"_links":{"self":[{"href":"https:\/\/www.itakaescolapios.org\/fr\/wp-json\/wp\/v2\/posts\/15954","targetHints":{"allow":["GET"]}}],"collection":[{"href":"https:\/\/www.itakaescolapios.org\/fr\/wp-json\/wp\/v2\/posts"}],"about":[{"href":"https:\/\/www.itakaescolapios.org\/fr\/wp-json\/wp\/v2\/types\/post"}],"author":[{"embeddable":true,"href":"https:\/\/www.itakaescolapios.org\/fr\/wp-json\/wp\/v2\/users\/15"}],"replies":[{"embeddable":true,"href":"https:\/\/www.itakaescolapios.org\/fr\/wp-json\/wp\/v2\/comments?post=15954"}],"version-history":[{"count":3,"href":"https:\/\/www.itakaescolapios.org\/fr\/wp-json\/wp\/v2\/posts\/15954\/revisions"}],"predecessor-version":[{"id":48270,"href":"https:\/\/www.itakaescolapios.org\/fr\/wp-json\/wp\/v2\/posts\/15954\/revisions\/48270"}],"wp:featuredmedia":[{"embeddable":true,"href":"https:\/\/www.itakaescolapios.org\/fr\/wp-json\/wp\/v2\/media\/15955"}],"wp:attachment":[{"href":"https:\/\/www.itakaescolapios.org\/fr\/wp-json\/wp\/v2\/media?parent=15954"}],"wp:term":[{"taxonomy":"category","embeddable":true,"href":"https:\/\/www.itakaescolapios.org\/fr\/wp-json\/wp\/v2\/categories?post=15954"},{"taxonomy":"post_tag","embeddable":true,"href":"https:\/\/www.itakaescolapios.org\/fr\/wp-json\/wp\/v2\/tags?post=15954"}],"curies":[{"name":"wp","href":"https:\/\/api.w.org\/{rel}","templated":true}]}}