{"id":16058,"date":"2016-07-21T10:38:14","date_gmt":"2016-07-21T09:38:14","guid":{"rendered":"https:\/\/www.itakaescolapios.org\/?p=16058"},"modified":"2023-11-28T12:38:23","modified_gmt":"2023-11-28T11:38:23","slug":"primera-escuela-escolapia-en-yaunde","status":"publish","type":"post","link":"https:\/\/www.itakaescolapios.org\/fr\/2016\/07\/primera-escuela-escolapia-en-yaunde\/","title":{"rendered":"Premi\u00e8re \u00e9cole piariste de Yaound\u00e9"},"content":{"rendered":"<p>Elle ouvrira ses portes d\u00e8s la prochaine rentr\u00e9e scolaire au mois de Septembre 2016. Merci aux nombreuses institutions qui collaborent dans ce pr\u00e9cieux projet&#8230;<\/p>\n","protected":false},"excerpt":{"rendered":"<p>Elle ouvrira ses portes d\u00e8s la prochaine rentr\u00e9e scolaire au mois de Septembre 2016. Merci aux nombreuses institutions qui collaborent dans ce pr\u00e9cieux projet&#8230;<\/p>\n","protected":false},"author":15,"featured_media":16059,"comment_status":"closed","ping_status":"closed","sticky":false,"template":"","format":"standard","meta":{"_et_pb_use_builder":"","_et_pb_old_content":"","_et_gb_content_width":"","footnotes":""},"categories":[10],"tags":[],"class_list":["post-16058","post","type-post","status-publish","format-standard","has-post-thumbnail","hentry","category-camerun"],"yoast_head":"<!-- This site is optimized with the Yoast SEO plugin v27.4 - https:\/\/yoast.com\/product\/yoast-seo-wordpress\/ -->\n<title>Premi\u00e8re \u00e9cole piariste de Yaound\u00e9<\/title>\n<meta name=\"description\" content=\"Elle ouvrira ses portes d\u00e8s la prochaine rentr\u00e9e scolaire au mois de Septembre 2016. Merci aux nombreuses institutions qui collaborent dans ce pr\u00e9cieux projet...\" \/>\n<meta name=\"robots\" content=\"index, follow, max-snippet:-1, max-image-preview:large, max-video-preview:-1\" \/>\n<link rel=\"canonical\" href=\"http:\/\/Elle%20ouvrira%20ses%20portes%20d\u00e8s%20la%20prochaine%20rentr\u00e9e%20scolaire%20au%20mois%20de%20Septembre%202016.%20Merci%20aux%20nombreuses%20institutions%20qui%20collaborent%20dans%20ce%20pr\u00e9cieux%20projet...\" \/>\n<meta property=\"og:locale\" content=\"fr_FR\" \/>\n<meta property=\"og:type\" content=\"article\" \/>\n<meta property=\"og:title\" content=\"Premi\u00e8re \u00e9cole piariste de Yaound\u00e9\" \/>\n<meta property=\"og:description\" content=\"Elle ouvrira ses portes d\u00e8s la prochaine rentr\u00e9e scolaire au mois de Septembre 2016. Merci aux nombreuses institutions qui collaborent dans ce pr\u00e9cieux projet...\" \/>\n<meta property=\"og:url\" content=\"https:\/\/www.itakaescolapios.org\/fr\/2016\/07\/primera-escuela-escolapia-en-yaunde\/\" \/>\n<meta property=\"og:site_name\" content=\"Itaka-Escolapios\" \/>\n<meta property=\"article:published_time\" content=\"2016-07-21T09:38:14+00:00\" \/>\n<meta property=\"article:modified_time\" content=\"2023-11-28T11:38:23+00:00\" \/>\n<meta property=\"og:image\" content=\"https:\/\/www.itakaescolapios.org\/wp-content\/uploads\/2016\/07\/LOGO_Calasanz-Abobo-Yaound\u00e9.jpg\" \/>\n\t<meta property=\"og:image:width\" content=\"985\" \/>\n\t<meta property=\"og:image:height\" content=\"855\" \/>\n\t<meta property=\"og:image:type\" content=\"image\/jpeg\" \/>\n<meta name=\"author\" content=\"cameroun01\" \/>\n<meta name=\"twitter:card\" content=\"summary_large_image\" \/>\n<meta name=\"twitter:label1\" content=\"\u00c9crit par\" \/>\n\t<meta name=\"twitter:data1\" content=\"cameroun01\" \/>\n<script type=\"application\/ld+json\" class=\"yoast-schema-graph\">{\"@context\":\"https:\\\/\\\/schema.org\",\"@graph\":[{\"@type\":\"Article\",\"@id\":\"https:\\\/\\\/www.itakaescolapios.org\\\/fr\\\/2016\\\/07\\\/primera-escuela-escolapia-en-yaunde\\\/#article\",\"isPartOf\":{\"@id\":\"https:\\\/\\\/www.itakaescolapios.org\\\/fr\\\/2016\\\/07\\\/primera-escuela-escolapia-en-yaunde\\\/\"},\"author\":{\"name\":\"cameroun01\",\"@id\":\"https:\\\/\\\/www.itakaescolapios.org\\\/es\\\/#\\\/schema\\\/person\\\/d2844383e29bfdfef69039672ce14eb1\"},\"headline\":\"Premi\u00e8re \u00e9cole piariste de Yaound\u00e9\",\"datePublished\":\"2016-07-21T09:38:14+00:00\",\"dateModified\":\"2023-11-28T11:38:23+00:00\",\"mainEntityOfPage\":{\"@id\":\"https:\\\/\\\/www.itakaescolapios.org\\\/fr\\\/2016\\\/07\\\/primera-escuela-escolapia-en-yaunde\\\/\"},\"wordCount\":47,\"publisher\":{\"@id\":\"https:\\\/\\\/www.itakaescolapios.org\\\/es\\\/#organization\"},\"image\":{\"@id\":\"https:\\\/\\\/www.itakaescolapios.org\\\/fr\\\/2016\\\/07\\\/primera-escuela-escolapia-en-yaunde\\\/#primaryimage\"},\"thumbnailUrl\":\"https:\\\/\\\/www.itakaescolapios.org\\\/wp-content\\\/uploads\\\/2016\\\/07\\\/LOGO_Calasanz-Abobo-Yaound\u00e9.jpg\",\"articleSection\":[\"Cameroun\"],\"inLanguage\":\"fr-FR\"},{\"@type\":\"WebPage\",\"@id\":\"https:\\\/\\\/www.itakaescolapios.org\\\/fr\\\/2016\\\/07\\\/primera-escuela-escolapia-en-yaunde\\\/\",\"url\":\"https:\\\/\\\/www.itakaescolapios.org\\\/fr\\\/2016\\\/07\\\/primera-escuela-escolapia-en-yaunde\\\/\",\"name\":\"Primera escuela escolapia en Yaund\u00e9 - Itaka-Escolapios\",\"isPartOf\":{\"@id\":\"https:\\\/\\\/www.itakaescolapios.org\\\/es\\\/#website\"},\"primaryImageOfPage\":{\"@id\":\"https:\\\/\\\/www.itakaescolapios.org\\\/fr\\\/2016\\\/07\\\/primera-escuela-escolapia-en-yaunde\\\/#primaryimage\"},\"image\":{\"@id\":\"https:\\\/\\\/www.itakaescolapios.org\\\/fr\\\/2016\\\/07\\\/primera-escuela-escolapia-en-yaunde\\\/#primaryimage\"},\"thumbnailUrl\":\"https:\\\/\\\/www.itakaescolapios.org\\\/wp-content\\\/uploads\\\/2016\\\/07\\\/LOGO_Calasanz-Abobo-Yaound\u00e9.jpg\",\"datePublished\":\"2016-07-21T09:38:14+00:00\",\"dateModified\":\"2023-11-28T11:38:23+00:00\",\"breadcrumb\":{\"@id\":\"https:\\\/\\\/www.itakaescolapios.org\\\/fr\\\/2016\\\/07\\\/primera-escuela-escolapia-en-yaunde\\\/#breadcrumb\"},\"inLanguage\":\"fr-FR\",\"potentialAction\":[{\"@type\":\"ReadAction\",\"target\":[\"https:\\\/\\\/www.itakaescolapios.org\\\/fr\\\/2016\\\/07\\\/primera-escuela-escolapia-en-yaunde\\\/\"]}]},{\"@type\":\"ImageObject\",\"inLanguage\":\"fr-FR\",\"@id\":\"https:\\\/\\\/www.itakaescolapios.org\\\/fr\\\/2016\\\/07\\\/primera-escuela-escolapia-en-yaunde\\\/#primaryimage\",\"url\":\"https:\\\/\\\/www.itakaescolapios.org\\\/wp-content\\\/uploads\\\/2016\\\/07\\\/LOGO_Calasanz-Abobo-Yaound\u00e9.jpg\",\"contentUrl\":\"https:\\\/\\\/www.itakaescolapios.org\\\/wp-content\\\/uploads\\\/2016\\\/07\\\/LOGO_Calasanz-Abobo-Yaound\u00e9.jpg\",\"width\":985,\"height\":855},{\"@type\":\"BreadcrumbList\",\"@id\":\"https:\\\/\\\/www.itakaescolapios.org\\\/fr\\\/2016\\\/07\\\/primera-escuela-escolapia-en-yaunde\\\/#breadcrumb\",\"itemListElement\":[{\"@type\":\"ListItem\",\"position\":1,\"name\":\"Itaka-Escolapios\",\"item\":\"https:\\\/\\\/www.itakaescolapios.org\\\/es\\\/\"},{\"@type\":\"ListItem\",\"position\":2,\"name\":\"Premi\u00e8re \u00e9cole piariste de Yaound\u00e9\"}]},{\"@type\":\"WebSite\",\"@id\":\"https:\\\/\\\/www.itakaescolapios.org\\\/fr\\\/es\\\/#website\",\"url\":\"https:\\\/\\\/www.itakaescolapios.org\\\/fr\\\/es\\\/\",\"name\":\"Itaka-Escolapios\",\"description\":\"Red de Itaka-Escolapios\",\"publisher\":{\"@id\":\"https:\\\/\\\/www.itakaescolapios.org\\\/fr\\\/es\\\/#organization\"},\"potentialAction\":[{\"@type\":\"SearchAction\",\"target\":{\"@type\":\"EntryPoint\",\"urlTemplate\":\"https:\\\/\\\/www.itakaescolapios.org\\\/fr\\\/es\\\/?s={search_term_string}\"},\"query-input\":{\"@type\":\"PropertyValueSpecification\",\"valueRequired\":true,\"valueName\":\"search_term_string\"}}],\"inLanguage\":\"fr-FR\"},{\"@type\":\"Organization\",\"@id\":\"https:\\\/\\\/www.itakaescolapios.org\\\/fr\\\/es\\\/#organization\",\"name\":\"Fundaci\u00f3 Itaka-Escolapios\",\"url\":\"https:\\\/\\\/www.itakaescolapios.org\\\/fr\\\/es\\\/\",\"logo\":{\"@type\":\"ImageObject\",\"inLanguage\":\"fr-FR\",\"@id\":\"https:\\\/\\\/www.itakaescolapios.org\\\/fr\\\/es\\\/#\\\/schema\\\/logo\\\/image\\\/\",\"url\":\"https:\\\/\\\/www.itakaescolapios.org\\\/wp-content\\\/uploads\\\/2024\\\/04\\\/Logo-itakaescolapios-peque.png\",\"contentUrl\":\"https:\\\/\\\/www.itakaescolapios.org\\\/wp-content\\\/uploads\\\/2024\\\/04\\\/Logo-itakaescolapios-peque.png\",\"width\":500,\"height\":199,\"caption\":\"Fundaci\u00f3 Itaka-Escolapios\"},\"image\":{\"@id\":\"https:\\\/\\\/www.itakaescolapios.org\\\/fr\\\/es\\\/#\\\/schema\\\/logo\\\/image\\\/\"}},{\"@type\":\"Person\",\"@id\":\"https:\\\/\\\/www.itakaescolapios.org\\\/es\\\/#\\\/schema\\\/person\\\/d2844383e29bfdfef69039672ce14eb1\",\"name\":\"cameroun01\",\"url\":\"https:\\\/\\\/www.itakaescolapios.org\\\/fr\\\/author\\\/cameroun01\\\/\"}]}<\/script>\n<!-- \/ Yoast SEO plugin. -->","yoast_head_json":{"title":"Premi\u00e8re \u00e9cole piariste de Yaound\u00e9","description":"Elle ouvrira ses portes d\u00e8s la prochaine rentr\u00e9e scolaire au mois de Septembre 2016. Merci aux nombreuses institutions qui collaborent dans ce pr\u00e9cieux projet...","robots":{"index":"index","follow":"follow","max-snippet":"max-snippet:-1","max-image-preview":"max-image-preview:large","max-video-preview":"max-video-preview:-1"},"canonical":"Elle ouvrira ses portes d\u00e8s la prochaine rentr\u00e9e scolaire au mois de Septembre 2016. Merci aux nombreuses institutions qui collaborent dans ce pr\u00e9cieux projet...","og_locale":"fr_FR","og_type":"article","og_title":"Premi\u00e8re \u00e9cole piariste de Yaound\u00e9","og_description":"Elle ouvrira ses portes d\u00e8s la prochaine rentr\u00e9e scolaire au mois de Septembre 2016. Merci aux nombreuses institutions qui collaborent dans ce pr\u00e9cieux projet...","og_url":"https:\/\/www.itakaescolapios.org\/fr\/2016\/07\/primera-escuela-escolapia-en-yaunde\/","og_site_name":"Itaka-Escolapios","article_published_time":"2016-07-21T09:38:14+00:00","article_modified_time":"2023-11-28T11:38:23+00:00","og_image":[{"width":985,"height":855,"url":"https:\/\/www.itakaescolapios.org\/wp-content\/uploads\/2016\/07\/LOGO_Calasanz-Abobo-Yaound\u00e9.jpg","type":"image\/jpeg"}],"author":"cameroun01","twitter_card":"summary_large_image","twitter_misc":{"\u00c9crit par":"cameroun01"},"schema":{"@context":"https:\/\/schema.org","@graph":[{"@type":"Article","@id":"https:\/\/www.itakaescolapios.org\/fr\/2016\/07\/primera-escuela-escolapia-en-yaunde\/#article","isPartOf":{"@id":"https:\/\/www.itakaescolapios.org\/fr\/2016\/07\/primera-escuela-escolapia-en-yaunde\/"},"author":{"name":"cameroun01","@id":"https:\/\/www.itakaescolapios.org\/es\/#\/schema\/person\/d2844383e29bfdfef69039672ce14eb1"},"headline":"Premi\u00e8re \u00e9cole piariste de Yaound\u00e9","datePublished":"2016-07-21T09:38:14+00:00","dateModified":"2023-11-28T11:38:23+00:00","mainEntityOfPage":{"@id":"https:\/\/www.itakaescolapios.org\/fr\/2016\/07\/primera-escuela-escolapia-en-yaunde\/"},"wordCount":47,"publisher":{"@id":"https:\/\/www.itakaescolapios.org\/es\/#organization"},"image":{"@id":"https:\/\/www.itakaescolapios.org\/fr\/2016\/07\/primera-escuela-escolapia-en-yaunde\/#primaryimage"},"thumbnailUrl":"https:\/\/www.itakaescolapios.org\/wp-content\/uploads\/2016\/07\/LOGO_Calasanz-Abobo-Yaound\u00e9.jpg","articleSection":["Cameroun"],"inLanguage":"fr-FR"},{"@type":"WebPage","@id":"https:\/\/www.itakaescolapios.org\/fr\/2016\/07\/primera-escuela-escolapia-en-yaunde\/","url":"https:\/\/www.itakaescolapios.org\/fr\/2016\/07\/primera-escuela-escolapia-en-yaunde\/","name":"Primera escuela escolapia en Yaund\u00e9 - Itaka-Escolapios","isPartOf":{"@id":"https:\/\/www.itakaescolapios.org\/es\/#website"},"primaryImageOfPage":{"@id":"https:\/\/www.itakaescolapios.org\/fr\/2016\/07\/primera-escuela-escolapia-en-yaunde\/#primaryimage"},"image":{"@id":"https:\/\/www.itakaescolapios.org\/fr\/2016\/07\/primera-escuela-escolapia-en-yaunde\/#primaryimage"},"thumbnailUrl":"https:\/\/www.itakaescolapios.org\/wp-content\/uploads\/2016\/07\/LOGO_Calasanz-Abobo-Yaound\u00e9.jpg","datePublished":"2016-07-21T09:38:14+00:00","dateModified":"2023-11-28T11:38:23+00:00","breadcrumb":{"@id":"https:\/\/www.itakaescolapios.org\/fr\/2016\/07\/primera-escuela-escolapia-en-yaunde\/#breadcrumb"},"inLanguage":"fr-FR","potentialAction":[{"@type":"ReadAction","target":["https:\/\/www.itakaescolapios.org\/fr\/2016\/07\/primera-escuela-escolapia-en-yaunde\/"]}]},{"@type":"ImageObject","inLanguage":"fr-FR","@id":"https:\/\/www.itakaescolapios.org\/fr\/2016\/07\/primera-escuela-escolapia-en-yaunde\/#primaryimage","url":"https:\/\/www.itakaescolapios.org\/wp-content\/uploads\/2016\/07\/LOGO_Calasanz-Abobo-Yaound\u00e9.jpg","contentUrl":"https:\/\/www.itakaescolapios.org\/wp-content\/uploads\/2016\/07\/LOGO_Calasanz-Abobo-Yaound\u00e9.jpg","width":985,"height":855},{"@type":"BreadcrumbList","@id":"https:\/\/www.itakaescolapios.org\/fr\/2016\/07\/primera-escuela-escolapia-en-yaunde\/#breadcrumb","itemListElement":[{"@type":"ListItem","position":1,"name":"Itaka-Escolapios","item":"https:\/\/www.itakaescolapios.org\/es\/"},{"@type":"ListItem","position":2,"name":"Premi\u00e8re \u00e9cole piariste de Yaound\u00e9"}]},{"@type":"WebSite","@id":"https:\/\/www.itakaescolapios.org\/fr\/es\/#website","url":"https:\/\/www.itakaescolapios.org\/fr\/es\/","name":"Itaka-Escolapios","description":"Red de Itaka-Escolapios","publisher":{"@id":"https:\/\/www.itakaescolapios.org\/fr\/es\/#organization"},"potentialAction":[{"@type":"SearchAction","target":{"@type":"EntryPoint","urlTemplate":"https:\/\/www.itakaescolapios.org\/fr\/es\/?s={search_term_string}"},"query-input":{"@type":"PropertyValueSpecification","valueRequired":true,"valueName":"search_term_string"}}],"inLanguage":"fr-FR"},{"@type":"Organization","@id":"https:\/\/www.itakaescolapios.org\/fr\/es\/#organization","name":"Fundaci\u00f3 Itaka-Escolapios","url":"https:\/\/www.itakaescolapios.org\/fr\/es\/","logo":{"@type":"ImageObject","inLanguage":"fr-FR","@id":"https:\/\/www.itakaescolapios.org\/fr\/es\/#\/schema\/logo\/image\/","url":"https:\/\/www.itakaescolapios.org\/wp-content\/uploads\/2024\/04\/Logo-itakaescolapios-peque.png","contentUrl":"https:\/\/www.itakaescolapios.org\/wp-content\/uploads\/2024\/04\/Logo-itakaescolapios-peque.png","width":500,"height":199,"caption":"Fundaci\u00f3 Itaka-Escolapios"},"image":{"@id":"https:\/\/www.itakaescolapios.org\/fr\/es\/#\/schema\/logo\/image\/"}},{"@type":"Person","@id":"https:\/\/www.itakaescolapios.org\/es\/#\/schema\/person\/d2844383e29bfdfef69039672ce14eb1","name":"cameroun01","url":"https:\/\/www.itakaescolapios.org\/fr\/author\/cameroun01\/"}]}},"_links":{"self":[{"href":"https:\/\/www.itakaescolapios.org\/fr\/wp-json\/wp\/v2\/posts\/16058","targetHints":{"allow":["GET"]}}],"collection":[{"href":"https:\/\/www.itakaescolapios.org\/fr\/wp-json\/wp\/v2\/posts"}],"about":[{"href":"https:\/\/www.itakaescolapios.org\/fr\/wp-json\/wp\/v2\/types\/post"}],"author":[{"embeddable":true,"href":"https:\/\/www.itakaescolapios.org\/fr\/wp-json\/wp\/v2\/users\/15"}],"replies":[{"embeddable":true,"href":"https:\/\/www.itakaescolapios.org\/fr\/wp-json\/wp\/v2\/comments?post=16058"}],"version-history":[{"count":3,"href":"https:\/\/www.itakaescolapios.org\/fr\/wp-json\/wp\/v2\/posts\/16058\/revisions"}],"predecessor-version":[{"id":48255,"href":"https:\/\/www.itakaescolapios.org\/fr\/wp-json\/wp\/v2\/posts\/16058\/revisions\/48255"}],"wp:featuredmedia":[{"embeddable":true,"href":"https:\/\/www.itakaescolapios.org\/fr\/wp-json\/wp\/v2\/media\/16059"}],"wp:attachment":[{"href":"https:\/\/www.itakaescolapios.org\/fr\/wp-json\/wp\/v2\/media?parent=16058"}],"wp:term":[{"taxonomy":"category","embeddable":true,"href":"https:\/\/www.itakaescolapios.org\/fr\/wp-json\/wp\/v2\/categories?post=16058"},{"taxonomy":"post_tag","embeddable":true,"href":"https:\/\/www.itakaescolapios.org\/fr\/wp-json\/wp\/v2\/tags?post=16058"}],"curies":[{"name":"wp","href":"https:\/\/api.w.org\/{rel}","templated":true}]}}