{"id":19589,"date":"2017-06-29T11:35:20","date_gmt":"2017-06-29T10:35:20","guid":{"rendered":"https:\/\/www.itakaescolapios.org\/?p=19589"},"modified":"2023-11-28T12:37:59","modified_gmt":"2023-11-28T11:37:59","slug":"comienza-el-campo-de-trabajo-2017-de-aluche","status":"publish","type":"post","link":"https:\/\/www.itakaescolapios.org\/fr\/2017\/06\/comienza-el-campo-de-trabajo-2017-de-aluche\/","title":{"rendered":"\u00a1COMIENZA EL CAMPO DE TRABAJO 2017 DE ALUCHE!"},"content":{"rendered":"<p>El pr\u00f3ximo s\u00e1bado comenzaremos en Aluche el Campo de Trabajo 2017. Es la cuarta edici\u00f3n desde que en 2014 comenzamos esta maravillosa aventura en Madrid. Este a\u00f1o contaremos con 16 j\u00f3venes de Pozuelo, Calasancio, Salamanca\u2026y de alg\u00fan que otro lugar m\u00e1s, que vienen a vivir una experiencia \u00fanica e irrepetible de voluntariado: 15 d\u00edas al servicio de los ni\u00f1os y ni\u00f1as en distintas asociaciones, que les ayudar\u00e1n, para muchos de ellos por primera vez, para abrir los ojos a la realidad cercana y lejana, echar una mano de forma desinteresada, y agacharse al servicio de los m\u00e1s peque\u00f1os. Todos los voluntarios estar\u00e1n acompa\u00f1ados por un equipo de coordinaci\u00f3n que los acompa\u00f1ar\u00e1 en esta experiencia.<\/p>\n<p>Vamos a colaborar en cuatro lugares diferentes: En el propio colegio de Aluche tendremos un Campamento Urbano con m\u00e1s de 85 ni\u00f1os y ni\u00f1as que vienen a pas\u00e1rselo genial con juegos, piscina, un rato de tiempo de repaso escolar\u2026etc. Tambi\u00e9n acudiremos a la Escuela de Expresi\u00f3n, a campamentos urbanos en Carabanchel, y a la Fundaci\u00f3n Tomillo.<\/p>\n<p>Toda esta experiencia \u201cpr\u00e1ctica\u201d de voluntariado se completar\u00e1 con las formaciones que los chavales recibir\u00e1n por las tardes en el colegio Nuestra Se\u00f1ora de las Escuelas P\u00edas de Aluche, donde estaremos todos juntos conviviendo y creciendo juntos, tras los pasos de San Jos\u00e9 de Calasanz.<\/p>\n<p>Ya iremos contando m\u00e1s detalles a partir del s\u00e1bado que comenzamos el campo de trabajo. \u00a1Nos vemos pronto!<\/p>\n","protected":false},"excerpt":{"rendered":"<p>El pr\u00f3ximo s\u00e1bado comenzaremos en Aluche el Campo de Trabajo 2017. Es la cuarta edici\u00f3n desde que en 2014 comenzamos esta maravillosa aventura en Madrid. Este a\u00f1o contaremos con 16 [&hellip;]<\/p>\n","protected":false},"author":48,"featured_media":19590,"comment_status":"closed","ping_status":"closed","sticky":false,"template":"","format":"standard","meta":{"_et_pb_use_builder":"","_et_pb_old_content":"","_et_gb_content_width":"","footnotes":""},"categories":[146],"tags":[],"class_list":["post-19589","post","type-post","status-publish","format-standard","has-post-thumbnail","hentry","category-madrid"],"yoast_head":"<!-- This site is optimized with the Yoast SEO plugin v27.4 - https:\/\/yoast.com\/product\/yoast-seo-wordpress\/ -->\n<title>\u00a1COMIENZA EL CAMPO DE TRABAJO 2017 DE ALUCHE!<\/title>\n<meta name=\"description\" content=\"El pr\u00f3ximo s\u00e1bado comenzaremos en Aluche el Campo de Trabajo 2017. Es la cuarta edici\u00f3n desde que en 2014 comenzamos esta maravillosa aventura en Madrid. Este a\u00f1o contaremos con 16 j\u00f3venes de Pozuelo, Calasancio, Salamanca\u2026y de alg\u00fan que otro lugar m\u00e1s, que vienen a vivir una experiencia \u00fanica e irrepetible de voluntariado: 15 d\u00edas al\u2026\" \/>\n<meta name=\"robots\" content=\"index, follow, max-snippet:-1, max-image-preview:large, max-video-preview:-1\" \/>\n<link rel=\"canonical\" href=\"\" \/>\n<meta property=\"og:locale\" content=\"fr_FR\" \/>\n<meta property=\"og:type\" content=\"article\" \/>\n<meta property=\"og:title\" content=\"\u00a1COMIENZA EL CAMPO DE TRABAJO 2017 DE ALUCHE!\" \/>\n<meta property=\"og:description\" content=\"El pr\u00f3ximo s\u00e1bado comenzaremos en Aluche el Campo de Trabajo 2017. Es la cuarta edici\u00f3n desde que en 2014 comenzamos esta maravillosa aventura en Madrid. Este a\u00f1o contaremos con 16 j\u00f3venes de Pozuelo, Calasancio, Salamanca\u2026y de alg\u00fan que otro lugar m\u00e1s, que vienen a vivir una experiencia \u00fanica e irrepetible de voluntariado: 15 d\u00edas al\u2026\" \/>\n<meta property=\"og:url\" content=\"https:\/\/www.itakaescolapios.org\/fr\/2017\/06\/comienza-el-campo-de-trabajo-2017-de-aluche\/\" \/>\n<meta property=\"og:site_name\" content=\"Itaka-Escolapios\" \/>\n<meta property=\"article:published_time\" content=\"2017-06-29T10:35:20+00:00\" \/>\n<meta property=\"article:modified_time\" content=\"2023-11-28T11:37:59+00:00\" \/>\n<meta property=\"og:image\" content=\"https:\/\/www.itakaescolapios.org\/wp-content\/uploads\/2017\/06\/CT-17-LOGO.jpg\" \/>\n\t<meta property=\"og:image:width\" content=\"768\" \/>\n\t<meta property=\"og:image:height\" content=\"759\" \/>\n\t<meta property=\"og:image:type\" content=\"image\/jpeg\" \/>\n<meta name=\"author\" content=\"madrid01\" \/>\n<meta name=\"twitter:card\" content=\"summary_large_image\" \/>\n<meta name=\"twitter:label1\" content=\"\u00c9crit par\" \/>\n\t<meta name=\"twitter:data1\" content=\"madrid01\" \/>\n\t<meta name=\"twitter:label2\" content=\"Dur\u00e9e de lecture estim\u00e9e\" \/>\n\t<meta name=\"twitter:data2\" content=\"1 minute\" \/>\n<script type=\"application\/ld+json\" class=\"yoast-schema-graph\">{\"@context\":\"https:\\\/\\\/schema.org\",\"@graph\":[{\"@type\":\"Article\",\"@id\":\"https:\\\/\\\/www.itakaescolapios.org\\\/fr\\\/2017\\\/06\\\/comienza-el-campo-de-trabajo-2017-de-aluche\\\/#article\",\"isPartOf\":{\"@id\":\"https:\\\/\\\/www.itakaescolapios.org\\\/fr\\\/2017\\\/06\\\/comienza-el-campo-de-trabajo-2017-de-aluche\\\/\"},\"author\":{\"name\":\"madrid01\",\"@id\":\"https:\\\/\\\/www.itakaescolapios.org\\\/es\\\/#\\\/schema\\\/person\\\/bcd60d18d9795d0e978153a567a2edcb\"},\"headline\":\"\u00a1COMIENZA EL CAMPO DE TRABAJO 2017 DE ALUCHE!\",\"datePublished\":\"2017-06-29T10:35:20+00:00\",\"dateModified\":\"2023-11-28T11:37:59+00:00\",\"mainEntityOfPage\":{\"@id\":\"https:\\\/\\\/www.itakaescolapios.org\\\/fr\\\/2017\\\/06\\\/comienza-el-campo-de-trabajo-2017-de-aluche\\\/\"},\"wordCount\":267,\"publisher\":{\"@id\":\"https:\\\/\\\/www.itakaescolapios.org\\\/es\\\/#organization\"},\"image\":{\"@id\":\"https:\\\/\\\/www.itakaescolapios.org\\\/fr\\\/2017\\\/06\\\/comienza-el-campo-de-trabajo-2017-de-aluche\\\/#primaryimage\"},\"thumbnailUrl\":\"https:\\\/\\\/www.itakaescolapios.org\\\/wp-content\\\/uploads\\\/2017\\\/06\\\/CT-17-LOGO.jpg\",\"articleSection\":[\"Madrid\"],\"inLanguage\":\"fr-FR\"},{\"@type\":\"WebPage\",\"@id\":\"https:\\\/\\\/www.itakaescolapios.org\\\/fr\\\/2017\\\/06\\\/comienza-el-campo-de-trabajo-2017-de-aluche\\\/\",\"url\":\"https:\\\/\\\/www.itakaescolapios.org\\\/fr\\\/2017\\\/06\\\/comienza-el-campo-de-trabajo-2017-de-aluche\\\/\",\"name\":\"\u00a1COMIENZA EL CAMPO DE TRABAJO 2017 DE ALUCHE! - Itaka-Escolapios\",\"isPartOf\":{\"@id\":\"https:\\\/\\\/www.itakaescolapios.org\\\/es\\\/#website\"},\"primaryImageOfPage\":{\"@id\":\"https:\\\/\\\/www.itakaescolapios.org\\\/fr\\\/2017\\\/06\\\/comienza-el-campo-de-trabajo-2017-de-aluche\\\/#primaryimage\"},\"image\":{\"@id\":\"https:\\\/\\\/www.itakaescolapios.org\\\/fr\\\/2017\\\/06\\\/comienza-el-campo-de-trabajo-2017-de-aluche\\\/#primaryimage\"},\"thumbnailUrl\":\"https:\\\/\\\/www.itakaescolapios.org\\\/wp-content\\\/uploads\\\/2017\\\/06\\\/CT-17-LOGO.jpg\",\"datePublished\":\"2017-06-29T10:35:20+00:00\",\"dateModified\":\"2023-11-28T11:37:59+00:00\",\"breadcrumb\":{\"@id\":\"https:\\\/\\\/www.itakaescolapios.org\\\/fr\\\/2017\\\/06\\\/comienza-el-campo-de-trabajo-2017-de-aluche\\\/#breadcrumb\"},\"inLanguage\":\"fr-FR\",\"potentialAction\":[{\"@type\":\"ReadAction\",\"target\":[\"https:\\\/\\\/www.itakaescolapios.org\\\/fr\\\/2017\\\/06\\\/comienza-el-campo-de-trabajo-2017-de-aluche\\\/\"]}]},{\"@type\":\"ImageObject\",\"inLanguage\":\"fr-FR\",\"@id\":\"https:\\\/\\\/www.itakaescolapios.org\\\/fr\\\/2017\\\/06\\\/comienza-el-campo-de-trabajo-2017-de-aluche\\\/#primaryimage\",\"url\":\"https:\\\/\\\/www.itakaescolapios.org\\\/wp-content\\\/uploads\\\/2017\\\/06\\\/CT-17-LOGO.jpg\",\"contentUrl\":\"https:\\\/\\\/www.itakaescolapios.org\\\/wp-content\\\/uploads\\\/2017\\\/06\\\/CT-17-LOGO.jpg\",\"width\":768,\"height\":759},{\"@type\":\"BreadcrumbList\",\"@id\":\"https:\\\/\\\/www.itakaescolapios.org\\\/fr\\\/2017\\\/06\\\/comienza-el-campo-de-trabajo-2017-de-aluche\\\/#breadcrumb\",\"itemListElement\":[{\"@type\":\"ListItem\",\"position\":1,\"name\":\"Itaka-Escolapios\",\"item\":\"https:\\\/\\\/www.itakaescolapios.org\\\/es\\\/\"},{\"@type\":\"ListItem\",\"position\":2,\"name\":\"\u00a1COMIENZA EL CAMPO DE TRABAJO 2017 DE ALUCHE!\"}]},{\"@type\":\"WebSite\",\"@id\":\"https:\\\/\\\/www.itakaescolapios.org\\\/fr\\\/es\\\/#website\",\"url\":\"https:\\\/\\\/www.itakaescolapios.org\\\/fr\\\/es\\\/\",\"name\":\"Itaka-Escolapios\",\"description\":\"Red de Itaka-Escolapios\",\"publisher\":{\"@id\":\"https:\\\/\\\/www.itakaescolapios.org\\\/fr\\\/es\\\/#organization\"},\"potentialAction\":[{\"@type\":\"SearchAction\",\"target\":{\"@type\":\"EntryPoint\",\"urlTemplate\":\"https:\\\/\\\/www.itakaescolapios.org\\\/fr\\\/es\\\/?s={search_term_string}\"},\"query-input\":{\"@type\":\"PropertyValueSpecification\",\"valueRequired\":true,\"valueName\":\"search_term_string\"}}],\"inLanguage\":\"fr-FR\"},{\"@type\":\"Organization\",\"@id\":\"https:\\\/\\\/www.itakaescolapios.org\\\/fr\\\/es\\\/#organization\",\"name\":\"Fundaci\u00f3 Itaka-Escolapios\",\"url\":\"https:\\\/\\\/www.itakaescolapios.org\\\/fr\\\/es\\\/\",\"logo\":{\"@type\":\"ImageObject\",\"inLanguage\":\"fr-FR\",\"@id\":\"https:\\\/\\\/www.itakaescolapios.org\\\/fr\\\/es\\\/#\\\/schema\\\/logo\\\/image\\\/\",\"url\":\"https:\\\/\\\/www.itakaescolapios.org\\\/wp-content\\\/uploads\\\/2024\\\/04\\\/Logo-itakaescolapios-peque.png\",\"contentUrl\":\"https:\\\/\\\/www.itakaescolapios.org\\\/wp-content\\\/uploads\\\/2024\\\/04\\\/Logo-itakaescolapios-peque.png\",\"width\":500,\"height\":199,\"caption\":\"Fundaci\u00f3 Itaka-Escolapios\"},\"image\":{\"@id\":\"https:\\\/\\\/www.itakaescolapios.org\\\/fr\\\/es\\\/#\\\/schema\\\/logo\\\/image\\\/\"}},{\"@type\":\"Person\",\"@id\":\"https:\\\/\\\/www.itakaescolapios.org\\\/es\\\/#\\\/schema\\\/person\\\/bcd60d18d9795d0e978153a567a2edcb\",\"name\":\"madrid01\",\"url\":\"https:\\\/\\\/www.itakaescolapios.org\\\/fr\\\/author\\\/madrid01\\\/\"}]}<\/script>\n<!-- \/ Yoast SEO plugin. -->","yoast_head_json":{"title":"\u00a1COMIENZA EL CAMPO DE TRABAJO 2017 DE ALUCHE!","description":"El pr\u00f3ximo s\u00e1bado comenzaremos en Aluche el Campo de Trabajo 2017. Es la cuarta edici\u00f3n desde que en 2014 comenzamos esta maravillosa aventura en Madrid. Este a\u00f1o contaremos con 16 j\u00f3venes de Pozuelo, Calasancio, Salamanca\u2026y de alg\u00fan que otro lugar m\u00e1s, que vienen a vivir una experiencia \u00fanica e irrepetible de voluntariado: 15 d\u00edas al\u2026","robots":{"index":"index","follow":"follow","max-snippet":"max-snippet:-1","max-image-preview":"max-image-preview:large","max-video-preview":"max-video-preview:-1"},"canonical":"El pr\u00f3ximo s\u00e1bado comenzaremos en Aluche el Campo de Trabajo 2017. Es la cuarta edici\u00f3n desde que en 2014 comenzamos esta maravillosa aventura en Madrid. Este a\u00f1o contaremos con 16 j\u00f3venes de Pozuelo, Calasancio, Salamanca\u2026y de alg\u00fan que otro lugar m\u00e1s, que vienen a vivir una experiencia \u00fanica e irrepetible de voluntariado: 15 d\u00edas al\u2026","og_locale":"fr_FR","og_type":"article","og_title":"\u00a1COMIENZA EL CAMPO DE TRABAJO 2017 DE ALUCHE!","og_description":"El pr\u00f3ximo s\u00e1bado comenzaremos en Aluche el Campo de Trabajo 2017. Es la cuarta edici\u00f3n desde que en 2014 comenzamos esta maravillosa aventura en Madrid. Este a\u00f1o contaremos con 16 j\u00f3venes de Pozuelo, Calasancio, Salamanca\u2026y de alg\u00fan que otro lugar m\u00e1s, que vienen a vivir una experiencia \u00fanica e irrepetible de voluntariado: 15 d\u00edas al\u2026","og_url":"https:\/\/www.itakaescolapios.org\/fr\/2017\/06\/comienza-el-campo-de-trabajo-2017-de-aluche\/","og_site_name":"Itaka-Escolapios","article_published_time":"2017-06-29T10:35:20+00:00","article_modified_time":"2023-11-28T11:37:59+00:00","og_image":[{"width":768,"height":759,"url":"https:\/\/www.itakaescolapios.org\/wp-content\/uploads\/2017\/06\/CT-17-LOGO.jpg","type":"image\/jpeg"}],"author":"madrid01","twitter_card":"summary_large_image","twitter_misc":{"\u00c9crit par":"madrid01","Dur\u00e9e de lecture estim\u00e9e":"1 minute"},"schema":{"@context":"https:\/\/schema.org","@graph":[{"@type":"Article","@id":"https:\/\/www.itakaescolapios.org\/fr\/2017\/06\/comienza-el-campo-de-trabajo-2017-de-aluche\/#article","isPartOf":{"@id":"https:\/\/www.itakaescolapios.org\/fr\/2017\/06\/comienza-el-campo-de-trabajo-2017-de-aluche\/"},"author":{"name":"madrid01","@id":"https:\/\/www.itakaescolapios.org\/es\/#\/schema\/person\/bcd60d18d9795d0e978153a567a2edcb"},"headline":"\u00a1COMIENZA EL CAMPO DE TRABAJO 2017 DE ALUCHE!","datePublished":"2017-06-29T10:35:20+00:00","dateModified":"2023-11-28T11:37:59+00:00","mainEntityOfPage":{"@id":"https:\/\/www.itakaescolapios.org\/fr\/2017\/06\/comienza-el-campo-de-trabajo-2017-de-aluche\/"},"wordCount":267,"publisher":{"@id":"https:\/\/www.itakaescolapios.org\/es\/#organization"},"image":{"@id":"https:\/\/www.itakaescolapios.org\/fr\/2017\/06\/comienza-el-campo-de-trabajo-2017-de-aluche\/#primaryimage"},"thumbnailUrl":"https:\/\/www.itakaescolapios.org\/wp-content\/uploads\/2017\/06\/CT-17-LOGO.jpg","articleSection":["Madrid"],"inLanguage":"fr-FR"},{"@type":"WebPage","@id":"https:\/\/www.itakaescolapios.org\/fr\/2017\/06\/comienza-el-campo-de-trabajo-2017-de-aluche\/","url":"https:\/\/www.itakaescolapios.org\/fr\/2017\/06\/comienza-el-campo-de-trabajo-2017-de-aluche\/","name":"\u00a1COMIENZA EL CAMPO DE TRABAJO 2017 DE ALUCHE! - Itaka-Escolapios","isPartOf":{"@id":"https:\/\/www.itakaescolapios.org\/es\/#website"},"primaryImageOfPage":{"@id":"https:\/\/www.itakaescolapios.org\/fr\/2017\/06\/comienza-el-campo-de-trabajo-2017-de-aluche\/#primaryimage"},"image":{"@id":"https:\/\/www.itakaescolapios.org\/fr\/2017\/06\/comienza-el-campo-de-trabajo-2017-de-aluche\/#primaryimage"},"thumbnailUrl":"https:\/\/www.itakaescolapios.org\/wp-content\/uploads\/2017\/06\/CT-17-LOGO.jpg","datePublished":"2017-06-29T10:35:20+00:00","dateModified":"2023-11-28T11:37:59+00:00","breadcrumb":{"@id":"https:\/\/www.itakaescolapios.org\/fr\/2017\/06\/comienza-el-campo-de-trabajo-2017-de-aluche\/#breadcrumb"},"inLanguage":"fr-FR","potentialAction":[{"@type":"ReadAction","target":["https:\/\/www.itakaescolapios.org\/fr\/2017\/06\/comienza-el-campo-de-trabajo-2017-de-aluche\/"]}]},{"@type":"ImageObject","inLanguage":"fr-FR","@id":"https:\/\/www.itakaescolapios.org\/fr\/2017\/06\/comienza-el-campo-de-trabajo-2017-de-aluche\/#primaryimage","url":"https:\/\/www.itakaescolapios.org\/wp-content\/uploads\/2017\/06\/CT-17-LOGO.jpg","contentUrl":"https:\/\/www.itakaescolapios.org\/wp-content\/uploads\/2017\/06\/CT-17-LOGO.jpg","width":768,"height":759},{"@type":"BreadcrumbList","@id":"https:\/\/www.itakaescolapios.org\/fr\/2017\/06\/comienza-el-campo-de-trabajo-2017-de-aluche\/#breadcrumb","itemListElement":[{"@type":"ListItem","position":1,"name":"Itaka-Escolapios","item":"https:\/\/www.itakaescolapios.org\/es\/"},{"@type":"ListItem","position":2,"name":"\u00a1COMIENZA EL CAMPO DE TRABAJO 2017 DE ALUCHE!"}]},{"@type":"WebSite","@id":"https:\/\/www.itakaescolapios.org\/fr\/es\/#website","url":"https:\/\/www.itakaescolapios.org\/fr\/es\/","name":"Itaka-Escolapios","description":"Red de Itaka-Escolapios","publisher":{"@id":"https:\/\/www.itakaescolapios.org\/fr\/es\/#organization"},"potentialAction":[{"@type":"SearchAction","target":{"@type":"EntryPoint","urlTemplate":"https:\/\/www.itakaescolapios.org\/fr\/es\/?s={search_term_string}"},"query-input":{"@type":"PropertyValueSpecification","valueRequired":true,"valueName":"search_term_string"}}],"inLanguage":"fr-FR"},{"@type":"Organization","@id":"https:\/\/www.itakaescolapios.org\/fr\/es\/#organization","name":"Fundaci\u00f3 Itaka-Escolapios","url":"https:\/\/www.itakaescolapios.org\/fr\/es\/","logo":{"@type":"ImageObject","inLanguage":"fr-FR","@id":"https:\/\/www.itakaescolapios.org\/fr\/es\/#\/schema\/logo\/image\/","url":"https:\/\/www.itakaescolapios.org\/wp-content\/uploads\/2024\/04\/Logo-itakaescolapios-peque.png","contentUrl":"https:\/\/www.itakaescolapios.org\/wp-content\/uploads\/2024\/04\/Logo-itakaescolapios-peque.png","width":500,"height":199,"caption":"Fundaci\u00f3 Itaka-Escolapios"},"image":{"@id":"https:\/\/www.itakaescolapios.org\/fr\/es\/#\/schema\/logo\/image\/"}},{"@type":"Person","@id":"https:\/\/www.itakaescolapios.org\/es\/#\/schema\/person\/bcd60d18d9795d0e978153a567a2edcb","name":"madrid01","url":"https:\/\/www.itakaescolapios.org\/fr\/author\/madrid01\/"}]}},"_links":{"self":[{"href":"https:\/\/www.itakaescolapios.org\/fr\/wp-json\/wp\/v2\/posts\/19589","targetHints":{"allow":["GET"]}}],"collection":[{"href":"https:\/\/www.itakaescolapios.org\/fr\/wp-json\/wp\/v2\/posts"}],"about":[{"href":"https:\/\/www.itakaescolapios.org\/fr\/wp-json\/wp\/v2\/types\/post"}],"author":[{"embeddable":true,"href":"https:\/\/www.itakaescolapios.org\/fr\/wp-json\/wp\/v2\/users\/48"}],"replies":[{"embeddable":true,"href":"https:\/\/www.itakaescolapios.org\/fr\/wp-json\/wp\/v2\/comments?post=19589"}],"version-history":[{"count":3,"href":"https:\/\/www.itakaescolapios.org\/fr\/wp-json\/wp\/v2\/posts\/19589\/revisions"}],"predecessor-version":[{"id":47610,"href":"https:\/\/www.itakaescolapios.org\/fr\/wp-json\/wp\/v2\/posts\/19589\/revisions\/47610"}],"wp:featuredmedia":[{"embeddable":true,"href":"https:\/\/www.itakaescolapios.org\/fr\/wp-json\/wp\/v2\/media\/19590"}],"wp:attachment":[{"href":"https:\/\/www.itakaescolapios.org\/fr\/wp-json\/wp\/v2\/media?parent=19589"}],"wp:term":[{"taxonomy":"category","embeddable":true,"href":"https:\/\/www.itakaescolapios.org\/fr\/wp-json\/wp\/v2\/categories?post=19589"},{"taxonomy":"post_tag","embeddable":true,"href":"https:\/\/www.itakaescolapios.org\/fr\/wp-json\/wp\/v2\/tags?post=19589"}],"curies":[{"name":"wp","href":"https:\/\/api.w.org\/{rel}","templated":true}]}}