{"id":20186,"date":"2017-09-15T19:05:47","date_gmt":"2017-09-15T18:05:47","guid":{"rendered":"https:\/\/www.itakaescolapios.org\/?p=20186"},"modified":"2023-11-28T12:37:52","modified_gmt":"2023-11-28T11:37:52","slug":"portugues-oficina-de-construcao-de-brinquedos-com-reciclados","status":"publish","type":"post","link":"https:\/\/www.itakaescolapios.org\/fr\/2017\/09\/portugues-oficina-de-construcao-de-brinquedos-com-reciclados\/","title":{"rendered":"TALLER DE CONSTRUCCI\u00d3N DE JUGUETES CON MATERIALES DE RECICLAJE"},"content":{"rendered":"<p>En septiembre nos dedicamos, como tema transversal en nuestros talleres, al valor de la CIUDADAN\u00cdA. La profesora de artesanado Luciene para alinear su taller con esta tem\u00e1tica est\u00e1 promoviendo con los ni\u00f1os y adolescentes de los proyectos de Socializaci\u00f3n y Jornada Ampliada la construcci\u00f3n de juguetes que ser\u00e1n posteriormente presentados a los ni\u00f1os de la Escuela Municipal Jos\u00e9 Luiz Taldeo. El primer juguete escogido es el \u00ab\u00a0bilboqu\u00e9\u00a0\u00bb.<\/p>\n<p>Utilizando materiales reciclado como tapas de botellas y macetas podemos alegrar los momentos de recreo de los ni\u00f1os ayudando en su coordinaci\u00f3n motora y en la concentraci\u00f3n. La iniciativa adem\u00e1s de trabajar el voluntariado como gesto de ciudadan\u00eda contribuye para el medio ambiente reaprovechando materiales que ir\u00edan directamente a la basura, desarrolla la capacidad creativa y la coordinaci\u00f3n y cultiva en los participantes los valores importantes en la formaci\u00f3n humana como la colaboraci\u00f3n y la gratuidad.<\/p>\n<p><a href=\"https:\/\/www.facebook.com\/photo.php?fbid=426124141117206&amp;set=pcb.426125154450438&amp;type=3&amp;theater\">Vea m\u00e1s fotos\u00a0<\/a><\/p>\n","protected":false},"excerpt":{"rendered":"<p>En septiembre nos dedicamos, como tema transversal en nuestros talleres, al valor de la CIUDADAN\u00cdA. La profesora de artesanado Luciene para alinear su taller con esta tem\u00e1tica est\u00e1 promoviendo con [&hellip;]<\/p>\n","protected":false},"author":11,"featured_media":20187,"comment_status":"closed","ping_status":"closed","sticky":false,"template":"","format":"standard","meta":{"_et_pb_use_builder":"","_et_pb_old_content":"","_et_gb_content_width":"","footnotes":""},"categories":[16],"tags":[],"class_list":["post-20186","post","type-post","status-publish","format-standard","has-post-thumbnail","hentry","category-governador-valadares"],"yoast_head":"<!-- This site is optimized with the Yoast SEO plugin v27.4 - https:\/\/yoast.com\/product\/yoast-seo-wordpress\/ -->\n<title>TALLER DE CONSTRUCCI\u00d3N DE JUGUETES CON MATERIALES DE RECICLAJE<\/title>\n<meta name=\"description\" content=\"En septiembre nos dedicamos, como tema transversal en nuestros talleres, al valor de la CIUDADAN\u00cdA. La profesora de artesanado Luciene para alinear su taller con esta tem\u00e1tica est\u00e1 promoviendo con los ni\u00f1os y adolescentes de los proyectos de Socializaci\u00f3n y Jornada Ampliada la construcci\u00f3n de juguetes que ser\u00e1n posteriormente presentados a los ni\u00f1os de la\u2026\" \/>\n<meta name=\"robots\" content=\"index, follow, max-snippet:-1, max-image-preview:large, max-video-preview:-1\" \/>\n<link rel=\"canonical\" href=\"http:\/\/En%20septiembre%20nos%20dedicamos,%20como%20tema%20transversal%20en%20nuestros%20talleres,%20al%20valor%20de%20la%20CIUDADAN\u00cdA.%20La%20profesora%20de%20artesanado%20Luciene%20para%20alinear%20su%20taller%20con%20esta%20tem\u00e1tica%20est\u00e1%20promoviendo%20con%20los%20ni\u00f1os%20y%20adolescentes%20de%20los%20proyectos%20de%20Socializaci\u00f3n%20y%20Jornada%20Ampliada%20la%20construcci\u00f3n%20de%20juguetes%20que%20ser\u00e1n%20posteriormente%20presentados%20a%20los%20ni\u00f1os%20de%20la\u2026\" \/>\n<meta property=\"og:locale\" content=\"fr_FR\" \/>\n<meta property=\"og:type\" content=\"article\" \/>\n<meta property=\"og:title\" content=\"TALLER DE CONSTRUCCI\u00d3N DE JUGUETES CON MATERIALES DE RECICLAJE\" \/>\n<meta property=\"og:description\" content=\"En septiembre nos dedicamos, como tema transversal en nuestros talleres, al valor de la CIUDADAN\u00cdA. La profesora de artesanado Luciene para alinear su taller con esta tem\u00e1tica est\u00e1 promoviendo con los ni\u00f1os y adolescentes de los proyectos de Socializaci\u00f3n y Jornada Ampliada la construcci\u00f3n de juguetes que ser\u00e1n posteriormente presentados a los ni\u00f1os de la\u2026\" \/>\n<meta property=\"og:url\" content=\"https:\/\/www.itakaescolapios.org\/fr\/2017\/09\/portugues-oficina-de-construcao-de-brinquedos-com-reciclados\/\" \/>\n<meta property=\"og:site_name\" content=\"Itaka-Escolapios\" \/>\n<meta property=\"article:published_time\" content=\"2017-09-15T18:05:47+00:00\" \/>\n<meta property=\"article:modified_time\" content=\"2023-11-28T11:37:52+00:00\" \/>\n<meta property=\"og:image\" content=\"https:\/\/www.itakaescolapios.org\/wp-content\/uploads\/2017\/09\/IMG_1880.jpg\" \/>\n\t<meta property=\"og:image:width\" content=\"2000\" \/>\n\t<meta property=\"og:image:height\" content=\"1500\" \/>\n\t<meta property=\"og:image:type\" content=\"image\/jpeg\" \/>\n<meta name=\"author\" content=\"brasil03\" \/>\n<meta name=\"twitter:card\" content=\"summary_large_image\" \/>\n<meta name=\"twitter:label1\" content=\"\u00c9crit par\" \/>\n\t<meta name=\"twitter:data1\" content=\"brasil03\" \/>\n\t<meta name=\"twitter:label2\" content=\"Dur\u00e9e de lecture estim\u00e9e\" \/>\n\t<meta name=\"twitter:data2\" content=\"1 minute\" \/>\n<script type=\"application\/ld+json\" class=\"yoast-schema-graph\">{\"@context\":\"https:\\\/\\\/schema.org\",\"@graph\":[{\"@type\":\"Article\",\"@id\":\"https:\\\/\\\/www.itakaescolapios.org\\\/fr\\\/2017\\\/09\\\/portugues-oficina-de-construcao-de-brinquedos-com-reciclados\\\/#article\",\"isPartOf\":{\"@id\":\"https:\\\/\\\/www.itakaescolapios.org\\\/fr\\\/2017\\\/09\\\/portugues-oficina-de-construcao-de-brinquedos-com-reciclados\\\/\"},\"author\":{\"name\":\"brasil03\",\"@id\":\"https:\\\/\\\/www.itakaescolapios.org\\\/es\\\/#\\\/schema\\\/person\\\/9c761c62049293fc36e6c91e429de3d5\"},\"headline\":\"TALLER DE CONSTRUCCI\u00d3N DE JUGUETES CON MATERIALES DE RECICLAJE\",\"datePublished\":\"2017-09-15T18:05:47+00:00\",\"dateModified\":\"2023-11-28T11:37:52+00:00\",\"mainEntityOfPage\":{\"@id\":\"https:\\\/\\\/www.itakaescolapios.org\\\/fr\\\/2017\\\/09\\\/portugues-oficina-de-construcao-de-brinquedos-com-reciclados\\\/\"},\"wordCount\":173,\"publisher\":{\"@id\":\"https:\\\/\\\/www.itakaescolapios.org\\\/es\\\/#organization\"},\"image\":{\"@id\":\"https:\\\/\\\/www.itakaescolapios.org\\\/fr\\\/2017\\\/09\\\/portugues-oficina-de-construcao-de-brinquedos-com-reciclados\\\/#primaryimage\"},\"thumbnailUrl\":\"https:\\\/\\\/www.itakaescolapios.org\\\/wp-content\\\/uploads\\\/2017\\\/09\\\/IMG_1880.jpg\",\"articleSection\":[\"Governador Valadares\"],\"inLanguage\":\"fr-FR\"},{\"@type\":\"WebPage\",\"@id\":\"https:\\\/\\\/www.itakaescolapios.org\\\/fr\\\/2017\\\/09\\\/portugues-oficina-de-construcao-de-brinquedos-com-reciclados\\\/\",\"url\":\"https:\\\/\\\/www.itakaescolapios.org\\\/fr\\\/2017\\\/09\\\/portugues-oficina-de-construcao-de-brinquedos-com-reciclados\\\/\",\"name\":\"TALLER DE CONSTRUCCI\u00d3N DE JUGUETES CON MATERIALES DE RECICLAJE - Itaka-Escolapios\",\"isPartOf\":{\"@id\":\"https:\\\/\\\/www.itakaescolapios.org\\\/es\\\/#website\"},\"primaryImageOfPage\":{\"@id\":\"https:\\\/\\\/www.itakaescolapios.org\\\/fr\\\/2017\\\/09\\\/portugues-oficina-de-construcao-de-brinquedos-com-reciclados\\\/#primaryimage\"},\"image\":{\"@id\":\"https:\\\/\\\/www.itakaescolapios.org\\\/fr\\\/2017\\\/09\\\/portugues-oficina-de-construcao-de-brinquedos-com-reciclados\\\/#primaryimage\"},\"thumbnailUrl\":\"https:\\\/\\\/www.itakaescolapios.org\\\/wp-content\\\/uploads\\\/2017\\\/09\\\/IMG_1880.jpg\",\"datePublished\":\"2017-09-15T18:05:47+00:00\",\"dateModified\":\"2023-11-28T11:37:52+00:00\",\"breadcrumb\":{\"@id\":\"https:\\\/\\\/www.itakaescolapios.org\\\/fr\\\/2017\\\/09\\\/portugues-oficina-de-construcao-de-brinquedos-com-reciclados\\\/#breadcrumb\"},\"inLanguage\":\"fr-FR\",\"potentialAction\":[{\"@type\":\"ReadAction\",\"target\":[\"https:\\\/\\\/www.itakaescolapios.org\\\/fr\\\/2017\\\/09\\\/portugues-oficina-de-construcao-de-brinquedos-com-reciclados\\\/\"]}]},{\"@type\":\"ImageObject\",\"inLanguage\":\"fr-FR\",\"@id\":\"https:\\\/\\\/www.itakaescolapios.org\\\/fr\\\/2017\\\/09\\\/portugues-oficina-de-construcao-de-brinquedos-com-reciclados\\\/#primaryimage\",\"url\":\"https:\\\/\\\/www.itakaescolapios.org\\\/wp-content\\\/uploads\\\/2017\\\/09\\\/IMG_1880.jpg\",\"contentUrl\":\"https:\\\/\\\/www.itakaescolapios.org\\\/wp-content\\\/uploads\\\/2017\\\/09\\\/IMG_1880.jpg\",\"width\":2000,\"height\":1500},{\"@type\":\"BreadcrumbList\",\"@id\":\"https:\\\/\\\/www.itakaescolapios.org\\\/fr\\\/2017\\\/09\\\/portugues-oficina-de-construcao-de-brinquedos-com-reciclados\\\/#breadcrumb\",\"itemListElement\":[{\"@type\":\"ListItem\",\"position\":1,\"name\":\"Itaka-Escolapios\",\"item\":\"https:\\\/\\\/www.itakaescolapios.org\\\/es\\\/\"},{\"@type\":\"ListItem\",\"position\":2,\"name\":\"TALLER DE CONSTRUCCI\u00d3N DE JUGUETES CON MATERIALES DE RECICLAJE\"}]},{\"@type\":\"WebSite\",\"@id\":\"https:\\\/\\\/www.itakaescolapios.org\\\/fr\\\/es\\\/#website\",\"url\":\"https:\\\/\\\/www.itakaescolapios.org\\\/fr\\\/es\\\/\",\"name\":\"Itaka-Escolapios\",\"description\":\"Red de Itaka-Escolapios\",\"publisher\":{\"@id\":\"https:\\\/\\\/www.itakaescolapios.org\\\/fr\\\/es\\\/#organization\"},\"potentialAction\":[{\"@type\":\"SearchAction\",\"target\":{\"@type\":\"EntryPoint\",\"urlTemplate\":\"https:\\\/\\\/www.itakaescolapios.org\\\/fr\\\/es\\\/?s={search_term_string}\"},\"query-input\":{\"@type\":\"PropertyValueSpecification\",\"valueRequired\":true,\"valueName\":\"search_term_string\"}}],\"inLanguage\":\"fr-FR\"},{\"@type\":\"Organization\",\"@id\":\"https:\\\/\\\/www.itakaescolapios.org\\\/fr\\\/es\\\/#organization\",\"name\":\"Fundaci\u00f3 Itaka-Escolapios\",\"url\":\"https:\\\/\\\/www.itakaescolapios.org\\\/fr\\\/es\\\/\",\"logo\":{\"@type\":\"ImageObject\",\"inLanguage\":\"fr-FR\",\"@id\":\"https:\\\/\\\/www.itakaescolapios.org\\\/fr\\\/es\\\/#\\\/schema\\\/logo\\\/image\\\/\",\"url\":\"https:\\\/\\\/www.itakaescolapios.org\\\/wp-content\\\/uploads\\\/2024\\\/04\\\/Logo-itakaescolapios-peque.png\",\"contentUrl\":\"https:\\\/\\\/www.itakaescolapios.org\\\/wp-content\\\/uploads\\\/2024\\\/04\\\/Logo-itakaescolapios-peque.png\",\"width\":500,\"height\":199,\"caption\":\"Fundaci\u00f3 Itaka-Escolapios\"},\"image\":{\"@id\":\"https:\\\/\\\/www.itakaescolapios.org\\\/fr\\\/es\\\/#\\\/schema\\\/logo\\\/image\\\/\"}},{\"@type\":\"Person\",\"@id\":\"https:\\\/\\\/www.itakaescolapios.org\\\/es\\\/#\\\/schema\\\/person\\\/9c761c62049293fc36e6c91e429de3d5\",\"name\":\"brasil03\",\"url\":\"https:\\\/\\\/www.itakaescolapios.org\\\/fr\\\/author\\\/brasil03\\\/\"}]}<\/script>\n<!-- \/ Yoast SEO plugin. -->","yoast_head_json":{"title":"TALLER DE CONSTRUCCI\u00d3N DE JUGUETES CON MATERIALES DE RECICLAJE","description":"En septiembre nos dedicamos, como tema transversal en nuestros talleres, al valor de la CIUDADAN\u00cdA. La profesora de artesanado Luciene para alinear su taller con esta tem\u00e1tica est\u00e1 promoviendo con los ni\u00f1os y adolescentes de los proyectos de Socializaci\u00f3n y Jornada Ampliada la construcci\u00f3n de juguetes que ser\u00e1n posteriormente presentados a los ni\u00f1os de la\u2026","robots":{"index":"index","follow":"follow","max-snippet":"max-snippet:-1","max-image-preview":"max-image-preview:large","max-video-preview":"max-video-preview:-1"},"canonical":"En septiembre nos dedicamos, como tema transversal en nuestros talleres, al valor de la CIUDADAN\u00cdA. La profesora de artesanado Luciene para alinear su taller con esta tem\u00e1tica est\u00e1 promoviendo con los ni\u00f1os y adolescentes de los proyectos de Socializaci\u00f3n y Jornada Ampliada la construcci\u00f3n de juguetes que ser\u00e1n posteriormente presentados a los ni\u00f1os de la\u2026","og_locale":"fr_FR","og_type":"article","og_title":"TALLER DE CONSTRUCCI\u00d3N DE JUGUETES CON MATERIALES DE RECICLAJE","og_description":"En septiembre nos dedicamos, como tema transversal en nuestros talleres, al valor de la CIUDADAN\u00cdA. La profesora de artesanado Luciene para alinear su taller con esta tem\u00e1tica est\u00e1 promoviendo con los ni\u00f1os y adolescentes de los proyectos de Socializaci\u00f3n y Jornada Ampliada la construcci\u00f3n de juguetes que ser\u00e1n posteriormente presentados a los ni\u00f1os de la\u2026","og_url":"https:\/\/www.itakaescolapios.org\/fr\/2017\/09\/portugues-oficina-de-construcao-de-brinquedos-com-reciclados\/","og_site_name":"Itaka-Escolapios","article_published_time":"2017-09-15T18:05:47+00:00","article_modified_time":"2023-11-28T11:37:52+00:00","og_image":[{"width":2000,"height":1500,"url":"https:\/\/www.itakaescolapios.org\/wp-content\/uploads\/2017\/09\/IMG_1880.jpg","type":"image\/jpeg"}],"author":"brasil03","twitter_card":"summary_large_image","twitter_misc":{"\u00c9crit par":"brasil03","Dur\u00e9e de lecture estim\u00e9e":"1 minute"},"schema":{"@context":"https:\/\/schema.org","@graph":[{"@type":"Article","@id":"https:\/\/www.itakaescolapios.org\/fr\/2017\/09\/portugues-oficina-de-construcao-de-brinquedos-com-reciclados\/#article","isPartOf":{"@id":"https:\/\/www.itakaescolapios.org\/fr\/2017\/09\/portugues-oficina-de-construcao-de-brinquedos-com-reciclados\/"},"author":{"name":"brasil03","@id":"https:\/\/www.itakaescolapios.org\/es\/#\/schema\/person\/9c761c62049293fc36e6c91e429de3d5"},"headline":"TALLER DE CONSTRUCCI\u00d3N DE JUGUETES CON MATERIALES DE RECICLAJE","datePublished":"2017-09-15T18:05:47+00:00","dateModified":"2023-11-28T11:37:52+00:00","mainEntityOfPage":{"@id":"https:\/\/www.itakaescolapios.org\/fr\/2017\/09\/portugues-oficina-de-construcao-de-brinquedos-com-reciclados\/"},"wordCount":173,"publisher":{"@id":"https:\/\/www.itakaescolapios.org\/es\/#organization"},"image":{"@id":"https:\/\/www.itakaescolapios.org\/fr\/2017\/09\/portugues-oficina-de-construcao-de-brinquedos-com-reciclados\/#primaryimage"},"thumbnailUrl":"https:\/\/www.itakaescolapios.org\/wp-content\/uploads\/2017\/09\/IMG_1880.jpg","articleSection":["Governador Valadares"],"inLanguage":"fr-FR"},{"@type":"WebPage","@id":"https:\/\/www.itakaescolapios.org\/fr\/2017\/09\/portugues-oficina-de-construcao-de-brinquedos-com-reciclados\/","url":"https:\/\/www.itakaescolapios.org\/fr\/2017\/09\/portugues-oficina-de-construcao-de-brinquedos-com-reciclados\/","name":"TALLER DE CONSTRUCCI\u00d3N DE JUGUETES CON MATERIALES DE RECICLAJE - Itaka-Escolapios","isPartOf":{"@id":"https:\/\/www.itakaescolapios.org\/es\/#website"},"primaryImageOfPage":{"@id":"https:\/\/www.itakaescolapios.org\/fr\/2017\/09\/portugues-oficina-de-construcao-de-brinquedos-com-reciclados\/#primaryimage"},"image":{"@id":"https:\/\/www.itakaescolapios.org\/fr\/2017\/09\/portugues-oficina-de-construcao-de-brinquedos-com-reciclados\/#primaryimage"},"thumbnailUrl":"https:\/\/www.itakaescolapios.org\/wp-content\/uploads\/2017\/09\/IMG_1880.jpg","datePublished":"2017-09-15T18:05:47+00:00","dateModified":"2023-11-28T11:37:52+00:00","breadcrumb":{"@id":"https:\/\/www.itakaescolapios.org\/fr\/2017\/09\/portugues-oficina-de-construcao-de-brinquedos-com-reciclados\/#breadcrumb"},"inLanguage":"fr-FR","potentialAction":[{"@type":"ReadAction","target":["https:\/\/www.itakaescolapios.org\/fr\/2017\/09\/portugues-oficina-de-construcao-de-brinquedos-com-reciclados\/"]}]},{"@type":"ImageObject","inLanguage":"fr-FR","@id":"https:\/\/www.itakaescolapios.org\/fr\/2017\/09\/portugues-oficina-de-construcao-de-brinquedos-com-reciclados\/#primaryimage","url":"https:\/\/www.itakaescolapios.org\/wp-content\/uploads\/2017\/09\/IMG_1880.jpg","contentUrl":"https:\/\/www.itakaescolapios.org\/wp-content\/uploads\/2017\/09\/IMG_1880.jpg","width":2000,"height":1500},{"@type":"BreadcrumbList","@id":"https:\/\/www.itakaescolapios.org\/fr\/2017\/09\/portugues-oficina-de-construcao-de-brinquedos-com-reciclados\/#breadcrumb","itemListElement":[{"@type":"ListItem","position":1,"name":"Itaka-Escolapios","item":"https:\/\/www.itakaescolapios.org\/es\/"},{"@type":"ListItem","position":2,"name":"TALLER DE CONSTRUCCI\u00d3N DE JUGUETES CON MATERIALES DE RECICLAJE"}]},{"@type":"WebSite","@id":"https:\/\/www.itakaescolapios.org\/fr\/es\/#website","url":"https:\/\/www.itakaescolapios.org\/fr\/es\/","name":"Itaka-Escolapios","description":"Red de Itaka-Escolapios","publisher":{"@id":"https:\/\/www.itakaescolapios.org\/fr\/es\/#organization"},"potentialAction":[{"@type":"SearchAction","target":{"@type":"EntryPoint","urlTemplate":"https:\/\/www.itakaescolapios.org\/fr\/es\/?s={search_term_string}"},"query-input":{"@type":"PropertyValueSpecification","valueRequired":true,"valueName":"search_term_string"}}],"inLanguage":"fr-FR"},{"@type":"Organization","@id":"https:\/\/www.itakaescolapios.org\/fr\/es\/#organization","name":"Fundaci\u00f3 Itaka-Escolapios","url":"https:\/\/www.itakaescolapios.org\/fr\/es\/","logo":{"@type":"ImageObject","inLanguage":"fr-FR","@id":"https:\/\/www.itakaescolapios.org\/fr\/es\/#\/schema\/logo\/image\/","url":"https:\/\/www.itakaescolapios.org\/wp-content\/uploads\/2024\/04\/Logo-itakaescolapios-peque.png","contentUrl":"https:\/\/www.itakaescolapios.org\/wp-content\/uploads\/2024\/04\/Logo-itakaescolapios-peque.png","width":500,"height":199,"caption":"Fundaci\u00f3 Itaka-Escolapios"},"image":{"@id":"https:\/\/www.itakaescolapios.org\/fr\/es\/#\/schema\/logo\/image\/"}},{"@type":"Person","@id":"https:\/\/www.itakaescolapios.org\/es\/#\/schema\/person\/9c761c62049293fc36e6c91e429de3d5","name":"brasil03","url":"https:\/\/www.itakaescolapios.org\/fr\/author\/brasil03\/"}]}},"_links":{"self":[{"href":"https:\/\/www.itakaescolapios.org\/fr\/wp-json\/wp\/v2\/posts\/20186","targetHints":{"allow":["GET"]}}],"collection":[{"href":"https:\/\/www.itakaescolapios.org\/fr\/wp-json\/wp\/v2\/posts"}],"about":[{"href":"https:\/\/www.itakaescolapios.org\/fr\/wp-json\/wp\/v2\/types\/post"}],"author":[{"embeddable":true,"href":"https:\/\/www.itakaescolapios.org\/fr\/wp-json\/wp\/v2\/users\/11"}],"replies":[{"embeddable":true,"href":"https:\/\/www.itakaescolapios.org\/fr\/wp-json\/wp\/v2\/comments?post=20186"}],"version-history":[{"count":8,"href":"https:\/\/www.itakaescolapios.org\/fr\/wp-json\/wp\/v2\/posts\/20186\/revisions"}],"predecessor-version":[{"id":47425,"href":"https:\/\/www.itakaescolapios.org\/fr\/wp-json\/wp\/v2\/posts\/20186\/revisions\/47425"}],"wp:featuredmedia":[{"embeddable":true,"href":"https:\/\/www.itakaescolapios.org\/fr\/wp-json\/wp\/v2\/media\/20187"}],"wp:attachment":[{"href":"https:\/\/www.itakaescolapios.org\/fr\/wp-json\/wp\/v2\/media?parent=20186"}],"wp:term":[{"taxonomy":"category","embeddable":true,"href":"https:\/\/www.itakaescolapios.org\/fr\/wp-json\/wp\/v2\/categories?post=20186"},{"taxonomy":"post_tag","embeddable":true,"href":"https:\/\/www.itakaescolapios.org\/fr\/wp-json\/wp\/v2\/tags?post=20186"}],"curies":[{"name":"wp","href":"https:\/\/api.w.org\/{rel}","templated":true}]}}