{"id":22333,"date":"2018-03-08T09:42:12","date_gmt":"2018-03-08T08:42:12","guid":{"rendered":"https:\/\/www.itakaescolapios.org\/?p=22333"},"modified":"2023-11-28T12:37:35","modified_gmt":"2023-11-28T11:37:35","slug":"manana-celebraremos-el-dia-del-voluntariado","status":"publish","type":"post","link":"https:\/\/www.itakaescolapios.org\/fr\/2018\/03\/manana-celebraremos-el-dia-del-voluntariado\/","title":{"rendered":"MA\u00d1ANA CELEBRAREMOS EL D\u00cdA DEL VOLUNTARIADO"},"content":{"rendered":"<p>El voluntariado, su pluralidad de personas y de proyectos-programas en Itaka Escolapios formamos una bonita paleta de colores con la que conseguimos dar color al mundo, llenar de vida, sue\u00f1os, ilusiones, educaci\u00f3n y futuro a tantos ni\u00f1os y ni\u00f1as, j\u00f3venes, hombres y mujeres.<\/p>\n<p>Hoy conoceremos a Ilza, de Governador Valadares y su labor en el proyecto Casa Lar en\u00a0<a href=\"https:\/\/www.youtube.com\/watch?v=DPTWwkbNhow\">https:\/\/www.youtube.com\/watch?v=DPTWwkbNhow<\/a><\/p>\n","protected":false},"excerpt":{"rendered":"<p>El voluntariado, su pluralidad de personas y de proyectos-programas en Itaka Escolapios formamos una bonita paleta de colores con la que conseguimos dar color al mundo, llenar de vida, sue\u00f1os, [&hellip;]<\/p>\n","protected":false},"author":4,"featured_media":22334,"comment_status":"closed","ping_status":"closed","sticky":false,"template":"","format":"standard","meta":{"_et_pb_use_builder":"","_et_pb_old_content":"","_et_gb_content_width":"","footnotes":""},"categories":[16],"tags":[],"class_list":["post-22333","post","type-post","status-publish","format-standard","has-post-thumbnail","hentry","category-governador-valadares"],"yoast_head":"<!-- This site is optimized with the Yoast SEO plugin v27.4 - https:\/\/yoast.com\/product\/yoast-seo-wordpress\/ -->\n<title>MA\u00d1ANA CELEBRAREMOS EL D\u00cdA DEL VOLUNTARIADO<\/title>\n<meta name=\"description\" content=\"El voluntariado, su pluralidad de personas y de proyectos-programas en Itaka Escolapios formamos una bonita paleta de colores con la que conseguimos dar color al mundo, llenar de vida, sue\u00f1os, ilusiones, educaci\u00f3n y futuro a tantos ni\u00f1os y ni\u00f1as, j\u00f3venes, hombres y mujeres. Hoy conoceremos a Ilza, de Governador Valadares y su labor en el\u2026\" \/>\n<meta name=\"robots\" content=\"index, follow, max-snippet:-1, max-image-preview:large, max-video-preview:-1\" \/>\n<link rel=\"canonical\" href=\"http:\/\/El%20voluntariado,%20su%20pluralidad%20de%20personas%20y%20de%20proyectos-programas%20en%20Itaka%20Escolapios%20formamos%20una%20bonita%20paleta%20de%20colores%20con%20la%20que%20conseguimos%20dar%20color%20al%20mundo,%20llenar%20de%20vida,%20sue\u00f1os,%20ilusiones,%20educaci\u00f3n%20y%20futuro%20a%20tantos%20ni\u00f1os%20y%20ni\u00f1as,%20j\u00f3venes,%20hombres%20y%20mujeres.%20Hoy%20conoceremos%20a%20Ilza,%20de%20Governador%20Valadares%20y%20su%20labor%20en%20el\u2026\" \/>\n<meta property=\"og:locale\" content=\"fr_FR\" \/>\n<meta property=\"og:type\" content=\"article\" \/>\n<meta property=\"og:title\" content=\"MA\u00d1ANA CELEBRAREMOS EL D\u00cdA DEL VOLUNTARIADO\" \/>\n<meta property=\"og:description\" content=\"El voluntariado, su pluralidad de personas y de proyectos-programas en Itaka Escolapios formamos una bonita paleta de colores con la que conseguimos dar color al mundo, llenar de vida, sue\u00f1os, ilusiones, educaci\u00f3n y futuro a tantos ni\u00f1os y ni\u00f1as, j\u00f3venes, hombres y mujeres. Hoy conoceremos a Ilza, de Governador Valadares y su labor en el\u2026\" \/>\n<meta property=\"og:url\" content=\"https:\/\/www.itakaescolapios.org\/fr\/2018\/03\/manana-celebraremos-el-dia-del-voluntariado\/\" \/>\n<meta property=\"og:site_name\" content=\"Itaka-Escolapios\" \/>\n<meta property=\"article:published_time\" content=\"2018-03-08T08:42:12+00:00\" \/>\n<meta property=\"article:modified_time\" content=\"2023-11-28T11:37:35+00:00\" \/>\n<meta property=\"og:image\" content=\"https:\/\/www.itakaescolapios.org\/wp-content\/uploads\/2018\/03\/1bras.jpg\" \/>\n\t<meta property=\"og:image:width\" content=\"939\" \/>\n\t<meta property=\"og:image:height\" content=\"479\" \/>\n\t<meta property=\"og:image:type\" content=\"image\/jpeg\" \/>\n<meta name=\"author\" content=\"itaka\" \/>\n<meta name=\"twitter:card\" content=\"summary_large_image\" \/>\n<meta name=\"twitter:label1\" content=\"\u00c9crit par\" \/>\n\t<meta name=\"twitter:data1\" content=\"itaka\" \/>\n<script type=\"application\/ld+json\" class=\"yoast-schema-graph\">{\"@context\":\"https:\\\/\\\/schema.org\",\"@graph\":[{\"@type\":\"Article\",\"@id\":\"https:\\\/\\\/www.itakaescolapios.org\\\/fr\\\/2018\\\/03\\\/manana-celebraremos-el-dia-del-voluntariado\\\/#article\",\"isPartOf\":{\"@id\":\"https:\\\/\\\/www.itakaescolapios.org\\\/fr\\\/2018\\\/03\\\/manana-celebraremos-el-dia-del-voluntariado\\\/\"},\"author\":{\"name\":\"itaka\",\"@id\":\"https:\\\/\\\/www.itakaescolapios.org\\\/es\\\/#\\\/schema\\\/person\\\/670123daeb1cc31cae1b106740036ccb\"},\"headline\":\"MA\u00d1ANA CELEBRAREMOS EL D\u00cdA DEL VOLUNTARIADO\",\"datePublished\":\"2018-03-08T08:42:12+00:00\",\"dateModified\":\"2023-11-28T11:37:35+00:00\",\"mainEntityOfPage\":{\"@id\":\"https:\\\/\\\/www.itakaescolapios.org\\\/fr\\\/2018\\\/03\\\/manana-celebraremos-el-dia-del-voluntariado\\\/\"},\"wordCount\":79,\"publisher\":{\"@id\":\"https:\\\/\\\/www.itakaescolapios.org\\\/es\\\/#organization\"},\"image\":{\"@id\":\"https:\\\/\\\/www.itakaescolapios.org\\\/fr\\\/2018\\\/03\\\/manana-celebraremos-el-dia-del-voluntariado\\\/#primaryimage\"},\"thumbnailUrl\":\"https:\\\/\\\/www.itakaescolapios.org\\\/wp-content\\\/uploads\\\/2018\\\/03\\\/1bras.jpg\",\"articleSection\":[\"Governador Valadares\"],\"inLanguage\":\"fr-FR\"},{\"@type\":\"WebPage\",\"@id\":\"https:\\\/\\\/www.itakaescolapios.org\\\/fr\\\/2018\\\/03\\\/manana-celebraremos-el-dia-del-voluntariado\\\/\",\"url\":\"https:\\\/\\\/www.itakaescolapios.org\\\/fr\\\/2018\\\/03\\\/manana-celebraremos-el-dia-del-voluntariado\\\/\",\"name\":\"MA\u00d1ANA CELEBRAREMOS EL D\u00cdA DEL VOLUNTARIADO - Itaka-Escolapios\",\"isPartOf\":{\"@id\":\"https:\\\/\\\/www.itakaescolapios.org\\\/es\\\/#website\"},\"primaryImageOfPage\":{\"@id\":\"https:\\\/\\\/www.itakaescolapios.org\\\/fr\\\/2018\\\/03\\\/manana-celebraremos-el-dia-del-voluntariado\\\/#primaryimage\"},\"image\":{\"@id\":\"https:\\\/\\\/www.itakaescolapios.org\\\/fr\\\/2018\\\/03\\\/manana-celebraremos-el-dia-del-voluntariado\\\/#primaryimage\"},\"thumbnailUrl\":\"https:\\\/\\\/www.itakaescolapios.org\\\/wp-content\\\/uploads\\\/2018\\\/03\\\/1bras.jpg\",\"datePublished\":\"2018-03-08T08:42:12+00:00\",\"dateModified\":\"2023-11-28T11:37:35+00:00\",\"breadcrumb\":{\"@id\":\"https:\\\/\\\/www.itakaescolapios.org\\\/fr\\\/2018\\\/03\\\/manana-celebraremos-el-dia-del-voluntariado\\\/#breadcrumb\"},\"inLanguage\":\"fr-FR\",\"potentialAction\":[{\"@type\":\"ReadAction\",\"target\":[\"https:\\\/\\\/www.itakaescolapios.org\\\/fr\\\/2018\\\/03\\\/manana-celebraremos-el-dia-del-voluntariado\\\/\"]}]},{\"@type\":\"ImageObject\",\"inLanguage\":\"fr-FR\",\"@id\":\"https:\\\/\\\/www.itakaescolapios.org\\\/fr\\\/2018\\\/03\\\/manana-celebraremos-el-dia-del-voluntariado\\\/#primaryimage\",\"url\":\"https:\\\/\\\/www.itakaescolapios.org\\\/wp-content\\\/uploads\\\/2018\\\/03\\\/1bras.jpg\",\"contentUrl\":\"https:\\\/\\\/www.itakaescolapios.org\\\/wp-content\\\/uploads\\\/2018\\\/03\\\/1bras.jpg\",\"width\":939,\"height\":479},{\"@type\":\"BreadcrumbList\",\"@id\":\"https:\\\/\\\/www.itakaescolapios.org\\\/fr\\\/2018\\\/03\\\/manana-celebraremos-el-dia-del-voluntariado\\\/#breadcrumb\",\"itemListElement\":[{\"@type\":\"ListItem\",\"position\":1,\"name\":\"Itaka-Escolapios\",\"item\":\"https:\\\/\\\/www.itakaescolapios.org\\\/es\\\/\"},{\"@type\":\"ListItem\",\"position\":2,\"name\":\"MA\u00d1ANA CELEBRAREMOS EL D\u00cdA DEL VOLUNTARIADO\"}]},{\"@type\":\"WebSite\",\"@id\":\"https:\\\/\\\/www.itakaescolapios.org\\\/fr\\\/es\\\/#website\",\"url\":\"https:\\\/\\\/www.itakaescolapios.org\\\/fr\\\/es\\\/\",\"name\":\"Itaka-Escolapios\",\"description\":\"Red de Itaka-Escolapios\",\"publisher\":{\"@id\":\"https:\\\/\\\/www.itakaescolapios.org\\\/fr\\\/es\\\/#organization\"},\"potentialAction\":[{\"@type\":\"SearchAction\",\"target\":{\"@type\":\"EntryPoint\",\"urlTemplate\":\"https:\\\/\\\/www.itakaescolapios.org\\\/fr\\\/es\\\/?s={search_term_string}\"},\"query-input\":{\"@type\":\"PropertyValueSpecification\",\"valueRequired\":true,\"valueName\":\"search_term_string\"}}],\"inLanguage\":\"fr-FR\"},{\"@type\":\"Organization\",\"@id\":\"https:\\\/\\\/www.itakaescolapios.org\\\/fr\\\/es\\\/#organization\",\"name\":\"Fundaci\u00f3 Itaka-Escolapios\",\"url\":\"https:\\\/\\\/www.itakaescolapios.org\\\/fr\\\/es\\\/\",\"logo\":{\"@type\":\"ImageObject\",\"inLanguage\":\"fr-FR\",\"@id\":\"https:\\\/\\\/www.itakaescolapios.org\\\/fr\\\/es\\\/#\\\/schema\\\/logo\\\/image\\\/\",\"url\":\"https:\\\/\\\/www.itakaescolapios.org\\\/wp-content\\\/uploads\\\/2024\\\/04\\\/Logo-itakaescolapios-peque.png\",\"contentUrl\":\"https:\\\/\\\/www.itakaescolapios.org\\\/wp-content\\\/uploads\\\/2024\\\/04\\\/Logo-itakaescolapios-peque.png\",\"width\":500,\"height\":199,\"caption\":\"Fundaci\u00f3 Itaka-Escolapios\"},\"image\":{\"@id\":\"https:\\\/\\\/www.itakaescolapios.org\\\/fr\\\/es\\\/#\\\/schema\\\/logo\\\/image\\\/\"}},{\"@type\":\"Person\",\"@id\":\"https:\\\/\\\/www.itakaescolapios.org\\\/es\\\/#\\\/schema\\\/person\\\/670123daeb1cc31cae1b106740036ccb\",\"name\":\"itaka\",\"url\":\"https:\\\/\\\/www.itakaescolapios.org\\\/fr\\\/author\\\/itaka\\\/\"}]}<\/script>\n<!-- \/ Yoast SEO plugin. -->","yoast_head_json":{"title":"MA\u00d1ANA CELEBRAREMOS EL D\u00cdA DEL VOLUNTARIADO","description":"El voluntariado, su pluralidad de personas y de proyectos-programas en Itaka Escolapios formamos una bonita paleta de colores con la que conseguimos dar color al mundo, llenar de vida, sue\u00f1os, ilusiones, educaci\u00f3n y futuro a tantos ni\u00f1os y ni\u00f1as, j\u00f3venes, hombres y mujeres. Hoy conoceremos a Ilza, de Governador Valadares y su labor en el\u2026","robots":{"index":"index","follow":"follow","max-snippet":"max-snippet:-1","max-image-preview":"max-image-preview:large","max-video-preview":"max-video-preview:-1"},"canonical":"El voluntariado, su pluralidad de personas y de proyectos-programas en Itaka Escolapios formamos una bonita paleta de colores con la que conseguimos dar color al mundo, llenar de vida, sue\u00f1os, ilusiones, educaci\u00f3n y futuro a tantos ni\u00f1os y ni\u00f1as, j\u00f3venes, hombres y mujeres. Hoy conoceremos a Ilza, de Governador Valadares y su labor en el\u2026","og_locale":"fr_FR","og_type":"article","og_title":"MA\u00d1ANA CELEBRAREMOS EL D\u00cdA DEL VOLUNTARIADO","og_description":"El voluntariado, su pluralidad de personas y de proyectos-programas en Itaka Escolapios formamos una bonita paleta de colores con la que conseguimos dar color al mundo, llenar de vida, sue\u00f1os, ilusiones, educaci\u00f3n y futuro a tantos ni\u00f1os y ni\u00f1as, j\u00f3venes, hombres y mujeres. Hoy conoceremos a Ilza, de Governador Valadares y su labor en el\u2026","og_url":"https:\/\/www.itakaescolapios.org\/fr\/2018\/03\/manana-celebraremos-el-dia-del-voluntariado\/","og_site_name":"Itaka-Escolapios","article_published_time":"2018-03-08T08:42:12+00:00","article_modified_time":"2023-11-28T11:37:35+00:00","og_image":[{"width":939,"height":479,"url":"https:\/\/www.itakaescolapios.org\/wp-content\/uploads\/2018\/03\/1bras.jpg","type":"image\/jpeg"}],"author":"itaka","twitter_card":"summary_large_image","twitter_misc":{"\u00c9crit par":"itaka"},"schema":{"@context":"https:\/\/schema.org","@graph":[{"@type":"Article","@id":"https:\/\/www.itakaescolapios.org\/fr\/2018\/03\/manana-celebraremos-el-dia-del-voluntariado\/#article","isPartOf":{"@id":"https:\/\/www.itakaescolapios.org\/fr\/2018\/03\/manana-celebraremos-el-dia-del-voluntariado\/"},"author":{"name":"itaka","@id":"https:\/\/www.itakaescolapios.org\/es\/#\/schema\/person\/670123daeb1cc31cae1b106740036ccb"},"headline":"MA\u00d1ANA CELEBRAREMOS EL D\u00cdA DEL VOLUNTARIADO","datePublished":"2018-03-08T08:42:12+00:00","dateModified":"2023-11-28T11:37:35+00:00","mainEntityOfPage":{"@id":"https:\/\/www.itakaescolapios.org\/fr\/2018\/03\/manana-celebraremos-el-dia-del-voluntariado\/"},"wordCount":79,"publisher":{"@id":"https:\/\/www.itakaescolapios.org\/es\/#organization"},"image":{"@id":"https:\/\/www.itakaescolapios.org\/fr\/2018\/03\/manana-celebraremos-el-dia-del-voluntariado\/#primaryimage"},"thumbnailUrl":"https:\/\/www.itakaescolapios.org\/wp-content\/uploads\/2018\/03\/1bras.jpg","articleSection":["Governador Valadares"],"inLanguage":"fr-FR"},{"@type":"WebPage","@id":"https:\/\/www.itakaescolapios.org\/fr\/2018\/03\/manana-celebraremos-el-dia-del-voluntariado\/","url":"https:\/\/www.itakaescolapios.org\/fr\/2018\/03\/manana-celebraremos-el-dia-del-voluntariado\/","name":"MA\u00d1ANA CELEBRAREMOS EL D\u00cdA DEL VOLUNTARIADO - Itaka-Escolapios","isPartOf":{"@id":"https:\/\/www.itakaescolapios.org\/es\/#website"},"primaryImageOfPage":{"@id":"https:\/\/www.itakaescolapios.org\/fr\/2018\/03\/manana-celebraremos-el-dia-del-voluntariado\/#primaryimage"},"image":{"@id":"https:\/\/www.itakaescolapios.org\/fr\/2018\/03\/manana-celebraremos-el-dia-del-voluntariado\/#primaryimage"},"thumbnailUrl":"https:\/\/www.itakaescolapios.org\/wp-content\/uploads\/2018\/03\/1bras.jpg","datePublished":"2018-03-08T08:42:12+00:00","dateModified":"2023-11-28T11:37:35+00:00","breadcrumb":{"@id":"https:\/\/www.itakaescolapios.org\/fr\/2018\/03\/manana-celebraremos-el-dia-del-voluntariado\/#breadcrumb"},"inLanguage":"fr-FR","potentialAction":[{"@type":"ReadAction","target":["https:\/\/www.itakaescolapios.org\/fr\/2018\/03\/manana-celebraremos-el-dia-del-voluntariado\/"]}]},{"@type":"ImageObject","inLanguage":"fr-FR","@id":"https:\/\/www.itakaescolapios.org\/fr\/2018\/03\/manana-celebraremos-el-dia-del-voluntariado\/#primaryimage","url":"https:\/\/www.itakaescolapios.org\/wp-content\/uploads\/2018\/03\/1bras.jpg","contentUrl":"https:\/\/www.itakaescolapios.org\/wp-content\/uploads\/2018\/03\/1bras.jpg","width":939,"height":479},{"@type":"BreadcrumbList","@id":"https:\/\/www.itakaescolapios.org\/fr\/2018\/03\/manana-celebraremos-el-dia-del-voluntariado\/#breadcrumb","itemListElement":[{"@type":"ListItem","position":1,"name":"Itaka-Escolapios","item":"https:\/\/www.itakaescolapios.org\/es\/"},{"@type":"ListItem","position":2,"name":"MA\u00d1ANA CELEBRAREMOS EL D\u00cdA DEL VOLUNTARIADO"}]},{"@type":"WebSite","@id":"https:\/\/www.itakaescolapios.org\/fr\/es\/#website","url":"https:\/\/www.itakaescolapios.org\/fr\/es\/","name":"Itaka-Escolapios","description":"Red de Itaka-Escolapios","publisher":{"@id":"https:\/\/www.itakaescolapios.org\/fr\/es\/#organization"},"potentialAction":[{"@type":"SearchAction","target":{"@type":"EntryPoint","urlTemplate":"https:\/\/www.itakaescolapios.org\/fr\/es\/?s={search_term_string}"},"query-input":{"@type":"PropertyValueSpecification","valueRequired":true,"valueName":"search_term_string"}}],"inLanguage":"fr-FR"},{"@type":"Organization","@id":"https:\/\/www.itakaescolapios.org\/fr\/es\/#organization","name":"Fundaci\u00f3 Itaka-Escolapios","url":"https:\/\/www.itakaescolapios.org\/fr\/es\/","logo":{"@type":"ImageObject","inLanguage":"fr-FR","@id":"https:\/\/www.itakaescolapios.org\/fr\/es\/#\/schema\/logo\/image\/","url":"https:\/\/www.itakaescolapios.org\/wp-content\/uploads\/2024\/04\/Logo-itakaescolapios-peque.png","contentUrl":"https:\/\/www.itakaescolapios.org\/wp-content\/uploads\/2024\/04\/Logo-itakaescolapios-peque.png","width":500,"height":199,"caption":"Fundaci\u00f3 Itaka-Escolapios"},"image":{"@id":"https:\/\/www.itakaescolapios.org\/fr\/es\/#\/schema\/logo\/image\/"}},{"@type":"Person","@id":"https:\/\/www.itakaescolapios.org\/es\/#\/schema\/person\/670123daeb1cc31cae1b106740036ccb","name":"itaka","url":"https:\/\/www.itakaescolapios.org\/fr\/author\/itaka\/"}]}},"_links":{"self":[{"href":"https:\/\/www.itakaescolapios.org\/fr\/wp-json\/wp\/v2\/posts\/22333","targetHints":{"allow":["GET"]}}],"collection":[{"href":"https:\/\/www.itakaescolapios.org\/fr\/wp-json\/wp\/v2\/posts"}],"about":[{"href":"https:\/\/www.itakaescolapios.org\/fr\/wp-json\/wp\/v2\/types\/post"}],"author":[{"embeddable":true,"href":"https:\/\/www.itakaescolapios.org\/fr\/wp-json\/wp\/v2\/users\/4"}],"replies":[{"embeddable":true,"href":"https:\/\/www.itakaescolapios.org\/fr\/wp-json\/wp\/v2\/comments?post=22333"}],"version-history":[{"count":3,"href":"https:\/\/www.itakaescolapios.org\/fr\/wp-json\/wp\/v2\/posts\/22333\/revisions"}],"predecessor-version":[{"id":46944,"href":"https:\/\/www.itakaescolapios.org\/fr\/wp-json\/wp\/v2\/posts\/22333\/revisions\/46944"}],"wp:featuredmedia":[{"embeddable":true,"href":"https:\/\/www.itakaescolapios.org\/fr\/wp-json\/wp\/v2\/media\/22334"}],"wp:attachment":[{"href":"https:\/\/www.itakaescolapios.org\/fr\/wp-json\/wp\/v2\/media?parent=22333"}],"wp:term":[{"taxonomy":"category","embeddable":true,"href":"https:\/\/www.itakaescolapios.org\/fr\/wp-json\/wp\/v2\/categories?post=22333"},{"taxonomy":"post_tag","embeddable":true,"href":"https:\/\/www.itakaescolapios.org\/fr\/wp-json\/wp\/v2\/tags?post=22333"}],"curies":[{"name":"wp","href":"https:\/\/api.w.org\/{rel}","templated":true}]}}