{"id":22369,"date":"2018-03-13T13:07:18","date_gmt":"2018-03-13T12:07:18","guid":{"rendered":"https:\/\/www.itakaescolapios.org\/?p=22369"},"modified":"2023-11-28T12:37:34","modified_gmt":"2023-11-28T11:37:34","slug":"celebracion-del-dia-internacional-del-voluntariado-itaka-escolapios-en-madrid","status":"publish","type":"post","link":"https:\/\/www.itakaescolapios.org\/fr\/2018\/03\/celebracion-del-dia-internacional-del-voluntariado-itaka-escolapios-en-madrid\/","title":{"rendered":"CELEBRACI\u00d3N DEL D\u00cdA INTERNACIONAL DEL VOLUNTARIADO ITAKA-ESCOLAPIOS EN MADRID"},"content":{"rendered":"<p style=\"text-align: justify\">El viernes fue un d\u00eda de celebraci\u00f3n. Como ya hicimos el a\u00f1o pasado, el 9 de marzo celebramos el D\u00eda Internacional del Voluntariado Itaka-Escolapios en Madrid. La celebraci\u00f3n tuvo lugar en el colegio de Aluche, donde nos reunimos unas 20 personas. Despu\u00e9s de leer el manifiesto enviado desde la Red y que nos centr\u00f3 el qu\u00e9 celebr\u00e1bamos y por qu\u00e9, pasamos a presentarnos con una din\u00e1mica que nos permit\u00eda situarnos en los diferentes proyectos en los que estamos o hemos participado (Proyecto V.E.S., Fraternidad, Equipos de formaci\u00f3n y acompa\u00f1amiento\u2026) en relaci\u00f3n a diversas facetas de Calasanz (maestro, hermano, educador\u2026).<\/p>\n<p style=\"text-align: justify\">A continuaci\u00f3n, compartimos el v\u00eddeo con los diferentes testimonios de voluntariado en distintos lugares de la red que nos han ido acompa\u00f1ando esta semana pasada en las redes sociales y que nos permiten ampliar nuestra visi\u00f3n sobre personas y proyectos en muy diversos \u00e1mbitos que sostenemos gracias al voluntariado.<\/p>\n<p style=\"text-align: justify\">Queremos destacar uno de los p\u00e1rrafos del manifiesto que nos parece especialmente revelador: \u201c<i>En primer lugar, llamamos a RECORDAR el valor y la centralidad del voluntariado en todas las obras, programas y proyectos que conforman nuestra misi\u00f3n. Y queremos que este acto de recordar tenga su sentido m\u00e1s profundo de \u201cvolver a pasar por el coraz\u00f3n\u201d algo que para nosotros es muy importante\u201d.<\/i><\/p>\n<p style=\"text-align: justify\">Gracias a todo nuestro voluntariado. Seguimos en camino.<\/p>\n\n\t\t<style type=\"text\/css\">\n\t\t\t#gallery-1 {\n\t\t\t\tmargin: auto;\n\t\t\t}\n\t\t\t#gallery-1 .gallery-item {\n\t\t\t\tfloat: left;\n\t\t\t\tmargin-top: 10px;\n\t\t\t\ttext-align: center;\n\t\t\t\twidth: 25%;\n\t\t\t}\n\t\t\t#gallery-1 img {\n\t\t\t\tborder: 2px solid #cfcfcf;\n\t\t\t}\n\t\t\t#gallery-1 .gallery-caption {\n\t\t\t\tmargin-left: 0;\n\t\t\t}\n\t\t\t\/* see gallery_shortcode() in wp-includes\/media.php *\/\n\t\t<\/style>\n\t\t<div id='gallery-1' class='gallery galleryid-22369 gallery-columns-4 gallery-size-thumbnail'><dl class='gallery-item'>\n\t\t\t<dt class='gallery-icon landscape'>\n\t\t\t\t<a href='https:\/\/www.itakaescolapios.org\/fr\/2018\/03\/celebracion-del-dia-internacional-del-voluntariado-itaka-escolapios-en-madrid\/img-20180309-wa0029\/'><img decoding=\"async\" width=\"90\" height=\"90\" src=\"https:\/\/www.itakaescolapios.org\/wp-content\/uploads\/2018\/03\/IMG-20180309-WA0029-90x90.jpg\" class=\"attachment-thumbnail size-thumbnail\" alt=\"\" \/><\/a>\n\t\t\t<\/dt><\/dl><dl class='gallery-item'>\n\t\t\t<dt class='gallery-icon landscape'>\n\t\t\t\t<a href='https:\/\/www.itakaescolapios.org\/fr\/2018\/03\/celebracion-del-dia-internacional-del-voluntariado-itaka-escolapios-en-madrid\/img_20180309_190558_433\/'><img decoding=\"async\" width=\"90\" height=\"90\" src=\"https:\/\/www.itakaescolapios.org\/wp-content\/uploads\/2018\/03\/IMG_20180309_190558_433-90x90.jpg\" class=\"attachment-thumbnail size-thumbnail\" alt=\"\" \/><\/a>\n\t\t\t<\/dt><\/dl><dl class='gallery-item'>\n\t\t\t<dt class='gallery-icon landscape'>\n\t\t\t\t<a href='https:\/\/www.itakaescolapios.org\/fr\/2018\/03\/celebracion-del-dia-internacional-del-voluntariado-itaka-escolapios-en-madrid\/img_20180309_192737_564\/'><img decoding=\"async\" width=\"90\" height=\"90\" src=\"https:\/\/www.itakaescolapios.org\/wp-content\/uploads\/2018\/03\/IMG_20180309_192737_564-90x90.jpg\" class=\"attachment-thumbnail size-thumbnail\" alt=\"\" \/><\/a>\n\t\t\t<\/dt><\/dl><dl class='gallery-item'>\n\t\t\t<dt class='gallery-icon portrait'>\n\t\t\t\t<a href='https:\/\/www.itakaescolapios.org\/fr\/2018\/03\/celebracion-del-dia-internacional-del-voluntariado-itaka-escolapios-en-madrid\/img_20180309_193211_658\/'><img decoding=\"async\" width=\"90\" height=\"90\" src=\"https:\/\/www.itakaescolapios.org\/wp-content\/uploads\/2018\/03\/IMG_20180309_193211_658-90x90.jpg\" class=\"attachment-thumbnail size-thumbnail\" alt=\"\" \/><\/a>\n\t\t\t<\/dt><\/dl><br style=\"clear: both\" \/><dl class='gallery-item'>\n\t\t\t<dt class='gallery-icon portrait'>\n\t\t\t\t<a href='https:\/\/www.itakaescolapios.org\/fr\/2018\/03\/celebracion-del-dia-internacional-del-voluntariado-itaka-escolapios-en-madrid\/img_20180309_194143_708\/'><img decoding=\"async\" width=\"90\" height=\"90\" src=\"https:\/\/www.itakaescolapios.org\/wp-content\/uploads\/2018\/03\/IMG_20180309_194143_708-90x90.jpg\" class=\"attachment-thumbnail size-thumbnail\" alt=\"\" \/><\/a>\n\t\t\t<\/dt><\/dl><dl class='gallery-item'>\n\t\t\t<dt class='gallery-icon portrait'>\n\t\t\t\t<a href='https:\/\/www.itakaescolapios.org\/fr\/2018\/03\/celebracion-del-dia-internacional-del-voluntariado-itaka-escolapios-en-madrid\/img_20180309_193204_936\/'><img decoding=\"async\" width=\"90\" height=\"90\" src=\"https:\/\/www.itakaescolapios.org\/wp-content\/uploads\/2018\/03\/IMG_20180309_193204_936-90x90.jpg\" class=\"attachment-thumbnail size-thumbnail\" alt=\"\" \/><\/a>\n\t\t\t<\/dt><\/dl><dl class='gallery-item'>\n\t\t\t<dt class='gallery-icon portrait'>\n\t\t\t\t<a href='https:\/\/www.itakaescolapios.org\/fr\/2018\/03\/celebracion-del-dia-internacional-del-voluntariado-itaka-escolapios-en-madrid\/img_20180309_193200_892\/'><img decoding=\"async\" width=\"90\" height=\"90\" src=\"https:\/\/www.itakaescolapios.org\/wp-content\/uploads\/2018\/03\/IMG_20180309_193200_892-90x90.jpg\" class=\"attachment-thumbnail size-thumbnail\" alt=\"\" \/><\/a>\n\t\t\t<\/dt><\/dl><dl class='gallery-item'>\n\t\t\t<dt class='gallery-icon landscape'>\n\t\t\t\t<a href='https:\/\/www.itakaescolapios.org\/fr\/2018\/03\/celebracion-del-dia-internacional-del-voluntariado-itaka-escolapios-en-madrid\/img_20180309_193138_711\/'><img decoding=\"async\" width=\"90\" height=\"90\" src=\"https:\/\/www.itakaescolapios.org\/wp-content\/uploads\/2018\/03\/IMG_20180309_193138_711-90x90.jpg\" class=\"attachment-thumbnail size-thumbnail\" alt=\"\" \/><\/a>\n\t\t\t<\/dt><\/dl><br style=\"clear: both\" \/><dl class='gallery-item'>\n\t\t\t<dt class='gallery-icon portrait'>\n\t\t\t\t<a href='https:\/\/www.itakaescolapios.org\/fr\/2018\/03\/celebracion-del-dia-internacional-del-voluntariado-itaka-escolapios-en-madrid\/img_20180309_193152_098\/'><img decoding=\"async\" width=\"90\" height=\"90\" src=\"https:\/\/www.itakaescolapios.org\/wp-content\/uploads\/2018\/03\/IMG_20180309_193152_098-90x90.jpg\" class=\"attachment-thumbnail size-thumbnail\" alt=\"\" \/><\/a>\n\t\t\t<\/dt><\/dl><dl class='gallery-item'>\n\t\t\t<dt class='gallery-icon landscape'>\n\t\t\t\t<a href='https:\/\/www.itakaescolapios.org\/fr\/2018\/03\/celebracion-del-dia-internacional-del-voluntariado-itaka-escolapios-en-madrid\/img_20180309_193131_959\/'><img decoding=\"async\" width=\"90\" height=\"90\" src=\"https:\/\/www.itakaescolapios.org\/wp-content\/uploads\/2018\/03\/IMG_20180309_193131_959-90x90.jpg\" class=\"attachment-thumbnail size-thumbnail\" alt=\"\" \/><\/a>\n\t\t\t<\/dt><\/dl><dl class='gallery-item'>\n\t\t\t<dt class='gallery-icon landscape'>\n\t\t\t\t<a href='https:\/\/www.itakaescolapios.org\/fr\/2018\/03\/celebracion-del-dia-internacional-del-voluntariado-itaka-escolapios-en-madrid\/img-20180309-wa0033\/'><img decoding=\"async\" width=\"90\" height=\"90\" src=\"https:\/\/www.itakaescolapios.org\/wp-content\/uploads\/2018\/03\/IMG-20180309-WA0033-90x90.jpg\" class=\"attachment-thumbnail size-thumbnail\" alt=\"\" \/><\/a>\n\t\t\t<\/dt><\/dl>\n\t\t\t<br style='clear: both' \/>\n\t\t<\/div>\n\n","protected":false},"excerpt":{"rendered":"<p>El viernes fue un d\u00eda de celebraci\u00f3n. Como ya hicimos el a\u00f1o pasado, el 9 de marzo celebramos el D\u00eda Internacional del Voluntariado Itaka-Escolapios en Madrid. La celebraci\u00f3n tuvo lugar [&hellip;]<\/p>\n","protected":false},"author":48,"featured_media":22379,"comment_status":"closed","ping_status":"closed","sticky":false,"template":"","format":"standard","meta":{"_et_pb_use_builder":"","_et_pb_old_content":"","_et_gb_content_width":"","footnotes":""},"categories":[146],"tags":[],"class_list":["post-22369","post","type-post","status-publish","format-standard","has-post-thumbnail","hentry","category-madrid"],"yoast_head":"<!-- This site is optimized with the Yoast SEO plugin v27.4 - https:\/\/yoast.com\/product\/yoast-seo-wordpress\/ -->\n<title>CELEBRACI\u00d3N DEL D\u00cdA INTERNACIONAL DEL VOLUNTARIADO ITAKA-ESCOLAPIOS EN MADRID<\/title>\n<meta name=\"description\" content=\"El viernes fue un d\u00eda de celebraci\u00f3n. Como ya hicimos el a\u00f1o pasado, el 9 de marzo celebramos el D\u00eda Internacional del Voluntariado Itaka-Escolapios en Madrid. La celebraci\u00f3n tuvo lugar en el colegio de Aluche, donde nos reunimos unas 20 personas. Despu\u00e9s de leer el manifiesto enviado desde la Red y que nos centr\u00f3 el\u2026\" \/>\n<meta name=\"robots\" content=\"index, follow, max-snippet:-1, max-image-preview:large, max-video-preview:-1\" \/>\n<link rel=\"canonical\" href=\"http:\/\/El%20viernes%20fue%20un%20d\u00eda%20de%20celebraci\u00f3n.%20Como%20ya%20hicimos%20el%20a\u00f1o%20pasado,%20el%209%20de%20marzo%20celebramos%20el%20D\u00eda%20Internacional%20del%20Voluntariado%20Itaka-Escolapios%20en%20Madrid.%20La%20celebraci\u00f3n%20tuvo%20lugar%20en%20el%20colegio%20de%20Aluche,%20donde%20nos%20reunimos%20unas%2020%20personas.%20Despu\u00e9s%20de%20leer%20el%20manifiesto%20enviado%20desde%20la%20Red%20y%20que%20nos%20centr\u00f3%20el\u2026\" \/>\n<meta property=\"og:locale\" content=\"fr_FR\" \/>\n<meta property=\"og:type\" content=\"article\" \/>\n<meta property=\"og:title\" content=\"CELEBRACI\u00d3N DEL D\u00cdA INTERNACIONAL DEL VOLUNTARIADO ITAKA-ESCOLAPIOS EN MADRID\" \/>\n<meta property=\"og:description\" content=\"El viernes fue un d\u00eda de celebraci\u00f3n. Como ya hicimos el a\u00f1o pasado, el 9 de marzo celebramos el D\u00eda Internacional del Voluntariado Itaka-Escolapios en Madrid. La celebraci\u00f3n tuvo lugar en el colegio de Aluche, donde nos reunimos unas 20 personas. Despu\u00e9s de leer el manifiesto enviado desde la Red y que nos centr\u00f3 el\u2026\" \/>\n<meta property=\"og:url\" content=\"https:\/\/www.itakaescolapios.org\/fr\/2018\/03\/celebracion-del-dia-internacional-del-voluntariado-itaka-escolapios-en-madrid\/\" \/>\n<meta property=\"og:site_name\" content=\"Itaka-Escolapios\" \/>\n<meta property=\"article:published_time\" content=\"2018-03-13T12:07:18+00:00\" \/>\n<meta property=\"article:modified_time\" content=\"2023-11-28T11:37:34+00:00\" \/>\n<meta property=\"og:image\" content=\"https:\/\/www.itakaescolapios.org\/wp-content\/uploads\/2018\/03\/IMG-20180309-WA0029.jpg\" \/>\n\t<meta property=\"og:image:width\" content=\"1600\" \/>\n\t<meta property=\"og:image:height\" content=\"1200\" \/>\n\t<meta property=\"og:image:type\" content=\"image\/jpeg\" \/>\n<meta name=\"author\" content=\"madrid01\" \/>\n<meta name=\"twitter:card\" content=\"summary_large_image\" \/>\n<meta name=\"twitter:label1\" content=\"\u00c9crit par\" \/>\n\t<meta name=\"twitter:data1\" content=\"madrid01\" \/>\n\t<meta name=\"twitter:label2\" content=\"Dur\u00e9e de lecture estim\u00e9e\" \/>\n\t<meta name=\"twitter:data2\" content=\"1 minute\" \/>\n<script type=\"application\/ld+json\" class=\"yoast-schema-graph\">{\"@context\":\"https:\\\/\\\/schema.org\",\"@graph\":[{\"@type\":\"Article\",\"@id\":\"https:\\\/\\\/www.itakaescolapios.org\\\/fr\\\/2018\\\/03\\\/celebracion-del-dia-internacional-del-voluntariado-itaka-escolapios-en-madrid\\\/#article\",\"isPartOf\":{\"@id\":\"https:\\\/\\\/www.itakaescolapios.org\\\/fr\\\/2018\\\/03\\\/celebracion-del-dia-internacional-del-voluntariado-itaka-escolapios-en-madrid\\\/\"},\"author\":{\"name\":\"madrid01\",\"@id\":\"https:\\\/\\\/www.itakaescolapios.org\\\/es\\\/#\\\/schema\\\/person\\\/bcd60d18d9795d0e978153a567a2edcb\"},\"headline\":\"CELEBRACI\u00d3N DEL D\u00cdA INTERNACIONAL DEL VOLUNTARIADO ITAKA-ESCOLAPIOS EN MADRID\",\"datePublished\":\"2018-03-13T12:07:18+00:00\",\"dateModified\":\"2023-11-28T11:37:34+00:00\",\"mainEntityOfPage\":{\"@id\":\"https:\\\/\\\/www.itakaescolapios.org\\\/fr\\\/2018\\\/03\\\/celebracion-del-dia-internacional-del-voluntariado-itaka-escolapios-en-madrid\\\/\"},\"wordCount\":253,\"publisher\":{\"@id\":\"https:\\\/\\\/www.itakaescolapios.org\\\/es\\\/#organization\"},\"image\":{\"@id\":\"https:\\\/\\\/www.itakaescolapios.org\\\/fr\\\/2018\\\/03\\\/celebracion-del-dia-internacional-del-voluntariado-itaka-escolapios-en-madrid\\\/#primaryimage\"},\"thumbnailUrl\":\"https:\\\/\\\/www.itakaescolapios.org\\\/wp-content\\\/uploads\\\/2018\\\/03\\\/IMG-20180309-WA0029.jpg\",\"articleSection\":[\"Madrid\"],\"inLanguage\":\"fr-FR\"},{\"@type\":\"WebPage\",\"@id\":\"https:\\\/\\\/www.itakaescolapios.org\\\/fr\\\/2018\\\/03\\\/celebracion-del-dia-internacional-del-voluntariado-itaka-escolapios-en-madrid\\\/\",\"url\":\"https:\\\/\\\/www.itakaescolapios.org\\\/fr\\\/2018\\\/03\\\/celebracion-del-dia-internacional-del-voluntariado-itaka-escolapios-en-madrid\\\/\",\"name\":\"CELEBRACI\u00d3N DEL D\u00cdA INTERNACIONAL DEL VOLUNTARIADO ITAKA-ESCOLAPIOS EN MADRID - Itaka-Escolapios\",\"isPartOf\":{\"@id\":\"https:\\\/\\\/www.itakaescolapios.org\\\/es\\\/#website\"},\"primaryImageOfPage\":{\"@id\":\"https:\\\/\\\/www.itakaescolapios.org\\\/fr\\\/2018\\\/03\\\/celebracion-del-dia-internacional-del-voluntariado-itaka-escolapios-en-madrid\\\/#primaryimage\"},\"image\":{\"@id\":\"https:\\\/\\\/www.itakaescolapios.org\\\/fr\\\/2018\\\/03\\\/celebracion-del-dia-internacional-del-voluntariado-itaka-escolapios-en-madrid\\\/#primaryimage\"},\"thumbnailUrl\":\"https:\\\/\\\/www.itakaescolapios.org\\\/wp-content\\\/uploads\\\/2018\\\/03\\\/IMG-20180309-WA0029.jpg\",\"datePublished\":\"2018-03-13T12:07:18+00:00\",\"dateModified\":\"2023-11-28T11:37:34+00:00\",\"breadcrumb\":{\"@id\":\"https:\\\/\\\/www.itakaescolapios.org\\\/fr\\\/2018\\\/03\\\/celebracion-del-dia-internacional-del-voluntariado-itaka-escolapios-en-madrid\\\/#breadcrumb\"},\"inLanguage\":\"fr-FR\",\"potentialAction\":[{\"@type\":\"ReadAction\",\"target\":[\"https:\\\/\\\/www.itakaescolapios.org\\\/fr\\\/2018\\\/03\\\/celebracion-del-dia-internacional-del-voluntariado-itaka-escolapios-en-madrid\\\/\"]}]},{\"@type\":\"ImageObject\",\"inLanguage\":\"fr-FR\",\"@id\":\"https:\\\/\\\/www.itakaescolapios.org\\\/fr\\\/2018\\\/03\\\/celebracion-del-dia-internacional-del-voluntariado-itaka-escolapios-en-madrid\\\/#primaryimage\",\"url\":\"https:\\\/\\\/www.itakaescolapios.org\\\/wp-content\\\/uploads\\\/2018\\\/03\\\/IMG-20180309-WA0029.jpg\",\"contentUrl\":\"https:\\\/\\\/www.itakaescolapios.org\\\/wp-content\\\/uploads\\\/2018\\\/03\\\/IMG-20180309-WA0029.jpg\",\"width\":1600,\"height\":1200},{\"@type\":\"BreadcrumbList\",\"@id\":\"https:\\\/\\\/www.itakaescolapios.org\\\/fr\\\/2018\\\/03\\\/celebracion-del-dia-internacional-del-voluntariado-itaka-escolapios-en-madrid\\\/#breadcrumb\",\"itemListElement\":[{\"@type\":\"ListItem\",\"position\":1,\"name\":\"Itaka-Escolapios\",\"item\":\"https:\\\/\\\/www.itakaescolapios.org\\\/es\\\/\"},{\"@type\":\"ListItem\",\"position\":2,\"name\":\"CELEBRACI\u00d3N DEL D\u00cdA INTERNACIONAL DEL VOLUNTARIADO ITAKA-ESCOLAPIOS EN MADRID\"}]},{\"@type\":\"WebSite\",\"@id\":\"https:\\\/\\\/www.itakaescolapios.org\\\/fr\\\/es\\\/#website\",\"url\":\"https:\\\/\\\/www.itakaescolapios.org\\\/fr\\\/es\\\/\",\"name\":\"Itaka-Escolapios\",\"description\":\"Red de Itaka-Escolapios\",\"publisher\":{\"@id\":\"https:\\\/\\\/www.itakaescolapios.org\\\/fr\\\/es\\\/#organization\"},\"potentialAction\":[{\"@type\":\"SearchAction\",\"target\":{\"@type\":\"EntryPoint\",\"urlTemplate\":\"https:\\\/\\\/www.itakaescolapios.org\\\/fr\\\/es\\\/?s={search_term_string}\"},\"query-input\":{\"@type\":\"PropertyValueSpecification\",\"valueRequired\":true,\"valueName\":\"search_term_string\"}}],\"inLanguage\":\"fr-FR\"},{\"@type\":\"Organization\",\"@id\":\"https:\\\/\\\/www.itakaescolapios.org\\\/fr\\\/es\\\/#organization\",\"name\":\"Fundaci\u00f3 Itaka-Escolapios\",\"url\":\"https:\\\/\\\/www.itakaescolapios.org\\\/fr\\\/es\\\/\",\"logo\":{\"@type\":\"ImageObject\",\"inLanguage\":\"fr-FR\",\"@id\":\"https:\\\/\\\/www.itakaescolapios.org\\\/fr\\\/es\\\/#\\\/schema\\\/logo\\\/image\\\/\",\"url\":\"https:\\\/\\\/www.itakaescolapios.org\\\/wp-content\\\/uploads\\\/2024\\\/04\\\/Logo-itakaescolapios-peque.png\",\"contentUrl\":\"https:\\\/\\\/www.itakaescolapios.org\\\/wp-content\\\/uploads\\\/2024\\\/04\\\/Logo-itakaescolapios-peque.png\",\"width\":500,\"height\":199,\"caption\":\"Fundaci\u00f3 Itaka-Escolapios\"},\"image\":{\"@id\":\"https:\\\/\\\/www.itakaescolapios.org\\\/fr\\\/es\\\/#\\\/schema\\\/logo\\\/image\\\/\"}},{\"@type\":\"Person\",\"@id\":\"https:\\\/\\\/www.itakaescolapios.org\\\/es\\\/#\\\/schema\\\/person\\\/bcd60d18d9795d0e978153a567a2edcb\",\"name\":\"madrid01\",\"url\":\"https:\\\/\\\/www.itakaescolapios.org\\\/fr\\\/author\\\/madrid01\\\/\"}]}<\/script>\n<!-- \/ Yoast SEO plugin. -->","yoast_head_json":{"title":"CELEBRACI\u00d3N DEL D\u00cdA INTERNACIONAL DEL VOLUNTARIADO ITAKA-ESCOLAPIOS EN MADRID","description":"El viernes fue un d\u00eda de celebraci\u00f3n. Como ya hicimos el a\u00f1o pasado, el 9 de marzo celebramos el D\u00eda Internacional del Voluntariado Itaka-Escolapios en Madrid. La celebraci\u00f3n tuvo lugar en el colegio de Aluche, donde nos reunimos unas 20 personas. Despu\u00e9s de leer el manifiesto enviado desde la Red y que nos centr\u00f3 el\u2026","robots":{"index":"index","follow":"follow","max-snippet":"max-snippet:-1","max-image-preview":"max-image-preview:large","max-video-preview":"max-video-preview:-1"},"canonical":"El viernes fue un d\u00eda de celebraci\u00f3n. Como ya hicimos el a\u00f1o pasado, el 9 de marzo celebramos el D\u00eda Internacional del Voluntariado Itaka-Escolapios en Madrid. La celebraci\u00f3n tuvo lugar en el colegio de Aluche, donde nos reunimos unas 20 personas. Despu\u00e9s de leer el manifiesto enviado desde la Red y que nos centr\u00f3 el\u2026","og_locale":"fr_FR","og_type":"article","og_title":"CELEBRACI\u00d3N DEL D\u00cdA INTERNACIONAL DEL VOLUNTARIADO ITAKA-ESCOLAPIOS EN MADRID","og_description":"El viernes fue un d\u00eda de celebraci\u00f3n. Como ya hicimos el a\u00f1o pasado, el 9 de marzo celebramos el D\u00eda Internacional del Voluntariado Itaka-Escolapios en Madrid. La celebraci\u00f3n tuvo lugar en el colegio de Aluche, donde nos reunimos unas 20 personas. Despu\u00e9s de leer el manifiesto enviado desde la Red y que nos centr\u00f3 el\u2026","og_url":"https:\/\/www.itakaescolapios.org\/fr\/2018\/03\/celebracion-del-dia-internacional-del-voluntariado-itaka-escolapios-en-madrid\/","og_site_name":"Itaka-Escolapios","article_published_time":"2018-03-13T12:07:18+00:00","article_modified_time":"2023-11-28T11:37:34+00:00","og_image":[{"width":1600,"height":1200,"url":"https:\/\/www.itakaescolapios.org\/wp-content\/uploads\/2018\/03\/IMG-20180309-WA0029.jpg","type":"image\/jpeg"}],"author":"madrid01","twitter_card":"summary_large_image","twitter_misc":{"\u00c9crit par":"madrid01","Dur\u00e9e de lecture estim\u00e9e":"1 minute"},"schema":{"@context":"https:\/\/schema.org","@graph":[{"@type":"Article","@id":"https:\/\/www.itakaescolapios.org\/fr\/2018\/03\/celebracion-del-dia-internacional-del-voluntariado-itaka-escolapios-en-madrid\/#article","isPartOf":{"@id":"https:\/\/www.itakaescolapios.org\/fr\/2018\/03\/celebracion-del-dia-internacional-del-voluntariado-itaka-escolapios-en-madrid\/"},"author":{"name":"madrid01","@id":"https:\/\/www.itakaescolapios.org\/es\/#\/schema\/person\/bcd60d18d9795d0e978153a567a2edcb"},"headline":"CELEBRACI\u00d3N DEL D\u00cdA INTERNACIONAL DEL VOLUNTARIADO ITAKA-ESCOLAPIOS EN MADRID","datePublished":"2018-03-13T12:07:18+00:00","dateModified":"2023-11-28T11:37:34+00:00","mainEntityOfPage":{"@id":"https:\/\/www.itakaescolapios.org\/fr\/2018\/03\/celebracion-del-dia-internacional-del-voluntariado-itaka-escolapios-en-madrid\/"},"wordCount":253,"publisher":{"@id":"https:\/\/www.itakaescolapios.org\/es\/#organization"},"image":{"@id":"https:\/\/www.itakaescolapios.org\/fr\/2018\/03\/celebracion-del-dia-internacional-del-voluntariado-itaka-escolapios-en-madrid\/#primaryimage"},"thumbnailUrl":"https:\/\/www.itakaescolapios.org\/wp-content\/uploads\/2018\/03\/IMG-20180309-WA0029.jpg","articleSection":["Madrid"],"inLanguage":"fr-FR"},{"@type":"WebPage","@id":"https:\/\/www.itakaescolapios.org\/fr\/2018\/03\/celebracion-del-dia-internacional-del-voluntariado-itaka-escolapios-en-madrid\/","url":"https:\/\/www.itakaescolapios.org\/fr\/2018\/03\/celebracion-del-dia-internacional-del-voluntariado-itaka-escolapios-en-madrid\/","name":"CELEBRACI\u00d3N DEL D\u00cdA INTERNACIONAL DEL VOLUNTARIADO ITAKA-ESCOLAPIOS EN MADRID - Itaka-Escolapios","isPartOf":{"@id":"https:\/\/www.itakaescolapios.org\/es\/#website"},"primaryImageOfPage":{"@id":"https:\/\/www.itakaescolapios.org\/fr\/2018\/03\/celebracion-del-dia-internacional-del-voluntariado-itaka-escolapios-en-madrid\/#primaryimage"},"image":{"@id":"https:\/\/www.itakaescolapios.org\/fr\/2018\/03\/celebracion-del-dia-internacional-del-voluntariado-itaka-escolapios-en-madrid\/#primaryimage"},"thumbnailUrl":"https:\/\/www.itakaescolapios.org\/wp-content\/uploads\/2018\/03\/IMG-20180309-WA0029.jpg","datePublished":"2018-03-13T12:07:18+00:00","dateModified":"2023-11-28T11:37:34+00:00","breadcrumb":{"@id":"https:\/\/www.itakaescolapios.org\/fr\/2018\/03\/celebracion-del-dia-internacional-del-voluntariado-itaka-escolapios-en-madrid\/#breadcrumb"},"inLanguage":"fr-FR","potentialAction":[{"@type":"ReadAction","target":["https:\/\/www.itakaescolapios.org\/fr\/2018\/03\/celebracion-del-dia-internacional-del-voluntariado-itaka-escolapios-en-madrid\/"]}]},{"@type":"ImageObject","inLanguage":"fr-FR","@id":"https:\/\/www.itakaescolapios.org\/fr\/2018\/03\/celebracion-del-dia-internacional-del-voluntariado-itaka-escolapios-en-madrid\/#primaryimage","url":"https:\/\/www.itakaescolapios.org\/wp-content\/uploads\/2018\/03\/IMG-20180309-WA0029.jpg","contentUrl":"https:\/\/www.itakaescolapios.org\/wp-content\/uploads\/2018\/03\/IMG-20180309-WA0029.jpg","width":1600,"height":1200},{"@type":"BreadcrumbList","@id":"https:\/\/www.itakaescolapios.org\/fr\/2018\/03\/celebracion-del-dia-internacional-del-voluntariado-itaka-escolapios-en-madrid\/#breadcrumb","itemListElement":[{"@type":"ListItem","position":1,"name":"Itaka-Escolapios","item":"https:\/\/www.itakaescolapios.org\/es\/"},{"@type":"ListItem","position":2,"name":"CELEBRACI\u00d3N DEL D\u00cdA INTERNACIONAL DEL VOLUNTARIADO ITAKA-ESCOLAPIOS EN MADRID"}]},{"@type":"WebSite","@id":"https:\/\/www.itakaescolapios.org\/fr\/es\/#website","url":"https:\/\/www.itakaescolapios.org\/fr\/es\/","name":"Itaka-Escolapios","description":"Red de Itaka-Escolapios","publisher":{"@id":"https:\/\/www.itakaescolapios.org\/fr\/es\/#organization"},"potentialAction":[{"@type":"SearchAction","target":{"@type":"EntryPoint","urlTemplate":"https:\/\/www.itakaescolapios.org\/fr\/es\/?s={search_term_string}"},"query-input":{"@type":"PropertyValueSpecification","valueRequired":true,"valueName":"search_term_string"}}],"inLanguage":"fr-FR"},{"@type":"Organization","@id":"https:\/\/www.itakaescolapios.org\/fr\/es\/#organization","name":"Fundaci\u00f3 Itaka-Escolapios","url":"https:\/\/www.itakaescolapios.org\/fr\/es\/","logo":{"@type":"ImageObject","inLanguage":"fr-FR","@id":"https:\/\/www.itakaescolapios.org\/fr\/es\/#\/schema\/logo\/image\/","url":"https:\/\/www.itakaescolapios.org\/wp-content\/uploads\/2024\/04\/Logo-itakaescolapios-peque.png","contentUrl":"https:\/\/www.itakaescolapios.org\/wp-content\/uploads\/2024\/04\/Logo-itakaescolapios-peque.png","width":500,"height":199,"caption":"Fundaci\u00f3 Itaka-Escolapios"},"image":{"@id":"https:\/\/www.itakaescolapios.org\/fr\/es\/#\/schema\/logo\/image\/"}},{"@type":"Person","@id":"https:\/\/www.itakaescolapios.org\/es\/#\/schema\/person\/bcd60d18d9795d0e978153a567a2edcb","name":"madrid01","url":"https:\/\/www.itakaescolapios.org\/fr\/author\/madrid01\/"}]}},"_links":{"self":[{"href":"https:\/\/www.itakaescolapios.org\/fr\/wp-json\/wp\/v2\/posts\/22369","targetHints":{"allow":["GET"]}}],"collection":[{"href":"https:\/\/www.itakaescolapios.org\/fr\/wp-json\/wp\/v2\/posts"}],"about":[{"href":"https:\/\/www.itakaescolapios.org\/fr\/wp-json\/wp\/v2\/types\/post"}],"author":[{"embeddable":true,"href":"https:\/\/www.itakaescolapios.org\/fr\/wp-json\/wp\/v2\/users\/48"}],"replies":[{"embeddable":true,"href":"https:\/\/www.itakaescolapios.org\/fr\/wp-json\/wp\/v2\/comments?post=22369"}],"version-history":[{"count":6,"href":"https:\/\/www.itakaescolapios.org\/fr\/wp-json\/wp\/v2\/posts\/22369\/revisions"}],"predecessor-version":[{"id":46926,"href":"https:\/\/www.itakaescolapios.org\/fr\/wp-json\/wp\/v2\/posts\/22369\/revisions\/46926"}],"wp:featuredmedia":[{"embeddable":true,"href":"https:\/\/www.itakaescolapios.org\/fr\/wp-json\/wp\/v2\/media\/22379"}],"wp:attachment":[{"href":"https:\/\/www.itakaescolapios.org\/fr\/wp-json\/wp\/v2\/media?parent=22369"}],"wp:term":[{"taxonomy":"category","embeddable":true,"href":"https:\/\/www.itakaescolapios.org\/fr\/wp-json\/wp\/v2\/categories?post=22369"},{"taxonomy":"post_tag","embeddable":true,"href":"https:\/\/www.itakaescolapios.org\/fr\/wp-json\/wp\/v2\/tags?post=22369"}],"curies":[{"name":"wp","href":"https:\/\/api.w.org\/{rel}","templated":true}]}}