{"id":22593,"date":"2018-04-06T21:20:33","date_gmt":"2018-04-06T20:20:33","guid":{"rendered":"https:\/\/www.itakaescolapios.org\/?p=22593"},"modified":"2023-11-28T12:37:32","modified_gmt":"2023-11-28T11:37:32","slug":"portugues-formacao-de-primeiros-socorros","status":"publish","type":"post","link":"https:\/\/www.itakaescolapios.org\/fr\/2018\/04\/portugues-formacao-de-primeiros-socorros\/","title":{"rendered":"FORMACI\u00d3N EN PRIMEROS AUXILIOS"},"content":{"rendered":"<p>Con el objetivo de tener conocimiento en primeros auxilios, la Obra Social Itaka &#8211; Escolapios, juntamente con el Cuerpo de Bomberos, llevar\u00e1 adelante una formaci\u00f3n en este sentido el pr\u00f3ximo 10 de abril.<\/p>\n","protected":false},"excerpt":{"rendered":"<p>Con el objetivo de tener conocimiento en primeros auxilios, la Obra Social Itaka &#8211; Escolapios, juntamente con el Cuerpo de Bomberos, llevar\u00e1 adelante una formaci\u00f3n en este sentido el pr\u00f3ximo [&hellip;]<\/p>\n","protected":false},"author":11,"featured_media":22594,"comment_status":"closed","ping_status":"closed","sticky":false,"template":"","format":"standard","meta":{"_et_pb_use_builder":"","_et_pb_old_content":"","_et_gb_content_width":"","footnotes":""},"categories":[16],"tags":[],"class_list":["post-22593","post","type-post","status-publish","format-standard","has-post-thumbnail","hentry","category-governador-valadares"],"yoast_head":"<!-- This site is optimized with the Yoast SEO plugin v27.4 - https:\/\/yoast.com\/product\/yoast-seo-wordpress\/ -->\n<title>FORMACI\u00d3N EN PRIMEROS AUXILIOS<\/title>\n<meta name=\"description\" content=\"Con el objetivo de tener conocimiento en primeros auxilios, la Obra Social Itaka - Escolapios, juntamente con el Cuerpo de Bomberos, llevar\u00e1 adelante una formaci\u00f3n en este sentido el pr\u00f3ximo 10 de abril.\" \/>\n<meta name=\"robots\" content=\"index, follow, max-snippet:-1, max-image-preview:large, max-video-preview:-1\" \/>\n<link rel=\"canonical\" href=\"http:\/\/Con%20el%20objetivo%20de%20tener%20conocimiento%20en%20primeros%20auxilios,%20la%20Obra%20Social%20Itaka%20-%20Escolapios,%20juntamente%20con%20el%20Cuerpo%20de%20Bomberos,%20llevar\u00e1%20adelante%20una%20formaci\u00f3n%20en%20este%20sentido%20el%20pr\u00f3ximo%2010%20de%20abril.\" \/>\n<meta property=\"og:locale\" content=\"fr_FR\" \/>\n<meta property=\"og:type\" content=\"article\" \/>\n<meta property=\"og:title\" content=\"FORMACI\u00d3N EN PRIMEROS AUXILIOS\" \/>\n<meta property=\"og:description\" content=\"Con el objetivo de tener conocimiento en primeros auxilios, la Obra Social Itaka - Escolapios, juntamente con el Cuerpo de Bomberos, llevar\u00e1 adelante una formaci\u00f3n en este sentido el pr\u00f3ximo 10 de abril.\" \/>\n<meta property=\"og:url\" content=\"https:\/\/www.itakaescolapios.org\/fr\/2018\/04\/portugues-formacao-de-primeiros-socorros\/\" \/>\n<meta property=\"og:site_name\" content=\"Itaka-Escolapios\" \/>\n<meta property=\"article:published_time\" content=\"2018-04-06T20:20:33+00:00\" \/>\n<meta property=\"article:modified_time\" content=\"2023-11-28T11:37:32+00:00\" \/>\n<meta property=\"og:image\" content=\"https:\/\/www.itakaescolapios.org\/wp-content\/uploads\/2018\/04\/FORMA\u00c7\u00c3O.jpg\" \/>\n\t<meta property=\"og:image:width\" content=\"960\" \/>\n\t<meta property=\"og:image:height\" content=\"720\" \/>\n\t<meta property=\"og:image:type\" content=\"image\/jpeg\" \/>\n<meta name=\"author\" content=\"brasil03\" \/>\n<meta name=\"twitter:card\" content=\"summary_large_image\" \/>\n<meta name=\"twitter:label1\" content=\"\u00c9crit par\" \/>\n\t<meta name=\"twitter:data1\" content=\"brasil03\" \/>\n<script type=\"application\/ld+json\" class=\"yoast-schema-graph\">{\"@context\":\"https:\\\/\\\/schema.org\",\"@graph\":[{\"@type\":\"Article\",\"@id\":\"https:\\\/\\\/www.itakaescolapios.org\\\/fr\\\/2018\\\/04\\\/portugues-formacao-de-primeiros-socorros\\\/#article\",\"isPartOf\":{\"@id\":\"https:\\\/\\\/www.itakaescolapios.org\\\/fr\\\/2018\\\/04\\\/portugues-formacao-de-primeiros-socorros\\\/\"},\"author\":{\"name\":\"brasil03\",\"@id\":\"https:\\\/\\\/www.itakaescolapios.org\\\/es\\\/#\\\/schema\\\/person\\\/9c761c62049293fc36e6c91e429de3d5\"},\"headline\":\"FORMACI\u00d3N EN PRIMEROS AUXILIOS\",\"datePublished\":\"2018-04-06T20:20:33+00:00\",\"dateModified\":\"2023-11-28T11:37:32+00:00\",\"mainEntityOfPage\":{\"@id\":\"https:\\\/\\\/www.itakaescolapios.org\\\/fr\\\/2018\\\/04\\\/portugues-formacao-de-primeiros-socorros\\\/\"},\"wordCount\":39,\"publisher\":{\"@id\":\"https:\\\/\\\/www.itakaescolapios.org\\\/es\\\/#organization\"},\"image\":{\"@id\":\"https:\\\/\\\/www.itakaescolapios.org\\\/fr\\\/2018\\\/04\\\/portugues-formacao-de-primeiros-socorros\\\/#primaryimage\"},\"thumbnailUrl\":\"https:\\\/\\\/www.itakaescolapios.org\\\/wp-content\\\/uploads\\\/2018\\\/04\\\/FORMA\u00c7\u00c3O.jpg\",\"articleSection\":[\"Governador Valadares\"],\"inLanguage\":\"fr-FR\"},{\"@type\":\"WebPage\",\"@id\":\"https:\\\/\\\/www.itakaescolapios.org\\\/fr\\\/2018\\\/04\\\/portugues-formacao-de-primeiros-socorros\\\/\",\"url\":\"https:\\\/\\\/www.itakaescolapios.org\\\/fr\\\/2018\\\/04\\\/portugues-formacao-de-primeiros-socorros\\\/\",\"name\":\"FORMACI\u00d3N EN PRIMEROS AUXILIOS - Itaka-Escolapios\",\"isPartOf\":{\"@id\":\"https:\\\/\\\/www.itakaescolapios.org\\\/es\\\/#website\"},\"primaryImageOfPage\":{\"@id\":\"https:\\\/\\\/www.itakaescolapios.org\\\/fr\\\/2018\\\/04\\\/portugues-formacao-de-primeiros-socorros\\\/#primaryimage\"},\"image\":{\"@id\":\"https:\\\/\\\/www.itakaescolapios.org\\\/fr\\\/2018\\\/04\\\/portugues-formacao-de-primeiros-socorros\\\/#primaryimage\"},\"thumbnailUrl\":\"https:\\\/\\\/www.itakaescolapios.org\\\/wp-content\\\/uploads\\\/2018\\\/04\\\/FORMA\u00c7\u00c3O.jpg\",\"datePublished\":\"2018-04-06T20:20:33+00:00\",\"dateModified\":\"2023-11-28T11:37:32+00:00\",\"breadcrumb\":{\"@id\":\"https:\\\/\\\/www.itakaescolapios.org\\\/fr\\\/2018\\\/04\\\/portugues-formacao-de-primeiros-socorros\\\/#breadcrumb\"},\"inLanguage\":\"fr-FR\",\"potentialAction\":[{\"@type\":\"ReadAction\",\"target\":[\"https:\\\/\\\/www.itakaescolapios.org\\\/fr\\\/2018\\\/04\\\/portugues-formacao-de-primeiros-socorros\\\/\"]}]},{\"@type\":\"ImageObject\",\"inLanguage\":\"fr-FR\",\"@id\":\"https:\\\/\\\/www.itakaescolapios.org\\\/fr\\\/2018\\\/04\\\/portugues-formacao-de-primeiros-socorros\\\/#primaryimage\",\"url\":\"https:\\\/\\\/www.itakaescolapios.org\\\/wp-content\\\/uploads\\\/2018\\\/04\\\/FORMA\u00c7\u00c3O.jpg\",\"contentUrl\":\"https:\\\/\\\/www.itakaescolapios.org\\\/wp-content\\\/uploads\\\/2018\\\/04\\\/FORMA\u00c7\u00c3O.jpg\",\"width\":960,\"height\":720},{\"@type\":\"BreadcrumbList\",\"@id\":\"https:\\\/\\\/www.itakaescolapios.org\\\/fr\\\/2018\\\/04\\\/portugues-formacao-de-primeiros-socorros\\\/#breadcrumb\",\"itemListElement\":[{\"@type\":\"ListItem\",\"position\":1,\"name\":\"Itaka-Escolapios\",\"item\":\"https:\\\/\\\/www.itakaescolapios.org\\\/es\\\/\"},{\"@type\":\"ListItem\",\"position\":2,\"name\":\"FORMACI\u00d3N EN PRIMEROS AUXILIOS\"}]},{\"@type\":\"WebSite\",\"@id\":\"https:\\\/\\\/www.itakaescolapios.org\\\/fr\\\/es\\\/#website\",\"url\":\"https:\\\/\\\/www.itakaescolapios.org\\\/fr\\\/es\\\/\",\"name\":\"Itaka-Escolapios\",\"description\":\"Red de Itaka-Escolapios\",\"publisher\":{\"@id\":\"https:\\\/\\\/www.itakaescolapios.org\\\/fr\\\/es\\\/#organization\"},\"potentialAction\":[{\"@type\":\"SearchAction\",\"target\":{\"@type\":\"EntryPoint\",\"urlTemplate\":\"https:\\\/\\\/www.itakaescolapios.org\\\/fr\\\/es\\\/?s={search_term_string}\"},\"query-input\":{\"@type\":\"PropertyValueSpecification\",\"valueRequired\":true,\"valueName\":\"search_term_string\"}}],\"inLanguage\":\"fr-FR\"},{\"@type\":\"Organization\",\"@id\":\"https:\\\/\\\/www.itakaescolapios.org\\\/fr\\\/es\\\/#organization\",\"name\":\"Fundaci\u00f3 Itaka-Escolapios\",\"url\":\"https:\\\/\\\/www.itakaescolapios.org\\\/fr\\\/es\\\/\",\"logo\":{\"@type\":\"ImageObject\",\"inLanguage\":\"fr-FR\",\"@id\":\"https:\\\/\\\/www.itakaescolapios.org\\\/fr\\\/es\\\/#\\\/schema\\\/logo\\\/image\\\/\",\"url\":\"https:\\\/\\\/www.itakaescolapios.org\\\/wp-content\\\/uploads\\\/2024\\\/04\\\/Logo-itakaescolapios-peque.png\",\"contentUrl\":\"https:\\\/\\\/www.itakaescolapios.org\\\/wp-content\\\/uploads\\\/2024\\\/04\\\/Logo-itakaescolapios-peque.png\",\"width\":500,\"height\":199,\"caption\":\"Fundaci\u00f3 Itaka-Escolapios\"},\"image\":{\"@id\":\"https:\\\/\\\/www.itakaescolapios.org\\\/fr\\\/es\\\/#\\\/schema\\\/logo\\\/image\\\/\"}},{\"@type\":\"Person\",\"@id\":\"https:\\\/\\\/www.itakaescolapios.org\\\/es\\\/#\\\/schema\\\/person\\\/9c761c62049293fc36e6c91e429de3d5\",\"name\":\"brasil03\",\"url\":\"https:\\\/\\\/www.itakaescolapios.org\\\/fr\\\/author\\\/brasil03\\\/\"}]}<\/script>\n<!-- \/ Yoast SEO plugin. -->","yoast_head_json":{"title":"FORMACI\u00d3N EN PRIMEROS AUXILIOS","description":"Con el objetivo de tener conocimiento en primeros auxilios, la Obra Social Itaka - Escolapios, juntamente con el Cuerpo de Bomberos, llevar\u00e1 adelante una formaci\u00f3n en este sentido el pr\u00f3ximo 10 de abril.","robots":{"index":"index","follow":"follow","max-snippet":"max-snippet:-1","max-image-preview":"max-image-preview:large","max-video-preview":"max-video-preview:-1"},"canonical":"Con el objetivo de tener conocimiento en primeros auxilios, la Obra Social Itaka - Escolapios, juntamente con el Cuerpo de Bomberos, llevar\u00e1 adelante una formaci\u00f3n en este sentido el pr\u00f3ximo 10 de abril.","og_locale":"fr_FR","og_type":"article","og_title":"FORMACI\u00d3N EN PRIMEROS AUXILIOS","og_description":"Con el objetivo de tener conocimiento en primeros auxilios, la Obra Social Itaka - Escolapios, juntamente con el Cuerpo de Bomberos, llevar\u00e1 adelante una formaci\u00f3n en este sentido el pr\u00f3ximo 10 de abril.","og_url":"https:\/\/www.itakaescolapios.org\/fr\/2018\/04\/portugues-formacao-de-primeiros-socorros\/","og_site_name":"Itaka-Escolapios","article_published_time":"2018-04-06T20:20:33+00:00","article_modified_time":"2023-11-28T11:37:32+00:00","og_image":[{"width":960,"height":720,"url":"https:\/\/www.itakaescolapios.org\/wp-content\/uploads\/2018\/04\/FORMA\u00c7\u00c3O.jpg","type":"image\/jpeg"}],"author":"brasil03","twitter_card":"summary_large_image","twitter_misc":{"\u00c9crit par":"brasil03"},"schema":{"@context":"https:\/\/schema.org","@graph":[{"@type":"Article","@id":"https:\/\/www.itakaescolapios.org\/fr\/2018\/04\/portugues-formacao-de-primeiros-socorros\/#article","isPartOf":{"@id":"https:\/\/www.itakaescolapios.org\/fr\/2018\/04\/portugues-formacao-de-primeiros-socorros\/"},"author":{"name":"brasil03","@id":"https:\/\/www.itakaescolapios.org\/es\/#\/schema\/person\/9c761c62049293fc36e6c91e429de3d5"},"headline":"FORMACI\u00d3N EN PRIMEROS AUXILIOS","datePublished":"2018-04-06T20:20:33+00:00","dateModified":"2023-11-28T11:37:32+00:00","mainEntityOfPage":{"@id":"https:\/\/www.itakaescolapios.org\/fr\/2018\/04\/portugues-formacao-de-primeiros-socorros\/"},"wordCount":39,"publisher":{"@id":"https:\/\/www.itakaescolapios.org\/es\/#organization"},"image":{"@id":"https:\/\/www.itakaescolapios.org\/fr\/2018\/04\/portugues-formacao-de-primeiros-socorros\/#primaryimage"},"thumbnailUrl":"https:\/\/www.itakaescolapios.org\/wp-content\/uploads\/2018\/04\/FORMA\u00c7\u00c3O.jpg","articleSection":["Governador Valadares"],"inLanguage":"fr-FR"},{"@type":"WebPage","@id":"https:\/\/www.itakaescolapios.org\/fr\/2018\/04\/portugues-formacao-de-primeiros-socorros\/","url":"https:\/\/www.itakaescolapios.org\/fr\/2018\/04\/portugues-formacao-de-primeiros-socorros\/","name":"FORMACI\u00d3N EN PRIMEROS AUXILIOS - Itaka-Escolapios","isPartOf":{"@id":"https:\/\/www.itakaescolapios.org\/es\/#website"},"primaryImageOfPage":{"@id":"https:\/\/www.itakaescolapios.org\/fr\/2018\/04\/portugues-formacao-de-primeiros-socorros\/#primaryimage"},"image":{"@id":"https:\/\/www.itakaescolapios.org\/fr\/2018\/04\/portugues-formacao-de-primeiros-socorros\/#primaryimage"},"thumbnailUrl":"https:\/\/www.itakaescolapios.org\/wp-content\/uploads\/2018\/04\/FORMA\u00c7\u00c3O.jpg","datePublished":"2018-04-06T20:20:33+00:00","dateModified":"2023-11-28T11:37:32+00:00","breadcrumb":{"@id":"https:\/\/www.itakaescolapios.org\/fr\/2018\/04\/portugues-formacao-de-primeiros-socorros\/#breadcrumb"},"inLanguage":"fr-FR","potentialAction":[{"@type":"ReadAction","target":["https:\/\/www.itakaescolapios.org\/fr\/2018\/04\/portugues-formacao-de-primeiros-socorros\/"]}]},{"@type":"ImageObject","inLanguage":"fr-FR","@id":"https:\/\/www.itakaescolapios.org\/fr\/2018\/04\/portugues-formacao-de-primeiros-socorros\/#primaryimage","url":"https:\/\/www.itakaescolapios.org\/wp-content\/uploads\/2018\/04\/FORMA\u00c7\u00c3O.jpg","contentUrl":"https:\/\/www.itakaescolapios.org\/wp-content\/uploads\/2018\/04\/FORMA\u00c7\u00c3O.jpg","width":960,"height":720},{"@type":"BreadcrumbList","@id":"https:\/\/www.itakaescolapios.org\/fr\/2018\/04\/portugues-formacao-de-primeiros-socorros\/#breadcrumb","itemListElement":[{"@type":"ListItem","position":1,"name":"Itaka-Escolapios","item":"https:\/\/www.itakaescolapios.org\/es\/"},{"@type":"ListItem","position":2,"name":"FORMACI\u00d3N EN PRIMEROS AUXILIOS"}]},{"@type":"WebSite","@id":"https:\/\/www.itakaescolapios.org\/fr\/es\/#website","url":"https:\/\/www.itakaescolapios.org\/fr\/es\/","name":"Itaka-Escolapios","description":"Red de Itaka-Escolapios","publisher":{"@id":"https:\/\/www.itakaescolapios.org\/fr\/es\/#organization"},"potentialAction":[{"@type":"SearchAction","target":{"@type":"EntryPoint","urlTemplate":"https:\/\/www.itakaescolapios.org\/fr\/es\/?s={search_term_string}"},"query-input":{"@type":"PropertyValueSpecification","valueRequired":true,"valueName":"search_term_string"}}],"inLanguage":"fr-FR"},{"@type":"Organization","@id":"https:\/\/www.itakaescolapios.org\/fr\/es\/#organization","name":"Fundaci\u00f3 Itaka-Escolapios","url":"https:\/\/www.itakaescolapios.org\/fr\/es\/","logo":{"@type":"ImageObject","inLanguage":"fr-FR","@id":"https:\/\/www.itakaescolapios.org\/fr\/es\/#\/schema\/logo\/image\/","url":"https:\/\/www.itakaescolapios.org\/wp-content\/uploads\/2024\/04\/Logo-itakaescolapios-peque.png","contentUrl":"https:\/\/www.itakaescolapios.org\/wp-content\/uploads\/2024\/04\/Logo-itakaescolapios-peque.png","width":500,"height":199,"caption":"Fundaci\u00f3 Itaka-Escolapios"},"image":{"@id":"https:\/\/www.itakaescolapios.org\/fr\/es\/#\/schema\/logo\/image\/"}},{"@type":"Person","@id":"https:\/\/www.itakaescolapios.org\/es\/#\/schema\/person\/9c761c62049293fc36e6c91e429de3d5","name":"brasil03","url":"https:\/\/www.itakaescolapios.org\/fr\/author\/brasil03\/"}]}},"_links":{"self":[{"href":"https:\/\/www.itakaescolapios.org\/fr\/wp-json\/wp\/v2\/posts\/22593","targetHints":{"allow":["GET"]}}],"collection":[{"href":"https:\/\/www.itakaescolapios.org\/fr\/wp-json\/wp\/v2\/posts"}],"about":[{"href":"https:\/\/www.itakaescolapios.org\/fr\/wp-json\/wp\/v2\/types\/post"}],"author":[{"embeddable":true,"href":"https:\/\/www.itakaescolapios.org\/fr\/wp-json\/wp\/v2\/users\/11"}],"replies":[{"embeddable":true,"href":"https:\/\/www.itakaescolapios.org\/fr\/wp-json\/wp\/v2\/comments?post=22593"}],"version-history":[{"count":5,"href":"https:\/\/www.itakaescolapios.org\/fr\/wp-json\/wp\/v2\/posts\/22593\/revisions"}],"predecessor-version":[{"id":46870,"href":"https:\/\/www.itakaescolapios.org\/fr\/wp-json\/wp\/v2\/posts\/22593\/revisions\/46870"}],"wp:featuredmedia":[{"embeddable":true,"href":"https:\/\/www.itakaescolapios.org\/fr\/wp-json\/wp\/v2\/media\/22594"}],"wp:attachment":[{"href":"https:\/\/www.itakaescolapios.org\/fr\/wp-json\/wp\/v2\/media?parent=22593"}],"wp:term":[{"taxonomy":"category","embeddable":true,"href":"https:\/\/www.itakaescolapios.org\/fr\/wp-json\/wp\/v2\/categories?post=22593"},{"taxonomy":"post_tag","embeddable":true,"href":"https:\/\/www.itakaescolapios.org\/fr\/wp-json\/wp\/v2\/tags?post=22593"}],"curies":[{"name":"wp","href":"https:\/\/api.w.org\/{rel}","templated":true}]}}