{"id":22612,"date":"2018-04-10T15:32:21","date_gmt":"2018-04-10T14:32:21","guid":{"rendered":"https:\/\/www.itakaescolapios.org\/?p=22612"},"modified":"2023-11-28T12:37:32","modified_gmt":"2023-11-28T11:37:32","slug":"iii-encuentro-de-voluntariado-en-madrid","status":"publish","type":"post","link":"https:\/\/www.itakaescolapios.org\/fr\/2018\/04\/iii-encuentro-de-voluntariado-en-madrid\/","title":{"rendered":"III ENCUENTRO DE VOLUNTARIADO EN MADRID"},"content":{"rendered":"<p>Este fin de semana pasado, 7 y 8 de abril, nos hemos juntado en Cercedilla 21 personas en el \u00faltimo encuentro formativo de voluntariado V.E.S. del a\u00f1o.<\/p>\n<p>Siguiendo las necesidades que nos planteaban nuestros voluntarios y voluntarias, el hilo conductor de los encuentros de este a\u00f1o ha sido la m\u00fasica y la formaci\u00f3n principal sobre la soluci\u00f3n de conflictos, un tema que nos preocupa y sobre el que siempre hemos tenido inquietud. Aun habi\u00e9ndolo trabajado en otras ocasiones, hemos decidido hacerlo de nuevo desde una perspectiva diferente.<\/p>\n<p>Comenz\u00e1bamos el s\u00e1bado con una oraci\u00f3n que nos situaba a la perfecci\u00f3n con una frase del profeta Hageo \u201cPoned vuestro coraz\u00f3n sobre vuestros caminos\u201d. Directa a lo importante. Despu\u00e9s, a trav\u00e9s de tres momentos diferentes, Marta y Sara fueron gui\u00e1ndonos en la soluci\u00f3n de conflictos situ\u00e1ndonos desde nuestras experiencias personales como voluntarios\/as (\u00bfC\u00f3mo pensamos, sentimos y actuamos ante una situaci\u00f3n de conflicto?) y despu\u00e9s desde la perspectiva del ni\u00f1o\/a para acabar trabajando nuestra propia identidad, el modelo de persona que nos propone Calasanz (\u00bfQu\u00e9 nos define? \u00bfQu\u00e9 rasgos comunes tenemos?). Despu\u00e9s de este intenso trabajo nada mejor que unos juegos de distensi\u00f3n y un cinef\u00f3rum con la pel\u00edcula Fuerte Apache, que trata sobre un centro de acogida de menores.<\/p>\n<p>Cerramos el encuentro el domingo. Antes de la evaluaci\u00f3n reflexionamos sobre el voluntariado como estilo de vida, recuperando la \u201cmelod\u00eda\u201d que quer\u00edamos poner a nuestro compromiso al inicio de curso, haciendo memoria agradecida y proyectando nuestro futuro a partir de lo descubierto en el voluntariado durante el a\u00f1o.<\/p>\n<p>Gracias al equipo de formaci\u00f3n que prepar\u00f3 y dinamiz\u00f3 el encuentro y a todos los voluntarios y voluntarias que participaron en \u00e9l. Gracias, una vez m\u00e1s (aunque seamos repetitivos no nos cansaremos de dec\u00edroslo), por seguir transformando el mundo a trav\u00e9s de la educaci\u00f3n en todos los proyectos que desarrollamos.<\/p>\n<p>&nbsp;<\/p>\n\n\t\t<style type=\"text\/css\">\n\t\t\t#gallery-1 {\n\t\t\t\tmargin: auto;\n\t\t\t}\n\t\t\t#gallery-1 .gallery-item {\n\t\t\t\tfloat: left;\n\t\t\t\tmargin-top: 10px;\n\t\t\t\ttext-align: center;\n\t\t\t\twidth: 33%;\n\t\t\t}\n\t\t\t#gallery-1 img {\n\t\t\t\tborder: 2px solid #cfcfcf;\n\t\t\t}\n\t\t\t#gallery-1 .gallery-caption {\n\t\t\t\tmargin-left: 0;\n\t\t\t}\n\t\t\t\/* see gallery_shortcode() in wp-includes\/media.php *\/\n\t\t<\/style>\n\t\t<div id='gallery-1' class='gallery galleryid-22612 gallery-columns-3 gallery-size-thumbnail'><dl class='gallery-item'>\n\t\t\t<dt class='gallery-icon landscape'>\n\t\t\t\t<a href='https:\/\/www.itakaescolapios.org\/fr\/2018\/04\/iii-encuentro-de-voluntariado-en-madrid\/img-20180408-wa0013\/'><img decoding=\"async\" width=\"90\" height=\"90\" src=\"https:\/\/www.itakaescolapios.org\/wp-content\/uploads\/2018\/04\/IMG-20180408-WA0013-90x90.jpg\" class=\"attachment-thumbnail size-thumbnail\" alt=\"\" \/><\/a>\n\t\t\t<\/dt><\/dl><dl class='gallery-item'>\n\t\t\t<dt class='gallery-icon landscape'>\n\t\t\t\t<a href='https:\/\/www.itakaescolapios.org\/fr\/2018\/04\/iii-encuentro-de-voluntariado-en-madrid\/img_20180407_161946_514\/'><img decoding=\"async\" width=\"90\" height=\"90\" src=\"https:\/\/www.itakaescolapios.org\/wp-content\/uploads\/2018\/04\/IMG_20180407_161946_514-90x90.jpg\" class=\"attachment-thumbnail size-thumbnail\" alt=\"\" \/><\/a>\n\t\t\t<\/dt><\/dl><dl class='gallery-item'>\n\t\t\t<dt class='gallery-icon landscape'>\n\t\t\t\t<a href='https:\/\/www.itakaescolapios.org\/fr\/2018\/04\/iii-encuentro-de-voluntariado-en-madrid\/img-20180408-wa0009\/'><img decoding=\"async\" width=\"90\" height=\"90\" src=\"https:\/\/www.itakaescolapios.org\/wp-content\/uploads\/2018\/04\/IMG-20180408-WA0009-90x90.jpg\" class=\"attachment-thumbnail size-thumbnail\" alt=\"\" \/><\/a>\n\t\t\t<\/dt><\/dl><br style=\"clear: both\" \/><dl class='gallery-item'>\n\t\t\t<dt class='gallery-icon landscape'>\n\t\t\t\t<a href='https:\/\/www.itakaescolapios.org\/fr\/2018\/04\/iii-encuentro-de-voluntariado-en-madrid\/img_20180407_132716_168\/'><img decoding=\"async\" width=\"90\" height=\"90\" src=\"https:\/\/www.itakaescolapios.org\/wp-content\/uploads\/2018\/04\/IMG_20180407_132716_168-90x90.jpg\" class=\"attachment-thumbnail size-thumbnail\" alt=\"\" \/><\/a>\n\t\t\t<\/dt><\/dl><dl class='gallery-item'>\n\t\t\t<dt class='gallery-icon landscape'>\n\t\t\t\t<a href='https:\/\/www.itakaescolapios.org\/fr\/2018\/04\/iii-encuentro-de-voluntariado-en-madrid\/img_20180407_185426_020\/'><img decoding=\"async\" width=\"90\" height=\"90\" src=\"https:\/\/www.itakaescolapios.org\/wp-content\/uploads\/2018\/04\/IMG_20180407_185426_020-90x90.jpg\" class=\"attachment-thumbnail size-thumbnail\" alt=\"\" \/><\/a>\n\t\t\t<\/dt><\/dl><dl class='gallery-item'>\n\t\t\t<dt class='gallery-icon landscape'>\n\t\t\t\t<a href='https:\/\/www.itakaescolapios.org\/fr\/2018\/04\/iii-encuentro-de-voluntariado-en-madrid\/img-20180410-wa0005\/'><img decoding=\"async\" width=\"90\" height=\"90\" src=\"https:\/\/www.itakaescolapios.org\/wp-content\/uploads\/2018\/04\/IMG-20180410-WA0005-90x90.jpg\" class=\"attachment-thumbnail size-thumbnail\" alt=\"\" \/><\/a>\n\t\t\t<\/dt><\/dl><br style=\"clear: both\" \/><dl class='gallery-item'>\n\t\t\t<dt class='gallery-icon landscape'>\n\t\t\t\t<a href='https:\/\/www.itakaescolapios.org\/fr\/2018\/04\/iii-encuentro-de-voluntariado-en-madrid\/img-20180408-wa0003\/'><img decoding=\"async\" width=\"90\" height=\"90\" src=\"https:\/\/www.itakaescolapios.org\/wp-content\/uploads\/2018\/04\/IMG-20180408-WA0003-90x90.jpg\" class=\"attachment-thumbnail size-thumbnail\" alt=\"\" \/><\/a>\n\t\t\t<\/dt><\/dl><dl class='gallery-item'>\n\t\t\t<dt class='gallery-icon landscape'>\n\t\t\t\t<a href='https:\/\/www.itakaescolapios.org\/fr\/2018\/04\/iii-encuentro-de-voluntariado-en-madrid\/img-20180410-wa0006\/'><img decoding=\"async\" width=\"90\" height=\"90\" src=\"https:\/\/www.itakaescolapios.org\/wp-content\/uploads\/2018\/04\/IMG-20180410-WA0006-90x90.jpg\" class=\"attachment-thumbnail size-thumbnail\" alt=\"\" \/><\/a>\n\t\t\t<\/dt><\/dl><dl class='gallery-item'>\n\t\t\t<dt class='gallery-icon portrait'>\n\t\t\t\t<a href='https:\/\/www.itakaescolapios.org\/fr\/2018\/04\/iii-encuentro-de-voluntariado-en-madrid\/img-20180408-wa0006\/'><img decoding=\"async\" width=\"90\" height=\"90\" src=\"https:\/\/www.itakaescolapios.org\/wp-content\/uploads\/2018\/04\/IMG-20180408-WA0006-90x90.jpg\" class=\"attachment-thumbnail size-thumbnail\" alt=\"\" \/><\/a>\n\t\t\t<\/dt><\/dl><br style=\"clear: both\" \/>\n\t\t<\/div>\n\n","protected":false},"excerpt":{"rendered":"<p>Este fin de semana pasado, 7 y 8 de abril, nos hemos juntado en Cercedilla 21 personas en el \u00faltimo encuentro formativo de voluntariado V.E.S. del a\u00f1o. Siguiendo las necesidades [&hellip;]<\/p>\n","protected":false},"author":48,"featured_media":22619,"comment_status":"closed","ping_status":"closed","sticky":false,"template":"","format":"standard","meta":{"_et_pb_use_builder":"","_et_pb_old_content":"","_et_gb_content_width":"","footnotes":""},"categories":[146],"tags":[],"class_list":["post-22612","post","type-post","status-publish","format-standard","has-post-thumbnail","hentry","category-madrid"],"yoast_head":"<!-- This site is optimized with the Yoast SEO plugin v27.4 - https:\/\/yoast.com\/product\/yoast-seo-wordpress\/ -->\n<title>III ENCUENTRO DE VOLUNTARIADO EN MADRID<\/title>\n<meta name=\"description\" content=\"Este fin de semana pasado, 7 y 8 de abril, nos hemos juntado en Cercedilla 21 personas en el \u00faltimo encuentro formativo de voluntariado V.E.S. del a\u00f1o. Siguiendo las necesidades que nos planteaban nuestros voluntarios y voluntarias, el hilo conductor de los encuentros de este a\u00f1o ha sido la m\u00fasica y la formaci\u00f3n principal sobre\u2026\" \/>\n<meta name=\"robots\" content=\"index, follow, max-snippet:-1, max-image-preview:large, max-video-preview:-1\" \/>\n<link rel=\"canonical\" href=\"http:\/\/Este%20fin%20de%20semana%20pasado,%207%20y%208%20de%20abril,%20nos%20hemos%20juntado%20en%20Cercedilla%2021%20personas%20en%20el%20\u00faltimo%20encuentro%20formativo%20de%20voluntariado%20V.E.S.%20del%20a\u00f1o.%20Siguiendo%20las%20necesidades%20que%20nos%20planteaban%20nuestros%20voluntarios%20y%20voluntarias,%20el%20hilo%20conductor%20de%20los%20encuentros%20de%20este%20a\u00f1o%20ha%20sido%20la%20m\u00fasica%20y%20la%20formaci\u00f3n%20principal%20sobre\u2026\" \/>\n<meta property=\"og:locale\" content=\"fr_FR\" \/>\n<meta property=\"og:type\" content=\"article\" \/>\n<meta property=\"og:title\" content=\"III ENCUENTRO DE VOLUNTARIADO EN MADRID\" \/>\n<meta property=\"og:description\" content=\"Este fin de semana pasado, 7 y 8 de abril, nos hemos juntado en Cercedilla 21 personas en el \u00faltimo encuentro formativo de voluntariado V.E.S. del a\u00f1o. Siguiendo las necesidades que nos planteaban nuestros voluntarios y voluntarias, el hilo conductor de los encuentros de este a\u00f1o ha sido la m\u00fasica y la formaci\u00f3n principal sobre\u2026\" \/>\n<meta property=\"og:url\" content=\"https:\/\/www.itakaescolapios.org\/fr\/2018\/04\/iii-encuentro-de-voluntariado-en-madrid\/\" \/>\n<meta property=\"og:site_name\" content=\"Itaka-Escolapios\" \/>\n<meta property=\"article:published_time\" content=\"2018-04-10T14:32:21+00:00\" \/>\n<meta property=\"article:modified_time\" content=\"2023-11-28T11:37:32+00:00\" \/>\n<meta property=\"og:image\" content=\"https:\/\/www.itakaescolapios.org\/wp-content\/uploads\/2018\/04\/IMG-20180408-WA0013.jpg\" \/>\n\t<meta property=\"og:image:width\" content=\"1600\" \/>\n\t<meta property=\"og:image:height\" content=\"1050\" \/>\n\t<meta property=\"og:image:type\" content=\"image\/jpeg\" \/>\n<meta name=\"author\" content=\"madrid01\" \/>\n<meta name=\"twitter:card\" content=\"summary_large_image\" \/>\n<meta name=\"twitter:label1\" content=\"\u00c9crit par\" \/>\n\t<meta name=\"twitter:data1\" content=\"madrid01\" \/>\n\t<meta name=\"twitter:label2\" content=\"Dur\u00e9e de lecture estim\u00e9e\" \/>\n\t<meta name=\"twitter:data2\" content=\"2 minutes\" \/>\n<script type=\"application\/ld+json\" class=\"yoast-schema-graph\">{\"@context\":\"https:\\\/\\\/schema.org\",\"@graph\":[{\"@type\":\"Article\",\"@id\":\"https:\\\/\\\/www.itakaescolapios.org\\\/fr\\\/2018\\\/04\\\/iii-encuentro-de-voluntariado-en-madrid\\\/#article\",\"isPartOf\":{\"@id\":\"https:\\\/\\\/www.itakaescolapios.org\\\/fr\\\/2018\\\/04\\\/iii-encuentro-de-voluntariado-en-madrid\\\/\"},\"author\":{\"name\":\"madrid01\",\"@id\":\"https:\\\/\\\/www.itakaescolapios.org\\\/es\\\/#\\\/schema\\\/person\\\/bcd60d18d9795d0e978153a567a2edcb\"},\"headline\":\"III ENCUENTRO DE VOLUNTARIADO EN MADRID\",\"datePublished\":\"2018-04-10T14:32:21+00:00\",\"dateModified\":\"2023-11-28T11:37:32+00:00\",\"mainEntityOfPage\":{\"@id\":\"https:\\\/\\\/www.itakaescolapios.org\\\/fr\\\/2018\\\/04\\\/iii-encuentro-de-voluntariado-en-madrid\\\/\"},\"wordCount\":347,\"publisher\":{\"@id\":\"https:\\\/\\\/www.itakaescolapios.org\\\/es\\\/#organization\"},\"image\":{\"@id\":\"https:\\\/\\\/www.itakaescolapios.org\\\/fr\\\/2018\\\/04\\\/iii-encuentro-de-voluntariado-en-madrid\\\/#primaryimage\"},\"thumbnailUrl\":\"https:\\\/\\\/www.itakaescolapios.org\\\/wp-content\\\/uploads\\\/2018\\\/04\\\/IMG-20180408-WA0013.jpg\",\"articleSection\":[\"Madrid\"],\"inLanguage\":\"fr-FR\"},{\"@type\":\"WebPage\",\"@id\":\"https:\\\/\\\/www.itakaescolapios.org\\\/fr\\\/2018\\\/04\\\/iii-encuentro-de-voluntariado-en-madrid\\\/\",\"url\":\"https:\\\/\\\/www.itakaescolapios.org\\\/fr\\\/2018\\\/04\\\/iii-encuentro-de-voluntariado-en-madrid\\\/\",\"name\":\"III ENCUENTRO DE VOLUNTARIADO EN MADRID - Itaka-Escolapios\",\"isPartOf\":{\"@id\":\"https:\\\/\\\/www.itakaescolapios.org\\\/es\\\/#website\"},\"primaryImageOfPage\":{\"@id\":\"https:\\\/\\\/www.itakaescolapios.org\\\/fr\\\/2018\\\/04\\\/iii-encuentro-de-voluntariado-en-madrid\\\/#primaryimage\"},\"image\":{\"@id\":\"https:\\\/\\\/www.itakaescolapios.org\\\/fr\\\/2018\\\/04\\\/iii-encuentro-de-voluntariado-en-madrid\\\/#primaryimage\"},\"thumbnailUrl\":\"https:\\\/\\\/www.itakaescolapios.org\\\/wp-content\\\/uploads\\\/2018\\\/04\\\/IMG-20180408-WA0013.jpg\",\"datePublished\":\"2018-04-10T14:32:21+00:00\",\"dateModified\":\"2023-11-28T11:37:32+00:00\",\"breadcrumb\":{\"@id\":\"https:\\\/\\\/www.itakaescolapios.org\\\/fr\\\/2018\\\/04\\\/iii-encuentro-de-voluntariado-en-madrid\\\/#breadcrumb\"},\"inLanguage\":\"fr-FR\",\"potentialAction\":[{\"@type\":\"ReadAction\",\"target\":[\"https:\\\/\\\/www.itakaescolapios.org\\\/fr\\\/2018\\\/04\\\/iii-encuentro-de-voluntariado-en-madrid\\\/\"]}]},{\"@type\":\"ImageObject\",\"inLanguage\":\"fr-FR\",\"@id\":\"https:\\\/\\\/www.itakaescolapios.org\\\/fr\\\/2018\\\/04\\\/iii-encuentro-de-voluntariado-en-madrid\\\/#primaryimage\",\"url\":\"https:\\\/\\\/www.itakaescolapios.org\\\/wp-content\\\/uploads\\\/2018\\\/04\\\/IMG-20180408-WA0013.jpg\",\"contentUrl\":\"https:\\\/\\\/www.itakaescolapios.org\\\/wp-content\\\/uploads\\\/2018\\\/04\\\/IMG-20180408-WA0013.jpg\",\"width\":1600,\"height\":1050},{\"@type\":\"BreadcrumbList\",\"@id\":\"https:\\\/\\\/www.itakaescolapios.org\\\/fr\\\/2018\\\/04\\\/iii-encuentro-de-voluntariado-en-madrid\\\/#breadcrumb\",\"itemListElement\":[{\"@type\":\"ListItem\",\"position\":1,\"name\":\"Itaka-Escolapios\",\"item\":\"https:\\\/\\\/www.itakaescolapios.org\\\/es\\\/\"},{\"@type\":\"ListItem\",\"position\":2,\"name\":\"III ENCUENTRO DE VOLUNTARIADO EN MADRID\"}]},{\"@type\":\"WebSite\",\"@id\":\"https:\\\/\\\/www.itakaescolapios.org\\\/fr\\\/es\\\/#website\",\"url\":\"https:\\\/\\\/www.itakaescolapios.org\\\/fr\\\/es\\\/\",\"name\":\"Itaka-Escolapios\",\"description\":\"Red de Itaka-Escolapios\",\"publisher\":{\"@id\":\"https:\\\/\\\/www.itakaescolapios.org\\\/fr\\\/es\\\/#organization\"},\"potentialAction\":[{\"@type\":\"SearchAction\",\"target\":{\"@type\":\"EntryPoint\",\"urlTemplate\":\"https:\\\/\\\/www.itakaescolapios.org\\\/fr\\\/es\\\/?s={search_term_string}\"},\"query-input\":{\"@type\":\"PropertyValueSpecification\",\"valueRequired\":true,\"valueName\":\"search_term_string\"}}],\"inLanguage\":\"fr-FR\"},{\"@type\":\"Organization\",\"@id\":\"https:\\\/\\\/www.itakaescolapios.org\\\/fr\\\/es\\\/#organization\",\"name\":\"Fundaci\u00f3 Itaka-Escolapios\",\"url\":\"https:\\\/\\\/www.itakaescolapios.org\\\/fr\\\/es\\\/\",\"logo\":{\"@type\":\"ImageObject\",\"inLanguage\":\"fr-FR\",\"@id\":\"https:\\\/\\\/www.itakaescolapios.org\\\/fr\\\/es\\\/#\\\/schema\\\/logo\\\/image\\\/\",\"url\":\"https:\\\/\\\/www.itakaescolapios.org\\\/wp-content\\\/uploads\\\/2024\\\/04\\\/Logo-itakaescolapios-peque.png\",\"contentUrl\":\"https:\\\/\\\/www.itakaescolapios.org\\\/wp-content\\\/uploads\\\/2024\\\/04\\\/Logo-itakaescolapios-peque.png\",\"width\":500,\"height\":199,\"caption\":\"Fundaci\u00f3 Itaka-Escolapios\"},\"image\":{\"@id\":\"https:\\\/\\\/www.itakaescolapios.org\\\/fr\\\/es\\\/#\\\/schema\\\/logo\\\/image\\\/\"}},{\"@type\":\"Person\",\"@id\":\"https:\\\/\\\/www.itakaescolapios.org\\\/es\\\/#\\\/schema\\\/person\\\/bcd60d18d9795d0e978153a567a2edcb\",\"name\":\"madrid01\",\"url\":\"https:\\\/\\\/www.itakaescolapios.org\\\/fr\\\/author\\\/madrid01\\\/\"}]}<\/script>\n<!-- \/ Yoast SEO plugin. -->","yoast_head_json":{"title":"III ENCUENTRO DE VOLUNTARIADO EN MADRID","description":"Este fin de semana pasado, 7 y 8 de abril, nos hemos juntado en Cercedilla 21 personas en el \u00faltimo encuentro formativo de voluntariado V.E.S. del a\u00f1o. Siguiendo las necesidades que nos planteaban nuestros voluntarios y voluntarias, el hilo conductor de los encuentros de este a\u00f1o ha sido la m\u00fasica y la formaci\u00f3n principal sobre\u2026","robots":{"index":"index","follow":"follow","max-snippet":"max-snippet:-1","max-image-preview":"max-image-preview:large","max-video-preview":"max-video-preview:-1"},"canonical":"Este fin de semana pasado, 7 y 8 de abril, nos hemos juntado en Cercedilla 21 personas en el \u00faltimo encuentro formativo de voluntariado V.E.S. del a\u00f1o. Siguiendo las necesidades que nos planteaban nuestros voluntarios y voluntarias, el hilo conductor de los encuentros de este a\u00f1o ha sido la m\u00fasica y la formaci\u00f3n principal sobre\u2026","og_locale":"fr_FR","og_type":"article","og_title":"III ENCUENTRO DE VOLUNTARIADO EN MADRID","og_description":"Este fin de semana pasado, 7 y 8 de abril, nos hemos juntado en Cercedilla 21 personas en el \u00faltimo encuentro formativo de voluntariado V.E.S. del a\u00f1o. Siguiendo las necesidades que nos planteaban nuestros voluntarios y voluntarias, el hilo conductor de los encuentros de este a\u00f1o ha sido la m\u00fasica y la formaci\u00f3n principal sobre\u2026","og_url":"https:\/\/www.itakaescolapios.org\/fr\/2018\/04\/iii-encuentro-de-voluntariado-en-madrid\/","og_site_name":"Itaka-Escolapios","article_published_time":"2018-04-10T14:32:21+00:00","article_modified_time":"2023-11-28T11:37:32+00:00","og_image":[{"width":1600,"height":1050,"url":"https:\/\/www.itakaescolapios.org\/wp-content\/uploads\/2018\/04\/IMG-20180408-WA0013.jpg","type":"image\/jpeg"}],"author":"madrid01","twitter_card":"summary_large_image","twitter_misc":{"\u00c9crit par":"madrid01","Dur\u00e9e de lecture estim\u00e9e":"2 minutes"},"schema":{"@context":"https:\/\/schema.org","@graph":[{"@type":"Article","@id":"https:\/\/www.itakaescolapios.org\/fr\/2018\/04\/iii-encuentro-de-voluntariado-en-madrid\/#article","isPartOf":{"@id":"https:\/\/www.itakaescolapios.org\/fr\/2018\/04\/iii-encuentro-de-voluntariado-en-madrid\/"},"author":{"name":"madrid01","@id":"https:\/\/www.itakaescolapios.org\/es\/#\/schema\/person\/bcd60d18d9795d0e978153a567a2edcb"},"headline":"III ENCUENTRO DE VOLUNTARIADO EN MADRID","datePublished":"2018-04-10T14:32:21+00:00","dateModified":"2023-11-28T11:37:32+00:00","mainEntityOfPage":{"@id":"https:\/\/www.itakaescolapios.org\/fr\/2018\/04\/iii-encuentro-de-voluntariado-en-madrid\/"},"wordCount":347,"publisher":{"@id":"https:\/\/www.itakaescolapios.org\/es\/#organization"},"image":{"@id":"https:\/\/www.itakaescolapios.org\/fr\/2018\/04\/iii-encuentro-de-voluntariado-en-madrid\/#primaryimage"},"thumbnailUrl":"https:\/\/www.itakaescolapios.org\/wp-content\/uploads\/2018\/04\/IMG-20180408-WA0013.jpg","articleSection":["Madrid"],"inLanguage":"fr-FR"},{"@type":"WebPage","@id":"https:\/\/www.itakaescolapios.org\/fr\/2018\/04\/iii-encuentro-de-voluntariado-en-madrid\/","url":"https:\/\/www.itakaescolapios.org\/fr\/2018\/04\/iii-encuentro-de-voluntariado-en-madrid\/","name":"III ENCUENTRO DE VOLUNTARIADO EN MADRID - Itaka-Escolapios","isPartOf":{"@id":"https:\/\/www.itakaescolapios.org\/es\/#website"},"primaryImageOfPage":{"@id":"https:\/\/www.itakaescolapios.org\/fr\/2018\/04\/iii-encuentro-de-voluntariado-en-madrid\/#primaryimage"},"image":{"@id":"https:\/\/www.itakaescolapios.org\/fr\/2018\/04\/iii-encuentro-de-voluntariado-en-madrid\/#primaryimage"},"thumbnailUrl":"https:\/\/www.itakaescolapios.org\/wp-content\/uploads\/2018\/04\/IMG-20180408-WA0013.jpg","datePublished":"2018-04-10T14:32:21+00:00","dateModified":"2023-11-28T11:37:32+00:00","breadcrumb":{"@id":"https:\/\/www.itakaescolapios.org\/fr\/2018\/04\/iii-encuentro-de-voluntariado-en-madrid\/#breadcrumb"},"inLanguage":"fr-FR","potentialAction":[{"@type":"ReadAction","target":["https:\/\/www.itakaescolapios.org\/fr\/2018\/04\/iii-encuentro-de-voluntariado-en-madrid\/"]}]},{"@type":"ImageObject","inLanguage":"fr-FR","@id":"https:\/\/www.itakaescolapios.org\/fr\/2018\/04\/iii-encuentro-de-voluntariado-en-madrid\/#primaryimage","url":"https:\/\/www.itakaescolapios.org\/wp-content\/uploads\/2018\/04\/IMG-20180408-WA0013.jpg","contentUrl":"https:\/\/www.itakaescolapios.org\/wp-content\/uploads\/2018\/04\/IMG-20180408-WA0013.jpg","width":1600,"height":1050},{"@type":"BreadcrumbList","@id":"https:\/\/www.itakaescolapios.org\/fr\/2018\/04\/iii-encuentro-de-voluntariado-en-madrid\/#breadcrumb","itemListElement":[{"@type":"ListItem","position":1,"name":"Itaka-Escolapios","item":"https:\/\/www.itakaescolapios.org\/es\/"},{"@type":"ListItem","position":2,"name":"III ENCUENTRO DE VOLUNTARIADO EN MADRID"}]},{"@type":"WebSite","@id":"https:\/\/www.itakaescolapios.org\/fr\/es\/#website","url":"https:\/\/www.itakaescolapios.org\/fr\/es\/","name":"Itaka-Escolapios","description":"Red de Itaka-Escolapios","publisher":{"@id":"https:\/\/www.itakaescolapios.org\/fr\/es\/#organization"},"potentialAction":[{"@type":"SearchAction","target":{"@type":"EntryPoint","urlTemplate":"https:\/\/www.itakaescolapios.org\/fr\/es\/?s={search_term_string}"},"query-input":{"@type":"PropertyValueSpecification","valueRequired":true,"valueName":"search_term_string"}}],"inLanguage":"fr-FR"},{"@type":"Organization","@id":"https:\/\/www.itakaescolapios.org\/fr\/es\/#organization","name":"Fundaci\u00f3 Itaka-Escolapios","url":"https:\/\/www.itakaescolapios.org\/fr\/es\/","logo":{"@type":"ImageObject","inLanguage":"fr-FR","@id":"https:\/\/www.itakaescolapios.org\/fr\/es\/#\/schema\/logo\/image\/","url":"https:\/\/www.itakaescolapios.org\/wp-content\/uploads\/2024\/04\/Logo-itakaescolapios-peque.png","contentUrl":"https:\/\/www.itakaescolapios.org\/wp-content\/uploads\/2024\/04\/Logo-itakaescolapios-peque.png","width":500,"height":199,"caption":"Fundaci\u00f3 Itaka-Escolapios"},"image":{"@id":"https:\/\/www.itakaescolapios.org\/fr\/es\/#\/schema\/logo\/image\/"}},{"@type":"Person","@id":"https:\/\/www.itakaescolapios.org\/es\/#\/schema\/person\/bcd60d18d9795d0e978153a567a2edcb","name":"madrid01","url":"https:\/\/www.itakaescolapios.org\/fr\/author\/madrid01\/"}]}},"_links":{"self":[{"href":"https:\/\/www.itakaescolapios.org\/fr\/wp-json\/wp\/v2\/posts\/22612","targetHints":{"allow":["GET"]}}],"collection":[{"href":"https:\/\/www.itakaescolapios.org\/fr\/wp-json\/wp\/v2\/posts"}],"about":[{"href":"https:\/\/www.itakaescolapios.org\/fr\/wp-json\/wp\/v2\/types\/post"}],"author":[{"embeddable":true,"href":"https:\/\/www.itakaescolapios.org\/fr\/wp-json\/wp\/v2\/users\/48"}],"replies":[{"embeddable":true,"href":"https:\/\/www.itakaescolapios.org\/fr\/wp-json\/wp\/v2\/comments?post=22612"}],"version-history":[{"count":7,"href":"https:\/\/www.itakaescolapios.org\/fr\/wp-json\/wp\/v2\/posts\/22612\/revisions"}],"predecessor-version":[{"id":46860,"href":"https:\/\/www.itakaescolapios.org\/fr\/wp-json\/wp\/v2\/posts\/22612\/revisions\/46860"}],"wp:featuredmedia":[{"embeddable":true,"href":"https:\/\/www.itakaescolapios.org\/fr\/wp-json\/wp\/v2\/media\/22619"}],"wp:attachment":[{"href":"https:\/\/www.itakaescolapios.org\/fr\/wp-json\/wp\/v2\/media?parent=22612"}],"wp:term":[{"taxonomy":"category","embeddable":true,"href":"https:\/\/www.itakaescolapios.org\/fr\/wp-json\/wp\/v2\/categories?post=22612"},{"taxonomy":"post_tag","embeddable":true,"href":"https:\/\/www.itakaescolapios.org\/fr\/wp-json\/wp\/v2\/tags?post=22612"}],"curies":[{"name":"wp","href":"https:\/\/api.w.org\/{rel}","templated":true}]}}