{"id":23280,"date":"2018-05-14T13:47:23","date_gmt":"2018-05-14T12:47:23","guid":{"rendered":"https:\/\/www.itakaescolapios.org\/?p=23280"},"modified":"2023-11-28T12:37:28","modified_gmt":"2023-11-28T11:37:28","slug":"portugues-bazar-em-prol-do-projeto-luz-do-morro","status":"publish","type":"post","link":"https:\/\/www.itakaescolapios.org\/fr\/2018\/05\/portugues-bazar-em-prol-do-projeto-luz-do-morro\/","title":{"rendered":"BAZAR PARA EL PROYECTO \"LUZ DO MORRO\""},"content":{"rendered":"<p>Este \u00faltimo s\u00e1bado se llev\u00f3 a cabo en la Comunidad N. Sra. das Gra\u00e7as, un bazar para el proyecto \u00ab\u00a0Luz do Morro\u00a0\u00bb consistente en la atenci\u00f3n semanal a ni\u00f1os, ni\u00f1as y adolescentes del Morro de Querosene en Governador Valadares.<\/p>\n<p>Agradecemos la colaboraci\u00f3n de quienes participan en este evento.<\/p>\n","protected":false},"excerpt":{"rendered":"<p>Este \u00faltimo s\u00e1bado se llev\u00f3 a cabo en la Comunidad N. Sra. das Gra\u00e7as, un bazar para el proyecto \u00ab\u00a0Luz do Morro\u00a0\u00bb consistente en la atenci\u00f3n semanal a ni\u00f1os, ni\u00f1as [&hellip;]<\/p>\n","protected":false},"author":11,"featured_media":23281,"comment_status":"closed","ping_status":"closed","sticky":false,"template":"","format":"standard","meta":{"_et_pb_use_builder":"","_et_pb_old_content":"","_et_gb_content_width":"","footnotes":""},"categories":[16],"tags":[],"class_list":["post-23280","post","type-post","status-publish","format-standard","has-post-thumbnail","hentry","category-governador-valadares"],"yoast_head":"<!-- This site is optimized with the Yoast SEO plugin v27.4 - https:\/\/yoast.com\/product\/yoast-seo-wordpress\/ -->\n<title>BAZAR PARA EL PROYECTO &quot;LUZ DO MORRO&quot;<\/title>\n<meta name=\"description\" content=\"Este \u00faltimo s\u00e1bado se llev\u00f3 a cabo en la Comunidad N. Sra. das Gra\u00e7as, un bazar para el proyecto &quot;Luz do Morro&quot; consistente en la atenci\u00f3n semanal a ni\u00f1os, ni\u00f1as y adolescentes del Morro de Querosene en Governador Valadares. Agradecemos la colaboraci\u00f3n de quienes participan en este evento.\" \/>\n<meta name=\"robots\" content=\"index, follow, max-snippet:-1, max-image-preview:large, max-video-preview:-1\" \/>\n<link rel=\"canonical\" href=\"http:\/\/Este%20\u00faltimo%20s\u00e1bado%20se%20llev\u00f3%20a%20cabo%20en%20la%20Comunidad%20N.%20Sra.%20das%20Gra\u00e7as,%20un%20bazar%20para%20el%20proyecto%20Luz%20do%20Morro%20consistente%20en%20la%20atenci\u00f3n%20semanal%20a%20ni\u00f1os,%20ni\u00f1as%20y%20adolescentes%20del%20Morro%20de%20Querosene%20en%20Governador%20Valadares.%20Agradecemos%20la%20colaboraci\u00f3n%20de%20quienes%20participan%20en%20este%20evento.\" \/>\n<meta property=\"og:locale\" content=\"fr_FR\" \/>\n<meta property=\"og:type\" content=\"article\" \/>\n<meta property=\"og:title\" content=\"BAZAR PARA EL PROYECTO &quot;LUZ DO MORRO&quot;\" \/>\n<meta property=\"og:description\" content=\"Este \u00faltimo s\u00e1bado se llev\u00f3 a cabo en la Comunidad N. Sra. das Gra\u00e7as, un bazar para el proyecto &quot;Luz do Morro&quot; consistente en la atenci\u00f3n semanal a ni\u00f1os, ni\u00f1as y adolescentes del Morro de Querosene en Governador Valadares. Agradecemos la colaboraci\u00f3n de quienes participan en este evento.\" \/>\n<meta property=\"og:url\" content=\"https:\/\/www.itakaescolapios.org\/fr\/2018\/05\/portugues-bazar-em-prol-do-projeto-luz-do-morro\/\" \/>\n<meta property=\"og:site_name\" content=\"Itaka-Escolapios\" \/>\n<meta property=\"article:published_time\" content=\"2018-05-14T12:47:23+00:00\" \/>\n<meta property=\"article:modified_time\" content=\"2023-11-28T11:37:28+00:00\" \/>\n<meta property=\"og:image\" content=\"https:\/\/www.itakaescolapios.org\/wp-content\/uploads\/2018\/05\/IMG_5656.jpg\" \/>\n\t<meta property=\"og:image:width\" content=\"2000\" \/>\n\t<meta property=\"og:image:height\" content=\"1500\" \/>\n\t<meta property=\"og:image:type\" content=\"image\/jpeg\" \/>\n<meta name=\"author\" content=\"brasil03\" \/>\n<meta name=\"twitter:card\" content=\"summary_large_image\" \/>\n<meta name=\"twitter:label1\" content=\"\u00c9crit par\" \/>\n\t<meta name=\"twitter:data1\" content=\"brasil03\" \/>\n<script type=\"application\/ld+json\" class=\"yoast-schema-graph\">{\"@context\":\"https:\\\/\\\/schema.org\",\"@graph\":[{\"@type\":\"Article\",\"@id\":\"https:\\\/\\\/www.itakaescolapios.org\\\/fr\\\/2018\\\/05\\\/portugues-bazar-em-prol-do-projeto-luz-do-morro\\\/#article\",\"isPartOf\":{\"@id\":\"https:\\\/\\\/www.itakaescolapios.org\\\/fr\\\/2018\\\/05\\\/portugues-bazar-em-prol-do-projeto-luz-do-morro\\\/\"},\"author\":{\"name\":\"brasil03\",\"@id\":\"https:\\\/\\\/www.itakaescolapios.org\\\/es\\\/#\\\/schema\\\/person\\\/9c761c62049293fc36e6c91e429de3d5\"},\"headline\":\"BAZAR PARA EL PROYECTO \\\"LUZ DO MORRO\\\"\",\"datePublished\":\"2018-05-14T12:47:23+00:00\",\"dateModified\":\"2023-11-28T11:37:28+00:00\",\"mainEntityOfPage\":{\"@id\":\"https:\\\/\\\/www.itakaescolapios.org\\\/fr\\\/2018\\\/05\\\/portugues-bazar-em-prol-do-projeto-luz-do-morro\\\/\"},\"wordCount\":61,\"publisher\":{\"@id\":\"https:\\\/\\\/www.itakaescolapios.org\\\/es\\\/#organization\"},\"image\":{\"@id\":\"https:\\\/\\\/www.itakaescolapios.org\\\/fr\\\/2018\\\/05\\\/portugues-bazar-em-prol-do-projeto-luz-do-morro\\\/#primaryimage\"},\"thumbnailUrl\":\"https:\\\/\\\/www.itakaescolapios.org\\\/wp-content\\\/uploads\\\/2018\\\/05\\\/IMG_5656.jpg\",\"articleSection\":[\"Governador Valadares\"],\"inLanguage\":\"fr-FR\"},{\"@type\":\"WebPage\",\"@id\":\"https:\\\/\\\/www.itakaescolapios.org\\\/fr\\\/2018\\\/05\\\/portugues-bazar-em-prol-do-projeto-luz-do-morro\\\/\",\"url\":\"https:\\\/\\\/www.itakaescolapios.org\\\/fr\\\/2018\\\/05\\\/portugues-bazar-em-prol-do-projeto-luz-do-morro\\\/\",\"name\":\"BAZAR PARA EL PROYECTO \\\"LUZ DO MORRO\\\" - Itaka-Escolapios\",\"isPartOf\":{\"@id\":\"https:\\\/\\\/www.itakaescolapios.org\\\/es\\\/#website\"},\"primaryImageOfPage\":{\"@id\":\"https:\\\/\\\/www.itakaescolapios.org\\\/fr\\\/2018\\\/05\\\/portugues-bazar-em-prol-do-projeto-luz-do-morro\\\/#primaryimage\"},\"image\":{\"@id\":\"https:\\\/\\\/www.itakaescolapios.org\\\/fr\\\/2018\\\/05\\\/portugues-bazar-em-prol-do-projeto-luz-do-morro\\\/#primaryimage\"},\"thumbnailUrl\":\"https:\\\/\\\/www.itakaescolapios.org\\\/wp-content\\\/uploads\\\/2018\\\/05\\\/IMG_5656.jpg\",\"datePublished\":\"2018-05-14T12:47:23+00:00\",\"dateModified\":\"2023-11-28T11:37:28+00:00\",\"breadcrumb\":{\"@id\":\"https:\\\/\\\/www.itakaescolapios.org\\\/fr\\\/2018\\\/05\\\/portugues-bazar-em-prol-do-projeto-luz-do-morro\\\/#breadcrumb\"},\"inLanguage\":\"fr-FR\",\"potentialAction\":[{\"@type\":\"ReadAction\",\"target\":[\"https:\\\/\\\/www.itakaescolapios.org\\\/fr\\\/2018\\\/05\\\/portugues-bazar-em-prol-do-projeto-luz-do-morro\\\/\"]}]},{\"@type\":\"ImageObject\",\"inLanguage\":\"fr-FR\",\"@id\":\"https:\\\/\\\/www.itakaescolapios.org\\\/fr\\\/2018\\\/05\\\/portugues-bazar-em-prol-do-projeto-luz-do-morro\\\/#primaryimage\",\"url\":\"https:\\\/\\\/www.itakaescolapios.org\\\/wp-content\\\/uploads\\\/2018\\\/05\\\/IMG_5656.jpg\",\"contentUrl\":\"https:\\\/\\\/www.itakaescolapios.org\\\/wp-content\\\/uploads\\\/2018\\\/05\\\/IMG_5656.jpg\",\"width\":2000,\"height\":1500},{\"@type\":\"BreadcrumbList\",\"@id\":\"https:\\\/\\\/www.itakaescolapios.org\\\/fr\\\/2018\\\/05\\\/portugues-bazar-em-prol-do-projeto-luz-do-morro\\\/#breadcrumb\",\"itemListElement\":[{\"@type\":\"ListItem\",\"position\":1,\"name\":\"Itaka-Escolapios\",\"item\":\"https:\\\/\\\/www.itakaescolapios.org\\\/es\\\/\"},{\"@type\":\"ListItem\",\"position\":2,\"name\":\"BAZAR PARA EL PROYECTO \\\"LUZ DO MORRO\\\"\"}]},{\"@type\":\"WebSite\",\"@id\":\"https:\\\/\\\/www.itakaescolapios.org\\\/fr\\\/es\\\/#website\",\"url\":\"https:\\\/\\\/www.itakaescolapios.org\\\/fr\\\/es\\\/\",\"name\":\"Itaka-Escolapios\",\"description\":\"Red de Itaka-Escolapios\",\"publisher\":{\"@id\":\"https:\\\/\\\/www.itakaescolapios.org\\\/fr\\\/es\\\/#organization\"},\"potentialAction\":[{\"@type\":\"SearchAction\",\"target\":{\"@type\":\"EntryPoint\",\"urlTemplate\":\"https:\\\/\\\/www.itakaescolapios.org\\\/fr\\\/es\\\/?s={search_term_string}\"},\"query-input\":{\"@type\":\"PropertyValueSpecification\",\"valueRequired\":true,\"valueName\":\"search_term_string\"}}],\"inLanguage\":\"fr-FR\"},{\"@type\":\"Organization\",\"@id\":\"https:\\\/\\\/www.itakaescolapios.org\\\/fr\\\/es\\\/#organization\",\"name\":\"Fundaci\u00f3 Itaka-Escolapios\",\"url\":\"https:\\\/\\\/www.itakaescolapios.org\\\/fr\\\/es\\\/\",\"logo\":{\"@type\":\"ImageObject\",\"inLanguage\":\"fr-FR\",\"@id\":\"https:\\\/\\\/www.itakaescolapios.org\\\/fr\\\/es\\\/#\\\/schema\\\/logo\\\/image\\\/\",\"url\":\"https:\\\/\\\/www.itakaescolapios.org\\\/wp-content\\\/uploads\\\/2024\\\/04\\\/Logo-itakaescolapios-peque.png\",\"contentUrl\":\"https:\\\/\\\/www.itakaescolapios.org\\\/wp-content\\\/uploads\\\/2024\\\/04\\\/Logo-itakaescolapios-peque.png\",\"width\":500,\"height\":199,\"caption\":\"Fundaci\u00f3 Itaka-Escolapios\"},\"image\":{\"@id\":\"https:\\\/\\\/www.itakaescolapios.org\\\/fr\\\/es\\\/#\\\/schema\\\/logo\\\/image\\\/\"}},{\"@type\":\"Person\",\"@id\":\"https:\\\/\\\/www.itakaescolapios.org\\\/es\\\/#\\\/schema\\\/person\\\/9c761c62049293fc36e6c91e429de3d5\",\"name\":\"brasil03\",\"url\":\"https:\\\/\\\/www.itakaescolapios.org\\\/fr\\\/author\\\/brasil03\\\/\"}]}<\/script>\n<!-- \/ Yoast SEO plugin. -->","yoast_head_json":{"title":"BAZAR PARA EL PROYECTO \"LUZ DO MORRO\"","description":"Este \u00faltimo s\u00e1bado se llev\u00f3 a cabo en la Comunidad N. Sra. das Gra\u00e7as, un bazar para el proyecto \"Luz do Morro\" consistente en la atenci\u00f3n semanal a ni\u00f1os, ni\u00f1as y adolescentes del Morro de Querosene en Governador Valadares. Agradecemos la colaboraci\u00f3n de quienes participan en este evento.","robots":{"index":"index","follow":"follow","max-snippet":"max-snippet:-1","max-image-preview":"max-image-preview:large","max-video-preview":"max-video-preview:-1"},"canonical":"Este \u00faltimo s\u00e1bado se llev\u00f3 a cabo en la Comunidad N. Sra. das Gra\u00e7as, un bazar para el proyecto \"Luz do Morro\" consistente en la atenci\u00f3n semanal a ni\u00f1os, ni\u00f1as y adolescentes del Morro de Querosene en Governador Valadares. Agradecemos la colaboraci\u00f3n de quienes participan en este evento.","og_locale":"fr_FR","og_type":"article","og_title":"BAZAR PARA EL PROYECTO \"LUZ DO MORRO\"","og_description":"Este \u00faltimo s\u00e1bado se llev\u00f3 a cabo en la Comunidad N. Sra. das Gra\u00e7as, un bazar para el proyecto \"Luz do Morro\" consistente en la atenci\u00f3n semanal a ni\u00f1os, ni\u00f1as y adolescentes del Morro de Querosene en Governador Valadares. Agradecemos la colaboraci\u00f3n de quienes participan en este evento.","og_url":"https:\/\/www.itakaescolapios.org\/fr\/2018\/05\/portugues-bazar-em-prol-do-projeto-luz-do-morro\/","og_site_name":"Itaka-Escolapios","article_published_time":"2018-05-14T12:47:23+00:00","article_modified_time":"2023-11-28T11:37:28+00:00","og_image":[{"width":2000,"height":1500,"url":"https:\/\/www.itakaescolapios.org\/wp-content\/uploads\/2018\/05\/IMG_5656.jpg","type":"image\/jpeg"}],"author":"brasil03","twitter_card":"summary_large_image","twitter_misc":{"\u00c9crit par":"brasil03"},"schema":{"@context":"https:\/\/schema.org","@graph":[{"@type":"Article","@id":"https:\/\/www.itakaescolapios.org\/fr\/2018\/05\/portugues-bazar-em-prol-do-projeto-luz-do-morro\/#article","isPartOf":{"@id":"https:\/\/www.itakaescolapios.org\/fr\/2018\/05\/portugues-bazar-em-prol-do-projeto-luz-do-morro\/"},"author":{"name":"brasil03","@id":"https:\/\/www.itakaescolapios.org\/es\/#\/schema\/person\/9c761c62049293fc36e6c91e429de3d5"},"headline":"BAZAR PARA EL PROYECTO \"LUZ DO MORRO\"","datePublished":"2018-05-14T12:47:23+00:00","dateModified":"2023-11-28T11:37:28+00:00","mainEntityOfPage":{"@id":"https:\/\/www.itakaescolapios.org\/fr\/2018\/05\/portugues-bazar-em-prol-do-projeto-luz-do-morro\/"},"wordCount":61,"publisher":{"@id":"https:\/\/www.itakaescolapios.org\/es\/#organization"},"image":{"@id":"https:\/\/www.itakaescolapios.org\/fr\/2018\/05\/portugues-bazar-em-prol-do-projeto-luz-do-morro\/#primaryimage"},"thumbnailUrl":"https:\/\/www.itakaescolapios.org\/wp-content\/uploads\/2018\/05\/IMG_5656.jpg","articleSection":["Governador Valadares"],"inLanguage":"fr-FR"},{"@type":"WebPage","@id":"https:\/\/www.itakaescolapios.org\/fr\/2018\/05\/portugues-bazar-em-prol-do-projeto-luz-do-morro\/","url":"https:\/\/www.itakaescolapios.org\/fr\/2018\/05\/portugues-bazar-em-prol-do-projeto-luz-do-morro\/","name":"BAZAR PARA EL PROYECTO \"LUZ DO MORRO\" - Itaka-Escolapios","isPartOf":{"@id":"https:\/\/www.itakaescolapios.org\/es\/#website"},"primaryImageOfPage":{"@id":"https:\/\/www.itakaescolapios.org\/fr\/2018\/05\/portugues-bazar-em-prol-do-projeto-luz-do-morro\/#primaryimage"},"image":{"@id":"https:\/\/www.itakaescolapios.org\/fr\/2018\/05\/portugues-bazar-em-prol-do-projeto-luz-do-morro\/#primaryimage"},"thumbnailUrl":"https:\/\/www.itakaescolapios.org\/wp-content\/uploads\/2018\/05\/IMG_5656.jpg","datePublished":"2018-05-14T12:47:23+00:00","dateModified":"2023-11-28T11:37:28+00:00","breadcrumb":{"@id":"https:\/\/www.itakaescolapios.org\/fr\/2018\/05\/portugues-bazar-em-prol-do-projeto-luz-do-morro\/#breadcrumb"},"inLanguage":"fr-FR","potentialAction":[{"@type":"ReadAction","target":["https:\/\/www.itakaescolapios.org\/fr\/2018\/05\/portugues-bazar-em-prol-do-projeto-luz-do-morro\/"]}]},{"@type":"ImageObject","inLanguage":"fr-FR","@id":"https:\/\/www.itakaescolapios.org\/fr\/2018\/05\/portugues-bazar-em-prol-do-projeto-luz-do-morro\/#primaryimage","url":"https:\/\/www.itakaescolapios.org\/wp-content\/uploads\/2018\/05\/IMG_5656.jpg","contentUrl":"https:\/\/www.itakaescolapios.org\/wp-content\/uploads\/2018\/05\/IMG_5656.jpg","width":2000,"height":1500},{"@type":"BreadcrumbList","@id":"https:\/\/www.itakaescolapios.org\/fr\/2018\/05\/portugues-bazar-em-prol-do-projeto-luz-do-morro\/#breadcrumb","itemListElement":[{"@type":"ListItem","position":1,"name":"Itaka-Escolapios","item":"https:\/\/www.itakaescolapios.org\/es\/"},{"@type":"ListItem","position":2,"name":"BAZAR PARA EL PROYECTO \"LUZ DO MORRO\""}]},{"@type":"WebSite","@id":"https:\/\/www.itakaescolapios.org\/fr\/es\/#website","url":"https:\/\/www.itakaescolapios.org\/fr\/es\/","name":"Itaka-Escolapios","description":"Red de Itaka-Escolapios","publisher":{"@id":"https:\/\/www.itakaescolapios.org\/fr\/es\/#organization"},"potentialAction":[{"@type":"SearchAction","target":{"@type":"EntryPoint","urlTemplate":"https:\/\/www.itakaescolapios.org\/fr\/es\/?s={search_term_string}"},"query-input":{"@type":"PropertyValueSpecification","valueRequired":true,"valueName":"search_term_string"}}],"inLanguage":"fr-FR"},{"@type":"Organization","@id":"https:\/\/www.itakaescolapios.org\/fr\/es\/#organization","name":"Fundaci\u00f3 Itaka-Escolapios","url":"https:\/\/www.itakaescolapios.org\/fr\/es\/","logo":{"@type":"ImageObject","inLanguage":"fr-FR","@id":"https:\/\/www.itakaescolapios.org\/fr\/es\/#\/schema\/logo\/image\/","url":"https:\/\/www.itakaescolapios.org\/wp-content\/uploads\/2024\/04\/Logo-itakaescolapios-peque.png","contentUrl":"https:\/\/www.itakaescolapios.org\/wp-content\/uploads\/2024\/04\/Logo-itakaescolapios-peque.png","width":500,"height":199,"caption":"Fundaci\u00f3 Itaka-Escolapios"},"image":{"@id":"https:\/\/www.itakaescolapios.org\/fr\/es\/#\/schema\/logo\/image\/"}},{"@type":"Person","@id":"https:\/\/www.itakaescolapios.org\/es\/#\/schema\/person\/9c761c62049293fc36e6c91e429de3d5","name":"brasil03","url":"https:\/\/www.itakaescolapios.org\/fr\/author\/brasil03\/"}]}},"_links":{"self":[{"href":"https:\/\/www.itakaescolapios.org\/fr\/wp-json\/wp\/v2\/posts\/23280","targetHints":{"allow":["GET"]}}],"collection":[{"href":"https:\/\/www.itakaescolapios.org\/fr\/wp-json\/wp\/v2\/posts"}],"about":[{"href":"https:\/\/www.itakaescolapios.org\/fr\/wp-json\/wp\/v2\/types\/post"}],"author":[{"embeddable":true,"href":"https:\/\/www.itakaescolapios.org\/fr\/wp-json\/wp\/v2\/users\/11"}],"replies":[{"embeddable":true,"href":"https:\/\/www.itakaescolapios.org\/fr\/wp-json\/wp\/v2\/comments?post=23280"}],"version-history":[{"count":7,"href":"https:\/\/www.itakaescolapios.org\/fr\/wp-json\/wp\/v2\/posts\/23280\/revisions"}],"predecessor-version":[{"id":46726,"href":"https:\/\/www.itakaescolapios.org\/fr\/wp-json\/wp\/v2\/posts\/23280\/revisions\/46726"}],"wp:featuredmedia":[{"embeddable":true,"href":"https:\/\/www.itakaescolapios.org\/fr\/wp-json\/wp\/v2\/media\/23281"}],"wp:attachment":[{"href":"https:\/\/www.itakaescolapios.org\/fr\/wp-json\/wp\/v2\/media?parent=23280"}],"wp:term":[{"taxonomy":"category","embeddable":true,"href":"https:\/\/www.itakaescolapios.org\/fr\/wp-json\/wp\/v2\/categories?post=23280"},{"taxonomy":"post_tag","embeddable":true,"href":"https:\/\/www.itakaescolapios.org\/fr\/wp-json\/wp\/v2\/tags?post=23280"}],"curies":[{"name":"wp","href":"https:\/\/api.w.org\/{rel}","templated":true}]}}