{"id":23645,"date":"2018-06-06T18:51:03","date_gmt":"2018-06-06T17:51:03","guid":{"rendered":"https:\/\/www.itakaescolapios.org\/?p=23645"},"modified":"2023-11-28T12:37:24","modified_gmt":"2023-11-28T11:37:24","slug":"portugues-valor-do-mes-de-maio","status":"publish","type":"post","link":"https:\/\/www.itakaescolapios.org\/fr\/2018\/06\/portugues-valor-do-mes-de-maio\/","title":{"rendered":""},"content":{"rendered":"<p style=\"text-align: justify\">Dentro do planejamento do Projeto Jornada Ampliada, durante todo o m\u00eas de maio realizamos v\u00e1rias atividades tendo como eixo direcionador o valor do m\u00eas AMOR, tais como leitura da f\u00e1bula O verdadeiro amor, leitura e interpreta\u00e7\u00e3o oral de vers\u00edculos b\u00edblicos, confeccionamos cartazes com alguns vers\u00edculos, conto e reconto das hist\u00f3rias \u201cQual \u00e9 a cor do Amor?\u201d e \u201cA fam\u00edlia \u00e9 feita de amor.\u201d Trabalhamos a m\u00fasica ABC do amor, realizamos rodas de conversa sobre a import\u00e2ncia do amor ao pr\u00f3ximo, pinturas, desenhos, cart\u00f5es, trabalhos manuais e atividades tecnol\u00f3gicas. Realizaremos ainda no pr\u00f3ximo dia 6 de junho o encerramento do tema com uma noite de apresenta\u00e7\u00f5es musicais, dan\u00e7as e conta\u00e7\u00e3o de hist\u00f3ria. Neste momento estar\u00e3o pessoas que as crian\u00e7as escolheram como sendo algu\u00e9m que eles amam muito.<\/p>\n","protected":false},"excerpt":{"rendered":"<p>Dentro do planejamento do Projeto Jornada Ampliada, durante todo o m\u00eas de maio realizamos v\u00e1rias atividades tendo como eixo direcionador o valor do m\u00eas AMOR, tais como leitura da f\u00e1bula [&hellip;]<\/p>\n","protected":false},"author":11,"featured_media":23646,"comment_status":"closed","ping_status":"closed","sticky":false,"template":"","format":"standard","meta":{"_et_pb_use_builder":"","_et_pb_old_content":"","_et_gb_content_width":"","footnotes":""},"categories":[16],"tags":[],"class_list":["post-23645","post","type-post","status-publish","format-standard","has-post-thumbnail","hentry","category-governador-valadares"],"yoast_head":"<!-- This site is optimized with the Yoast SEO plugin v27.4 - https:\/\/yoast.com\/product\/yoast-seo-wordpress\/ -->\n<title>- Itaka-Escolapios<\/title>\n<meta name=\"description\" content=\"Dentro do planejamento do Projeto Jornada Ampliada, durante todo o m\u00eas de maio realizamos v\u00e1rias atividades tendo como eixo direcionador o valor do m\u00eas AMOR, tais como leitura da f\u00e1bula O verdadeiro amor, leitura e interpreta\u00e7\u00e3o oral de vers\u00edculos b\u00edblicos, confeccionamos cartazes com alguns vers\u00edculos, conto e reconto das hist\u00f3rias \u201cQual \u00e9 a cor do\u2026\" \/>\n<meta name=\"robots\" content=\"index, follow, max-snippet:-1, max-image-preview:large, max-video-preview:-1\" \/>\n<link rel=\"canonical\" href=\"http:\/\/Dentro%20do%20planejamento%20do%20Projeto%20Jornada%20Ampliada,%20durante%20todo%20o%20m\u00eas%20de%20maio%20realizamos%20v\u00e1rias%20atividades%20tendo%20como%20eixo%20direcionador%20o%20valor%20do%20m\u00eas%20AMOR,%20tais%20como%20leitura%20da%20f\u00e1bula%20O%20verdadeiro%20amor,%20leitura%20e%20interpreta\u00e7\u00e3o%20oral%20de%20vers\u00edculos%20b\u00edblicos,%20confeccionamos%20cartazes%20com%20alguns%20vers\u00edculos,%20conto%20e%20reconto%20das%20hist\u00f3rias%20\u201cQual%20\u00e9%20a%20cor%20do\u2026\" \/>\n<meta property=\"og:locale\" content=\"fr_FR\" \/>\n<meta property=\"og:type\" content=\"article\" \/>\n<meta property=\"og:title\" content=\"- Itaka-Escolapios\" \/>\n<meta property=\"og:description\" content=\"Dentro do planejamento do Projeto Jornada Ampliada, durante todo o m\u00eas de maio realizamos v\u00e1rias atividades tendo como eixo direcionador o valor do m\u00eas AMOR, tais como leitura da f\u00e1bula O verdadeiro amor, leitura e interpreta\u00e7\u00e3o oral de vers\u00edculos b\u00edblicos, confeccionamos cartazes com alguns vers\u00edculos, conto e reconto das hist\u00f3rias \u201cQual \u00e9 a cor do\u2026\" \/>\n<meta property=\"og:url\" content=\"https:\/\/www.itakaescolapios.org\/fr\/2018\/06\/portugues-valor-do-mes-de-maio\/\" \/>\n<meta property=\"og:site_name\" content=\"Itaka-Escolapios\" \/>\n<meta property=\"article:published_time\" content=\"2018-06-06T17:51:03+00:00\" \/>\n<meta property=\"article:modified_time\" content=\"2023-11-28T11:37:24+00:00\" \/>\n<meta property=\"og:image\" content=\"https:\/\/www.itakaescolapios.org\/wp-content\/uploads\/2018\/06\/IMG_5965.jpg\" \/>\n\t<meta property=\"og:image:width\" content=\"2000\" \/>\n\t<meta property=\"og:image:height\" content=\"1500\" \/>\n\t<meta property=\"og:image:type\" content=\"image\/jpeg\" \/>\n<meta name=\"author\" content=\"brasil03\" \/>\n<meta name=\"twitter:card\" content=\"summary_large_image\" \/>\n<meta name=\"twitter:label1\" content=\"\u00c9crit par\" \/>\n\t<meta name=\"twitter:data1\" content=\"brasil03\" \/>\n\t<meta name=\"twitter:label2\" content=\"Dur\u00e9e de lecture estim\u00e9e\" \/>\n\t<meta name=\"twitter:data2\" content=\"1 minute\" \/>\n<script type=\"application\/ld+json\" class=\"yoast-schema-graph\">{\"@context\":\"https:\\\/\\\/schema.org\",\"@graph\":[{\"@type\":\"Article\",\"@id\":\"https:\\\/\\\/www.itakaescolapios.org\\\/fr\\\/2018\\\/06\\\/portugues-valor-do-mes-de-maio\\\/#article\",\"isPartOf\":{\"@id\":\"https:\\\/\\\/www.itakaescolapios.org\\\/fr\\\/2018\\\/06\\\/portugues-valor-do-mes-de-maio\\\/\"},\"author\":{\"name\":\"brasil03\",\"@id\":\"https:\\\/\\\/www.itakaescolapios.org\\\/es\\\/#\\\/schema\\\/person\\\/9c761c62049293fc36e6c91e429de3d5\"},\"headline\":\"Aucun titre\",\"datePublished\":\"2018-06-06T17:51:03+00:00\",\"dateModified\":\"2023-11-28T11:37:24+00:00\",\"mainEntityOfPage\":{\"@id\":\"https:\\\/\\\/www.itakaescolapios.org\\\/fr\\\/2018\\\/06\\\/portugues-valor-do-mes-de-maio\\\/\"},\"wordCount\":146,\"publisher\":{\"@id\":\"https:\\\/\\\/www.itakaescolapios.org\\\/es\\\/#organization\"},\"image\":{\"@id\":\"https:\\\/\\\/www.itakaescolapios.org\\\/fr\\\/2018\\\/06\\\/portugues-valor-do-mes-de-maio\\\/#primaryimage\"},\"thumbnailUrl\":\"https:\\\/\\\/www.itakaescolapios.org\\\/wp-content\\\/uploads\\\/2018\\\/06\\\/IMG_5965.jpg\",\"articleSection\":[\"Governador Valadares\"],\"inLanguage\":\"fr-FR\"},{\"@type\":\"WebPage\",\"@id\":\"https:\\\/\\\/www.itakaescolapios.org\\\/fr\\\/2018\\\/06\\\/portugues-valor-do-mes-de-maio\\\/\",\"url\":\"https:\\\/\\\/www.itakaescolapios.org\\\/fr\\\/2018\\\/06\\\/portugues-valor-do-mes-de-maio\\\/\",\"name\":\"- Itaka-Escolapios\",\"isPartOf\":{\"@id\":\"https:\\\/\\\/www.itakaescolapios.org\\\/es\\\/#website\"},\"primaryImageOfPage\":{\"@id\":\"https:\\\/\\\/www.itakaescolapios.org\\\/fr\\\/2018\\\/06\\\/portugues-valor-do-mes-de-maio\\\/#primaryimage\"},\"image\":{\"@id\":\"https:\\\/\\\/www.itakaescolapios.org\\\/fr\\\/2018\\\/06\\\/portugues-valor-do-mes-de-maio\\\/#primaryimage\"},\"thumbnailUrl\":\"https:\\\/\\\/www.itakaescolapios.org\\\/wp-content\\\/uploads\\\/2018\\\/06\\\/IMG_5965.jpg\",\"datePublished\":\"2018-06-06T17:51:03+00:00\",\"dateModified\":\"2023-11-28T11:37:24+00:00\",\"inLanguage\":\"fr-FR\",\"potentialAction\":[{\"@type\":\"ReadAction\",\"target\":[\"https:\\\/\\\/www.itakaescolapios.org\\\/fr\\\/2018\\\/06\\\/portugues-valor-do-mes-de-maio\\\/\"]}]},{\"@type\":\"ImageObject\",\"inLanguage\":\"fr-FR\",\"@id\":\"https:\\\/\\\/www.itakaescolapios.org\\\/fr\\\/2018\\\/06\\\/portugues-valor-do-mes-de-maio\\\/#primaryimage\",\"url\":\"https:\\\/\\\/www.itakaescolapios.org\\\/wp-content\\\/uploads\\\/2018\\\/06\\\/IMG_5965.jpg\",\"contentUrl\":\"https:\\\/\\\/www.itakaescolapios.org\\\/wp-content\\\/uploads\\\/2018\\\/06\\\/IMG_5965.jpg\",\"width\":2000,\"height\":1500},{\"@type\":\"WebSite\",\"@id\":\"https:\\\/\\\/www.itakaescolapios.org\\\/fr\\\/es\\\/#website\",\"url\":\"https:\\\/\\\/www.itakaescolapios.org\\\/fr\\\/es\\\/\",\"name\":\"Itaka-Escolapios\",\"description\":\"Red de Itaka-Escolapios\",\"publisher\":{\"@id\":\"https:\\\/\\\/www.itakaescolapios.org\\\/fr\\\/es\\\/#organization\"},\"potentialAction\":[{\"@type\":\"SearchAction\",\"target\":{\"@type\":\"EntryPoint\",\"urlTemplate\":\"https:\\\/\\\/www.itakaescolapios.org\\\/fr\\\/es\\\/?s={search_term_string}\"},\"query-input\":{\"@type\":\"PropertyValueSpecification\",\"valueRequired\":true,\"valueName\":\"search_term_string\"}}],\"inLanguage\":\"fr-FR\"},{\"@type\":\"Organization\",\"@id\":\"https:\\\/\\\/www.itakaescolapios.org\\\/fr\\\/es\\\/#organization\",\"name\":\"Fundaci\u00f3 Itaka-Escolapios\",\"url\":\"https:\\\/\\\/www.itakaescolapios.org\\\/fr\\\/es\\\/\",\"logo\":{\"@type\":\"ImageObject\",\"inLanguage\":\"fr-FR\",\"@id\":\"https:\\\/\\\/www.itakaescolapios.org\\\/fr\\\/es\\\/#\\\/schema\\\/logo\\\/image\\\/\",\"url\":\"https:\\\/\\\/www.itakaescolapios.org\\\/wp-content\\\/uploads\\\/2024\\\/04\\\/Logo-itakaescolapios-peque.png\",\"contentUrl\":\"https:\\\/\\\/www.itakaescolapios.org\\\/wp-content\\\/uploads\\\/2024\\\/04\\\/Logo-itakaescolapios-peque.png\",\"width\":500,\"height\":199,\"caption\":\"Fundaci\u00f3 Itaka-Escolapios\"},\"image\":{\"@id\":\"https:\\\/\\\/www.itakaescolapios.org\\\/fr\\\/es\\\/#\\\/schema\\\/logo\\\/image\\\/\"}},{\"@type\":\"Person\",\"@id\":\"https:\\\/\\\/www.itakaescolapios.org\\\/es\\\/#\\\/schema\\\/person\\\/9c761c62049293fc36e6c91e429de3d5\",\"name\":\"brasil03\",\"url\":\"https:\\\/\\\/www.itakaescolapios.org\\\/fr\\\/author\\\/brasil03\\\/\"}]}<\/script>\n<!-- \/ Yoast SEO plugin. -->","yoast_head_json":{"title":"- Itaka-Escolapios","description":"Dentro do planejamento do Projeto Jornada Ampliada, durante todo o m\u00eas de maio realizamos v\u00e1rias atividades tendo como eixo direcionador o valor do m\u00eas AMOR, tais como leitura da f\u00e1bula O verdadeiro amor, leitura e interpreta\u00e7\u00e3o oral de vers\u00edculos b\u00edblicos, confeccionamos cartazes com alguns vers\u00edculos, conto e reconto das hist\u00f3rias \u201cQual \u00e9 a cor do\u2026","robots":{"index":"index","follow":"follow","max-snippet":"max-snippet:-1","max-image-preview":"max-image-preview:large","max-video-preview":"max-video-preview:-1"},"canonical":"Dentro do planejamento do Projeto Jornada Ampliada, durante todo o m\u00eas de maio realizamos v\u00e1rias atividades tendo como eixo direcionador o valor do m\u00eas AMOR, tais como leitura da f\u00e1bula O verdadeiro amor, leitura e interpreta\u00e7\u00e3o oral de vers\u00edculos b\u00edblicos, confeccionamos cartazes com alguns vers\u00edculos, conto e reconto das hist\u00f3rias \u201cQual \u00e9 a cor do\u2026","og_locale":"fr_FR","og_type":"article","og_title":"- Itaka-Escolapios","og_description":"Dentro do planejamento do Projeto Jornada Ampliada, durante todo o m\u00eas de maio realizamos v\u00e1rias atividades tendo como eixo direcionador o valor do m\u00eas AMOR, tais como leitura da f\u00e1bula O verdadeiro amor, leitura e interpreta\u00e7\u00e3o oral de vers\u00edculos b\u00edblicos, confeccionamos cartazes com alguns vers\u00edculos, conto e reconto das hist\u00f3rias \u201cQual \u00e9 a cor do\u2026","og_url":"https:\/\/www.itakaescolapios.org\/fr\/2018\/06\/portugues-valor-do-mes-de-maio\/","og_site_name":"Itaka-Escolapios","article_published_time":"2018-06-06T17:51:03+00:00","article_modified_time":"2023-11-28T11:37:24+00:00","og_image":[{"width":2000,"height":1500,"url":"https:\/\/www.itakaescolapios.org\/wp-content\/uploads\/2018\/06\/IMG_5965.jpg","type":"image\/jpeg"}],"author":"brasil03","twitter_card":"summary_large_image","twitter_misc":{"\u00c9crit par":"brasil03","Dur\u00e9e de lecture estim\u00e9e":"1 minute"},"schema":{"@context":"https:\/\/schema.org","@graph":[{"@type":"Article","@id":"https:\/\/www.itakaescolapios.org\/fr\/2018\/06\/portugues-valor-do-mes-de-maio\/#article","isPartOf":{"@id":"https:\/\/www.itakaescolapios.org\/fr\/2018\/06\/portugues-valor-do-mes-de-maio\/"},"author":{"name":"brasil03","@id":"https:\/\/www.itakaescolapios.org\/es\/#\/schema\/person\/9c761c62049293fc36e6c91e429de3d5"},"headline":"Aucun titre","datePublished":"2018-06-06T17:51:03+00:00","dateModified":"2023-11-28T11:37:24+00:00","mainEntityOfPage":{"@id":"https:\/\/www.itakaescolapios.org\/fr\/2018\/06\/portugues-valor-do-mes-de-maio\/"},"wordCount":146,"publisher":{"@id":"https:\/\/www.itakaescolapios.org\/es\/#organization"},"image":{"@id":"https:\/\/www.itakaescolapios.org\/fr\/2018\/06\/portugues-valor-do-mes-de-maio\/#primaryimage"},"thumbnailUrl":"https:\/\/www.itakaescolapios.org\/wp-content\/uploads\/2018\/06\/IMG_5965.jpg","articleSection":["Governador Valadares"],"inLanguage":"fr-FR"},{"@type":"WebPage","@id":"https:\/\/www.itakaescolapios.org\/fr\/2018\/06\/portugues-valor-do-mes-de-maio\/","url":"https:\/\/www.itakaescolapios.org\/fr\/2018\/06\/portugues-valor-do-mes-de-maio\/","name":"- Itaka-Escolapios","isPartOf":{"@id":"https:\/\/www.itakaescolapios.org\/es\/#website"},"primaryImageOfPage":{"@id":"https:\/\/www.itakaescolapios.org\/fr\/2018\/06\/portugues-valor-do-mes-de-maio\/#primaryimage"},"image":{"@id":"https:\/\/www.itakaescolapios.org\/fr\/2018\/06\/portugues-valor-do-mes-de-maio\/#primaryimage"},"thumbnailUrl":"https:\/\/www.itakaescolapios.org\/wp-content\/uploads\/2018\/06\/IMG_5965.jpg","datePublished":"2018-06-06T17:51:03+00:00","dateModified":"2023-11-28T11:37:24+00:00","inLanguage":"fr-FR","potentialAction":[{"@type":"ReadAction","target":["https:\/\/www.itakaescolapios.org\/fr\/2018\/06\/portugues-valor-do-mes-de-maio\/"]}]},{"@type":"ImageObject","inLanguage":"fr-FR","@id":"https:\/\/www.itakaescolapios.org\/fr\/2018\/06\/portugues-valor-do-mes-de-maio\/#primaryimage","url":"https:\/\/www.itakaescolapios.org\/wp-content\/uploads\/2018\/06\/IMG_5965.jpg","contentUrl":"https:\/\/www.itakaescolapios.org\/wp-content\/uploads\/2018\/06\/IMG_5965.jpg","width":2000,"height":1500},{"@type":"WebSite","@id":"https:\/\/www.itakaescolapios.org\/fr\/es\/#website","url":"https:\/\/www.itakaescolapios.org\/fr\/es\/","name":"Itaka-Escolapios","description":"Red de Itaka-Escolapios","publisher":{"@id":"https:\/\/www.itakaescolapios.org\/fr\/es\/#organization"},"potentialAction":[{"@type":"SearchAction","target":{"@type":"EntryPoint","urlTemplate":"https:\/\/www.itakaescolapios.org\/fr\/es\/?s={search_term_string}"},"query-input":{"@type":"PropertyValueSpecification","valueRequired":true,"valueName":"search_term_string"}}],"inLanguage":"fr-FR"},{"@type":"Organization","@id":"https:\/\/www.itakaescolapios.org\/fr\/es\/#organization","name":"Fundaci\u00f3 Itaka-Escolapios","url":"https:\/\/www.itakaescolapios.org\/fr\/es\/","logo":{"@type":"ImageObject","inLanguage":"fr-FR","@id":"https:\/\/www.itakaescolapios.org\/fr\/es\/#\/schema\/logo\/image\/","url":"https:\/\/www.itakaescolapios.org\/wp-content\/uploads\/2024\/04\/Logo-itakaescolapios-peque.png","contentUrl":"https:\/\/www.itakaescolapios.org\/wp-content\/uploads\/2024\/04\/Logo-itakaescolapios-peque.png","width":500,"height":199,"caption":"Fundaci\u00f3 Itaka-Escolapios"},"image":{"@id":"https:\/\/www.itakaescolapios.org\/fr\/es\/#\/schema\/logo\/image\/"}},{"@type":"Person","@id":"https:\/\/www.itakaescolapios.org\/es\/#\/schema\/person\/9c761c62049293fc36e6c91e429de3d5","name":"brasil03","url":"https:\/\/www.itakaescolapios.org\/fr\/author\/brasil03\/"}]}},"_links":{"self":[{"href":"https:\/\/www.itakaescolapios.org\/fr\/wp-json\/wp\/v2\/posts\/23645","targetHints":{"allow":["GET"]}}],"collection":[{"href":"https:\/\/www.itakaescolapios.org\/fr\/wp-json\/wp\/v2\/posts"}],"about":[{"href":"https:\/\/www.itakaescolapios.org\/fr\/wp-json\/wp\/v2\/types\/post"}],"author":[{"embeddable":true,"href":"https:\/\/www.itakaescolapios.org\/fr\/wp-json\/wp\/v2\/users\/11"}],"replies":[{"embeddable":true,"href":"https:\/\/www.itakaescolapios.org\/fr\/wp-json\/wp\/v2\/comments?post=23645"}],"version-history":[{"count":3,"href":"https:\/\/www.itakaescolapios.org\/fr\/wp-json\/wp\/v2\/posts\/23645\/revisions"}],"predecessor-version":[{"id":46640,"href":"https:\/\/www.itakaescolapios.org\/fr\/wp-json\/wp\/v2\/posts\/23645\/revisions\/46640"}],"wp:featuredmedia":[{"embeddable":true,"href":"https:\/\/www.itakaescolapios.org\/fr\/wp-json\/wp\/v2\/media\/23646"}],"wp:attachment":[{"href":"https:\/\/www.itakaescolapios.org\/fr\/wp-json\/wp\/v2\/media?parent=23645"}],"wp:term":[{"taxonomy":"category","embeddable":true,"href":"https:\/\/www.itakaescolapios.org\/fr\/wp-json\/wp\/v2\/categories?post=23645"},{"taxonomy":"post_tag","embeddable":true,"href":"https:\/\/www.itakaescolapios.org\/fr\/wp-json\/wp\/v2\/tags?post=23645"}],"curies":[{"name":"wp","href":"https:\/\/api.w.org\/{rel}","templated":true}]}}