{"id":23967,"date":"2018-07-01T12:00:39","date_gmt":"2018-07-01T11:00:39","guid":{"rendered":"https:\/\/www.itakaescolapios.org\/?p=23967"},"modified":"2023-11-28T12:37:21","modified_gmt":"2023-11-28T11:37:21","slug":"itaka-escolapios-em-acao-em-gv-brasil","status":"publish","type":"post","link":"https:\/\/www.itakaescolapios.org\/fr\/2018\/07\/itaka-escolapios-em-acao-em-gv-brasil\/","title":{"rendered":"ITAKA - ESCOL\u00c1PIOS EM A\u00c7\u00c3O EM GV - BRASIL"},"content":{"rendered":"<p>Este s\u00e1bado, 30 de junio, se llev\u00f3 a cabo el aconteecimiento \u201cITAKA EN ACCI\u00d3N\u201d, en la sede de la Obra Social Itaka &#8211; Escolapios, localidada en la calle Carlos Chagas, 66, Santa Helena.<br \/>\nEs una inicativa abierta a toda la comunidad y cuenta con el apoyo de estas entidades (CRAS, EBC,FADIVALE, UFJF, CEDEC, NASF,ESF, y muchos coluntarios), ofreciendo a todos los participantes orientaciones jur\u00eddicas, nutricionales, de salud e higiene bucal, corte de pelo, toma de tenci\u00f3n, test de glucosa, pintura facial y muchas m\u00e1s actividades.<br \/>\nEste evento quiere socializar informaciones, aclarar dudas e interaccionar con la comunidad desde Itaka &#8211; Escolapios.<\/p>\n<p>M\u00e1s im\u00e1genes en\u00a0<a href=\"https:\/\/www.facebook.com\/2016878628599301\/photos\/pcb.2215846655369163\/2215839735369855\/?type=3\">https:\/\/www.facebook.com\/2016878628599301\/photos\/pcb.2215846655369163\/2215839735369855\/?type=3<\/a><\/p>\n","protected":false},"excerpt":{"rendered":"<p>Este s\u00e1bado, 30 de junio, se llev\u00f3 a cabo el aconteecimiento \u201cITAKA EN ACCI\u00d3N\u201d, en la sede de la Obra Social Itaka &#8211; Escolapios, localidada en la calle Carlos Chagas, [&hellip;]<\/p>\n","protected":false},"author":4,"featured_media":23968,"comment_status":"closed","ping_status":"closed","sticky":false,"template":"","format":"standard","meta":{"_et_pb_use_builder":"","_et_pb_old_content":"","_et_gb_content_width":"","footnotes":""},"categories":[16],"tags":[],"class_list":["post-23967","post","type-post","status-publish","format-standard","has-post-thumbnail","hentry","category-governador-valadares"],"yoast_head":"<!-- This site is optimized with the Yoast SEO plugin v27.4 - https:\/\/yoast.com\/product\/yoast-seo-wordpress\/ -->\n<title>ITAKA - ESCOL\u00c1PIOS EM A\u00c7\u00c3O EM GV - BRASIL<\/title>\n<meta name=\"description\" content=\"Este s\u00e1bado, 30 de junio, se llev\u00f3 a cabo el aconteecimiento \u201cITAKA EN ACCI\u00d3N\u201d, en la sede de la Obra Social Itaka - Escolapios, localidada en la calle Carlos Chagas, 66, Santa Helena. Es una inicativa abierta a toda la comunidad y cuenta con el apoyo de estas entidades (CRAS, EBC,FADIVALE, UFJF, CEDEC, NASF,ESF, y\u2026\" \/>\n<meta name=\"robots\" content=\"index, follow, max-snippet:-1, max-image-preview:large, max-video-preview:-1\" \/>\n<link rel=\"canonical\" href=\"http:\/\/Este%20s\u00e1bado,%2030%20de%20junio,%20se%20llev\u00f3%20a%20cabo%20el%20aconteecimiento%20\u201cITAKA%20EN%20ACCI\u00d3N\u201d,%20en%20la%20sede%20de%20la%20Obra%20Social%20Itaka%20-%20Escolapios,%20localidada%20en%20la%20calle%20Carlos%20Chagas,%2066,%20Santa%20Helena.%20Es%20una%20inicativa%20abierta%20a%20toda%20la%20comunidad%20y%20cuenta%20con%20el%20apoyo%20de%20estas%20entidades%20(CRAS,%20EBC,FADIVALE,%20UFJF,%20CEDEC,%20NASF,ESF,%20y\u2026\" \/>\n<meta property=\"og:locale\" content=\"fr_FR\" \/>\n<meta property=\"og:type\" content=\"article\" \/>\n<meta property=\"og:title\" content=\"ITAKA - ESCOL\u00c1PIOS EM A\u00c7\u00c3O EM GV - BRASIL\" \/>\n<meta property=\"og:description\" content=\"Este s\u00e1bado, 30 de junio, se llev\u00f3 a cabo el aconteecimiento \u201cITAKA EN ACCI\u00d3N\u201d, en la sede de la Obra Social Itaka - Escolapios, localidada en la calle Carlos Chagas, 66, Santa Helena. Es una inicativa abierta a toda la comunidad y cuenta con el apoyo de estas entidades (CRAS, EBC,FADIVALE, UFJF, CEDEC, NASF,ESF, y\u2026\" \/>\n<meta property=\"og:url\" content=\"https:\/\/www.itakaescolapios.org\/fr\/2018\/07\/itaka-escolapios-em-acao-em-gv-brasil\/\" \/>\n<meta property=\"og:site_name\" content=\"Itaka-Escolapios\" \/>\n<meta property=\"article:published_time\" content=\"2018-07-01T11:00:39+00:00\" \/>\n<meta property=\"article:modified_time\" content=\"2023-11-28T11:37:21+00:00\" \/>\n<meta property=\"og:image\" content=\"https:\/\/www.itakaescolapios.org\/wp-content\/uploads\/2018\/07\/1GV.jpg\" \/>\n\t<meta property=\"og:image:width\" content=\"1760\" \/>\n\t<meta property=\"og:image:height\" content=\"1320\" \/>\n\t<meta property=\"og:image:type\" content=\"image\/jpeg\" \/>\n<meta name=\"author\" content=\"itaka\" \/>\n<meta name=\"twitter:card\" content=\"summary_large_image\" \/>\n<meta name=\"twitter:label1\" content=\"\u00c9crit par\" \/>\n\t<meta name=\"twitter:data1\" content=\"itaka\" \/>\n\t<meta name=\"twitter:label2\" content=\"Dur\u00e9e de lecture estim\u00e9e\" \/>\n\t<meta name=\"twitter:data2\" content=\"1 minute\" \/>\n<script type=\"application\/ld+json\" class=\"yoast-schema-graph\">{\"@context\":\"https:\\\/\\\/schema.org\",\"@graph\":[{\"@type\":\"Article\",\"@id\":\"https:\\\/\\\/www.itakaescolapios.org\\\/fr\\\/2018\\\/07\\\/itaka-escolapios-em-acao-em-gv-brasil\\\/#article\",\"isPartOf\":{\"@id\":\"https:\\\/\\\/www.itakaescolapios.org\\\/fr\\\/2018\\\/07\\\/itaka-escolapios-em-acao-em-gv-brasil\\\/\"},\"author\":{\"name\":\"itaka\",\"@id\":\"https:\\\/\\\/www.itakaescolapios.org\\\/es\\\/#\\\/schema\\\/person\\\/670123daeb1cc31cae1b106740036ccb\"},\"headline\":\"ITAKA - ESCOL\u00c1PIOS EM A\u00c7\u00c3O EM GV - BRASIL\",\"datePublished\":\"2018-07-01T11:00:39+00:00\",\"dateModified\":\"2023-11-28T11:37:21+00:00\",\"mainEntityOfPage\":{\"@id\":\"https:\\\/\\\/www.itakaescolapios.org\\\/fr\\\/2018\\\/07\\\/itaka-escolapios-em-acao-em-gv-brasil\\\/\"},\"wordCount\":129,\"publisher\":{\"@id\":\"https:\\\/\\\/www.itakaescolapios.org\\\/es\\\/#organization\"},\"image\":{\"@id\":\"https:\\\/\\\/www.itakaescolapios.org\\\/fr\\\/2018\\\/07\\\/itaka-escolapios-em-acao-em-gv-brasil\\\/#primaryimage\"},\"thumbnailUrl\":\"https:\\\/\\\/www.itakaescolapios.org\\\/wp-content\\\/uploads\\\/2018\\\/07\\\/1GV.jpg\",\"articleSection\":[\"Governador Valadares\"],\"inLanguage\":\"fr-FR\"},{\"@type\":\"WebPage\",\"@id\":\"https:\\\/\\\/www.itakaescolapios.org\\\/fr\\\/2018\\\/07\\\/itaka-escolapios-em-acao-em-gv-brasil\\\/\",\"url\":\"https:\\\/\\\/www.itakaescolapios.org\\\/fr\\\/2018\\\/07\\\/itaka-escolapios-em-acao-em-gv-brasil\\\/\",\"name\":\"ITAKA - ESCOL\u00c1PIOS EM A\u00c7\u00c3O EM GV - BRASIL - Itaka-Escolapios\",\"isPartOf\":{\"@id\":\"https:\\\/\\\/www.itakaescolapios.org\\\/es\\\/#website\"},\"primaryImageOfPage\":{\"@id\":\"https:\\\/\\\/www.itakaescolapios.org\\\/fr\\\/2018\\\/07\\\/itaka-escolapios-em-acao-em-gv-brasil\\\/#primaryimage\"},\"image\":{\"@id\":\"https:\\\/\\\/www.itakaescolapios.org\\\/fr\\\/2018\\\/07\\\/itaka-escolapios-em-acao-em-gv-brasil\\\/#primaryimage\"},\"thumbnailUrl\":\"https:\\\/\\\/www.itakaescolapios.org\\\/wp-content\\\/uploads\\\/2018\\\/07\\\/1GV.jpg\",\"datePublished\":\"2018-07-01T11:00:39+00:00\",\"dateModified\":\"2023-11-28T11:37:21+00:00\",\"breadcrumb\":{\"@id\":\"https:\\\/\\\/www.itakaescolapios.org\\\/fr\\\/2018\\\/07\\\/itaka-escolapios-em-acao-em-gv-brasil\\\/#breadcrumb\"},\"inLanguage\":\"fr-FR\",\"potentialAction\":[{\"@type\":\"ReadAction\",\"target\":[\"https:\\\/\\\/www.itakaescolapios.org\\\/fr\\\/2018\\\/07\\\/itaka-escolapios-em-acao-em-gv-brasil\\\/\"]}]},{\"@type\":\"ImageObject\",\"inLanguage\":\"fr-FR\",\"@id\":\"https:\\\/\\\/www.itakaescolapios.org\\\/fr\\\/2018\\\/07\\\/itaka-escolapios-em-acao-em-gv-brasil\\\/#primaryimage\",\"url\":\"https:\\\/\\\/www.itakaescolapios.org\\\/wp-content\\\/uploads\\\/2018\\\/07\\\/1GV.jpg\",\"contentUrl\":\"https:\\\/\\\/www.itakaescolapios.org\\\/wp-content\\\/uploads\\\/2018\\\/07\\\/1GV.jpg\",\"width\":1760,\"height\":1320},{\"@type\":\"BreadcrumbList\",\"@id\":\"https:\\\/\\\/www.itakaescolapios.org\\\/fr\\\/2018\\\/07\\\/itaka-escolapios-em-acao-em-gv-brasil\\\/#breadcrumb\",\"itemListElement\":[{\"@type\":\"ListItem\",\"position\":1,\"name\":\"Itaka-Escolapios\",\"item\":\"https:\\\/\\\/www.itakaescolapios.org\\\/es\\\/\"},{\"@type\":\"ListItem\",\"position\":2,\"name\":\"ITAKA - ESCOL\u00c1PIOS EM A\u00c7\u00c3O EM GV - BRASIL\"}]},{\"@type\":\"WebSite\",\"@id\":\"https:\\\/\\\/www.itakaescolapios.org\\\/fr\\\/es\\\/#website\",\"url\":\"https:\\\/\\\/www.itakaescolapios.org\\\/fr\\\/es\\\/\",\"name\":\"Itaka-Escolapios\",\"description\":\"Red de Itaka-Escolapios\",\"publisher\":{\"@id\":\"https:\\\/\\\/www.itakaescolapios.org\\\/fr\\\/es\\\/#organization\"},\"potentialAction\":[{\"@type\":\"SearchAction\",\"target\":{\"@type\":\"EntryPoint\",\"urlTemplate\":\"https:\\\/\\\/www.itakaescolapios.org\\\/fr\\\/es\\\/?s={search_term_string}\"},\"query-input\":{\"@type\":\"PropertyValueSpecification\",\"valueRequired\":true,\"valueName\":\"search_term_string\"}}],\"inLanguage\":\"fr-FR\"},{\"@type\":\"Organization\",\"@id\":\"https:\\\/\\\/www.itakaescolapios.org\\\/fr\\\/es\\\/#organization\",\"name\":\"Fundaci\u00f3 Itaka-Escolapios\",\"url\":\"https:\\\/\\\/www.itakaescolapios.org\\\/fr\\\/es\\\/\",\"logo\":{\"@type\":\"ImageObject\",\"inLanguage\":\"fr-FR\",\"@id\":\"https:\\\/\\\/www.itakaescolapios.org\\\/fr\\\/es\\\/#\\\/schema\\\/logo\\\/image\\\/\",\"url\":\"https:\\\/\\\/www.itakaescolapios.org\\\/wp-content\\\/uploads\\\/2024\\\/04\\\/Logo-itakaescolapios-peque.png\",\"contentUrl\":\"https:\\\/\\\/www.itakaescolapios.org\\\/wp-content\\\/uploads\\\/2024\\\/04\\\/Logo-itakaescolapios-peque.png\",\"width\":500,\"height\":199,\"caption\":\"Fundaci\u00f3 Itaka-Escolapios\"},\"image\":{\"@id\":\"https:\\\/\\\/www.itakaescolapios.org\\\/fr\\\/es\\\/#\\\/schema\\\/logo\\\/image\\\/\"}},{\"@type\":\"Person\",\"@id\":\"https:\\\/\\\/www.itakaescolapios.org\\\/es\\\/#\\\/schema\\\/person\\\/670123daeb1cc31cae1b106740036ccb\",\"name\":\"itaka\",\"url\":\"https:\\\/\\\/www.itakaescolapios.org\\\/fr\\\/author\\\/itaka\\\/\"}]}<\/script>\n<!-- \/ Yoast SEO plugin. -->","yoast_head_json":{"title":"ITAKA - ESCOL\u00c1PIOS EM A\u00c7\u00c3O EM GV - BRASIL","description":"Este s\u00e1bado, 30 de junio, se llev\u00f3 a cabo el aconteecimiento \u201cITAKA EN ACCI\u00d3N\u201d, en la sede de la Obra Social Itaka - Escolapios, localidada en la calle Carlos Chagas, 66, Santa Helena. Es una inicativa abierta a toda la comunidad y cuenta con el apoyo de estas entidades (CRAS, EBC,FADIVALE, UFJF, CEDEC, NASF,ESF, y\u2026","robots":{"index":"index","follow":"follow","max-snippet":"max-snippet:-1","max-image-preview":"max-image-preview:large","max-video-preview":"max-video-preview:-1"},"canonical":"Este s\u00e1bado, 30 de junio, se llev\u00f3 a cabo el aconteecimiento \u201cITAKA EN ACCI\u00d3N\u201d, en la sede de la Obra Social Itaka - Escolapios, localidada en la calle Carlos Chagas, 66, Santa Helena. Es una inicativa abierta a toda la comunidad y cuenta con el apoyo de estas entidades (CRAS, EBC,FADIVALE, UFJF, CEDEC, NASF,ESF, y\u2026","og_locale":"fr_FR","og_type":"article","og_title":"ITAKA - ESCOL\u00c1PIOS EM A\u00c7\u00c3O EM GV - BRASIL","og_description":"Este s\u00e1bado, 30 de junio, se llev\u00f3 a cabo el aconteecimiento \u201cITAKA EN ACCI\u00d3N\u201d, en la sede de la Obra Social Itaka - Escolapios, localidada en la calle Carlos Chagas, 66, Santa Helena. Es una inicativa abierta a toda la comunidad y cuenta con el apoyo de estas entidades (CRAS, EBC,FADIVALE, UFJF, CEDEC, NASF,ESF, y\u2026","og_url":"https:\/\/www.itakaescolapios.org\/fr\/2018\/07\/itaka-escolapios-em-acao-em-gv-brasil\/","og_site_name":"Itaka-Escolapios","article_published_time":"2018-07-01T11:00:39+00:00","article_modified_time":"2023-11-28T11:37:21+00:00","og_image":[{"width":1760,"height":1320,"url":"https:\/\/www.itakaescolapios.org\/wp-content\/uploads\/2018\/07\/1GV.jpg","type":"image\/jpeg"}],"author":"itaka","twitter_card":"summary_large_image","twitter_misc":{"\u00c9crit par":"itaka","Dur\u00e9e de lecture estim\u00e9e":"1 minute"},"schema":{"@context":"https:\/\/schema.org","@graph":[{"@type":"Article","@id":"https:\/\/www.itakaescolapios.org\/fr\/2018\/07\/itaka-escolapios-em-acao-em-gv-brasil\/#article","isPartOf":{"@id":"https:\/\/www.itakaescolapios.org\/fr\/2018\/07\/itaka-escolapios-em-acao-em-gv-brasil\/"},"author":{"name":"itaka","@id":"https:\/\/www.itakaescolapios.org\/es\/#\/schema\/person\/670123daeb1cc31cae1b106740036ccb"},"headline":"ITAKA - ESCOL\u00c1PIOS EM A\u00c7\u00c3O EM GV - BRASIL","datePublished":"2018-07-01T11:00:39+00:00","dateModified":"2023-11-28T11:37:21+00:00","mainEntityOfPage":{"@id":"https:\/\/www.itakaescolapios.org\/fr\/2018\/07\/itaka-escolapios-em-acao-em-gv-brasil\/"},"wordCount":129,"publisher":{"@id":"https:\/\/www.itakaescolapios.org\/es\/#organization"},"image":{"@id":"https:\/\/www.itakaescolapios.org\/fr\/2018\/07\/itaka-escolapios-em-acao-em-gv-brasil\/#primaryimage"},"thumbnailUrl":"https:\/\/www.itakaescolapios.org\/wp-content\/uploads\/2018\/07\/1GV.jpg","articleSection":["Governador Valadares"],"inLanguage":"fr-FR"},{"@type":"WebPage","@id":"https:\/\/www.itakaescolapios.org\/fr\/2018\/07\/itaka-escolapios-em-acao-em-gv-brasil\/","url":"https:\/\/www.itakaescolapios.org\/fr\/2018\/07\/itaka-escolapios-em-acao-em-gv-brasil\/","name":"ITAKA - ESCOL\u00c1PIOS EM A\u00c7\u00c3O EM GV - BRASIL - Itaka-Escolapios","isPartOf":{"@id":"https:\/\/www.itakaescolapios.org\/es\/#website"},"primaryImageOfPage":{"@id":"https:\/\/www.itakaescolapios.org\/fr\/2018\/07\/itaka-escolapios-em-acao-em-gv-brasil\/#primaryimage"},"image":{"@id":"https:\/\/www.itakaescolapios.org\/fr\/2018\/07\/itaka-escolapios-em-acao-em-gv-brasil\/#primaryimage"},"thumbnailUrl":"https:\/\/www.itakaescolapios.org\/wp-content\/uploads\/2018\/07\/1GV.jpg","datePublished":"2018-07-01T11:00:39+00:00","dateModified":"2023-11-28T11:37:21+00:00","breadcrumb":{"@id":"https:\/\/www.itakaescolapios.org\/fr\/2018\/07\/itaka-escolapios-em-acao-em-gv-brasil\/#breadcrumb"},"inLanguage":"fr-FR","potentialAction":[{"@type":"ReadAction","target":["https:\/\/www.itakaescolapios.org\/fr\/2018\/07\/itaka-escolapios-em-acao-em-gv-brasil\/"]}]},{"@type":"ImageObject","inLanguage":"fr-FR","@id":"https:\/\/www.itakaescolapios.org\/fr\/2018\/07\/itaka-escolapios-em-acao-em-gv-brasil\/#primaryimage","url":"https:\/\/www.itakaescolapios.org\/wp-content\/uploads\/2018\/07\/1GV.jpg","contentUrl":"https:\/\/www.itakaescolapios.org\/wp-content\/uploads\/2018\/07\/1GV.jpg","width":1760,"height":1320},{"@type":"BreadcrumbList","@id":"https:\/\/www.itakaescolapios.org\/fr\/2018\/07\/itaka-escolapios-em-acao-em-gv-brasil\/#breadcrumb","itemListElement":[{"@type":"ListItem","position":1,"name":"Itaka-Escolapios","item":"https:\/\/www.itakaescolapios.org\/es\/"},{"@type":"ListItem","position":2,"name":"ITAKA - ESCOL\u00c1PIOS EM A\u00c7\u00c3O EM GV - BRASIL"}]},{"@type":"WebSite","@id":"https:\/\/www.itakaescolapios.org\/fr\/es\/#website","url":"https:\/\/www.itakaescolapios.org\/fr\/es\/","name":"Itaka-Escolapios","description":"Red de Itaka-Escolapios","publisher":{"@id":"https:\/\/www.itakaescolapios.org\/fr\/es\/#organization"},"potentialAction":[{"@type":"SearchAction","target":{"@type":"EntryPoint","urlTemplate":"https:\/\/www.itakaescolapios.org\/fr\/es\/?s={search_term_string}"},"query-input":{"@type":"PropertyValueSpecification","valueRequired":true,"valueName":"search_term_string"}}],"inLanguage":"fr-FR"},{"@type":"Organization","@id":"https:\/\/www.itakaescolapios.org\/fr\/es\/#organization","name":"Fundaci\u00f3 Itaka-Escolapios","url":"https:\/\/www.itakaescolapios.org\/fr\/es\/","logo":{"@type":"ImageObject","inLanguage":"fr-FR","@id":"https:\/\/www.itakaescolapios.org\/fr\/es\/#\/schema\/logo\/image\/","url":"https:\/\/www.itakaescolapios.org\/wp-content\/uploads\/2024\/04\/Logo-itakaescolapios-peque.png","contentUrl":"https:\/\/www.itakaescolapios.org\/wp-content\/uploads\/2024\/04\/Logo-itakaescolapios-peque.png","width":500,"height":199,"caption":"Fundaci\u00f3 Itaka-Escolapios"},"image":{"@id":"https:\/\/www.itakaescolapios.org\/fr\/es\/#\/schema\/logo\/image\/"}},{"@type":"Person","@id":"https:\/\/www.itakaescolapios.org\/es\/#\/schema\/person\/670123daeb1cc31cae1b106740036ccb","name":"itaka","url":"https:\/\/www.itakaescolapios.org\/fr\/author\/itaka\/"}]}},"_links":{"self":[{"href":"https:\/\/www.itakaescolapios.org\/fr\/wp-json\/wp\/v2\/posts\/23967","targetHints":{"allow":["GET"]}}],"collection":[{"href":"https:\/\/www.itakaescolapios.org\/fr\/wp-json\/wp\/v2\/posts"}],"about":[{"href":"https:\/\/www.itakaescolapios.org\/fr\/wp-json\/wp\/v2\/types\/post"}],"author":[{"embeddable":true,"href":"https:\/\/www.itakaescolapios.org\/fr\/wp-json\/wp\/v2\/users\/4"}],"replies":[{"embeddable":true,"href":"https:\/\/www.itakaescolapios.org\/fr\/wp-json\/wp\/v2\/comments?post=23967"}],"version-history":[{"count":3,"href":"https:\/\/www.itakaescolapios.org\/fr\/wp-json\/wp\/v2\/posts\/23967\/revisions"}],"predecessor-version":[{"id":46542,"href":"https:\/\/www.itakaescolapios.org\/fr\/wp-json\/wp\/v2\/posts\/23967\/revisions\/46542"}],"wp:featuredmedia":[{"embeddable":true,"href":"https:\/\/www.itakaescolapios.org\/fr\/wp-json\/wp\/v2\/media\/23968"}],"wp:attachment":[{"href":"https:\/\/www.itakaescolapios.org\/fr\/wp-json\/wp\/v2\/media?parent=23967"}],"wp:term":[{"taxonomy":"category","embeddable":true,"href":"https:\/\/www.itakaescolapios.org\/fr\/wp-json\/wp\/v2\/categories?post=23967"},{"taxonomy":"post_tag","embeddable":true,"href":"https:\/\/www.itakaescolapios.org\/fr\/wp-json\/wp\/v2\/tags?post=23967"}],"curies":[{"name":"wp","href":"https:\/\/api.w.org\/{rel}","templated":true}]}}