{"id":24235,"date":"2018-07-25T12:35:46","date_gmt":"2018-07-25T11:35:46","guid":{"rendered":"https:\/\/www.itakaescolapios.org\/?p=24235"},"modified":"2023-11-28T12:37:19","modified_gmt":"2023-11-28T11:37:19","slug":"campo-de-trabajo-aluche-2018","status":"publish","type":"post","link":"https:\/\/www.itakaescolapios.org\/fr\/2018\/07\/campo-de-trabajo-aluche-2018\/","title":{"rendered":"CAMPO DE TRABAJO ALUCHE 2018"},"content":{"rendered":"<p>El Campo de Trabajo tambi\u00e9n termin\u00f3 en Aluche hace unos d\u00edas. En \u00e9l participaron 18 voluntarios y voluntarias, y 8 personas del equipo de coordinaci\u00f3n. Por quinto a\u00f1o, el Colegio Nuestra Se\u00f1ora de las Escuelas P\u00edas de Aluche ha sido su casa durante las dos semanas que ha durado la experiencia para estos chicos y chicas procedentes de varios lugares de Madrid y de Vitoria.<\/p>\n<p>Durante 15 d\u00edas, este equipazo ha colaborado en cuatro proyectos que trabajan con la infancia: el campamento urbano en el colegio de Aluche para ni\u00f1os y ni\u00f1as, tanto del colegio como del barrio, tambi\u00e9n gestionado por Itaka-Escolapios; la Fundaci\u00f3n Tomillo; varios Centros de Servicios Sociales; y en el centro salesiano Pan Bendito.Comenzaban con cierta incertidumbre y miedo, pero, a lo largo de estos d\u00edas, han ido aprendiendo lo que significa el voluntariado como estilo de vida al servicio de los m\u00e1s peque\u00f1os. Por las ma\u00f1anas acud\u00edan a las diferentes entidades siempre dispuestas a colaborar y preparar todo lo necesario para que los y las peques disfrutasen de los juegos, din\u00e1micas, repaso escolar, piscina\u2026etc.<\/p>\n<p>Por las tardes han recibido formaciones y testimonios que les han ayudado a abrir sus ojos al mundo y a ciertas realidades que, en muchos casos, estaban mucho m\u00e1s cerca de lo que pensaban, y que les ha posibilitado acercarse de otra forma a los ni\u00f1os y ni\u00f1as con los que estaban en estos cuatro proyectos. Despu\u00e9s, para cerrar el d\u00eda, un rato de oraci\u00f3n y reflexi\u00f3n para asentar todo lo vivido durante el d\u00eda y dejar que fuese calando en los corazones.<\/p>\n<p>En medio de estas dos semanas tambi\u00e9n tuvieron un fin de semana en Cercedilla para desconectar, cuidarse, descansar y, sobre todo, conocerse un poco mejor. Muy necesario para afrontar la segunda semana con las pilas cargadas.<\/p>\n<p>Muchos agradecimientos quedan \u201cpendientes\u201d: al colegio de Aluche que nos acoge a\u00f1o tras a\u00f1o y nos facilita todo lo que necesitamos, a las entidades con las que hemos colaborado, al equipo de coordinaci\u00f3n\u2026 Pero, sobre todo, a estos fant\u00e1sticos voluntarios y voluntarias que hemos tenido este a\u00f1o: Ainhoa, Cervera, Anita, Ana, Gorka, Henar, Jaime, Javi, Jone, Maialen, Marina, Mario, Mar\u00eda, Marta, Miguel, Olatz, Paula y Pepe.<\/p>\n<p>\u00a1Ojal\u00e1 que lo hay\u00e1is disfrutado y os haya servido! \u00a1Siempre siguiendo los pasos de Calasanz!<\/p>\n<p>&nbsp;<\/p>\n\n\t\t<style type=\"text\/css\">\n\t\t\t#gallery-1 {\n\t\t\t\tmargin: auto;\n\t\t\t}\n\t\t\t#gallery-1 .gallery-item {\n\t\t\t\tfloat: left;\n\t\t\t\tmargin-top: 10px;\n\t\t\t\ttext-align: center;\n\t\t\t\twidth: 33%;\n\t\t\t}\n\t\t\t#gallery-1 img {\n\t\t\t\tborder: 2px solid #cfcfcf;\n\t\t\t}\n\t\t\t#gallery-1 .gallery-caption {\n\t\t\t\tmargin-left: 0;\n\t\t\t}\n\t\t\t\/* see gallery_shortcode() in wp-includes\/media.php *\/\n\t\t<\/style>\n\t\t<div id='gallery-1' class='gallery galleryid-24235 gallery-columns-3 gallery-size-thumbnail'><dl class='gallery-item'>\n\t\t\t<dt class='gallery-icon landscape'>\n\t\t\t\t<a href='https:\/\/www.itakaescolapios.org\/fr\/2018\/07\/campo-de-trabajo-aluche-2018\/x\/'><img decoding=\"async\" width=\"90\" height=\"90\" src=\"https:\/\/www.itakaescolapios.org\/wp-content\/uploads\/2018\/07\/x-90x90.jpg\" class=\"attachment-thumbnail size-thumbnail\" alt=\"\" \/><\/a>\n\t\t\t<\/dt><\/dl><dl class='gallery-item'>\n\t\t\t<dt class='gallery-icon landscape'>\n\t\t\t\t<a href='https:\/\/www.itakaescolapios.org\/fr\/2018\/07\/campo-de-trabajo-aluche-2018\/37038460_1891767014246644_2011925572376068096_n\/'><img decoding=\"async\" width=\"90\" height=\"90\" src=\"https:\/\/www.itakaescolapios.org\/wp-content\/uploads\/2018\/07\/37038460_1891767014246644_2011925572376068096_n-90x90.jpg\" class=\"attachment-thumbnail size-thumbnail\" alt=\"\" \/><\/a>\n\t\t\t<\/dt><\/dl><dl class='gallery-item'>\n\t\t\t<dt class='gallery-icon landscape'>\n\t\t\t\t<a href='https:\/\/www.itakaescolapios.org\/fr\/2018\/07\/campo-de-trabajo-aluche-2018\/37112105_1893661817390497_3058639781362663424_n\/'><img decoding=\"async\" width=\"90\" height=\"90\" src=\"https:\/\/www.itakaescolapios.org\/wp-content\/uploads\/2018\/07\/37112105_1893661817390497_3058639781362663424_n-90x90.jpg\" class=\"attachment-thumbnail size-thumbnail\" alt=\"\" \/><\/a>\n\t\t\t<\/dt><\/dl><br style=\"clear: both\" \/><dl class='gallery-item'>\n\t\t\t<dt class='gallery-icon landscape'>\n\t\t\t\t<a href='https:\/\/www.itakaescolapios.org\/fr\/2018\/07\/campo-de-trabajo-aluche-2018\/36818974_1885837468172932_2483643015906721792_n\/'><img decoding=\"async\" width=\"90\" height=\"90\" src=\"https:\/\/www.itakaescolapios.org\/wp-content\/uploads\/2018\/07\/36818974_1885837468172932_2483643015906721792_n-90x90.jpg\" class=\"attachment-thumbnail size-thumbnail\" alt=\"\" \/><\/a>\n\t\t\t<\/dt><\/dl><dl class='gallery-item'>\n\t\t\t<dt class='gallery-icon landscape'>\n\t\t\t\t<a href='https:\/\/www.itakaescolapios.org\/fr\/2018\/07\/campo-de-trabajo-aluche-2018\/36919726_1885838631506149_8652701402977533952_n\/'><img decoding=\"async\" width=\"90\" height=\"90\" src=\"https:\/\/www.itakaescolapios.org\/wp-content\/uploads\/2018\/07\/36919726_1885838631506149_8652701402977533952_n-90x90.jpg\" class=\"attachment-thumbnail size-thumbnail\" alt=\"\" \/><\/a>\n\t\t\t<\/dt><\/dl><dl class='gallery-item'>\n\t\t\t<dt class='gallery-icon landscape'>\n\t\t\t\t<a href='https:\/\/www.itakaescolapios.org\/fr\/2018\/07\/campo-de-trabajo-aluche-2018\/37059041_1893661680723844_5280239764434321408_n\/'><img decoding=\"async\" width=\"90\" height=\"90\" src=\"https:\/\/www.itakaescolapios.org\/wp-content\/uploads\/2018\/07\/37059041_1893661680723844_5280239764434321408_n-90x90.jpg\" class=\"attachment-thumbnail size-thumbnail\" alt=\"\" \/><\/a>\n\t\t\t<\/dt><\/dl><br style=\"clear: both\" \/><dl class='gallery-item'>\n\t\t\t<dt class='gallery-icon landscape'>\n\t\t\t\t<a href='https:\/\/www.itakaescolapios.org\/fr\/2018\/07\/campo-de-trabajo-aluche-2018\/37079270_1893678794055466_2037653714969296896_n\/'><img decoding=\"async\" width=\"90\" height=\"90\" src=\"https:\/\/www.itakaescolapios.org\/wp-content\/uploads\/2018\/07\/37079270_1893678794055466_2037653714969296896_n-90x90.jpg\" class=\"attachment-thumbnail size-thumbnail\" alt=\"\" \/><\/a>\n\t\t\t<\/dt><\/dl>\n\t\t\t<br style='clear: both' \/>\n\t\t<\/div>\n\n","protected":false},"excerpt":{"rendered":"<p>El Campo de Trabajo tambi\u00e9n termin\u00f3 en Aluche hace unos d\u00edas. En \u00e9l participaron 18 voluntarios y voluntarias, y 8 personas del equipo de coordinaci\u00f3n. Por quinto a\u00f1o, el Colegio [&hellip;]<\/p>\n","protected":false},"author":48,"featured_media":24242,"comment_status":"closed","ping_status":"closed","sticky":false,"template":"","format":"standard","meta":{"_et_pb_use_builder":"","_et_pb_old_content":"","_et_gb_content_width":"","footnotes":""},"categories":[146],"tags":[],"class_list":["post-24235","post","type-post","status-publish","format-standard","has-post-thumbnail","hentry","category-madrid"],"yoast_head":"<!-- This site is optimized with the Yoast SEO plugin v27.4 - https:\/\/yoast.com\/product\/yoast-seo-wordpress\/ -->\n<title>CAMPO DE TRABAJO ALUCHE 2018<\/title>\n<meta name=\"description\" content=\"El Campo de Trabajo tambi\u00e9n termin\u00f3 en Aluche hace unos d\u00edas. En \u00e9l participaron 18 voluntarios y voluntarias, y 8 personas del equipo de coordinaci\u00f3n. Por quinto a\u00f1o, el Colegio Nuestra Se\u00f1ora de las Escuelas P\u00edas de Aluche ha sido su casa durante las dos semanas que ha durado la experiencia para estos chicos y\u2026\" \/>\n<meta name=\"robots\" content=\"index, follow, max-snippet:-1, max-image-preview:large, max-video-preview:-1\" \/>\n<link rel=\"canonical\" href=\"http:\/\/El%20Campo%20de%20Trabajo%20tambi\u00e9n%20termin\u00f3%20en%20Aluche%20hace%20unos%20d\u00edas.%20En%20\u00e9l%20participaron%2018%20voluntarios%20y%20voluntarias,%20y%208%20personas%20del%20equipo%20de%20coordinaci\u00f3n.%20Por%20quinto%20a\u00f1o,%20el%20Colegio%20Nuestra%20Se\u00f1ora%20de%20las%20Escuelas%20P\u00edas%20de%20Aluche%20ha%20sido%20su%20casa%20durante%20las%20dos%20semanas%20que%20ha%20durado%20la%20experiencia%20para%20estos%20chicos%20y\u2026\" \/>\n<meta property=\"og:locale\" content=\"fr_FR\" \/>\n<meta property=\"og:type\" content=\"article\" \/>\n<meta property=\"og:title\" content=\"CAMPO DE TRABAJO ALUCHE 2018\" \/>\n<meta property=\"og:description\" content=\"El Campo de Trabajo tambi\u00e9n termin\u00f3 en Aluche hace unos d\u00edas. En \u00e9l participaron 18 voluntarios y voluntarias, y 8 personas del equipo de coordinaci\u00f3n. Por quinto a\u00f1o, el Colegio Nuestra Se\u00f1ora de las Escuelas P\u00edas de Aluche ha sido su casa durante las dos semanas que ha durado la experiencia para estos chicos y\u2026\" \/>\n<meta property=\"og:url\" content=\"https:\/\/www.itakaescolapios.org\/fr\/2018\/07\/campo-de-trabajo-aluche-2018\/\" \/>\n<meta property=\"og:site_name\" content=\"Itaka-Escolapios\" \/>\n<meta property=\"article:published_time\" content=\"2018-07-25T11:35:46+00:00\" \/>\n<meta property=\"article:modified_time\" content=\"2023-11-28T11:37:19+00:00\" \/>\n<meta property=\"og:image\" content=\"https:\/\/www.itakaescolapios.org\/wp-content\/uploads\/2018\/07\/37079270_1893678794055466_2037653714969296896_n.jpg\" \/>\n\t<meta property=\"og:image:width\" content=\"960\" \/>\n\t<meta property=\"og:image:height\" content=\"640\" \/>\n\t<meta property=\"og:image:type\" content=\"image\/jpeg\" \/>\n<meta name=\"author\" content=\"madrid01\" \/>\n<meta name=\"twitter:card\" content=\"summary_large_image\" \/>\n<meta name=\"twitter:label1\" content=\"\u00c9crit par\" \/>\n\t<meta name=\"twitter:data1\" content=\"madrid01\" \/>\n\t<meta name=\"twitter:label2\" content=\"Dur\u00e9e de lecture estim\u00e9e\" \/>\n\t<meta name=\"twitter:data2\" content=\"2 minutes\" \/>\n<script type=\"application\/ld+json\" class=\"yoast-schema-graph\">{\"@context\":\"https:\\\/\\\/schema.org\",\"@graph\":[{\"@type\":\"Article\",\"@id\":\"https:\\\/\\\/www.itakaescolapios.org\\\/fr\\\/2018\\\/07\\\/campo-de-trabajo-aluche-2018\\\/#article\",\"isPartOf\":{\"@id\":\"https:\\\/\\\/www.itakaescolapios.org\\\/fr\\\/2018\\\/07\\\/campo-de-trabajo-aluche-2018\\\/\"},\"author\":{\"name\":\"madrid01\",\"@id\":\"https:\\\/\\\/www.itakaescolapios.org\\\/es\\\/#\\\/schema\\\/person\\\/bcd60d18d9795d0e978153a567a2edcb\"},\"headline\":\"CAMPO DE TRABAJO ALUCHE 2018\",\"datePublished\":\"2018-07-25T11:35:46+00:00\",\"dateModified\":\"2023-11-28T11:37:19+00:00\",\"mainEntityOfPage\":{\"@id\":\"https:\\\/\\\/www.itakaescolapios.org\\\/fr\\\/2018\\\/07\\\/campo-de-trabajo-aluche-2018\\\/\"},\"wordCount\":417,\"publisher\":{\"@id\":\"https:\\\/\\\/www.itakaescolapios.org\\\/es\\\/#organization\"},\"image\":{\"@id\":\"https:\\\/\\\/www.itakaescolapios.org\\\/fr\\\/2018\\\/07\\\/campo-de-trabajo-aluche-2018\\\/#primaryimage\"},\"thumbnailUrl\":\"https:\\\/\\\/www.itakaescolapios.org\\\/wp-content\\\/uploads\\\/2018\\\/07\\\/37079270_1893678794055466_2037653714969296896_n.jpg\",\"articleSection\":[\"Madrid\"],\"inLanguage\":\"fr-FR\"},{\"@type\":\"WebPage\",\"@id\":\"https:\\\/\\\/www.itakaescolapios.org\\\/fr\\\/2018\\\/07\\\/campo-de-trabajo-aluche-2018\\\/\",\"url\":\"https:\\\/\\\/www.itakaescolapios.org\\\/fr\\\/2018\\\/07\\\/campo-de-trabajo-aluche-2018\\\/\",\"name\":\"CAMPO DE TRABAJO ALUCHE 2018 - Itaka-Escolapios\",\"isPartOf\":{\"@id\":\"https:\\\/\\\/www.itakaescolapios.org\\\/es\\\/#website\"},\"primaryImageOfPage\":{\"@id\":\"https:\\\/\\\/www.itakaescolapios.org\\\/fr\\\/2018\\\/07\\\/campo-de-trabajo-aluche-2018\\\/#primaryimage\"},\"image\":{\"@id\":\"https:\\\/\\\/www.itakaescolapios.org\\\/fr\\\/2018\\\/07\\\/campo-de-trabajo-aluche-2018\\\/#primaryimage\"},\"thumbnailUrl\":\"https:\\\/\\\/www.itakaescolapios.org\\\/wp-content\\\/uploads\\\/2018\\\/07\\\/37079270_1893678794055466_2037653714969296896_n.jpg\",\"datePublished\":\"2018-07-25T11:35:46+00:00\",\"dateModified\":\"2023-11-28T11:37:19+00:00\",\"breadcrumb\":{\"@id\":\"https:\\\/\\\/www.itakaescolapios.org\\\/fr\\\/2018\\\/07\\\/campo-de-trabajo-aluche-2018\\\/#breadcrumb\"},\"inLanguage\":\"fr-FR\",\"potentialAction\":[{\"@type\":\"ReadAction\",\"target\":[\"https:\\\/\\\/www.itakaescolapios.org\\\/fr\\\/2018\\\/07\\\/campo-de-trabajo-aluche-2018\\\/\"]}]},{\"@type\":\"ImageObject\",\"inLanguage\":\"fr-FR\",\"@id\":\"https:\\\/\\\/www.itakaescolapios.org\\\/fr\\\/2018\\\/07\\\/campo-de-trabajo-aluche-2018\\\/#primaryimage\",\"url\":\"https:\\\/\\\/www.itakaescolapios.org\\\/wp-content\\\/uploads\\\/2018\\\/07\\\/37079270_1893678794055466_2037653714969296896_n.jpg\",\"contentUrl\":\"https:\\\/\\\/www.itakaescolapios.org\\\/wp-content\\\/uploads\\\/2018\\\/07\\\/37079270_1893678794055466_2037653714969296896_n.jpg\",\"width\":960,\"height\":640},{\"@type\":\"BreadcrumbList\",\"@id\":\"https:\\\/\\\/www.itakaescolapios.org\\\/fr\\\/2018\\\/07\\\/campo-de-trabajo-aluche-2018\\\/#breadcrumb\",\"itemListElement\":[{\"@type\":\"ListItem\",\"position\":1,\"name\":\"Itaka-Escolapios\",\"item\":\"https:\\\/\\\/www.itakaescolapios.org\\\/es\\\/\"},{\"@type\":\"ListItem\",\"position\":2,\"name\":\"CAMPO DE TRABAJO ALUCHE 2018\"}]},{\"@type\":\"WebSite\",\"@id\":\"https:\\\/\\\/www.itakaescolapios.org\\\/fr\\\/es\\\/#website\",\"url\":\"https:\\\/\\\/www.itakaescolapios.org\\\/fr\\\/es\\\/\",\"name\":\"Itaka-Escolapios\",\"description\":\"Red de Itaka-Escolapios\",\"publisher\":{\"@id\":\"https:\\\/\\\/www.itakaescolapios.org\\\/fr\\\/es\\\/#organization\"},\"potentialAction\":[{\"@type\":\"SearchAction\",\"target\":{\"@type\":\"EntryPoint\",\"urlTemplate\":\"https:\\\/\\\/www.itakaescolapios.org\\\/fr\\\/es\\\/?s={search_term_string}\"},\"query-input\":{\"@type\":\"PropertyValueSpecification\",\"valueRequired\":true,\"valueName\":\"search_term_string\"}}],\"inLanguage\":\"fr-FR\"},{\"@type\":\"Organization\",\"@id\":\"https:\\\/\\\/www.itakaescolapios.org\\\/fr\\\/es\\\/#organization\",\"name\":\"Fundaci\u00f3 Itaka-Escolapios\",\"url\":\"https:\\\/\\\/www.itakaescolapios.org\\\/fr\\\/es\\\/\",\"logo\":{\"@type\":\"ImageObject\",\"inLanguage\":\"fr-FR\",\"@id\":\"https:\\\/\\\/www.itakaescolapios.org\\\/fr\\\/es\\\/#\\\/schema\\\/logo\\\/image\\\/\",\"url\":\"https:\\\/\\\/www.itakaescolapios.org\\\/wp-content\\\/uploads\\\/2024\\\/04\\\/Logo-itakaescolapios-peque.png\",\"contentUrl\":\"https:\\\/\\\/www.itakaescolapios.org\\\/wp-content\\\/uploads\\\/2024\\\/04\\\/Logo-itakaescolapios-peque.png\",\"width\":500,\"height\":199,\"caption\":\"Fundaci\u00f3 Itaka-Escolapios\"},\"image\":{\"@id\":\"https:\\\/\\\/www.itakaescolapios.org\\\/fr\\\/es\\\/#\\\/schema\\\/logo\\\/image\\\/\"}},{\"@type\":\"Person\",\"@id\":\"https:\\\/\\\/www.itakaescolapios.org\\\/es\\\/#\\\/schema\\\/person\\\/bcd60d18d9795d0e978153a567a2edcb\",\"name\":\"madrid01\",\"url\":\"https:\\\/\\\/www.itakaescolapios.org\\\/fr\\\/author\\\/madrid01\\\/\"}]}<\/script>\n<!-- \/ Yoast SEO plugin. -->","yoast_head_json":{"title":"CAMPO DE TRABAJO ALUCHE 2018","description":"El Campo de Trabajo tambi\u00e9n termin\u00f3 en Aluche hace unos d\u00edas. En \u00e9l participaron 18 voluntarios y voluntarias, y 8 personas del equipo de coordinaci\u00f3n. Por quinto a\u00f1o, el Colegio Nuestra Se\u00f1ora de las Escuelas P\u00edas de Aluche ha sido su casa durante las dos semanas que ha durado la experiencia para estos chicos y\u2026","robots":{"index":"index","follow":"follow","max-snippet":"max-snippet:-1","max-image-preview":"max-image-preview:large","max-video-preview":"max-video-preview:-1"},"canonical":"El Campo de Trabajo tambi\u00e9n termin\u00f3 en Aluche hace unos d\u00edas. En \u00e9l participaron 18 voluntarios y voluntarias, y 8 personas del equipo de coordinaci\u00f3n. Por quinto a\u00f1o, el Colegio Nuestra Se\u00f1ora de las Escuelas P\u00edas de Aluche ha sido su casa durante las dos semanas que ha durado la experiencia para estos chicos y\u2026","og_locale":"fr_FR","og_type":"article","og_title":"CAMPO DE TRABAJO ALUCHE 2018","og_description":"El Campo de Trabajo tambi\u00e9n termin\u00f3 en Aluche hace unos d\u00edas. En \u00e9l participaron 18 voluntarios y voluntarias, y 8 personas del equipo de coordinaci\u00f3n. Por quinto a\u00f1o, el Colegio Nuestra Se\u00f1ora de las Escuelas P\u00edas de Aluche ha sido su casa durante las dos semanas que ha durado la experiencia para estos chicos y\u2026","og_url":"https:\/\/www.itakaescolapios.org\/fr\/2018\/07\/campo-de-trabajo-aluche-2018\/","og_site_name":"Itaka-Escolapios","article_published_time":"2018-07-25T11:35:46+00:00","article_modified_time":"2023-11-28T11:37:19+00:00","og_image":[{"width":960,"height":640,"url":"https:\/\/www.itakaescolapios.org\/wp-content\/uploads\/2018\/07\/37079270_1893678794055466_2037653714969296896_n.jpg","type":"image\/jpeg"}],"author":"madrid01","twitter_card":"summary_large_image","twitter_misc":{"\u00c9crit par":"madrid01","Dur\u00e9e de lecture estim\u00e9e":"2 minutes"},"schema":{"@context":"https:\/\/schema.org","@graph":[{"@type":"Article","@id":"https:\/\/www.itakaescolapios.org\/fr\/2018\/07\/campo-de-trabajo-aluche-2018\/#article","isPartOf":{"@id":"https:\/\/www.itakaescolapios.org\/fr\/2018\/07\/campo-de-trabajo-aluche-2018\/"},"author":{"name":"madrid01","@id":"https:\/\/www.itakaescolapios.org\/es\/#\/schema\/person\/bcd60d18d9795d0e978153a567a2edcb"},"headline":"CAMPO DE TRABAJO ALUCHE 2018","datePublished":"2018-07-25T11:35:46+00:00","dateModified":"2023-11-28T11:37:19+00:00","mainEntityOfPage":{"@id":"https:\/\/www.itakaescolapios.org\/fr\/2018\/07\/campo-de-trabajo-aluche-2018\/"},"wordCount":417,"publisher":{"@id":"https:\/\/www.itakaescolapios.org\/es\/#organization"},"image":{"@id":"https:\/\/www.itakaescolapios.org\/fr\/2018\/07\/campo-de-trabajo-aluche-2018\/#primaryimage"},"thumbnailUrl":"https:\/\/www.itakaescolapios.org\/wp-content\/uploads\/2018\/07\/37079270_1893678794055466_2037653714969296896_n.jpg","articleSection":["Madrid"],"inLanguage":"fr-FR"},{"@type":"WebPage","@id":"https:\/\/www.itakaescolapios.org\/fr\/2018\/07\/campo-de-trabajo-aluche-2018\/","url":"https:\/\/www.itakaescolapios.org\/fr\/2018\/07\/campo-de-trabajo-aluche-2018\/","name":"CAMPO DE TRABAJO ALUCHE 2018 - Itaka-Escolapios","isPartOf":{"@id":"https:\/\/www.itakaescolapios.org\/es\/#website"},"primaryImageOfPage":{"@id":"https:\/\/www.itakaescolapios.org\/fr\/2018\/07\/campo-de-trabajo-aluche-2018\/#primaryimage"},"image":{"@id":"https:\/\/www.itakaescolapios.org\/fr\/2018\/07\/campo-de-trabajo-aluche-2018\/#primaryimage"},"thumbnailUrl":"https:\/\/www.itakaescolapios.org\/wp-content\/uploads\/2018\/07\/37079270_1893678794055466_2037653714969296896_n.jpg","datePublished":"2018-07-25T11:35:46+00:00","dateModified":"2023-11-28T11:37:19+00:00","breadcrumb":{"@id":"https:\/\/www.itakaescolapios.org\/fr\/2018\/07\/campo-de-trabajo-aluche-2018\/#breadcrumb"},"inLanguage":"fr-FR","potentialAction":[{"@type":"ReadAction","target":["https:\/\/www.itakaescolapios.org\/fr\/2018\/07\/campo-de-trabajo-aluche-2018\/"]}]},{"@type":"ImageObject","inLanguage":"fr-FR","@id":"https:\/\/www.itakaescolapios.org\/fr\/2018\/07\/campo-de-trabajo-aluche-2018\/#primaryimage","url":"https:\/\/www.itakaescolapios.org\/wp-content\/uploads\/2018\/07\/37079270_1893678794055466_2037653714969296896_n.jpg","contentUrl":"https:\/\/www.itakaescolapios.org\/wp-content\/uploads\/2018\/07\/37079270_1893678794055466_2037653714969296896_n.jpg","width":960,"height":640},{"@type":"BreadcrumbList","@id":"https:\/\/www.itakaescolapios.org\/fr\/2018\/07\/campo-de-trabajo-aluche-2018\/#breadcrumb","itemListElement":[{"@type":"ListItem","position":1,"name":"Itaka-Escolapios","item":"https:\/\/www.itakaescolapios.org\/es\/"},{"@type":"ListItem","position":2,"name":"CAMPO DE TRABAJO ALUCHE 2018"}]},{"@type":"WebSite","@id":"https:\/\/www.itakaescolapios.org\/fr\/es\/#website","url":"https:\/\/www.itakaescolapios.org\/fr\/es\/","name":"Itaka-Escolapios","description":"Red de Itaka-Escolapios","publisher":{"@id":"https:\/\/www.itakaescolapios.org\/fr\/es\/#organization"},"potentialAction":[{"@type":"SearchAction","target":{"@type":"EntryPoint","urlTemplate":"https:\/\/www.itakaescolapios.org\/fr\/es\/?s={search_term_string}"},"query-input":{"@type":"PropertyValueSpecification","valueRequired":true,"valueName":"search_term_string"}}],"inLanguage":"fr-FR"},{"@type":"Organization","@id":"https:\/\/www.itakaescolapios.org\/fr\/es\/#organization","name":"Fundaci\u00f3 Itaka-Escolapios","url":"https:\/\/www.itakaescolapios.org\/fr\/es\/","logo":{"@type":"ImageObject","inLanguage":"fr-FR","@id":"https:\/\/www.itakaescolapios.org\/fr\/es\/#\/schema\/logo\/image\/","url":"https:\/\/www.itakaescolapios.org\/wp-content\/uploads\/2024\/04\/Logo-itakaescolapios-peque.png","contentUrl":"https:\/\/www.itakaescolapios.org\/wp-content\/uploads\/2024\/04\/Logo-itakaescolapios-peque.png","width":500,"height":199,"caption":"Fundaci\u00f3 Itaka-Escolapios"},"image":{"@id":"https:\/\/www.itakaescolapios.org\/fr\/es\/#\/schema\/logo\/image\/"}},{"@type":"Person","@id":"https:\/\/www.itakaescolapios.org\/es\/#\/schema\/person\/bcd60d18d9795d0e978153a567a2edcb","name":"madrid01","url":"https:\/\/www.itakaescolapios.org\/fr\/author\/madrid01\/"}]}},"_links":{"self":[{"href":"https:\/\/www.itakaescolapios.org\/fr\/wp-json\/wp\/v2\/posts\/24235","targetHints":{"allow":["GET"]}}],"collection":[{"href":"https:\/\/www.itakaescolapios.org\/fr\/wp-json\/wp\/v2\/posts"}],"about":[{"href":"https:\/\/www.itakaescolapios.org\/fr\/wp-json\/wp\/v2\/types\/post"}],"author":[{"embeddable":true,"href":"https:\/\/www.itakaescolapios.org\/fr\/wp-json\/wp\/v2\/users\/48"}],"replies":[{"embeddable":true,"href":"https:\/\/www.itakaescolapios.org\/fr\/wp-json\/wp\/v2\/comments?post=24235"}],"version-history":[{"count":3,"href":"https:\/\/www.itakaescolapios.org\/fr\/wp-json\/wp\/v2\/posts\/24235\/revisions"}],"predecessor-version":[{"id":46470,"href":"https:\/\/www.itakaescolapios.org\/fr\/wp-json\/wp\/v2\/posts\/24235\/revisions\/46470"}],"wp:featuredmedia":[{"embeddable":true,"href":"https:\/\/www.itakaescolapios.org\/fr\/wp-json\/wp\/v2\/media\/24242"}],"wp:attachment":[{"href":"https:\/\/www.itakaescolapios.org\/fr\/wp-json\/wp\/v2\/media?parent=24235"}],"wp:term":[{"taxonomy":"category","embeddable":true,"href":"https:\/\/www.itakaescolapios.org\/fr\/wp-json\/wp\/v2\/categories?post=24235"},{"taxonomy":"post_tag","embeddable":true,"href":"https:\/\/www.itakaescolapios.org\/fr\/wp-json\/wp\/v2\/tags?post=24235"}],"curies":[{"name":"wp","href":"https:\/\/api.w.org\/{rel}","templated":true}]}}