{"id":25812,"date":"2018-11-23T11:12:40","date_gmt":"2018-11-23T10:12:40","guid":{"rendered":"https:\/\/www.itakaescolapios.org\/?p=25812"},"modified":"2023-11-28T12:37:07","modified_gmt":"2023-11-28T11:37:07","slug":"amaltea-recibe-el-premio-onda-cero-valencia-a-su-trayectoria-solidaria","status":"publish","type":"post","link":"https:\/\/www.itakaescolapios.org\/fr\/2018\/11\/amaltea-recibe-el-premio-onda-cero-valencia-a-su-trayectoria-solidaria\/","title":{"rendered":"AMALTEA RECIBE EL PREMIO ONDA CERO VALENCIA A SU TRAYECTORIA SOLIDARIA"},"content":{"rendered":"<p style=\"text-align: justify\">El Centro de D\u00eda Amaltea recibi\u00f3 ayer el Premio Onda Cero Valencia por toda su trayectoria de solidaridad. El acto de entrega se celebr\u00f3 ayer en el Centro Cultural La Rambleta, al que acudi\u00f3 la directora del Centro de D\u00eda Convivencial, Eva Gasc\u00f3, acompa\u00f1ada por trabajadores y voluntarios y voluntarias del proyecto y de toda la Fundaci\u00f3n Itaka- Escolapios de la sede de Valencia, as\u00ed como miembros de las comunidades educativas de los colegios escolapios que se unieron a la celebraci\u00f3n.<\/p>\n<p style=\"text-align: justify\">El premio de Onda Cero destaca la labor del Centro de D\u00eda Convivencial y de Inserci\u00f3n durante m\u00e1s de 25 a\u00f1os en el barrio de Velluters a favor de los ni\u00f1os, ni\u00f1as y j\u00f3venes en riesgo de exclusi\u00f3n social. Eva Gasc\u00f3 destac\u00f3 en su discurso de agradecimiento el compromiso de educadores, educadoras y voluntariado que \u201cdecidieron un d\u00eda que el trabajo que se hac\u00eda no era solo pasar un ratito con los ni\u00f1os y ni\u00f1as, hacer los deberes y jugar\u201d sino una intervenci\u00f3n y una apuesta por \u201cnuestra gente\u201d.<\/p>\n<p style=\"text-align: justify\">Eva tambi\u00e9n agradeci\u00f3 el apoyo de las instituciones, de centros escolares y otras entidades y centros de d\u00eda, sin olvidar a los m\u00e1s peque\u00f1os y sus familias \u201cque est\u00e1n viendo a su barrio peligrar y son v\u00edctimas de un sistema que no les permite participar en \u00e9l\u201d. \u201cEllas son por y para Amaltea, y este reconocimiento es para cada una de ellas\u201d, concluy\u00f3.<\/p>\n<p style=\"text-align: justify\">Los premios Onda Cero, que este a\u00f1o llegan a su 18\u00aa edici\u00f3n, \u00a0tambi\u00e9n premiaron en las diferentes categor\u00edas a los Premios Jaume I, la empresa Fartons Polo, el doctor Jos\u00e9 Vila, el grupo de m\u00fasica La Habitaci\u00f3n Roja, el Trinquet Pelayo y el Valencia CF.<\/p>\n\n\t\t<style type=\"text\/css\">\n\t\t\t#gallery-1 {\n\t\t\t\tmargin: auto;\n\t\t\t}\n\t\t\t#gallery-1 .gallery-item {\n\t\t\t\tfloat: left;\n\t\t\t\tmargin-top: 10px;\n\t\t\t\ttext-align: center;\n\t\t\t\twidth: 25%;\n\t\t\t}\n\t\t\t#gallery-1 img {\n\t\t\t\tborder: 2px solid #cfcfcf;\n\t\t\t}\n\t\t\t#gallery-1 .gallery-caption {\n\t\t\t\tmargin-left: 0;\n\t\t\t}\n\t\t\t\/* see gallery_shortcode() in wp-includes\/media.php *\/\n\t\t<\/style>\n\t\t<div id='gallery-1' class='gallery galleryid-25812 gallery-columns-4 gallery-size-thumbnail'><dl class='gallery-item'>\n\t\t\t<dt class='gallery-icon landscape'>\n\t\t\t\t<img decoding=\"async\" width=\"90\" height=\"90\" src=\"https:\/\/www.itakaescolapios.org\/wp-content\/uploads\/2018\/11\/WhatsApp-Image-2018-11-23-at-11.03.52-5-90x90.jpeg\" class=\"attachment-thumbnail size-thumbnail\" alt=\"\" \/>\n\t\t\t<\/dt><\/dl><dl class='gallery-item'>\n\t\t\t<dt class='gallery-icon landscape'>\n\t\t\t\t<img decoding=\"async\" width=\"90\" height=\"90\" src=\"https:\/\/www.itakaescolapios.org\/wp-content\/uploads\/2018\/11\/WhatsApp-Image-2018-11-23-at-11.03.52-2-90x90.jpeg\" class=\"attachment-thumbnail size-thumbnail\" alt=\"\" \/>\n\t\t\t<\/dt><\/dl><dl class='gallery-item'>\n\t\t\t<dt class='gallery-icon landscape'>\n\t\t\t\t<img decoding=\"async\" width=\"90\" height=\"90\" src=\"https:\/\/www.itakaescolapios.org\/wp-content\/uploads\/2018\/11\/ONDACERO4-90x90.jpg\" class=\"attachment-thumbnail size-thumbnail\" alt=\"\" \/>\n\t\t\t<\/dt><\/dl><dl class='gallery-item'>\n\t\t\t<dt class='gallery-icon landscape'>\n\t\t\t\t<img decoding=\"async\" width=\"90\" height=\"90\" src=\"https:\/\/www.itakaescolapios.org\/wp-content\/uploads\/2018\/11\/ONDACERO5-90x90.jpg\" class=\"attachment-thumbnail size-thumbnail\" alt=\"\" \/>\n\t\t\t<\/dt><\/dl><br style=\"clear: both\" \/><dl class='gallery-item'>\n\t\t\t<dt class='gallery-icon landscape'>\n\t\t\t\t<img decoding=\"async\" width=\"90\" height=\"90\" src=\"https:\/\/www.itakaescolapios.org\/wp-content\/uploads\/2018\/11\/WhatsApp-Image-2018-11-23-at-11.03.52-1-90x90.jpeg\" class=\"attachment-thumbnail size-thumbnail\" alt=\"\" \/>\n\t\t\t<\/dt><\/dl><dl class='gallery-item'>\n\t\t\t<dt class='gallery-icon landscape'>\n\t\t\t\t<img decoding=\"async\" width=\"90\" height=\"90\" src=\"https:\/\/www.itakaescolapios.org\/wp-content\/uploads\/2018\/11\/WhatsApp-Image-2018-11-23-at-11.03.52-90x90.jpeg\" class=\"attachment-thumbnail size-thumbnail\" alt=\"\" \/>\n\t\t\t<\/dt><\/dl><dl class='gallery-item'>\n\t\t\t<dt class='gallery-icon landscape'>\n\t\t\t\t<img decoding=\"async\" width=\"90\" height=\"90\" src=\"https:\/\/www.itakaescolapios.org\/wp-content\/uploads\/2018\/11\/WhatsApp-Image-2018-11-23-at-11.03.51-90x90.jpeg\" class=\"attachment-thumbnail size-thumbnail\" alt=\"\" \/>\n\t\t\t<\/dt><\/dl>\n\t\t\t<br style='clear: both' \/>\n\t\t<\/div>\n\n","protected":false},"excerpt":{"rendered":"<p>El Centro de D\u00eda Amaltea recibi\u00f3 ayer el Premio Onda Cero Valencia por toda su trayectoria de solidaridad. El acto de entrega se celebr\u00f3 ayer en el Centro Cultural La [&hellip;]<\/p>\n","protected":false},"author":39,"featured_media":25819,"comment_status":"closed","ping_status":"closed","sticky":false,"template":"","format":"standard","meta":{"_et_pb_use_builder":"","_et_pb_old_content":"","_et_gb_content_width":"","footnotes":""},"categories":[12],"tags":[232,356,357,353,352,354,318,355,43],"class_list":["post-25812","post","type-post","status-publish","format-standard","has-post-thumbnail","hentry","category-valencia","tag-amaltea","tag-infacnia","tag-juventud","tag-onda-cero-valencia","tag-premio","tag-premiosocvlc18","tag-proyecto-amaltea","tag-rambleta","tag-solidaridad"],"yoast_head":"<!-- This site is optimized with the Yoast SEO plugin v27.4 - https:\/\/yoast.com\/product\/yoast-seo-wordpress\/ -->\n<title>AMALTEA RECIBE EL PREMIO ONDA CERO VALENCIA A SU TRAYECTORIA SOLIDARIA<\/title>\n<meta name=\"description\" content=\"El Centro de D\u00eda Amaltea recibi\u00f3 ayer el Premio Onda Cero Valencia por toda su trayectoria de solidaridad. El acto de entrega se celebr\u00f3 ayer en el Centro Cultural La Rambleta, al que acudi\u00f3 la directora del Centro de D\u00eda Convivencial, Eva Gasc\u00f3, acompa\u00f1ada por trabajadores y voluntarios y voluntarias del proyecto y de toda\u2026\" \/>\n<meta name=\"robots\" content=\"index, follow, max-snippet:-1, max-image-preview:large, max-video-preview:-1\" \/>\n<link rel=\"canonical\" href=\"http:\/\/El%20Centro%20de%20D\u00eda%20Amaltea%20recibi\u00f3%20ayer%20el%20Premio%20Onda%20Cero%20Valencia%20por%20toda%20su%20trayectoria%20de%20solidaridad.%20El%20acto%20de%20entrega%20se%20celebr\u00f3%20ayer%20en%20el%20Centro%20Cultural%20La%20Rambleta,%20al%20que%20acudi\u00f3%20la%20directora%20del%20Centro%20de%20D\u00eda%20Convivencial,%20Eva%20Gasc\u00f3,%20acompa\u00f1ada%20por%20trabajadores%20y%20voluntarios%20y%20voluntarias%20del%20proyecto%20y%20de%20toda\u2026\" \/>\n<meta property=\"og:locale\" content=\"fr_FR\" \/>\n<meta property=\"og:type\" content=\"article\" \/>\n<meta property=\"og:title\" content=\"AMALTEA RECIBE EL PREMIO ONDA CERO VALENCIA A SU TRAYECTORIA SOLIDARIA\" \/>\n<meta property=\"og:description\" content=\"El Centro de D\u00eda Amaltea recibi\u00f3 ayer el Premio Onda Cero Valencia por toda su trayectoria de solidaridad. El acto de entrega se celebr\u00f3 ayer en el Centro Cultural La Rambleta, al que acudi\u00f3 la directora del Centro de D\u00eda Convivencial, Eva Gasc\u00f3, acompa\u00f1ada por trabajadores y voluntarios y voluntarias del proyecto y de toda\u2026\" \/>\n<meta property=\"og:url\" content=\"https:\/\/www.itakaescolapios.org\/fr\/2018\/11\/amaltea-recibe-el-premio-onda-cero-valencia-a-su-trayectoria-solidaria\/\" \/>\n<meta property=\"og:site_name\" content=\"Itaka-Escolapios\" \/>\n<meta property=\"article:published_time\" content=\"2018-11-23T10:12:40+00:00\" \/>\n<meta property=\"article:modified_time\" content=\"2023-11-28T11:37:07+00:00\" \/>\n<meta property=\"og:image\" content=\"https:\/\/www.itakaescolapios.org\/wp-content\/uploads\/2018\/11\/WhatsApp-Image-2018-11-23-at-11.03.51.jpeg\" \/>\n\t<meta property=\"og:image:width\" content=\"1600\" \/>\n\t<meta property=\"og:image:height\" content=\"1200\" \/>\n\t<meta property=\"og:image:type\" content=\"image\/jpeg\" \/>\n<meta name=\"author\" content=\"valencia01\" \/>\n<meta name=\"twitter:card\" content=\"summary_large_image\" \/>\n<meta name=\"twitter:label1\" content=\"\u00c9crit par\" \/>\n\t<meta name=\"twitter:data1\" content=\"valencia01\" \/>\n\t<meta name=\"twitter:label2\" content=\"Dur\u00e9e de lecture estim\u00e9e\" \/>\n\t<meta name=\"twitter:data2\" content=\"2 minutes\" \/>\n<script type=\"application\/ld+json\" class=\"yoast-schema-graph\">{\"@context\":\"https:\\\/\\\/schema.org\",\"@graph\":[{\"@type\":\"Article\",\"@id\":\"https:\\\/\\\/www.itakaescolapios.org\\\/fr\\\/2018\\\/11\\\/amaltea-recibe-el-premio-onda-cero-valencia-a-su-trayectoria-solidaria\\\/#article\",\"isPartOf\":{\"@id\":\"https:\\\/\\\/www.itakaescolapios.org\\\/fr\\\/2018\\\/11\\\/amaltea-recibe-el-premio-onda-cero-valencia-a-su-trayectoria-solidaria\\\/\"},\"author\":{\"name\":\"valencia01\",\"@id\":\"https:\\\/\\\/www.itakaescolapios.org\\\/es\\\/#\\\/schema\\\/person\\\/c232ccaa2b3f2e98db93c1f8dfca96ff\"},\"headline\":\"AMALTEA RECIBE EL PREMIO ONDA CERO VALENCIA A SU TRAYECTORIA SOLIDARIA\",\"datePublished\":\"2018-11-23T10:12:40+00:00\",\"dateModified\":\"2023-11-28T11:37:07+00:00\",\"mainEntityOfPage\":{\"@id\":\"https:\\\/\\\/www.itakaescolapios.org\\\/fr\\\/2018\\\/11\\\/amaltea-recibe-el-premio-onda-cero-valencia-a-su-trayectoria-solidaria\\\/\"},\"wordCount\":322,\"publisher\":{\"@id\":\"https:\\\/\\\/www.itakaescolapios.org\\\/es\\\/#organization\"},\"image\":{\"@id\":\"https:\\\/\\\/www.itakaescolapios.org\\\/fr\\\/2018\\\/11\\\/amaltea-recibe-el-premio-onda-cero-valencia-a-su-trayectoria-solidaria\\\/#primaryimage\"},\"thumbnailUrl\":\"https:\\\/\\\/www.itakaescolapios.org\\\/wp-content\\\/uploads\\\/2018\\\/11\\\/WhatsApp-Image-2018-11-23-at-11.03.51.jpeg\",\"keywords\":[\"Amaltea\",\"Infacnia\",\"Juventud\",\"Onda Cero Valencia\",\"Premio\",\"PremiosOCVLC18\",\"Proyecto Amaltea\",\"Rambleta\",\"Solidaridad\"],\"articleSection\":[\"Valencia\"],\"inLanguage\":\"fr-FR\"},{\"@type\":\"WebPage\",\"@id\":\"https:\\\/\\\/www.itakaescolapios.org\\\/fr\\\/2018\\\/11\\\/amaltea-recibe-el-premio-onda-cero-valencia-a-su-trayectoria-solidaria\\\/\",\"url\":\"https:\\\/\\\/www.itakaescolapios.org\\\/fr\\\/2018\\\/11\\\/amaltea-recibe-el-premio-onda-cero-valencia-a-su-trayectoria-solidaria\\\/\",\"name\":\"AMALTEA RECIBE EL PREMIO ONDA CERO VALENCIA A SU TRAYECTORIA SOLIDARIA - Itaka-Escolapios\",\"isPartOf\":{\"@id\":\"https:\\\/\\\/www.itakaescolapios.org\\\/es\\\/#website\"},\"primaryImageOfPage\":{\"@id\":\"https:\\\/\\\/www.itakaescolapios.org\\\/fr\\\/2018\\\/11\\\/amaltea-recibe-el-premio-onda-cero-valencia-a-su-trayectoria-solidaria\\\/#primaryimage\"},\"image\":{\"@id\":\"https:\\\/\\\/www.itakaescolapios.org\\\/fr\\\/2018\\\/11\\\/amaltea-recibe-el-premio-onda-cero-valencia-a-su-trayectoria-solidaria\\\/#primaryimage\"},\"thumbnailUrl\":\"https:\\\/\\\/www.itakaescolapios.org\\\/wp-content\\\/uploads\\\/2018\\\/11\\\/WhatsApp-Image-2018-11-23-at-11.03.51.jpeg\",\"datePublished\":\"2018-11-23T10:12:40+00:00\",\"dateModified\":\"2023-11-28T11:37:07+00:00\",\"breadcrumb\":{\"@id\":\"https:\\\/\\\/www.itakaescolapios.org\\\/fr\\\/2018\\\/11\\\/amaltea-recibe-el-premio-onda-cero-valencia-a-su-trayectoria-solidaria\\\/#breadcrumb\"},\"inLanguage\":\"fr-FR\",\"potentialAction\":[{\"@type\":\"ReadAction\",\"target\":[\"https:\\\/\\\/www.itakaescolapios.org\\\/fr\\\/2018\\\/11\\\/amaltea-recibe-el-premio-onda-cero-valencia-a-su-trayectoria-solidaria\\\/\"]}]},{\"@type\":\"ImageObject\",\"inLanguage\":\"fr-FR\",\"@id\":\"https:\\\/\\\/www.itakaescolapios.org\\\/fr\\\/2018\\\/11\\\/amaltea-recibe-el-premio-onda-cero-valencia-a-su-trayectoria-solidaria\\\/#primaryimage\",\"url\":\"https:\\\/\\\/www.itakaescolapios.org\\\/wp-content\\\/uploads\\\/2018\\\/11\\\/WhatsApp-Image-2018-11-23-at-11.03.51.jpeg\",\"contentUrl\":\"https:\\\/\\\/www.itakaescolapios.org\\\/wp-content\\\/uploads\\\/2018\\\/11\\\/WhatsApp-Image-2018-11-23-at-11.03.51.jpeg\",\"width\":1600,\"height\":1200},{\"@type\":\"BreadcrumbList\",\"@id\":\"https:\\\/\\\/www.itakaescolapios.org\\\/fr\\\/2018\\\/11\\\/amaltea-recibe-el-premio-onda-cero-valencia-a-su-trayectoria-solidaria\\\/#breadcrumb\",\"itemListElement\":[{\"@type\":\"ListItem\",\"position\":1,\"name\":\"Itaka-Escolapios\",\"item\":\"https:\\\/\\\/www.itakaescolapios.org\\\/es\\\/\"},{\"@type\":\"ListItem\",\"position\":2,\"name\":\"AMALTEA RECIBE EL PREMIO ONDA CERO VALENCIA A SU TRAYECTORIA SOLIDARIA\"}]},{\"@type\":\"WebSite\",\"@id\":\"https:\\\/\\\/www.itakaescolapios.org\\\/fr\\\/es\\\/#website\",\"url\":\"https:\\\/\\\/www.itakaescolapios.org\\\/fr\\\/es\\\/\",\"name\":\"Itaka-Escolapios\",\"description\":\"Red de Itaka-Escolapios\",\"publisher\":{\"@id\":\"https:\\\/\\\/www.itakaescolapios.org\\\/fr\\\/es\\\/#organization\"},\"potentialAction\":[{\"@type\":\"SearchAction\",\"target\":{\"@type\":\"EntryPoint\",\"urlTemplate\":\"https:\\\/\\\/www.itakaescolapios.org\\\/fr\\\/es\\\/?s={search_term_string}\"},\"query-input\":{\"@type\":\"PropertyValueSpecification\",\"valueRequired\":true,\"valueName\":\"search_term_string\"}}],\"inLanguage\":\"fr-FR\"},{\"@type\":\"Organization\",\"@id\":\"https:\\\/\\\/www.itakaescolapios.org\\\/fr\\\/es\\\/#organization\",\"name\":\"Fundaci\u00f3 Itaka-Escolapios\",\"url\":\"https:\\\/\\\/www.itakaescolapios.org\\\/fr\\\/es\\\/\",\"logo\":{\"@type\":\"ImageObject\",\"inLanguage\":\"fr-FR\",\"@id\":\"https:\\\/\\\/www.itakaescolapios.org\\\/fr\\\/es\\\/#\\\/schema\\\/logo\\\/image\\\/\",\"url\":\"https:\\\/\\\/www.itakaescolapios.org\\\/wp-content\\\/uploads\\\/2024\\\/04\\\/Logo-itakaescolapios-peque.png\",\"contentUrl\":\"https:\\\/\\\/www.itakaescolapios.org\\\/wp-content\\\/uploads\\\/2024\\\/04\\\/Logo-itakaescolapios-peque.png\",\"width\":500,\"height\":199,\"caption\":\"Fundaci\u00f3 Itaka-Escolapios\"},\"image\":{\"@id\":\"https:\\\/\\\/www.itakaescolapios.org\\\/fr\\\/es\\\/#\\\/schema\\\/logo\\\/image\\\/\"}},{\"@type\":\"Person\",\"@id\":\"https:\\\/\\\/www.itakaescolapios.org\\\/es\\\/#\\\/schema\\\/person\\\/c232ccaa2b3f2e98db93c1f8dfca96ff\",\"name\":\"valencia01\",\"url\":\"https:\\\/\\\/www.itakaescolapios.org\\\/fr\\\/author\\\/valencia01\\\/\"}]}<\/script>\n<!-- \/ Yoast SEO plugin. -->","yoast_head_json":{"title":"AMALTEA RECIBE EL PREMIO ONDA CERO VALENCIA A SU TRAYECTORIA SOLIDARIA","description":"El Centro de D\u00eda Amaltea recibi\u00f3 ayer el Premio Onda Cero Valencia por toda su trayectoria de solidaridad. El acto de entrega se celebr\u00f3 ayer en el Centro Cultural La Rambleta, al que acudi\u00f3 la directora del Centro de D\u00eda Convivencial, Eva Gasc\u00f3, acompa\u00f1ada por trabajadores y voluntarios y voluntarias del proyecto y de toda\u2026","robots":{"index":"index","follow":"follow","max-snippet":"max-snippet:-1","max-image-preview":"max-image-preview:large","max-video-preview":"max-video-preview:-1"},"canonical":"El Centro de D\u00eda Amaltea recibi\u00f3 ayer el Premio Onda Cero Valencia por toda su trayectoria de solidaridad. El acto de entrega se celebr\u00f3 ayer en el Centro Cultural La Rambleta, al que acudi\u00f3 la directora del Centro de D\u00eda Convivencial, Eva Gasc\u00f3, acompa\u00f1ada por trabajadores y voluntarios y voluntarias del proyecto y de toda\u2026","og_locale":"fr_FR","og_type":"article","og_title":"AMALTEA RECIBE EL PREMIO ONDA CERO VALENCIA A SU TRAYECTORIA SOLIDARIA","og_description":"El Centro de D\u00eda Amaltea recibi\u00f3 ayer el Premio Onda Cero Valencia por toda su trayectoria de solidaridad. El acto de entrega se celebr\u00f3 ayer en el Centro Cultural La Rambleta, al que acudi\u00f3 la directora del Centro de D\u00eda Convivencial, Eva Gasc\u00f3, acompa\u00f1ada por trabajadores y voluntarios y voluntarias del proyecto y de toda\u2026","og_url":"https:\/\/www.itakaescolapios.org\/fr\/2018\/11\/amaltea-recibe-el-premio-onda-cero-valencia-a-su-trayectoria-solidaria\/","og_site_name":"Itaka-Escolapios","article_published_time":"2018-11-23T10:12:40+00:00","article_modified_time":"2023-11-28T11:37:07+00:00","og_image":[{"width":1600,"height":1200,"url":"https:\/\/www.itakaescolapios.org\/wp-content\/uploads\/2018\/11\/WhatsApp-Image-2018-11-23-at-11.03.51.jpeg","type":"image\/jpeg"}],"author":"valencia01","twitter_card":"summary_large_image","twitter_misc":{"\u00c9crit par":"valencia01","Dur\u00e9e de lecture estim\u00e9e":"2 minutes"},"schema":{"@context":"https:\/\/schema.org","@graph":[{"@type":"Article","@id":"https:\/\/www.itakaescolapios.org\/fr\/2018\/11\/amaltea-recibe-el-premio-onda-cero-valencia-a-su-trayectoria-solidaria\/#article","isPartOf":{"@id":"https:\/\/www.itakaescolapios.org\/fr\/2018\/11\/amaltea-recibe-el-premio-onda-cero-valencia-a-su-trayectoria-solidaria\/"},"author":{"name":"valencia01","@id":"https:\/\/www.itakaescolapios.org\/es\/#\/schema\/person\/c232ccaa2b3f2e98db93c1f8dfca96ff"},"headline":"AMALTEA RECIBE EL PREMIO ONDA CERO VALENCIA A SU TRAYECTORIA SOLIDARIA","datePublished":"2018-11-23T10:12:40+00:00","dateModified":"2023-11-28T11:37:07+00:00","mainEntityOfPage":{"@id":"https:\/\/www.itakaescolapios.org\/fr\/2018\/11\/amaltea-recibe-el-premio-onda-cero-valencia-a-su-trayectoria-solidaria\/"},"wordCount":322,"publisher":{"@id":"https:\/\/www.itakaescolapios.org\/es\/#organization"},"image":{"@id":"https:\/\/www.itakaescolapios.org\/fr\/2018\/11\/amaltea-recibe-el-premio-onda-cero-valencia-a-su-trayectoria-solidaria\/#primaryimage"},"thumbnailUrl":"https:\/\/www.itakaescolapios.org\/wp-content\/uploads\/2018\/11\/WhatsApp-Image-2018-11-23-at-11.03.51.jpeg","keywords":["Amaltea","Infacnia","Juventud","Onda Cero Valencia","Premio","PremiosOCVLC18","Proyecto Amaltea","Rambleta","Solidaridad"],"articleSection":["Valencia"],"inLanguage":"fr-FR"},{"@type":"WebPage","@id":"https:\/\/www.itakaescolapios.org\/fr\/2018\/11\/amaltea-recibe-el-premio-onda-cero-valencia-a-su-trayectoria-solidaria\/","url":"https:\/\/www.itakaescolapios.org\/fr\/2018\/11\/amaltea-recibe-el-premio-onda-cero-valencia-a-su-trayectoria-solidaria\/","name":"AMALTEA RECIBE EL PREMIO ONDA CERO VALENCIA A SU TRAYECTORIA SOLIDARIA - Itaka-Escolapios","isPartOf":{"@id":"https:\/\/www.itakaescolapios.org\/es\/#website"},"primaryImageOfPage":{"@id":"https:\/\/www.itakaescolapios.org\/fr\/2018\/11\/amaltea-recibe-el-premio-onda-cero-valencia-a-su-trayectoria-solidaria\/#primaryimage"},"image":{"@id":"https:\/\/www.itakaescolapios.org\/fr\/2018\/11\/amaltea-recibe-el-premio-onda-cero-valencia-a-su-trayectoria-solidaria\/#primaryimage"},"thumbnailUrl":"https:\/\/www.itakaescolapios.org\/wp-content\/uploads\/2018\/11\/WhatsApp-Image-2018-11-23-at-11.03.51.jpeg","datePublished":"2018-11-23T10:12:40+00:00","dateModified":"2023-11-28T11:37:07+00:00","breadcrumb":{"@id":"https:\/\/www.itakaescolapios.org\/fr\/2018\/11\/amaltea-recibe-el-premio-onda-cero-valencia-a-su-trayectoria-solidaria\/#breadcrumb"},"inLanguage":"fr-FR","potentialAction":[{"@type":"ReadAction","target":["https:\/\/www.itakaescolapios.org\/fr\/2018\/11\/amaltea-recibe-el-premio-onda-cero-valencia-a-su-trayectoria-solidaria\/"]}]},{"@type":"ImageObject","inLanguage":"fr-FR","@id":"https:\/\/www.itakaescolapios.org\/fr\/2018\/11\/amaltea-recibe-el-premio-onda-cero-valencia-a-su-trayectoria-solidaria\/#primaryimage","url":"https:\/\/www.itakaescolapios.org\/wp-content\/uploads\/2018\/11\/WhatsApp-Image-2018-11-23-at-11.03.51.jpeg","contentUrl":"https:\/\/www.itakaescolapios.org\/wp-content\/uploads\/2018\/11\/WhatsApp-Image-2018-11-23-at-11.03.51.jpeg","width":1600,"height":1200},{"@type":"BreadcrumbList","@id":"https:\/\/www.itakaescolapios.org\/fr\/2018\/11\/amaltea-recibe-el-premio-onda-cero-valencia-a-su-trayectoria-solidaria\/#breadcrumb","itemListElement":[{"@type":"ListItem","position":1,"name":"Itaka-Escolapios","item":"https:\/\/www.itakaescolapios.org\/es\/"},{"@type":"ListItem","position":2,"name":"AMALTEA RECIBE EL PREMIO ONDA CERO VALENCIA A SU TRAYECTORIA SOLIDARIA"}]},{"@type":"WebSite","@id":"https:\/\/www.itakaescolapios.org\/fr\/es\/#website","url":"https:\/\/www.itakaescolapios.org\/fr\/es\/","name":"Itaka-Escolapios","description":"Red de Itaka-Escolapios","publisher":{"@id":"https:\/\/www.itakaescolapios.org\/fr\/es\/#organization"},"potentialAction":[{"@type":"SearchAction","target":{"@type":"EntryPoint","urlTemplate":"https:\/\/www.itakaescolapios.org\/fr\/es\/?s={search_term_string}"},"query-input":{"@type":"PropertyValueSpecification","valueRequired":true,"valueName":"search_term_string"}}],"inLanguage":"fr-FR"},{"@type":"Organization","@id":"https:\/\/www.itakaescolapios.org\/fr\/es\/#organization","name":"Fundaci\u00f3 Itaka-Escolapios","url":"https:\/\/www.itakaescolapios.org\/fr\/es\/","logo":{"@type":"ImageObject","inLanguage":"fr-FR","@id":"https:\/\/www.itakaescolapios.org\/fr\/es\/#\/schema\/logo\/image\/","url":"https:\/\/www.itakaescolapios.org\/wp-content\/uploads\/2024\/04\/Logo-itakaescolapios-peque.png","contentUrl":"https:\/\/www.itakaescolapios.org\/wp-content\/uploads\/2024\/04\/Logo-itakaescolapios-peque.png","width":500,"height":199,"caption":"Fundaci\u00f3 Itaka-Escolapios"},"image":{"@id":"https:\/\/www.itakaescolapios.org\/fr\/es\/#\/schema\/logo\/image\/"}},{"@type":"Person","@id":"https:\/\/www.itakaescolapios.org\/es\/#\/schema\/person\/c232ccaa2b3f2e98db93c1f8dfca96ff","name":"valencia01","url":"https:\/\/www.itakaescolapios.org\/fr\/author\/valencia01\/"}]}},"_links":{"self":[{"href":"https:\/\/www.itakaescolapios.org\/fr\/wp-json\/wp\/v2\/posts\/25812","targetHints":{"allow":["GET"]}}],"collection":[{"href":"https:\/\/www.itakaescolapios.org\/fr\/wp-json\/wp\/v2\/posts"}],"about":[{"href":"https:\/\/www.itakaescolapios.org\/fr\/wp-json\/wp\/v2\/types\/post"}],"author":[{"embeddable":true,"href":"https:\/\/www.itakaescolapios.org\/fr\/wp-json\/wp\/v2\/users\/39"}],"replies":[{"embeddable":true,"href":"https:\/\/www.itakaescolapios.org\/fr\/wp-json\/wp\/v2\/comments?post=25812"}],"version-history":[{"count":6,"href":"https:\/\/www.itakaescolapios.org\/fr\/wp-json\/wp\/v2\/posts\/25812\/revisions"}],"predecessor-version":[{"id":46118,"href":"https:\/\/www.itakaescolapios.org\/fr\/wp-json\/wp\/v2\/posts\/25812\/revisions\/46118"}],"wp:featuredmedia":[{"embeddable":true,"href":"https:\/\/www.itakaescolapios.org\/fr\/wp-json\/wp\/v2\/media\/25819"}],"wp:attachment":[{"href":"https:\/\/www.itakaescolapios.org\/fr\/wp-json\/wp\/v2\/media?parent=25812"}],"wp:term":[{"taxonomy":"category","embeddable":true,"href":"https:\/\/www.itakaescolapios.org\/fr\/wp-json\/wp\/v2\/categories?post=25812"},{"taxonomy":"post_tag","embeddable":true,"href":"https:\/\/www.itakaescolapios.org\/fr\/wp-json\/wp\/v2\/tags?post=25812"}],"curies":[{"name":"wp","href":"https:\/\/api.w.org\/{rel}","templated":true}]}}