{"id":26101,"date":"2018-12-16T13:08:50","date_gmt":"2018-12-16T12:08:50","guid":{"rendered":"https:\/\/www.itakaescolapios.org\/?p=26101"},"modified":"2023-11-28T12:37:05","modified_gmt":"2023-11-28T11:37:05","slug":"itaka-escolapios-en-este-dia-del-migrante","status":"publish","type":"post","link":"https:\/\/www.itakaescolapios.org\/fr\/2018\/12\/itaka-escolapios-en-este-dia-del-migrante\/","title":{"rendered":"ITAKA - ESCOLAPIOS EN ESTE D\u00cdA DEL MIGRANTE"},"content":{"rendered":"<p>En este 16 de diciembre, D\u00eda Internacional del Migrante, queremos llamar la atenci\u00f3n sobre los cerca de 250 millones de personas que est\u00e1n fuera de su pa\u00eds buscando un futuro digno (y alrededor de otro 750 millones dentro del propio pa\u00eds y fuera de su tierra natal).<\/p>\n<p>Recordamos c\u00f3mo aquella pobre familia jud\u00eda no encontr\u00f3 acogida en Bel\u00e9n y tuvo que dar a luz a aquel ni\u00f1o tan especial&#8230; y hoy sigue pasando algo semejante.<\/p>\n<p>Renovamos nuestro compromiso por colaborar en la creaci\u00f3n de condiciones de vida adecuadas en cada lugar con nuestra labor educativa y solidaria. Renovamos nuestros compromiso de acogida cuando llegan de otros pa\u00edses con nuestros proyectos de alfabetizaci\u00f3n, de acogida en hogares y residencias, de orientaci\u00f3n y acompa\u00f1amiento, de una actitud abierta y comprometida con quien tiene pleno derecho a buscar un futuro mejor para \u00e9l y su familia. Renovamos nuestro compromiso por intentar transmitir en nuestro entorno la necesidad de un comportamiento individual y social que haga de nuestro mundo una tierra habitable y acogedora para todas las personas&#8230; y, sobre todo, quien m\u00e1s lo necesite.<\/p>\n<p>&nbsp;<\/p>\n","protected":false},"excerpt":{"rendered":"<p>En este 16 de diciembre, D\u00eda Internacional del Migrante, queremos llamar la atenci\u00f3n sobre los cerca de 250 millones de personas que est\u00e1n fuera de su pa\u00eds buscando un futuro [&hellip;]<\/p>\n","protected":false},"author":4,"featured_media":26102,"comment_status":"closed","ping_status":"closed","sticky":false,"template":"","format":"standard","meta":{"_et_pb_use_builder":"","_et_pb_old_content":"","_et_gb_content_width":"","footnotes":""},"categories":[30],"tags":[],"class_list":["post-26101","post","type-post","status-publish","format-standard","has-post-thumbnail","hentry","category-itaka-escolapios"],"yoast_head":"<!-- This site is optimized with the Yoast SEO plugin v27.4 - https:\/\/yoast.com\/product\/yoast-seo-wordpress\/ -->\n<title>ITAKA - ESCOLAPIOS EN ESTE D\u00cdA DEL MIGRANTE<\/title>\n<meta name=\"description\" content=\"En este 16 de diciembre, D\u00eda Internacional del Migrante, queremos llamar la atenci\u00f3n sobre los cerca de 250 millones de personas que est\u00e1n fuera de su pa\u00eds buscando un futuro digno (y alrededor de otro 750 millones dentro del propio pa\u00eds y fuera de su tierra natal). Recordamos c\u00f3mo aquella pobre familia jud\u00eda no encontr\u00f3\u2026\" \/>\n<meta name=\"robots\" content=\"index, follow, max-snippet:-1, max-image-preview:large, max-video-preview:-1\" \/>\n<link rel=\"canonical\" href=\"http:\/\/En%20este%2016%20de%20diciembre,%20D\u00eda%20Internacional%20del%20Migrante,%20queremos%20llamar%20la%20atenci\u00f3n%20sobre%20los%20cerca%20de%20250%20millones%20de%20personas%20que%20est\u00e1n%20fuera%20de%20su%20pa\u00eds%20buscando%20un%20futuro%20digno%20(y%20alrededor%20de%20otro%20750%20millones%20dentro%20del%20propio%20pa\u00eds%20y%20fuera%20de%20su%20tierra%20natal).%20Recordamos%20c\u00f3mo%20aquella%20pobre%20familia%20jud\u00eda%20no%20encontr\u00f3\u2026\" \/>\n<meta property=\"og:locale\" content=\"fr_FR\" \/>\n<meta property=\"og:type\" content=\"article\" \/>\n<meta property=\"og:title\" content=\"ITAKA - ESCOLAPIOS EN ESTE D\u00cdA DEL MIGRANTE\" \/>\n<meta property=\"og:description\" content=\"En este 16 de diciembre, D\u00eda Internacional del Migrante, queremos llamar la atenci\u00f3n sobre los cerca de 250 millones de personas que est\u00e1n fuera de su pa\u00eds buscando un futuro digno (y alrededor de otro 750 millones dentro del propio pa\u00eds y fuera de su tierra natal). Recordamos c\u00f3mo aquella pobre familia jud\u00eda no encontr\u00f3\u2026\" \/>\n<meta property=\"og:url\" content=\"https:\/\/www.itakaescolapios.org\/fr\/2018\/12\/itaka-escolapios-en-este-dia-del-migrante\/\" \/>\n<meta property=\"og:site_name\" content=\"Itaka-Escolapios\" \/>\n<meta property=\"article:published_time\" content=\"2018-12-16T12:08:50+00:00\" \/>\n<meta property=\"article:modified_time\" content=\"2023-11-28T11:37:05+00:00\" \/>\n<meta property=\"og:image\" content=\"https:\/\/www.itakaescolapios.org\/wp-content\/uploads\/2018\/12\/1migrar.png\" \/>\n\t<meta property=\"og:image:width\" content=\"2444\" \/>\n\t<meta property=\"og:image:height\" content=\"952\" \/>\n\t<meta property=\"og:image:type\" content=\"image\/png\" \/>\n<meta name=\"author\" content=\"itaka\" \/>\n<meta name=\"twitter:card\" content=\"summary_large_image\" \/>\n<meta name=\"twitter:label1\" content=\"\u00c9crit par\" \/>\n\t<meta name=\"twitter:data1\" content=\"itaka\" \/>\n\t<meta name=\"twitter:label2\" content=\"Dur\u00e9e de lecture estim\u00e9e\" \/>\n\t<meta name=\"twitter:data2\" content=\"1 minute\" \/>\n<script type=\"application\/ld+json\" class=\"yoast-schema-graph\">{\"@context\":\"https:\\\/\\\/schema.org\",\"@graph\":[{\"@type\":\"Article\",\"@id\":\"https:\\\/\\\/www.itakaescolapios.org\\\/fr\\\/2018\\\/12\\\/itaka-escolapios-en-este-dia-del-migrante\\\/#article\",\"isPartOf\":{\"@id\":\"https:\\\/\\\/www.itakaescolapios.org\\\/fr\\\/2018\\\/12\\\/itaka-escolapios-en-este-dia-del-migrante\\\/\"},\"author\":{\"name\":\"itaka\",\"@id\":\"https:\\\/\\\/www.itakaescolapios.org\\\/es\\\/#\\\/schema\\\/person\\\/670123daeb1cc31cae1b106740036ccb\"},\"headline\":\"ITAKA - ESCOLAPIOS EN ESTE D\u00cdA DEL MIGRANTE\",\"datePublished\":\"2018-12-16T12:08:50+00:00\",\"dateModified\":\"2023-11-28T11:37:05+00:00\",\"mainEntityOfPage\":{\"@id\":\"https:\\\/\\\/www.itakaescolapios.org\\\/fr\\\/2018\\\/12\\\/itaka-escolapios-en-este-dia-del-migrante\\\/\"},\"wordCount\":203,\"publisher\":{\"@id\":\"https:\\\/\\\/www.itakaescolapios.org\\\/es\\\/#organization\"},\"image\":{\"@id\":\"https:\\\/\\\/www.itakaescolapios.org\\\/fr\\\/2018\\\/12\\\/itaka-escolapios-en-este-dia-del-migrante\\\/#primaryimage\"},\"thumbnailUrl\":\"https:\\\/\\\/www.itakaescolapios.org\\\/wp-content\\\/uploads\\\/2018\\\/12\\\/1migrar.png\",\"articleSection\":[\"Itaka Escolapios\"],\"inLanguage\":\"fr-FR\"},{\"@type\":\"WebPage\",\"@id\":\"https:\\\/\\\/www.itakaescolapios.org\\\/fr\\\/2018\\\/12\\\/itaka-escolapios-en-este-dia-del-migrante\\\/\",\"url\":\"https:\\\/\\\/www.itakaescolapios.org\\\/fr\\\/2018\\\/12\\\/itaka-escolapios-en-este-dia-del-migrante\\\/\",\"name\":\"ITAKA - ESCOLAPIOS EN ESTE D\u00cdA DEL MIGRANTE - Itaka-Escolapios\",\"isPartOf\":{\"@id\":\"https:\\\/\\\/www.itakaescolapios.org\\\/es\\\/#website\"},\"primaryImageOfPage\":{\"@id\":\"https:\\\/\\\/www.itakaescolapios.org\\\/fr\\\/2018\\\/12\\\/itaka-escolapios-en-este-dia-del-migrante\\\/#primaryimage\"},\"image\":{\"@id\":\"https:\\\/\\\/www.itakaescolapios.org\\\/fr\\\/2018\\\/12\\\/itaka-escolapios-en-este-dia-del-migrante\\\/#primaryimage\"},\"thumbnailUrl\":\"https:\\\/\\\/www.itakaescolapios.org\\\/wp-content\\\/uploads\\\/2018\\\/12\\\/1migrar.png\",\"datePublished\":\"2018-12-16T12:08:50+00:00\",\"dateModified\":\"2023-11-28T11:37:05+00:00\",\"breadcrumb\":{\"@id\":\"https:\\\/\\\/www.itakaescolapios.org\\\/fr\\\/2018\\\/12\\\/itaka-escolapios-en-este-dia-del-migrante\\\/#breadcrumb\"},\"inLanguage\":\"fr-FR\",\"potentialAction\":[{\"@type\":\"ReadAction\",\"target\":[\"https:\\\/\\\/www.itakaescolapios.org\\\/fr\\\/2018\\\/12\\\/itaka-escolapios-en-este-dia-del-migrante\\\/\"]}]},{\"@type\":\"ImageObject\",\"inLanguage\":\"fr-FR\",\"@id\":\"https:\\\/\\\/www.itakaescolapios.org\\\/fr\\\/2018\\\/12\\\/itaka-escolapios-en-este-dia-del-migrante\\\/#primaryimage\",\"url\":\"https:\\\/\\\/www.itakaescolapios.org\\\/wp-content\\\/uploads\\\/2018\\\/12\\\/1migrar.png\",\"contentUrl\":\"https:\\\/\\\/www.itakaescolapios.org\\\/wp-content\\\/uploads\\\/2018\\\/12\\\/1migrar.png\",\"width\":2444,\"height\":952},{\"@type\":\"BreadcrumbList\",\"@id\":\"https:\\\/\\\/www.itakaescolapios.org\\\/fr\\\/2018\\\/12\\\/itaka-escolapios-en-este-dia-del-migrante\\\/#breadcrumb\",\"itemListElement\":[{\"@type\":\"ListItem\",\"position\":1,\"name\":\"Itaka-Escolapios\",\"item\":\"https:\\\/\\\/www.itakaescolapios.org\\\/es\\\/\"},{\"@type\":\"ListItem\",\"position\":2,\"name\":\"ITAKA - ESCOLAPIOS EN ESTE D\u00cdA DEL MIGRANTE\"}]},{\"@type\":\"WebSite\",\"@id\":\"https:\\\/\\\/www.itakaescolapios.org\\\/fr\\\/es\\\/#website\",\"url\":\"https:\\\/\\\/www.itakaescolapios.org\\\/fr\\\/es\\\/\",\"name\":\"Itaka-Escolapios\",\"description\":\"Red de Itaka-Escolapios\",\"publisher\":{\"@id\":\"https:\\\/\\\/www.itakaescolapios.org\\\/fr\\\/es\\\/#organization\"},\"potentialAction\":[{\"@type\":\"SearchAction\",\"target\":{\"@type\":\"EntryPoint\",\"urlTemplate\":\"https:\\\/\\\/www.itakaescolapios.org\\\/fr\\\/es\\\/?s={search_term_string}\"},\"query-input\":{\"@type\":\"PropertyValueSpecification\",\"valueRequired\":true,\"valueName\":\"search_term_string\"}}],\"inLanguage\":\"fr-FR\"},{\"@type\":\"Organization\",\"@id\":\"https:\\\/\\\/www.itakaescolapios.org\\\/fr\\\/es\\\/#organization\",\"name\":\"Fundaci\u00f3 Itaka-Escolapios\",\"url\":\"https:\\\/\\\/www.itakaescolapios.org\\\/fr\\\/es\\\/\",\"logo\":{\"@type\":\"ImageObject\",\"inLanguage\":\"fr-FR\",\"@id\":\"https:\\\/\\\/www.itakaescolapios.org\\\/fr\\\/es\\\/#\\\/schema\\\/logo\\\/image\\\/\",\"url\":\"https:\\\/\\\/www.itakaescolapios.org\\\/wp-content\\\/uploads\\\/2024\\\/04\\\/Logo-itakaescolapios-peque.png\",\"contentUrl\":\"https:\\\/\\\/www.itakaescolapios.org\\\/wp-content\\\/uploads\\\/2024\\\/04\\\/Logo-itakaescolapios-peque.png\",\"width\":500,\"height\":199,\"caption\":\"Fundaci\u00f3 Itaka-Escolapios\"},\"image\":{\"@id\":\"https:\\\/\\\/www.itakaescolapios.org\\\/fr\\\/es\\\/#\\\/schema\\\/logo\\\/image\\\/\"}},{\"@type\":\"Person\",\"@id\":\"https:\\\/\\\/www.itakaescolapios.org\\\/es\\\/#\\\/schema\\\/person\\\/670123daeb1cc31cae1b106740036ccb\",\"name\":\"itaka\",\"url\":\"https:\\\/\\\/www.itakaescolapios.org\\\/fr\\\/author\\\/itaka\\\/\"}]}<\/script>\n<!-- \/ Yoast SEO plugin. -->","yoast_head_json":{"title":"ITAKA - ESCOLAPIOS EN ESTE D\u00cdA DEL MIGRANTE","description":"En este 16 de diciembre, D\u00eda Internacional del Migrante, queremos llamar la atenci\u00f3n sobre los cerca de 250 millones de personas que est\u00e1n fuera de su pa\u00eds buscando un futuro digno (y alrededor de otro 750 millones dentro del propio pa\u00eds y fuera de su tierra natal). Recordamos c\u00f3mo aquella pobre familia jud\u00eda no encontr\u00f3\u2026","robots":{"index":"index","follow":"follow","max-snippet":"max-snippet:-1","max-image-preview":"max-image-preview:large","max-video-preview":"max-video-preview:-1"},"canonical":"En este 16 de diciembre, D\u00eda Internacional del Migrante, queremos llamar la atenci\u00f3n sobre los cerca de 250 millones de personas que est\u00e1n fuera de su pa\u00eds buscando un futuro digno (y alrededor de otro 750 millones dentro del propio pa\u00eds y fuera de su tierra natal). Recordamos c\u00f3mo aquella pobre familia jud\u00eda no encontr\u00f3\u2026","og_locale":"fr_FR","og_type":"article","og_title":"ITAKA - ESCOLAPIOS EN ESTE D\u00cdA DEL MIGRANTE","og_description":"En este 16 de diciembre, D\u00eda Internacional del Migrante, queremos llamar la atenci\u00f3n sobre los cerca de 250 millones de personas que est\u00e1n fuera de su pa\u00eds buscando un futuro digno (y alrededor de otro 750 millones dentro del propio pa\u00eds y fuera de su tierra natal). Recordamos c\u00f3mo aquella pobre familia jud\u00eda no encontr\u00f3\u2026","og_url":"https:\/\/www.itakaescolapios.org\/fr\/2018\/12\/itaka-escolapios-en-este-dia-del-migrante\/","og_site_name":"Itaka-Escolapios","article_published_time":"2018-12-16T12:08:50+00:00","article_modified_time":"2023-11-28T11:37:05+00:00","og_image":[{"width":2444,"height":952,"url":"https:\/\/www.itakaescolapios.org\/wp-content\/uploads\/2018\/12\/1migrar.png","type":"image\/png"}],"author":"itaka","twitter_card":"summary_large_image","twitter_misc":{"\u00c9crit par":"itaka","Dur\u00e9e de lecture estim\u00e9e":"1 minute"},"schema":{"@context":"https:\/\/schema.org","@graph":[{"@type":"Article","@id":"https:\/\/www.itakaescolapios.org\/fr\/2018\/12\/itaka-escolapios-en-este-dia-del-migrante\/#article","isPartOf":{"@id":"https:\/\/www.itakaescolapios.org\/fr\/2018\/12\/itaka-escolapios-en-este-dia-del-migrante\/"},"author":{"name":"itaka","@id":"https:\/\/www.itakaescolapios.org\/es\/#\/schema\/person\/670123daeb1cc31cae1b106740036ccb"},"headline":"ITAKA - ESCOLAPIOS EN ESTE D\u00cdA DEL MIGRANTE","datePublished":"2018-12-16T12:08:50+00:00","dateModified":"2023-11-28T11:37:05+00:00","mainEntityOfPage":{"@id":"https:\/\/www.itakaescolapios.org\/fr\/2018\/12\/itaka-escolapios-en-este-dia-del-migrante\/"},"wordCount":203,"publisher":{"@id":"https:\/\/www.itakaescolapios.org\/es\/#organization"},"image":{"@id":"https:\/\/www.itakaescolapios.org\/fr\/2018\/12\/itaka-escolapios-en-este-dia-del-migrante\/#primaryimage"},"thumbnailUrl":"https:\/\/www.itakaescolapios.org\/wp-content\/uploads\/2018\/12\/1migrar.png","articleSection":["Itaka Escolapios"],"inLanguage":"fr-FR"},{"@type":"WebPage","@id":"https:\/\/www.itakaescolapios.org\/fr\/2018\/12\/itaka-escolapios-en-este-dia-del-migrante\/","url":"https:\/\/www.itakaescolapios.org\/fr\/2018\/12\/itaka-escolapios-en-este-dia-del-migrante\/","name":"ITAKA - ESCOLAPIOS EN ESTE D\u00cdA DEL MIGRANTE - Itaka-Escolapios","isPartOf":{"@id":"https:\/\/www.itakaescolapios.org\/es\/#website"},"primaryImageOfPage":{"@id":"https:\/\/www.itakaescolapios.org\/fr\/2018\/12\/itaka-escolapios-en-este-dia-del-migrante\/#primaryimage"},"image":{"@id":"https:\/\/www.itakaescolapios.org\/fr\/2018\/12\/itaka-escolapios-en-este-dia-del-migrante\/#primaryimage"},"thumbnailUrl":"https:\/\/www.itakaescolapios.org\/wp-content\/uploads\/2018\/12\/1migrar.png","datePublished":"2018-12-16T12:08:50+00:00","dateModified":"2023-11-28T11:37:05+00:00","breadcrumb":{"@id":"https:\/\/www.itakaescolapios.org\/fr\/2018\/12\/itaka-escolapios-en-este-dia-del-migrante\/#breadcrumb"},"inLanguage":"fr-FR","potentialAction":[{"@type":"ReadAction","target":["https:\/\/www.itakaescolapios.org\/fr\/2018\/12\/itaka-escolapios-en-este-dia-del-migrante\/"]}]},{"@type":"ImageObject","inLanguage":"fr-FR","@id":"https:\/\/www.itakaescolapios.org\/fr\/2018\/12\/itaka-escolapios-en-este-dia-del-migrante\/#primaryimage","url":"https:\/\/www.itakaescolapios.org\/wp-content\/uploads\/2018\/12\/1migrar.png","contentUrl":"https:\/\/www.itakaescolapios.org\/wp-content\/uploads\/2018\/12\/1migrar.png","width":2444,"height":952},{"@type":"BreadcrumbList","@id":"https:\/\/www.itakaescolapios.org\/fr\/2018\/12\/itaka-escolapios-en-este-dia-del-migrante\/#breadcrumb","itemListElement":[{"@type":"ListItem","position":1,"name":"Itaka-Escolapios","item":"https:\/\/www.itakaescolapios.org\/es\/"},{"@type":"ListItem","position":2,"name":"ITAKA - ESCOLAPIOS EN ESTE D\u00cdA DEL MIGRANTE"}]},{"@type":"WebSite","@id":"https:\/\/www.itakaescolapios.org\/fr\/es\/#website","url":"https:\/\/www.itakaescolapios.org\/fr\/es\/","name":"Itaka-Escolapios","description":"Red de Itaka-Escolapios","publisher":{"@id":"https:\/\/www.itakaescolapios.org\/fr\/es\/#organization"},"potentialAction":[{"@type":"SearchAction","target":{"@type":"EntryPoint","urlTemplate":"https:\/\/www.itakaescolapios.org\/fr\/es\/?s={search_term_string}"},"query-input":{"@type":"PropertyValueSpecification","valueRequired":true,"valueName":"search_term_string"}}],"inLanguage":"fr-FR"},{"@type":"Organization","@id":"https:\/\/www.itakaescolapios.org\/fr\/es\/#organization","name":"Fundaci\u00f3 Itaka-Escolapios","url":"https:\/\/www.itakaescolapios.org\/fr\/es\/","logo":{"@type":"ImageObject","inLanguage":"fr-FR","@id":"https:\/\/www.itakaescolapios.org\/fr\/es\/#\/schema\/logo\/image\/","url":"https:\/\/www.itakaescolapios.org\/wp-content\/uploads\/2024\/04\/Logo-itakaescolapios-peque.png","contentUrl":"https:\/\/www.itakaescolapios.org\/wp-content\/uploads\/2024\/04\/Logo-itakaescolapios-peque.png","width":500,"height":199,"caption":"Fundaci\u00f3 Itaka-Escolapios"},"image":{"@id":"https:\/\/www.itakaescolapios.org\/fr\/es\/#\/schema\/logo\/image\/"}},{"@type":"Person","@id":"https:\/\/www.itakaescolapios.org\/es\/#\/schema\/person\/670123daeb1cc31cae1b106740036ccb","name":"itaka","url":"https:\/\/www.itakaescolapios.org\/fr\/author\/itaka\/"}]}},"_links":{"self":[{"href":"https:\/\/www.itakaescolapios.org\/fr\/wp-json\/wp\/v2\/posts\/26101","targetHints":{"allow":["GET"]}}],"collection":[{"href":"https:\/\/www.itakaescolapios.org\/fr\/wp-json\/wp\/v2\/posts"}],"about":[{"href":"https:\/\/www.itakaescolapios.org\/fr\/wp-json\/wp\/v2\/types\/post"}],"author":[{"embeddable":true,"href":"https:\/\/www.itakaescolapios.org\/fr\/wp-json\/wp\/v2\/users\/4"}],"replies":[{"embeddable":true,"href":"https:\/\/www.itakaescolapios.org\/fr\/wp-json\/wp\/v2\/comments?post=26101"}],"version-history":[{"count":4,"href":"https:\/\/www.itakaescolapios.org\/fr\/wp-json\/wp\/v2\/posts\/26101\/revisions"}],"predecessor-version":[{"id":46052,"href":"https:\/\/www.itakaescolapios.org\/fr\/wp-json\/wp\/v2\/posts\/26101\/revisions\/46052"}],"wp:featuredmedia":[{"embeddable":true,"href":"https:\/\/www.itakaescolapios.org\/fr\/wp-json\/wp\/v2\/media\/26102"}],"wp:attachment":[{"href":"https:\/\/www.itakaescolapios.org\/fr\/wp-json\/wp\/v2\/media?parent=26101"}],"wp:term":[{"taxonomy":"category","embeddable":true,"href":"https:\/\/www.itakaescolapios.org\/fr\/wp-json\/wp\/v2\/categories?post=26101"},{"taxonomy":"post_tag","embeddable":true,"href":"https:\/\/www.itakaescolapios.org\/fr\/wp-json\/wp\/v2\/tags?post=26101"}],"curies":[{"name":"wp","href":"https:\/\/api.w.org\/{rel}","templated":true}]}}