{"id":26109,"date":"2018-12-17T14:16:06","date_gmt":"2018-12-17T13:16:06","guid":{"rendered":"https:\/\/www.itakaescolapios.org\/?p=26109"},"modified":"2023-11-28T12:37:05","modified_gmt":"2023-11-28T11:37:05","slug":"inicio-oficial-del-movimiento-calasanz-en-bafia","status":"publish","type":"post","link":"https:\/\/www.itakaescolapios.org\/fr\/2018\/12\/inicio-oficial-del-movimiento-calasanz-en-bafia\/","title":{"rendered":"Lancement officiel du Mouvement Calasanz en Bafia."},"content":{"rendered":"<p>Mercredi 12 d\u00e9cembre dernier, dans notre pr\u00e9sence Piariste de Bafia, nous avons d\u00e9marr\u00e9 les activit\u00e9s du Mouvement Calasanz. Dans une ambiance festive avec les touts petit de notre complexe scolaire Calasanz, les enseignants ont pr\u00e9sent\u00e9 avec beaucoup d&rsquo;humour les diff\u00e9rents ateliers pris en charge par le processus d&rsquo;accompagnement du MC.<\/p>\n\n\t\t<style type=\"text\/css\">\n\t\t\t#gallery-1 {\n\t\t\t\tmargin: auto;\n\t\t\t}\n\t\t\t#gallery-1 .gallery-item {\n\t\t\t\tfloat: left;\n\t\t\t\tmargin-top: 10px;\n\t\t\t\ttext-align: center;\n\t\t\t\twidth: 33%;\n\t\t\t}\n\t\t\t#gallery-1 img {\n\t\t\t\tborder: 2px solid #cfcfcf;\n\t\t\t}\n\t\t\t#gallery-1 .gallery-caption {\n\t\t\t\tmargin-left: 0;\n\t\t\t}\n\t\t\t\/* see gallery_shortcode() in wp-includes\/media.php *\/\n\t\t<\/style>\n\t\t<div id='gallery-1' class='gallery galleryid-26109 gallery-columns-3 gallery-size-thumbnail'><dl class='gallery-item'>\n\t\t\t<dt class='gallery-icon landscape'>\n\t\t\t\t<a href='https:\/\/www.itakaescolapios.org\/fr\/2018\/12\/inicio-oficial-del-movimiento-calasanz-en-bafia\/181212-lancement-mc-bafia-16\/'><img decoding=\"async\" width=\"90\" height=\"90\" src=\"https:\/\/www.itakaescolapios.org\/wp-content\/uploads\/2018\/12\/181212-Lancement-MC-Bafia-16-90x90.jpg\" class=\"attachment-thumbnail size-thumbnail\" alt=\"\" \/><\/a>\n\t\t\t<\/dt><\/dl><dl class='gallery-item'>\n\t\t\t<dt class='gallery-icon landscape'>\n\t\t\t\t<a href='https:\/\/www.itakaescolapios.org\/fr\/2018\/12\/inicio-oficial-del-movimiento-calasanz-en-bafia\/181212-lancement-mc-bafia-19\/'><img decoding=\"async\" width=\"90\" height=\"90\" src=\"https:\/\/www.itakaescolapios.org\/wp-content\/uploads\/2018\/12\/181212-Lancement-MC-Bafia-19-90x90.jpg\" class=\"attachment-thumbnail size-thumbnail\" alt=\"\" \/><\/a>\n\t\t\t<\/dt><\/dl><dl class='gallery-item'>\n\t\t\t<dt class='gallery-icon landscape'>\n\t\t\t\t<a href='https:\/\/www.itakaescolapios.org\/fr\/2018\/12\/inicio-oficial-del-movimiento-calasanz-en-bafia\/181212-lancement-mc-bafia-14\/'><img decoding=\"async\" width=\"90\" height=\"90\" src=\"https:\/\/www.itakaescolapios.org\/wp-content\/uploads\/2018\/12\/181212-Lancement-MC-Bafia-14-90x90.jpg\" class=\"attachment-thumbnail size-thumbnail\" alt=\"\" \/><\/a>\n\t\t\t<\/dt><\/dl><br style=\"clear: both\" \/><dl class='gallery-item'>\n\t\t\t<dt class='gallery-icon landscape'>\n\t\t\t\t<a href='https:\/\/www.itakaescolapios.org\/fr\/2018\/12\/inicio-oficial-del-movimiento-calasanz-en-bafia\/181212-lancement-mc-bafia-11\/'><img decoding=\"async\" width=\"90\" height=\"90\" src=\"https:\/\/www.itakaescolapios.org\/wp-content\/uploads\/2018\/12\/181212-Lancement-MC-Bafia-11-90x90.jpg\" class=\"attachment-thumbnail size-thumbnail\" alt=\"\" \/><\/a>\n\t\t\t<\/dt><\/dl><dl class='gallery-item'>\n\t\t\t<dt class='gallery-icon landscape'>\n\t\t\t\t<a href='https:\/\/www.itakaescolapios.org\/fr\/2018\/12\/inicio-oficial-del-movimiento-calasanz-en-bafia\/181212-lancement-mc-bafia-03\/'><img decoding=\"async\" width=\"90\" height=\"90\" src=\"https:\/\/www.itakaescolapios.org\/wp-content\/uploads\/2018\/12\/181212-Lancement-MC-Bafia-03-90x90.jpg\" class=\"attachment-thumbnail size-thumbnail\" alt=\"\" \/><\/a>\n\t\t\t<\/dt><\/dl><dl class='gallery-item'>\n\t\t\t<dt class='gallery-icon landscape'>\n\t\t\t\t<a href='https:\/\/www.itakaescolapios.org\/fr\/2018\/12\/inicio-oficial-del-movimiento-calasanz-en-bafia\/181212-lancement-mc-bafia-02\/'><img decoding=\"async\" width=\"90\" height=\"90\" src=\"https:\/\/www.itakaescolapios.org\/wp-content\/uploads\/2018\/12\/181212-Lancement-MC-Bafia-02-90x90.jpg\" class=\"attachment-thumbnail size-thumbnail\" alt=\"\" \/><\/a>\n\t\t\t<\/dt><\/dl><br style=\"clear: both\" \/>\n\t\t<\/div>\n\n","protected":false},"excerpt":{"rendered":"<p>Mercredi 12 d\u00e9cembre dernier, dans notre pr\u00e9sence Piariste de Bafia, nous avons d\u00e9marr\u00e9 les activit\u00e9s du Mouvement Calasanz. Dans une ambiance festive avec les touts petit de notre complexe scolaire [&hellip;]<\/p>\n","protected":false},"author":15,"featured_media":26110,"comment_status":"closed","ping_status":"closed","sticky":false,"template":"","format":"standard","meta":{"_et_pb_use_builder":"","_et_pb_old_content":"","_et_gb_content_width":"","footnotes":""},"categories":[10],"tags":[],"class_list":["post-26109","post","type-post","status-publish","format-standard","has-post-thumbnail","hentry","category-camerun"],"yoast_head":"<!-- This site is optimized with the Yoast SEO plugin v27.4 - https:\/\/yoast.com\/product\/yoast-seo-wordpress\/ -->\n<title>Lancement officiel du Mouvement Calasanz en Bafia.<\/title>\n<meta name=\"description\" content=\"Mercredi 12 d\u00e9cembre dernier, dans notre pr\u00e9sence Piariste de Bafia, nous avons d\u00e9marr\u00e9 les activit\u00e9s du Mouvement Calasanz. Dans une ambiance festive avec les touts petit de notre complexe scolaire Calasanz, les enseignants ont pr\u00e9sent\u00e9 avec beaucoup d&#039;humour les diff\u00e9rents ateliers pris en charge par le processus d&#039;accompagnement du MC. [gallery ids=&quot;26115,26116,26114,26113,26112,26111&quot;]\" \/>\n<meta name=\"robots\" content=\"index, follow, max-snippet:-1, max-image-preview:large, max-video-preview:-1\" \/>\n<link rel=\"canonical\" href=\"http:\/\/Mercredi%2012%20d\u00e9cembre%20dernier,%20dans%20notre%20pr\u00e9sence%20Piariste%20de%20Bafia,%20nous%20avons%20d\u00e9marr\u00e9%20les%20activit\u00e9s%20du%20Mouvement%20Calasanz.%20Dans%20une%20ambiance%20festive%20avec%20les%20touts%20petit%20de%20notre%20complexe%20scolaire%20Calasanz,%20les%20enseignants%20ont%20pr\u00e9sent\u00e9%20avec%20beaucoup%20d'humour%20les%20diff\u00e9rents%20ateliers%20pris%20en%20charge%20par%20le%20processus%20d'accompagnement%20du%20MC.%20[gallery%20ids=26115,26116,26114,26113,26112,26111]\" \/>\n<meta property=\"og:locale\" content=\"fr_FR\" \/>\n<meta property=\"og:type\" content=\"article\" \/>\n<meta property=\"og:title\" content=\"Lancement officiel du Mouvement Calasanz en Bafia.\" \/>\n<meta property=\"og:description\" content=\"Mercredi 12 d\u00e9cembre dernier, dans notre pr\u00e9sence Piariste de Bafia, nous avons d\u00e9marr\u00e9 les activit\u00e9s du Mouvement Calasanz. Dans une ambiance festive avec les touts petit de notre complexe scolaire Calasanz, les enseignants ont pr\u00e9sent\u00e9 avec beaucoup d&#039;humour les diff\u00e9rents ateliers pris en charge par le processus d&#039;accompagnement du MC. [gallery ids=&quot;26115,26116,26114,26113,26112,26111&quot;]\" \/>\n<meta property=\"og:url\" content=\"https:\/\/www.itakaescolapios.org\/fr\/2018\/12\/inicio-oficial-del-movimiento-calasanz-en-bafia\/\" \/>\n<meta property=\"og:site_name\" content=\"Itaka-Escolapios\" \/>\n<meta property=\"article:published_time\" content=\"2018-12-17T13:16:06+00:00\" \/>\n<meta property=\"article:modified_time\" content=\"2023-11-28T11:37:05+00:00\" \/>\n<meta property=\"og:image\" content=\"https:\/\/www.itakaescolapios.org\/wp-content\/uploads\/2018\/12\/181212-Lancement-MC-Bafia-01.jpg\" \/>\n\t<meta property=\"og:image:width\" content=\"960\" \/>\n\t<meta property=\"og:image:height\" content=\"540\" \/>\n\t<meta property=\"og:image:type\" content=\"image\/jpeg\" \/>\n<meta name=\"author\" content=\"cameroun01\" \/>\n<meta name=\"twitter:card\" content=\"summary_large_image\" \/>\n<meta name=\"twitter:label1\" content=\"\u00c9crit par\" \/>\n\t<meta name=\"twitter:data1\" content=\"cameroun01\" \/>\n<script type=\"application\/ld+json\" class=\"yoast-schema-graph\">{\"@context\":\"https:\\\/\\\/schema.org\",\"@graph\":[{\"@type\":\"Article\",\"@id\":\"https:\\\/\\\/www.itakaescolapios.org\\\/fr\\\/2018\\\/12\\\/inicio-oficial-del-movimiento-calasanz-en-bafia\\\/#article\",\"isPartOf\":{\"@id\":\"https:\\\/\\\/www.itakaescolapios.org\\\/fr\\\/2018\\\/12\\\/inicio-oficial-del-movimiento-calasanz-en-bafia\\\/\"},\"author\":{\"name\":\"cameroun01\",\"@id\":\"https:\\\/\\\/www.itakaescolapios.org\\\/es\\\/#\\\/schema\\\/person\\\/d2844383e29bfdfef69039672ce14eb1\"},\"headline\":\"Lancement officiel du Mouvement Calasanz en Bafia.\",\"datePublished\":\"2018-12-17T13:16:06+00:00\",\"dateModified\":\"2023-11-28T11:37:05+00:00\",\"mainEntityOfPage\":{\"@id\":\"https:\\\/\\\/www.itakaescolapios.org\\\/fr\\\/2018\\\/12\\\/inicio-oficial-del-movimiento-calasanz-en-bafia\\\/\"},\"wordCount\":58,\"publisher\":{\"@id\":\"https:\\\/\\\/www.itakaescolapios.org\\\/es\\\/#organization\"},\"image\":{\"@id\":\"https:\\\/\\\/www.itakaescolapios.org\\\/fr\\\/2018\\\/12\\\/inicio-oficial-del-movimiento-calasanz-en-bafia\\\/#primaryimage\"},\"thumbnailUrl\":\"https:\\\/\\\/www.itakaescolapios.org\\\/wp-content\\\/uploads\\\/2018\\\/12\\\/181212-Lancement-MC-Bafia-01.jpg\",\"articleSection\":[\"Cameroun\"],\"inLanguage\":\"fr-FR\"},{\"@type\":\"WebPage\",\"@id\":\"https:\\\/\\\/www.itakaescolapios.org\\\/fr\\\/2018\\\/12\\\/inicio-oficial-del-movimiento-calasanz-en-bafia\\\/\",\"url\":\"https:\\\/\\\/www.itakaescolapios.org\\\/fr\\\/2018\\\/12\\\/inicio-oficial-del-movimiento-calasanz-en-bafia\\\/\",\"name\":\"Inicio oficial del Movimiento Calasanz en Bafia - Itaka-Escolapios\",\"isPartOf\":{\"@id\":\"https:\\\/\\\/www.itakaescolapios.org\\\/es\\\/#website\"},\"primaryImageOfPage\":{\"@id\":\"https:\\\/\\\/www.itakaescolapios.org\\\/fr\\\/2018\\\/12\\\/inicio-oficial-del-movimiento-calasanz-en-bafia\\\/#primaryimage\"},\"image\":{\"@id\":\"https:\\\/\\\/www.itakaescolapios.org\\\/fr\\\/2018\\\/12\\\/inicio-oficial-del-movimiento-calasanz-en-bafia\\\/#primaryimage\"},\"thumbnailUrl\":\"https:\\\/\\\/www.itakaescolapios.org\\\/wp-content\\\/uploads\\\/2018\\\/12\\\/181212-Lancement-MC-Bafia-01.jpg\",\"datePublished\":\"2018-12-17T13:16:06+00:00\",\"dateModified\":\"2023-11-28T11:37:05+00:00\",\"breadcrumb\":{\"@id\":\"https:\\\/\\\/www.itakaescolapios.org\\\/fr\\\/2018\\\/12\\\/inicio-oficial-del-movimiento-calasanz-en-bafia\\\/#breadcrumb\"},\"inLanguage\":\"fr-FR\",\"potentialAction\":[{\"@type\":\"ReadAction\",\"target\":[\"https:\\\/\\\/www.itakaescolapios.org\\\/fr\\\/2018\\\/12\\\/inicio-oficial-del-movimiento-calasanz-en-bafia\\\/\"]}]},{\"@type\":\"ImageObject\",\"inLanguage\":\"fr-FR\",\"@id\":\"https:\\\/\\\/www.itakaescolapios.org\\\/fr\\\/2018\\\/12\\\/inicio-oficial-del-movimiento-calasanz-en-bafia\\\/#primaryimage\",\"url\":\"https:\\\/\\\/www.itakaescolapios.org\\\/wp-content\\\/uploads\\\/2018\\\/12\\\/181212-Lancement-MC-Bafia-01.jpg\",\"contentUrl\":\"https:\\\/\\\/www.itakaescolapios.org\\\/wp-content\\\/uploads\\\/2018\\\/12\\\/181212-Lancement-MC-Bafia-01.jpg\",\"width\":960,\"height\":540},{\"@type\":\"BreadcrumbList\",\"@id\":\"https:\\\/\\\/www.itakaescolapios.org\\\/fr\\\/2018\\\/12\\\/inicio-oficial-del-movimiento-calasanz-en-bafia\\\/#breadcrumb\",\"itemListElement\":[{\"@type\":\"ListItem\",\"position\":1,\"name\":\"Itaka-Escolapios\",\"item\":\"https:\\\/\\\/www.itakaescolapios.org\\\/es\\\/\"},{\"@type\":\"ListItem\",\"position\":2,\"name\":\"Lancement officiel du Mouvement Calasanz en Bafia.\"}]},{\"@type\":\"WebSite\",\"@id\":\"https:\\\/\\\/www.itakaescolapios.org\\\/fr\\\/es\\\/#website\",\"url\":\"https:\\\/\\\/www.itakaescolapios.org\\\/fr\\\/es\\\/\",\"name\":\"Itaka-Escolapios\",\"description\":\"Red de Itaka-Escolapios\",\"publisher\":{\"@id\":\"https:\\\/\\\/www.itakaescolapios.org\\\/fr\\\/es\\\/#organization\"},\"potentialAction\":[{\"@type\":\"SearchAction\",\"target\":{\"@type\":\"EntryPoint\",\"urlTemplate\":\"https:\\\/\\\/www.itakaescolapios.org\\\/fr\\\/es\\\/?s={search_term_string}\"},\"query-input\":{\"@type\":\"PropertyValueSpecification\",\"valueRequired\":true,\"valueName\":\"search_term_string\"}}],\"inLanguage\":\"fr-FR\"},{\"@type\":\"Organization\",\"@id\":\"https:\\\/\\\/www.itakaescolapios.org\\\/fr\\\/es\\\/#organization\",\"name\":\"Fundaci\u00f3 Itaka-Escolapios\",\"url\":\"https:\\\/\\\/www.itakaescolapios.org\\\/fr\\\/es\\\/\",\"logo\":{\"@type\":\"ImageObject\",\"inLanguage\":\"fr-FR\",\"@id\":\"https:\\\/\\\/www.itakaescolapios.org\\\/fr\\\/es\\\/#\\\/schema\\\/logo\\\/image\\\/\",\"url\":\"https:\\\/\\\/www.itakaescolapios.org\\\/wp-content\\\/uploads\\\/2024\\\/04\\\/Logo-itakaescolapios-peque.png\",\"contentUrl\":\"https:\\\/\\\/www.itakaescolapios.org\\\/wp-content\\\/uploads\\\/2024\\\/04\\\/Logo-itakaescolapios-peque.png\",\"width\":500,\"height\":199,\"caption\":\"Fundaci\u00f3 Itaka-Escolapios\"},\"image\":{\"@id\":\"https:\\\/\\\/www.itakaescolapios.org\\\/fr\\\/es\\\/#\\\/schema\\\/logo\\\/image\\\/\"}},{\"@type\":\"Person\",\"@id\":\"https:\\\/\\\/www.itakaescolapios.org\\\/es\\\/#\\\/schema\\\/person\\\/d2844383e29bfdfef69039672ce14eb1\",\"name\":\"cameroun01\",\"url\":\"https:\\\/\\\/www.itakaescolapios.org\\\/fr\\\/author\\\/cameroun01\\\/\"}]}<\/script>\n<!-- \/ Yoast SEO plugin. -->","yoast_head_json":{"title":"Lancement officiel du Mouvement Calasanz en Bafia.","description":"Mercredi 12 d\u00e9cembre dernier, dans notre pr\u00e9sence Piariste de Bafia, nous avons d\u00e9marr\u00e9 les activit\u00e9s du Mouvement Calasanz. Dans une ambiance festive avec les touts petit de notre complexe scolaire Calasanz, les enseignants ont pr\u00e9sent\u00e9 avec beaucoup d'humour les diff\u00e9rents ateliers pris en charge par le processus d'accompagnement du MC. [gallery ids=\"26115,26116,26114,26113,26112,26111\"]","robots":{"index":"index","follow":"follow","max-snippet":"max-snippet:-1","max-image-preview":"max-image-preview:large","max-video-preview":"max-video-preview:-1"},"canonical":"Mercredi 12 d\u00e9cembre dernier, dans notre pr\u00e9sence Piariste de Bafia, nous avons d\u00e9marr\u00e9 les activit\u00e9s du Mouvement Calasanz. Dans une ambiance festive avec les touts petit de notre complexe scolaire Calasanz, les enseignants ont pr\u00e9sent\u00e9 avec beaucoup d'humour les diff\u00e9rents ateliers pris en charge par le processus d'accompagnement du MC. [gallery ids=\"26115,26116,26114,26113,26112,26111\"]","og_locale":"fr_FR","og_type":"article","og_title":"Lancement officiel du Mouvement Calasanz en Bafia.","og_description":"Mercredi 12 d\u00e9cembre dernier, dans notre pr\u00e9sence Piariste de Bafia, nous avons d\u00e9marr\u00e9 les activit\u00e9s du Mouvement Calasanz. Dans une ambiance festive avec les touts petit de notre complexe scolaire Calasanz, les enseignants ont pr\u00e9sent\u00e9 avec beaucoup d'humour les diff\u00e9rents ateliers pris en charge par le processus d'accompagnement du MC. [gallery ids=\"26115,26116,26114,26113,26112,26111\"]","og_url":"https:\/\/www.itakaescolapios.org\/fr\/2018\/12\/inicio-oficial-del-movimiento-calasanz-en-bafia\/","og_site_name":"Itaka-Escolapios","article_published_time":"2018-12-17T13:16:06+00:00","article_modified_time":"2023-11-28T11:37:05+00:00","og_image":[{"width":960,"height":540,"url":"https:\/\/www.itakaescolapios.org\/wp-content\/uploads\/2018\/12\/181212-Lancement-MC-Bafia-01.jpg","type":"image\/jpeg"}],"author":"cameroun01","twitter_card":"summary_large_image","twitter_misc":{"\u00c9crit par":"cameroun01"},"schema":{"@context":"https:\/\/schema.org","@graph":[{"@type":"Article","@id":"https:\/\/www.itakaescolapios.org\/fr\/2018\/12\/inicio-oficial-del-movimiento-calasanz-en-bafia\/#article","isPartOf":{"@id":"https:\/\/www.itakaescolapios.org\/fr\/2018\/12\/inicio-oficial-del-movimiento-calasanz-en-bafia\/"},"author":{"name":"cameroun01","@id":"https:\/\/www.itakaescolapios.org\/es\/#\/schema\/person\/d2844383e29bfdfef69039672ce14eb1"},"headline":"Lancement officiel du Mouvement Calasanz en Bafia.","datePublished":"2018-12-17T13:16:06+00:00","dateModified":"2023-11-28T11:37:05+00:00","mainEntityOfPage":{"@id":"https:\/\/www.itakaescolapios.org\/fr\/2018\/12\/inicio-oficial-del-movimiento-calasanz-en-bafia\/"},"wordCount":58,"publisher":{"@id":"https:\/\/www.itakaescolapios.org\/es\/#organization"},"image":{"@id":"https:\/\/www.itakaescolapios.org\/fr\/2018\/12\/inicio-oficial-del-movimiento-calasanz-en-bafia\/#primaryimage"},"thumbnailUrl":"https:\/\/www.itakaescolapios.org\/wp-content\/uploads\/2018\/12\/181212-Lancement-MC-Bafia-01.jpg","articleSection":["Cameroun"],"inLanguage":"fr-FR"},{"@type":"WebPage","@id":"https:\/\/www.itakaescolapios.org\/fr\/2018\/12\/inicio-oficial-del-movimiento-calasanz-en-bafia\/","url":"https:\/\/www.itakaescolapios.org\/fr\/2018\/12\/inicio-oficial-del-movimiento-calasanz-en-bafia\/","name":"Inicio oficial del Movimiento Calasanz en Bafia - Itaka-Escolapios","isPartOf":{"@id":"https:\/\/www.itakaescolapios.org\/es\/#website"},"primaryImageOfPage":{"@id":"https:\/\/www.itakaescolapios.org\/fr\/2018\/12\/inicio-oficial-del-movimiento-calasanz-en-bafia\/#primaryimage"},"image":{"@id":"https:\/\/www.itakaescolapios.org\/fr\/2018\/12\/inicio-oficial-del-movimiento-calasanz-en-bafia\/#primaryimage"},"thumbnailUrl":"https:\/\/www.itakaescolapios.org\/wp-content\/uploads\/2018\/12\/181212-Lancement-MC-Bafia-01.jpg","datePublished":"2018-12-17T13:16:06+00:00","dateModified":"2023-11-28T11:37:05+00:00","breadcrumb":{"@id":"https:\/\/www.itakaescolapios.org\/fr\/2018\/12\/inicio-oficial-del-movimiento-calasanz-en-bafia\/#breadcrumb"},"inLanguage":"fr-FR","potentialAction":[{"@type":"ReadAction","target":["https:\/\/www.itakaescolapios.org\/fr\/2018\/12\/inicio-oficial-del-movimiento-calasanz-en-bafia\/"]}]},{"@type":"ImageObject","inLanguage":"fr-FR","@id":"https:\/\/www.itakaescolapios.org\/fr\/2018\/12\/inicio-oficial-del-movimiento-calasanz-en-bafia\/#primaryimage","url":"https:\/\/www.itakaescolapios.org\/wp-content\/uploads\/2018\/12\/181212-Lancement-MC-Bafia-01.jpg","contentUrl":"https:\/\/www.itakaescolapios.org\/wp-content\/uploads\/2018\/12\/181212-Lancement-MC-Bafia-01.jpg","width":960,"height":540},{"@type":"BreadcrumbList","@id":"https:\/\/www.itakaescolapios.org\/fr\/2018\/12\/inicio-oficial-del-movimiento-calasanz-en-bafia\/#breadcrumb","itemListElement":[{"@type":"ListItem","position":1,"name":"Itaka-Escolapios","item":"https:\/\/www.itakaescolapios.org\/es\/"},{"@type":"ListItem","position":2,"name":"Lancement officiel du Mouvement Calasanz en Bafia."}]},{"@type":"WebSite","@id":"https:\/\/www.itakaescolapios.org\/fr\/es\/#website","url":"https:\/\/www.itakaescolapios.org\/fr\/es\/","name":"Itaka-Escolapios","description":"Red de Itaka-Escolapios","publisher":{"@id":"https:\/\/www.itakaescolapios.org\/fr\/es\/#organization"},"potentialAction":[{"@type":"SearchAction","target":{"@type":"EntryPoint","urlTemplate":"https:\/\/www.itakaescolapios.org\/fr\/es\/?s={search_term_string}"},"query-input":{"@type":"PropertyValueSpecification","valueRequired":true,"valueName":"search_term_string"}}],"inLanguage":"fr-FR"},{"@type":"Organization","@id":"https:\/\/www.itakaescolapios.org\/fr\/es\/#organization","name":"Fundaci\u00f3 Itaka-Escolapios","url":"https:\/\/www.itakaescolapios.org\/fr\/es\/","logo":{"@type":"ImageObject","inLanguage":"fr-FR","@id":"https:\/\/www.itakaescolapios.org\/fr\/es\/#\/schema\/logo\/image\/","url":"https:\/\/www.itakaescolapios.org\/wp-content\/uploads\/2024\/04\/Logo-itakaescolapios-peque.png","contentUrl":"https:\/\/www.itakaescolapios.org\/wp-content\/uploads\/2024\/04\/Logo-itakaescolapios-peque.png","width":500,"height":199,"caption":"Fundaci\u00f3 Itaka-Escolapios"},"image":{"@id":"https:\/\/www.itakaescolapios.org\/fr\/es\/#\/schema\/logo\/image\/"}},{"@type":"Person","@id":"https:\/\/www.itakaescolapios.org\/es\/#\/schema\/person\/d2844383e29bfdfef69039672ce14eb1","name":"cameroun01","url":"https:\/\/www.itakaescolapios.org\/fr\/author\/cameroun01\/"}]}},"_links":{"self":[{"href":"https:\/\/www.itakaescolapios.org\/fr\/wp-json\/wp\/v2\/posts\/26109","targetHints":{"allow":["GET"]}}],"collection":[{"href":"https:\/\/www.itakaescolapios.org\/fr\/wp-json\/wp\/v2\/posts"}],"about":[{"href":"https:\/\/www.itakaescolapios.org\/fr\/wp-json\/wp\/v2\/types\/post"}],"author":[{"embeddable":true,"href":"https:\/\/www.itakaescolapios.org\/fr\/wp-json\/wp\/v2\/users\/15"}],"replies":[{"embeddable":true,"href":"https:\/\/www.itakaescolapios.org\/fr\/wp-json\/wp\/v2\/comments?post=26109"}],"version-history":[{"count":3,"href":"https:\/\/www.itakaescolapios.org\/fr\/wp-json\/wp\/v2\/posts\/26109\/revisions"}],"predecessor-version":[{"id":46048,"href":"https:\/\/www.itakaescolapios.org\/fr\/wp-json\/wp\/v2\/posts\/26109\/revisions\/46048"}],"wp:featuredmedia":[{"embeddable":true,"href":"https:\/\/www.itakaescolapios.org\/fr\/wp-json\/wp\/v2\/media\/26110"}],"wp:attachment":[{"href":"https:\/\/www.itakaescolapios.org\/fr\/wp-json\/wp\/v2\/media?parent=26109"}],"wp:term":[{"taxonomy":"category","embeddable":true,"href":"https:\/\/www.itakaescolapios.org\/fr\/wp-json\/wp\/v2\/categories?post=26109"},{"taxonomy":"post_tag","embeddable":true,"href":"https:\/\/www.itakaescolapios.org\/fr\/wp-json\/wp\/v2\/tags?post=26109"}],"curies":[{"name":"wp","href":"https:\/\/api.w.org\/{rel}","templated":true}]}}